{"id":20246,"date":"2024-01-03T15:51:14","date_gmt":"2024-01-03T18:51:14","guid":{"rendered":"http:\/\/diarioprincipios.com\/?p=20246"},"modified":"2024-01-03T15:51:17","modified_gmt":"2024-01-03T18:51:17","slug":"mussi-visito-la-plaza-heroes-de-malvinas-que-fue-remodelada","status":"publish","type":"post","link":"https:\/\/diarioprincipios.com\/index.php\/2024\/01\/03\/mussi-visito-la-plaza-heroes-de-malvinas-que-fue-remodelada\/","title":{"rendered":"Mussi visit\u00f3 la Plaza H\u00e9roes de Malvinas, que fue remodelada"},"content":{"rendered":"\n<p><strong>El intendente de Berazategui, Juan Jos\u00e9 Mussi, recorri\u00f3 las obras de puesta en valor de la Plaza H\u00e9roes de Malvinas, en el barrio Villa Los Quilmes. Lo acompa\u00f1aron los vecinos y vecinas de la zona, quienes le agradecieron por las mejoras que se realizaron para que pueda disfrutar la comunidad.<\/strong><\/p>\n\n\n\n<figure class=\"wp-block-image size-large\"><img loading=\"lazy\" decoding=\"async\" width=\"1024\" height=\"683\" src=\"https:\/\/diarioprincipios.com\/wp-content\/uploads\/2024\/01\/MUSSI-VISITO-LA-PLAZA-HEROES-DE-MALVINAS-QUE-FUE-REMODELADA-4-1024x683.jpg\" alt=\"\" class=\"wp-image-20247\" srcset=\"https:\/\/diarioprincipios.com\/wp-content\/uploads\/2024\/01\/MUSSI-VISITO-LA-PLAZA-HEROES-DE-MALVINAS-QUE-FUE-REMODELADA-4-1024x683.jpg 1024w, https:\/\/diarioprincipios.com\/wp-content\/uploads\/2024\/01\/MUSSI-VISITO-LA-PLAZA-HEROES-DE-MALVINAS-QUE-FUE-REMODELADA-4-300x200.jpg 300w, https:\/\/diarioprincipios.com\/wp-content\/uploads\/2024\/01\/MUSSI-VISITO-LA-PLAZA-HEROES-DE-MALVINAS-QUE-FUE-REMODELADA-4-768x512.jpg 768w, https:\/\/diarioprincipios.com\/wp-content\/uploads\/2024\/01\/MUSSI-VISITO-LA-PLAZA-HEROES-DE-MALVINAS-QUE-FUE-REMODELADA-4-1536x1024.jpg 1536w, https:\/\/diarioprincipios.com\/wp-content\/uploads\/2024\/01\/MUSSI-VISITO-LA-PLAZA-HEROES-DE-MALVINAS-QUE-FUE-REMODELADA-4.jpg 1920w\" sizes=\"auto, (max-width: 1024px) 100vw, 1024px\" \/><\/figure>\n\n\n\n<p>All\u00ed se hicieron trabajos de puesta en valor del espacio p\u00fablico, con la construcci\u00f3n de un templete, la instalaci\u00f3n de columnas con luminarias led, juegos infantiles nuevos, aparatos para hacer gimnasia, mesas con bancos y senderos. Adem\u00e1s, se realizaron trabajos de pintura y parquizaci\u00f3n. Estas obras fueron financiadas \u00edntegramente con fondos de la Municipalidad de Berazategui y permitir\u00e1n mejorar la calidad de vida de los ciudadanos.<\/p>\n\n\n\n<figure class=\"wp-block-image size-large\"><img loading=\"lazy\" decoding=\"async\" width=\"1024\" height=\"683\" src=\"https:\/\/diarioprincipios.com\/wp-content\/uploads\/2024\/01\/MUSSI-VISITO-LA-PLAZA-HEROES-DE-MALVINAS-QUE-FUE-REMODELADA-3-1024x683.jpg\" alt=\"\" class=\"wp-image-20248\" srcset=\"https:\/\/diarioprincipios.com\/wp-content\/uploads\/2024\/01\/MUSSI-VISITO-LA-PLAZA-HEROES-DE-MALVINAS-QUE-FUE-REMODELADA-3-1024x683.jpg 1024w, https:\/\/diarioprincipios.com\/wp-content\/uploads\/2024\/01\/MUSSI-VISITO-LA-PLAZA-HEROES-DE-MALVINAS-QUE-FUE-REMODELADA-3-300x200.jpg 300w, https:\/\/diarioprincipios.com\/wp-content\/uploads\/2024\/01\/MUSSI-VISITO-LA-PLAZA-HEROES-DE-MALVINAS-QUE-FUE-REMODELADA-3-768x512.jpg 768w, https:\/\/diarioprincipios.com\/wp-content\/uploads\/2024\/01\/MUSSI-VISITO-LA-PLAZA-HEROES-DE-MALVINAS-QUE-FUE-REMODELADA-3-1536x1024.jpg 1536w, https:\/\/diarioprincipios.com\/wp-content\/uploads\/2024\/01\/MUSSI-VISITO-LA-PLAZA-HEROES-DE-MALVINAS-QUE-FUE-REMODELADA-3.jpg 1920w\" sizes=\"auto, (max-width: 1024px) 100vw, 1024px\" \/><\/figure>\n\n\n\n<p>Tras disfrutar de un show musical a cargo de la Agrupaci\u00f3n J\u00f3venes Musiqueros y descubrir un cartel que destaca el nombre de la Plaza, el Intendente agradeci\u00f3 a los vecinos, vecinas y representantes de instituciones locales y organizaciones: \u201cAqu\u00ed se colocaron juegos y luminarias para hacer de este lugar de encuentro, algo necesario para los argentinos. Queremos estar siempre al lado de los vecinos y de los que hicieron Patria, que dieron su vida por la Argentina\u201d.<\/p>\n\n\n\n<figure class=\"wp-block-image size-large\"><img loading=\"lazy\" decoding=\"async\" width=\"1024\" height=\"683\" src=\"https:\/\/diarioprincipios.com\/wp-content\/uploads\/2024\/01\/MUSSI-VISITO-LA-PLAZA-HEROES-DE-MALVINAS-QUE-FUE-REMODELADA-1-1024x683.jpg\" alt=\"\" class=\"wp-image-20249\" srcset=\"https:\/\/diarioprincipios.com\/wp-content\/uploads\/2024\/01\/MUSSI-VISITO-LA-PLAZA-HEROES-DE-MALVINAS-QUE-FUE-REMODELADA-1-1024x683.jpg 1024w, https:\/\/diarioprincipios.com\/wp-content\/uploads\/2024\/01\/MUSSI-VISITO-LA-PLAZA-HEROES-DE-MALVINAS-QUE-FUE-REMODELADA-1-300x200.jpg 300w, https:\/\/diarioprincipios.com\/wp-content\/uploads\/2024\/01\/MUSSI-VISITO-LA-PLAZA-HEROES-DE-MALVINAS-QUE-FUE-REMODELADA-1-768x512.jpg 768w, https:\/\/diarioprincipios.com\/wp-content\/uploads\/2024\/01\/MUSSI-VISITO-LA-PLAZA-HEROES-DE-MALVINAS-QUE-FUE-REMODELADA-1-1536x1024.jpg 1536w, https:\/\/diarioprincipios.com\/wp-content\/uploads\/2024\/01\/MUSSI-VISITO-LA-PLAZA-HEROES-DE-MALVINAS-QUE-FUE-REMODELADA-1.jpg 1920w\" sizes=\"auto, (max-width: 1024px) 100vw, 1024px\" \/><\/figure>\n\n\n\n<p>Por su parte, el vecino Juan Carlos Santarelli -presidente de la Sociedad de Fomento Barrio Villa Los Quilmes- expres\u00f3: \u201cLa Plaza H\u00e9roes de Malvinas fue reinaugurada gracias a la ayuda de la Municipalidad. Se ha mejorado much\u00edsimo y los vecinos est\u00e1n muy agradecidos. El intendente Mussi siempre est\u00e1 presente en estas obras\u201d.<\/p>\n","protected":false},"excerpt":{"rendered":"<p>El intendente de Berazategui, Juan Jos\u00e9 Mussi, recorri\u00f3 las obras de puesta en valor de la Plaza H\u00e9roes de Malvinas, en el barrio Villa Los Quilmes. Lo acompa\u00f1aron los vecinos y vecinas de la zona, quienes le agradecieron por las mejoras que se realizaron para que pueda disfrutar la comunidad. All\u00ed se hicieron trabajos de&#8230;<\/p>\n","protected":false},"author":2,"featured_media":20250,"comment_status":"open","ping_status":"open","sticky":false,"template":"","format":"standard","meta":{"footnotes":""},"categories":[3],"tags":[],"class_list":["post-20246","post","type-post","status-publish","format-standard","has-post-thumbnail","hentry","category-berazategui"],"featured_image_src":"https:\/\/diarioprincipios.com\/wp-content\/uploads\/2024\/01\/MUSSI-VISITO-LA-PLAZA-HEROES-DE-MALVINAS-QUE-FUE-REMODELADA-2-1024x683.jpg","blog_images":{"medium":"https:\/\/diarioprincipios.com\/wp-content\/uploads\/2024\/01\/MUSSI-VISITO-LA-PLAZA-HEROES-DE-MALVINAS-QUE-FUE-REMODELADA-2-300x200.jpg","large":"https:\/\/diarioprincipios.com\/wp-content\/uploads\/2024\/01\/MUSSI-VISITO-LA-PLAZA-HEROES-DE-MALVINAS-QUE-FUE-REMODELADA-2-1024x683.jpg"},"ams_acf":[],"yoast_head":"<!-- This site is optimized with the Yoast SEO plugin v27.3 - https:\/\/yoast.com\/product\/yoast-seo-wordpress\/ -->\n<title>Mussi visit\u00f3 la Plaza H\u00e9roes de Malvinas, que fue remodelada - Principios<\/title>\n<meta name=\"robots\" content=\"index, follow, max-snippet:-1, max-image-preview:large, max-video-preview:-1\" \/>\n<link rel=\"canonical\" href=\"https:\/\/diarioprincipios.com\/index.php\/2024\/01\/03\/mussi-visito-la-plaza-heroes-de-malvinas-que-fue-remodelada\/\" \/>\n<meta property=\"og:locale\" content=\"es_ES\" \/>\n<meta property=\"og:type\" content=\"article\" \/>\n<meta property=\"og:title\" content=\"Mussi visit\u00f3 la Plaza H\u00e9roes de Malvinas, que fue remodelada - Principios\" \/>\n<meta property=\"og:description\" content=\"El intendente de Berazategui, Juan Jos\u00e9 Mussi, recorri\u00f3 las obras de puesta en valor de la Plaza H\u00e9roes de Malvinas, en el barrio Villa Los Quilmes. Lo acompa\u00f1aron los vecinos y vecinas de la zona, quienes le agradecieron por las mejoras que se realizaron para que pueda disfrutar la comunidad. All\u00ed se hicieron trabajos de...\" \/>\n<meta property=\"og:url\" content=\"https:\/\/diarioprincipios.com\/index.php\/2024\/01\/03\/mussi-visito-la-plaza-heroes-de-malvinas-que-fue-remodelada\/\" \/>\n<meta property=\"og:site_name\" content=\"Principios\" \/>\n<meta property=\"article:published_time\" content=\"2024-01-03T18:51:14+00:00\" \/>\n<meta property=\"article:modified_time\" content=\"2024-01-03T18:51:17+00:00\" \/>\n<meta property=\"og:image\" content=\"https:\/\/diarioprincipios.com\/wp-content\/uploads\/2024\/01\/MUSSI-VISITO-LA-PLAZA-HEROES-DE-MALVINAS-QUE-FUE-REMODELADA-2.jpg\" \/>\n\t<meta property=\"og:image:width\" content=\"1920\" \/>\n\t<meta property=\"og:image:height\" content=\"1280\" \/>\n\t<meta property=\"og:image:type\" content=\"image\/jpeg\" \/>\n<meta name=\"author\" content=\"Hern\u00e1n L\u00f3pez\" \/>\n<meta name=\"twitter:card\" content=\"summary_large_image\" \/>\n<meta name=\"twitter:label1\" content=\"Escrito por\" \/>\n\t<meta name=\"twitter:data1\" content=\"Hern\u00e1n L\u00f3pez\" \/>\n\t<meta name=\"twitter:label2\" content=\"Tiempo de lectura\" \/>\n\t<meta name=\"twitter:data2\" content=\"2 minutos\" \/>\n<script type=\"application\/ld+json\" class=\"yoast-schema-graph\">{\"@context\":\"https:\\\/\\\/schema.org\",\"@graph\":[{\"@type\":\"Article\",\"@id\":\"https:\\\/\\\/diarioprincipios.com\\\/index.php\\\/2024\\\/01\\\/03\\\/mussi-visito-la-plaza-heroes-de-malvinas-que-fue-remodelada\\\/#article\",\"isPartOf\":{\"@id\":\"https:\\\/\\\/diarioprincipios.com\\\/index.php\\\/2024\\\/01\\\/03\\\/mussi-visito-la-plaza-heroes-de-malvinas-que-fue-remodelada\\\/\"},\"author\":{\"name\":\"Hern\u00e1n L\u00f3pez\",\"@id\":\"https:\\\/\\\/diarioprincipios.com\\\/#\\\/schema\\\/person\\\/436d5a1fd41a5e250e23ff5a6a7cb080\"},\"headline\":\"Mussi visit\u00f3 la Plaza H\u00e9roes de Malvinas, que fue remodelada\",\"datePublished\":\"2024-01-03T18:51:14+00:00\",\"dateModified\":\"2024-01-03T18:51:17+00:00\",\"mainEntityOfPage\":{\"@id\":\"https:\\\/\\\/diarioprincipios.com\\\/index.php\\\/2024\\\/01\\\/03\\\/mussi-visito-la-plaza-heroes-de-malvinas-que-fue-remodelada\\\/\"},\"wordCount\":269,\"commentCount\":0,\"publisher\":{\"@id\":\"https:\\\/\\\/diarioprincipios.com\\\/#organization\"},\"image\":{\"@id\":\"https:\\\/\\\/diarioprincipios.com\\\/index.php\\\/2024\\\/01\\\/03\\\/mussi-visito-la-plaza-heroes-de-malvinas-que-fue-remodelada\\\/#primaryimage\"},\"thumbnailUrl\":\"https:\\\/\\\/diarioprincipios.com\\\/wp-content\\\/uploads\\\/2024\\\/01\\\/MUSSI-VISITO-LA-PLAZA-HEROES-DE-MALVINAS-QUE-FUE-REMODELADA-2.jpg\",\"articleSection\":[\"Berazategui\"],\"inLanguage\":\"es\",\"potentialAction\":[{\"@type\":\"CommentAction\",\"name\":\"Comment\",\"target\":[\"https:\\\/\\\/diarioprincipios.com\\\/index.php\\\/2024\\\/01\\\/03\\\/mussi-visito-la-plaza-heroes-de-malvinas-que-fue-remodelada\\\/#respond\"]}]},{\"@type\":\"WebPage\",\"@id\":\"https:\\\/\\\/diarioprincipios.com\\\/index.php\\\/2024\\\/01\\\/03\\\/mussi-visito-la-plaza-heroes-de-malvinas-que-fue-remodelada\\\/\",\"url\":\"https:\\\/\\\/diarioprincipios.com\\\/index.php\\\/2024\\\/01\\\/03\\\/mussi-visito-la-plaza-heroes-de-malvinas-que-fue-remodelada\\\/\",\"name\":\"Mussi visit\u00f3 la Plaza H\u00e9roes de Malvinas, que fue remodelada - Principios\",\"isPartOf\":{\"@id\":\"https:\\\/\\\/diarioprincipios.com\\\/#website\"},\"primaryImageOfPage\":{\"@id\":\"https:\\\/\\\/diarioprincipios.com\\\/index.php\\\/2024\\\/01\\\/03\\\/mussi-visito-la-plaza-heroes-de-malvinas-que-fue-remodelada\\\/#primaryimage\"},\"image\":{\"@id\":\"https:\\\/\\\/diarioprincipios.com\\\/index.php\\\/2024\\\/01\\\/03\\\/mussi-visito-la-plaza-heroes-de-malvinas-que-fue-remodelada\\\/#primaryimage\"},\"thumbnailUrl\":\"https:\\\/\\\/diarioprincipios.com\\\/wp-content\\\/uploads\\\/2024\\\/01\\\/MUSSI-VISITO-LA-PLAZA-HEROES-DE-MALVINAS-QUE-FUE-REMODELADA-2.jpg\",\"datePublished\":\"2024-01-03T18:51:14+00:00\",\"dateModified\":\"2024-01-03T18:51:17+00:00\",\"breadcrumb\":{\"@id\":\"https:\\\/\\\/diarioprincipios.com\\\/index.php\\\/2024\\\/01\\\/03\\\/mussi-visito-la-plaza-heroes-de-malvinas-que-fue-remodelada\\\/#breadcrumb\"},\"inLanguage\":\"es\",\"potentialAction\":[{\"@type\":\"ReadAction\",\"target\":[\"https:\\\/\\\/diarioprincipios.com\\\/index.php\\\/2024\\\/01\\\/03\\\/mussi-visito-la-plaza-heroes-de-malvinas-que-fue-remodelada\\\/\"]}]},{\"@type\":\"ImageObject\",\"inLanguage\":\"es\",\"@id\":\"https:\\\/\\\/diarioprincipios.com\\\/index.php\\\/2024\\\/01\\\/03\\\/mussi-visito-la-plaza-heroes-de-malvinas-que-fue-remodelada\\\/#primaryimage\",\"url\":\"https:\\\/\\\/diarioprincipios.com\\\/wp-content\\\/uploads\\\/2024\\\/01\\\/MUSSI-VISITO-LA-PLAZA-HEROES-DE-MALVINAS-QUE-FUE-REMODELADA-2.jpg\",\"contentUrl\":\"https:\\\/\\\/diarioprincipios.com\\\/wp-content\\\/uploads\\\/2024\\\/01\\\/MUSSI-VISITO-LA-PLAZA-HEROES-DE-MALVINAS-QUE-FUE-REMODELADA-2.jpg\",\"width\":1920,\"height\":1280},{\"@type\":\"BreadcrumbList\",\"@id\":\"https:\\\/\\\/diarioprincipios.com\\\/index.php\\\/2024\\\/01\\\/03\\\/mussi-visito-la-plaza-heroes-de-malvinas-que-fue-remodelada\\\/#breadcrumb\",\"itemListElement\":[{\"@type\":\"ListItem\",\"position\":1,\"name\":\"Portada\",\"item\":\"https:\\\/\\\/diarioprincipios.com\\\/\"},{\"@type\":\"ListItem\",\"position\":2,\"name\":\"Mussi visit\u00f3 la Plaza H\u00e9roes de Malvinas, que fue remodelada\"}]},{\"@type\":\"WebSite\",\"@id\":\"https:\\\/\\\/diarioprincipios.com\\\/#website\",\"url\":\"https:\\\/\\\/diarioprincipios.com\\\/\",\"name\":\"Principios\",\"description\":\"Principios Diario\",\"publisher\":{\"@id\":\"https:\\\/\\\/diarioprincipios.com\\\/#organization\"},\"potentialAction\":[{\"@type\":\"SearchAction\",\"target\":{\"@type\":\"EntryPoint\",\"urlTemplate\":\"https:\\\/\\\/diarioprincipios.com\\\/?s={search_term_string}\"},\"query-input\":{\"@type\":\"PropertyValueSpecification\",\"valueRequired\":true,\"valueName\":\"search_term_string\"}}],\"inLanguage\":\"es\"},{\"@type\":\"Organization\",\"@id\":\"https:\\\/\\\/diarioprincipios.com\\\/#organization\",\"name\":\"Principios\",\"url\":\"https:\\\/\\\/diarioprincipios.com\\\/\",\"logo\":{\"@type\":\"ImageObject\",\"inLanguage\":\"es\",\"@id\":\"https:\\\/\\\/diarioprincipios.com\\\/#\\\/schema\\\/logo\\\/image\\\/\",\"url\":\"https:\\\/\\\/diarioprincipios.com\\\/wp-content\\\/uploads\\\/2024\\\/04\\\/cropped-www.diarioprincipios.com_-1.png\",\"contentUrl\":\"https:\\\/\\\/diarioprincipios.com\\\/wp-content\\\/uploads\\\/2024\\\/04\\\/cropped-www.diarioprincipios.com_-1.png\",\"width\":5325,\"height\":1454,\"caption\":\"Principios\"},\"image\":{\"@id\":\"https:\\\/\\\/diarioprincipios.com\\\/#\\\/schema\\\/logo\\\/image\\\/\"}},{\"@type\":\"Person\",\"@id\":\"https:\\\/\\\/diarioprincipios.com\\\/#\\\/schema\\\/person\\\/436d5a1fd41a5e250e23ff5a6a7cb080\",\"name\":\"Hern\u00e1n L\u00f3pez\",\"image\":{\"@type\":\"ImageObject\",\"inLanguage\":\"es\",\"@id\":\"https:\\\/\\\/diarioprincipios.com\\\/wp-content\\\/litespeed\\\/avatar\\\/11ddfe5610ff3bd100522525b2571f48.jpg?ver=1777048341\",\"url\":\"https:\\\/\\\/diarioprincipios.com\\\/wp-content\\\/litespeed\\\/avatar\\\/11ddfe5610ff3bd100522525b2571f48.jpg?ver=1777048341\",\"contentUrl\":\"https:\\\/\\\/diarioprincipios.com\\\/wp-content\\\/litespeed\\\/avatar\\\/11ddfe5610ff3bd100522525b2571f48.jpg?ver=1777048341\",\"caption\":\"Hern\u00e1n L\u00f3pez\"},\"url\":\"https:\\\/\\\/diarioprincipios.com\\\/index.php\\\/author\\\/hernan\\\/\"}]}<\/script>\n<!-- \/ Yoast SEO plugin. -->","yoast_head_json":{"title":"Mussi visit\u00f3 la Plaza H\u00e9roes de Malvinas, que fue remodelada - Principios","robots":{"index":"index","follow":"follow","max-snippet":"max-snippet:-1","max-image-preview":"max-image-preview:large","max-video-preview":"max-video-preview:-1"},"canonical":"https:\/\/diarioprincipios.com\/index.php\/2024\/01\/03\/mussi-visito-la-plaza-heroes-de-malvinas-que-fue-remodelada\/","og_locale":"es_ES","og_type":"article","og_title":"Mussi visit\u00f3 la Plaza H\u00e9roes de Malvinas, que fue remodelada - Principios","og_description":"El intendente de Berazategui, Juan Jos\u00e9 Mussi, recorri\u00f3 las obras de puesta en valor de la Plaza H\u00e9roes de Malvinas, en el barrio Villa Los Quilmes. Lo acompa\u00f1aron los vecinos y vecinas de la zona, quienes le agradecieron por las mejoras que se realizaron para que pueda disfrutar la comunidad. All\u00ed se hicieron trabajos de...","og_url":"https:\/\/diarioprincipios.com\/index.php\/2024\/01\/03\/mussi-visito-la-plaza-heroes-de-malvinas-que-fue-remodelada\/","og_site_name":"Principios","article_published_time":"2024-01-03T18:51:14+00:00","article_modified_time":"2024-01-03T18:51:17+00:00","og_image":[{"width":1920,"height":1280,"url":"https:\/\/diarioprincipios.com\/wp-content\/uploads\/2024\/01\/MUSSI-VISITO-LA-PLAZA-HEROES-DE-MALVINAS-QUE-FUE-REMODELADA-2.jpg","type":"image\/jpeg"}],"author":"Hern\u00e1n L\u00f3pez","twitter_card":"summary_large_image","twitter_misc":{"Escrito por":"Hern\u00e1n L\u00f3pez","Tiempo de lectura":"2 minutos"},"schema":{"@context":"https:\/\/schema.org","@graph":[{"@type":"Article","@id":"https:\/\/diarioprincipios.com\/index.php\/2024\/01\/03\/mussi-visito-la-plaza-heroes-de-malvinas-que-fue-remodelada\/#article","isPartOf":{"@id":"https:\/\/diarioprincipios.com\/index.php\/2024\/01\/03\/mussi-visito-la-plaza-heroes-de-malvinas-que-fue-remodelada\/"},"author":{"name":"Hern\u00e1n L\u00f3pez","@id":"https:\/\/diarioprincipios.com\/#\/schema\/person\/436d5a1fd41a5e250e23ff5a6a7cb080"},"headline":"Mussi visit\u00f3 la Plaza H\u00e9roes de Malvinas, que fue remodelada","datePublished":"2024-01-03T18:51:14+00:00","dateModified":"2024-01-03T18:51:17+00:00","mainEntityOfPage":{"@id":"https:\/\/diarioprincipios.com\/index.php\/2024\/01\/03\/mussi-visito-la-plaza-heroes-de-malvinas-que-fue-remodelada\/"},"wordCount":269,"commentCount":0,"publisher":{"@id":"https:\/\/diarioprincipios.com\/#organization"},"image":{"@id":"https:\/\/diarioprincipios.com\/index.php\/2024\/01\/03\/mussi-visito-la-plaza-heroes-de-malvinas-que-fue-remodelada\/#primaryimage"},"thumbnailUrl":"https:\/\/diarioprincipios.com\/wp-content\/uploads\/2024\/01\/MUSSI-VISITO-LA-PLAZA-HEROES-DE-MALVINAS-QUE-FUE-REMODELADA-2.jpg","articleSection":["Berazategui"],"inLanguage":"es","potentialAction":[{"@type":"CommentAction","name":"Comment","target":["https:\/\/diarioprincipios.com\/index.php\/2024\/01\/03\/mussi-visito-la-plaza-heroes-de-malvinas-que-fue-remodelada\/#respond"]}]},{"@type":"WebPage","@id":"https:\/\/diarioprincipios.com\/index.php\/2024\/01\/03\/mussi-visito-la-plaza-heroes-de-malvinas-que-fue-remodelada\/","url":"https:\/\/diarioprincipios.com\/index.php\/2024\/01\/03\/mussi-visito-la-plaza-heroes-de-malvinas-que-fue-remodelada\/","name":"Mussi visit\u00f3 la Plaza H\u00e9roes de Malvinas, que fue remodelada - Principios","isPartOf":{"@id":"https:\/\/diarioprincipios.com\/#website"},"primaryImageOfPage":{"@id":"https:\/\/diarioprincipios.com\/index.php\/2024\/01\/03\/mussi-visito-la-plaza-heroes-de-malvinas-que-fue-remodelada\/#primaryimage"},"image":{"@id":"https:\/\/diarioprincipios.com\/index.php\/2024\/01\/03\/mussi-visito-la-plaza-heroes-de-malvinas-que-fue-remodelada\/#primaryimage"},"thumbnailUrl":"https:\/\/diarioprincipios.com\/wp-content\/uploads\/2024\/01\/MUSSI-VISITO-LA-PLAZA-HEROES-DE-MALVINAS-QUE-FUE-REMODELADA-2.jpg","datePublished":"2024-01-03T18:51:14+00:00","dateModified":"2024-01-03T18:51:17+00:00","breadcrumb":{"@id":"https:\/\/diarioprincipios.com\/index.php\/2024\/01\/03\/mussi-visito-la-plaza-heroes-de-malvinas-que-fue-remodelada\/#breadcrumb"},"inLanguage":"es","potentialAction":[{"@type":"ReadAction","target":["https:\/\/diarioprincipios.com\/index.php\/2024\/01\/03\/mussi-visito-la-plaza-heroes-de-malvinas-que-fue-remodelada\/"]}]},{"@type":"ImageObject","inLanguage":"es","@id":"https:\/\/diarioprincipios.com\/index.php\/2024\/01\/03\/mussi-visito-la-plaza-heroes-de-malvinas-que-fue-remodelada\/#primaryimage","url":"https:\/\/diarioprincipios.com\/wp-content\/uploads\/2024\/01\/MUSSI-VISITO-LA-PLAZA-HEROES-DE-MALVINAS-QUE-FUE-REMODELADA-2.jpg","contentUrl":"https:\/\/diarioprincipios.com\/wp-content\/uploads\/2024\/01\/MUSSI-VISITO-LA-PLAZA-HEROES-DE-MALVINAS-QUE-FUE-REMODELADA-2.jpg","width":1920,"height":1280},{"@type":"BreadcrumbList","@id":"https:\/\/diarioprincipios.com\/index.php\/2024\/01\/03\/mussi-visito-la-plaza-heroes-de-malvinas-que-fue-remodelada\/#breadcrumb","itemListElement":[{"@type":"ListItem","position":1,"name":"Portada","item":"https:\/\/diarioprincipios.com\/"},{"@type":"ListItem","position":2,"name":"Mussi visit\u00f3 la Plaza H\u00e9roes de Malvinas, que fue remodelada"}]},{"@type":"WebSite","@id":"https:\/\/diarioprincipios.com\/#website","url":"https:\/\/diarioprincipios.com\/","name":"Principios","description":"Principios Diario","publisher":{"@id":"https:\/\/diarioprincipios.com\/#organization"},"potentialAction":[{"@type":"SearchAction","target":{"@type":"EntryPoint","urlTemplate":"https:\/\/diarioprincipios.com\/?s={search_term_string}"},"query-input":{"@type":"PropertyValueSpecification","valueRequired":true,"valueName":"search_term_string"}}],"inLanguage":"es"},{"@type":"Organization","@id":"https:\/\/diarioprincipios.com\/#organization","name":"Principios","url":"https:\/\/diarioprincipios.com\/","logo":{"@type":"ImageObject","inLanguage":"es","@id":"https:\/\/diarioprincipios.com\/#\/schema\/logo\/image\/","url":"https:\/\/diarioprincipios.com\/wp-content\/uploads\/2024\/04\/cropped-www.diarioprincipios.com_-1.png","contentUrl":"https:\/\/diarioprincipios.com\/wp-content\/uploads\/2024\/04\/cropped-www.diarioprincipios.com_-1.png","width":5325,"height":1454,"caption":"Principios"},"image":{"@id":"https:\/\/diarioprincipios.com\/#\/schema\/logo\/image\/"}},{"@type":"Person","@id":"https:\/\/diarioprincipios.com\/#\/schema\/person\/436d5a1fd41a5e250e23ff5a6a7cb080","name":"Hern\u00e1n L\u00f3pez","image":{"@type":"ImageObject","inLanguage":"es","@id":"https:\/\/diarioprincipios.com\/wp-content\/litespeed\/avatar\/11ddfe5610ff3bd100522525b2571f48.jpg?ver=1777048341","url":"https:\/\/diarioprincipios.com\/wp-content\/litespeed\/avatar\/11ddfe5610ff3bd100522525b2571f48.jpg?ver=1777048341","contentUrl":"https:\/\/diarioprincipios.com\/wp-content\/litespeed\/avatar\/11ddfe5610ff3bd100522525b2571f48.jpg?ver=1777048341","caption":"Hern\u00e1n L\u00f3pez"},"url":"https:\/\/diarioprincipios.com\/index.php\/author\/hernan\/"}]}},"jetpack_featured_media_url":"https:\/\/diarioprincipios.com\/wp-content\/uploads\/2024\/01\/MUSSI-VISITO-LA-PLAZA-HEROES-DE-MALVINAS-QUE-FUE-REMODELADA-2.jpg","_links":{"self":[{"href":"https:\/\/diarioprincipios.com\/index.php\/wp-json\/wp\/v2\/posts\/20246","targetHints":{"allow":["GET"]}}],"collection":[{"href":"https:\/\/diarioprincipios.com\/index.php\/wp-json\/wp\/v2\/posts"}],"about":[{"href":"https:\/\/diarioprincipios.com\/index.php\/wp-json\/wp\/v2\/types\/post"}],"author":[{"embeddable":true,"href":"https:\/\/diarioprincipios.com\/index.php\/wp-json\/wp\/v2\/users\/2"}],"replies":[{"embeddable":true,"href":"https:\/\/diarioprincipios.com\/index.php\/wp-json\/wp\/v2\/comments?post=20246"}],"version-history":[{"count":1,"href":"https:\/\/diarioprincipios.com\/index.php\/wp-json\/wp\/v2\/posts\/20246\/revisions"}],"predecessor-version":[{"id":20251,"href":"https:\/\/diarioprincipios.com\/index.php\/wp-json\/wp\/v2\/posts\/20246\/revisions\/20251"}],"wp:featuredmedia":[{"embeddable":true,"href":"https:\/\/diarioprincipios.com\/index.php\/wp-json\/wp\/v2\/media\/20250"}],"wp:attachment":[{"href":"https:\/\/diarioprincipios.com\/index.php\/wp-json\/wp\/v2\/media?parent=20246"}],"wp:term":[{"taxonomy":"category","embeddable":true,"href":"https:\/\/diarioprincipios.com\/index.php\/wp-json\/wp\/v2\/categories?post=20246"},{"taxonomy":"post_tag","embeddable":true,"href":"https:\/\/diarioprincipios.com\/index.php\/wp-json\/wp\/v2\/tags?post=20246"}],"curies":[{"name":"wp","href":"https:\/\/api.w.org\/{rel}","templated":true}]}}