{"id":20229,"date":"2024-01-03T10:33:57","date_gmt":"2024-01-03T13:33:57","guid":{"rendered":"http:\/\/diarioprincipios.com\/?p=20229"},"modified":"2024-01-03T10:34:00","modified_gmt":"2024-01-03T13:34:00","slug":"la-red-de-salud-mental-acerca-acompanamiento-y-contencion-a-la-comunidad","status":"publish","type":"post","link":"https:\/\/diarioprincipios.com\/index.php\/2024\/01\/03\/la-red-de-salud-mental-acerca-acompanamiento-y-contencion-a-la-comunidad\/","title":{"rendered":"La Red de Salud Mental acerca acompa\u00f1amiento y contenci\u00f3n a la comunidad"},"content":{"rendered":"\n<p><strong>La Municipalidad de Berazategui sigue acercando a los vecinos y las vecinas atenci\u00f3n en salud mental, con una perspectiva cl\u00ednico-comunitaria. De esta manera, por iniciativa del intendente Juan Jos\u00e9 Mussi, se refuerza el acompa\u00f1amiento y la contenci\u00f3n a la comunidad en distintos puntos del distrito, a trav\u00e9s del trabajo en red.<\/strong><br>La Red de Salud Mental Comunitaria de la Municipalidad de Berazategui ofrece una respuesta efectiva, a trav\u00e9s de varias disciplinas: psicolog\u00eda, psicopedagog\u00eda, psiquiatr\u00eda, terapia ocupacional y trabajo social; y en tem\u00e1ticas vinculadas con g\u00e9nero, diversidad sexual, adolescencias, sexualidad responsable, violencias, inclusi\u00f3n de los usuarios en la comunidad, apoyo en problem\u00e1ticas de salud tales como fibromialgia y alimentaci\u00f3n saludable, detecci\u00f3n temprana de TEA, entre otras.<br>Al respecto, Nicol\u00e1s Maugeri -psic\u00f3logo de la Secretar\u00eda de Salud P\u00fablica e Higiene-, expres\u00f3: \u201cPartimos de la idea de que el Estado tiene un rol fundamental en el cuidado de las personas. En ese sentido, la salud mental es una parte important\u00edsima del bienestar de todos los sectores de la poblaci\u00f3n. Por eso, sostenemos este servicio para los vecinos y vecinas\u201d.<br>Para una primera recepci\u00f3n, los vecinos pueden consultar en el CAPS m\u00e1s cercano, personalmente o por tel\u00e9fono. En\u00a0<a href=\"http:\/\/berazategui.gob.ar\/salud\" target=\"_blank\" rel=\"noreferrer noopener\">Berazategui.gob.ar\/salud<\/a>\u00a0se puede conocer cu\u00e1les son.<br>A su vez, la Red cuenta con una l\u00ednea de primera escucha (para consultas que no cuenten con CAPS cercano al domicilio o tengan dificultad para dirigirse), a trav\u00e9s del 4356-9200 Int. 2048, los jueves de 8.00 a 13.00. Adem\u00e1s, pueden acercarse al Centro de Salud Mental Municipal Dr. Ram\u00f3n Carrillo (Av. 14 y 131), de lunes a viernes de 13.00 a 14.00, y dejar sus datos para ser contactados por un profesional.<\/p>\n","protected":false},"excerpt":{"rendered":"<p>La Municipalidad de Berazategui sigue acercando a los vecinos y las vecinas atenci\u00f3n en salud mental, con una perspectiva cl\u00ednico-comunitaria. De esta manera, por iniciativa del intendente Juan Jos\u00e9 Mussi, se refuerza el acompa\u00f1amiento y la contenci\u00f3n a la comunidad en distintos puntos del distrito, a trav\u00e9s del trabajo en red.La Red de Salud Mental&#8230;<\/p>\n","protected":false},"author":2,"featured_media":20230,"comment_status":"open","ping_status":"open","sticky":false,"template":"","format":"standard","meta":{"footnotes":""},"categories":[3],"tags":[],"class_list":["post-20229","post","type-post","status-publish","format-standard","has-post-thumbnail","hentry","category-berazategui"],"featured_image_src":"https:\/\/diarioprincipios.com\/wp-content\/uploads\/2024\/01\/LA-RED-DE-SALUD-MENTAL-ACERCA-ACOMPANAMIENTO-Y-CONTENCION-A-LA-COMUNIDAD-682x1024.jpg","blog_images":{"medium":"https:\/\/diarioprincipios.com\/wp-content\/uploads\/2024\/01\/LA-RED-DE-SALUD-MENTAL-ACERCA-ACOMPANAMIENTO-Y-CONTENCION-A-LA-COMUNIDAD-200x300.jpg","large":"https:\/\/diarioprincipios.com\/wp-content\/uploads\/2024\/01\/LA-RED-DE-SALUD-MENTAL-ACERCA-ACOMPANAMIENTO-Y-CONTENCION-A-LA-COMUNIDAD-682x1024.jpg"},"ams_acf":[],"yoast_head":"<!-- This site is optimized with the Yoast SEO plugin v27.3 - https:\/\/yoast.com\/product\/yoast-seo-wordpress\/ -->\n<title>La Red de Salud Mental acerca acompa\u00f1amiento y contenci\u00f3n a la comunidad - Principios<\/title>\n<meta name=\"robots\" content=\"index, follow, max-snippet:-1, max-image-preview:large, max-video-preview:-1\" \/>\n<link rel=\"canonical\" href=\"https:\/\/diarioprincipios.com\/index.php\/2024\/01\/03\/la-red-de-salud-mental-acerca-acompanamiento-y-contencion-a-la-comunidad\/\" \/>\n<meta property=\"og:locale\" content=\"es_ES\" \/>\n<meta property=\"og:type\" content=\"article\" \/>\n<meta property=\"og:title\" content=\"La Red de Salud Mental acerca acompa\u00f1amiento y contenci\u00f3n a la comunidad - Principios\" \/>\n<meta property=\"og:description\" content=\"La Municipalidad de Berazategui sigue acercando a los vecinos y las vecinas atenci\u00f3n en salud mental, con una perspectiva cl\u00ednico-comunitaria. De esta manera, por iniciativa del intendente Juan Jos\u00e9 Mussi, se refuerza el acompa\u00f1amiento y la contenci\u00f3n a la comunidad en distintos puntos del distrito, a trav\u00e9s del trabajo en red.La Red de Salud Mental...\" \/>\n<meta property=\"og:url\" content=\"https:\/\/diarioprincipios.com\/index.php\/2024\/01\/03\/la-red-de-salud-mental-acerca-acompanamiento-y-contencion-a-la-comunidad\/\" \/>\n<meta property=\"og:site_name\" content=\"Principios\" \/>\n<meta property=\"article:published_time\" content=\"2024-01-03T13:33:57+00:00\" \/>\n<meta property=\"article:modified_time\" content=\"2024-01-03T13:34:00+00:00\" \/>\n<meta property=\"og:image\" content=\"https:\/\/diarioprincipios.com\/wp-content\/uploads\/2024\/01\/LA-RED-DE-SALUD-MENTAL-ACERCA-ACOMPANAMIENTO-Y-CONTENCION-A-LA-COMUNIDAD.jpg\" \/>\n\t<meta property=\"og:image:width\" content=\"853\" \/>\n\t<meta property=\"og:image:height\" content=\"1280\" \/>\n\t<meta property=\"og:image:type\" content=\"image\/jpeg\" \/>\n<meta name=\"author\" content=\"Hern\u00e1n L\u00f3pez\" \/>\n<meta name=\"twitter:card\" content=\"summary_large_image\" \/>\n<meta name=\"twitter:label1\" content=\"Escrito por\" \/>\n\t<meta name=\"twitter:data1\" content=\"Hern\u00e1n L\u00f3pez\" \/>\n\t<meta name=\"twitter:label2\" content=\"Tiempo de lectura\" \/>\n\t<meta name=\"twitter:data2\" content=\"2 minutos\" \/>\n<script type=\"application\/ld+json\" class=\"yoast-schema-graph\">{\"@context\":\"https:\\\/\\\/schema.org\",\"@graph\":[{\"@type\":\"Article\",\"@id\":\"https:\\\/\\\/diarioprincipios.com\\\/index.php\\\/2024\\\/01\\\/03\\\/la-red-de-salud-mental-acerca-acompanamiento-y-contencion-a-la-comunidad\\\/#article\",\"isPartOf\":{\"@id\":\"https:\\\/\\\/diarioprincipios.com\\\/index.php\\\/2024\\\/01\\\/03\\\/la-red-de-salud-mental-acerca-acompanamiento-y-contencion-a-la-comunidad\\\/\"},\"author\":{\"name\":\"Hern\u00e1n L\u00f3pez\",\"@id\":\"https:\\\/\\\/diarioprincipios.com\\\/#\\\/schema\\\/person\\\/436d5a1fd41a5e250e23ff5a6a7cb080\"},\"headline\":\"La Red de Salud Mental acerca acompa\u00f1amiento y contenci\u00f3n a la comunidad\",\"datePublished\":\"2024-01-03T13:33:57+00:00\",\"dateModified\":\"2024-01-03T13:34:00+00:00\",\"mainEntityOfPage\":{\"@id\":\"https:\\\/\\\/diarioprincipios.com\\\/index.php\\\/2024\\\/01\\\/03\\\/la-red-de-salud-mental-acerca-acompanamiento-y-contencion-a-la-comunidad\\\/\"},\"wordCount\":312,\"commentCount\":0,\"publisher\":{\"@id\":\"https:\\\/\\\/diarioprincipios.com\\\/#organization\"},\"image\":{\"@id\":\"https:\\\/\\\/diarioprincipios.com\\\/index.php\\\/2024\\\/01\\\/03\\\/la-red-de-salud-mental-acerca-acompanamiento-y-contencion-a-la-comunidad\\\/#primaryimage\"},\"thumbnailUrl\":\"https:\\\/\\\/diarioprincipios.com\\\/wp-content\\\/uploads\\\/2024\\\/01\\\/LA-RED-DE-SALUD-MENTAL-ACERCA-ACOMPANAMIENTO-Y-CONTENCION-A-LA-COMUNIDAD.jpg\",\"articleSection\":[\"Berazategui\"],\"inLanguage\":\"es\",\"potentialAction\":[{\"@type\":\"CommentAction\",\"name\":\"Comment\",\"target\":[\"https:\\\/\\\/diarioprincipios.com\\\/index.php\\\/2024\\\/01\\\/03\\\/la-red-de-salud-mental-acerca-acompanamiento-y-contencion-a-la-comunidad\\\/#respond\"]}]},{\"@type\":\"WebPage\",\"@id\":\"https:\\\/\\\/diarioprincipios.com\\\/index.php\\\/2024\\\/01\\\/03\\\/la-red-de-salud-mental-acerca-acompanamiento-y-contencion-a-la-comunidad\\\/\",\"url\":\"https:\\\/\\\/diarioprincipios.com\\\/index.php\\\/2024\\\/01\\\/03\\\/la-red-de-salud-mental-acerca-acompanamiento-y-contencion-a-la-comunidad\\\/\",\"name\":\"La Red de Salud Mental acerca acompa\u00f1amiento y contenci\u00f3n a la comunidad - Principios\",\"isPartOf\":{\"@id\":\"https:\\\/\\\/diarioprincipios.com\\\/#website\"},\"primaryImageOfPage\":{\"@id\":\"https:\\\/\\\/diarioprincipios.com\\\/index.php\\\/2024\\\/01\\\/03\\\/la-red-de-salud-mental-acerca-acompanamiento-y-contencion-a-la-comunidad\\\/#primaryimage\"},\"image\":{\"@id\":\"https:\\\/\\\/diarioprincipios.com\\\/index.php\\\/2024\\\/01\\\/03\\\/la-red-de-salud-mental-acerca-acompanamiento-y-contencion-a-la-comunidad\\\/#primaryimage\"},\"thumbnailUrl\":\"https:\\\/\\\/diarioprincipios.com\\\/wp-content\\\/uploads\\\/2024\\\/01\\\/LA-RED-DE-SALUD-MENTAL-ACERCA-ACOMPANAMIENTO-Y-CONTENCION-A-LA-COMUNIDAD.jpg\",\"datePublished\":\"2024-01-03T13:33:57+00:00\",\"dateModified\":\"2024-01-03T13:34:00+00:00\",\"breadcrumb\":{\"@id\":\"https:\\\/\\\/diarioprincipios.com\\\/index.php\\\/2024\\\/01\\\/03\\\/la-red-de-salud-mental-acerca-acompanamiento-y-contencion-a-la-comunidad\\\/#breadcrumb\"},\"inLanguage\":\"es\",\"potentialAction\":[{\"@type\":\"ReadAction\",\"target\":[\"https:\\\/\\\/diarioprincipios.com\\\/index.php\\\/2024\\\/01\\\/03\\\/la-red-de-salud-mental-acerca-acompanamiento-y-contencion-a-la-comunidad\\\/\"]}]},{\"@type\":\"ImageObject\",\"inLanguage\":\"es\",\"@id\":\"https:\\\/\\\/diarioprincipios.com\\\/index.php\\\/2024\\\/01\\\/03\\\/la-red-de-salud-mental-acerca-acompanamiento-y-contencion-a-la-comunidad\\\/#primaryimage\",\"url\":\"https:\\\/\\\/diarioprincipios.com\\\/wp-content\\\/uploads\\\/2024\\\/01\\\/LA-RED-DE-SALUD-MENTAL-ACERCA-ACOMPANAMIENTO-Y-CONTENCION-A-LA-COMUNIDAD.jpg\",\"contentUrl\":\"https:\\\/\\\/diarioprincipios.com\\\/wp-content\\\/uploads\\\/2024\\\/01\\\/LA-RED-DE-SALUD-MENTAL-ACERCA-ACOMPANAMIENTO-Y-CONTENCION-A-LA-COMUNIDAD.jpg\",\"width\":853,\"height\":1280},{\"@type\":\"BreadcrumbList\",\"@id\":\"https:\\\/\\\/diarioprincipios.com\\\/index.php\\\/2024\\\/01\\\/03\\\/la-red-de-salud-mental-acerca-acompanamiento-y-contencion-a-la-comunidad\\\/#breadcrumb\",\"itemListElement\":[{\"@type\":\"ListItem\",\"position\":1,\"name\":\"Portada\",\"item\":\"https:\\\/\\\/diarioprincipios.com\\\/\"},{\"@type\":\"ListItem\",\"position\":2,\"name\":\"La Red de Salud Mental acerca acompa\u00f1amiento y contenci\u00f3n a la comunidad\"}]},{\"@type\":\"WebSite\",\"@id\":\"https:\\\/\\\/diarioprincipios.com\\\/#website\",\"url\":\"https:\\\/\\\/diarioprincipios.com\\\/\",\"name\":\"Principios\",\"description\":\"Principios Diario\",\"publisher\":{\"@id\":\"https:\\\/\\\/diarioprincipios.com\\\/#organization\"},\"potentialAction\":[{\"@type\":\"SearchAction\",\"target\":{\"@type\":\"EntryPoint\",\"urlTemplate\":\"https:\\\/\\\/diarioprincipios.com\\\/?s={search_term_string}\"},\"query-input\":{\"@type\":\"PropertyValueSpecification\",\"valueRequired\":true,\"valueName\":\"search_term_string\"}}],\"inLanguage\":\"es\"},{\"@type\":\"Organization\",\"@id\":\"https:\\\/\\\/diarioprincipios.com\\\/#organization\",\"name\":\"Principios\",\"url\":\"https:\\\/\\\/diarioprincipios.com\\\/\",\"logo\":{\"@type\":\"ImageObject\",\"inLanguage\":\"es\",\"@id\":\"https:\\\/\\\/diarioprincipios.com\\\/#\\\/schema\\\/logo\\\/image\\\/\",\"url\":\"https:\\\/\\\/diarioprincipios.com\\\/wp-content\\\/uploads\\\/2024\\\/04\\\/cropped-www.diarioprincipios.com_-1.png\",\"contentUrl\":\"https:\\\/\\\/diarioprincipios.com\\\/wp-content\\\/uploads\\\/2024\\\/04\\\/cropped-www.diarioprincipios.com_-1.png\",\"width\":5325,\"height\":1454,\"caption\":\"Principios\"},\"image\":{\"@id\":\"https:\\\/\\\/diarioprincipios.com\\\/#\\\/schema\\\/logo\\\/image\\\/\"}},{\"@type\":\"Person\",\"@id\":\"https:\\\/\\\/diarioprincipios.com\\\/#\\\/schema\\\/person\\\/436d5a1fd41a5e250e23ff5a6a7cb080\",\"name\":\"Hern\u00e1n L\u00f3pez\",\"image\":{\"@type\":\"ImageObject\",\"inLanguage\":\"es\",\"@id\":\"https:\\\/\\\/diarioprincipios.com\\\/wp-content\\\/litespeed\\\/avatar\\\/11ddfe5610ff3bd100522525b2571f48.jpg?ver=1777048341\",\"url\":\"https:\\\/\\\/diarioprincipios.com\\\/wp-content\\\/litespeed\\\/avatar\\\/11ddfe5610ff3bd100522525b2571f48.jpg?ver=1777048341\",\"contentUrl\":\"https:\\\/\\\/diarioprincipios.com\\\/wp-content\\\/litespeed\\\/avatar\\\/11ddfe5610ff3bd100522525b2571f48.jpg?ver=1777048341\",\"caption\":\"Hern\u00e1n L\u00f3pez\"},\"url\":\"https:\\\/\\\/diarioprincipios.com\\\/index.php\\\/author\\\/hernan\\\/\"}]}<\/script>\n<!-- \/ Yoast SEO plugin. -->","yoast_head_json":{"title":"La Red de Salud Mental acerca acompa\u00f1amiento y contenci\u00f3n a la comunidad - Principios","robots":{"index":"index","follow":"follow","max-snippet":"max-snippet:-1","max-image-preview":"max-image-preview:large","max-video-preview":"max-video-preview:-1"},"canonical":"https:\/\/diarioprincipios.com\/index.php\/2024\/01\/03\/la-red-de-salud-mental-acerca-acompanamiento-y-contencion-a-la-comunidad\/","og_locale":"es_ES","og_type":"article","og_title":"La Red de Salud Mental acerca acompa\u00f1amiento y contenci\u00f3n a la comunidad - Principios","og_description":"La Municipalidad de Berazategui sigue acercando a los vecinos y las vecinas atenci\u00f3n en salud mental, con una perspectiva cl\u00ednico-comunitaria. De esta manera, por iniciativa del intendente Juan Jos\u00e9 Mussi, se refuerza el acompa\u00f1amiento y la contenci\u00f3n a la comunidad en distintos puntos del distrito, a trav\u00e9s del trabajo en red.La Red de Salud Mental...","og_url":"https:\/\/diarioprincipios.com\/index.php\/2024\/01\/03\/la-red-de-salud-mental-acerca-acompanamiento-y-contencion-a-la-comunidad\/","og_site_name":"Principios","article_published_time":"2024-01-03T13:33:57+00:00","article_modified_time":"2024-01-03T13:34:00+00:00","og_image":[{"width":853,"height":1280,"url":"https:\/\/diarioprincipios.com\/wp-content\/uploads\/2024\/01\/LA-RED-DE-SALUD-MENTAL-ACERCA-ACOMPANAMIENTO-Y-CONTENCION-A-LA-COMUNIDAD.jpg","type":"image\/jpeg"}],"author":"Hern\u00e1n L\u00f3pez","twitter_card":"summary_large_image","twitter_misc":{"Escrito por":"Hern\u00e1n L\u00f3pez","Tiempo de lectura":"2 minutos"},"schema":{"@context":"https:\/\/schema.org","@graph":[{"@type":"Article","@id":"https:\/\/diarioprincipios.com\/index.php\/2024\/01\/03\/la-red-de-salud-mental-acerca-acompanamiento-y-contencion-a-la-comunidad\/#article","isPartOf":{"@id":"https:\/\/diarioprincipios.com\/index.php\/2024\/01\/03\/la-red-de-salud-mental-acerca-acompanamiento-y-contencion-a-la-comunidad\/"},"author":{"name":"Hern\u00e1n L\u00f3pez","@id":"https:\/\/diarioprincipios.com\/#\/schema\/person\/436d5a1fd41a5e250e23ff5a6a7cb080"},"headline":"La Red de Salud Mental acerca acompa\u00f1amiento y contenci\u00f3n a la comunidad","datePublished":"2024-01-03T13:33:57+00:00","dateModified":"2024-01-03T13:34:00+00:00","mainEntityOfPage":{"@id":"https:\/\/diarioprincipios.com\/index.php\/2024\/01\/03\/la-red-de-salud-mental-acerca-acompanamiento-y-contencion-a-la-comunidad\/"},"wordCount":312,"commentCount":0,"publisher":{"@id":"https:\/\/diarioprincipios.com\/#organization"},"image":{"@id":"https:\/\/diarioprincipios.com\/index.php\/2024\/01\/03\/la-red-de-salud-mental-acerca-acompanamiento-y-contencion-a-la-comunidad\/#primaryimage"},"thumbnailUrl":"https:\/\/diarioprincipios.com\/wp-content\/uploads\/2024\/01\/LA-RED-DE-SALUD-MENTAL-ACERCA-ACOMPANAMIENTO-Y-CONTENCION-A-LA-COMUNIDAD.jpg","articleSection":["Berazategui"],"inLanguage":"es","potentialAction":[{"@type":"CommentAction","name":"Comment","target":["https:\/\/diarioprincipios.com\/index.php\/2024\/01\/03\/la-red-de-salud-mental-acerca-acompanamiento-y-contencion-a-la-comunidad\/#respond"]}]},{"@type":"WebPage","@id":"https:\/\/diarioprincipios.com\/index.php\/2024\/01\/03\/la-red-de-salud-mental-acerca-acompanamiento-y-contencion-a-la-comunidad\/","url":"https:\/\/diarioprincipios.com\/index.php\/2024\/01\/03\/la-red-de-salud-mental-acerca-acompanamiento-y-contencion-a-la-comunidad\/","name":"La Red de Salud Mental acerca acompa\u00f1amiento y contenci\u00f3n a la comunidad - Principios","isPartOf":{"@id":"https:\/\/diarioprincipios.com\/#website"},"primaryImageOfPage":{"@id":"https:\/\/diarioprincipios.com\/index.php\/2024\/01\/03\/la-red-de-salud-mental-acerca-acompanamiento-y-contencion-a-la-comunidad\/#primaryimage"},"image":{"@id":"https:\/\/diarioprincipios.com\/index.php\/2024\/01\/03\/la-red-de-salud-mental-acerca-acompanamiento-y-contencion-a-la-comunidad\/#primaryimage"},"thumbnailUrl":"https:\/\/diarioprincipios.com\/wp-content\/uploads\/2024\/01\/LA-RED-DE-SALUD-MENTAL-ACERCA-ACOMPANAMIENTO-Y-CONTENCION-A-LA-COMUNIDAD.jpg","datePublished":"2024-01-03T13:33:57+00:00","dateModified":"2024-01-03T13:34:00+00:00","breadcrumb":{"@id":"https:\/\/diarioprincipios.com\/index.php\/2024\/01\/03\/la-red-de-salud-mental-acerca-acompanamiento-y-contencion-a-la-comunidad\/#breadcrumb"},"inLanguage":"es","potentialAction":[{"@type":"ReadAction","target":["https:\/\/diarioprincipios.com\/index.php\/2024\/01\/03\/la-red-de-salud-mental-acerca-acompanamiento-y-contencion-a-la-comunidad\/"]}]},{"@type":"ImageObject","inLanguage":"es","@id":"https:\/\/diarioprincipios.com\/index.php\/2024\/01\/03\/la-red-de-salud-mental-acerca-acompanamiento-y-contencion-a-la-comunidad\/#primaryimage","url":"https:\/\/diarioprincipios.com\/wp-content\/uploads\/2024\/01\/LA-RED-DE-SALUD-MENTAL-ACERCA-ACOMPANAMIENTO-Y-CONTENCION-A-LA-COMUNIDAD.jpg","contentUrl":"https:\/\/diarioprincipios.com\/wp-content\/uploads\/2024\/01\/LA-RED-DE-SALUD-MENTAL-ACERCA-ACOMPANAMIENTO-Y-CONTENCION-A-LA-COMUNIDAD.jpg","width":853,"height":1280},{"@type":"BreadcrumbList","@id":"https:\/\/diarioprincipios.com\/index.php\/2024\/01\/03\/la-red-de-salud-mental-acerca-acompanamiento-y-contencion-a-la-comunidad\/#breadcrumb","itemListElement":[{"@type":"ListItem","position":1,"name":"Portada","item":"https:\/\/diarioprincipios.com\/"},{"@type":"ListItem","position":2,"name":"La Red de Salud Mental acerca acompa\u00f1amiento y contenci\u00f3n a la comunidad"}]},{"@type":"WebSite","@id":"https:\/\/diarioprincipios.com\/#website","url":"https:\/\/diarioprincipios.com\/","name":"Principios","description":"Principios Diario","publisher":{"@id":"https:\/\/diarioprincipios.com\/#organization"},"potentialAction":[{"@type":"SearchAction","target":{"@type":"EntryPoint","urlTemplate":"https:\/\/diarioprincipios.com\/?s={search_term_string}"},"query-input":{"@type":"PropertyValueSpecification","valueRequired":true,"valueName":"search_term_string"}}],"inLanguage":"es"},{"@type":"Organization","@id":"https:\/\/diarioprincipios.com\/#organization","name":"Principios","url":"https:\/\/diarioprincipios.com\/","logo":{"@type":"ImageObject","inLanguage":"es","@id":"https:\/\/diarioprincipios.com\/#\/schema\/logo\/image\/","url":"https:\/\/diarioprincipios.com\/wp-content\/uploads\/2024\/04\/cropped-www.diarioprincipios.com_-1.png","contentUrl":"https:\/\/diarioprincipios.com\/wp-content\/uploads\/2024\/04\/cropped-www.diarioprincipios.com_-1.png","width":5325,"height":1454,"caption":"Principios"},"image":{"@id":"https:\/\/diarioprincipios.com\/#\/schema\/logo\/image\/"}},{"@type":"Person","@id":"https:\/\/diarioprincipios.com\/#\/schema\/person\/436d5a1fd41a5e250e23ff5a6a7cb080","name":"Hern\u00e1n L\u00f3pez","image":{"@type":"ImageObject","inLanguage":"es","@id":"https:\/\/diarioprincipios.com\/wp-content\/litespeed\/avatar\/11ddfe5610ff3bd100522525b2571f48.jpg?ver=1777048341","url":"https:\/\/diarioprincipios.com\/wp-content\/litespeed\/avatar\/11ddfe5610ff3bd100522525b2571f48.jpg?ver=1777048341","contentUrl":"https:\/\/diarioprincipios.com\/wp-content\/litespeed\/avatar\/11ddfe5610ff3bd100522525b2571f48.jpg?ver=1777048341","caption":"Hern\u00e1n L\u00f3pez"},"url":"https:\/\/diarioprincipios.com\/index.php\/author\/hernan\/"}]}},"jetpack_featured_media_url":"https:\/\/diarioprincipios.com\/wp-content\/uploads\/2024\/01\/LA-RED-DE-SALUD-MENTAL-ACERCA-ACOMPANAMIENTO-Y-CONTENCION-A-LA-COMUNIDAD.jpg","_links":{"self":[{"href":"https:\/\/diarioprincipios.com\/index.php\/wp-json\/wp\/v2\/posts\/20229","targetHints":{"allow":["GET"]}}],"collection":[{"href":"https:\/\/diarioprincipios.com\/index.php\/wp-json\/wp\/v2\/posts"}],"about":[{"href":"https:\/\/diarioprincipios.com\/index.php\/wp-json\/wp\/v2\/types\/post"}],"author":[{"embeddable":true,"href":"https:\/\/diarioprincipios.com\/index.php\/wp-json\/wp\/v2\/users\/2"}],"replies":[{"embeddable":true,"href":"https:\/\/diarioprincipios.com\/index.php\/wp-json\/wp\/v2\/comments?post=20229"}],"version-history":[{"count":1,"href":"https:\/\/diarioprincipios.com\/index.php\/wp-json\/wp\/v2\/posts\/20229\/revisions"}],"predecessor-version":[{"id":20231,"href":"https:\/\/diarioprincipios.com\/index.php\/wp-json\/wp\/v2\/posts\/20229\/revisions\/20231"}],"wp:featuredmedia":[{"embeddable":true,"href":"https:\/\/diarioprincipios.com\/index.php\/wp-json\/wp\/v2\/media\/20230"}],"wp:attachment":[{"href":"https:\/\/diarioprincipios.com\/index.php\/wp-json\/wp\/v2\/media?parent=20229"}],"wp:term":[{"taxonomy":"category","embeddable":true,"href":"https:\/\/diarioprincipios.com\/index.php\/wp-json\/wp\/v2\/categories?post=20229"},{"taxonomy":"post_tag","embeddable":true,"href":"https:\/\/diarioprincipios.com\/index.php\/wp-json\/wp\/v2\/tags?post=20229"}],"curies":[{"name":"wp","href":"https:\/\/api.w.org\/{rel}","templated":true}]}}