{"id":20135,"date":"2023-12-26T14:53:39","date_gmt":"2023-12-26T17:53:39","guid":{"rendered":"http:\/\/diarioprincipios.com\/?p=20135"},"modified":"2023-12-26T14:53:41","modified_gmt":"2023-12-26T17:53:41","slug":"mussi-asistio-al-encuentro-anual-pedagogico","status":"publish","type":"post","link":"https:\/\/diarioprincipios.com\/index.php\/2023\/12\/26\/mussi-asistio-al-encuentro-anual-pedagogico\/","title":{"rendered":"Mussi asisti\u00f3 al Encuentro Anual Pedag\u00f3gico"},"content":{"rendered":"\n<p><strong>Se realiz\u00f3 el Encuentro Anual Pedag\u00f3gico de la Jefatura Distrital de Educaci\u00f3n de Berazategui. El intendente Juan Jos\u00e9 Mussi encabez\u00f3 la actividad, acompa\u00f1ado de los directivos de los establecimientos educativos p\u00fablicos de todos los niveles y modalidades.<\/strong><\/p>\n\n\n\n<p>El objetivo del encuentro -realizado en el Complejo Cultural Municipal La Humanitaria- fue poner en valor lo trabajado a lo largo de 2023, haciendo hincapi\u00e9 en los \u00e1mbitos pedag\u00f3gico y tecnol\u00f3gico, y en las obras realizadas en cada instituci\u00f3n.<\/p>\n\n\n\n<figure class=\"wp-block-image size-large\"><img loading=\"lazy\" decoding=\"async\" width=\"1024\" height=\"683\" src=\"https:\/\/diarioprincipios.com\/wp-content\/uploads\/2023\/12\/MUSSI-ASISTIO-AL-ENCUENTRO-ANUAL-PEDAGOGICO-DE-BERAZATEGUI-2-1024x683.jpg\" alt=\"\" class=\"wp-image-20136\" srcset=\"https:\/\/diarioprincipios.com\/wp-content\/uploads\/2023\/12\/MUSSI-ASISTIO-AL-ENCUENTRO-ANUAL-PEDAGOGICO-DE-BERAZATEGUI-2-1024x683.jpg 1024w, https:\/\/diarioprincipios.com\/wp-content\/uploads\/2023\/12\/MUSSI-ASISTIO-AL-ENCUENTRO-ANUAL-PEDAGOGICO-DE-BERAZATEGUI-2-300x200.jpg 300w, https:\/\/diarioprincipios.com\/wp-content\/uploads\/2023\/12\/MUSSI-ASISTIO-AL-ENCUENTRO-ANUAL-PEDAGOGICO-DE-BERAZATEGUI-2-768x512.jpg 768w, https:\/\/diarioprincipios.com\/wp-content\/uploads\/2023\/12\/MUSSI-ASISTIO-AL-ENCUENTRO-ANUAL-PEDAGOGICO-DE-BERAZATEGUI-2-1536x1024.jpg 1536w, https:\/\/diarioprincipios.com\/wp-content\/uploads\/2023\/12\/MUSSI-ASISTIO-AL-ENCUENTRO-ANUAL-PEDAGOGICO-DE-BERAZATEGUI-2.jpg 1920w\" sizes=\"auto, (max-width: 1024px) 100vw, 1024px\" \/><\/figure>\n\n\n\n<p>\u201cHa sido un a\u00f1o bueno y eso tiene que ver con quienes integran la comunidad: los directivos, docentes, auxiliares, personal no docente y las familias. En estos momentos de incertidumbre, contamos con ustedes para defender -todos unidos- a la escuela p\u00fablica, gratuita e igualitaria\u201d, expres\u00f3 Mussi.<\/p>\n\n\n\n<p>Por su parte, la inspectora Jefa Distrital, Gladys Ram\u00edrez, asegur\u00f3: \u201cEs muy importante poder encontrarnos para valorar todo el trabajo que hicimos durante el a\u00f1o. Le agradezco al intendente Mussi por poner siempre en un lugar preponderante a la educaci\u00f3n\u201d.<\/p>\n\n\n\n<figure class=\"wp-block-image size-large\"><img loading=\"lazy\" decoding=\"async\" width=\"1024\" height=\"683\" src=\"https:\/\/diarioprincipios.com\/wp-content\/uploads\/2023\/12\/MUSSI-ASISTIO-AL-ENCUENTRO-ANUAL-PEDAGOGICO-DE-BERAZATEGUI-1-1024x683.jpg\" alt=\"\" class=\"wp-image-20137\" srcset=\"https:\/\/diarioprincipios.com\/wp-content\/uploads\/2023\/12\/MUSSI-ASISTIO-AL-ENCUENTRO-ANUAL-PEDAGOGICO-DE-BERAZATEGUI-1-1024x683.jpg 1024w, https:\/\/diarioprincipios.com\/wp-content\/uploads\/2023\/12\/MUSSI-ASISTIO-AL-ENCUENTRO-ANUAL-PEDAGOGICO-DE-BERAZATEGUI-1-300x200.jpg 300w, https:\/\/diarioprincipios.com\/wp-content\/uploads\/2023\/12\/MUSSI-ASISTIO-AL-ENCUENTRO-ANUAL-PEDAGOGICO-DE-BERAZATEGUI-1-768x512.jpg 768w, https:\/\/diarioprincipios.com\/wp-content\/uploads\/2023\/12\/MUSSI-ASISTIO-AL-ENCUENTRO-ANUAL-PEDAGOGICO-DE-BERAZATEGUI-1-1536x1024.jpg 1536w, https:\/\/diarioprincipios.com\/wp-content\/uploads\/2023\/12\/MUSSI-ASISTIO-AL-ENCUENTRO-ANUAL-PEDAGOGICO-DE-BERAZATEGUI-1.jpg 1920w\" sizes=\"auto, (max-width: 1024px) 100vw, 1024px\" \/><\/figure>\n\n\n\n<p>Al finalizar el acto, cada instituci\u00f3n recibi\u00f3 un kit con elementos de librer\u00eda.<\/p>\n\n\n\n<p>Tambi\u00e9n participaron el secretario de Cultura y Educaci\u00f3n, Federico L\u00f3pez -junto a otros integrantes del Gabinete municipal-; el presidente del Consejo Escolar, Fernando Cardozo; y el jefe regional de Educaci\u00f3n Estatal Regi\u00f3n 4, Pablo Vinuesa.<\/p>\n","protected":false},"excerpt":{"rendered":"<p>Se realiz\u00f3 el Encuentro Anual Pedag\u00f3gico de la Jefatura Distrital de Educaci\u00f3n de Berazategui. El intendente Juan Jos\u00e9 Mussi encabez\u00f3 la actividad, acompa\u00f1ado de los directivos de los establecimientos educativos p\u00fablicos de todos los niveles y modalidades. El objetivo del encuentro -realizado en el Complejo Cultural Municipal La Humanitaria- fue poner en valor lo trabajado&#8230;<\/p>\n","protected":false},"author":2,"featured_media":20138,"comment_status":"open","ping_status":"open","sticky":false,"template":"","format":"standard","meta":{"footnotes":""},"categories":[3],"tags":[],"class_list":["post-20135","post","type-post","status-publish","format-standard","has-post-thumbnail","hentry","category-berazategui"],"featured_image_src":"https:\/\/diarioprincipios.com\/wp-content\/uploads\/2023\/12\/MUSSI-ASISTIO-AL-ENCUENTRO-ANUAL-PEDAGOGICO-DE-BERAZATEGUI-3-1024x683.jpg","blog_images":{"medium":"https:\/\/diarioprincipios.com\/wp-content\/uploads\/2023\/12\/MUSSI-ASISTIO-AL-ENCUENTRO-ANUAL-PEDAGOGICO-DE-BERAZATEGUI-3-300x200.jpg","large":"https:\/\/diarioprincipios.com\/wp-content\/uploads\/2023\/12\/MUSSI-ASISTIO-AL-ENCUENTRO-ANUAL-PEDAGOGICO-DE-BERAZATEGUI-3-1024x683.jpg"},"ams_acf":[],"yoast_head":"<!-- This site is optimized with the Yoast SEO plugin v27.3 - https:\/\/yoast.com\/product\/yoast-seo-wordpress\/ -->\n<title>Mussi asisti\u00f3 al Encuentro Anual Pedag\u00f3gico - Principios<\/title>\n<meta name=\"robots\" content=\"index, follow, max-snippet:-1, max-image-preview:large, max-video-preview:-1\" \/>\n<link rel=\"canonical\" href=\"https:\/\/diarioprincipios.com\/index.php\/2023\/12\/26\/mussi-asistio-al-encuentro-anual-pedagogico\/\" \/>\n<meta property=\"og:locale\" content=\"es_ES\" \/>\n<meta property=\"og:type\" content=\"article\" \/>\n<meta property=\"og:title\" content=\"Mussi asisti\u00f3 al Encuentro Anual Pedag\u00f3gico - Principios\" \/>\n<meta property=\"og:description\" content=\"Se realiz\u00f3 el Encuentro Anual Pedag\u00f3gico de la Jefatura Distrital de Educaci\u00f3n de Berazategui. El intendente Juan Jos\u00e9 Mussi encabez\u00f3 la actividad, acompa\u00f1ado de los directivos de los establecimientos educativos p\u00fablicos de todos los niveles y modalidades. El objetivo del encuentro -realizado en el Complejo Cultural Municipal La Humanitaria- fue poner en valor lo trabajado...\" \/>\n<meta property=\"og:url\" content=\"https:\/\/diarioprincipios.com\/index.php\/2023\/12\/26\/mussi-asistio-al-encuentro-anual-pedagogico\/\" \/>\n<meta property=\"og:site_name\" content=\"Principios\" \/>\n<meta property=\"article:published_time\" content=\"2023-12-26T17:53:39+00:00\" \/>\n<meta property=\"article:modified_time\" content=\"2023-12-26T17:53:41+00:00\" \/>\n<meta property=\"og:image\" content=\"https:\/\/diarioprincipios.com\/wp-content\/uploads\/2023\/12\/MUSSI-ASISTIO-AL-ENCUENTRO-ANUAL-PEDAGOGICO-DE-BERAZATEGUI-3.jpg\" \/>\n\t<meta property=\"og:image:width\" content=\"1920\" \/>\n\t<meta property=\"og:image:height\" content=\"1280\" \/>\n\t<meta property=\"og:image:type\" content=\"image\/jpeg\" \/>\n<meta name=\"author\" content=\"Hern\u00e1n L\u00f3pez\" \/>\n<meta name=\"twitter:card\" content=\"summary_large_image\" \/>\n<meta name=\"twitter:label1\" content=\"Escrito por\" \/>\n\t<meta name=\"twitter:data1\" content=\"Hern\u00e1n L\u00f3pez\" \/>\n\t<meta name=\"twitter:label2\" content=\"Tiempo de lectura\" \/>\n\t<meta name=\"twitter:data2\" content=\"2 minutos\" \/>\n<script type=\"application\/ld+json\" class=\"yoast-schema-graph\">{\"@context\":\"https:\\\/\\\/schema.org\",\"@graph\":[{\"@type\":\"Article\",\"@id\":\"https:\\\/\\\/diarioprincipios.com\\\/index.php\\\/2023\\\/12\\\/26\\\/mussi-asistio-al-encuentro-anual-pedagogico\\\/#article\",\"isPartOf\":{\"@id\":\"https:\\\/\\\/diarioprincipios.com\\\/index.php\\\/2023\\\/12\\\/26\\\/mussi-asistio-al-encuentro-anual-pedagogico\\\/\"},\"author\":{\"name\":\"Hern\u00e1n L\u00f3pez\",\"@id\":\"https:\\\/\\\/diarioprincipios.com\\\/#\\\/schema\\\/person\\\/436d5a1fd41a5e250e23ff5a6a7cb080\"},\"headline\":\"Mussi asisti\u00f3 al Encuentro Anual Pedag\u00f3gico\",\"datePublished\":\"2023-12-26T17:53:39+00:00\",\"dateModified\":\"2023-12-26T17:53:41+00:00\",\"mainEntityOfPage\":{\"@id\":\"https:\\\/\\\/diarioprincipios.com\\\/index.php\\\/2023\\\/12\\\/26\\\/mussi-asistio-al-encuentro-anual-pedagogico\\\/\"},\"wordCount\":234,\"commentCount\":0,\"publisher\":{\"@id\":\"https:\\\/\\\/diarioprincipios.com\\\/#organization\"},\"image\":{\"@id\":\"https:\\\/\\\/diarioprincipios.com\\\/index.php\\\/2023\\\/12\\\/26\\\/mussi-asistio-al-encuentro-anual-pedagogico\\\/#primaryimage\"},\"thumbnailUrl\":\"https:\\\/\\\/diarioprincipios.com\\\/wp-content\\\/uploads\\\/2023\\\/12\\\/MUSSI-ASISTIO-AL-ENCUENTRO-ANUAL-PEDAGOGICO-DE-BERAZATEGUI-3.jpg\",\"articleSection\":[\"Berazategui\"],\"inLanguage\":\"es\",\"potentialAction\":[{\"@type\":\"CommentAction\",\"name\":\"Comment\",\"target\":[\"https:\\\/\\\/diarioprincipios.com\\\/index.php\\\/2023\\\/12\\\/26\\\/mussi-asistio-al-encuentro-anual-pedagogico\\\/#respond\"]}]},{\"@type\":\"WebPage\",\"@id\":\"https:\\\/\\\/diarioprincipios.com\\\/index.php\\\/2023\\\/12\\\/26\\\/mussi-asistio-al-encuentro-anual-pedagogico\\\/\",\"url\":\"https:\\\/\\\/diarioprincipios.com\\\/index.php\\\/2023\\\/12\\\/26\\\/mussi-asistio-al-encuentro-anual-pedagogico\\\/\",\"name\":\"Mussi asisti\u00f3 al Encuentro Anual Pedag\u00f3gico - Principios\",\"isPartOf\":{\"@id\":\"https:\\\/\\\/diarioprincipios.com\\\/#website\"},\"primaryImageOfPage\":{\"@id\":\"https:\\\/\\\/diarioprincipios.com\\\/index.php\\\/2023\\\/12\\\/26\\\/mussi-asistio-al-encuentro-anual-pedagogico\\\/#primaryimage\"},\"image\":{\"@id\":\"https:\\\/\\\/diarioprincipios.com\\\/index.php\\\/2023\\\/12\\\/26\\\/mussi-asistio-al-encuentro-anual-pedagogico\\\/#primaryimage\"},\"thumbnailUrl\":\"https:\\\/\\\/diarioprincipios.com\\\/wp-content\\\/uploads\\\/2023\\\/12\\\/MUSSI-ASISTIO-AL-ENCUENTRO-ANUAL-PEDAGOGICO-DE-BERAZATEGUI-3.jpg\",\"datePublished\":\"2023-12-26T17:53:39+00:00\",\"dateModified\":\"2023-12-26T17:53:41+00:00\",\"breadcrumb\":{\"@id\":\"https:\\\/\\\/diarioprincipios.com\\\/index.php\\\/2023\\\/12\\\/26\\\/mussi-asistio-al-encuentro-anual-pedagogico\\\/#breadcrumb\"},\"inLanguage\":\"es\",\"potentialAction\":[{\"@type\":\"ReadAction\",\"target\":[\"https:\\\/\\\/diarioprincipios.com\\\/index.php\\\/2023\\\/12\\\/26\\\/mussi-asistio-al-encuentro-anual-pedagogico\\\/\"]}]},{\"@type\":\"ImageObject\",\"inLanguage\":\"es\",\"@id\":\"https:\\\/\\\/diarioprincipios.com\\\/index.php\\\/2023\\\/12\\\/26\\\/mussi-asistio-al-encuentro-anual-pedagogico\\\/#primaryimage\",\"url\":\"https:\\\/\\\/diarioprincipios.com\\\/wp-content\\\/uploads\\\/2023\\\/12\\\/MUSSI-ASISTIO-AL-ENCUENTRO-ANUAL-PEDAGOGICO-DE-BERAZATEGUI-3.jpg\",\"contentUrl\":\"https:\\\/\\\/diarioprincipios.com\\\/wp-content\\\/uploads\\\/2023\\\/12\\\/MUSSI-ASISTIO-AL-ENCUENTRO-ANUAL-PEDAGOGICO-DE-BERAZATEGUI-3.jpg\",\"width\":1920,\"height\":1280},{\"@type\":\"BreadcrumbList\",\"@id\":\"https:\\\/\\\/diarioprincipios.com\\\/index.php\\\/2023\\\/12\\\/26\\\/mussi-asistio-al-encuentro-anual-pedagogico\\\/#breadcrumb\",\"itemListElement\":[{\"@type\":\"ListItem\",\"position\":1,\"name\":\"Portada\",\"item\":\"https:\\\/\\\/diarioprincipios.com\\\/\"},{\"@type\":\"ListItem\",\"position\":2,\"name\":\"Mussi asisti\u00f3 al Encuentro Anual Pedag\u00f3gico\"}]},{\"@type\":\"WebSite\",\"@id\":\"https:\\\/\\\/diarioprincipios.com\\\/#website\",\"url\":\"https:\\\/\\\/diarioprincipios.com\\\/\",\"name\":\"Principios\",\"description\":\"Principios Diario\",\"publisher\":{\"@id\":\"https:\\\/\\\/diarioprincipios.com\\\/#organization\"},\"potentialAction\":[{\"@type\":\"SearchAction\",\"target\":{\"@type\":\"EntryPoint\",\"urlTemplate\":\"https:\\\/\\\/diarioprincipios.com\\\/?s={search_term_string}\"},\"query-input\":{\"@type\":\"PropertyValueSpecification\",\"valueRequired\":true,\"valueName\":\"search_term_string\"}}],\"inLanguage\":\"es\"},{\"@type\":\"Organization\",\"@id\":\"https:\\\/\\\/diarioprincipios.com\\\/#organization\",\"name\":\"Principios\",\"url\":\"https:\\\/\\\/diarioprincipios.com\\\/\",\"logo\":{\"@type\":\"ImageObject\",\"inLanguage\":\"es\",\"@id\":\"https:\\\/\\\/diarioprincipios.com\\\/#\\\/schema\\\/logo\\\/image\\\/\",\"url\":\"https:\\\/\\\/diarioprincipios.com\\\/wp-content\\\/uploads\\\/2024\\\/04\\\/cropped-www.diarioprincipios.com_-1.png\",\"contentUrl\":\"https:\\\/\\\/diarioprincipios.com\\\/wp-content\\\/uploads\\\/2024\\\/04\\\/cropped-www.diarioprincipios.com_-1.png\",\"width\":5325,\"height\":1454,\"caption\":\"Principios\"},\"image\":{\"@id\":\"https:\\\/\\\/diarioprincipios.com\\\/#\\\/schema\\\/logo\\\/image\\\/\"}},{\"@type\":\"Person\",\"@id\":\"https:\\\/\\\/diarioprincipios.com\\\/#\\\/schema\\\/person\\\/436d5a1fd41a5e250e23ff5a6a7cb080\",\"name\":\"Hern\u00e1n L\u00f3pez\",\"image\":{\"@type\":\"ImageObject\",\"inLanguage\":\"es\",\"@id\":\"https:\\\/\\\/diarioprincipios.com\\\/wp-content\\\/litespeed\\\/avatar\\\/11ddfe5610ff3bd100522525b2571f48.jpg?ver=1777653193\",\"url\":\"https:\\\/\\\/diarioprincipios.com\\\/wp-content\\\/litespeed\\\/avatar\\\/11ddfe5610ff3bd100522525b2571f48.jpg?ver=1777653193\",\"contentUrl\":\"https:\\\/\\\/diarioprincipios.com\\\/wp-content\\\/litespeed\\\/avatar\\\/11ddfe5610ff3bd100522525b2571f48.jpg?ver=1777653193\",\"caption\":\"Hern\u00e1n L\u00f3pez\"},\"url\":\"https:\\\/\\\/diarioprincipios.com\\\/index.php\\\/author\\\/hernan\\\/\"}]}<\/script>\n<!-- \/ Yoast SEO plugin. -->","yoast_head_json":{"title":"Mussi asisti\u00f3 al Encuentro Anual Pedag\u00f3gico - Principios","robots":{"index":"index","follow":"follow","max-snippet":"max-snippet:-1","max-image-preview":"max-image-preview:large","max-video-preview":"max-video-preview:-1"},"canonical":"https:\/\/diarioprincipios.com\/index.php\/2023\/12\/26\/mussi-asistio-al-encuentro-anual-pedagogico\/","og_locale":"es_ES","og_type":"article","og_title":"Mussi asisti\u00f3 al Encuentro Anual Pedag\u00f3gico - Principios","og_description":"Se realiz\u00f3 el Encuentro Anual Pedag\u00f3gico de la Jefatura Distrital de Educaci\u00f3n de Berazategui. El intendente Juan Jos\u00e9 Mussi encabez\u00f3 la actividad, acompa\u00f1ado de los directivos de los establecimientos educativos p\u00fablicos de todos los niveles y modalidades. El objetivo del encuentro -realizado en el Complejo Cultural Municipal La Humanitaria- fue poner en valor lo trabajado...","og_url":"https:\/\/diarioprincipios.com\/index.php\/2023\/12\/26\/mussi-asistio-al-encuentro-anual-pedagogico\/","og_site_name":"Principios","article_published_time":"2023-12-26T17:53:39+00:00","article_modified_time":"2023-12-26T17:53:41+00:00","og_image":[{"width":1920,"height":1280,"url":"https:\/\/diarioprincipios.com\/wp-content\/uploads\/2023\/12\/MUSSI-ASISTIO-AL-ENCUENTRO-ANUAL-PEDAGOGICO-DE-BERAZATEGUI-3.jpg","type":"image\/jpeg"}],"author":"Hern\u00e1n L\u00f3pez","twitter_card":"summary_large_image","twitter_misc":{"Escrito por":"Hern\u00e1n L\u00f3pez","Tiempo de lectura":"2 minutos"},"schema":{"@context":"https:\/\/schema.org","@graph":[{"@type":"Article","@id":"https:\/\/diarioprincipios.com\/index.php\/2023\/12\/26\/mussi-asistio-al-encuentro-anual-pedagogico\/#article","isPartOf":{"@id":"https:\/\/diarioprincipios.com\/index.php\/2023\/12\/26\/mussi-asistio-al-encuentro-anual-pedagogico\/"},"author":{"name":"Hern\u00e1n L\u00f3pez","@id":"https:\/\/diarioprincipios.com\/#\/schema\/person\/436d5a1fd41a5e250e23ff5a6a7cb080"},"headline":"Mussi asisti\u00f3 al Encuentro Anual Pedag\u00f3gico","datePublished":"2023-12-26T17:53:39+00:00","dateModified":"2023-12-26T17:53:41+00:00","mainEntityOfPage":{"@id":"https:\/\/diarioprincipios.com\/index.php\/2023\/12\/26\/mussi-asistio-al-encuentro-anual-pedagogico\/"},"wordCount":234,"commentCount":0,"publisher":{"@id":"https:\/\/diarioprincipios.com\/#organization"},"image":{"@id":"https:\/\/diarioprincipios.com\/index.php\/2023\/12\/26\/mussi-asistio-al-encuentro-anual-pedagogico\/#primaryimage"},"thumbnailUrl":"https:\/\/diarioprincipios.com\/wp-content\/uploads\/2023\/12\/MUSSI-ASISTIO-AL-ENCUENTRO-ANUAL-PEDAGOGICO-DE-BERAZATEGUI-3.jpg","articleSection":["Berazategui"],"inLanguage":"es","potentialAction":[{"@type":"CommentAction","name":"Comment","target":["https:\/\/diarioprincipios.com\/index.php\/2023\/12\/26\/mussi-asistio-al-encuentro-anual-pedagogico\/#respond"]}]},{"@type":"WebPage","@id":"https:\/\/diarioprincipios.com\/index.php\/2023\/12\/26\/mussi-asistio-al-encuentro-anual-pedagogico\/","url":"https:\/\/diarioprincipios.com\/index.php\/2023\/12\/26\/mussi-asistio-al-encuentro-anual-pedagogico\/","name":"Mussi asisti\u00f3 al Encuentro Anual Pedag\u00f3gico - Principios","isPartOf":{"@id":"https:\/\/diarioprincipios.com\/#website"},"primaryImageOfPage":{"@id":"https:\/\/diarioprincipios.com\/index.php\/2023\/12\/26\/mussi-asistio-al-encuentro-anual-pedagogico\/#primaryimage"},"image":{"@id":"https:\/\/diarioprincipios.com\/index.php\/2023\/12\/26\/mussi-asistio-al-encuentro-anual-pedagogico\/#primaryimage"},"thumbnailUrl":"https:\/\/diarioprincipios.com\/wp-content\/uploads\/2023\/12\/MUSSI-ASISTIO-AL-ENCUENTRO-ANUAL-PEDAGOGICO-DE-BERAZATEGUI-3.jpg","datePublished":"2023-12-26T17:53:39+00:00","dateModified":"2023-12-26T17:53:41+00:00","breadcrumb":{"@id":"https:\/\/diarioprincipios.com\/index.php\/2023\/12\/26\/mussi-asistio-al-encuentro-anual-pedagogico\/#breadcrumb"},"inLanguage":"es","potentialAction":[{"@type":"ReadAction","target":["https:\/\/diarioprincipios.com\/index.php\/2023\/12\/26\/mussi-asistio-al-encuentro-anual-pedagogico\/"]}]},{"@type":"ImageObject","inLanguage":"es","@id":"https:\/\/diarioprincipios.com\/index.php\/2023\/12\/26\/mussi-asistio-al-encuentro-anual-pedagogico\/#primaryimage","url":"https:\/\/diarioprincipios.com\/wp-content\/uploads\/2023\/12\/MUSSI-ASISTIO-AL-ENCUENTRO-ANUAL-PEDAGOGICO-DE-BERAZATEGUI-3.jpg","contentUrl":"https:\/\/diarioprincipios.com\/wp-content\/uploads\/2023\/12\/MUSSI-ASISTIO-AL-ENCUENTRO-ANUAL-PEDAGOGICO-DE-BERAZATEGUI-3.jpg","width":1920,"height":1280},{"@type":"BreadcrumbList","@id":"https:\/\/diarioprincipios.com\/index.php\/2023\/12\/26\/mussi-asistio-al-encuentro-anual-pedagogico\/#breadcrumb","itemListElement":[{"@type":"ListItem","position":1,"name":"Portada","item":"https:\/\/diarioprincipios.com\/"},{"@type":"ListItem","position":2,"name":"Mussi asisti\u00f3 al Encuentro Anual Pedag\u00f3gico"}]},{"@type":"WebSite","@id":"https:\/\/diarioprincipios.com\/#website","url":"https:\/\/diarioprincipios.com\/","name":"Principios","description":"Principios Diario","publisher":{"@id":"https:\/\/diarioprincipios.com\/#organization"},"potentialAction":[{"@type":"SearchAction","target":{"@type":"EntryPoint","urlTemplate":"https:\/\/diarioprincipios.com\/?s={search_term_string}"},"query-input":{"@type":"PropertyValueSpecification","valueRequired":true,"valueName":"search_term_string"}}],"inLanguage":"es"},{"@type":"Organization","@id":"https:\/\/diarioprincipios.com\/#organization","name":"Principios","url":"https:\/\/diarioprincipios.com\/","logo":{"@type":"ImageObject","inLanguage":"es","@id":"https:\/\/diarioprincipios.com\/#\/schema\/logo\/image\/","url":"https:\/\/diarioprincipios.com\/wp-content\/uploads\/2024\/04\/cropped-www.diarioprincipios.com_-1.png","contentUrl":"https:\/\/diarioprincipios.com\/wp-content\/uploads\/2024\/04\/cropped-www.diarioprincipios.com_-1.png","width":5325,"height":1454,"caption":"Principios"},"image":{"@id":"https:\/\/diarioprincipios.com\/#\/schema\/logo\/image\/"}},{"@type":"Person","@id":"https:\/\/diarioprincipios.com\/#\/schema\/person\/436d5a1fd41a5e250e23ff5a6a7cb080","name":"Hern\u00e1n L\u00f3pez","image":{"@type":"ImageObject","inLanguage":"es","@id":"https:\/\/diarioprincipios.com\/wp-content\/litespeed\/avatar\/11ddfe5610ff3bd100522525b2571f48.jpg?ver=1777653193","url":"https:\/\/diarioprincipios.com\/wp-content\/litespeed\/avatar\/11ddfe5610ff3bd100522525b2571f48.jpg?ver=1777653193","contentUrl":"https:\/\/diarioprincipios.com\/wp-content\/litespeed\/avatar\/11ddfe5610ff3bd100522525b2571f48.jpg?ver=1777653193","caption":"Hern\u00e1n L\u00f3pez"},"url":"https:\/\/diarioprincipios.com\/index.php\/author\/hernan\/"}]}},"jetpack_featured_media_url":"https:\/\/diarioprincipios.com\/wp-content\/uploads\/2023\/12\/MUSSI-ASISTIO-AL-ENCUENTRO-ANUAL-PEDAGOGICO-DE-BERAZATEGUI-3.jpg","_links":{"self":[{"href":"https:\/\/diarioprincipios.com\/index.php\/wp-json\/wp\/v2\/posts\/20135","targetHints":{"allow":["GET"]}}],"collection":[{"href":"https:\/\/diarioprincipios.com\/index.php\/wp-json\/wp\/v2\/posts"}],"about":[{"href":"https:\/\/diarioprincipios.com\/index.php\/wp-json\/wp\/v2\/types\/post"}],"author":[{"embeddable":true,"href":"https:\/\/diarioprincipios.com\/index.php\/wp-json\/wp\/v2\/users\/2"}],"replies":[{"embeddable":true,"href":"https:\/\/diarioprincipios.com\/index.php\/wp-json\/wp\/v2\/comments?post=20135"}],"version-history":[{"count":1,"href":"https:\/\/diarioprincipios.com\/index.php\/wp-json\/wp\/v2\/posts\/20135\/revisions"}],"predecessor-version":[{"id":20139,"href":"https:\/\/diarioprincipios.com\/index.php\/wp-json\/wp\/v2\/posts\/20135\/revisions\/20139"}],"wp:featuredmedia":[{"embeddable":true,"href":"https:\/\/diarioprincipios.com\/index.php\/wp-json\/wp\/v2\/media\/20138"}],"wp:attachment":[{"href":"https:\/\/diarioprincipios.com\/index.php\/wp-json\/wp\/v2\/media?parent=20135"}],"wp:term":[{"taxonomy":"category","embeddable":true,"href":"https:\/\/diarioprincipios.com\/index.php\/wp-json\/wp\/v2\/categories?post=20135"},{"taxonomy":"post_tag","embeddable":true,"href":"https:\/\/diarioprincipios.com\/index.php\/wp-json\/wp\/v2\/tags?post=20135"}],"curies":[{"name":"wp","href":"https:\/\/api.w.org\/{rel}","templated":true}]}}