{"id":20132,"date":"2023-12-26T11:03:43","date_gmt":"2023-12-26T14:03:43","guid":{"rendered":"http:\/\/diarioprincipios.com\/?p=20132"},"modified":"2023-12-26T11:03:45","modified_gmt":"2023-12-26T14:03:45","slug":"para-circular-en-la-provincia-vtv-documentacion-y-papeles-al-dia","status":"publish","type":"post","link":"https:\/\/diarioprincipios.com\/index.php\/2023\/12\/26\/para-circular-en-la-provincia-vtv-documentacion-y-papeles-al-dia\/","title":{"rendered":"Para Circular en la Provincia, VTV, Documentaci\u00f3n y Papeles al D\u00eda"},"content":{"rendered":"\n<p>Desde el Ministerio de Transporte bonaerense, conducido por Jorge D\u2019Onofrio, aclararon que no ha cambiado el marco legal vigente para circular.<br>Ante la confusa y err\u00f3nea informaci\u00f3n que ha circulado a partir del Decreto de Necesidad y Urgencia publicado por el Gobierno nacional, el Ministerio de Transporte de la Provincia de Buenos Aires, a cargo de Jorge D\u2019Onofrio, subray\u00f3 la plena vigencia de la ley de Tr\u00e1nsito bonaerense. Es decir, las reglas b\u00e1sicas para circular por el territorio provincial no se ven afectadas ante una eventual modificaci\u00f3n de la normativa nacional.<br>En territorio bonaerense, el Decreto 532\/09 regula la obligatoriedad de circular con la VTV actualizada tanto para veh\u00edculos privados como para transportes de pasajeros y cargas. En ese sentido, contin\u00faa en vigencia la Ley de Tr\u00e1nsito N\u00b0 13.927, la cual estipula penalidades como multas y retenci\u00f3n de licencia para quienes conduzcan sin cumplir los requisitos de la VTV. Lo mismo ocurre con la p\u00f3liza de seguro.<br>Asimismo, se debe contar con la documentaci\u00f3n obligatoria, la cual involucra: el Documento Nacional de Identidad (DNI) de el o la automovilista; la Licencia de conducir vigente; la C\u00e9dula verde o, en caso de circular con un veh\u00edculo que no sea de su propiedad, la C\u00e9dula azul. Adem\u00e1s de la mencionada VTV, y los comprobantes del seguro y de pago de Patente para constatar que ambos est\u00e9n al d\u00eda.<br>A su vez, resulta fundamental viajar con los elementos de seguridad en condiciones; se debe contar con matafuegos recargado y balizas port\u00e1tiles (triangulares y reflectivas); que las y los menores de 10 a\u00f1os vayan en el asiento trasero en sus respectivas Silla de Retenci\u00f3n Infantil (SRI) y las mascotas con arn\u00e9s de seguridad; llevar las luces bajas encendidas; no exceder los l\u00edmites de velocidad; no conducir manipulando el celular, habiendo consumido alcohol y\/o estupefacientes o sin estar bien descansado.<br>Por \u00faltimo, queda estrictamente prohibido desplazarse por las banquinas como si fuesen un carril m\u00e1s, ya que es una zona utilizada para emergencias o desperfectos t\u00e9cnicos. En ese sentido, se intensificar\u00e1n los controles de Seguridad Vial en puntos estrat\u00e9gicos para garantizar la protecci\u00f3n de la vida y consolidar caminos seguros en la Provincia<\/p>\n","protected":false},"excerpt":{"rendered":"<p>Desde el Ministerio de Transporte bonaerense, conducido por Jorge D\u2019Onofrio, aclararon que no ha cambiado el marco legal vigente para circular.Ante la confusa y err\u00f3nea informaci\u00f3n que ha circulado a partir del Decreto de Necesidad y Urgencia publicado por el Gobierno nacional, el Ministerio de Transporte de la Provincia de Buenos Aires, a cargo de&#8230;<\/p>\n","protected":false},"author":2,"featured_media":20133,"comment_status":"open","ping_status":"open","sticky":false,"template":"","format":"standard","meta":{"footnotes":""},"categories":[7],"tags":[],"class_list":["post-20132","post","type-post","status-publish","format-standard","has-post-thumbnail","hentry","category-provincia"],"featured_image_src":"https:\/\/diarioprincipios.com\/wp-content\/uploads\/2023\/12\/30bd5993-5ed6-4926-b9e5-27e082220639-1024x682.jpg","blog_images":{"medium":"https:\/\/diarioprincipios.com\/wp-content\/uploads\/2023\/12\/30bd5993-5ed6-4926-b9e5-27e082220639-300x200.jpg","large":"https:\/\/diarioprincipios.com\/wp-content\/uploads\/2023\/12\/30bd5993-5ed6-4926-b9e5-27e082220639-1024x682.jpg"},"ams_acf":[],"yoast_head":"<!-- This site is optimized with the Yoast SEO plugin v27.3 - https:\/\/yoast.com\/product\/yoast-seo-wordpress\/ -->\n<title>Para Circular en la Provincia, VTV, Documentaci\u00f3n y Papeles al D\u00eda - Principios<\/title>\n<meta name=\"robots\" content=\"index, follow, max-snippet:-1, max-image-preview:large, max-video-preview:-1\" \/>\n<link rel=\"canonical\" href=\"https:\/\/diarioprincipios.com\/index.php\/2023\/12\/26\/para-circular-en-la-provincia-vtv-documentacion-y-papeles-al-dia\/\" \/>\n<meta property=\"og:locale\" content=\"es_ES\" \/>\n<meta property=\"og:type\" content=\"article\" \/>\n<meta property=\"og:title\" content=\"Para Circular en la Provincia, VTV, Documentaci\u00f3n y Papeles al D\u00eda - Principios\" \/>\n<meta property=\"og:description\" content=\"Desde el Ministerio de Transporte bonaerense, conducido por Jorge D\u2019Onofrio, aclararon que no ha cambiado el marco legal vigente para circular.Ante la confusa y err\u00f3nea informaci\u00f3n que ha circulado a partir del Decreto de Necesidad y Urgencia publicado por el Gobierno nacional, el Ministerio de Transporte de la Provincia de Buenos Aires, a cargo de...\" \/>\n<meta property=\"og:url\" content=\"https:\/\/diarioprincipios.com\/index.php\/2023\/12\/26\/para-circular-en-la-provincia-vtv-documentacion-y-papeles-al-dia\/\" \/>\n<meta property=\"og:site_name\" content=\"Principios\" \/>\n<meta property=\"article:published_time\" content=\"2023-12-26T14:03:43+00:00\" \/>\n<meta property=\"article:modified_time\" content=\"2023-12-26T14:03:45+00:00\" \/>\n<meta property=\"og:image\" content=\"https:\/\/diarioprincipios.com\/wp-content\/uploads\/2023\/12\/30bd5993-5ed6-4926-b9e5-27e082220639.jpg\" \/>\n\t<meta property=\"og:image:width\" content=\"2560\" \/>\n\t<meta property=\"og:image:height\" content=\"1706\" \/>\n\t<meta property=\"og:image:type\" content=\"image\/jpeg\" \/>\n<meta name=\"author\" content=\"Hern\u00e1n L\u00f3pez\" \/>\n<meta name=\"twitter:card\" content=\"summary_large_image\" \/>\n<meta name=\"twitter:label1\" content=\"Escrito por\" \/>\n\t<meta name=\"twitter:data1\" content=\"Hern\u00e1n L\u00f3pez\" \/>\n\t<meta name=\"twitter:label2\" content=\"Tiempo de lectura\" \/>\n\t<meta name=\"twitter:data2\" content=\"2 minutos\" \/>\n<script type=\"application\/ld+json\" class=\"yoast-schema-graph\">{\"@context\":\"https:\\\/\\\/schema.org\",\"@graph\":[{\"@type\":\"Article\",\"@id\":\"https:\\\/\\\/diarioprincipios.com\\\/index.php\\\/2023\\\/12\\\/26\\\/para-circular-en-la-provincia-vtv-documentacion-y-papeles-al-dia\\\/#article\",\"isPartOf\":{\"@id\":\"https:\\\/\\\/diarioprincipios.com\\\/index.php\\\/2023\\\/12\\\/26\\\/para-circular-en-la-provincia-vtv-documentacion-y-papeles-al-dia\\\/\"},\"author\":{\"name\":\"Hern\u00e1n L\u00f3pez\",\"@id\":\"https:\\\/\\\/diarioprincipios.com\\\/#\\\/schema\\\/person\\\/436d5a1fd41a5e250e23ff5a6a7cb080\"},\"headline\":\"Para Circular en la Provincia, VTV, Documentaci\u00f3n y Papeles al D\u00eda\",\"datePublished\":\"2023-12-26T14:03:43+00:00\",\"dateModified\":\"2023-12-26T14:03:45+00:00\",\"mainEntityOfPage\":{\"@id\":\"https:\\\/\\\/diarioprincipios.com\\\/index.php\\\/2023\\\/12\\\/26\\\/para-circular-en-la-provincia-vtv-documentacion-y-papeles-al-dia\\\/\"},\"wordCount\":398,\"commentCount\":0,\"publisher\":{\"@id\":\"https:\\\/\\\/diarioprincipios.com\\\/#organization\"},\"image\":{\"@id\":\"https:\\\/\\\/diarioprincipios.com\\\/index.php\\\/2023\\\/12\\\/26\\\/para-circular-en-la-provincia-vtv-documentacion-y-papeles-al-dia\\\/#primaryimage\"},\"thumbnailUrl\":\"https:\\\/\\\/diarioprincipios.com\\\/wp-content\\\/uploads\\\/2023\\\/12\\\/30bd5993-5ed6-4926-b9e5-27e082220639.jpg\",\"articleSection\":[\"Provincia\"],\"inLanguage\":\"es\",\"potentialAction\":[{\"@type\":\"CommentAction\",\"name\":\"Comment\",\"target\":[\"https:\\\/\\\/diarioprincipios.com\\\/index.php\\\/2023\\\/12\\\/26\\\/para-circular-en-la-provincia-vtv-documentacion-y-papeles-al-dia\\\/#respond\"]}]},{\"@type\":\"WebPage\",\"@id\":\"https:\\\/\\\/diarioprincipios.com\\\/index.php\\\/2023\\\/12\\\/26\\\/para-circular-en-la-provincia-vtv-documentacion-y-papeles-al-dia\\\/\",\"url\":\"https:\\\/\\\/diarioprincipios.com\\\/index.php\\\/2023\\\/12\\\/26\\\/para-circular-en-la-provincia-vtv-documentacion-y-papeles-al-dia\\\/\",\"name\":\"Para Circular en la Provincia, VTV, Documentaci\u00f3n y Papeles al D\u00eda - Principios\",\"isPartOf\":{\"@id\":\"https:\\\/\\\/diarioprincipios.com\\\/#website\"},\"primaryImageOfPage\":{\"@id\":\"https:\\\/\\\/diarioprincipios.com\\\/index.php\\\/2023\\\/12\\\/26\\\/para-circular-en-la-provincia-vtv-documentacion-y-papeles-al-dia\\\/#primaryimage\"},\"image\":{\"@id\":\"https:\\\/\\\/diarioprincipios.com\\\/index.php\\\/2023\\\/12\\\/26\\\/para-circular-en-la-provincia-vtv-documentacion-y-papeles-al-dia\\\/#primaryimage\"},\"thumbnailUrl\":\"https:\\\/\\\/diarioprincipios.com\\\/wp-content\\\/uploads\\\/2023\\\/12\\\/30bd5993-5ed6-4926-b9e5-27e082220639.jpg\",\"datePublished\":\"2023-12-26T14:03:43+00:00\",\"dateModified\":\"2023-12-26T14:03:45+00:00\",\"breadcrumb\":{\"@id\":\"https:\\\/\\\/diarioprincipios.com\\\/index.php\\\/2023\\\/12\\\/26\\\/para-circular-en-la-provincia-vtv-documentacion-y-papeles-al-dia\\\/#breadcrumb\"},\"inLanguage\":\"es\",\"potentialAction\":[{\"@type\":\"ReadAction\",\"target\":[\"https:\\\/\\\/diarioprincipios.com\\\/index.php\\\/2023\\\/12\\\/26\\\/para-circular-en-la-provincia-vtv-documentacion-y-papeles-al-dia\\\/\"]}]},{\"@type\":\"ImageObject\",\"inLanguage\":\"es\",\"@id\":\"https:\\\/\\\/diarioprincipios.com\\\/index.php\\\/2023\\\/12\\\/26\\\/para-circular-en-la-provincia-vtv-documentacion-y-papeles-al-dia\\\/#primaryimage\",\"url\":\"https:\\\/\\\/diarioprincipios.com\\\/wp-content\\\/uploads\\\/2023\\\/12\\\/30bd5993-5ed6-4926-b9e5-27e082220639.jpg\",\"contentUrl\":\"https:\\\/\\\/diarioprincipios.com\\\/wp-content\\\/uploads\\\/2023\\\/12\\\/30bd5993-5ed6-4926-b9e5-27e082220639.jpg\",\"width\":2560,\"height\":1706},{\"@type\":\"BreadcrumbList\",\"@id\":\"https:\\\/\\\/diarioprincipios.com\\\/index.php\\\/2023\\\/12\\\/26\\\/para-circular-en-la-provincia-vtv-documentacion-y-papeles-al-dia\\\/#breadcrumb\",\"itemListElement\":[{\"@type\":\"ListItem\",\"position\":1,\"name\":\"Portada\",\"item\":\"https:\\\/\\\/diarioprincipios.com\\\/\"},{\"@type\":\"ListItem\",\"position\":2,\"name\":\"Para Circular en la Provincia, VTV, Documentaci\u00f3n y Papeles al D\u00eda\"}]},{\"@type\":\"WebSite\",\"@id\":\"https:\\\/\\\/diarioprincipios.com\\\/#website\",\"url\":\"https:\\\/\\\/diarioprincipios.com\\\/\",\"name\":\"Principios\",\"description\":\"Principios Diario\",\"publisher\":{\"@id\":\"https:\\\/\\\/diarioprincipios.com\\\/#organization\"},\"potentialAction\":[{\"@type\":\"SearchAction\",\"target\":{\"@type\":\"EntryPoint\",\"urlTemplate\":\"https:\\\/\\\/diarioprincipios.com\\\/?s={search_term_string}\"},\"query-input\":{\"@type\":\"PropertyValueSpecification\",\"valueRequired\":true,\"valueName\":\"search_term_string\"}}],\"inLanguage\":\"es\"},{\"@type\":\"Organization\",\"@id\":\"https:\\\/\\\/diarioprincipios.com\\\/#organization\",\"name\":\"Principios\",\"url\":\"https:\\\/\\\/diarioprincipios.com\\\/\",\"logo\":{\"@type\":\"ImageObject\",\"inLanguage\":\"es\",\"@id\":\"https:\\\/\\\/diarioprincipios.com\\\/#\\\/schema\\\/logo\\\/image\\\/\",\"url\":\"https:\\\/\\\/diarioprincipios.com\\\/wp-content\\\/uploads\\\/2024\\\/04\\\/cropped-www.diarioprincipios.com_-1.png\",\"contentUrl\":\"https:\\\/\\\/diarioprincipios.com\\\/wp-content\\\/uploads\\\/2024\\\/04\\\/cropped-www.diarioprincipios.com_-1.png\",\"width\":5325,\"height\":1454,\"caption\":\"Principios\"},\"image\":{\"@id\":\"https:\\\/\\\/diarioprincipios.com\\\/#\\\/schema\\\/logo\\\/image\\\/\"}},{\"@type\":\"Person\",\"@id\":\"https:\\\/\\\/diarioprincipios.com\\\/#\\\/schema\\\/person\\\/436d5a1fd41a5e250e23ff5a6a7cb080\",\"name\":\"Hern\u00e1n L\u00f3pez\",\"image\":{\"@type\":\"ImageObject\",\"inLanguage\":\"es\",\"@id\":\"https:\\\/\\\/diarioprincipios.com\\\/wp-content\\\/litespeed\\\/avatar\\\/11ddfe5610ff3bd100522525b2571f48.jpg?ver=1777653193\",\"url\":\"https:\\\/\\\/diarioprincipios.com\\\/wp-content\\\/litespeed\\\/avatar\\\/11ddfe5610ff3bd100522525b2571f48.jpg?ver=1777653193\",\"contentUrl\":\"https:\\\/\\\/diarioprincipios.com\\\/wp-content\\\/litespeed\\\/avatar\\\/11ddfe5610ff3bd100522525b2571f48.jpg?ver=1777653193\",\"caption\":\"Hern\u00e1n L\u00f3pez\"},\"url\":\"https:\\\/\\\/diarioprincipios.com\\\/index.php\\\/author\\\/hernan\\\/\"}]}<\/script>\n<!-- \/ Yoast SEO plugin. -->","yoast_head_json":{"title":"Para Circular en la Provincia, VTV, Documentaci\u00f3n y Papeles al D\u00eda - Principios","robots":{"index":"index","follow":"follow","max-snippet":"max-snippet:-1","max-image-preview":"max-image-preview:large","max-video-preview":"max-video-preview:-1"},"canonical":"https:\/\/diarioprincipios.com\/index.php\/2023\/12\/26\/para-circular-en-la-provincia-vtv-documentacion-y-papeles-al-dia\/","og_locale":"es_ES","og_type":"article","og_title":"Para Circular en la Provincia, VTV, Documentaci\u00f3n y Papeles al D\u00eda - Principios","og_description":"Desde el Ministerio de Transporte bonaerense, conducido por Jorge D\u2019Onofrio, aclararon que no ha cambiado el marco legal vigente para circular.Ante la confusa y err\u00f3nea informaci\u00f3n que ha circulado a partir del Decreto de Necesidad y Urgencia publicado por el Gobierno nacional, el Ministerio de Transporte de la Provincia de Buenos Aires, a cargo de...","og_url":"https:\/\/diarioprincipios.com\/index.php\/2023\/12\/26\/para-circular-en-la-provincia-vtv-documentacion-y-papeles-al-dia\/","og_site_name":"Principios","article_published_time":"2023-12-26T14:03:43+00:00","article_modified_time":"2023-12-26T14:03:45+00:00","og_image":[{"width":2560,"height":1706,"url":"https:\/\/diarioprincipios.com\/wp-content\/uploads\/2023\/12\/30bd5993-5ed6-4926-b9e5-27e082220639.jpg","type":"image\/jpeg"}],"author":"Hern\u00e1n L\u00f3pez","twitter_card":"summary_large_image","twitter_misc":{"Escrito por":"Hern\u00e1n L\u00f3pez","Tiempo de lectura":"2 minutos"},"schema":{"@context":"https:\/\/schema.org","@graph":[{"@type":"Article","@id":"https:\/\/diarioprincipios.com\/index.php\/2023\/12\/26\/para-circular-en-la-provincia-vtv-documentacion-y-papeles-al-dia\/#article","isPartOf":{"@id":"https:\/\/diarioprincipios.com\/index.php\/2023\/12\/26\/para-circular-en-la-provincia-vtv-documentacion-y-papeles-al-dia\/"},"author":{"name":"Hern\u00e1n L\u00f3pez","@id":"https:\/\/diarioprincipios.com\/#\/schema\/person\/436d5a1fd41a5e250e23ff5a6a7cb080"},"headline":"Para Circular en la Provincia, VTV, Documentaci\u00f3n y Papeles al D\u00eda","datePublished":"2023-12-26T14:03:43+00:00","dateModified":"2023-12-26T14:03:45+00:00","mainEntityOfPage":{"@id":"https:\/\/diarioprincipios.com\/index.php\/2023\/12\/26\/para-circular-en-la-provincia-vtv-documentacion-y-papeles-al-dia\/"},"wordCount":398,"commentCount":0,"publisher":{"@id":"https:\/\/diarioprincipios.com\/#organization"},"image":{"@id":"https:\/\/diarioprincipios.com\/index.php\/2023\/12\/26\/para-circular-en-la-provincia-vtv-documentacion-y-papeles-al-dia\/#primaryimage"},"thumbnailUrl":"https:\/\/diarioprincipios.com\/wp-content\/uploads\/2023\/12\/30bd5993-5ed6-4926-b9e5-27e082220639.jpg","articleSection":["Provincia"],"inLanguage":"es","potentialAction":[{"@type":"CommentAction","name":"Comment","target":["https:\/\/diarioprincipios.com\/index.php\/2023\/12\/26\/para-circular-en-la-provincia-vtv-documentacion-y-papeles-al-dia\/#respond"]}]},{"@type":"WebPage","@id":"https:\/\/diarioprincipios.com\/index.php\/2023\/12\/26\/para-circular-en-la-provincia-vtv-documentacion-y-papeles-al-dia\/","url":"https:\/\/diarioprincipios.com\/index.php\/2023\/12\/26\/para-circular-en-la-provincia-vtv-documentacion-y-papeles-al-dia\/","name":"Para Circular en la Provincia, VTV, Documentaci\u00f3n y Papeles al D\u00eda - Principios","isPartOf":{"@id":"https:\/\/diarioprincipios.com\/#website"},"primaryImageOfPage":{"@id":"https:\/\/diarioprincipios.com\/index.php\/2023\/12\/26\/para-circular-en-la-provincia-vtv-documentacion-y-papeles-al-dia\/#primaryimage"},"image":{"@id":"https:\/\/diarioprincipios.com\/index.php\/2023\/12\/26\/para-circular-en-la-provincia-vtv-documentacion-y-papeles-al-dia\/#primaryimage"},"thumbnailUrl":"https:\/\/diarioprincipios.com\/wp-content\/uploads\/2023\/12\/30bd5993-5ed6-4926-b9e5-27e082220639.jpg","datePublished":"2023-12-26T14:03:43+00:00","dateModified":"2023-12-26T14:03:45+00:00","breadcrumb":{"@id":"https:\/\/diarioprincipios.com\/index.php\/2023\/12\/26\/para-circular-en-la-provincia-vtv-documentacion-y-papeles-al-dia\/#breadcrumb"},"inLanguage":"es","potentialAction":[{"@type":"ReadAction","target":["https:\/\/diarioprincipios.com\/index.php\/2023\/12\/26\/para-circular-en-la-provincia-vtv-documentacion-y-papeles-al-dia\/"]}]},{"@type":"ImageObject","inLanguage":"es","@id":"https:\/\/diarioprincipios.com\/index.php\/2023\/12\/26\/para-circular-en-la-provincia-vtv-documentacion-y-papeles-al-dia\/#primaryimage","url":"https:\/\/diarioprincipios.com\/wp-content\/uploads\/2023\/12\/30bd5993-5ed6-4926-b9e5-27e082220639.jpg","contentUrl":"https:\/\/diarioprincipios.com\/wp-content\/uploads\/2023\/12\/30bd5993-5ed6-4926-b9e5-27e082220639.jpg","width":2560,"height":1706},{"@type":"BreadcrumbList","@id":"https:\/\/diarioprincipios.com\/index.php\/2023\/12\/26\/para-circular-en-la-provincia-vtv-documentacion-y-papeles-al-dia\/#breadcrumb","itemListElement":[{"@type":"ListItem","position":1,"name":"Portada","item":"https:\/\/diarioprincipios.com\/"},{"@type":"ListItem","position":2,"name":"Para Circular en la Provincia, VTV, Documentaci\u00f3n y Papeles al D\u00eda"}]},{"@type":"WebSite","@id":"https:\/\/diarioprincipios.com\/#website","url":"https:\/\/diarioprincipios.com\/","name":"Principios","description":"Principios Diario","publisher":{"@id":"https:\/\/diarioprincipios.com\/#organization"},"potentialAction":[{"@type":"SearchAction","target":{"@type":"EntryPoint","urlTemplate":"https:\/\/diarioprincipios.com\/?s={search_term_string}"},"query-input":{"@type":"PropertyValueSpecification","valueRequired":true,"valueName":"search_term_string"}}],"inLanguage":"es"},{"@type":"Organization","@id":"https:\/\/diarioprincipios.com\/#organization","name":"Principios","url":"https:\/\/diarioprincipios.com\/","logo":{"@type":"ImageObject","inLanguage":"es","@id":"https:\/\/diarioprincipios.com\/#\/schema\/logo\/image\/","url":"https:\/\/diarioprincipios.com\/wp-content\/uploads\/2024\/04\/cropped-www.diarioprincipios.com_-1.png","contentUrl":"https:\/\/diarioprincipios.com\/wp-content\/uploads\/2024\/04\/cropped-www.diarioprincipios.com_-1.png","width":5325,"height":1454,"caption":"Principios"},"image":{"@id":"https:\/\/diarioprincipios.com\/#\/schema\/logo\/image\/"}},{"@type":"Person","@id":"https:\/\/diarioprincipios.com\/#\/schema\/person\/436d5a1fd41a5e250e23ff5a6a7cb080","name":"Hern\u00e1n L\u00f3pez","image":{"@type":"ImageObject","inLanguage":"es","@id":"https:\/\/diarioprincipios.com\/wp-content\/litespeed\/avatar\/11ddfe5610ff3bd100522525b2571f48.jpg?ver=1777653193","url":"https:\/\/diarioprincipios.com\/wp-content\/litespeed\/avatar\/11ddfe5610ff3bd100522525b2571f48.jpg?ver=1777653193","contentUrl":"https:\/\/diarioprincipios.com\/wp-content\/litespeed\/avatar\/11ddfe5610ff3bd100522525b2571f48.jpg?ver=1777653193","caption":"Hern\u00e1n L\u00f3pez"},"url":"https:\/\/diarioprincipios.com\/index.php\/author\/hernan\/"}]}},"jetpack_featured_media_url":"https:\/\/diarioprincipios.com\/wp-content\/uploads\/2023\/12\/30bd5993-5ed6-4926-b9e5-27e082220639.jpg","_links":{"self":[{"href":"https:\/\/diarioprincipios.com\/index.php\/wp-json\/wp\/v2\/posts\/20132","targetHints":{"allow":["GET"]}}],"collection":[{"href":"https:\/\/diarioprincipios.com\/index.php\/wp-json\/wp\/v2\/posts"}],"about":[{"href":"https:\/\/diarioprincipios.com\/index.php\/wp-json\/wp\/v2\/types\/post"}],"author":[{"embeddable":true,"href":"https:\/\/diarioprincipios.com\/index.php\/wp-json\/wp\/v2\/users\/2"}],"replies":[{"embeddable":true,"href":"https:\/\/diarioprincipios.com\/index.php\/wp-json\/wp\/v2\/comments?post=20132"}],"version-history":[{"count":1,"href":"https:\/\/diarioprincipios.com\/index.php\/wp-json\/wp\/v2\/posts\/20132\/revisions"}],"predecessor-version":[{"id":20134,"href":"https:\/\/diarioprincipios.com\/index.php\/wp-json\/wp\/v2\/posts\/20132\/revisions\/20134"}],"wp:featuredmedia":[{"embeddable":true,"href":"https:\/\/diarioprincipios.com\/index.php\/wp-json\/wp\/v2\/media\/20133"}],"wp:attachment":[{"href":"https:\/\/diarioprincipios.com\/index.php\/wp-json\/wp\/v2\/media?parent=20132"}],"wp:term":[{"taxonomy":"category","embeddable":true,"href":"https:\/\/diarioprincipios.com\/index.php\/wp-json\/wp\/v2\/categories?post=20132"},{"taxonomy":"post_tag","embeddable":true,"href":"https:\/\/diarioprincipios.com\/index.php\/wp-json\/wp\/v2\/tags?post=20132"}],"curies":[{"name":"wp","href":"https:\/\/api.w.org\/{rel}","templated":true}]}}