{"id":20044,"date":"2023-12-18T16:45:19","date_gmt":"2023-12-18T19:45:19","guid":{"rendered":"http:\/\/diarioprincipios.com\/?p=20044"},"modified":"2023-12-18T16:45:24","modified_gmt":"2023-12-18T19:45:24","slug":"berazategui-impulsa-polo-gastronomico-para-fortalecer-el-consumo-interno","status":"publish","type":"post","link":"https:\/\/diarioprincipios.com\/index.php\/2023\/12\/18\/berazategui-impulsa-polo-gastronomico-para-fortalecer-el-consumo-interno\/","title":{"rendered":"Berazategui impulsa Polo Gastron\u00f3mico para fortalecer el consumo interno"},"content":{"rendered":"\n<p><strong>Como parte de las actividades que organiza el Municipio de Berazategui para el verano, todos los viernes, s\u00e1bados y domingos, la calle 6 -en el tramo que rodea a la Plaza San Mart\u00edn (Av. Mitre e\/ 6 y 7)- se vuelve peatonal. Los comercios del Polo Gastron\u00f3mico instalan mesas y sillas para que los vecinos puedan disfrutar de comer al aire libre.<\/strong><\/p>\n\n\n\n<figure class=\"wp-block-image size-large\"><img loading=\"lazy\" decoding=\"async\" width=\"1024\" height=\"683\" src=\"https:\/\/diarioprincipios.com\/wp-content\/uploads\/2023\/12\/BERAZATEGUI-CUENTA-CON-UNA-PEATONAL-GASTRONOMICA-PARA-COMER-AL-AIRE-LIBRE2-1024x683.jpg\" alt=\"\" class=\"wp-image-20045\" srcset=\"https:\/\/diarioprincipios.com\/wp-content\/uploads\/2023\/12\/BERAZATEGUI-CUENTA-CON-UNA-PEATONAL-GASTRONOMICA-PARA-COMER-AL-AIRE-LIBRE2-1024x683.jpg 1024w, https:\/\/diarioprincipios.com\/wp-content\/uploads\/2023\/12\/BERAZATEGUI-CUENTA-CON-UNA-PEATONAL-GASTRONOMICA-PARA-COMER-AL-AIRE-LIBRE2-300x200.jpg 300w, https:\/\/diarioprincipios.com\/wp-content\/uploads\/2023\/12\/BERAZATEGUI-CUENTA-CON-UNA-PEATONAL-GASTRONOMICA-PARA-COMER-AL-AIRE-LIBRE2-768x512.jpg 768w, https:\/\/diarioprincipios.com\/wp-content\/uploads\/2023\/12\/BERAZATEGUI-CUENTA-CON-UNA-PEATONAL-GASTRONOMICA-PARA-COMER-AL-AIRE-LIBRE2-1536x1024.jpg 1536w, https:\/\/diarioprincipios.com\/wp-content\/uploads\/2023\/12\/BERAZATEGUI-CUENTA-CON-UNA-PEATONAL-GASTRONOMICA-PARA-COMER-AL-AIRE-LIBRE2.jpg 1920w\" sizes=\"auto, (max-width: 1024px) 100vw, 1024px\" \/><\/figure>\n\n\n\n<p><br>El cierre se realiza viernes y s\u00e1bados, de 18.00 a 02.00 y domingos de 18.00 a 00.00. Esta propuesta ayuda a la econom\u00eda local y permite disfrutar de una cena o un almuerzo sin viajar fuera de Berazategui, porque la ciudad ofrece las m\u00e1s variadas opciones gastron\u00f3micas para reunirse con familiares, amigos o compa\u00f1eros de trabajo.<br>Patricio Neveleff, integrante de la Direcci\u00f3n General de Desarrollo Comercial de la Secretar\u00eda de Trabajo, se\u00f1al\u00f3: \u201cComo todos los a\u00f1os, invitamos a los vecinos y las vecinas de Berazategui a salir a disfrutar de los comercios locales. En este caso, hablamos del Polo Gastron\u00f3mico y la peatonal, que cuenta con m\u00e1s de 12 ofertas de distintos rubros, como helader\u00edas, cafeter\u00edas, pizzer\u00edas, restaurantes y bares, con opciones para todas las edades\u201d.<\/p>\n\n\n\n\n\n<p><br>\u201cEste tipo de iniciativas contribuye a fomentar el consumo interno y fortalecer la econom\u00eda local. Forma parte de las pol\u00edticas que impulsa el intendente Juan Jos\u00e9 Mussi, para que Berazategui siga creciendo\u201d, concluye Neveleff.<\/p>\n","protected":false},"excerpt":{"rendered":"<p>Como parte de las actividades que organiza el Municipio de Berazategui para el verano, todos los viernes, s\u00e1bados y domingos, la calle 6 -en el tramo que rodea a la Plaza San Mart\u00edn (Av. Mitre e\/ 6 y 7)- se vuelve peatonal. Los comercios del Polo Gastron\u00f3mico instalan mesas y sillas para que los vecinos&#8230;<\/p>\n","protected":false},"author":2,"featured_media":20047,"comment_status":"open","ping_status":"open","sticky":false,"template":"","format":"standard","meta":{"footnotes":""},"categories":[3],"tags":[],"class_list":["post-20044","post","type-post","status-publish","format-standard","has-post-thumbnail","hentry","category-berazategui"],"featured_image_src":"https:\/\/diarioprincipios.com\/wp-content\/uploads\/2023\/12\/BERAZATEGUI-CUENTA-CON-UNA-PEATONAL-GASTRONOMICA-PARA-COMER-AL-AIRE-LIBRE-1.jpg","blog_images":{"medium":"https:\/\/diarioprincipios.com\/wp-content\/uploads\/2023\/12\/BERAZATEGUI-CUENTA-CON-UNA-PEATONAL-GASTRONOMICA-PARA-COMER-AL-AIRE-LIBRE-1-300x200.jpg","large":"https:\/\/diarioprincipios.com\/wp-content\/uploads\/2023\/12\/BERAZATEGUI-CUENTA-CON-UNA-PEATONAL-GASTRONOMICA-PARA-COMER-AL-AIRE-LIBRE-1.jpg"},"ams_acf":[],"yoast_head":"<!-- This site is optimized with the Yoast SEO plugin v27.3 - https:\/\/yoast.com\/product\/yoast-seo-wordpress\/ -->\n<title>Berazategui impulsa Polo Gastron\u00f3mico para fortalecer el consumo interno - Principios<\/title>\n<meta name=\"robots\" content=\"index, follow, max-snippet:-1, max-image-preview:large, max-video-preview:-1\" \/>\n<link rel=\"canonical\" href=\"https:\/\/diarioprincipios.com\/index.php\/2023\/12\/18\/berazategui-impulsa-polo-gastronomico-para-fortalecer-el-consumo-interno\/\" \/>\n<meta property=\"og:locale\" content=\"es_ES\" \/>\n<meta property=\"og:type\" content=\"article\" \/>\n<meta property=\"og:title\" content=\"Berazategui impulsa Polo Gastron\u00f3mico para fortalecer el consumo interno - Principios\" \/>\n<meta property=\"og:description\" content=\"Como parte de las actividades que organiza el Municipio de Berazategui para el verano, todos los viernes, s\u00e1bados y domingos, la calle 6 -en el tramo que rodea a la Plaza San Mart\u00edn (Av. Mitre e\/ 6 y 7)- se vuelve peatonal. Los comercios del Polo Gastron\u00f3mico instalan mesas y sillas para que los vecinos...\" \/>\n<meta property=\"og:url\" content=\"https:\/\/diarioprincipios.com\/index.php\/2023\/12\/18\/berazategui-impulsa-polo-gastronomico-para-fortalecer-el-consumo-interno\/\" \/>\n<meta property=\"og:site_name\" content=\"Principios\" \/>\n<meta property=\"article:published_time\" content=\"2023-12-18T19:45:19+00:00\" \/>\n<meta property=\"article:modified_time\" content=\"2023-12-18T19:45:24+00:00\" \/>\n<meta property=\"og:image\" content=\"https:\/\/diarioprincipios.com\/wp-content\/uploads\/2023\/12\/BERAZATEGUI-CUENTA-CON-UNA-PEATONAL-GASTRONOMICA-PARA-COMER-AL-AIRE-LIBRE-1.jpg\" \/>\n\t<meta property=\"og:image:width\" content=\"1024\" \/>\n\t<meta property=\"og:image:height\" content=\"683\" \/>\n\t<meta property=\"og:image:type\" content=\"image\/jpeg\" \/>\n<meta name=\"author\" content=\"Hern\u00e1n L\u00f3pez\" \/>\n<meta name=\"twitter:card\" content=\"summary_large_image\" \/>\n<meta name=\"twitter:label1\" content=\"Escrito por\" \/>\n\t<meta name=\"twitter:data1\" content=\"Hern\u00e1n L\u00f3pez\" \/>\n\t<meta name=\"twitter:label2\" content=\"Tiempo de lectura\" \/>\n\t<meta name=\"twitter:data2\" content=\"2 minutos\" \/>\n<script type=\"application\/ld+json\" class=\"yoast-schema-graph\">{\"@context\":\"https:\\\/\\\/schema.org\",\"@graph\":[{\"@type\":\"Article\",\"@id\":\"https:\\\/\\\/diarioprincipios.com\\\/index.php\\\/2023\\\/12\\\/18\\\/berazategui-impulsa-polo-gastronomico-para-fortalecer-el-consumo-interno\\\/#article\",\"isPartOf\":{\"@id\":\"https:\\\/\\\/diarioprincipios.com\\\/index.php\\\/2023\\\/12\\\/18\\\/berazategui-impulsa-polo-gastronomico-para-fortalecer-el-consumo-interno\\\/\"},\"author\":{\"name\":\"Hern\u00e1n L\u00f3pez\",\"@id\":\"https:\\\/\\\/diarioprincipios.com\\\/#\\\/schema\\\/person\\\/436d5a1fd41a5e250e23ff5a6a7cb080\"},\"headline\":\"Berazategui impulsa Polo Gastron\u00f3mico para fortalecer el consumo interno\",\"datePublished\":\"2023-12-18T19:45:19+00:00\",\"dateModified\":\"2023-12-18T19:45:24+00:00\",\"mainEntityOfPage\":{\"@id\":\"https:\\\/\\\/diarioprincipios.com\\\/index.php\\\/2023\\\/12\\\/18\\\/berazategui-impulsa-polo-gastronomico-para-fortalecer-el-consumo-interno\\\/\"},\"wordCount\":244,\"commentCount\":0,\"publisher\":{\"@id\":\"https:\\\/\\\/diarioprincipios.com\\\/#organization\"},\"image\":{\"@id\":\"https:\\\/\\\/diarioprincipios.com\\\/index.php\\\/2023\\\/12\\\/18\\\/berazategui-impulsa-polo-gastronomico-para-fortalecer-el-consumo-interno\\\/#primaryimage\"},\"thumbnailUrl\":\"https:\\\/\\\/diarioprincipios.com\\\/wp-content\\\/uploads\\\/2023\\\/12\\\/BERAZATEGUI-CUENTA-CON-UNA-PEATONAL-GASTRONOMICA-PARA-COMER-AL-AIRE-LIBRE-1.jpg\",\"articleSection\":[\"Berazategui\"],\"inLanguage\":\"es\",\"potentialAction\":[{\"@type\":\"CommentAction\",\"name\":\"Comment\",\"target\":[\"https:\\\/\\\/diarioprincipios.com\\\/index.php\\\/2023\\\/12\\\/18\\\/berazategui-impulsa-polo-gastronomico-para-fortalecer-el-consumo-interno\\\/#respond\"]}]},{\"@type\":\"WebPage\",\"@id\":\"https:\\\/\\\/diarioprincipios.com\\\/index.php\\\/2023\\\/12\\\/18\\\/berazategui-impulsa-polo-gastronomico-para-fortalecer-el-consumo-interno\\\/\",\"url\":\"https:\\\/\\\/diarioprincipios.com\\\/index.php\\\/2023\\\/12\\\/18\\\/berazategui-impulsa-polo-gastronomico-para-fortalecer-el-consumo-interno\\\/\",\"name\":\"Berazategui impulsa Polo Gastron\u00f3mico para fortalecer el consumo interno - Principios\",\"isPartOf\":{\"@id\":\"https:\\\/\\\/diarioprincipios.com\\\/#website\"},\"primaryImageOfPage\":{\"@id\":\"https:\\\/\\\/diarioprincipios.com\\\/index.php\\\/2023\\\/12\\\/18\\\/berazategui-impulsa-polo-gastronomico-para-fortalecer-el-consumo-interno\\\/#primaryimage\"},\"image\":{\"@id\":\"https:\\\/\\\/diarioprincipios.com\\\/index.php\\\/2023\\\/12\\\/18\\\/berazategui-impulsa-polo-gastronomico-para-fortalecer-el-consumo-interno\\\/#primaryimage\"},\"thumbnailUrl\":\"https:\\\/\\\/diarioprincipios.com\\\/wp-content\\\/uploads\\\/2023\\\/12\\\/BERAZATEGUI-CUENTA-CON-UNA-PEATONAL-GASTRONOMICA-PARA-COMER-AL-AIRE-LIBRE-1.jpg\",\"datePublished\":\"2023-12-18T19:45:19+00:00\",\"dateModified\":\"2023-12-18T19:45:24+00:00\",\"breadcrumb\":{\"@id\":\"https:\\\/\\\/diarioprincipios.com\\\/index.php\\\/2023\\\/12\\\/18\\\/berazategui-impulsa-polo-gastronomico-para-fortalecer-el-consumo-interno\\\/#breadcrumb\"},\"inLanguage\":\"es\",\"potentialAction\":[{\"@type\":\"ReadAction\",\"target\":[\"https:\\\/\\\/diarioprincipios.com\\\/index.php\\\/2023\\\/12\\\/18\\\/berazategui-impulsa-polo-gastronomico-para-fortalecer-el-consumo-interno\\\/\"]}]},{\"@type\":\"ImageObject\",\"inLanguage\":\"es\",\"@id\":\"https:\\\/\\\/diarioprincipios.com\\\/index.php\\\/2023\\\/12\\\/18\\\/berazategui-impulsa-polo-gastronomico-para-fortalecer-el-consumo-interno\\\/#primaryimage\",\"url\":\"https:\\\/\\\/diarioprincipios.com\\\/wp-content\\\/uploads\\\/2023\\\/12\\\/BERAZATEGUI-CUENTA-CON-UNA-PEATONAL-GASTRONOMICA-PARA-COMER-AL-AIRE-LIBRE-1.jpg\",\"contentUrl\":\"https:\\\/\\\/diarioprincipios.com\\\/wp-content\\\/uploads\\\/2023\\\/12\\\/BERAZATEGUI-CUENTA-CON-UNA-PEATONAL-GASTRONOMICA-PARA-COMER-AL-AIRE-LIBRE-1.jpg\",\"width\":1024,\"height\":683},{\"@type\":\"BreadcrumbList\",\"@id\":\"https:\\\/\\\/diarioprincipios.com\\\/index.php\\\/2023\\\/12\\\/18\\\/berazategui-impulsa-polo-gastronomico-para-fortalecer-el-consumo-interno\\\/#breadcrumb\",\"itemListElement\":[{\"@type\":\"ListItem\",\"position\":1,\"name\":\"Portada\",\"item\":\"https:\\\/\\\/diarioprincipios.com\\\/\"},{\"@type\":\"ListItem\",\"position\":2,\"name\":\"Berazategui impulsa Polo Gastron\u00f3mico para fortalecer el consumo interno\"}]},{\"@type\":\"WebSite\",\"@id\":\"https:\\\/\\\/diarioprincipios.com\\\/#website\",\"url\":\"https:\\\/\\\/diarioprincipios.com\\\/\",\"name\":\"Principios\",\"description\":\"Principios Diario\",\"publisher\":{\"@id\":\"https:\\\/\\\/diarioprincipios.com\\\/#organization\"},\"potentialAction\":[{\"@type\":\"SearchAction\",\"target\":{\"@type\":\"EntryPoint\",\"urlTemplate\":\"https:\\\/\\\/diarioprincipios.com\\\/?s={search_term_string}\"},\"query-input\":{\"@type\":\"PropertyValueSpecification\",\"valueRequired\":true,\"valueName\":\"search_term_string\"}}],\"inLanguage\":\"es\"},{\"@type\":\"Organization\",\"@id\":\"https:\\\/\\\/diarioprincipios.com\\\/#organization\",\"name\":\"Principios\",\"url\":\"https:\\\/\\\/diarioprincipios.com\\\/\",\"logo\":{\"@type\":\"ImageObject\",\"inLanguage\":\"es\",\"@id\":\"https:\\\/\\\/diarioprincipios.com\\\/#\\\/schema\\\/logo\\\/image\\\/\",\"url\":\"https:\\\/\\\/diarioprincipios.com\\\/wp-content\\\/uploads\\\/2024\\\/04\\\/cropped-www.diarioprincipios.com_-1.png\",\"contentUrl\":\"https:\\\/\\\/diarioprincipios.com\\\/wp-content\\\/uploads\\\/2024\\\/04\\\/cropped-www.diarioprincipios.com_-1.png\",\"width\":5325,\"height\":1454,\"caption\":\"Principios\"},\"image\":{\"@id\":\"https:\\\/\\\/diarioprincipios.com\\\/#\\\/schema\\\/logo\\\/image\\\/\"}},{\"@type\":\"Person\",\"@id\":\"https:\\\/\\\/diarioprincipios.com\\\/#\\\/schema\\\/person\\\/436d5a1fd41a5e250e23ff5a6a7cb080\",\"name\":\"Hern\u00e1n L\u00f3pez\",\"image\":{\"@type\":\"ImageObject\",\"inLanguage\":\"es\",\"@id\":\"https:\\\/\\\/diarioprincipios.com\\\/wp-content\\\/litespeed\\\/avatar\\\/11ddfe5610ff3bd100522525b2571f48.jpg?ver=1777653193\",\"url\":\"https:\\\/\\\/diarioprincipios.com\\\/wp-content\\\/litespeed\\\/avatar\\\/11ddfe5610ff3bd100522525b2571f48.jpg?ver=1777653193\",\"contentUrl\":\"https:\\\/\\\/diarioprincipios.com\\\/wp-content\\\/litespeed\\\/avatar\\\/11ddfe5610ff3bd100522525b2571f48.jpg?ver=1777653193\",\"caption\":\"Hern\u00e1n L\u00f3pez\"},\"url\":\"https:\\\/\\\/diarioprincipios.com\\\/index.php\\\/author\\\/hernan\\\/\"}]}<\/script>\n<!-- \/ Yoast SEO plugin. -->","yoast_head_json":{"title":"Berazategui impulsa Polo Gastron\u00f3mico para fortalecer el consumo interno - Principios","robots":{"index":"index","follow":"follow","max-snippet":"max-snippet:-1","max-image-preview":"max-image-preview:large","max-video-preview":"max-video-preview:-1"},"canonical":"https:\/\/diarioprincipios.com\/index.php\/2023\/12\/18\/berazategui-impulsa-polo-gastronomico-para-fortalecer-el-consumo-interno\/","og_locale":"es_ES","og_type":"article","og_title":"Berazategui impulsa Polo Gastron\u00f3mico para fortalecer el consumo interno - Principios","og_description":"Como parte de las actividades que organiza el Municipio de Berazategui para el verano, todos los viernes, s\u00e1bados y domingos, la calle 6 -en el tramo que rodea a la Plaza San Mart\u00edn (Av. Mitre e\/ 6 y 7)- se vuelve peatonal. Los comercios del Polo Gastron\u00f3mico instalan mesas y sillas para que los vecinos...","og_url":"https:\/\/diarioprincipios.com\/index.php\/2023\/12\/18\/berazategui-impulsa-polo-gastronomico-para-fortalecer-el-consumo-interno\/","og_site_name":"Principios","article_published_time":"2023-12-18T19:45:19+00:00","article_modified_time":"2023-12-18T19:45:24+00:00","og_image":[{"width":1024,"height":683,"url":"https:\/\/diarioprincipios.com\/wp-content\/uploads\/2023\/12\/BERAZATEGUI-CUENTA-CON-UNA-PEATONAL-GASTRONOMICA-PARA-COMER-AL-AIRE-LIBRE-1.jpg","type":"image\/jpeg"}],"author":"Hern\u00e1n L\u00f3pez","twitter_card":"summary_large_image","twitter_misc":{"Escrito por":"Hern\u00e1n L\u00f3pez","Tiempo de lectura":"2 minutos"},"schema":{"@context":"https:\/\/schema.org","@graph":[{"@type":"Article","@id":"https:\/\/diarioprincipios.com\/index.php\/2023\/12\/18\/berazategui-impulsa-polo-gastronomico-para-fortalecer-el-consumo-interno\/#article","isPartOf":{"@id":"https:\/\/diarioprincipios.com\/index.php\/2023\/12\/18\/berazategui-impulsa-polo-gastronomico-para-fortalecer-el-consumo-interno\/"},"author":{"name":"Hern\u00e1n L\u00f3pez","@id":"https:\/\/diarioprincipios.com\/#\/schema\/person\/436d5a1fd41a5e250e23ff5a6a7cb080"},"headline":"Berazategui impulsa Polo Gastron\u00f3mico para fortalecer el consumo interno","datePublished":"2023-12-18T19:45:19+00:00","dateModified":"2023-12-18T19:45:24+00:00","mainEntityOfPage":{"@id":"https:\/\/diarioprincipios.com\/index.php\/2023\/12\/18\/berazategui-impulsa-polo-gastronomico-para-fortalecer-el-consumo-interno\/"},"wordCount":244,"commentCount":0,"publisher":{"@id":"https:\/\/diarioprincipios.com\/#organization"},"image":{"@id":"https:\/\/diarioprincipios.com\/index.php\/2023\/12\/18\/berazategui-impulsa-polo-gastronomico-para-fortalecer-el-consumo-interno\/#primaryimage"},"thumbnailUrl":"https:\/\/diarioprincipios.com\/wp-content\/uploads\/2023\/12\/BERAZATEGUI-CUENTA-CON-UNA-PEATONAL-GASTRONOMICA-PARA-COMER-AL-AIRE-LIBRE-1.jpg","articleSection":["Berazategui"],"inLanguage":"es","potentialAction":[{"@type":"CommentAction","name":"Comment","target":["https:\/\/diarioprincipios.com\/index.php\/2023\/12\/18\/berazategui-impulsa-polo-gastronomico-para-fortalecer-el-consumo-interno\/#respond"]}]},{"@type":"WebPage","@id":"https:\/\/diarioprincipios.com\/index.php\/2023\/12\/18\/berazategui-impulsa-polo-gastronomico-para-fortalecer-el-consumo-interno\/","url":"https:\/\/diarioprincipios.com\/index.php\/2023\/12\/18\/berazategui-impulsa-polo-gastronomico-para-fortalecer-el-consumo-interno\/","name":"Berazategui impulsa Polo Gastron\u00f3mico para fortalecer el consumo interno - Principios","isPartOf":{"@id":"https:\/\/diarioprincipios.com\/#website"},"primaryImageOfPage":{"@id":"https:\/\/diarioprincipios.com\/index.php\/2023\/12\/18\/berazategui-impulsa-polo-gastronomico-para-fortalecer-el-consumo-interno\/#primaryimage"},"image":{"@id":"https:\/\/diarioprincipios.com\/index.php\/2023\/12\/18\/berazategui-impulsa-polo-gastronomico-para-fortalecer-el-consumo-interno\/#primaryimage"},"thumbnailUrl":"https:\/\/diarioprincipios.com\/wp-content\/uploads\/2023\/12\/BERAZATEGUI-CUENTA-CON-UNA-PEATONAL-GASTRONOMICA-PARA-COMER-AL-AIRE-LIBRE-1.jpg","datePublished":"2023-12-18T19:45:19+00:00","dateModified":"2023-12-18T19:45:24+00:00","breadcrumb":{"@id":"https:\/\/diarioprincipios.com\/index.php\/2023\/12\/18\/berazategui-impulsa-polo-gastronomico-para-fortalecer-el-consumo-interno\/#breadcrumb"},"inLanguage":"es","potentialAction":[{"@type":"ReadAction","target":["https:\/\/diarioprincipios.com\/index.php\/2023\/12\/18\/berazategui-impulsa-polo-gastronomico-para-fortalecer-el-consumo-interno\/"]}]},{"@type":"ImageObject","inLanguage":"es","@id":"https:\/\/diarioprincipios.com\/index.php\/2023\/12\/18\/berazategui-impulsa-polo-gastronomico-para-fortalecer-el-consumo-interno\/#primaryimage","url":"https:\/\/diarioprincipios.com\/wp-content\/uploads\/2023\/12\/BERAZATEGUI-CUENTA-CON-UNA-PEATONAL-GASTRONOMICA-PARA-COMER-AL-AIRE-LIBRE-1.jpg","contentUrl":"https:\/\/diarioprincipios.com\/wp-content\/uploads\/2023\/12\/BERAZATEGUI-CUENTA-CON-UNA-PEATONAL-GASTRONOMICA-PARA-COMER-AL-AIRE-LIBRE-1.jpg","width":1024,"height":683},{"@type":"BreadcrumbList","@id":"https:\/\/diarioprincipios.com\/index.php\/2023\/12\/18\/berazategui-impulsa-polo-gastronomico-para-fortalecer-el-consumo-interno\/#breadcrumb","itemListElement":[{"@type":"ListItem","position":1,"name":"Portada","item":"https:\/\/diarioprincipios.com\/"},{"@type":"ListItem","position":2,"name":"Berazategui impulsa Polo Gastron\u00f3mico para fortalecer el consumo interno"}]},{"@type":"WebSite","@id":"https:\/\/diarioprincipios.com\/#website","url":"https:\/\/diarioprincipios.com\/","name":"Principios","description":"Principios Diario","publisher":{"@id":"https:\/\/diarioprincipios.com\/#organization"},"potentialAction":[{"@type":"SearchAction","target":{"@type":"EntryPoint","urlTemplate":"https:\/\/diarioprincipios.com\/?s={search_term_string}"},"query-input":{"@type":"PropertyValueSpecification","valueRequired":true,"valueName":"search_term_string"}}],"inLanguage":"es"},{"@type":"Organization","@id":"https:\/\/diarioprincipios.com\/#organization","name":"Principios","url":"https:\/\/diarioprincipios.com\/","logo":{"@type":"ImageObject","inLanguage":"es","@id":"https:\/\/diarioprincipios.com\/#\/schema\/logo\/image\/","url":"https:\/\/diarioprincipios.com\/wp-content\/uploads\/2024\/04\/cropped-www.diarioprincipios.com_-1.png","contentUrl":"https:\/\/diarioprincipios.com\/wp-content\/uploads\/2024\/04\/cropped-www.diarioprincipios.com_-1.png","width":5325,"height":1454,"caption":"Principios"},"image":{"@id":"https:\/\/diarioprincipios.com\/#\/schema\/logo\/image\/"}},{"@type":"Person","@id":"https:\/\/diarioprincipios.com\/#\/schema\/person\/436d5a1fd41a5e250e23ff5a6a7cb080","name":"Hern\u00e1n L\u00f3pez","image":{"@type":"ImageObject","inLanguage":"es","@id":"https:\/\/diarioprincipios.com\/wp-content\/litespeed\/avatar\/11ddfe5610ff3bd100522525b2571f48.jpg?ver=1777653193","url":"https:\/\/diarioprincipios.com\/wp-content\/litespeed\/avatar\/11ddfe5610ff3bd100522525b2571f48.jpg?ver=1777653193","contentUrl":"https:\/\/diarioprincipios.com\/wp-content\/litespeed\/avatar\/11ddfe5610ff3bd100522525b2571f48.jpg?ver=1777653193","caption":"Hern\u00e1n L\u00f3pez"},"url":"https:\/\/diarioprincipios.com\/index.php\/author\/hernan\/"}]}},"jetpack_featured_media_url":"https:\/\/diarioprincipios.com\/wp-content\/uploads\/2023\/12\/BERAZATEGUI-CUENTA-CON-UNA-PEATONAL-GASTRONOMICA-PARA-COMER-AL-AIRE-LIBRE-1.jpg","_links":{"self":[{"href":"https:\/\/diarioprincipios.com\/index.php\/wp-json\/wp\/v2\/posts\/20044","targetHints":{"allow":["GET"]}}],"collection":[{"href":"https:\/\/diarioprincipios.com\/index.php\/wp-json\/wp\/v2\/posts"}],"about":[{"href":"https:\/\/diarioprincipios.com\/index.php\/wp-json\/wp\/v2\/types\/post"}],"author":[{"embeddable":true,"href":"https:\/\/diarioprincipios.com\/index.php\/wp-json\/wp\/v2\/users\/2"}],"replies":[{"embeddable":true,"href":"https:\/\/diarioprincipios.com\/index.php\/wp-json\/wp\/v2\/comments?post=20044"}],"version-history":[{"count":1,"href":"https:\/\/diarioprincipios.com\/index.php\/wp-json\/wp\/v2\/posts\/20044\/revisions"}],"predecessor-version":[{"id":20049,"href":"https:\/\/diarioprincipios.com\/index.php\/wp-json\/wp\/v2\/posts\/20044\/revisions\/20049"}],"wp:featuredmedia":[{"embeddable":true,"href":"https:\/\/diarioprincipios.com\/index.php\/wp-json\/wp\/v2\/media\/20047"}],"wp:attachment":[{"href":"https:\/\/diarioprincipios.com\/index.php\/wp-json\/wp\/v2\/media?parent=20044"}],"wp:term":[{"taxonomy":"category","embeddable":true,"href":"https:\/\/diarioprincipios.com\/index.php\/wp-json\/wp\/v2\/categories?post=20044"},{"taxonomy":"post_tag","embeddable":true,"href":"https:\/\/diarioprincipios.com\/index.php\/wp-json\/wp\/v2\/tags?post=20044"}],"curies":[{"name":"wp","href":"https:\/\/api.w.org\/{rel}","templated":true}]}}