{"id":20029,"date":"2023-12-18T09:19:27","date_gmt":"2023-12-18T12:19:27","guid":{"rendered":"http:\/\/diarioprincipios.com\/?p=20029"},"modified":"2023-12-18T16:29:22","modified_gmt":"2023-12-18T19:29:22","slug":"cuadrillas-municipales-trabajan-en-zonas-afectadas-por-el-temporal","status":"publish","type":"post","link":"https:\/\/diarioprincipios.com\/index.php\/2023\/12\/18\/cuadrillas-municipales-trabajan-en-zonas-afectadas-por-el-temporal\/","title":{"rendered":"Cuadrillas Municipales trabajan en zonas afectadas por el Temporal"},"content":{"rendered":"\n<p><em>Hubo ca\u00edda de \u00e1rboles, postes y tendido el\u00e9ctrico<\/em><\/p>\n\n\n\n<p><strong>La Municipalidad de Berazategui est\u00e1 trabajando en las secuelas que dej\u00f3 el temporal que azot\u00f3 a diferentes zonas del distrito en la madrugada del domingo 17 de diciembre, por decisi\u00f3n del intendente, Juan Jos\u00e9 Mussi, quien determin\u00f3 que las Secretar\u00edas del Municipio trabajen en conjunto para afrontar las urgencias.<\/strong><\/p>\n\n\n\n<figure class=\"wp-block-image size-large\"><img loading=\"lazy\" decoding=\"async\" width=\"1024\" height=\"683\" src=\"https:\/\/diarioprincipios.com\/wp-content\/uploads\/2023\/12\/20231217_Temporal_Relevo_Cuadrillas_Obras_Publicas_Calle_52_153_FS_03-1024x683.jpg\" alt=\"\" class=\"wp-image-20030\" srcset=\"https:\/\/diarioprincipios.com\/wp-content\/uploads\/2023\/12\/20231217_Temporal_Relevo_Cuadrillas_Obras_Publicas_Calle_52_153_FS_03-1024x683.jpg 1024w, https:\/\/diarioprincipios.com\/wp-content\/uploads\/2023\/12\/20231217_Temporal_Relevo_Cuadrillas_Obras_Publicas_Calle_52_153_FS_03-300x200.jpg 300w, https:\/\/diarioprincipios.com\/wp-content\/uploads\/2023\/12\/20231217_Temporal_Relevo_Cuadrillas_Obras_Publicas_Calle_52_153_FS_03-768x512.jpg 768w, https:\/\/diarioprincipios.com\/wp-content\/uploads\/2023\/12\/20231217_Temporal_Relevo_Cuadrillas_Obras_Publicas_Calle_52_153_FS_03-1536x1024.jpg 1536w, https:\/\/diarioprincipios.com\/wp-content\/uploads\/2023\/12\/20231217_Temporal_Relevo_Cuadrillas_Obras_Publicas_Calle_52_153_FS_03.jpg 1920w\" sizes=\"auto, (max-width: 1024px) 100vw, 1024px\" \/><\/figure>\n\n\n\n<p><strong><br><\/strong><br>De esta manera, cuadrillas municipales est\u00e1n recorriendo todas las localidades resolviendo problemas ocasionados como la ca\u00edda de \u00e1rboles, postes y tendidos el\u00e9ctricos.<\/p>\n\n\n\n<figure class=\"wp-block-image size-large\"><img loading=\"lazy\" decoding=\"async\" width=\"1024\" height=\"683\" src=\"https:\/\/diarioprincipios.com\/wp-content\/uploads\/2023\/12\/20231217_Temporal_Relevo_Cuadrillas_Obras_Publicas_Calle_33_158_FS_02-1024x683.jpg\" alt=\"\" class=\"wp-image-20031\" srcset=\"https:\/\/diarioprincipios.com\/wp-content\/uploads\/2023\/12\/20231217_Temporal_Relevo_Cuadrillas_Obras_Publicas_Calle_33_158_FS_02-1024x683.jpg 1024w, https:\/\/diarioprincipios.com\/wp-content\/uploads\/2023\/12\/20231217_Temporal_Relevo_Cuadrillas_Obras_Publicas_Calle_33_158_FS_02-300x200.jpg 300w, https:\/\/diarioprincipios.com\/wp-content\/uploads\/2023\/12\/20231217_Temporal_Relevo_Cuadrillas_Obras_Publicas_Calle_33_158_FS_02-768x512.jpg 768w, https:\/\/diarioprincipios.com\/wp-content\/uploads\/2023\/12\/20231217_Temporal_Relevo_Cuadrillas_Obras_Publicas_Calle_33_158_FS_02-1536x1024.jpg 1536w, https:\/\/diarioprincipios.com\/wp-content\/uploads\/2023\/12\/20231217_Temporal_Relevo_Cuadrillas_Obras_Publicas_Calle_33_158_FS_02.jpg 1920w\" sizes=\"auto, (max-width: 1024px) 100vw, 1024px\" \/><\/figure>\n\n\n\n<p>Ante una urgencia, los vecinos y vecinas pueden ponerse en contacto las 24 horas con la Secretar\u00eda de Control Urbano llamando al 0800-999-0247\/2525.<\/p>\n\n\n\n<figure class=\"wp-block-image size-large\"><img loading=\"lazy\" decoding=\"async\" width=\"1024\" height=\"683\" src=\"https:\/\/diarioprincipios.com\/wp-content\/uploads\/2023\/12\/20231217_Temporal_Relevo_Cuadrillas_Obras_Publicas_Calle_33_158_FS_05-1024x683.jpg\" alt=\"\" class=\"wp-image-20032\" srcset=\"https:\/\/diarioprincipios.com\/wp-content\/uploads\/2023\/12\/20231217_Temporal_Relevo_Cuadrillas_Obras_Publicas_Calle_33_158_FS_05-1024x683.jpg 1024w, https:\/\/diarioprincipios.com\/wp-content\/uploads\/2023\/12\/20231217_Temporal_Relevo_Cuadrillas_Obras_Publicas_Calle_33_158_FS_05-300x200.jpg 300w, https:\/\/diarioprincipios.com\/wp-content\/uploads\/2023\/12\/20231217_Temporal_Relevo_Cuadrillas_Obras_Publicas_Calle_33_158_FS_05-768x512.jpg 768w, https:\/\/diarioprincipios.com\/wp-content\/uploads\/2023\/12\/20231217_Temporal_Relevo_Cuadrillas_Obras_Publicas_Calle_33_158_FS_05-1536x1024.jpg 1536w, https:\/\/diarioprincipios.com\/wp-content\/uploads\/2023\/12\/20231217_Temporal_Relevo_Cuadrillas_Obras_Publicas_Calle_33_158_FS_05.jpg 1920w\" sizes=\"auto, (max-width: 1024px) 100vw, 1024px\" \/><\/figure>\n\n\n\n<p>Por fallas en el suministro de energ\u00eda o cables en la v\u00eda p\u00fablica, comunicarse al 0800-333-3787.<\/p>\n","protected":false},"excerpt":{"rendered":"<p>Hubo ca\u00edda de \u00e1rboles, postes y tendido el\u00e9ctrico La Municipalidad de Berazategui est\u00e1 trabajando en las secuelas que dej\u00f3 el temporal que azot\u00f3 a diferentes zonas del distrito en la madrugada del domingo 17 de diciembre, por decisi\u00f3n del intendente, Juan Jos\u00e9 Mussi, quien determin\u00f3 que las Secretar\u00edas del Municipio trabajen en conjunto para afrontar&#8230;<\/p>\n","protected":false},"author":2,"featured_media":20033,"comment_status":"open","ping_status":"open","sticky":false,"template":"","format":"standard","meta":{"footnotes":""},"categories":[3],"tags":[],"class_list":["post-20029","post","type-post","status-publish","format-standard","has-post-thumbnail","hentry","category-berazategui"],"featured_image_src":"https:\/\/diarioprincipios.com\/wp-content\/uploads\/2023\/12\/20231217_Temporal_Relevo_Cuadrillas_Obras_Publicas_Calle_33_158_FS_07-1024x683.jpg","blog_images":{"medium":"https:\/\/diarioprincipios.com\/wp-content\/uploads\/2023\/12\/20231217_Temporal_Relevo_Cuadrillas_Obras_Publicas_Calle_33_158_FS_07-300x200.jpg","large":"https:\/\/diarioprincipios.com\/wp-content\/uploads\/2023\/12\/20231217_Temporal_Relevo_Cuadrillas_Obras_Publicas_Calle_33_158_FS_07-1024x683.jpg"},"ams_acf":[],"yoast_head":"<!-- This site is optimized with the Yoast SEO plugin v27.3 - https:\/\/yoast.com\/product\/yoast-seo-wordpress\/ -->\n<title>Cuadrillas Municipales trabajan en zonas afectadas por el Temporal - Principios<\/title>\n<meta name=\"robots\" content=\"index, follow, max-snippet:-1, max-image-preview:large, max-video-preview:-1\" \/>\n<link rel=\"canonical\" href=\"https:\/\/diarioprincipios.com\/index.php\/2023\/12\/18\/cuadrillas-municipales-trabajan-en-zonas-afectadas-por-el-temporal\/\" \/>\n<meta property=\"og:locale\" content=\"es_ES\" \/>\n<meta property=\"og:type\" content=\"article\" \/>\n<meta property=\"og:title\" content=\"Cuadrillas Municipales trabajan en zonas afectadas por el Temporal - Principios\" \/>\n<meta property=\"og:description\" content=\"Hubo ca\u00edda de \u00e1rboles, postes y tendido el\u00e9ctrico La Municipalidad de Berazategui est\u00e1 trabajando en las secuelas que dej\u00f3 el temporal que azot\u00f3 a diferentes zonas del distrito en la madrugada del domingo 17 de diciembre, por decisi\u00f3n del intendente, Juan Jos\u00e9 Mussi, quien determin\u00f3 que las Secretar\u00edas del Municipio trabajen en conjunto para afrontar...\" \/>\n<meta property=\"og:url\" content=\"https:\/\/diarioprincipios.com\/index.php\/2023\/12\/18\/cuadrillas-municipales-trabajan-en-zonas-afectadas-por-el-temporal\/\" \/>\n<meta property=\"og:site_name\" content=\"Principios\" \/>\n<meta property=\"article:published_time\" content=\"2023-12-18T12:19:27+00:00\" \/>\n<meta property=\"article:modified_time\" content=\"2023-12-18T19:29:22+00:00\" \/>\n<meta property=\"og:image\" content=\"https:\/\/diarioprincipios.com\/wp-content\/uploads\/2023\/12\/20231217_Temporal_Relevo_Cuadrillas_Obras_Publicas_Calle_33_158_FS_07.jpg\" \/>\n\t<meta property=\"og:image:width\" content=\"1920\" \/>\n\t<meta property=\"og:image:height\" content=\"1280\" \/>\n\t<meta property=\"og:image:type\" content=\"image\/jpeg\" \/>\n<meta name=\"author\" content=\"Hern\u00e1n L\u00f3pez\" \/>\n<meta name=\"twitter:card\" content=\"summary_large_image\" \/>\n<meta name=\"twitter:label1\" content=\"Escrito por\" \/>\n\t<meta name=\"twitter:data1\" content=\"Hern\u00e1n L\u00f3pez\" \/>\n\t<meta name=\"twitter:label2\" content=\"Tiempo de lectura\" \/>\n\t<meta name=\"twitter:data2\" content=\"2 minutos\" \/>\n<script type=\"application\/ld+json\" class=\"yoast-schema-graph\">{\"@context\":\"https:\\\/\\\/schema.org\",\"@graph\":[{\"@type\":\"Article\",\"@id\":\"https:\\\/\\\/diarioprincipios.com\\\/index.php\\\/2023\\\/12\\\/18\\\/cuadrillas-municipales-trabajan-en-zonas-afectadas-por-el-temporal\\\/#article\",\"isPartOf\":{\"@id\":\"https:\\\/\\\/diarioprincipios.com\\\/index.php\\\/2023\\\/12\\\/18\\\/cuadrillas-municipales-trabajan-en-zonas-afectadas-por-el-temporal\\\/\"},\"author\":{\"name\":\"Hern\u00e1n L\u00f3pez\",\"@id\":\"https:\\\/\\\/diarioprincipios.com\\\/#\\\/schema\\\/person\\\/436d5a1fd41a5e250e23ff5a6a7cb080\"},\"headline\":\"Cuadrillas Municipales trabajan en zonas afectadas por el Temporal\",\"datePublished\":\"2023-12-18T12:19:27+00:00\",\"dateModified\":\"2023-12-18T19:29:22+00:00\",\"mainEntityOfPage\":{\"@id\":\"https:\\\/\\\/diarioprincipios.com\\\/index.php\\\/2023\\\/12\\\/18\\\/cuadrillas-municipales-trabajan-en-zonas-afectadas-por-el-temporal\\\/\"},\"wordCount\":138,\"commentCount\":0,\"publisher\":{\"@id\":\"https:\\\/\\\/diarioprincipios.com\\\/#organization\"},\"image\":{\"@id\":\"https:\\\/\\\/diarioprincipios.com\\\/index.php\\\/2023\\\/12\\\/18\\\/cuadrillas-municipales-trabajan-en-zonas-afectadas-por-el-temporal\\\/#primaryimage\"},\"thumbnailUrl\":\"https:\\\/\\\/diarioprincipios.com\\\/wp-content\\\/uploads\\\/2023\\\/12\\\/20231217_Temporal_Relevo_Cuadrillas_Obras_Publicas_Calle_33_158_FS_07.jpg\",\"articleSection\":[\"Berazategui\"],\"inLanguage\":\"es\",\"potentialAction\":[{\"@type\":\"CommentAction\",\"name\":\"Comment\",\"target\":[\"https:\\\/\\\/diarioprincipios.com\\\/index.php\\\/2023\\\/12\\\/18\\\/cuadrillas-municipales-trabajan-en-zonas-afectadas-por-el-temporal\\\/#respond\"]}]},{\"@type\":\"WebPage\",\"@id\":\"https:\\\/\\\/diarioprincipios.com\\\/index.php\\\/2023\\\/12\\\/18\\\/cuadrillas-municipales-trabajan-en-zonas-afectadas-por-el-temporal\\\/\",\"url\":\"https:\\\/\\\/diarioprincipios.com\\\/index.php\\\/2023\\\/12\\\/18\\\/cuadrillas-municipales-trabajan-en-zonas-afectadas-por-el-temporal\\\/\",\"name\":\"Cuadrillas Municipales trabajan en zonas afectadas por el Temporal - Principios\",\"isPartOf\":{\"@id\":\"https:\\\/\\\/diarioprincipios.com\\\/#website\"},\"primaryImageOfPage\":{\"@id\":\"https:\\\/\\\/diarioprincipios.com\\\/index.php\\\/2023\\\/12\\\/18\\\/cuadrillas-municipales-trabajan-en-zonas-afectadas-por-el-temporal\\\/#primaryimage\"},\"image\":{\"@id\":\"https:\\\/\\\/diarioprincipios.com\\\/index.php\\\/2023\\\/12\\\/18\\\/cuadrillas-municipales-trabajan-en-zonas-afectadas-por-el-temporal\\\/#primaryimage\"},\"thumbnailUrl\":\"https:\\\/\\\/diarioprincipios.com\\\/wp-content\\\/uploads\\\/2023\\\/12\\\/20231217_Temporal_Relevo_Cuadrillas_Obras_Publicas_Calle_33_158_FS_07.jpg\",\"datePublished\":\"2023-12-18T12:19:27+00:00\",\"dateModified\":\"2023-12-18T19:29:22+00:00\",\"breadcrumb\":{\"@id\":\"https:\\\/\\\/diarioprincipios.com\\\/index.php\\\/2023\\\/12\\\/18\\\/cuadrillas-municipales-trabajan-en-zonas-afectadas-por-el-temporal\\\/#breadcrumb\"},\"inLanguage\":\"es\",\"potentialAction\":[{\"@type\":\"ReadAction\",\"target\":[\"https:\\\/\\\/diarioprincipios.com\\\/index.php\\\/2023\\\/12\\\/18\\\/cuadrillas-municipales-trabajan-en-zonas-afectadas-por-el-temporal\\\/\"]}]},{\"@type\":\"ImageObject\",\"inLanguage\":\"es\",\"@id\":\"https:\\\/\\\/diarioprincipios.com\\\/index.php\\\/2023\\\/12\\\/18\\\/cuadrillas-municipales-trabajan-en-zonas-afectadas-por-el-temporal\\\/#primaryimage\",\"url\":\"https:\\\/\\\/diarioprincipios.com\\\/wp-content\\\/uploads\\\/2023\\\/12\\\/20231217_Temporal_Relevo_Cuadrillas_Obras_Publicas_Calle_33_158_FS_07.jpg\",\"contentUrl\":\"https:\\\/\\\/diarioprincipios.com\\\/wp-content\\\/uploads\\\/2023\\\/12\\\/20231217_Temporal_Relevo_Cuadrillas_Obras_Publicas_Calle_33_158_FS_07.jpg\",\"width\":1920,\"height\":1280},{\"@type\":\"BreadcrumbList\",\"@id\":\"https:\\\/\\\/diarioprincipios.com\\\/index.php\\\/2023\\\/12\\\/18\\\/cuadrillas-municipales-trabajan-en-zonas-afectadas-por-el-temporal\\\/#breadcrumb\",\"itemListElement\":[{\"@type\":\"ListItem\",\"position\":1,\"name\":\"Portada\",\"item\":\"https:\\\/\\\/diarioprincipios.com\\\/\"},{\"@type\":\"ListItem\",\"position\":2,\"name\":\"Cuadrillas Municipales trabajan en zonas afectadas por el Temporal\"}]},{\"@type\":\"WebSite\",\"@id\":\"https:\\\/\\\/diarioprincipios.com\\\/#website\",\"url\":\"https:\\\/\\\/diarioprincipios.com\\\/\",\"name\":\"Principios\",\"description\":\"Principios Diario\",\"publisher\":{\"@id\":\"https:\\\/\\\/diarioprincipios.com\\\/#organization\"},\"potentialAction\":[{\"@type\":\"SearchAction\",\"target\":{\"@type\":\"EntryPoint\",\"urlTemplate\":\"https:\\\/\\\/diarioprincipios.com\\\/?s={search_term_string}\"},\"query-input\":{\"@type\":\"PropertyValueSpecification\",\"valueRequired\":true,\"valueName\":\"search_term_string\"}}],\"inLanguage\":\"es\"},{\"@type\":\"Organization\",\"@id\":\"https:\\\/\\\/diarioprincipios.com\\\/#organization\",\"name\":\"Principios\",\"url\":\"https:\\\/\\\/diarioprincipios.com\\\/\",\"logo\":{\"@type\":\"ImageObject\",\"inLanguage\":\"es\",\"@id\":\"https:\\\/\\\/diarioprincipios.com\\\/#\\\/schema\\\/logo\\\/image\\\/\",\"url\":\"https:\\\/\\\/diarioprincipios.com\\\/wp-content\\\/uploads\\\/2024\\\/04\\\/cropped-www.diarioprincipios.com_-1.png\",\"contentUrl\":\"https:\\\/\\\/diarioprincipios.com\\\/wp-content\\\/uploads\\\/2024\\\/04\\\/cropped-www.diarioprincipios.com_-1.png\",\"width\":5325,\"height\":1454,\"caption\":\"Principios\"},\"image\":{\"@id\":\"https:\\\/\\\/diarioprincipios.com\\\/#\\\/schema\\\/logo\\\/image\\\/\"}},{\"@type\":\"Person\",\"@id\":\"https:\\\/\\\/diarioprincipios.com\\\/#\\\/schema\\\/person\\\/436d5a1fd41a5e250e23ff5a6a7cb080\",\"name\":\"Hern\u00e1n L\u00f3pez\",\"image\":{\"@type\":\"ImageObject\",\"inLanguage\":\"es\",\"@id\":\"https:\\\/\\\/diarioprincipios.com\\\/wp-content\\\/litespeed\\\/avatar\\\/11ddfe5610ff3bd100522525b2571f48.jpg?ver=1777653193\",\"url\":\"https:\\\/\\\/diarioprincipios.com\\\/wp-content\\\/litespeed\\\/avatar\\\/11ddfe5610ff3bd100522525b2571f48.jpg?ver=1777653193\",\"contentUrl\":\"https:\\\/\\\/diarioprincipios.com\\\/wp-content\\\/litespeed\\\/avatar\\\/11ddfe5610ff3bd100522525b2571f48.jpg?ver=1777653193\",\"caption\":\"Hern\u00e1n L\u00f3pez\"},\"url\":\"https:\\\/\\\/diarioprincipios.com\\\/index.php\\\/author\\\/hernan\\\/\"}]}<\/script>\n<!-- \/ Yoast SEO plugin. -->","yoast_head_json":{"title":"Cuadrillas Municipales trabajan en zonas afectadas por el Temporal - Principios","robots":{"index":"index","follow":"follow","max-snippet":"max-snippet:-1","max-image-preview":"max-image-preview:large","max-video-preview":"max-video-preview:-1"},"canonical":"https:\/\/diarioprincipios.com\/index.php\/2023\/12\/18\/cuadrillas-municipales-trabajan-en-zonas-afectadas-por-el-temporal\/","og_locale":"es_ES","og_type":"article","og_title":"Cuadrillas Municipales trabajan en zonas afectadas por el Temporal - Principios","og_description":"Hubo ca\u00edda de \u00e1rboles, postes y tendido el\u00e9ctrico La Municipalidad de Berazategui est\u00e1 trabajando en las secuelas que dej\u00f3 el temporal que azot\u00f3 a diferentes zonas del distrito en la madrugada del domingo 17 de diciembre, por decisi\u00f3n del intendente, Juan Jos\u00e9 Mussi, quien determin\u00f3 que las Secretar\u00edas del Municipio trabajen en conjunto para afrontar...","og_url":"https:\/\/diarioprincipios.com\/index.php\/2023\/12\/18\/cuadrillas-municipales-trabajan-en-zonas-afectadas-por-el-temporal\/","og_site_name":"Principios","article_published_time":"2023-12-18T12:19:27+00:00","article_modified_time":"2023-12-18T19:29:22+00:00","og_image":[{"width":1920,"height":1280,"url":"https:\/\/diarioprincipios.com\/wp-content\/uploads\/2023\/12\/20231217_Temporal_Relevo_Cuadrillas_Obras_Publicas_Calle_33_158_FS_07.jpg","type":"image\/jpeg"}],"author":"Hern\u00e1n L\u00f3pez","twitter_card":"summary_large_image","twitter_misc":{"Escrito por":"Hern\u00e1n L\u00f3pez","Tiempo de lectura":"2 minutos"},"schema":{"@context":"https:\/\/schema.org","@graph":[{"@type":"Article","@id":"https:\/\/diarioprincipios.com\/index.php\/2023\/12\/18\/cuadrillas-municipales-trabajan-en-zonas-afectadas-por-el-temporal\/#article","isPartOf":{"@id":"https:\/\/diarioprincipios.com\/index.php\/2023\/12\/18\/cuadrillas-municipales-trabajan-en-zonas-afectadas-por-el-temporal\/"},"author":{"name":"Hern\u00e1n L\u00f3pez","@id":"https:\/\/diarioprincipios.com\/#\/schema\/person\/436d5a1fd41a5e250e23ff5a6a7cb080"},"headline":"Cuadrillas Municipales trabajan en zonas afectadas por el Temporal","datePublished":"2023-12-18T12:19:27+00:00","dateModified":"2023-12-18T19:29:22+00:00","mainEntityOfPage":{"@id":"https:\/\/diarioprincipios.com\/index.php\/2023\/12\/18\/cuadrillas-municipales-trabajan-en-zonas-afectadas-por-el-temporal\/"},"wordCount":138,"commentCount":0,"publisher":{"@id":"https:\/\/diarioprincipios.com\/#organization"},"image":{"@id":"https:\/\/diarioprincipios.com\/index.php\/2023\/12\/18\/cuadrillas-municipales-trabajan-en-zonas-afectadas-por-el-temporal\/#primaryimage"},"thumbnailUrl":"https:\/\/diarioprincipios.com\/wp-content\/uploads\/2023\/12\/20231217_Temporal_Relevo_Cuadrillas_Obras_Publicas_Calle_33_158_FS_07.jpg","articleSection":["Berazategui"],"inLanguage":"es","potentialAction":[{"@type":"CommentAction","name":"Comment","target":["https:\/\/diarioprincipios.com\/index.php\/2023\/12\/18\/cuadrillas-municipales-trabajan-en-zonas-afectadas-por-el-temporal\/#respond"]}]},{"@type":"WebPage","@id":"https:\/\/diarioprincipios.com\/index.php\/2023\/12\/18\/cuadrillas-municipales-trabajan-en-zonas-afectadas-por-el-temporal\/","url":"https:\/\/diarioprincipios.com\/index.php\/2023\/12\/18\/cuadrillas-municipales-trabajan-en-zonas-afectadas-por-el-temporal\/","name":"Cuadrillas Municipales trabajan en zonas afectadas por el Temporal - Principios","isPartOf":{"@id":"https:\/\/diarioprincipios.com\/#website"},"primaryImageOfPage":{"@id":"https:\/\/diarioprincipios.com\/index.php\/2023\/12\/18\/cuadrillas-municipales-trabajan-en-zonas-afectadas-por-el-temporal\/#primaryimage"},"image":{"@id":"https:\/\/diarioprincipios.com\/index.php\/2023\/12\/18\/cuadrillas-municipales-trabajan-en-zonas-afectadas-por-el-temporal\/#primaryimage"},"thumbnailUrl":"https:\/\/diarioprincipios.com\/wp-content\/uploads\/2023\/12\/20231217_Temporal_Relevo_Cuadrillas_Obras_Publicas_Calle_33_158_FS_07.jpg","datePublished":"2023-12-18T12:19:27+00:00","dateModified":"2023-12-18T19:29:22+00:00","breadcrumb":{"@id":"https:\/\/diarioprincipios.com\/index.php\/2023\/12\/18\/cuadrillas-municipales-trabajan-en-zonas-afectadas-por-el-temporal\/#breadcrumb"},"inLanguage":"es","potentialAction":[{"@type":"ReadAction","target":["https:\/\/diarioprincipios.com\/index.php\/2023\/12\/18\/cuadrillas-municipales-trabajan-en-zonas-afectadas-por-el-temporal\/"]}]},{"@type":"ImageObject","inLanguage":"es","@id":"https:\/\/diarioprincipios.com\/index.php\/2023\/12\/18\/cuadrillas-municipales-trabajan-en-zonas-afectadas-por-el-temporal\/#primaryimage","url":"https:\/\/diarioprincipios.com\/wp-content\/uploads\/2023\/12\/20231217_Temporal_Relevo_Cuadrillas_Obras_Publicas_Calle_33_158_FS_07.jpg","contentUrl":"https:\/\/diarioprincipios.com\/wp-content\/uploads\/2023\/12\/20231217_Temporal_Relevo_Cuadrillas_Obras_Publicas_Calle_33_158_FS_07.jpg","width":1920,"height":1280},{"@type":"BreadcrumbList","@id":"https:\/\/diarioprincipios.com\/index.php\/2023\/12\/18\/cuadrillas-municipales-trabajan-en-zonas-afectadas-por-el-temporal\/#breadcrumb","itemListElement":[{"@type":"ListItem","position":1,"name":"Portada","item":"https:\/\/diarioprincipios.com\/"},{"@type":"ListItem","position":2,"name":"Cuadrillas Municipales trabajan en zonas afectadas por el Temporal"}]},{"@type":"WebSite","@id":"https:\/\/diarioprincipios.com\/#website","url":"https:\/\/diarioprincipios.com\/","name":"Principios","description":"Principios Diario","publisher":{"@id":"https:\/\/diarioprincipios.com\/#organization"},"potentialAction":[{"@type":"SearchAction","target":{"@type":"EntryPoint","urlTemplate":"https:\/\/diarioprincipios.com\/?s={search_term_string}"},"query-input":{"@type":"PropertyValueSpecification","valueRequired":true,"valueName":"search_term_string"}}],"inLanguage":"es"},{"@type":"Organization","@id":"https:\/\/diarioprincipios.com\/#organization","name":"Principios","url":"https:\/\/diarioprincipios.com\/","logo":{"@type":"ImageObject","inLanguage":"es","@id":"https:\/\/diarioprincipios.com\/#\/schema\/logo\/image\/","url":"https:\/\/diarioprincipios.com\/wp-content\/uploads\/2024\/04\/cropped-www.diarioprincipios.com_-1.png","contentUrl":"https:\/\/diarioprincipios.com\/wp-content\/uploads\/2024\/04\/cropped-www.diarioprincipios.com_-1.png","width":5325,"height":1454,"caption":"Principios"},"image":{"@id":"https:\/\/diarioprincipios.com\/#\/schema\/logo\/image\/"}},{"@type":"Person","@id":"https:\/\/diarioprincipios.com\/#\/schema\/person\/436d5a1fd41a5e250e23ff5a6a7cb080","name":"Hern\u00e1n L\u00f3pez","image":{"@type":"ImageObject","inLanguage":"es","@id":"https:\/\/diarioprincipios.com\/wp-content\/litespeed\/avatar\/11ddfe5610ff3bd100522525b2571f48.jpg?ver=1777653193","url":"https:\/\/diarioprincipios.com\/wp-content\/litespeed\/avatar\/11ddfe5610ff3bd100522525b2571f48.jpg?ver=1777653193","contentUrl":"https:\/\/diarioprincipios.com\/wp-content\/litespeed\/avatar\/11ddfe5610ff3bd100522525b2571f48.jpg?ver=1777653193","caption":"Hern\u00e1n L\u00f3pez"},"url":"https:\/\/diarioprincipios.com\/index.php\/author\/hernan\/"}]}},"jetpack_featured_media_url":"https:\/\/diarioprincipios.com\/wp-content\/uploads\/2023\/12\/20231217_Temporal_Relevo_Cuadrillas_Obras_Publicas_Calle_33_158_FS_07.jpg","_links":{"self":[{"href":"https:\/\/diarioprincipios.com\/index.php\/wp-json\/wp\/v2\/posts\/20029","targetHints":{"allow":["GET"]}}],"collection":[{"href":"https:\/\/diarioprincipios.com\/index.php\/wp-json\/wp\/v2\/posts"}],"about":[{"href":"https:\/\/diarioprincipios.com\/index.php\/wp-json\/wp\/v2\/types\/post"}],"author":[{"embeddable":true,"href":"https:\/\/diarioprincipios.com\/index.php\/wp-json\/wp\/v2\/users\/2"}],"replies":[{"embeddable":true,"href":"https:\/\/diarioprincipios.com\/index.php\/wp-json\/wp\/v2\/comments?post=20029"}],"version-history":[{"count":2,"href":"https:\/\/diarioprincipios.com\/index.php\/wp-json\/wp\/v2\/posts\/20029\/revisions"}],"predecessor-version":[{"id":20043,"href":"https:\/\/diarioprincipios.com\/index.php\/wp-json\/wp\/v2\/posts\/20029\/revisions\/20043"}],"wp:featuredmedia":[{"embeddable":true,"href":"https:\/\/diarioprincipios.com\/index.php\/wp-json\/wp\/v2\/media\/20033"}],"wp:attachment":[{"href":"https:\/\/diarioprincipios.com\/index.php\/wp-json\/wp\/v2\/media?parent=20029"}],"wp:term":[{"taxonomy":"category","embeddable":true,"href":"https:\/\/diarioprincipios.com\/index.php\/wp-json\/wp\/v2\/categories?post=20029"},{"taxonomy":"post_tag","embeddable":true,"href":"https:\/\/diarioprincipios.com\/index.php\/wp-json\/wp\/v2\/tags?post=20029"}],"curies":[{"name":"wp","href":"https:\/\/api.w.org\/{rel}","templated":true}]}}