{"id":20021,"date":"2023-12-17T17:11:04","date_gmt":"2023-12-17T20:11:04","guid":{"rendered":"http:\/\/diarioprincipios.com\/?p=20021"},"modified":"2023-12-17T17:11:07","modified_gmt":"2023-12-17T20:11:07","slug":"mabel-dias-asumio-como-concejala-asumo-este-rol-con-compromiso-y-responsabilidad","status":"publish","type":"post","link":"https:\/\/diarioprincipios.com\/index.php\/2023\/12\/17\/mabel-dias-asumio-como-concejala-asumo-este-rol-con-compromiso-y-responsabilidad\/","title":{"rendered":"Mabel Dias asumi\u00f3 como concejala: \u00abAsumo este rol con compromiso y responsabilidad\u00bb"},"content":{"rendered":"\n<p>La referente del Frente Renovador en Berazategui, Mabel D\u00edas, que el 10 de diciembre hab\u00eda cumplido un periodo de 4 a\u00f1os como concejala, asumi\u00f3 el pasado viernes, tras el pedido de licencia de los tres primeros concejales electos de la lista de Mussi, un nuevo mandato en el HCD, donde ocupar\u00e1 una banca integr\u00e1ndose al Bloque Justicialista que est\u00e1 compuesto por 15 concejales.<\/p>\n\n\n\n<figure class=\"wp-block-image size-large\"><img loading=\"lazy\" decoding=\"async\" width=\"1024\" height=\"683\" src=\"https:\/\/diarioprincipios.com\/wp-content\/uploads\/2023\/12\/IMG-20231215-WA0095-1024x683.jpg\" alt=\"\" class=\"wp-image-20022\" srcset=\"https:\/\/diarioprincipios.com\/wp-content\/uploads\/2023\/12\/IMG-20231215-WA0095-1024x683.jpg 1024w, https:\/\/diarioprincipios.com\/wp-content\/uploads\/2023\/12\/IMG-20231215-WA0095-300x200.jpg 300w, https:\/\/diarioprincipios.com\/wp-content\/uploads\/2023\/12\/IMG-20231215-WA0095-768x512.jpg 768w, https:\/\/diarioprincipios.com\/wp-content\/uploads\/2023\/12\/IMG-20231215-WA0095.jpg 1452w\" sizes=\"auto, (max-width: 1024px) 100vw, 1024px\" \/><\/figure>\n\n\n\n<p>\u00abCon mucha emoci\u00f3n puedo decirles que&nbsp;comienzo un nuevo periodo como concejala, asumo este rol con compromiso y responsabilidad por el bienestar de todos los vecinos y vecinas de Berazategui como lo vengo haciendo hace 4 a\u00f1os\u00bb, sostuvo Mabel D\u00edas.<\/p>\n\n\n\n<p>Seguidamente, la concejala dijo que \u00bb agradezco&nbsp;una vez m\u00e1s por la confianza depositada, eso me llena de orgullo, vamos a seguir trabajando junto a nuestros compa\u00f1eros por cada uno de los vecinos y vecinas de nuestra ciudad\u00bb.<\/p>\n\n\n\n<p>Finalmente, dijo que \u00abno pod\u00eda dejar pasar est\u00e1s fechas sin dejarles un mensaje lleno de afecto y fraternidad . Estamos viviendo un tiempo de muchas palabras tiradas al viento y quiz\u00e1 momentos que profundizan el sentir en estas fechas. Quiero desearles con amor, f\u00e9 y esperanza una feliz\u00a0\u00a0noche buena y hermosa navidad\u00bb, a\u00f1adiendo que \u00abpese a las dificultades trabajaremos por un a\u00f1o nuevo de prosperidad\u00bb.<\/p>\n","protected":false},"excerpt":{"rendered":"<p>La referente del Frente Renovador en Berazategui, Mabel D\u00edas, que el 10 de diciembre hab\u00eda cumplido un periodo de 4 a\u00f1os como concejala, asumi\u00f3 el pasado viernes, tras el pedido de licencia de los tres primeros concejales electos de la lista de Mussi, un nuevo mandato en el HCD, donde ocupar\u00e1 una banca integr\u00e1ndose al&#8230;<\/p>\n","protected":false},"author":2,"featured_media":20023,"comment_status":"open","ping_status":"open","sticky":false,"template":"","format":"standard","meta":{"footnotes":""},"categories":[3],"tags":[],"class_list":["post-20021","post","type-post","status-publish","format-standard","has-post-thumbnail","hentry","category-berazategui"],"featured_image_src":"https:\/\/diarioprincipios.com\/wp-content\/uploads\/2023\/12\/IMG-20231215-WA0093-1024x683.jpg","blog_images":{"medium":"https:\/\/diarioprincipios.com\/wp-content\/uploads\/2023\/12\/IMG-20231215-WA0093-300x200.jpg","large":"https:\/\/diarioprincipios.com\/wp-content\/uploads\/2023\/12\/IMG-20231215-WA0093-1024x683.jpg"},"ams_acf":[],"yoast_head":"<!-- This site is optimized with the Yoast SEO plugin v27.3 - https:\/\/yoast.com\/product\/yoast-seo-wordpress\/ -->\n<title>Mabel Dias asumi\u00f3 como concejala: &quot;Asumo este rol con compromiso y responsabilidad&quot; - Principios<\/title>\n<meta name=\"robots\" content=\"index, follow, max-snippet:-1, max-image-preview:large, max-video-preview:-1\" \/>\n<link rel=\"canonical\" href=\"https:\/\/diarioprincipios.com\/index.php\/2023\/12\/17\/mabel-dias-asumio-como-concejala-asumo-este-rol-con-compromiso-y-responsabilidad\/\" \/>\n<meta property=\"og:locale\" content=\"es_ES\" \/>\n<meta property=\"og:type\" content=\"article\" \/>\n<meta property=\"og:title\" content=\"Mabel Dias asumi\u00f3 como concejala: &quot;Asumo este rol con compromiso y responsabilidad&quot; - Principios\" \/>\n<meta property=\"og:description\" content=\"La referente del Frente Renovador en Berazategui, Mabel D\u00edas, que el 10 de diciembre hab\u00eda cumplido un periodo de 4 a\u00f1os como concejala, asumi\u00f3 el pasado viernes, tras el pedido de licencia de los tres primeros concejales electos de la lista de Mussi, un nuevo mandato en el HCD, donde ocupar\u00e1 una banca integr\u00e1ndose al...\" \/>\n<meta property=\"og:url\" content=\"https:\/\/diarioprincipios.com\/index.php\/2023\/12\/17\/mabel-dias-asumio-como-concejala-asumo-este-rol-con-compromiso-y-responsabilidad\/\" \/>\n<meta property=\"og:site_name\" content=\"Principios\" \/>\n<meta property=\"article:published_time\" content=\"2023-12-17T20:11:04+00:00\" \/>\n<meta property=\"article:modified_time\" content=\"2023-12-17T20:11:07+00:00\" \/>\n<meta property=\"og:image\" content=\"https:\/\/diarioprincipios.com\/wp-content\/uploads\/2023\/12\/IMG-20231215-WA0093.jpg\" \/>\n\t<meta property=\"og:image:width\" content=\"1338\" \/>\n\t<meta property=\"og:image:height\" content=\"892\" \/>\n\t<meta property=\"og:image:type\" content=\"image\/jpeg\" \/>\n<meta name=\"author\" content=\"Hern\u00e1n L\u00f3pez\" \/>\n<meta name=\"twitter:card\" content=\"summary_large_image\" \/>\n<meta name=\"twitter:label1\" content=\"Escrito por\" \/>\n\t<meta name=\"twitter:data1\" content=\"Hern\u00e1n L\u00f3pez\" \/>\n\t<meta name=\"twitter:label2\" content=\"Tiempo de lectura\" \/>\n\t<meta name=\"twitter:data2\" content=\"2 minutos\" \/>\n<script type=\"application\/ld+json\" class=\"yoast-schema-graph\">{\"@context\":\"https:\\\/\\\/schema.org\",\"@graph\":[{\"@type\":\"Article\",\"@id\":\"https:\\\/\\\/diarioprincipios.com\\\/index.php\\\/2023\\\/12\\\/17\\\/mabel-dias-asumio-como-concejala-asumo-este-rol-con-compromiso-y-responsabilidad\\\/#article\",\"isPartOf\":{\"@id\":\"https:\\\/\\\/diarioprincipios.com\\\/index.php\\\/2023\\\/12\\\/17\\\/mabel-dias-asumio-como-concejala-asumo-este-rol-con-compromiso-y-responsabilidad\\\/\"},\"author\":{\"name\":\"Hern\u00e1n L\u00f3pez\",\"@id\":\"https:\\\/\\\/diarioprincipios.com\\\/#\\\/schema\\\/person\\\/436d5a1fd41a5e250e23ff5a6a7cb080\"},\"headline\":\"Mabel Dias asumi\u00f3 como concejala: \u00abAsumo este rol con compromiso y responsabilidad\u00bb\",\"datePublished\":\"2023-12-17T20:11:04+00:00\",\"dateModified\":\"2023-12-17T20:11:07+00:00\",\"mainEntityOfPage\":{\"@id\":\"https:\\\/\\\/diarioprincipios.com\\\/index.php\\\/2023\\\/12\\\/17\\\/mabel-dias-asumio-como-concejala-asumo-este-rol-con-compromiso-y-responsabilidad\\\/\"},\"wordCount\":228,\"commentCount\":0,\"publisher\":{\"@id\":\"https:\\\/\\\/diarioprincipios.com\\\/#organization\"},\"image\":{\"@id\":\"https:\\\/\\\/diarioprincipios.com\\\/index.php\\\/2023\\\/12\\\/17\\\/mabel-dias-asumio-como-concejala-asumo-este-rol-con-compromiso-y-responsabilidad\\\/#primaryimage\"},\"thumbnailUrl\":\"https:\\\/\\\/diarioprincipios.com\\\/wp-content\\\/uploads\\\/2023\\\/12\\\/IMG-20231215-WA0093.jpg\",\"articleSection\":[\"Berazategui\"],\"inLanguage\":\"es\",\"potentialAction\":[{\"@type\":\"CommentAction\",\"name\":\"Comment\",\"target\":[\"https:\\\/\\\/diarioprincipios.com\\\/index.php\\\/2023\\\/12\\\/17\\\/mabel-dias-asumio-como-concejala-asumo-este-rol-con-compromiso-y-responsabilidad\\\/#respond\"]}]},{\"@type\":\"WebPage\",\"@id\":\"https:\\\/\\\/diarioprincipios.com\\\/index.php\\\/2023\\\/12\\\/17\\\/mabel-dias-asumio-como-concejala-asumo-este-rol-con-compromiso-y-responsabilidad\\\/\",\"url\":\"https:\\\/\\\/diarioprincipios.com\\\/index.php\\\/2023\\\/12\\\/17\\\/mabel-dias-asumio-como-concejala-asumo-este-rol-con-compromiso-y-responsabilidad\\\/\",\"name\":\"Mabel Dias asumi\u00f3 como concejala: \\\"Asumo este rol con compromiso y responsabilidad\\\" - Principios\",\"isPartOf\":{\"@id\":\"https:\\\/\\\/diarioprincipios.com\\\/#website\"},\"primaryImageOfPage\":{\"@id\":\"https:\\\/\\\/diarioprincipios.com\\\/index.php\\\/2023\\\/12\\\/17\\\/mabel-dias-asumio-como-concejala-asumo-este-rol-con-compromiso-y-responsabilidad\\\/#primaryimage\"},\"image\":{\"@id\":\"https:\\\/\\\/diarioprincipios.com\\\/index.php\\\/2023\\\/12\\\/17\\\/mabel-dias-asumio-como-concejala-asumo-este-rol-con-compromiso-y-responsabilidad\\\/#primaryimage\"},\"thumbnailUrl\":\"https:\\\/\\\/diarioprincipios.com\\\/wp-content\\\/uploads\\\/2023\\\/12\\\/IMG-20231215-WA0093.jpg\",\"datePublished\":\"2023-12-17T20:11:04+00:00\",\"dateModified\":\"2023-12-17T20:11:07+00:00\",\"breadcrumb\":{\"@id\":\"https:\\\/\\\/diarioprincipios.com\\\/index.php\\\/2023\\\/12\\\/17\\\/mabel-dias-asumio-como-concejala-asumo-este-rol-con-compromiso-y-responsabilidad\\\/#breadcrumb\"},\"inLanguage\":\"es\",\"potentialAction\":[{\"@type\":\"ReadAction\",\"target\":[\"https:\\\/\\\/diarioprincipios.com\\\/index.php\\\/2023\\\/12\\\/17\\\/mabel-dias-asumio-como-concejala-asumo-este-rol-con-compromiso-y-responsabilidad\\\/\"]}]},{\"@type\":\"ImageObject\",\"inLanguage\":\"es\",\"@id\":\"https:\\\/\\\/diarioprincipios.com\\\/index.php\\\/2023\\\/12\\\/17\\\/mabel-dias-asumio-como-concejala-asumo-este-rol-con-compromiso-y-responsabilidad\\\/#primaryimage\",\"url\":\"https:\\\/\\\/diarioprincipios.com\\\/wp-content\\\/uploads\\\/2023\\\/12\\\/IMG-20231215-WA0093.jpg\",\"contentUrl\":\"https:\\\/\\\/diarioprincipios.com\\\/wp-content\\\/uploads\\\/2023\\\/12\\\/IMG-20231215-WA0093.jpg\",\"width\":1338,\"height\":892},{\"@type\":\"BreadcrumbList\",\"@id\":\"https:\\\/\\\/diarioprincipios.com\\\/index.php\\\/2023\\\/12\\\/17\\\/mabel-dias-asumio-como-concejala-asumo-este-rol-con-compromiso-y-responsabilidad\\\/#breadcrumb\",\"itemListElement\":[{\"@type\":\"ListItem\",\"position\":1,\"name\":\"Portada\",\"item\":\"https:\\\/\\\/diarioprincipios.com\\\/\"},{\"@type\":\"ListItem\",\"position\":2,\"name\":\"Mabel Dias asumi\u00f3 como concejala: \u00abAsumo este rol con compromiso y responsabilidad\u00bb\"}]},{\"@type\":\"WebSite\",\"@id\":\"https:\\\/\\\/diarioprincipios.com\\\/#website\",\"url\":\"https:\\\/\\\/diarioprincipios.com\\\/\",\"name\":\"Principios\",\"description\":\"Principios Diario\",\"publisher\":{\"@id\":\"https:\\\/\\\/diarioprincipios.com\\\/#organization\"},\"potentialAction\":[{\"@type\":\"SearchAction\",\"target\":{\"@type\":\"EntryPoint\",\"urlTemplate\":\"https:\\\/\\\/diarioprincipios.com\\\/?s={search_term_string}\"},\"query-input\":{\"@type\":\"PropertyValueSpecification\",\"valueRequired\":true,\"valueName\":\"search_term_string\"}}],\"inLanguage\":\"es\"},{\"@type\":\"Organization\",\"@id\":\"https:\\\/\\\/diarioprincipios.com\\\/#organization\",\"name\":\"Principios\",\"url\":\"https:\\\/\\\/diarioprincipios.com\\\/\",\"logo\":{\"@type\":\"ImageObject\",\"inLanguage\":\"es\",\"@id\":\"https:\\\/\\\/diarioprincipios.com\\\/#\\\/schema\\\/logo\\\/image\\\/\",\"url\":\"https:\\\/\\\/diarioprincipios.com\\\/wp-content\\\/uploads\\\/2024\\\/04\\\/cropped-www.diarioprincipios.com_-1.png\",\"contentUrl\":\"https:\\\/\\\/diarioprincipios.com\\\/wp-content\\\/uploads\\\/2024\\\/04\\\/cropped-www.diarioprincipios.com_-1.png\",\"width\":5325,\"height\":1454,\"caption\":\"Principios\"},\"image\":{\"@id\":\"https:\\\/\\\/diarioprincipios.com\\\/#\\\/schema\\\/logo\\\/image\\\/\"}},{\"@type\":\"Person\",\"@id\":\"https:\\\/\\\/diarioprincipios.com\\\/#\\\/schema\\\/person\\\/436d5a1fd41a5e250e23ff5a6a7cb080\",\"name\":\"Hern\u00e1n L\u00f3pez\",\"image\":{\"@type\":\"ImageObject\",\"inLanguage\":\"es\",\"@id\":\"https:\\\/\\\/diarioprincipios.com\\\/wp-content\\\/litespeed\\\/avatar\\\/11ddfe5610ff3bd100522525b2571f48.jpg?ver=1777653193\",\"url\":\"https:\\\/\\\/diarioprincipios.com\\\/wp-content\\\/litespeed\\\/avatar\\\/11ddfe5610ff3bd100522525b2571f48.jpg?ver=1777653193\",\"contentUrl\":\"https:\\\/\\\/diarioprincipios.com\\\/wp-content\\\/litespeed\\\/avatar\\\/11ddfe5610ff3bd100522525b2571f48.jpg?ver=1777653193\",\"caption\":\"Hern\u00e1n L\u00f3pez\"},\"url\":\"https:\\\/\\\/diarioprincipios.com\\\/index.php\\\/author\\\/hernan\\\/\"}]}<\/script>\n<!-- \/ Yoast SEO plugin. -->","yoast_head_json":{"title":"Mabel Dias asumi\u00f3 como concejala: \"Asumo este rol con compromiso y responsabilidad\" - Principios","robots":{"index":"index","follow":"follow","max-snippet":"max-snippet:-1","max-image-preview":"max-image-preview:large","max-video-preview":"max-video-preview:-1"},"canonical":"https:\/\/diarioprincipios.com\/index.php\/2023\/12\/17\/mabel-dias-asumio-como-concejala-asumo-este-rol-con-compromiso-y-responsabilidad\/","og_locale":"es_ES","og_type":"article","og_title":"Mabel Dias asumi\u00f3 como concejala: \"Asumo este rol con compromiso y responsabilidad\" - Principios","og_description":"La referente del Frente Renovador en Berazategui, Mabel D\u00edas, que el 10 de diciembre hab\u00eda cumplido un periodo de 4 a\u00f1os como concejala, asumi\u00f3 el pasado viernes, tras el pedido de licencia de los tres primeros concejales electos de la lista de Mussi, un nuevo mandato en el HCD, donde ocupar\u00e1 una banca integr\u00e1ndose al...","og_url":"https:\/\/diarioprincipios.com\/index.php\/2023\/12\/17\/mabel-dias-asumio-como-concejala-asumo-este-rol-con-compromiso-y-responsabilidad\/","og_site_name":"Principios","article_published_time":"2023-12-17T20:11:04+00:00","article_modified_time":"2023-12-17T20:11:07+00:00","og_image":[{"width":1338,"height":892,"url":"https:\/\/diarioprincipios.com\/wp-content\/uploads\/2023\/12\/IMG-20231215-WA0093.jpg","type":"image\/jpeg"}],"author":"Hern\u00e1n L\u00f3pez","twitter_card":"summary_large_image","twitter_misc":{"Escrito por":"Hern\u00e1n L\u00f3pez","Tiempo de lectura":"2 minutos"},"schema":{"@context":"https:\/\/schema.org","@graph":[{"@type":"Article","@id":"https:\/\/diarioprincipios.com\/index.php\/2023\/12\/17\/mabel-dias-asumio-como-concejala-asumo-este-rol-con-compromiso-y-responsabilidad\/#article","isPartOf":{"@id":"https:\/\/diarioprincipios.com\/index.php\/2023\/12\/17\/mabel-dias-asumio-como-concejala-asumo-este-rol-con-compromiso-y-responsabilidad\/"},"author":{"name":"Hern\u00e1n L\u00f3pez","@id":"https:\/\/diarioprincipios.com\/#\/schema\/person\/436d5a1fd41a5e250e23ff5a6a7cb080"},"headline":"Mabel Dias asumi\u00f3 como concejala: \u00abAsumo este rol con compromiso y responsabilidad\u00bb","datePublished":"2023-12-17T20:11:04+00:00","dateModified":"2023-12-17T20:11:07+00:00","mainEntityOfPage":{"@id":"https:\/\/diarioprincipios.com\/index.php\/2023\/12\/17\/mabel-dias-asumio-como-concejala-asumo-este-rol-con-compromiso-y-responsabilidad\/"},"wordCount":228,"commentCount":0,"publisher":{"@id":"https:\/\/diarioprincipios.com\/#organization"},"image":{"@id":"https:\/\/diarioprincipios.com\/index.php\/2023\/12\/17\/mabel-dias-asumio-como-concejala-asumo-este-rol-con-compromiso-y-responsabilidad\/#primaryimage"},"thumbnailUrl":"https:\/\/diarioprincipios.com\/wp-content\/uploads\/2023\/12\/IMG-20231215-WA0093.jpg","articleSection":["Berazategui"],"inLanguage":"es","potentialAction":[{"@type":"CommentAction","name":"Comment","target":["https:\/\/diarioprincipios.com\/index.php\/2023\/12\/17\/mabel-dias-asumio-como-concejala-asumo-este-rol-con-compromiso-y-responsabilidad\/#respond"]}]},{"@type":"WebPage","@id":"https:\/\/diarioprincipios.com\/index.php\/2023\/12\/17\/mabel-dias-asumio-como-concejala-asumo-este-rol-con-compromiso-y-responsabilidad\/","url":"https:\/\/diarioprincipios.com\/index.php\/2023\/12\/17\/mabel-dias-asumio-como-concejala-asumo-este-rol-con-compromiso-y-responsabilidad\/","name":"Mabel Dias asumi\u00f3 como concejala: \"Asumo este rol con compromiso y responsabilidad\" - Principios","isPartOf":{"@id":"https:\/\/diarioprincipios.com\/#website"},"primaryImageOfPage":{"@id":"https:\/\/diarioprincipios.com\/index.php\/2023\/12\/17\/mabel-dias-asumio-como-concejala-asumo-este-rol-con-compromiso-y-responsabilidad\/#primaryimage"},"image":{"@id":"https:\/\/diarioprincipios.com\/index.php\/2023\/12\/17\/mabel-dias-asumio-como-concejala-asumo-este-rol-con-compromiso-y-responsabilidad\/#primaryimage"},"thumbnailUrl":"https:\/\/diarioprincipios.com\/wp-content\/uploads\/2023\/12\/IMG-20231215-WA0093.jpg","datePublished":"2023-12-17T20:11:04+00:00","dateModified":"2023-12-17T20:11:07+00:00","breadcrumb":{"@id":"https:\/\/diarioprincipios.com\/index.php\/2023\/12\/17\/mabel-dias-asumio-como-concejala-asumo-este-rol-con-compromiso-y-responsabilidad\/#breadcrumb"},"inLanguage":"es","potentialAction":[{"@type":"ReadAction","target":["https:\/\/diarioprincipios.com\/index.php\/2023\/12\/17\/mabel-dias-asumio-como-concejala-asumo-este-rol-con-compromiso-y-responsabilidad\/"]}]},{"@type":"ImageObject","inLanguage":"es","@id":"https:\/\/diarioprincipios.com\/index.php\/2023\/12\/17\/mabel-dias-asumio-como-concejala-asumo-este-rol-con-compromiso-y-responsabilidad\/#primaryimage","url":"https:\/\/diarioprincipios.com\/wp-content\/uploads\/2023\/12\/IMG-20231215-WA0093.jpg","contentUrl":"https:\/\/diarioprincipios.com\/wp-content\/uploads\/2023\/12\/IMG-20231215-WA0093.jpg","width":1338,"height":892},{"@type":"BreadcrumbList","@id":"https:\/\/diarioprincipios.com\/index.php\/2023\/12\/17\/mabel-dias-asumio-como-concejala-asumo-este-rol-con-compromiso-y-responsabilidad\/#breadcrumb","itemListElement":[{"@type":"ListItem","position":1,"name":"Portada","item":"https:\/\/diarioprincipios.com\/"},{"@type":"ListItem","position":2,"name":"Mabel Dias asumi\u00f3 como concejala: \u00abAsumo este rol con compromiso y responsabilidad\u00bb"}]},{"@type":"WebSite","@id":"https:\/\/diarioprincipios.com\/#website","url":"https:\/\/diarioprincipios.com\/","name":"Principios","description":"Principios Diario","publisher":{"@id":"https:\/\/diarioprincipios.com\/#organization"},"potentialAction":[{"@type":"SearchAction","target":{"@type":"EntryPoint","urlTemplate":"https:\/\/diarioprincipios.com\/?s={search_term_string}"},"query-input":{"@type":"PropertyValueSpecification","valueRequired":true,"valueName":"search_term_string"}}],"inLanguage":"es"},{"@type":"Organization","@id":"https:\/\/diarioprincipios.com\/#organization","name":"Principios","url":"https:\/\/diarioprincipios.com\/","logo":{"@type":"ImageObject","inLanguage":"es","@id":"https:\/\/diarioprincipios.com\/#\/schema\/logo\/image\/","url":"https:\/\/diarioprincipios.com\/wp-content\/uploads\/2024\/04\/cropped-www.diarioprincipios.com_-1.png","contentUrl":"https:\/\/diarioprincipios.com\/wp-content\/uploads\/2024\/04\/cropped-www.diarioprincipios.com_-1.png","width":5325,"height":1454,"caption":"Principios"},"image":{"@id":"https:\/\/diarioprincipios.com\/#\/schema\/logo\/image\/"}},{"@type":"Person","@id":"https:\/\/diarioprincipios.com\/#\/schema\/person\/436d5a1fd41a5e250e23ff5a6a7cb080","name":"Hern\u00e1n L\u00f3pez","image":{"@type":"ImageObject","inLanguage":"es","@id":"https:\/\/diarioprincipios.com\/wp-content\/litespeed\/avatar\/11ddfe5610ff3bd100522525b2571f48.jpg?ver=1777653193","url":"https:\/\/diarioprincipios.com\/wp-content\/litespeed\/avatar\/11ddfe5610ff3bd100522525b2571f48.jpg?ver=1777653193","contentUrl":"https:\/\/diarioprincipios.com\/wp-content\/litespeed\/avatar\/11ddfe5610ff3bd100522525b2571f48.jpg?ver=1777653193","caption":"Hern\u00e1n L\u00f3pez"},"url":"https:\/\/diarioprincipios.com\/index.php\/author\/hernan\/"}]}},"jetpack_featured_media_url":"https:\/\/diarioprincipios.com\/wp-content\/uploads\/2023\/12\/IMG-20231215-WA0093.jpg","_links":{"self":[{"href":"https:\/\/diarioprincipios.com\/index.php\/wp-json\/wp\/v2\/posts\/20021","targetHints":{"allow":["GET"]}}],"collection":[{"href":"https:\/\/diarioprincipios.com\/index.php\/wp-json\/wp\/v2\/posts"}],"about":[{"href":"https:\/\/diarioprincipios.com\/index.php\/wp-json\/wp\/v2\/types\/post"}],"author":[{"embeddable":true,"href":"https:\/\/diarioprincipios.com\/index.php\/wp-json\/wp\/v2\/users\/2"}],"replies":[{"embeddable":true,"href":"https:\/\/diarioprincipios.com\/index.php\/wp-json\/wp\/v2\/comments?post=20021"}],"version-history":[{"count":1,"href":"https:\/\/diarioprincipios.com\/index.php\/wp-json\/wp\/v2\/posts\/20021\/revisions"}],"predecessor-version":[{"id":20024,"href":"https:\/\/diarioprincipios.com\/index.php\/wp-json\/wp\/v2\/posts\/20021\/revisions\/20024"}],"wp:featuredmedia":[{"embeddable":true,"href":"https:\/\/diarioprincipios.com\/index.php\/wp-json\/wp\/v2\/media\/20023"}],"wp:attachment":[{"href":"https:\/\/diarioprincipios.com\/index.php\/wp-json\/wp\/v2\/media?parent=20021"}],"wp:term":[{"taxonomy":"category","embeddable":true,"href":"https:\/\/diarioprincipios.com\/index.php\/wp-json\/wp\/v2\/categories?post=20021"},{"taxonomy":"post_tag","embeddable":true,"href":"https:\/\/diarioprincipios.com\/index.php\/wp-json\/wp\/v2\/tags?post=20021"}],"curies":[{"name":"wp","href":"https:\/\/api.w.org\/{rel}","templated":true}]}}