{"id":20017,"date":"2023-12-17T16:36:02","date_gmt":"2023-12-17T19:36:02","guid":{"rendered":"http:\/\/diarioprincipios.com\/?p=20017"},"modified":"2023-12-17T16:36:03","modified_gmt":"2023-12-17T19:36:03","slug":"kicillof-encabeza-el-comite-de-crisis-en-bahia-blanca","status":"publish","type":"post","link":"https:\/\/diarioprincipios.com\/index.php\/2023\/12\/17\/kicillof-encabeza-el-comite-de-crisis-en-bahia-blanca\/","title":{"rendered":"Kicillof encabeza el Comit\u00e9 de Crisis en Bah\u00eda Blanca"},"content":{"rendered":"\n<p>\u201cLa prioridad ahora es que los vecinos y vecinas permanezcan en sus casas mientras haya riesgos para la salud, ya sea por problemas en el tendido el\u00e9ctrico, pozos u otros inconvenientes generados por el evento clim\u00e1tico\u201d, afirm\u00f3 este domingo el gobernador Axel Kicillof tras participar de una reuni\u00f3n del Comit\u00e9 de Crisis que realiza un seguimiento de la situaci\u00f3n de emergencia tras la fuerte tormenta que, con r\u00e1fagas de 150 km, afect\u00f3 a la ciudad de Bah\u00eda Blanca.<\/p>\n\n\n\n<p>Tras la reuni\u00f3n junto al intendente Federico Susbielles, el ministro de Seguridad, Javier Alonso, y otras autoridades, el Gobierno bonaerense decidi\u00f3 decretar duelo en toda la provincia de Buenos Aires y la emergencia en las zonas afectadas. \u201cQuiero darles mis condolencias y el p\u00e9same a las familias que sufrieron la p\u00e9rdida de vida de seres queridos\u201d, expres\u00f3 Kicillof en declaraciones a los medios locales.<\/p>\n\n\n\n<p>\u201cEstuvimos en contacto con el intendente Susbielles desde que se inici\u00f3 el evento clim\u00e1tico y continuamos trabajando con todo el gabinete hasta altas horas de la madrugada, ya que la tormenta se desplaz\u00f3 pr\u00e1cticamente por toda la superficie de la provincia\u201d, explic\u00f3 el Gobernador.<\/p>\n\n\n\n<figure class=\"wp-block-image size-large\"><img loading=\"lazy\" decoding=\"async\" width=\"1024\" height=\"746\" src=\"https:\/\/diarioprincipios.com\/wp-content\/uploads\/2023\/12\/IMG-20231217-WA0040-1024x746.jpg\" alt=\"\" class=\"wp-image-20018\" srcset=\"https:\/\/diarioprincipios.com\/wp-content\/uploads\/2023\/12\/IMG-20231217-WA0040-1024x746.jpg 1024w, https:\/\/diarioprincipios.com\/wp-content\/uploads\/2023\/12\/IMG-20231217-WA0040-300x219.jpg 300w, https:\/\/diarioprincipios.com\/wp-content\/uploads\/2023\/12\/IMG-20231217-WA0040-768x560.jpg 768w, https:\/\/diarioprincipios.com\/wp-content\/uploads\/2023\/12\/IMG-20231217-WA0040.jpg 1280w\" sizes=\"auto, (max-width: 1024px) 100vw, 1024px\" \/><\/figure>\n\n\n\n<p>En ese sentido, Kicillof detall\u00f3 que la Provincia despleg\u00f3 m\u00e1s de 350 efectivos en la zona, tanto de la Polic\u00eda como de los cuerpos de bomberos y Defensa Civil, especializados en el accionar ante emergencias. \u201cEstamos acompa\u00f1ando al pueblo de Bah\u00eda Blanca no solo con asistencia para los evacuados, sino tambi\u00e9n con equipamiento pesado y liviano que trasladamos hacia la ciudad para poder llevar adelante el operativo de limpieza de calles y \u00e1rboles ca\u00eddos\u201d, sostuvo.<\/p>\n\n\n\n<p>Al respecto, Kicillof destac\u00f3 que \u201cestamos trabajando intensamente para restablecer la energ\u00eda junto con la empresa privada que lo tiene a su cargo\u201d, a la vez que explic\u00f3 que \u201cm\u00e1s all\u00e1 de la urgencia, este operativo debe realizarse con mucha pericia porque no se puede restablecer la energ\u00eda si hay peligro de que esto genere descargas\u201d.<\/p>\n\n\n\n<p>Adem\u00e1s, la cartera de Salud provincial ha enviado equipos m\u00e9dicos pertenecientes al Sistema Integrado de Emergencias Sanitarias (SIES), psic\u00f3logos que conforman la Red Provincial de Salud Mental en Incidente Cr\u00edtico (PROSAMIC), as\u00ed como tambi\u00e9n carpas para la atenci\u00f3n de la contingencia de manera ambulatoria. Asimismo, desde el Ministerio de Desarrollo de la Comunidad se enviaron camiones con bidones de agua, colchones, alimentos, frazadas, indumentaria y calzado, materiales de construcci\u00f3n y elementos de limpieza para los vecinos afectados por el temporal.<\/p>\n\n\n\n<p>\u201cEsto lo hace el Estado porque es su funci\u00f3n, producto de una pol\u00edtica de inversi\u00f3n que lleva 4 a\u00f1os y que nos permiti\u00f3 tener tanto los aviones con los que nos desplazamos, como la maquinaria que ya se ve actuando en toda la ciudad\u201d, resalt\u00f3.<\/p>\n\n\n\n<p>A la par de atender la situaci\u00f3n que atraviesa Bah\u00eda Blanca, el gabinete provincial se encuentra en contacto y trabajando en conjunto con los municipios afectados por el temporal, con el objetivo de atender las demandas de materiales, colchones, alimentos y productos de limpieza requeridos en toda la Provincia.<\/p>\n","protected":false},"excerpt":{"rendered":"<p>\u201cLa prioridad ahora es que los vecinos y vecinas permanezcan en sus casas mientras haya riesgos para la salud, ya sea por problemas en el tendido el\u00e9ctrico, pozos u otros inconvenientes generados por el evento clim\u00e1tico\u201d, afirm\u00f3 este domingo el gobernador Axel Kicillof tras participar de una reuni\u00f3n del Comit\u00e9 de Crisis que realiza un&#8230;<\/p>\n","protected":false},"author":2,"featured_media":20019,"comment_status":"open","ping_status":"open","sticky":false,"template":"","format":"standard","meta":{"footnotes":""},"categories":[7],"tags":[],"class_list":["post-20017","post","type-post","status-publish","format-standard","has-post-thumbnail","hentry","category-provincia"],"featured_image_src":"https:\/\/diarioprincipios.com\/wp-content\/uploads\/2023\/12\/IMG-20231217-WA0027-1024x765.jpg","blog_images":{"medium":"https:\/\/diarioprincipios.com\/wp-content\/uploads\/2023\/12\/IMG-20231217-WA0027-300x224.jpg","large":"https:\/\/diarioprincipios.com\/wp-content\/uploads\/2023\/12\/IMG-20231217-WA0027-1024x765.jpg"},"ams_acf":[],"yoast_head":"<!-- This site is optimized with the Yoast SEO plugin v27.3 - https:\/\/yoast.com\/product\/yoast-seo-wordpress\/ -->\n<title>Kicillof encabeza el Comit\u00e9 de Crisis en Bah\u00eda Blanca - Principios<\/title>\n<meta name=\"robots\" content=\"index, follow, max-snippet:-1, max-image-preview:large, max-video-preview:-1\" \/>\n<link rel=\"canonical\" href=\"https:\/\/diarioprincipios.com\/index.php\/2023\/12\/17\/kicillof-encabeza-el-comite-de-crisis-en-bahia-blanca\/\" \/>\n<meta property=\"og:locale\" content=\"es_ES\" \/>\n<meta property=\"og:type\" content=\"article\" \/>\n<meta property=\"og:title\" content=\"Kicillof encabeza el Comit\u00e9 de Crisis en Bah\u00eda Blanca - Principios\" \/>\n<meta property=\"og:description\" content=\"\u201cLa prioridad ahora es que los vecinos y vecinas permanezcan en sus casas mientras haya riesgos para la salud, ya sea por problemas en el tendido el\u00e9ctrico, pozos u otros inconvenientes generados por el evento clim\u00e1tico\u201d, afirm\u00f3 este domingo el gobernador Axel Kicillof tras participar de una reuni\u00f3n del Comit\u00e9 de Crisis que realiza un...\" \/>\n<meta property=\"og:url\" content=\"https:\/\/diarioprincipios.com\/index.php\/2023\/12\/17\/kicillof-encabeza-el-comite-de-crisis-en-bahia-blanca\/\" \/>\n<meta property=\"og:site_name\" content=\"Principios\" \/>\n<meta property=\"article:published_time\" content=\"2023-12-17T19:36:02+00:00\" \/>\n<meta property=\"article:modified_time\" content=\"2023-12-17T19:36:03+00:00\" \/>\n<meta property=\"og:image\" content=\"https:\/\/diarioprincipios.com\/wp-content\/uploads\/2023\/12\/IMG-20231217-WA0027.jpg\" \/>\n\t<meta property=\"og:image:width\" content=\"1179\" \/>\n\t<meta property=\"og:image:height\" content=\"881\" \/>\n\t<meta property=\"og:image:type\" content=\"image\/jpeg\" \/>\n<meta name=\"author\" content=\"Hern\u00e1n L\u00f3pez\" \/>\n<meta name=\"twitter:card\" content=\"summary_large_image\" \/>\n<meta name=\"twitter:label1\" content=\"Escrito por\" \/>\n\t<meta name=\"twitter:data1\" content=\"Hern\u00e1n L\u00f3pez\" \/>\n\t<meta name=\"twitter:label2\" content=\"Tiempo de lectura\" \/>\n\t<meta name=\"twitter:data2\" content=\"3 minutos\" \/>\n<script type=\"application\/ld+json\" class=\"yoast-schema-graph\">{\"@context\":\"https:\\\/\\\/schema.org\",\"@graph\":[{\"@type\":\"Article\",\"@id\":\"https:\\\/\\\/diarioprincipios.com\\\/index.php\\\/2023\\\/12\\\/17\\\/kicillof-encabeza-el-comite-de-crisis-en-bahia-blanca\\\/#article\",\"isPartOf\":{\"@id\":\"https:\\\/\\\/diarioprincipios.com\\\/index.php\\\/2023\\\/12\\\/17\\\/kicillof-encabeza-el-comite-de-crisis-en-bahia-blanca\\\/\"},\"author\":{\"name\":\"Hern\u00e1n L\u00f3pez\",\"@id\":\"https:\\\/\\\/diarioprincipios.com\\\/#\\\/schema\\\/person\\\/436d5a1fd41a5e250e23ff5a6a7cb080\"},\"headline\":\"Kicillof encabeza el Comit\u00e9 de Crisis en Bah\u00eda Blanca\",\"datePublished\":\"2023-12-17T19:36:02+00:00\",\"dateModified\":\"2023-12-17T19:36:03+00:00\",\"mainEntityOfPage\":{\"@id\":\"https:\\\/\\\/diarioprincipios.com\\\/index.php\\\/2023\\\/12\\\/17\\\/kicillof-encabeza-el-comite-de-crisis-en-bahia-blanca\\\/\"},\"wordCount\":531,\"commentCount\":0,\"publisher\":{\"@id\":\"https:\\\/\\\/diarioprincipios.com\\\/#organization\"},\"image\":{\"@id\":\"https:\\\/\\\/diarioprincipios.com\\\/index.php\\\/2023\\\/12\\\/17\\\/kicillof-encabeza-el-comite-de-crisis-en-bahia-blanca\\\/#primaryimage\"},\"thumbnailUrl\":\"https:\\\/\\\/diarioprincipios.com\\\/wp-content\\\/uploads\\\/2023\\\/12\\\/IMG-20231217-WA0027.jpg\",\"articleSection\":[\"Provincia\"],\"inLanguage\":\"es\",\"potentialAction\":[{\"@type\":\"CommentAction\",\"name\":\"Comment\",\"target\":[\"https:\\\/\\\/diarioprincipios.com\\\/index.php\\\/2023\\\/12\\\/17\\\/kicillof-encabeza-el-comite-de-crisis-en-bahia-blanca\\\/#respond\"]}]},{\"@type\":\"WebPage\",\"@id\":\"https:\\\/\\\/diarioprincipios.com\\\/index.php\\\/2023\\\/12\\\/17\\\/kicillof-encabeza-el-comite-de-crisis-en-bahia-blanca\\\/\",\"url\":\"https:\\\/\\\/diarioprincipios.com\\\/index.php\\\/2023\\\/12\\\/17\\\/kicillof-encabeza-el-comite-de-crisis-en-bahia-blanca\\\/\",\"name\":\"Kicillof encabeza el Comit\u00e9 de Crisis en Bah\u00eda Blanca - Principios\",\"isPartOf\":{\"@id\":\"https:\\\/\\\/diarioprincipios.com\\\/#website\"},\"primaryImageOfPage\":{\"@id\":\"https:\\\/\\\/diarioprincipios.com\\\/index.php\\\/2023\\\/12\\\/17\\\/kicillof-encabeza-el-comite-de-crisis-en-bahia-blanca\\\/#primaryimage\"},\"image\":{\"@id\":\"https:\\\/\\\/diarioprincipios.com\\\/index.php\\\/2023\\\/12\\\/17\\\/kicillof-encabeza-el-comite-de-crisis-en-bahia-blanca\\\/#primaryimage\"},\"thumbnailUrl\":\"https:\\\/\\\/diarioprincipios.com\\\/wp-content\\\/uploads\\\/2023\\\/12\\\/IMG-20231217-WA0027.jpg\",\"datePublished\":\"2023-12-17T19:36:02+00:00\",\"dateModified\":\"2023-12-17T19:36:03+00:00\",\"breadcrumb\":{\"@id\":\"https:\\\/\\\/diarioprincipios.com\\\/index.php\\\/2023\\\/12\\\/17\\\/kicillof-encabeza-el-comite-de-crisis-en-bahia-blanca\\\/#breadcrumb\"},\"inLanguage\":\"es\",\"potentialAction\":[{\"@type\":\"ReadAction\",\"target\":[\"https:\\\/\\\/diarioprincipios.com\\\/index.php\\\/2023\\\/12\\\/17\\\/kicillof-encabeza-el-comite-de-crisis-en-bahia-blanca\\\/\"]}]},{\"@type\":\"ImageObject\",\"inLanguage\":\"es\",\"@id\":\"https:\\\/\\\/diarioprincipios.com\\\/index.php\\\/2023\\\/12\\\/17\\\/kicillof-encabeza-el-comite-de-crisis-en-bahia-blanca\\\/#primaryimage\",\"url\":\"https:\\\/\\\/diarioprincipios.com\\\/wp-content\\\/uploads\\\/2023\\\/12\\\/IMG-20231217-WA0027.jpg\",\"contentUrl\":\"https:\\\/\\\/diarioprincipios.com\\\/wp-content\\\/uploads\\\/2023\\\/12\\\/IMG-20231217-WA0027.jpg\",\"width\":1179,\"height\":881},{\"@type\":\"BreadcrumbList\",\"@id\":\"https:\\\/\\\/diarioprincipios.com\\\/index.php\\\/2023\\\/12\\\/17\\\/kicillof-encabeza-el-comite-de-crisis-en-bahia-blanca\\\/#breadcrumb\",\"itemListElement\":[{\"@type\":\"ListItem\",\"position\":1,\"name\":\"Portada\",\"item\":\"https:\\\/\\\/diarioprincipios.com\\\/\"},{\"@type\":\"ListItem\",\"position\":2,\"name\":\"Kicillof encabeza el Comit\u00e9 de Crisis en Bah\u00eda Blanca\"}]},{\"@type\":\"WebSite\",\"@id\":\"https:\\\/\\\/diarioprincipios.com\\\/#website\",\"url\":\"https:\\\/\\\/diarioprincipios.com\\\/\",\"name\":\"Principios\",\"description\":\"Principios Diario\",\"publisher\":{\"@id\":\"https:\\\/\\\/diarioprincipios.com\\\/#organization\"},\"potentialAction\":[{\"@type\":\"SearchAction\",\"target\":{\"@type\":\"EntryPoint\",\"urlTemplate\":\"https:\\\/\\\/diarioprincipios.com\\\/?s={search_term_string}\"},\"query-input\":{\"@type\":\"PropertyValueSpecification\",\"valueRequired\":true,\"valueName\":\"search_term_string\"}}],\"inLanguage\":\"es\"},{\"@type\":\"Organization\",\"@id\":\"https:\\\/\\\/diarioprincipios.com\\\/#organization\",\"name\":\"Principios\",\"url\":\"https:\\\/\\\/diarioprincipios.com\\\/\",\"logo\":{\"@type\":\"ImageObject\",\"inLanguage\":\"es\",\"@id\":\"https:\\\/\\\/diarioprincipios.com\\\/#\\\/schema\\\/logo\\\/image\\\/\",\"url\":\"https:\\\/\\\/diarioprincipios.com\\\/wp-content\\\/uploads\\\/2024\\\/04\\\/cropped-www.diarioprincipios.com_-1.png\",\"contentUrl\":\"https:\\\/\\\/diarioprincipios.com\\\/wp-content\\\/uploads\\\/2024\\\/04\\\/cropped-www.diarioprincipios.com_-1.png\",\"width\":5325,\"height\":1454,\"caption\":\"Principios\"},\"image\":{\"@id\":\"https:\\\/\\\/diarioprincipios.com\\\/#\\\/schema\\\/logo\\\/image\\\/\"}},{\"@type\":\"Person\",\"@id\":\"https:\\\/\\\/diarioprincipios.com\\\/#\\\/schema\\\/person\\\/436d5a1fd41a5e250e23ff5a6a7cb080\",\"name\":\"Hern\u00e1n L\u00f3pez\",\"image\":{\"@type\":\"ImageObject\",\"inLanguage\":\"es\",\"@id\":\"https:\\\/\\\/diarioprincipios.com\\\/wp-content\\\/litespeed\\\/avatar\\\/11ddfe5610ff3bd100522525b2571f48.jpg?ver=1777653193\",\"url\":\"https:\\\/\\\/diarioprincipios.com\\\/wp-content\\\/litespeed\\\/avatar\\\/11ddfe5610ff3bd100522525b2571f48.jpg?ver=1777653193\",\"contentUrl\":\"https:\\\/\\\/diarioprincipios.com\\\/wp-content\\\/litespeed\\\/avatar\\\/11ddfe5610ff3bd100522525b2571f48.jpg?ver=1777653193\",\"caption\":\"Hern\u00e1n L\u00f3pez\"},\"url\":\"https:\\\/\\\/diarioprincipios.com\\\/index.php\\\/author\\\/hernan\\\/\"}]}<\/script>\n<!-- \/ Yoast SEO plugin. -->","yoast_head_json":{"title":"Kicillof encabeza el Comit\u00e9 de Crisis en Bah\u00eda Blanca - Principios","robots":{"index":"index","follow":"follow","max-snippet":"max-snippet:-1","max-image-preview":"max-image-preview:large","max-video-preview":"max-video-preview:-1"},"canonical":"https:\/\/diarioprincipios.com\/index.php\/2023\/12\/17\/kicillof-encabeza-el-comite-de-crisis-en-bahia-blanca\/","og_locale":"es_ES","og_type":"article","og_title":"Kicillof encabeza el Comit\u00e9 de Crisis en Bah\u00eda Blanca - Principios","og_description":"\u201cLa prioridad ahora es que los vecinos y vecinas permanezcan en sus casas mientras haya riesgos para la salud, ya sea por problemas en el tendido el\u00e9ctrico, pozos u otros inconvenientes generados por el evento clim\u00e1tico\u201d, afirm\u00f3 este domingo el gobernador Axel Kicillof tras participar de una reuni\u00f3n del Comit\u00e9 de Crisis que realiza un...","og_url":"https:\/\/diarioprincipios.com\/index.php\/2023\/12\/17\/kicillof-encabeza-el-comite-de-crisis-en-bahia-blanca\/","og_site_name":"Principios","article_published_time":"2023-12-17T19:36:02+00:00","article_modified_time":"2023-12-17T19:36:03+00:00","og_image":[{"width":1179,"height":881,"url":"https:\/\/diarioprincipios.com\/wp-content\/uploads\/2023\/12\/IMG-20231217-WA0027.jpg","type":"image\/jpeg"}],"author":"Hern\u00e1n L\u00f3pez","twitter_card":"summary_large_image","twitter_misc":{"Escrito por":"Hern\u00e1n L\u00f3pez","Tiempo de lectura":"3 minutos"},"schema":{"@context":"https:\/\/schema.org","@graph":[{"@type":"Article","@id":"https:\/\/diarioprincipios.com\/index.php\/2023\/12\/17\/kicillof-encabeza-el-comite-de-crisis-en-bahia-blanca\/#article","isPartOf":{"@id":"https:\/\/diarioprincipios.com\/index.php\/2023\/12\/17\/kicillof-encabeza-el-comite-de-crisis-en-bahia-blanca\/"},"author":{"name":"Hern\u00e1n L\u00f3pez","@id":"https:\/\/diarioprincipios.com\/#\/schema\/person\/436d5a1fd41a5e250e23ff5a6a7cb080"},"headline":"Kicillof encabeza el Comit\u00e9 de Crisis en Bah\u00eda Blanca","datePublished":"2023-12-17T19:36:02+00:00","dateModified":"2023-12-17T19:36:03+00:00","mainEntityOfPage":{"@id":"https:\/\/diarioprincipios.com\/index.php\/2023\/12\/17\/kicillof-encabeza-el-comite-de-crisis-en-bahia-blanca\/"},"wordCount":531,"commentCount":0,"publisher":{"@id":"https:\/\/diarioprincipios.com\/#organization"},"image":{"@id":"https:\/\/diarioprincipios.com\/index.php\/2023\/12\/17\/kicillof-encabeza-el-comite-de-crisis-en-bahia-blanca\/#primaryimage"},"thumbnailUrl":"https:\/\/diarioprincipios.com\/wp-content\/uploads\/2023\/12\/IMG-20231217-WA0027.jpg","articleSection":["Provincia"],"inLanguage":"es","potentialAction":[{"@type":"CommentAction","name":"Comment","target":["https:\/\/diarioprincipios.com\/index.php\/2023\/12\/17\/kicillof-encabeza-el-comite-de-crisis-en-bahia-blanca\/#respond"]}]},{"@type":"WebPage","@id":"https:\/\/diarioprincipios.com\/index.php\/2023\/12\/17\/kicillof-encabeza-el-comite-de-crisis-en-bahia-blanca\/","url":"https:\/\/diarioprincipios.com\/index.php\/2023\/12\/17\/kicillof-encabeza-el-comite-de-crisis-en-bahia-blanca\/","name":"Kicillof encabeza el Comit\u00e9 de Crisis en Bah\u00eda Blanca - Principios","isPartOf":{"@id":"https:\/\/diarioprincipios.com\/#website"},"primaryImageOfPage":{"@id":"https:\/\/diarioprincipios.com\/index.php\/2023\/12\/17\/kicillof-encabeza-el-comite-de-crisis-en-bahia-blanca\/#primaryimage"},"image":{"@id":"https:\/\/diarioprincipios.com\/index.php\/2023\/12\/17\/kicillof-encabeza-el-comite-de-crisis-en-bahia-blanca\/#primaryimage"},"thumbnailUrl":"https:\/\/diarioprincipios.com\/wp-content\/uploads\/2023\/12\/IMG-20231217-WA0027.jpg","datePublished":"2023-12-17T19:36:02+00:00","dateModified":"2023-12-17T19:36:03+00:00","breadcrumb":{"@id":"https:\/\/diarioprincipios.com\/index.php\/2023\/12\/17\/kicillof-encabeza-el-comite-de-crisis-en-bahia-blanca\/#breadcrumb"},"inLanguage":"es","potentialAction":[{"@type":"ReadAction","target":["https:\/\/diarioprincipios.com\/index.php\/2023\/12\/17\/kicillof-encabeza-el-comite-de-crisis-en-bahia-blanca\/"]}]},{"@type":"ImageObject","inLanguage":"es","@id":"https:\/\/diarioprincipios.com\/index.php\/2023\/12\/17\/kicillof-encabeza-el-comite-de-crisis-en-bahia-blanca\/#primaryimage","url":"https:\/\/diarioprincipios.com\/wp-content\/uploads\/2023\/12\/IMG-20231217-WA0027.jpg","contentUrl":"https:\/\/diarioprincipios.com\/wp-content\/uploads\/2023\/12\/IMG-20231217-WA0027.jpg","width":1179,"height":881},{"@type":"BreadcrumbList","@id":"https:\/\/diarioprincipios.com\/index.php\/2023\/12\/17\/kicillof-encabeza-el-comite-de-crisis-en-bahia-blanca\/#breadcrumb","itemListElement":[{"@type":"ListItem","position":1,"name":"Portada","item":"https:\/\/diarioprincipios.com\/"},{"@type":"ListItem","position":2,"name":"Kicillof encabeza el Comit\u00e9 de Crisis en Bah\u00eda Blanca"}]},{"@type":"WebSite","@id":"https:\/\/diarioprincipios.com\/#website","url":"https:\/\/diarioprincipios.com\/","name":"Principios","description":"Principios Diario","publisher":{"@id":"https:\/\/diarioprincipios.com\/#organization"},"potentialAction":[{"@type":"SearchAction","target":{"@type":"EntryPoint","urlTemplate":"https:\/\/diarioprincipios.com\/?s={search_term_string}"},"query-input":{"@type":"PropertyValueSpecification","valueRequired":true,"valueName":"search_term_string"}}],"inLanguage":"es"},{"@type":"Organization","@id":"https:\/\/diarioprincipios.com\/#organization","name":"Principios","url":"https:\/\/diarioprincipios.com\/","logo":{"@type":"ImageObject","inLanguage":"es","@id":"https:\/\/diarioprincipios.com\/#\/schema\/logo\/image\/","url":"https:\/\/diarioprincipios.com\/wp-content\/uploads\/2024\/04\/cropped-www.diarioprincipios.com_-1.png","contentUrl":"https:\/\/diarioprincipios.com\/wp-content\/uploads\/2024\/04\/cropped-www.diarioprincipios.com_-1.png","width":5325,"height":1454,"caption":"Principios"},"image":{"@id":"https:\/\/diarioprincipios.com\/#\/schema\/logo\/image\/"}},{"@type":"Person","@id":"https:\/\/diarioprincipios.com\/#\/schema\/person\/436d5a1fd41a5e250e23ff5a6a7cb080","name":"Hern\u00e1n L\u00f3pez","image":{"@type":"ImageObject","inLanguage":"es","@id":"https:\/\/diarioprincipios.com\/wp-content\/litespeed\/avatar\/11ddfe5610ff3bd100522525b2571f48.jpg?ver=1777653193","url":"https:\/\/diarioprincipios.com\/wp-content\/litespeed\/avatar\/11ddfe5610ff3bd100522525b2571f48.jpg?ver=1777653193","contentUrl":"https:\/\/diarioprincipios.com\/wp-content\/litespeed\/avatar\/11ddfe5610ff3bd100522525b2571f48.jpg?ver=1777653193","caption":"Hern\u00e1n L\u00f3pez"},"url":"https:\/\/diarioprincipios.com\/index.php\/author\/hernan\/"}]}},"jetpack_featured_media_url":"https:\/\/diarioprincipios.com\/wp-content\/uploads\/2023\/12\/IMG-20231217-WA0027.jpg","_links":{"self":[{"href":"https:\/\/diarioprincipios.com\/index.php\/wp-json\/wp\/v2\/posts\/20017","targetHints":{"allow":["GET"]}}],"collection":[{"href":"https:\/\/diarioprincipios.com\/index.php\/wp-json\/wp\/v2\/posts"}],"about":[{"href":"https:\/\/diarioprincipios.com\/index.php\/wp-json\/wp\/v2\/types\/post"}],"author":[{"embeddable":true,"href":"https:\/\/diarioprincipios.com\/index.php\/wp-json\/wp\/v2\/users\/2"}],"replies":[{"embeddable":true,"href":"https:\/\/diarioprincipios.com\/index.php\/wp-json\/wp\/v2\/comments?post=20017"}],"version-history":[{"count":1,"href":"https:\/\/diarioprincipios.com\/index.php\/wp-json\/wp\/v2\/posts\/20017\/revisions"}],"predecessor-version":[{"id":20020,"href":"https:\/\/diarioprincipios.com\/index.php\/wp-json\/wp\/v2\/posts\/20017\/revisions\/20020"}],"wp:featuredmedia":[{"embeddable":true,"href":"https:\/\/diarioprincipios.com\/index.php\/wp-json\/wp\/v2\/media\/20019"}],"wp:attachment":[{"href":"https:\/\/diarioprincipios.com\/index.php\/wp-json\/wp\/v2\/media?parent=20017"}],"wp:term":[{"taxonomy":"category","embeddable":true,"href":"https:\/\/diarioprincipios.com\/index.php\/wp-json\/wp\/v2\/categories?post=20017"},{"taxonomy":"post_tag","embeddable":true,"href":"https:\/\/diarioprincipios.com\/index.php\/wp-json\/wp\/v2\/tags?post=20017"}],"curies":[{"name":"wp","href":"https:\/\/api.w.org\/{rel}","templated":true}]}}