{"id":20011,"date":"2023-12-17T16:29:15","date_gmt":"2023-12-17T19:29:15","guid":{"rendered":"http:\/\/diarioprincipios.com\/?p=20011"},"modified":"2023-12-17T16:29:17","modified_gmt":"2023-12-17T19:29:17","slug":"jorge-ferraresi-asumio-su-cuarto-mandato-al-frente-del-municipio-de-avellaneda","status":"publish","type":"post","link":"https:\/\/diarioprincipios.com\/index.php\/2023\/12\/17\/jorge-ferraresi-asumio-su-cuarto-mandato-al-frente-del-municipio-de-avellaneda\/","title":{"rendered":"Jorge Ferraresi asumi\u00f3 su cuarto mandato al frente del Municipio de Avellaneda"},"content":{"rendered":"\n<p>Fue en el microestadio Gatica donde adem\u00e1s juraron los secretarios y secretarias del gabinete local encabezado por la jefa de Gabinete, Magdalena Sierra.<\/p>\n\n\n\n<p>Ante un estadio colmado, Jorge Ferraresi prest\u00f3 juramento como intendente de Avellaneda para el per\u00edodo 2023-2027, alcanzado su cuarto mandato consecutivo a cargo del municipio.<\/p>\n\n\n\n<figure class=\"wp-block-image size-large\"><img loading=\"lazy\" decoding=\"async\" width=\"1024\" height=\"681\" src=\"https:\/\/diarioprincipios.com\/wp-content\/uploads\/2023\/12\/410730543_907658807386855_8003873719470360963_n-1024x681.jpg\" alt=\"\" class=\"wp-image-20012\" srcset=\"https:\/\/diarioprincipios.com\/wp-content\/uploads\/2023\/12\/410730543_907658807386855_8003873719470360963_n-1024x681.jpg 1024w, https:\/\/diarioprincipios.com\/wp-content\/uploads\/2023\/12\/410730543_907658807386855_8003873719470360963_n-300x200.jpg 300w, https:\/\/diarioprincipios.com\/wp-content\/uploads\/2023\/12\/410730543_907658807386855_8003873719470360963_n-768x511.jpg 768w, https:\/\/diarioprincipios.com\/wp-content\/uploads\/2023\/12\/410730543_907658807386855_8003873719470360963_n-1536x1021.jpg 1536w, https:\/\/diarioprincipios.com\/wp-content\/uploads\/2023\/12\/410730543_907658807386855_8003873719470360963_n.jpg 1600w\" sizes=\"auto, (max-width: 1024px) 100vw, 1024px\" \/><\/figure>\n\n\n\n<p>Luego de la proyecci\u00f3n de dos videos institucionales donde se pudo apreciar la notable transformaci\u00f3n de la ciudad, a trav\u00e9s de la ejecuci\u00f3n de obras de infraestructura necesarias para mejorar la calidad de vida de los vecinos, y otro sobre su recorrido de gesti\u00f3n desde secretario de obras p\u00fablicas local, intendente y ministro nacional, Ferraresi tom\u00f3 la palabra.<\/p>\n\n\n\n<p>En primer lugar, llam\u00f3 a la reflexi\u00f3n sobre la actualidad. Sobre el gobierno nacional sostuvo que \u00abse propon\u00edan dos modelos de pa\u00eds antag\u00f3nicos, y este que gan\u00f3 tiene sus consecuencias\u201d. \u201cLo avisamos pero no nos creyeron\u201d, dijo y subray\u00f3: \u201cTenemos que ser capaces de crear una propuesta pol\u00edtica que contenga y debata. Que genere enamoramiento\u201d.<\/p>\n\n\n\n<p>En ese sentido, sum\u00f3: \u201cTenemos que generar las condiciones para empezar a construir desde el 2025 la victoria del movimiento popular\u201d. \u201cEl desaf\u00edo ser\u00e1 apoyar a Axel Kicillof\u201d, adelant\u00f3 el jefe comunal.<\/p>\n\n\n\n<figure class=\"wp-block-image size-large\"><img loading=\"lazy\" decoding=\"async\" width=\"1024\" height=\"681\" src=\"https:\/\/diarioprincipios.com\/wp-content\/uploads\/2023\/12\/410846336_907658810720188_8907048031347492_n-1024x681.jpg\" alt=\"\" class=\"wp-image-20013\" srcset=\"https:\/\/diarioprincipios.com\/wp-content\/uploads\/2023\/12\/410846336_907658810720188_8907048031347492_n-1024x681.jpg 1024w, https:\/\/diarioprincipios.com\/wp-content\/uploads\/2023\/12\/410846336_907658810720188_8907048031347492_n-300x200.jpg 300w, https:\/\/diarioprincipios.com\/wp-content\/uploads\/2023\/12\/410846336_907658810720188_8907048031347492_n-768x511.jpg 768w, https:\/\/diarioprincipios.com\/wp-content\/uploads\/2023\/12\/410846336_907658810720188_8907048031347492_n-1536x1021.jpg 1536w, https:\/\/diarioprincipios.com\/wp-content\/uploads\/2023\/12\/410846336_907658810720188_8907048031347492_n.jpg 1600w\" sizes=\"auto, (max-width: 1024px) 100vw, 1024px\" \/><\/figure>\n\n\n\n<p>Seguidamente, el intendente Ferraresi tom\u00f3 juramento a los funcionarios que lo acompa\u00f1ar\u00e1n en el nuevo per\u00edodo. Magdalena Sierra jur\u00f3 como jefa de Gabinete; en Cultura, Federico Bonaldi; en Desarrollo Social, Romina Barreiro; en Gobierno, Fabi\u00e1n Monz\u00f3n; en Desarrollo Territorial y H\u00e1bitat, M\u00f3nica Ghirelli; en Seguridad, Alejo Chornobroff; Derechos Humanos, Claudio Yacoy; Obras y Servicios P\u00fablicos, Gast\u00f3n Seillan; Planeamiento; Guillermo Pesce; Salud, Virginia Gonz\u00e1lez Alga\u00f1araz; Hacienda y Administraci\u00f3n, Mar\u00eda Gabriela Sierra; Producci\u00f3n, Comercio y Ambiente; Carlos Lombardo; Legal y T\u00e9cnica; Sergio Ceballos; y de Deportes, Sebasti\u00e1n Vidal.<\/p>\n\n\n\n<p>Por \u00faltimo, agradeci\u00f3 el apoyo de la familia, el acompa\u00f1amiento popular y llam\u00f3 a: \u201cA militar y construir una patria m\u00e1s justa para todos\u201d.<\/p>\n\n\n\n<p>Al acto de asunci\u00f3n asistieron: el ministro de Gobierno de la Provincia, Carlos \u201cCarli\u201d Bianco; el ministro de Trabajo bonaerense, Walter Correa, la referente de Madres de Plaza de Mayo L\u00ednea Fundadora, Taty Almeida; el intendente de La Matanza, Fernando Espinoza; el de Florencio Varela, Andr\u00e9s Watson; las diputadas Natalia Zaracho y Victoria Montenegro, los ex intendentes de Avellaneda, Luis Sagol, Cacho Alvarez y Oscar Laborde; el ex ministro de Desarrollo Social y H\u00e1bitat, Santiago Maggioti; y los artistas V\u00edctor Laplace, Ignacio Copani, Liliana Herrero, y Rita Cortese, entre otros.<\/p>\n","protected":false},"excerpt":{"rendered":"<p>Fue en el microestadio Gatica donde adem\u00e1s juraron los secretarios y secretarias del gabinete local encabezado por la jefa de Gabinete, Magdalena Sierra. Ante un estadio colmado, Jorge Ferraresi prest\u00f3 juramento como intendente de Avellaneda para el per\u00edodo 2023-2027, alcanzado su cuarto mandato consecutivo a cargo del municipio. Luego de la proyecci\u00f3n de dos videos&#8230;<\/p>\n","protected":false},"author":2,"featured_media":20014,"comment_status":"open","ping_status":"open","sticky":false,"template":"","format":"standard","meta":{"footnotes":""},"categories":[5],"tags":[],"class_list":["post-20011","post","type-post","status-publish","format-standard","has-post-thumbnail","hentry","category-avellaneda"],"featured_image_src":"https:\/\/diarioprincipios.com\/wp-content\/uploads\/2023\/12\/410812348_907658814053521_544544185591675698_n-1024x710.jpg","blog_images":{"medium":"https:\/\/diarioprincipios.com\/wp-content\/uploads\/2023\/12\/410812348_907658814053521_544544185591675698_n-300x208.jpg","large":"https:\/\/diarioprincipios.com\/wp-content\/uploads\/2023\/12\/410812348_907658814053521_544544185591675698_n-1024x710.jpg"},"ams_acf":[],"yoast_head":"<!-- This site is optimized with the Yoast SEO plugin v27.3 - https:\/\/yoast.com\/product\/yoast-seo-wordpress\/ -->\n<title>Jorge Ferraresi asumi\u00f3 su cuarto mandato al frente del Municipio de Avellaneda - Principios<\/title>\n<meta name=\"robots\" content=\"index, follow, max-snippet:-1, max-image-preview:large, max-video-preview:-1\" \/>\n<link rel=\"canonical\" href=\"https:\/\/diarioprincipios.com\/index.php\/2023\/12\/17\/jorge-ferraresi-asumio-su-cuarto-mandato-al-frente-del-municipio-de-avellaneda\/\" \/>\n<meta property=\"og:locale\" content=\"es_ES\" \/>\n<meta property=\"og:type\" content=\"article\" \/>\n<meta property=\"og:title\" content=\"Jorge Ferraresi asumi\u00f3 su cuarto mandato al frente del Municipio de Avellaneda - Principios\" \/>\n<meta property=\"og:description\" content=\"Fue en el microestadio Gatica donde adem\u00e1s juraron los secretarios y secretarias del gabinete local encabezado por la jefa de Gabinete, Magdalena Sierra. Ante un estadio colmado, Jorge Ferraresi prest\u00f3 juramento como intendente de Avellaneda para el per\u00edodo 2023-2027, alcanzado su cuarto mandato consecutivo a cargo del municipio. Luego de la proyecci\u00f3n de dos videos...\" \/>\n<meta property=\"og:url\" content=\"https:\/\/diarioprincipios.com\/index.php\/2023\/12\/17\/jorge-ferraresi-asumio-su-cuarto-mandato-al-frente-del-municipio-de-avellaneda\/\" \/>\n<meta property=\"og:site_name\" content=\"Principios\" \/>\n<meta property=\"article:published_time\" content=\"2023-12-17T19:29:15+00:00\" \/>\n<meta property=\"article:modified_time\" content=\"2023-12-17T19:29:17+00:00\" \/>\n<meta property=\"og:image\" content=\"https:\/\/diarioprincipios.com\/wp-content\/uploads\/2023\/12\/410812348_907658814053521_544544185591675698_n.jpg\" \/>\n\t<meta property=\"og:image:width\" content=\"1280\" \/>\n\t<meta property=\"og:image:height\" content=\"888\" \/>\n\t<meta property=\"og:image:type\" content=\"image\/jpeg\" \/>\n<meta name=\"author\" content=\"Hern\u00e1n L\u00f3pez\" \/>\n<meta name=\"twitter:card\" content=\"summary_large_image\" \/>\n<meta name=\"twitter:label1\" content=\"Escrito por\" \/>\n\t<meta name=\"twitter:data1\" content=\"Hern\u00e1n L\u00f3pez\" \/>\n\t<meta name=\"twitter:label2\" content=\"Tiempo de lectura\" \/>\n\t<meta name=\"twitter:data2\" content=\"3 minutos\" \/>\n<script type=\"application\/ld+json\" class=\"yoast-schema-graph\">{\"@context\":\"https:\\\/\\\/schema.org\",\"@graph\":[{\"@type\":\"Article\",\"@id\":\"https:\\\/\\\/diarioprincipios.com\\\/index.php\\\/2023\\\/12\\\/17\\\/jorge-ferraresi-asumio-su-cuarto-mandato-al-frente-del-municipio-de-avellaneda\\\/#article\",\"isPartOf\":{\"@id\":\"https:\\\/\\\/diarioprincipios.com\\\/index.php\\\/2023\\\/12\\\/17\\\/jorge-ferraresi-asumio-su-cuarto-mandato-al-frente-del-municipio-de-avellaneda\\\/\"},\"author\":{\"name\":\"Hern\u00e1n L\u00f3pez\",\"@id\":\"https:\\\/\\\/diarioprincipios.com\\\/#\\\/schema\\\/person\\\/436d5a1fd41a5e250e23ff5a6a7cb080\"},\"headline\":\"Jorge Ferraresi asumi\u00f3 su cuarto mandato al frente del Municipio de Avellaneda\",\"datePublished\":\"2023-12-17T19:29:15+00:00\",\"dateModified\":\"2023-12-17T19:29:17+00:00\",\"mainEntityOfPage\":{\"@id\":\"https:\\\/\\\/diarioprincipios.com\\\/index.php\\\/2023\\\/12\\\/17\\\/jorge-ferraresi-asumio-su-cuarto-mandato-al-frente-del-municipio-de-avellaneda\\\/\"},\"wordCount\":441,\"commentCount\":0,\"publisher\":{\"@id\":\"https:\\\/\\\/diarioprincipios.com\\\/#organization\"},\"image\":{\"@id\":\"https:\\\/\\\/diarioprincipios.com\\\/index.php\\\/2023\\\/12\\\/17\\\/jorge-ferraresi-asumio-su-cuarto-mandato-al-frente-del-municipio-de-avellaneda\\\/#primaryimage\"},\"thumbnailUrl\":\"https:\\\/\\\/diarioprincipios.com\\\/wp-content\\\/uploads\\\/2023\\\/12\\\/410812348_907658814053521_544544185591675698_n.jpg\",\"articleSection\":[\"Avellaneda\"],\"inLanguage\":\"es\",\"potentialAction\":[{\"@type\":\"CommentAction\",\"name\":\"Comment\",\"target\":[\"https:\\\/\\\/diarioprincipios.com\\\/index.php\\\/2023\\\/12\\\/17\\\/jorge-ferraresi-asumio-su-cuarto-mandato-al-frente-del-municipio-de-avellaneda\\\/#respond\"]}]},{\"@type\":\"WebPage\",\"@id\":\"https:\\\/\\\/diarioprincipios.com\\\/index.php\\\/2023\\\/12\\\/17\\\/jorge-ferraresi-asumio-su-cuarto-mandato-al-frente-del-municipio-de-avellaneda\\\/\",\"url\":\"https:\\\/\\\/diarioprincipios.com\\\/index.php\\\/2023\\\/12\\\/17\\\/jorge-ferraresi-asumio-su-cuarto-mandato-al-frente-del-municipio-de-avellaneda\\\/\",\"name\":\"Jorge Ferraresi asumi\u00f3 su cuarto mandato al frente del Municipio de Avellaneda - Principios\",\"isPartOf\":{\"@id\":\"https:\\\/\\\/diarioprincipios.com\\\/#website\"},\"primaryImageOfPage\":{\"@id\":\"https:\\\/\\\/diarioprincipios.com\\\/index.php\\\/2023\\\/12\\\/17\\\/jorge-ferraresi-asumio-su-cuarto-mandato-al-frente-del-municipio-de-avellaneda\\\/#primaryimage\"},\"image\":{\"@id\":\"https:\\\/\\\/diarioprincipios.com\\\/index.php\\\/2023\\\/12\\\/17\\\/jorge-ferraresi-asumio-su-cuarto-mandato-al-frente-del-municipio-de-avellaneda\\\/#primaryimage\"},\"thumbnailUrl\":\"https:\\\/\\\/diarioprincipios.com\\\/wp-content\\\/uploads\\\/2023\\\/12\\\/410812348_907658814053521_544544185591675698_n.jpg\",\"datePublished\":\"2023-12-17T19:29:15+00:00\",\"dateModified\":\"2023-12-17T19:29:17+00:00\",\"breadcrumb\":{\"@id\":\"https:\\\/\\\/diarioprincipios.com\\\/index.php\\\/2023\\\/12\\\/17\\\/jorge-ferraresi-asumio-su-cuarto-mandato-al-frente-del-municipio-de-avellaneda\\\/#breadcrumb\"},\"inLanguage\":\"es\",\"potentialAction\":[{\"@type\":\"ReadAction\",\"target\":[\"https:\\\/\\\/diarioprincipios.com\\\/index.php\\\/2023\\\/12\\\/17\\\/jorge-ferraresi-asumio-su-cuarto-mandato-al-frente-del-municipio-de-avellaneda\\\/\"]}]},{\"@type\":\"ImageObject\",\"inLanguage\":\"es\",\"@id\":\"https:\\\/\\\/diarioprincipios.com\\\/index.php\\\/2023\\\/12\\\/17\\\/jorge-ferraresi-asumio-su-cuarto-mandato-al-frente-del-municipio-de-avellaneda\\\/#primaryimage\",\"url\":\"https:\\\/\\\/diarioprincipios.com\\\/wp-content\\\/uploads\\\/2023\\\/12\\\/410812348_907658814053521_544544185591675698_n.jpg\",\"contentUrl\":\"https:\\\/\\\/diarioprincipios.com\\\/wp-content\\\/uploads\\\/2023\\\/12\\\/410812348_907658814053521_544544185591675698_n.jpg\",\"width\":1280,\"height\":888},{\"@type\":\"BreadcrumbList\",\"@id\":\"https:\\\/\\\/diarioprincipios.com\\\/index.php\\\/2023\\\/12\\\/17\\\/jorge-ferraresi-asumio-su-cuarto-mandato-al-frente-del-municipio-de-avellaneda\\\/#breadcrumb\",\"itemListElement\":[{\"@type\":\"ListItem\",\"position\":1,\"name\":\"Portada\",\"item\":\"https:\\\/\\\/diarioprincipios.com\\\/\"},{\"@type\":\"ListItem\",\"position\":2,\"name\":\"Jorge Ferraresi asumi\u00f3 su cuarto mandato al frente del Municipio de Avellaneda\"}]},{\"@type\":\"WebSite\",\"@id\":\"https:\\\/\\\/diarioprincipios.com\\\/#website\",\"url\":\"https:\\\/\\\/diarioprincipios.com\\\/\",\"name\":\"Principios\",\"description\":\"Principios Diario\",\"publisher\":{\"@id\":\"https:\\\/\\\/diarioprincipios.com\\\/#organization\"},\"potentialAction\":[{\"@type\":\"SearchAction\",\"target\":{\"@type\":\"EntryPoint\",\"urlTemplate\":\"https:\\\/\\\/diarioprincipios.com\\\/?s={search_term_string}\"},\"query-input\":{\"@type\":\"PropertyValueSpecification\",\"valueRequired\":true,\"valueName\":\"search_term_string\"}}],\"inLanguage\":\"es\"},{\"@type\":\"Organization\",\"@id\":\"https:\\\/\\\/diarioprincipios.com\\\/#organization\",\"name\":\"Principios\",\"url\":\"https:\\\/\\\/diarioprincipios.com\\\/\",\"logo\":{\"@type\":\"ImageObject\",\"inLanguage\":\"es\",\"@id\":\"https:\\\/\\\/diarioprincipios.com\\\/#\\\/schema\\\/logo\\\/image\\\/\",\"url\":\"https:\\\/\\\/diarioprincipios.com\\\/wp-content\\\/uploads\\\/2024\\\/04\\\/cropped-www.diarioprincipios.com_-1.png\",\"contentUrl\":\"https:\\\/\\\/diarioprincipios.com\\\/wp-content\\\/uploads\\\/2024\\\/04\\\/cropped-www.diarioprincipios.com_-1.png\",\"width\":5325,\"height\":1454,\"caption\":\"Principios\"},\"image\":{\"@id\":\"https:\\\/\\\/diarioprincipios.com\\\/#\\\/schema\\\/logo\\\/image\\\/\"}},{\"@type\":\"Person\",\"@id\":\"https:\\\/\\\/diarioprincipios.com\\\/#\\\/schema\\\/person\\\/436d5a1fd41a5e250e23ff5a6a7cb080\",\"name\":\"Hern\u00e1n L\u00f3pez\",\"image\":{\"@type\":\"ImageObject\",\"inLanguage\":\"es\",\"@id\":\"https:\\\/\\\/diarioprincipios.com\\\/wp-content\\\/litespeed\\\/avatar\\\/11ddfe5610ff3bd100522525b2571f48.jpg?ver=1777653193\",\"url\":\"https:\\\/\\\/diarioprincipios.com\\\/wp-content\\\/litespeed\\\/avatar\\\/11ddfe5610ff3bd100522525b2571f48.jpg?ver=1777653193\",\"contentUrl\":\"https:\\\/\\\/diarioprincipios.com\\\/wp-content\\\/litespeed\\\/avatar\\\/11ddfe5610ff3bd100522525b2571f48.jpg?ver=1777653193\",\"caption\":\"Hern\u00e1n L\u00f3pez\"},\"url\":\"https:\\\/\\\/diarioprincipios.com\\\/index.php\\\/author\\\/hernan\\\/\"}]}<\/script>\n<!-- \/ Yoast SEO plugin. -->","yoast_head_json":{"title":"Jorge Ferraresi asumi\u00f3 su cuarto mandato al frente del Municipio de Avellaneda - Principios","robots":{"index":"index","follow":"follow","max-snippet":"max-snippet:-1","max-image-preview":"max-image-preview:large","max-video-preview":"max-video-preview:-1"},"canonical":"https:\/\/diarioprincipios.com\/index.php\/2023\/12\/17\/jorge-ferraresi-asumio-su-cuarto-mandato-al-frente-del-municipio-de-avellaneda\/","og_locale":"es_ES","og_type":"article","og_title":"Jorge Ferraresi asumi\u00f3 su cuarto mandato al frente del Municipio de Avellaneda - Principios","og_description":"Fue en el microestadio Gatica donde adem\u00e1s juraron los secretarios y secretarias del gabinete local encabezado por la jefa de Gabinete, Magdalena Sierra. Ante un estadio colmado, Jorge Ferraresi prest\u00f3 juramento como intendente de Avellaneda para el per\u00edodo 2023-2027, alcanzado su cuarto mandato consecutivo a cargo del municipio. Luego de la proyecci\u00f3n de dos videos...","og_url":"https:\/\/diarioprincipios.com\/index.php\/2023\/12\/17\/jorge-ferraresi-asumio-su-cuarto-mandato-al-frente-del-municipio-de-avellaneda\/","og_site_name":"Principios","article_published_time":"2023-12-17T19:29:15+00:00","article_modified_time":"2023-12-17T19:29:17+00:00","og_image":[{"width":1280,"height":888,"url":"https:\/\/diarioprincipios.com\/wp-content\/uploads\/2023\/12\/410812348_907658814053521_544544185591675698_n.jpg","type":"image\/jpeg"}],"author":"Hern\u00e1n L\u00f3pez","twitter_card":"summary_large_image","twitter_misc":{"Escrito por":"Hern\u00e1n L\u00f3pez","Tiempo de lectura":"3 minutos"},"schema":{"@context":"https:\/\/schema.org","@graph":[{"@type":"Article","@id":"https:\/\/diarioprincipios.com\/index.php\/2023\/12\/17\/jorge-ferraresi-asumio-su-cuarto-mandato-al-frente-del-municipio-de-avellaneda\/#article","isPartOf":{"@id":"https:\/\/diarioprincipios.com\/index.php\/2023\/12\/17\/jorge-ferraresi-asumio-su-cuarto-mandato-al-frente-del-municipio-de-avellaneda\/"},"author":{"name":"Hern\u00e1n L\u00f3pez","@id":"https:\/\/diarioprincipios.com\/#\/schema\/person\/436d5a1fd41a5e250e23ff5a6a7cb080"},"headline":"Jorge Ferraresi asumi\u00f3 su cuarto mandato al frente del Municipio de Avellaneda","datePublished":"2023-12-17T19:29:15+00:00","dateModified":"2023-12-17T19:29:17+00:00","mainEntityOfPage":{"@id":"https:\/\/diarioprincipios.com\/index.php\/2023\/12\/17\/jorge-ferraresi-asumio-su-cuarto-mandato-al-frente-del-municipio-de-avellaneda\/"},"wordCount":441,"commentCount":0,"publisher":{"@id":"https:\/\/diarioprincipios.com\/#organization"},"image":{"@id":"https:\/\/diarioprincipios.com\/index.php\/2023\/12\/17\/jorge-ferraresi-asumio-su-cuarto-mandato-al-frente-del-municipio-de-avellaneda\/#primaryimage"},"thumbnailUrl":"https:\/\/diarioprincipios.com\/wp-content\/uploads\/2023\/12\/410812348_907658814053521_544544185591675698_n.jpg","articleSection":["Avellaneda"],"inLanguage":"es","potentialAction":[{"@type":"CommentAction","name":"Comment","target":["https:\/\/diarioprincipios.com\/index.php\/2023\/12\/17\/jorge-ferraresi-asumio-su-cuarto-mandato-al-frente-del-municipio-de-avellaneda\/#respond"]}]},{"@type":"WebPage","@id":"https:\/\/diarioprincipios.com\/index.php\/2023\/12\/17\/jorge-ferraresi-asumio-su-cuarto-mandato-al-frente-del-municipio-de-avellaneda\/","url":"https:\/\/diarioprincipios.com\/index.php\/2023\/12\/17\/jorge-ferraresi-asumio-su-cuarto-mandato-al-frente-del-municipio-de-avellaneda\/","name":"Jorge Ferraresi asumi\u00f3 su cuarto mandato al frente del Municipio de Avellaneda - Principios","isPartOf":{"@id":"https:\/\/diarioprincipios.com\/#website"},"primaryImageOfPage":{"@id":"https:\/\/diarioprincipios.com\/index.php\/2023\/12\/17\/jorge-ferraresi-asumio-su-cuarto-mandato-al-frente-del-municipio-de-avellaneda\/#primaryimage"},"image":{"@id":"https:\/\/diarioprincipios.com\/index.php\/2023\/12\/17\/jorge-ferraresi-asumio-su-cuarto-mandato-al-frente-del-municipio-de-avellaneda\/#primaryimage"},"thumbnailUrl":"https:\/\/diarioprincipios.com\/wp-content\/uploads\/2023\/12\/410812348_907658814053521_544544185591675698_n.jpg","datePublished":"2023-12-17T19:29:15+00:00","dateModified":"2023-12-17T19:29:17+00:00","breadcrumb":{"@id":"https:\/\/diarioprincipios.com\/index.php\/2023\/12\/17\/jorge-ferraresi-asumio-su-cuarto-mandato-al-frente-del-municipio-de-avellaneda\/#breadcrumb"},"inLanguage":"es","potentialAction":[{"@type":"ReadAction","target":["https:\/\/diarioprincipios.com\/index.php\/2023\/12\/17\/jorge-ferraresi-asumio-su-cuarto-mandato-al-frente-del-municipio-de-avellaneda\/"]}]},{"@type":"ImageObject","inLanguage":"es","@id":"https:\/\/diarioprincipios.com\/index.php\/2023\/12\/17\/jorge-ferraresi-asumio-su-cuarto-mandato-al-frente-del-municipio-de-avellaneda\/#primaryimage","url":"https:\/\/diarioprincipios.com\/wp-content\/uploads\/2023\/12\/410812348_907658814053521_544544185591675698_n.jpg","contentUrl":"https:\/\/diarioprincipios.com\/wp-content\/uploads\/2023\/12\/410812348_907658814053521_544544185591675698_n.jpg","width":1280,"height":888},{"@type":"BreadcrumbList","@id":"https:\/\/diarioprincipios.com\/index.php\/2023\/12\/17\/jorge-ferraresi-asumio-su-cuarto-mandato-al-frente-del-municipio-de-avellaneda\/#breadcrumb","itemListElement":[{"@type":"ListItem","position":1,"name":"Portada","item":"https:\/\/diarioprincipios.com\/"},{"@type":"ListItem","position":2,"name":"Jorge Ferraresi asumi\u00f3 su cuarto mandato al frente del Municipio de Avellaneda"}]},{"@type":"WebSite","@id":"https:\/\/diarioprincipios.com\/#website","url":"https:\/\/diarioprincipios.com\/","name":"Principios","description":"Principios Diario","publisher":{"@id":"https:\/\/diarioprincipios.com\/#organization"},"potentialAction":[{"@type":"SearchAction","target":{"@type":"EntryPoint","urlTemplate":"https:\/\/diarioprincipios.com\/?s={search_term_string}"},"query-input":{"@type":"PropertyValueSpecification","valueRequired":true,"valueName":"search_term_string"}}],"inLanguage":"es"},{"@type":"Organization","@id":"https:\/\/diarioprincipios.com\/#organization","name":"Principios","url":"https:\/\/diarioprincipios.com\/","logo":{"@type":"ImageObject","inLanguage":"es","@id":"https:\/\/diarioprincipios.com\/#\/schema\/logo\/image\/","url":"https:\/\/diarioprincipios.com\/wp-content\/uploads\/2024\/04\/cropped-www.diarioprincipios.com_-1.png","contentUrl":"https:\/\/diarioprincipios.com\/wp-content\/uploads\/2024\/04\/cropped-www.diarioprincipios.com_-1.png","width":5325,"height":1454,"caption":"Principios"},"image":{"@id":"https:\/\/diarioprincipios.com\/#\/schema\/logo\/image\/"}},{"@type":"Person","@id":"https:\/\/diarioprincipios.com\/#\/schema\/person\/436d5a1fd41a5e250e23ff5a6a7cb080","name":"Hern\u00e1n L\u00f3pez","image":{"@type":"ImageObject","inLanguage":"es","@id":"https:\/\/diarioprincipios.com\/wp-content\/litespeed\/avatar\/11ddfe5610ff3bd100522525b2571f48.jpg?ver=1777653193","url":"https:\/\/diarioprincipios.com\/wp-content\/litespeed\/avatar\/11ddfe5610ff3bd100522525b2571f48.jpg?ver=1777653193","contentUrl":"https:\/\/diarioprincipios.com\/wp-content\/litespeed\/avatar\/11ddfe5610ff3bd100522525b2571f48.jpg?ver=1777653193","caption":"Hern\u00e1n L\u00f3pez"},"url":"https:\/\/diarioprincipios.com\/index.php\/author\/hernan\/"}]}},"jetpack_featured_media_url":"https:\/\/diarioprincipios.com\/wp-content\/uploads\/2023\/12\/410812348_907658814053521_544544185591675698_n.jpg","_links":{"self":[{"href":"https:\/\/diarioprincipios.com\/index.php\/wp-json\/wp\/v2\/posts\/20011","targetHints":{"allow":["GET"]}}],"collection":[{"href":"https:\/\/diarioprincipios.com\/index.php\/wp-json\/wp\/v2\/posts"}],"about":[{"href":"https:\/\/diarioprincipios.com\/index.php\/wp-json\/wp\/v2\/types\/post"}],"author":[{"embeddable":true,"href":"https:\/\/diarioprincipios.com\/index.php\/wp-json\/wp\/v2\/users\/2"}],"replies":[{"embeddable":true,"href":"https:\/\/diarioprincipios.com\/index.php\/wp-json\/wp\/v2\/comments?post=20011"}],"version-history":[{"count":1,"href":"https:\/\/diarioprincipios.com\/index.php\/wp-json\/wp\/v2\/posts\/20011\/revisions"}],"predecessor-version":[{"id":20015,"href":"https:\/\/diarioprincipios.com\/index.php\/wp-json\/wp\/v2\/posts\/20011\/revisions\/20015"}],"wp:featuredmedia":[{"embeddable":true,"href":"https:\/\/diarioprincipios.com\/index.php\/wp-json\/wp\/v2\/media\/20014"}],"wp:attachment":[{"href":"https:\/\/diarioprincipios.com\/index.php\/wp-json\/wp\/v2\/media?parent=20011"}],"wp:term":[{"taxonomy":"category","embeddable":true,"href":"https:\/\/diarioprincipios.com\/index.php\/wp-json\/wp\/v2\/categories?post=20011"},{"taxonomy":"post_tag","embeddable":true,"href":"https:\/\/diarioprincipios.com\/index.php\/wp-json\/wp\/v2\/tags?post=20011"}],"curies":[{"name":"wp","href":"https:\/\/api.w.org\/{rel}","templated":true}]}}