{"id":20008,"date":"2023-12-17T16:13:20","date_gmt":"2023-12-17T19:13:20","guid":{"rendered":"http:\/\/diarioprincipios.com\/?p=20008"},"modified":"2023-12-17T16:14:37","modified_gmt":"2023-12-17T19:14:37","slug":"la-mutual-municipal-arranca-con-la-entrega-de-la-bolsa-navidena","status":"publish","type":"post","link":"https:\/\/diarioprincipios.com\/index.php\/2023\/12\/17\/la-mutual-municipal-arranca-con-la-entrega-de-la-bolsa-navidena\/","title":{"rendered":"La Mutual Municipal arranca con la entrega de la Bolsa Navide\u00f1a"},"content":{"rendered":"\n<p>La Asociaci\u00f3n Mutual de Trabajadores Municipales de Berazategui, que preside Marcelo Palmadessa, arranca esta semana con la entrega de la Bolsa Navide\u00f1a para sus socios.  Como siempre se destaca por su abundancia y productos de primera calidad.<\/p>\n\n\n\n<p>Los socios deben acercarse de lunes a viernes de 10 a 13 durante esta semana y la pr\u00f3xima sin necesidad de presentar ning\u00fan recibo, solo deber\u00e1n dejar su firma en el padr\u00f3n de la Mutual.<\/p>\n\n\n\n<p>\u00abSin dudas este es el a\u00f1o m\u00e1s dif\u00edcil en mucho tiempo, hicimos un gran esfuerzo pero nuestros compa\u00f1eros pueden estar muy tranquilos porque estamos en condiciones de ofrecer como cada a\u00f1o una Bolsa Navide\u00f1a de calidad, variada y abundante, para que nada falte en la mesa de nuestros socios\u00bb, destac\u00f3 Marcelo Palmadessa.<\/p>\n\n\n\n<p>La Bolsa contiene pollo, chorizo, morcilla, gaseosas de primera l\u00ednea, Anan\u00e1 Fizz, Sidra, Vino y este a\u00f1o con mucho sacrificio sumamos tambi\u00e9n Fernet. Adem\u00e1s pan dulce, budin, turrones y confituras.<\/p>\n\n\n\n<p>\u00abComo decimos siempre todo esto lo logramos con una buena administraci\u00f3n, proveedores de primera y un Municipio que paga en tiempo y forma, de otra manera ser\u00eda imposible\u00bb, se\u00f1al\u00f3 el titular de la Mutual.<\/p>\n\n\n\n<p>Por \u00faltimo Palmadessa deseo \u00abque a pesar de las enormes dificultades podamos tener unas fiestas en paz, y ojal\u00e1 que quienes ahora tienen la responsabilidad de conducir los destinos del pa\u00eds no se olviden de la gente, de los trabajadores y sus familias, que la solidaridad y el amor son los valores m\u00e1s importantes\u00bb.  \u00a0<\/p>\n","protected":false},"excerpt":{"rendered":"<p>La Asociaci\u00f3n Mutual de Trabajadores Municipales de Berazategui, que preside Marcelo Palmadessa, arranca esta semana con la entrega de la Bolsa Navide\u00f1a para sus socios. Como siempre se destaca por su abundancia y productos de primera calidad. Los socios deben acercarse de lunes a viernes de 10 a 13 durante esta semana y la pr\u00f3xima&#8230;<\/p>\n","protected":false},"author":2,"featured_media":20009,"comment_status":"open","ping_status":"open","sticky":false,"template":"","format":"standard","meta":{"footnotes":""},"categories":[3],"tags":[],"class_list":["post-20008","post","type-post","status-publish","format-standard","has-post-thumbnail","hentry","category-berazategui"],"featured_image_src":"https:\/\/diarioprincipios.com\/wp-content\/uploads\/2023\/12\/palma-693x1024.jpg","blog_images":{"medium":"https:\/\/diarioprincipios.com\/wp-content\/uploads\/2023\/12\/palma-203x300.jpg","large":"https:\/\/diarioprincipios.com\/wp-content\/uploads\/2023\/12\/palma-693x1024.jpg"},"ams_acf":[],"yoast_head":"<!-- This site is optimized with the Yoast SEO plugin v27.3 - https:\/\/yoast.com\/product\/yoast-seo-wordpress\/ -->\n<title>La Mutual Municipal arranca con la entrega de la Bolsa Navide\u00f1a - Principios<\/title>\n<meta name=\"robots\" content=\"index, follow, max-snippet:-1, max-image-preview:large, max-video-preview:-1\" \/>\n<link rel=\"canonical\" href=\"https:\/\/diarioprincipios.com\/index.php\/2023\/12\/17\/la-mutual-municipal-arranca-con-la-entrega-de-la-bolsa-navidena\/\" \/>\n<meta property=\"og:locale\" content=\"es_ES\" \/>\n<meta property=\"og:type\" content=\"article\" \/>\n<meta property=\"og:title\" content=\"La Mutual Municipal arranca con la entrega de la Bolsa Navide\u00f1a - Principios\" \/>\n<meta property=\"og:description\" content=\"La Asociaci\u00f3n Mutual de Trabajadores Municipales de Berazategui, que preside Marcelo Palmadessa, arranca esta semana con la entrega de la Bolsa Navide\u00f1a para sus socios. Como siempre se destaca por su abundancia y productos de primera calidad. Los socios deben acercarse de lunes a viernes de 10 a 13 durante esta semana y la pr\u00f3xima...\" \/>\n<meta property=\"og:url\" content=\"https:\/\/diarioprincipios.com\/index.php\/2023\/12\/17\/la-mutual-municipal-arranca-con-la-entrega-de-la-bolsa-navidena\/\" \/>\n<meta property=\"og:site_name\" content=\"Principios\" \/>\n<meta property=\"article:published_time\" content=\"2023-12-17T19:13:20+00:00\" \/>\n<meta property=\"article:modified_time\" content=\"2023-12-17T19:14:37+00:00\" \/>\n<meta property=\"og:image\" content=\"https:\/\/diarioprincipios.com\/wp-content\/uploads\/2023\/12\/palma.jpg\" \/>\n\t<meta property=\"og:image:width\" content=\"1080\" \/>\n\t<meta property=\"og:image:height\" content=\"1596\" \/>\n\t<meta property=\"og:image:type\" content=\"image\/jpeg\" \/>\n<meta name=\"author\" content=\"Hern\u00e1n L\u00f3pez\" \/>\n<meta name=\"twitter:card\" content=\"summary_large_image\" \/>\n<meta name=\"twitter:label1\" content=\"Escrito por\" \/>\n\t<meta name=\"twitter:data1\" content=\"Hern\u00e1n L\u00f3pez\" \/>\n\t<meta name=\"twitter:label2\" content=\"Tiempo de lectura\" \/>\n\t<meta name=\"twitter:data2\" content=\"2 minutos\" \/>\n<script type=\"application\/ld+json\" class=\"yoast-schema-graph\">{\"@context\":\"https:\\\/\\\/schema.org\",\"@graph\":[{\"@type\":\"Article\",\"@id\":\"https:\\\/\\\/diarioprincipios.com\\\/index.php\\\/2023\\\/12\\\/17\\\/la-mutual-municipal-arranca-con-la-entrega-de-la-bolsa-navidena\\\/#article\",\"isPartOf\":{\"@id\":\"https:\\\/\\\/diarioprincipios.com\\\/index.php\\\/2023\\\/12\\\/17\\\/la-mutual-municipal-arranca-con-la-entrega-de-la-bolsa-navidena\\\/\"},\"author\":{\"name\":\"Hern\u00e1n L\u00f3pez\",\"@id\":\"https:\\\/\\\/diarioprincipios.com\\\/#\\\/schema\\\/person\\\/436d5a1fd41a5e250e23ff5a6a7cb080\"},\"headline\":\"La Mutual Municipal arranca con la entrega de la Bolsa Navide\u00f1a\",\"datePublished\":\"2023-12-17T19:13:20+00:00\",\"dateModified\":\"2023-12-17T19:14:37+00:00\",\"mainEntityOfPage\":{\"@id\":\"https:\\\/\\\/diarioprincipios.com\\\/index.php\\\/2023\\\/12\\\/17\\\/la-mutual-municipal-arranca-con-la-entrega-de-la-bolsa-navidena\\\/\"},\"wordCount\":273,\"commentCount\":0,\"publisher\":{\"@id\":\"https:\\\/\\\/diarioprincipios.com\\\/#organization\"},\"image\":{\"@id\":\"https:\\\/\\\/diarioprincipios.com\\\/index.php\\\/2023\\\/12\\\/17\\\/la-mutual-municipal-arranca-con-la-entrega-de-la-bolsa-navidena\\\/#primaryimage\"},\"thumbnailUrl\":\"https:\\\/\\\/diarioprincipios.com\\\/wp-content\\\/uploads\\\/2023\\\/12\\\/palma.jpg\",\"articleSection\":[\"Berazategui\"],\"inLanguage\":\"es\",\"potentialAction\":[{\"@type\":\"CommentAction\",\"name\":\"Comment\",\"target\":[\"https:\\\/\\\/diarioprincipios.com\\\/index.php\\\/2023\\\/12\\\/17\\\/la-mutual-municipal-arranca-con-la-entrega-de-la-bolsa-navidena\\\/#respond\"]}]},{\"@type\":\"WebPage\",\"@id\":\"https:\\\/\\\/diarioprincipios.com\\\/index.php\\\/2023\\\/12\\\/17\\\/la-mutual-municipal-arranca-con-la-entrega-de-la-bolsa-navidena\\\/\",\"url\":\"https:\\\/\\\/diarioprincipios.com\\\/index.php\\\/2023\\\/12\\\/17\\\/la-mutual-municipal-arranca-con-la-entrega-de-la-bolsa-navidena\\\/\",\"name\":\"La Mutual Municipal arranca con la entrega de la Bolsa Navide\u00f1a - Principios\",\"isPartOf\":{\"@id\":\"https:\\\/\\\/diarioprincipios.com\\\/#website\"},\"primaryImageOfPage\":{\"@id\":\"https:\\\/\\\/diarioprincipios.com\\\/index.php\\\/2023\\\/12\\\/17\\\/la-mutual-municipal-arranca-con-la-entrega-de-la-bolsa-navidena\\\/#primaryimage\"},\"image\":{\"@id\":\"https:\\\/\\\/diarioprincipios.com\\\/index.php\\\/2023\\\/12\\\/17\\\/la-mutual-municipal-arranca-con-la-entrega-de-la-bolsa-navidena\\\/#primaryimage\"},\"thumbnailUrl\":\"https:\\\/\\\/diarioprincipios.com\\\/wp-content\\\/uploads\\\/2023\\\/12\\\/palma.jpg\",\"datePublished\":\"2023-12-17T19:13:20+00:00\",\"dateModified\":\"2023-12-17T19:14:37+00:00\",\"breadcrumb\":{\"@id\":\"https:\\\/\\\/diarioprincipios.com\\\/index.php\\\/2023\\\/12\\\/17\\\/la-mutual-municipal-arranca-con-la-entrega-de-la-bolsa-navidena\\\/#breadcrumb\"},\"inLanguage\":\"es\",\"potentialAction\":[{\"@type\":\"ReadAction\",\"target\":[\"https:\\\/\\\/diarioprincipios.com\\\/index.php\\\/2023\\\/12\\\/17\\\/la-mutual-municipal-arranca-con-la-entrega-de-la-bolsa-navidena\\\/\"]}]},{\"@type\":\"ImageObject\",\"inLanguage\":\"es\",\"@id\":\"https:\\\/\\\/diarioprincipios.com\\\/index.php\\\/2023\\\/12\\\/17\\\/la-mutual-municipal-arranca-con-la-entrega-de-la-bolsa-navidena\\\/#primaryimage\",\"url\":\"https:\\\/\\\/diarioprincipios.com\\\/wp-content\\\/uploads\\\/2023\\\/12\\\/palma.jpg\",\"contentUrl\":\"https:\\\/\\\/diarioprincipios.com\\\/wp-content\\\/uploads\\\/2023\\\/12\\\/palma.jpg\",\"width\":1080,\"height\":1596},{\"@type\":\"BreadcrumbList\",\"@id\":\"https:\\\/\\\/diarioprincipios.com\\\/index.php\\\/2023\\\/12\\\/17\\\/la-mutual-municipal-arranca-con-la-entrega-de-la-bolsa-navidena\\\/#breadcrumb\",\"itemListElement\":[{\"@type\":\"ListItem\",\"position\":1,\"name\":\"Portada\",\"item\":\"https:\\\/\\\/diarioprincipios.com\\\/\"},{\"@type\":\"ListItem\",\"position\":2,\"name\":\"La Mutual Municipal arranca con la entrega de la Bolsa Navide\u00f1a\"}]},{\"@type\":\"WebSite\",\"@id\":\"https:\\\/\\\/diarioprincipios.com\\\/#website\",\"url\":\"https:\\\/\\\/diarioprincipios.com\\\/\",\"name\":\"Principios\",\"description\":\"Principios Diario\",\"publisher\":{\"@id\":\"https:\\\/\\\/diarioprincipios.com\\\/#organization\"},\"potentialAction\":[{\"@type\":\"SearchAction\",\"target\":{\"@type\":\"EntryPoint\",\"urlTemplate\":\"https:\\\/\\\/diarioprincipios.com\\\/?s={search_term_string}\"},\"query-input\":{\"@type\":\"PropertyValueSpecification\",\"valueRequired\":true,\"valueName\":\"search_term_string\"}}],\"inLanguage\":\"es\"},{\"@type\":\"Organization\",\"@id\":\"https:\\\/\\\/diarioprincipios.com\\\/#organization\",\"name\":\"Principios\",\"url\":\"https:\\\/\\\/diarioprincipios.com\\\/\",\"logo\":{\"@type\":\"ImageObject\",\"inLanguage\":\"es\",\"@id\":\"https:\\\/\\\/diarioprincipios.com\\\/#\\\/schema\\\/logo\\\/image\\\/\",\"url\":\"https:\\\/\\\/diarioprincipios.com\\\/wp-content\\\/uploads\\\/2024\\\/04\\\/cropped-www.diarioprincipios.com_-1.png\",\"contentUrl\":\"https:\\\/\\\/diarioprincipios.com\\\/wp-content\\\/uploads\\\/2024\\\/04\\\/cropped-www.diarioprincipios.com_-1.png\",\"width\":5325,\"height\":1454,\"caption\":\"Principios\"},\"image\":{\"@id\":\"https:\\\/\\\/diarioprincipios.com\\\/#\\\/schema\\\/logo\\\/image\\\/\"}},{\"@type\":\"Person\",\"@id\":\"https:\\\/\\\/diarioprincipios.com\\\/#\\\/schema\\\/person\\\/436d5a1fd41a5e250e23ff5a6a7cb080\",\"name\":\"Hern\u00e1n L\u00f3pez\",\"image\":{\"@type\":\"ImageObject\",\"inLanguage\":\"es\",\"@id\":\"https:\\\/\\\/diarioprincipios.com\\\/wp-content\\\/litespeed\\\/avatar\\\/11ddfe5610ff3bd100522525b2571f48.jpg?ver=1777653193\",\"url\":\"https:\\\/\\\/diarioprincipios.com\\\/wp-content\\\/litespeed\\\/avatar\\\/11ddfe5610ff3bd100522525b2571f48.jpg?ver=1777653193\",\"contentUrl\":\"https:\\\/\\\/diarioprincipios.com\\\/wp-content\\\/litespeed\\\/avatar\\\/11ddfe5610ff3bd100522525b2571f48.jpg?ver=1777653193\",\"caption\":\"Hern\u00e1n L\u00f3pez\"},\"url\":\"https:\\\/\\\/diarioprincipios.com\\\/index.php\\\/author\\\/hernan\\\/\"}]}<\/script>\n<!-- \/ Yoast SEO plugin. -->","yoast_head_json":{"title":"La Mutual Municipal arranca con la entrega de la Bolsa Navide\u00f1a - Principios","robots":{"index":"index","follow":"follow","max-snippet":"max-snippet:-1","max-image-preview":"max-image-preview:large","max-video-preview":"max-video-preview:-1"},"canonical":"https:\/\/diarioprincipios.com\/index.php\/2023\/12\/17\/la-mutual-municipal-arranca-con-la-entrega-de-la-bolsa-navidena\/","og_locale":"es_ES","og_type":"article","og_title":"La Mutual Municipal arranca con la entrega de la Bolsa Navide\u00f1a - Principios","og_description":"La Asociaci\u00f3n Mutual de Trabajadores Municipales de Berazategui, que preside Marcelo Palmadessa, arranca esta semana con la entrega de la Bolsa Navide\u00f1a para sus socios. Como siempre se destaca por su abundancia y productos de primera calidad. Los socios deben acercarse de lunes a viernes de 10 a 13 durante esta semana y la pr\u00f3xima...","og_url":"https:\/\/diarioprincipios.com\/index.php\/2023\/12\/17\/la-mutual-municipal-arranca-con-la-entrega-de-la-bolsa-navidena\/","og_site_name":"Principios","article_published_time":"2023-12-17T19:13:20+00:00","article_modified_time":"2023-12-17T19:14:37+00:00","og_image":[{"width":1080,"height":1596,"url":"https:\/\/diarioprincipios.com\/wp-content\/uploads\/2023\/12\/palma.jpg","type":"image\/jpeg"}],"author":"Hern\u00e1n L\u00f3pez","twitter_card":"summary_large_image","twitter_misc":{"Escrito por":"Hern\u00e1n L\u00f3pez","Tiempo de lectura":"2 minutos"},"schema":{"@context":"https:\/\/schema.org","@graph":[{"@type":"Article","@id":"https:\/\/diarioprincipios.com\/index.php\/2023\/12\/17\/la-mutual-municipal-arranca-con-la-entrega-de-la-bolsa-navidena\/#article","isPartOf":{"@id":"https:\/\/diarioprincipios.com\/index.php\/2023\/12\/17\/la-mutual-municipal-arranca-con-la-entrega-de-la-bolsa-navidena\/"},"author":{"name":"Hern\u00e1n L\u00f3pez","@id":"https:\/\/diarioprincipios.com\/#\/schema\/person\/436d5a1fd41a5e250e23ff5a6a7cb080"},"headline":"La Mutual Municipal arranca con la entrega de la Bolsa Navide\u00f1a","datePublished":"2023-12-17T19:13:20+00:00","dateModified":"2023-12-17T19:14:37+00:00","mainEntityOfPage":{"@id":"https:\/\/diarioprincipios.com\/index.php\/2023\/12\/17\/la-mutual-municipal-arranca-con-la-entrega-de-la-bolsa-navidena\/"},"wordCount":273,"commentCount":0,"publisher":{"@id":"https:\/\/diarioprincipios.com\/#organization"},"image":{"@id":"https:\/\/diarioprincipios.com\/index.php\/2023\/12\/17\/la-mutual-municipal-arranca-con-la-entrega-de-la-bolsa-navidena\/#primaryimage"},"thumbnailUrl":"https:\/\/diarioprincipios.com\/wp-content\/uploads\/2023\/12\/palma.jpg","articleSection":["Berazategui"],"inLanguage":"es","potentialAction":[{"@type":"CommentAction","name":"Comment","target":["https:\/\/diarioprincipios.com\/index.php\/2023\/12\/17\/la-mutual-municipal-arranca-con-la-entrega-de-la-bolsa-navidena\/#respond"]}]},{"@type":"WebPage","@id":"https:\/\/diarioprincipios.com\/index.php\/2023\/12\/17\/la-mutual-municipal-arranca-con-la-entrega-de-la-bolsa-navidena\/","url":"https:\/\/diarioprincipios.com\/index.php\/2023\/12\/17\/la-mutual-municipal-arranca-con-la-entrega-de-la-bolsa-navidena\/","name":"La Mutual Municipal arranca con la entrega de la Bolsa Navide\u00f1a - Principios","isPartOf":{"@id":"https:\/\/diarioprincipios.com\/#website"},"primaryImageOfPage":{"@id":"https:\/\/diarioprincipios.com\/index.php\/2023\/12\/17\/la-mutual-municipal-arranca-con-la-entrega-de-la-bolsa-navidena\/#primaryimage"},"image":{"@id":"https:\/\/diarioprincipios.com\/index.php\/2023\/12\/17\/la-mutual-municipal-arranca-con-la-entrega-de-la-bolsa-navidena\/#primaryimage"},"thumbnailUrl":"https:\/\/diarioprincipios.com\/wp-content\/uploads\/2023\/12\/palma.jpg","datePublished":"2023-12-17T19:13:20+00:00","dateModified":"2023-12-17T19:14:37+00:00","breadcrumb":{"@id":"https:\/\/diarioprincipios.com\/index.php\/2023\/12\/17\/la-mutual-municipal-arranca-con-la-entrega-de-la-bolsa-navidena\/#breadcrumb"},"inLanguage":"es","potentialAction":[{"@type":"ReadAction","target":["https:\/\/diarioprincipios.com\/index.php\/2023\/12\/17\/la-mutual-municipal-arranca-con-la-entrega-de-la-bolsa-navidena\/"]}]},{"@type":"ImageObject","inLanguage":"es","@id":"https:\/\/diarioprincipios.com\/index.php\/2023\/12\/17\/la-mutual-municipal-arranca-con-la-entrega-de-la-bolsa-navidena\/#primaryimage","url":"https:\/\/diarioprincipios.com\/wp-content\/uploads\/2023\/12\/palma.jpg","contentUrl":"https:\/\/diarioprincipios.com\/wp-content\/uploads\/2023\/12\/palma.jpg","width":1080,"height":1596},{"@type":"BreadcrumbList","@id":"https:\/\/diarioprincipios.com\/index.php\/2023\/12\/17\/la-mutual-municipal-arranca-con-la-entrega-de-la-bolsa-navidena\/#breadcrumb","itemListElement":[{"@type":"ListItem","position":1,"name":"Portada","item":"https:\/\/diarioprincipios.com\/"},{"@type":"ListItem","position":2,"name":"La Mutual Municipal arranca con la entrega de la Bolsa Navide\u00f1a"}]},{"@type":"WebSite","@id":"https:\/\/diarioprincipios.com\/#website","url":"https:\/\/diarioprincipios.com\/","name":"Principios","description":"Principios Diario","publisher":{"@id":"https:\/\/diarioprincipios.com\/#organization"},"potentialAction":[{"@type":"SearchAction","target":{"@type":"EntryPoint","urlTemplate":"https:\/\/diarioprincipios.com\/?s={search_term_string}"},"query-input":{"@type":"PropertyValueSpecification","valueRequired":true,"valueName":"search_term_string"}}],"inLanguage":"es"},{"@type":"Organization","@id":"https:\/\/diarioprincipios.com\/#organization","name":"Principios","url":"https:\/\/diarioprincipios.com\/","logo":{"@type":"ImageObject","inLanguage":"es","@id":"https:\/\/diarioprincipios.com\/#\/schema\/logo\/image\/","url":"https:\/\/diarioprincipios.com\/wp-content\/uploads\/2024\/04\/cropped-www.diarioprincipios.com_-1.png","contentUrl":"https:\/\/diarioprincipios.com\/wp-content\/uploads\/2024\/04\/cropped-www.diarioprincipios.com_-1.png","width":5325,"height":1454,"caption":"Principios"},"image":{"@id":"https:\/\/diarioprincipios.com\/#\/schema\/logo\/image\/"}},{"@type":"Person","@id":"https:\/\/diarioprincipios.com\/#\/schema\/person\/436d5a1fd41a5e250e23ff5a6a7cb080","name":"Hern\u00e1n L\u00f3pez","image":{"@type":"ImageObject","inLanguage":"es","@id":"https:\/\/diarioprincipios.com\/wp-content\/litespeed\/avatar\/11ddfe5610ff3bd100522525b2571f48.jpg?ver=1777653193","url":"https:\/\/diarioprincipios.com\/wp-content\/litespeed\/avatar\/11ddfe5610ff3bd100522525b2571f48.jpg?ver=1777653193","contentUrl":"https:\/\/diarioprincipios.com\/wp-content\/litespeed\/avatar\/11ddfe5610ff3bd100522525b2571f48.jpg?ver=1777653193","caption":"Hern\u00e1n L\u00f3pez"},"url":"https:\/\/diarioprincipios.com\/index.php\/author\/hernan\/"}]}},"jetpack_featured_media_url":"https:\/\/diarioprincipios.com\/wp-content\/uploads\/2023\/12\/palma.jpg","_links":{"self":[{"href":"https:\/\/diarioprincipios.com\/index.php\/wp-json\/wp\/v2\/posts\/20008","targetHints":{"allow":["GET"]}}],"collection":[{"href":"https:\/\/diarioprincipios.com\/index.php\/wp-json\/wp\/v2\/posts"}],"about":[{"href":"https:\/\/diarioprincipios.com\/index.php\/wp-json\/wp\/v2\/types\/post"}],"author":[{"embeddable":true,"href":"https:\/\/diarioprincipios.com\/index.php\/wp-json\/wp\/v2\/users\/2"}],"replies":[{"embeddable":true,"href":"https:\/\/diarioprincipios.com\/index.php\/wp-json\/wp\/v2\/comments?post=20008"}],"version-history":[{"count":1,"href":"https:\/\/diarioprincipios.com\/index.php\/wp-json\/wp\/v2\/posts\/20008\/revisions"}],"predecessor-version":[{"id":20010,"href":"https:\/\/diarioprincipios.com\/index.php\/wp-json\/wp\/v2\/posts\/20008\/revisions\/20010"}],"wp:featuredmedia":[{"embeddable":true,"href":"https:\/\/diarioprincipios.com\/index.php\/wp-json\/wp\/v2\/media\/20009"}],"wp:attachment":[{"href":"https:\/\/diarioprincipios.com\/index.php\/wp-json\/wp\/v2\/media?parent=20008"}],"wp:term":[{"taxonomy":"category","embeddable":true,"href":"https:\/\/diarioprincipios.com\/index.php\/wp-json\/wp\/v2\/categories?post=20008"},{"taxonomy":"post_tag","embeddable":true,"href":"https:\/\/diarioprincipios.com\/index.php\/wp-json\/wp\/v2\/tags?post=20008"}],"curies":[{"name":"wp","href":"https:\/\/api.w.org\/{rel}","templated":true}]}}