{"id":19999,"date":"2023-12-15T11:13:07","date_gmt":"2023-12-15T14:13:07","guid":{"rendered":"http:\/\/diarioprincipios.com\/?p=19999"},"modified":"2023-12-15T11:24:46","modified_gmt":"2023-12-15T14:24:46","slug":"conmemoracion-a-40-anos-de-la-vuelta-de-la-democracia","status":"publish","type":"post","link":"https:\/\/diarioprincipios.com\/index.php\/2023\/12\/15\/conmemoracion-a-40-anos-de-la-vuelta-de-la-democracia\/","title":{"rendered":"Conmemoraci\u00f3n a 40 a\u00f1os de la vuelta de la Democracia"},"content":{"rendered":"\n<p><strong>Se realiz\u00f3 una conmemoraci\u00f3n por los 40 a\u00f1os de la&nbsp;Democracia&nbsp;en la plaza Carlos San Mart\u00edn, de Guti\u00e9rrez. All\u00ed, estuvo el intendente municipal, Juan Jos\u00e9 Mussi, acompa\u00f1ando las distintas actividades desplegadas.<\/strong><\/p>\n\n\n\n<figure class=\"wp-block-image size-large\"><img loading=\"lazy\" decoding=\"async\" width=\"1024\" height=\"665\" src=\"https:\/\/diarioprincipios.com\/wp-content\/uploads\/2023\/12\/Screenshot_20231215_110928_Yahoo-Mail-1024x665.jpg\" alt=\"\" class=\"wp-image-20002\" srcset=\"https:\/\/diarioprincipios.com\/wp-content\/uploads\/2023\/12\/Screenshot_20231215_110928_Yahoo-Mail-1024x665.jpg 1024w, https:\/\/diarioprincipios.com\/wp-content\/uploads\/2023\/12\/Screenshot_20231215_110928_Yahoo-Mail-300x195.jpg 300w, https:\/\/diarioprincipios.com\/wp-content\/uploads\/2023\/12\/Screenshot_20231215_110928_Yahoo-Mail-768x499.jpg 768w, https:\/\/diarioprincipios.com\/wp-content\/uploads\/2023\/12\/Screenshot_20231215_110928_Yahoo-Mail.jpg 1076w\" sizes=\"auto, (max-width: 1024px) 100vw, 1024px\" \/><\/figure>\n\n\n\n<p>Mussi se\u00f1al\u00f3 la importancia de mantener viva la memoria: \u201cTodo lo que sea homenajear la&nbsp;Democracia&nbsp;merece que estemos presentes. Esta fecha es muy importante para todos los argentinos y las argentinas. En nuestro pa\u00eds, la&nbsp;Democracia&nbsp;tiene solo dos colores, los de la bandera: el celeste y el blanco\u201d.<\/p>\n\n\n\n<figure class=\"wp-block-image size-large\"><img loading=\"lazy\" decoding=\"async\" width=\"1024\" height=\"675\" src=\"https:\/\/diarioprincipios.com\/wp-content\/uploads\/2023\/12\/Screenshot_20231215_110935_Yahoo-Mail-1024x675.jpg\" alt=\"\" class=\"wp-image-20000\" srcset=\"https:\/\/diarioprincipios.com\/wp-content\/uploads\/2023\/12\/Screenshot_20231215_110935_Yahoo-Mail-1024x675.jpg 1024w, https:\/\/diarioprincipios.com\/wp-content\/uploads\/2023\/12\/Screenshot_20231215_110935_Yahoo-Mail-300x198.jpg 300w, https:\/\/diarioprincipios.com\/wp-content\/uploads\/2023\/12\/Screenshot_20231215_110935_Yahoo-Mail-768x506.jpg 768w, https:\/\/diarioprincipios.com\/wp-content\/uploads\/2023\/12\/Screenshot_20231215_110935_Yahoo-Mail.jpg 1074w\" sizes=\"auto, (max-width: 1024px) 100vw, 1024px\" \/><\/figure>\n\n\n\n<p>Durante el encuentro comunitario, se record\u00f3 a Carlos San Mart\u00edn, vecino de la zona detenido-desaparecido durante la \u00faltima dictadura c\u00edvico militar. La plaza lleva su nombre en homenaje a \u00e9l.<\/p>\n\n\n\n<figure class=\"wp-block-image size-large\"><img loading=\"lazy\" decoding=\"async\" width=\"1024\" height=\"685\" src=\"https:\/\/diarioprincipios.com\/wp-content\/uploads\/2023\/12\/Screenshot_20231215_110938_Yahoo-Mail-1024x685.jpg\" alt=\"\" class=\"wp-image-20001\" srcset=\"https:\/\/diarioprincipios.com\/wp-content\/uploads\/2023\/12\/Screenshot_20231215_110938_Yahoo-Mail-1024x685.jpg 1024w, https:\/\/diarioprincipios.com\/wp-content\/uploads\/2023\/12\/Screenshot_20231215_110938_Yahoo-Mail-300x201.jpg 300w, https:\/\/diarioprincipios.com\/wp-content\/uploads\/2023\/12\/Screenshot_20231215_110938_Yahoo-Mail-768x514.jpg 768w, https:\/\/diarioprincipios.com\/wp-content\/uploads\/2023\/12\/Screenshot_20231215_110938_Yahoo-Mail.jpg 1073w\" sizes=\"auto, (max-width: 1024px) 100vw, 1024px\" \/><\/figure>\n\n\n\n<p>Carlos San Mart\u00edn estudi\u00f3 en el Polit\u00e9cnico de Berazategui, participando como delegado en el Centro de Estudiantes de la Escuela, junto con sus compa\u00f1eros Carlos Hugo Blanco y Alejandro Lu\u00eds Estigarribia, todos ellos detenidos y desaparecidos en mayo de 1977. San Mart\u00edn desarroll\u00f3 tareas en beneficio de la comunidad, siendo un militante activo para conseguir la primera escuela secundaria en la zona, que hoy lleva el nombre de \u201cSanta Teresa\u201d.<\/p>\n\n\n\n<figure class=\"wp-block-image size-large\"><img loading=\"lazy\" decoding=\"async\" width=\"1024\" height=\"576\" src=\"https:\/\/diarioprincipios.com\/wp-content\/uploads\/2023\/12\/IMG-20231215-WA0021-1024x576.jpg\" alt=\"\" class=\"wp-image-20005\" srcset=\"https:\/\/diarioprincipios.com\/wp-content\/uploads\/2023\/12\/IMG-20231215-WA0021-1024x576.jpg 1024w, https:\/\/diarioprincipios.com\/wp-content\/uploads\/2023\/12\/IMG-20231215-WA0021-300x169.jpg 300w, https:\/\/diarioprincipios.com\/wp-content\/uploads\/2023\/12\/IMG-20231215-WA0021-768x432.jpg 768w, https:\/\/diarioprincipios.com\/wp-content\/uploads\/2023\/12\/IMG-20231215-WA0021.jpg 1277w\" sizes=\"auto, (max-width: 1024px) 100vw, 1024px\" \/><\/figure>\n","protected":false},"excerpt":{"rendered":"<p>Se realiz\u00f3 una conmemoraci\u00f3n por los 40 a\u00f1os de la&nbsp;Democracia&nbsp;en la plaza Carlos San Mart\u00edn, de Guti\u00e9rrez. All\u00ed, estuvo el intendente municipal, Juan Jos\u00e9 Mussi, acompa\u00f1ando las distintas actividades desplegadas. Mussi se\u00f1al\u00f3 la importancia de mantener viva la memoria: \u201cTodo lo que sea homenajear la&nbsp;Democracia&nbsp;merece que estemos presentes. Esta fecha es muy importante para todos&#8230;<\/p>\n","protected":false},"author":2,"featured_media":20003,"comment_status":"open","ping_status":"open","sticky":false,"template":"","format":"standard","meta":{"footnotes":""},"categories":[3],"tags":[],"class_list":["post-19999","post","type-post","status-publish","format-standard","has-post-thumbnail","hentry","category-berazategui"],"featured_image_src":"https:\/\/diarioprincipios.com\/wp-content\/uploads\/2023\/12\/Screenshot_20231215_110931_Yahoo-Mail-1024x679.jpg","blog_images":{"medium":"https:\/\/diarioprincipios.com\/wp-content\/uploads\/2023\/12\/Screenshot_20231215_110931_Yahoo-Mail-300x199.jpg","large":"https:\/\/diarioprincipios.com\/wp-content\/uploads\/2023\/12\/Screenshot_20231215_110931_Yahoo-Mail-1024x679.jpg"},"ams_acf":[],"yoast_head":"<!-- This site is optimized with the Yoast SEO plugin v27.3 - https:\/\/yoast.com\/product\/yoast-seo-wordpress\/ -->\n<title>Conmemoraci\u00f3n a 40 a\u00f1os de la vuelta de la Democracia - Principios<\/title>\n<meta name=\"robots\" content=\"index, follow, max-snippet:-1, max-image-preview:large, max-video-preview:-1\" \/>\n<link rel=\"canonical\" href=\"https:\/\/diarioprincipios.com\/index.php\/2023\/12\/15\/conmemoracion-a-40-anos-de-la-vuelta-de-la-democracia\/\" \/>\n<meta property=\"og:locale\" content=\"es_ES\" \/>\n<meta property=\"og:type\" content=\"article\" \/>\n<meta property=\"og:title\" content=\"Conmemoraci\u00f3n a 40 a\u00f1os de la vuelta de la Democracia - Principios\" \/>\n<meta property=\"og:description\" content=\"Se realiz\u00f3 una conmemoraci\u00f3n por los 40 a\u00f1os de la&nbsp;Democracia&nbsp;en la plaza Carlos San Mart\u00edn, de Guti\u00e9rrez. All\u00ed, estuvo el intendente municipal, Juan Jos\u00e9 Mussi, acompa\u00f1ando las distintas actividades desplegadas. Mussi se\u00f1al\u00f3 la importancia de mantener viva la memoria: \u201cTodo lo que sea homenajear la&nbsp;Democracia&nbsp;merece que estemos presentes. Esta fecha es muy importante para todos...\" \/>\n<meta property=\"og:url\" content=\"https:\/\/diarioprincipios.com\/index.php\/2023\/12\/15\/conmemoracion-a-40-anos-de-la-vuelta-de-la-democracia\/\" \/>\n<meta property=\"og:site_name\" content=\"Principios\" \/>\n<meta property=\"article:published_time\" content=\"2023-12-15T14:13:07+00:00\" \/>\n<meta property=\"article:modified_time\" content=\"2023-12-15T14:24:46+00:00\" \/>\n<meta property=\"og:image\" content=\"https:\/\/diarioprincipios.com\/wp-content\/uploads\/2023\/12\/Screenshot_20231215_110931_Yahoo-Mail.jpg\" \/>\n\t<meta property=\"og:image:width\" content=\"1080\" \/>\n\t<meta property=\"og:image:height\" content=\"716\" \/>\n\t<meta property=\"og:image:type\" content=\"image\/jpeg\" \/>\n<meta name=\"author\" content=\"Hern\u00e1n L\u00f3pez\" \/>\n<meta name=\"twitter:card\" content=\"summary_large_image\" \/>\n<meta name=\"twitter:label1\" content=\"Escrito por\" \/>\n\t<meta name=\"twitter:data1\" content=\"Hern\u00e1n L\u00f3pez\" \/>\n\t<meta name=\"twitter:label2\" content=\"Tiempo de lectura\" \/>\n\t<meta name=\"twitter:data2\" content=\"2 minutos\" \/>\n<script type=\"application\/ld+json\" class=\"yoast-schema-graph\">{\"@context\":\"https:\\\/\\\/schema.org\",\"@graph\":[{\"@type\":\"Article\",\"@id\":\"https:\\\/\\\/diarioprincipios.com\\\/index.php\\\/2023\\\/12\\\/15\\\/conmemoracion-a-40-anos-de-la-vuelta-de-la-democracia\\\/#article\",\"isPartOf\":{\"@id\":\"https:\\\/\\\/diarioprincipios.com\\\/index.php\\\/2023\\\/12\\\/15\\\/conmemoracion-a-40-anos-de-la-vuelta-de-la-democracia\\\/\"},\"author\":{\"name\":\"Hern\u00e1n L\u00f3pez\",\"@id\":\"https:\\\/\\\/diarioprincipios.com\\\/#\\\/schema\\\/person\\\/436d5a1fd41a5e250e23ff5a6a7cb080\"},\"headline\":\"Conmemoraci\u00f3n a 40 a\u00f1os de la vuelta de la Democracia\",\"datePublished\":\"2023-12-15T14:13:07+00:00\",\"dateModified\":\"2023-12-15T14:24:46+00:00\",\"mainEntityOfPage\":{\"@id\":\"https:\\\/\\\/diarioprincipios.com\\\/index.php\\\/2023\\\/12\\\/15\\\/conmemoracion-a-40-anos-de-la-vuelta-de-la-democracia\\\/\"},\"wordCount\":211,\"commentCount\":0,\"publisher\":{\"@id\":\"https:\\\/\\\/diarioprincipios.com\\\/#organization\"},\"image\":{\"@id\":\"https:\\\/\\\/diarioprincipios.com\\\/index.php\\\/2023\\\/12\\\/15\\\/conmemoracion-a-40-anos-de-la-vuelta-de-la-democracia\\\/#primaryimage\"},\"thumbnailUrl\":\"https:\\\/\\\/diarioprincipios.com\\\/wp-content\\\/uploads\\\/2023\\\/12\\\/Screenshot_20231215_110931_Yahoo-Mail.jpg\",\"articleSection\":[\"Berazategui\"],\"inLanguage\":\"es\",\"potentialAction\":[{\"@type\":\"CommentAction\",\"name\":\"Comment\",\"target\":[\"https:\\\/\\\/diarioprincipios.com\\\/index.php\\\/2023\\\/12\\\/15\\\/conmemoracion-a-40-anos-de-la-vuelta-de-la-democracia\\\/#respond\"]}]},{\"@type\":\"WebPage\",\"@id\":\"https:\\\/\\\/diarioprincipios.com\\\/index.php\\\/2023\\\/12\\\/15\\\/conmemoracion-a-40-anos-de-la-vuelta-de-la-democracia\\\/\",\"url\":\"https:\\\/\\\/diarioprincipios.com\\\/index.php\\\/2023\\\/12\\\/15\\\/conmemoracion-a-40-anos-de-la-vuelta-de-la-democracia\\\/\",\"name\":\"Conmemoraci\u00f3n a 40 a\u00f1os de la vuelta de la Democracia - Principios\",\"isPartOf\":{\"@id\":\"https:\\\/\\\/diarioprincipios.com\\\/#website\"},\"primaryImageOfPage\":{\"@id\":\"https:\\\/\\\/diarioprincipios.com\\\/index.php\\\/2023\\\/12\\\/15\\\/conmemoracion-a-40-anos-de-la-vuelta-de-la-democracia\\\/#primaryimage\"},\"image\":{\"@id\":\"https:\\\/\\\/diarioprincipios.com\\\/index.php\\\/2023\\\/12\\\/15\\\/conmemoracion-a-40-anos-de-la-vuelta-de-la-democracia\\\/#primaryimage\"},\"thumbnailUrl\":\"https:\\\/\\\/diarioprincipios.com\\\/wp-content\\\/uploads\\\/2023\\\/12\\\/Screenshot_20231215_110931_Yahoo-Mail.jpg\",\"datePublished\":\"2023-12-15T14:13:07+00:00\",\"dateModified\":\"2023-12-15T14:24:46+00:00\",\"breadcrumb\":{\"@id\":\"https:\\\/\\\/diarioprincipios.com\\\/index.php\\\/2023\\\/12\\\/15\\\/conmemoracion-a-40-anos-de-la-vuelta-de-la-democracia\\\/#breadcrumb\"},\"inLanguage\":\"es\",\"potentialAction\":[{\"@type\":\"ReadAction\",\"target\":[\"https:\\\/\\\/diarioprincipios.com\\\/index.php\\\/2023\\\/12\\\/15\\\/conmemoracion-a-40-anos-de-la-vuelta-de-la-democracia\\\/\"]}]},{\"@type\":\"ImageObject\",\"inLanguage\":\"es\",\"@id\":\"https:\\\/\\\/diarioprincipios.com\\\/index.php\\\/2023\\\/12\\\/15\\\/conmemoracion-a-40-anos-de-la-vuelta-de-la-democracia\\\/#primaryimage\",\"url\":\"https:\\\/\\\/diarioprincipios.com\\\/wp-content\\\/uploads\\\/2023\\\/12\\\/Screenshot_20231215_110931_Yahoo-Mail.jpg\",\"contentUrl\":\"https:\\\/\\\/diarioprincipios.com\\\/wp-content\\\/uploads\\\/2023\\\/12\\\/Screenshot_20231215_110931_Yahoo-Mail.jpg\",\"width\":1080,\"height\":716},{\"@type\":\"BreadcrumbList\",\"@id\":\"https:\\\/\\\/diarioprincipios.com\\\/index.php\\\/2023\\\/12\\\/15\\\/conmemoracion-a-40-anos-de-la-vuelta-de-la-democracia\\\/#breadcrumb\",\"itemListElement\":[{\"@type\":\"ListItem\",\"position\":1,\"name\":\"Portada\",\"item\":\"https:\\\/\\\/diarioprincipios.com\\\/\"},{\"@type\":\"ListItem\",\"position\":2,\"name\":\"Conmemoraci\u00f3n a 40 a\u00f1os de la vuelta de la Democracia\"}]},{\"@type\":\"WebSite\",\"@id\":\"https:\\\/\\\/diarioprincipios.com\\\/#website\",\"url\":\"https:\\\/\\\/diarioprincipios.com\\\/\",\"name\":\"Principios\",\"description\":\"Principios Diario\",\"publisher\":{\"@id\":\"https:\\\/\\\/diarioprincipios.com\\\/#organization\"},\"potentialAction\":[{\"@type\":\"SearchAction\",\"target\":{\"@type\":\"EntryPoint\",\"urlTemplate\":\"https:\\\/\\\/diarioprincipios.com\\\/?s={search_term_string}\"},\"query-input\":{\"@type\":\"PropertyValueSpecification\",\"valueRequired\":true,\"valueName\":\"search_term_string\"}}],\"inLanguage\":\"es\"},{\"@type\":\"Organization\",\"@id\":\"https:\\\/\\\/diarioprincipios.com\\\/#organization\",\"name\":\"Principios\",\"url\":\"https:\\\/\\\/diarioprincipios.com\\\/\",\"logo\":{\"@type\":\"ImageObject\",\"inLanguage\":\"es\",\"@id\":\"https:\\\/\\\/diarioprincipios.com\\\/#\\\/schema\\\/logo\\\/image\\\/\",\"url\":\"https:\\\/\\\/diarioprincipios.com\\\/wp-content\\\/uploads\\\/2024\\\/04\\\/cropped-www.diarioprincipios.com_-1.png\",\"contentUrl\":\"https:\\\/\\\/diarioprincipios.com\\\/wp-content\\\/uploads\\\/2024\\\/04\\\/cropped-www.diarioprincipios.com_-1.png\",\"width\":5325,\"height\":1454,\"caption\":\"Principios\"},\"image\":{\"@id\":\"https:\\\/\\\/diarioprincipios.com\\\/#\\\/schema\\\/logo\\\/image\\\/\"}},{\"@type\":\"Person\",\"@id\":\"https:\\\/\\\/diarioprincipios.com\\\/#\\\/schema\\\/person\\\/436d5a1fd41a5e250e23ff5a6a7cb080\",\"name\":\"Hern\u00e1n L\u00f3pez\",\"image\":{\"@type\":\"ImageObject\",\"inLanguage\":\"es\",\"@id\":\"https:\\\/\\\/diarioprincipios.com\\\/wp-content\\\/litespeed\\\/avatar\\\/11ddfe5610ff3bd100522525b2571f48.jpg?ver=1777653193\",\"url\":\"https:\\\/\\\/diarioprincipios.com\\\/wp-content\\\/litespeed\\\/avatar\\\/11ddfe5610ff3bd100522525b2571f48.jpg?ver=1777653193\",\"contentUrl\":\"https:\\\/\\\/diarioprincipios.com\\\/wp-content\\\/litespeed\\\/avatar\\\/11ddfe5610ff3bd100522525b2571f48.jpg?ver=1777653193\",\"caption\":\"Hern\u00e1n L\u00f3pez\"},\"url\":\"https:\\\/\\\/diarioprincipios.com\\\/index.php\\\/author\\\/hernan\\\/\"}]}<\/script>\n<!-- \/ Yoast SEO plugin. -->","yoast_head_json":{"title":"Conmemoraci\u00f3n a 40 a\u00f1os de la vuelta de la Democracia - Principios","robots":{"index":"index","follow":"follow","max-snippet":"max-snippet:-1","max-image-preview":"max-image-preview:large","max-video-preview":"max-video-preview:-1"},"canonical":"https:\/\/diarioprincipios.com\/index.php\/2023\/12\/15\/conmemoracion-a-40-anos-de-la-vuelta-de-la-democracia\/","og_locale":"es_ES","og_type":"article","og_title":"Conmemoraci\u00f3n a 40 a\u00f1os de la vuelta de la Democracia - Principios","og_description":"Se realiz\u00f3 una conmemoraci\u00f3n por los 40 a\u00f1os de la&nbsp;Democracia&nbsp;en la plaza Carlos San Mart\u00edn, de Guti\u00e9rrez. All\u00ed, estuvo el intendente municipal, Juan Jos\u00e9 Mussi, acompa\u00f1ando las distintas actividades desplegadas. Mussi se\u00f1al\u00f3 la importancia de mantener viva la memoria: \u201cTodo lo que sea homenajear la&nbsp;Democracia&nbsp;merece que estemos presentes. Esta fecha es muy importante para todos...","og_url":"https:\/\/diarioprincipios.com\/index.php\/2023\/12\/15\/conmemoracion-a-40-anos-de-la-vuelta-de-la-democracia\/","og_site_name":"Principios","article_published_time":"2023-12-15T14:13:07+00:00","article_modified_time":"2023-12-15T14:24:46+00:00","og_image":[{"width":1080,"height":716,"url":"https:\/\/diarioprincipios.com\/wp-content\/uploads\/2023\/12\/Screenshot_20231215_110931_Yahoo-Mail.jpg","type":"image\/jpeg"}],"author":"Hern\u00e1n L\u00f3pez","twitter_card":"summary_large_image","twitter_misc":{"Escrito por":"Hern\u00e1n L\u00f3pez","Tiempo de lectura":"2 minutos"},"schema":{"@context":"https:\/\/schema.org","@graph":[{"@type":"Article","@id":"https:\/\/diarioprincipios.com\/index.php\/2023\/12\/15\/conmemoracion-a-40-anos-de-la-vuelta-de-la-democracia\/#article","isPartOf":{"@id":"https:\/\/diarioprincipios.com\/index.php\/2023\/12\/15\/conmemoracion-a-40-anos-de-la-vuelta-de-la-democracia\/"},"author":{"name":"Hern\u00e1n L\u00f3pez","@id":"https:\/\/diarioprincipios.com\/#\/schema\/person\/436d5a1fd41a5e250e23ff5a6a7cb080"},"headline":"Conmemoraci\u00f3n a 40 a\u00f1os de la vuelta de la Democracia","datePublished":"2023-12-15T14:13:07+00:00","dateModified":"2023-12-15T14:24:46+00:00","mainEntityOfPage":{"@id":"https:\/\/diarioprincipios.com\/index.php\/2023\/12\/15\/conmemoracion-a-40-anos-de-la-vuelta-de-la-democracia\/"},"wordCount":211,"commentCount":0,"publisher":{"@id":"https:\/\/diarioprincipios.com\/#organization"},"image":{"@id":"https:\/\/diarioprincipios.com\/index.php\/2023\/12\/15\/conmemoracion-a-40-anos-de-la-vuelta-de-la-democracia\/#primaryimage"},"thumbnailUrl":"https:\/\/diarioprincipios.com\/wp-content\/uploads\/2023\/12\/Screenshot_20231215_110931_Yahoo-Mail.jpg","articleSection":["Berazategui"],"inLanguage":"es","potentialAction":[{"@type":"CommentAction","name":"Comment","target":["https:\/\/diarioprincipios.com\/index.php\/2023\/12\/15\/conmemoracion-a-40-anos-de-la-vuelta-de-la-democracia\/#respond"]}]},{"@type":"WebPage","@id":"https:\/\/diarioprincipios.com\/index.php\/2023\/12\/15\/conmemoracion-a-40-anos-de-la-vuelta-de-la-democracia\/","url":"https:\/\/diarioprincipios.com\/index.php\/2023\/12\/15\/conmemoracion-a-40-anos-de-la-vuelta-de-la-democracia\/","name":"Conmemoraci\u00f3n a 40 a\u00f1os de la vuelta de la Democracia - Principios","isPartOf":{"@id":"https:\/\/diarioprincipios.com\/#website"},"primaryImageOfPage":{"@id":"https:\/\/diarioprincipios.com\/index.php\/2023\/12\/15\/conmemoracion-a-40-anos-de-la-vuelta-de-la-democracia\/#primaryimage"},"image":{"@id":"https:\/\/diarioprincipios.com\/index.php\/2023\/12\/15\/conmemoracion-a-40-anos-de-la-vuelta-de-la-democracia\/#primaryimage"},"thumbnailUrl":"https:\/\/diarioprincipios.com\/wp-content\/uploads\/2023\/12\/Screenshot_20231215_110931_Yahoo-Mail.jpg","datePublished":"2023-12-15T14:13:07+00:00","dateModified":"2023-12-15T14:24:46+00:00","breadcrumb":{"@id":"https:\/\/diarioprincipios.com\/index.php\/2023\/12\/15\/conmemoracion-a-40-anos-de-la-vuelta-de-la-democracia\/#breadcrumb"},"inLanguage":"es","potentialAction":[{"@type":"ReadAction","target":["https:\/\/diarioprincipios.com\/index.php\/2023\/12\/15\/conmemoracion-a-40-anos-de-la-vuelta-de-la-democracia\/"]}]},{"@type":"ImageObject","inLanguage":"es","@id":"https:\/\/diarioprincipios.com\/index.php\/2023\/12\/15\/conmemoracion-a-40-anos-de-la-vuelta-de-la-democracia\/#primaryimage","url":"https:\/\/diarioprincipios.com\/wp-content\/uploads\/2023\/12\/Screenshot_20231215_110931_Yahoo-Mail.jpg","contentUrl":"https:\/\/diarioprincipios.com\/wp-content\/uploads\/2023\/12\/Screenshot_20231215_110931_Yahoo-Mail.jpg","width":1080,"height":716},{"@type":"BreadcrumbList","@id":"https:\/\/diarioprincipios.com\/index.php\/2023\/12\/15\/conmemoracion-a-40-anos-de-la-vuelta-de-la-democracia\/#breadcrumb","itemListElement":[{"@type":"ListItem","position":1,"name":"Portada","item":"https:\/\/diarioprincipios.com\/"},{"@type":"ListItem","position":2,"name":"Conmemoraci\u00f3n a 40 a\u00f1os de la vuelta de la Democracia"}]},{"@type":"WebSite","@id":"https:\/\/diarioprincipios.com\/#website","url":"https:\/\/diarioprincipios.com\/","name":"Principios","description":"Principios Diario","publisher":{"@id":"https:\/\/diarioprincipios.com\/#organization"},"potentialAction":[{"@type":"SearchAction","target":{"@type":"EntryPoint","urlTemplate":"https:\/\/diarioprincipios.com\/?s={search_term_string}"},"query-input":{"@type":"PropertyValueSpecification","valueRequired":true,"valueName":"search_term_string"}}],"inLanguage":"es"},{"@type":"Organization","@id":"https:\/\/diarioprincipios.com\/#organization","name":"Principios","url":"https:\/\/diarioprincipios.com\/","logo":{"@type":"ImageObject","inLanguage":"es","@id":"https:\/\/diarioprincipios.com\/#\/schema\/logo\/image\/","url":"https:\/\/diarioprincipios.com\/wp-content\/uploads\/2024\/04\/cropped-www.diarioprincipios.com_-1.png","contentUrl":"https:\/\/diarioprincipios.com\/wp-content\/uploads\/2024\/04\/cropped-www.diarioprincipios.com_-1.png","width":5325,"height":1454,"caption":"Principios"},"image":{"@id":"https:\/\/diarioprincipios.com\/#\/schema\/logo\/image\/"}},{"@type":"Person","@id":"https:\/\/diarioprincipios.com\/#\/schema\/person\/436d5a1fd41a5e250e23ff5a6a7cb080","name":"Hern\u00e1n L\u00f3pez","image":{"@type":"ImageObject","inLanguage":"es","@id":"https:\/\/diarioprincipios.com\/wp-content\/litespeed\/avatar\/11ddfe5610ff3bd100522525b2571f48.jpg?ver=1777653193","url":"https:\/\/diarioprincipios.com\/wp-content\/litespeed\/avatar\/11ddfe5610ff3bd100522525b2571f48.jpg?ver=1777653193","contentUrl":"https:\/\/diarioprincipios.com\/wp-content\/litespeed\/avatar\/11ddfe5610ff3bd100522525b2571f48.jpg?ver=1777653193","caption":"Hern\u00e1n L\u00f3pez"},"url":"https:\/\/diarioprincipios.com\/index.php\/author\/hernan\/"}]}},"jetpack_featured_media_url":"https:\/\/diarioprincipios.com\/wp-content\/uploads\/2023\/12\/Screenshot_20231215_110931_Yahoo-Mail.jpg","_links":{"self":[{"href":"https:\/\/diarioprincipios.com\/index.php\/wp-json\/wp\/v2\/posts\/19999","targetHints":{"allow":["GET"]}}],"collection":[{"href":"https:\/\/diarioprincipios.com\/index.php\/wp-json\/wp\/v2\/posts"}],"about":[{"href":"https:\/\/diarioprincipios.com\/index.php\/wp-json\/wp\/v2\/types\/post"}],"author":[{"embeddable":true,"href":"https:\/\/diarioprincipios.com\/index.php\/wp-json\/wp\/v2\/users\/2"}],"replies":[{"embeddable":true,"href":"https:\/\/diarioprincipios.com\/index.php\/wp-json\/wp\/v2\/comments?post=19999"}],"version-history":[{"count":2,"href":"https:\/\/diarioprincipios.com\/index.php\/wp-json\/wp\/v2\/posts\/19999\/revisions"}],"predecessor-version":[{"id":20006,"href":"https:\/\/diarioprincipios.com\/index.php\/wp-json\/wp\/v2\/posts\/19999\/revisions\/20006"}],"wp:featuredmedia":[{"embeddable":true,"href":"https:\/\/diarioprincipios.com\/index.php\/wp-json\/wp\/v2\/media\/20003"}],"wp:attachment":[{"href":"https:\/\/diarioprincipios.com\/index.php\/wp-json\/wp\/v2\/media?parent=19999"}],"wp:term":[{"taxonomy":"category","embeddable":true,"href":"https:\/\/diarioprincipios.com\/index.php\/wp-json\/wp\/v2\/categories?post=19999"},{"taxonomy":"post_tag","embeddable":true,"href":"https:\/\/diarioprincipios.com\/index.php\/wp-json\/wp\/v2\/tags?post=19999"}],"curies":[{"name":"wp","href":"https:\/\/api.w.org\/{rel}","templated":true}]}}