{"id":19979,"date":"2023-12-14T12:50:16","date_gmt":"2023-12-14T15:50:16","guid":{"rendered":"http:\/\/diarioprincipios.com\/?p=19979"},"modified":"2023-12-14T12:51:42","modified_gmt":"2023-12-14T15:51:42","slug":"el-viernes-asumiran-como-concejales-salome-pereyra-andres-nikitiuk-y-mabel-dias","status":"publish","type":"post","link":"https:\/\/diarioprincipios.com\/index.php\/2023\/12\/14\/el-viernes-asumiran-como-concejales-salome-pereyra-andres-nikitiuk-y-mabel-dias\/","title":{"rendered":"El viernes asumir\u00e1n como concejales Salom\u00e9 Pereyra, Andr\u00e9s Nikitiuk y Mabel Dias"},"content":{"rendered":"\n<p>En la sesi\u00f3n ordinaria a desarrollarse este viernes en el Concejo Deliberante de Berazategui pedir\u00e1n licencia los concejales electos Carlos Balor, Mar\u00eda del Carmen Flores y Federico L\u00f3pez quienes continuar\u00e1n acompa\u00f1ando en el Gabinete Municipal al Intendente Juan Jos\u00e9 Mussi, por lo que asumir\u00e1n en sus lugares quienes ocuparon los luagares 8, 9 y 10 en la lista encabezada por Mussi que gan\u00f3 por el 55% de los votos en Octubre, ellos son Salom\u00e9 Pereyra, Andr\u00e9s Nikitiuk y Mabel D\u00edas.<\/p>\n\n\n\n<figure class=\"wp-block-image size-large\"><img loading=\"lazy\" decoding=\"async\" width=\"880\" height=\"1024\" src=\"https:\/\/diarioprincipios.com\/wp-content\/uploads\/2023\/12\/Screenshot_20231214_124036_Gallery-880x1024.jpg\" alt=\"\" class=\"wp-image-19980\" srcset=\"https:\/\/diarioprincipios.com\/wp-content\/uploads\/2023\/12\/Screenshot_20231214_124036_Gallery-880x1024.jpg 880w, https:\/\/diarioprincipios.com\/wp-content\/uploads\/2023\/12\/Screenshot_20231214_124036_Gallery-258x300.jpg 258w, https:\/\/diarioprincipios.com\/wp-content\/uploads\/2023\/12\/Screenshot_20231214_124036_Gallery-768x894.jpg 768w, https:\/\/diarioprincipios.com\/wp-content\/uploads\/2023\/12\/Screenshot_20231214_124036_Gallery.jpg 1079w\" sizes=\"auto, (max-width: 880px) 100vw, 880px\" \/><\/figure>\n\n\n\n<p>De esta forma en la sesi\u00f3n de ma\u00f1ana prestar\u00e1n juramento Salom\u00e9 Pereyra que viene de desempe\u00f1arse en la Subsecretar\u00eda de la Mujer del Municipio, el reconocido gremialista Andr\u00e9s Nikitiuk que viene de trabajar en la Subsecretaria de Relaciones Sindicales de la Comuna y Mabel D\u00edas, referente del Frente Renovador en Berazategui que viene de 4 a\u00f1os de mandato como legisladora comunal.<\/p>\n\n\n\n<figure class=\"wp-block-image size-large\"><img loading=\"lazy\" decoding=\"async\" width=\"846\" height=\"1024\" src=\"https:\/\/diarioprincipios.com\/wp-content\/uploads\/2023\/12\/Screenshot_20231214_124614_WhatsApp-846x1024.jpg\" alt=\"\" class=\"wp-image-19981\" srcset=\"https:\/\/diarioprincipios.com\/wp-content\/uploads\/2023\/12\/Screenshot_20231214_124614_WhatsApp-846x1024.jpg 846w, https:\/\/diarioprincipios.com\/wp-content\/uploads\/2023\/12\/Screenshot_20231214_124614_WhatsApp-248x300.jpg 248w, https:\/\/diarioprincipios.com\/wp-content\/uploads\/2023\/12\/Screenshot_20231214_124614_WhatsApp-768x930.jpg 768w, https:\/\/diarioprincipios.com\/wp-content\/uploads\/2023\/12\/Screenshot_20231214_124614_WhatsApp.jpg 1014w\" sizes=\"auto, (max-width: 846px) 100vw, 846px\" \/><\/figure>\n\n\n\n<p>Los tres concejales entrantes se sumar\u00e1n al Bloque Justicialista que seg\u00fan lo informado seguir\u00e1 bajo la presidencia del concejal Omar Acosta y tendr\u00e1 a Matias Aguirre como vicepresidente.<\/p>\n","protected":false},"excerpt":{"rendered":"<p>En la sesi\u00f3n ordinaria a desarrollarse este viernes en el Concejo Deliberante de Berazategui pedir\u00e1n licencia los concejales electos Carlos Balor, Mar\u00eda del Carmen Flores y Federico L\u00f3pez quienes continuar\u00e1n acompa\u00f1ando en el Gabinete Municipal al Intendente Juan Jos\u00e9 Mussi, por lo que asumir\u00e1n en sus lugares quienes ocuparon los luagares 8, 9 y 10&#8230;<\/p>\n","protected":false},"author":2,"featured_media":19982,"comment_status":"open","ping_status":"open","sticky":false,"template":"","format":"standard","meta":{"footnotes":""},"categories":[3],"tags":[],"class_list":["post-19979","post","type-post","status-publish","format-standard","has-post-thumbnail","hentry","category-berazategui"],"featured_image_src":"https:\/\/diarioprincipios.com\/wp-content\/uploads\/2023\/12\/Screenshot_20231214_124208_Gallery-971x1024.jpg","blog_images":{"medium":"https:\/\/diarioprincipios.com\/wp-content\/uploads\/2023\/12\/Screenshot_20231214_124208_Gallery-284x300.jpg","large":"https:\/\/diarioprincipios.com\/wp-content\/uploads\/2023\/12\/Screenshot_20231214_124208_Gallery-971x1024.jpg"},"ams_acf":[],"yoast_head":"<!-- This site is optimized with the Yoast SEO plugin v27.3 - https:\/\/yoast.com\/product\/yoast-seo-wordpress\/ -->\n<title>El viernes asumir\u00e1n como concejales Salom\u00e9 Pereyra, Andr\u00e9s Nikitiuk y Mabel Dias - Principios<\/title>\n<meta name=\"robots\" content=\"index, follow, max-snippet:-1, max-image-preview:large, max-video-preview:-1\" \/>\n<link rel=\"canonical\" href=\"https:\/\/diarioprincipios.com\/index.php\/2023\/12\/14\/el-viernes-asumiran-como-concejales-salome-pereyra-andres-nikitiuk-y-mabel-dias\/\" \/>\n<meta property=\"og:locale\" content=\"es_ES\" \/>\n<meta property=\"og:type\" content=\"article\" \/>\n<meta property=\"og:title\" content=\"El viernes asumir\u00e1n como concejales Salom\u00e9 Pereyra, Andr\u00e9s Nikitiuk y Mabel Dias - Principios\" \/>\n<meta property=\"og:description\" content=\"En la sesi\u00f3n ordinaria a desarrollarse este viernes en el Concejo Deliberante de Berazategui pedir\u00e1n licencia los concejales electos Carlos Balor, Mar\u00eda del Carmen Flores y Federico L\u00f3pez quienes continuar\u00e1n acompa\u00f1ando en el Gabinete Municipal al Intendente Juan Jos\u00e9 Mussi, por lo que asumir\u00e1n en sus lugares quienes ocuparon los luagares 8, 9 y 10...\" \/>\n<meta property=\"og:url\" content=\"https:\/\/diarioprincipios.com\/index.php\/2023\/12\/14\/el-viernes-asumiran-como-concejales-salome-pereyra-andres-nikitiuk-y-mabel-dias\/\" \/>\n<meta property=\"og:site_name\" content=\"Principios\" \/>\n<meta property=\"article:published_time\" content=\"2023-12-14T15:50:16+00:00\" \/>\n<meta property=\"article:modified_time\" content=\"2023-12-14T15:51:42+00:00\" \/>\n<meta property=\"og:image\" content=\"https:\/\/diarioprincipios.com\/wp-content\/uploads\/2023\/12\/Screenshot_20231214_124208_Gallery.jpg\" \/>\n\t<meta property=\"og:image:width\" content=\"1079\" \/>\n\t<meta property=\"og:image:height\" content=\"1138\" \/>\n\t<meta property=\"og:image:type\" content=\"image\/jpeg\" \/>\n<meta name=\"author\" content=\"Hern\u00e1n L\u00f3pez\" \/>\n<meta name=\"twitter:card\" content=\"summary_large_image\" \/>\n<meta name=\"twitter:label1\" content=\"Escrito por\" \/>\n\t<meta name=\"twitter:data1\" content=\"Hern\u00e1n L\u00f3pez\" \/>\n\t<meta name=\"twitter:label2\" content=\"Tiempo de lectura\" \/>\n\t<meta name=\"twitter:data2\" content=\"2 minutos\" \/>\n<script type=\"application\/ld+json\" class=\"yoast-schema-graph\">{\"@context\":\"https:\\\/\\\/schema.org\",\"@graph\":[{\"@type\":\"Article\",\"@id\":\"https:\\\/\\\/diarioprincipios.com\\\/index.php\\\/2023\\\/12\\\/14\\\/el-viernes-asumiran-como-concejales-salome-pereyra-andres-nikitiuk-y-mabel-dias\\\/#article\",\"isPartOf\":{\"@id\":\"https:\\\/\\\/diarioprincipios.com\\\/index.php\\\/2023\\\/12\\\/14\\\/el-viernes-asumiran-como-concejales-salome-pereyra-andres-nikitiuk-y-mabel-dias\\\/\"},\"author\":{\"name\":\"Hern\u00e1n L\u00f3pez\",\"@id\":\"https:\\\/\\\/diarioprincipios.com\\\/#\\\/schema\\\/person\\\/436d5a1fd41a5e250e23ff5a6a7cb080\"},\"headline\":\"El viernes asumir\u00e1n como concejales Salom\u00e9 Pereyra, Andr\u00e9s Nikitiuk y Mabel Dias\",\"datePublished\":\"2023-12-14T15:50:16+00:00\",\"dateModified\":\"2023-12-14T15:51:42+00:00\",\"mainEntityOfPage\":{\"@id\":\"https:\\\/\\\/diarioprincipios.com\\\/index.php\\\/2023\\\/12\\\/14\\\/el-viernes-asumiran-como-concejales-salome-pereyra-andres-nikitiuk-y-mabel-dias\\\/\"},\"wordCount\":197,\"commentCount\":0,\"publisher\":{\"@id\":\"https:\\\/\\\/diarioprincipios.com\\\/#organization\"},\"image\":{\"@id\":\"https:\\\/\\\/diarioprincipios.com\\\/index.php\\\/2023\\\/12\\\/14\\\/el-viernes-asumiran-como-concejales-salome-pereyra-andres-nikitiuk-y-mabel-dias\\\/#primaryimage\"},\"thumbnailUrl\":\"https:\\\/\\\/diarioprincipios.com\\\/wp-content\\\/uploads\\\/2023\\\/12\\\/Screenshot_20231214_124208_Gallery.jpg\",\"articleSection\":[\"Berazategui\"],\"inLanguage\":\"es\",\"potentialAction\":[{\"@type\":\"CommentAction\",\"name\":\"Comment\",\"target\":[\"https:\\\/\\\/diarioprincipios.com\\\/index.php\\\/2023\\\/12\\\/14\\\/el-viernes-asumiran-como-concejales-salome-pereyra-andres-nikitiuk-y-mabel-dias\\\/#respond\"]}]},{\"@type\":\"WebPage\",\"@id\":\"https:\\\/\\\/diarioprincipios.com\\\/index.php\\\/2023\\\/12\\\/14\\\/el-viernes-asumiran-como-concejales-salome-pereyra-andres-nikitiuk-y-mabel-dias\\\/\",\"url\":\"https:\\\/\\\/diarioprincipios.com\\\/index.php\\\/2023\\\/12\\\/14\\\/el-viernes-asumiran-como-concejales-salome-pereyra-andres-nikitiuk-y-mabel-dias\\\/\",\"name\":\"El viernes asumir\u00e1n como concejales Salom\u00e9 Pereyra, Andr\u00e9s Nikitiuk y Mabel Dias - Principios\",\"isPartOf\":{\"@id\":\"https:\\\/\\\/diarioprincipios.com\\\/#website\"},\"primaryImageOfPage\":{\"@id\":\"https:\\\/\\\/diarioprincipios.com\\\/index.php\\\/2023\\\/12\\\/14\\\/el-viernes-asumiran-como-concejales-salome-pereyra-andres-nikitiuk-y-mabel-dias\\\/#primaryimage\"},\"image\":{\"@id\":\"https:\\\/\\\/diarioprincipios.com\\\/index.php\\\/2023\\\/12\\\/14\\\/el-viernes-asumiran-como-concejales-salome-pereyra-andres-nikitiuk-y-mabel-dias\\\/#primaryimage\"},\"thumbnailUrl\":\"https:\\\/\\\/diarioprincipios.com\\\/wp-content\\\/uploads\\\/2023\\\/12\\\/Screenshot_20231214_124208_Gallery.jpg\",\"datePublished\":\"2023-12-14T15:50:16+00:00\",\"dateModified\":\"2023-12-14T15:51:42+00:00\",\"breadcrumb\":{\"@id\":\"https:\\\/\\\/diarioprincipios.com\\\/index.php\\\/2023\\\/12\\\/14\\\/el-viernes-asumiran-como-concejales-salome-pereyra-andres-nikitiuk-y-mabel-dias\\\/#breadcrumb\"},\"inLanguage\":\"es\",\"potentialAction\":[{\"@type\":\"ReadAction\",\"target\":[\"https:\\\/\\\/diarioprincipios.com\\\/index.php\\\/2023\\\/12\\\/14\\\/el-viernes-asumiran-como-concejales-salome-pereyra-andres-nikitiuk-y-mabel-dias\\\/\"]}]},{\"@type\":\"ImageObject\",\"inLanguage\":\"es\",\"@id\":\"https:\\\/\\\/diarioprincipios.com\\\/index.php\\\/2023\\\/12\\\/14\\\/el-viernes-asumiran-como-concejales-salome-pereyra-andres-nikitiuk-y-mabel-dias\\\/#primaryimage\",\"url\":\"https:\\\/\\\/diarioprincipios.com\\\/wp-content\\\/uploads\\\/2023\\\/12\\\/Screenshot_20231214_124208_Gallery.jpg\",\"contentUrl\":\"https:\\\/\\\/diarioprincipios.com\\\/wp-content\\\/uploads\\\/2023\\\/12\\\/Screenshot_20231214_124208_Gallery.jpg\",\"width\":1079,\"height\":1138},{\"@type\":\"BreadcrumbList\",\"@id\":\"https:\\\/\\\/diarioprincipios.com\\\/index.php\\\/2023\\\/12\\\/14\\\/el-viernes-asumiran-como-concejales-salome-pereyra-andres-nikitiuk-y-mabel-dias\\\/#breadcrumb\",\"itemListElement\":[{\"@type\":\"ListItem\",\"position\":1,\"name\":\"Portada\",\"item\":\"https:\\\/\\\/diarioprincipios.com\\\/\"},{\"@type\":\"ListItem\",\"position\":2,\"name\":\"El viernes asumir\u00e1n como concejales Salom\u00e9 Pereyra, Andr\u00e9s Nikitiuk y Mabel Dias\"}]},{\"@type\":\"WebSite\",\"@id\":\"https:\\\/\\\/diarioprincipios.com\\\/#website\",\"url\":\"https:\\\/\\\/diarioprincipios.com\\\/\",\"name\":\"Principios\",\"description\":\"Principios Diario\",\"publisher\":{\"@id\":\"https:\\\/\\\/diarioprincipios.com\\\/#organization\"},\"potentialAction\":[{\"@type\":\"SearchAction\",\"target\":{\"@type\":\"EntryPoint\",\"urlTemplate\":\"https:\\\/\\\/diarioprincipios.com\\\/?s={search_term_string}\"},\"query-input\":{\"@type\":\"PropertyValueSpecification\",\"valueRequired\":true,\"valueName\":\"search_term_string\"}}],\"inLanguage\":\"es\"},{\"@type\":\"Organization\",\"@id\":\"https:\\\/\\\/diarioprincipios.com\\\/#organization\",\"name\":\"Principios\",\"url\":\"https:\\\/\\\/diarioprincipios.com\\\/\",\"logo\":{\"@type\":\"ImageObject\",\"inLanguage\":\"es\",\"@id\":\"https:\\\/\\\/diarioprincipios.com\\\/#\\\/schema\\\/logo\\\/image\\\/\",\"url\":\"https:\\\/\\\/diarioprincipios.com\\\/wp-content\\\/uploads\\\/2024\\\/04\\\/cropped-www.diarioprincipios.com_-1.png\",\"contentUrl\":\"https:\\\/\\\/diarioprincipios.com\\\/wp-content\\\/uploads\\\/2024\\\/04\\\/cropped-www.diarioprincipios.com_-1.png\",\"width\":5325,\"height\":1454,\"caption\":\"Principios\"},\"image\":{\"@id\":\"https:\\\/\\\/diarioprincipios.com\\\/#\\\/schema\\\/logo\\\/image\\\/\"}},{\"@type\":\"Person\",\"@id\":\"https:\\\/\\\/diarioprincipios.com\\\/#\\\/schema\\\/person\\\/436d5a1fd41a5e250e23ff5a6a7cb080\",\"name\":\"Hern\u00e1n L\u00f3pez\",\"image\":{\"@type\":\"ImageObject\",\"inLanguage\":\"es\",\"@id\":\"https:\\\/\\\/diarioprincipios.com\\\/wp-content\\\/litespeed\\\/avatar\\\/11ddfe5610ff3bd100522525b2571f48.jpg?ver=1777653193\",\"url\":\"https:\\\/\\\/diarioprincipios.com\\\/wp-content\\\/litespeed\\\/avatar\\\/11ddfe5610ff3bd100522525b2571f48.jpg?ver=1777653193\",\"contentUrl\":\"https:\\\/\\\/diarioprincipios.com\\\/wp-content\\\/litespeed\\\/avatar\\\/11ddfe5610ff3bd100522525b2571f48.jpg?ver=1777653193\",\"caption\":\"Hern\u00e1n L\u00f3pez\"},\"url\":\"https:\\\/\\\/diarioprincipios.com\\\/index.php\\\/author\\\/hernan\\\/\"}]}<\/script>\n<!-- \/ Yoast SEO plugin. -->","yoast_head_json":{"title":"El viernes asumir\u00e1n como concejales Salom\u00e9 Pereyra, Andr\u00e9s Nikitiuk y Mabel Dias - Principios","robots":{"index":"index","follow":"follow","max-snippet":"max-snippet:-1","max-image-preview":"max-image-preview:large","max-video-preview":"max-video-preview:-1"},"canonical":"https:\/\/diarioprincipios.com\/index.php\/2023\/12\/14\/el-viernes-asumiran-como-concejales-salome-pereyra-andres-nikitiuk-y-mabel-dias\/","og_locale":"es_ES","og_type":"article","og_title":"El viernes asumir\u00e1n como concejales Salom\u00e9 Pereyra, Andr\u00e9s Nikitiuk y Mabel Dias - Principios","og_description":"En la sesi\u00f3n ordinaria a desarrollarse este viernes en el Concejo Deliberante de Berazategui pedir\u00e1n licencia los concejales electos Carlos Balor, Mar\u00eda del Carmen Flores y Federico L\u00f3pez quienes continuar\u00e1n acompa\u00f1ando en el Gabinete Municipal al Intendente Juan Jos\u00e9 Mussi, por lo que asumir\u00e1n en sus lugares quienes ocuparon los luagares 8, 9 y 10...","og_url":"https:\/\/diarioprincipios.com\/index.php\/2023\/12\/14\/el-viernes-asumiran-como-concejales-salome-pereyra-andres-nikitiuk-y-mabel-dias\/","og_site_name":"Principios","article_published_time":"2023-12-14T15:50:16+00:00","article_modified_time":"2023-12-14T15:51:42+00:00","og_image":[{"width":1079,"height":1138,"url":"https:\/\/diarioprincipios.com\/wp-content\/uploads\/2023\/12\/Screenshot_20231214_124208_Gallery.jpg","type":"image\/jpeg"}],"author":"Hern\u00e1n L\u00f3pez","twitter_card":"summary_large_image","twitter_misc":{"Escrito por":"Hern\u00e1n L\u00f3pez","Tiempo de lectura":"2 minutos"},"schema":{"@context":"https:\/\/schema.org","@graph":[{"@type":"Article","@id":"https:\/\/diarioprincipios.com\/index.php\/2023\/12\/14\/el-viernes-asumiran-como-concejales-salome-pereyra-andres-nikitiuk-y-mabel-dias\/#article","isPartOf":{"@id":"https:\/\/diarioprincipios.com\/index.php\/2023\/12\/14\/el-viernes-asumiran-como-concejales-salome-pereyra-andres-nikitiuk-y-mabel-dias\/"},"author":{"name":"Hern\u00e1n L\u00f3pez","@id":"https:\/\/diarioprincipios.com\/#\/schema\/person\/436d5a1fd41a5e250e23ff5a6a7cb080"},"headline":"El viernes asumir\u00e1n como concejales Salom\u00e9 Pereyra, Andr\u00e9s Nikitiuk y Mabel Dias","datePublished":"2023-12-14T15:50:16+00:00","dateModified":"2023-12-14T15:51:42+00:00","mainEntityOfPage":{"@id":"https:\/\/diarioprincipios.com\/index.php\/2023\/12\/14\/el-viernes-asumiran-como-concejales-salome-pereyra-andres-nikitiuk-y-mabel-dias\/"},"wordCount":197,"commentCount":0,"publisher":{"@id":"https:\/\/diarioprincipios.com\/#organization"},"image":{"@id":"https:\/\/diarioprincipios.com\/index.php\/2023\/12\/14\/el-viernes-asumiran-como-concejales-salome-pereyra-andres-nikitiuk-y-mabel-dias\/#primaryimage"},"thumbnailUrl":"https:\/\/diarioprincipios.com\/wp-content\/uploads\/2023\/12\/Screenshot_20231214_124208_Gallery.jpg","articleSection":["Berazategui"],"inLanguage":"es","potentialAction":[{"@type":"CommentAction","name":"Comment","target":["https:\/\/diarioprincipios.com\/index.php\/2023\/12\/14\/el-viernes-asumiran-como-concejales-salome-pereyra-andres-nikitiuk-y-mabel-dias\/#respond"]}]},{"@type":"WebPage","@id":"https:\/\/diarioprincipios.com\/index.php\/2023\/12\/14\/el-viernes-asumiran-como-concejales-salome-pereyra-andres-nikitiuk-y-mabel-dias\/","url":"https:\/\/diarioprincipios.com\/index.php\/2023\/12\/14\/el-viernes-asumiran-como-concejales-salome-pereyra-andres-nikitiuk-y-mabel-dias\/","name":"El viernes asumir\u00e1n como concejales Salom\u00e9 Pereyra, Andr\u00e9s Nikitiuk y Mabel Dias - Principios","isPartOf":{"@id":"https:\/\/diarioprincipios.com\/#website"},"primaryImageOfPage":{"@id":"https:\/\/diarioprincipios.com\/index.php\/2023\/12\/14\/el-viernes-asumiran-como-concejales-salome-pereyra-andres-nikitiuk-y-mabel-dias\/#primaryimage"},"image":{"@id":"https:\/\/diarioprincipios.com\/index.php\/2023\/12\/14\/el-viernes-asumiran-como-concejales-salome-pereyra-andres-nikitiuk-y-mabel-dias\/#primaryimage"},"thumbnailUrl":"https:\/\/diarioprincipios.com\/wp-content\/uploads\/2023\/12\/Screenshot_20231214_124208_Gallery.jpg","datePublished":"2023-12-14T15:50:16+00:00","dateModified":"2023-12-14T15:51:42+00:00","breadcrumb":{"@id":"https:\/\/diarioprincipios.com\/index.php\/2023\/12\/14\/el-viernes-asumiran-como-concejales-salome-pereyra-andres-nikitiuk-y-mabel-dias\/#breadcrumb"},"inLanguage":"es","potentialAction":[{"@type":"ReadAction","target":["https:\/\/diarioprincipios.com\/index.php\/2023\/12\/14\/el-viernes-asumiran-como-concejales-salome-pereyra-andres-nikitiuk-y-mabel-dias\/"]}]},{"@type":"ImageObject","inLanguage":"es","@id":"https:\/\/diarioprincipios.com\/index.php\/2023\/12\/14\/el-viernes-asumiran-como-concejales-salome-pereyra-andres-nikitiuk-y-mabel-dias\/#primaryimage","url":"https:\/\/diarioprincipios.com\/wp-content\/uploads\/2023\/12\/Screenshot_20231214_124208_Gallery.jpg","contentUrl":"https:\/\/diarioprincipios.com\/wp-content\/uploads\/2023\/12\/Screenshot_20231214_124208_Gallery.jpg","width":1079,"height":1138},{"@type":"BreadcrumbList","@id":"https:\/\/diarioprincipios.com\/index.php\/2023\/12\/14\/el-viernes-asumiran-como-concejales-salome-pereyra-andres-nikitiuk-y-mabel-dias\/#breadcrumb","itemListElement":[{"@type":"ListItem","position":1,"name":"Portada","item":"https:\/\/diarioprincipios.com\/"},{"@type":"ListItem","position":2,"name":"El viernes asumir\u00e1n como concejales Salom\u00e9 Pereyra, Andr\u00e9s Nikitiuk y Mabel Dias"}]},{"@type":"WebSite","@id":"https:\/\/diarioprincipios.com\/#website","url":"https:\/\/diarioprincipios.com\/","name":"Principios","description":"Principios Diario","publisher":{"@id":"https:\/\/diarioprincipios.com\/#organization"},"potentialAction":[{"@type":"SearchAction","target":{"@type":"EntryPoint","urlTemplate":"https:\/\/diarioprincipios.com\/?s={search_term_string}"},"query-input":{"@type":"PropertyValueSpecification","valueRequired":true,"valueName":"search_term_string"}}],"inLanguage":"es"},{"@type":"Organization","@id":"https:\/\/diarioprincipios.com\/#organization","name":"Principios","url":"https:\/\/diarioprincipios.com\/","logo":{"@type":"ImageObject","inLanguage":"es","@id":"https:\/\/diarioprincipios.com\/#\/schema\/logo\/image\/","url":"https:\/\/diarioprincipios.com\/wp-content\/uploads\/2024\/04\/cropped-www.diarioprincipios.com_-1.png","contentUrl":"https:\/\/diarioprincipios.com\/wp-content\/uploads\/2024\/04\/cropped-www.diarioprincipios.com_-1.png","width":5325,"height":1454,"caption":"Principios"},"image":{"@id":"https:\/\/diarioprincipios.com\/#\/schema\/logo\/image\/"}},{"@type":"Person","@id":"https:\/\/diarioprincipios.com\/#\/schema\/person\/436d5a1fd41a5e250e23ff5a6a7cb080","name":"Hern\u00e1n L\u00f3pez","image":{"@type":"ImageObject","inLanguage":"es","@id":"https:\/\/diarioprincipios.com\/wp-content\/litespeed\/avatar\/11ddfe5610ff3bd100522525b2571f48.jpg?ver=1777653193","url":"https:\/\/diarioprincipios.com\/wp-content\/litespeed\/avatar\/11ddfe5610ff3bd100522525b2571f48.jpg?ver=1777653193","contentUrl":"https:\/\/diarioprincipios.com\/wp-content\/litespeed\/avatar\/11ddfe5610ff3bd100522525b2571f48.jpg?ver=1777653193","caption":"Hern\u00e1n L\u00f3pez"},"url":"https:\/\/diarioprincipios.com\/index.php\/author\/hernan\/"}]}},"jetpack_featured_media_url":"https:\/\/diarioprincipios.com\/wp-content\/uploads\/2023\/12\/Screenshot_20231214_124208_Gallery.jpg","_links":{"self":[{"href":"https:\/\/diarioprincipios.com\/index.php\/wp-json\/wp\/v2\/posts\/19979","targetHints":{"allow":["GET"]}}],"collection":[{"href":"https:\/\/diarioprincipios.com\/index.php\/wp-json\/wp\/v2\/posts"}],"about":[{"href":"https:\/\/diarioprincipios.com\/index.php\/wp-json\/wp\/v2\/types\/post"}],"author":[{"embeddable":true,"href":"https:\/\/diarioprincipios.com\/index.php\/wp-json\/wp\/v2\/users\/2"}],"replies":[{"embeddable":true,"href":"https:\/\/diarioprincipios.com\/index.php\/wp-json\/wp\/v2\/comments?post=19979"}],"version-history":[{"count":1,"href":"https:\/\/diarioprincipios.com\/index.php\/wp-json\/wp\/v2\/posts\/19979\/revisions"}],"predecessor-version":[{"id":19983,"href":"https:\/\/diarioprincipios.com\/index.php\/wp-json\/wp\/v2\/posts\/19979\/revisions\/19983"}],"wp:featuredmedia":[{"embeddable":true,"href":"https:\/\/diarioprincipios.com\/index.php\/wp-json\/wp\/v2\/media\/19982"}],"wp:attachment":[{"href":"https:\/\/diarioprincipios.com\/index.php\/wp-json\/wp\/v2\/media?parent=19979"}],"wp:term":[{"taxonomy":"category","embeddable":true,"href":"https:\/\/diarioprincipios.com\/index.php\/wp-json\/wp\/v2\/categories?post=19979"},{"taxonomy":"post_tag","embeddable":true,"href":"https:\/\/diarioprincipios.com\/index.php\/wp-json\/wp\/v2\/tags?post=19979"}],"curies":[{"name":"wp","href":"https:\/\/api.w.org\/{rel}","templated":true}]}}