{"id":19961,"date":"2023-12-13T18:24:10","date_gmt":"2023-12-13T21:24:10","guid":{"rendered":"http:\/\/diarioprincipios.com\/?p=19961"},"modified":"2023-12-13T18:40:21","modified_gmt":"2023-12-13T21:40:21","slug":"el-club-social-berazategui-celebra-90-anos-con-la-inauguracion-de-importantes-obras","status":"publish","type":"post","link":"https:\/\/diarioprincipios.com\/index.php\/2023\/12\/13\/el-club-social-berazategui-celebra-90-anos-con-la-inauguracion-de-importantes-obras\/","title":{"rendered":"El Club Social Berazategui celebra 90 a\u00f1os con la inauguraci\u00f3n de importantes obras"},"content":{"rendered":"\n<p>El Club Social Berazategui&nbsp;celebrar\u00e1 este jueves por la noche sus 90 a\u00f1os con un brindis, al que est\u00e1 invitado entre otras personalidades de la ciudad, el Intendente Juan Jos\u00e9 Mussi, y tambi\u00e9n con la inauguraci\u00f3n de importantes obras, que forman parte del plan de modernizaci\u00f3n y optimizaci\u00f3n de los espacios que viene encarando la prestigiosa entidad que preside el profesor Fernando Perez; secundado por Daniel Delagiovana quien tambi\u00e9n presidi\u00f3 el Club durante muchos a\u00f1os.<\/p>\n\n\n\n<figure class=\"wp-block-image size-large\"><img loading=\"lazy\" decoding=\"async\" width=\"1024\" height=\"734\" src=\"https:\/\/diarioprincipios.com\/wp-content\/uploads\/2023\/12\/Screenshot_20231213_181612_WhatsApp-1024x734.jpg\" alt=\"\" class=\"wp-image-19962\" srcset=\"https:\/\/diarioprincipios.com\/wp-content\/uploads\/2023\/12\/Screenshot_20231213_181612_WhatsApp-1024x734.jpg 1024w, https:\/\/diarioprincipios.com\/wp-content\/uploads\/2023\/12\/Screenshot_20231213_181612_WhatsApp-300x215.jpg 300w, https:\/\/diarioprincipios.com\/wp-content\/uploads\/2023\/12\/Screenshot_20231213_181612_WhatsApp-768x550.jpg 768w, https:\/\/diarioprincipios.com\/wp-content\/uploads\/2023\/12\/Screenshot_20231213_181612_WhatsApp.jpg 1059w\" sizes=\"auto, (max-width: 1024px) 100vw, 1024px\" \/><\/figure>\n\n\n\n<p>Fundado en 1933 el Club Social&nbsp; Berazategui es todo un \u00edcono de la ciudad, gozando de una ubicaci\u00f3n privilegiada como la que ofrece la esquina de Av. 14 y 149, en pleno coraz\u00f3n del centro.&nbsp;<\/p>\n\n\n\n<p>\u00abLa nuestra es una instituci\u00f3n que creci\u00f3 de la mano de un grupo de inmigrantes que pensaron en un lugar donde juntar a la familia para realizar actividades sociales y deportivas y que con mucho sacrificio y esfuerzo fueron levantando la estructura del Club\u00bb, destac\u00f3 Fernando Perez. quien en la Comisi\u00f3n Directiva cuenta adem\u00e1s con el aporte del doctor Juan Carlos Ortiz como tesorero y del ingeniero Daniel Felsinger como secretario,&nbsp; agregando que \u00abhace unos a\u00f1os en el seno de nuestra Comisi\u00f3n Directiva surgi\u00f3 la idea de modernizar y optimizar los espacios y se le di\u00f3 luz verde al proyecto del arquitecto Eduardo Puszik y con el asesoramiento tambi\u00e9n de Ra\u00fal Proficio pusimos en marcha un ambicioso proyecto que incluy\u00f3 la llegada de Mostaza, que actualmente ocupa lo que era la entrada por Av 14 la parte del antiguo restaurant y el sal\u00f3n del 1\u00b0 piso\u00bb. Aclarando asimismo que \u00bb todo este proyecto fue aprobado por unanimidad en Asamblea Extraordinaria de Socios, quienes as\u00ed brindaron su respaldo a la iniciativa\u00bb. <\/p>\n\n\n\n<figure class=\"wp-block-image size-large\"><img loading=\"lazy\" decoding=\"async\" width=\"774\" height=\"1024\" src=\"https:\/\/diarioprincipios.com\/wp-content\/uploads\/2023\/12\/Screenshot_20231213_181637_WhatsApp-774x1024.jpg\" alt=\"\" class=\"wp-image-19963\" srcset=\"https:\/\/diarioprincipios.com\/wp-content\/uploads\/2023\/12\/Screenshot_20231213_181637_WhatsApp-774x1024.jpg 774w, https:\/\/diarioprincipios.com\/wp-content\/uploads\/2023\/12\/Screenshot_20231213_181637_WhatsApp-227x300.jpg 227w, https:\/\/diarioprincipios.com\/wp-content\/uploads\/2023\/12\/Screenshot_20231213_181637_WhatsApp-768x1016.jpg 768w, https:\/\/diarioprincipios.com\/wp-content\/uploads\/2023\/12\/Screenshot_20231213_181637_WhatsApp.jpg 1080w\" sizes=\"auto, (max-width: 774px) 100vw, 774px\" \/><\/figure>\n\n\n\n<p>A\u00f1adi\u00f3 que \u00abesto nos permiti\u00f3 contar con los fondos para llevar adelante una reforma integral, de la cual hoy estamos inaugurando la segunda parte, una moderna entrada por calle 149 con acceso al nuevo gimnasio, remodelaci\u00f3n del 2\u00b0 piso con ventanas nuevas, iluminaci\u00f3n led, techo nuevo, colocaci\u00f3n de paneles y reforma de la cocina y los ba\u00f1os, y lo que nos llena de orgullo es el nuevo sal\u00f3n de usos m\u00faltiples con amplios ventanales&nbsp;sobre 149, piso nuevo con porcelanato, techo nuevo y luces led,&nbsp; en el cual se van a pr\u00e1cticar m\u00e1s de 25 actividades, d\u00e1ndole a nuestra instituci\u00f3n el movimiento y la funci\u00f3n que merece, abriedole las puertas a la familia, ya que a esto hay que sumarle la actividad social y cultural que es permante en el Club\u00bb.<\/p>\n\n\n\n<figure class=\"wp-block-image size-large\"><img loading=\"lazy\" decoding=\"async\" width=\"907\" height=\"1024\" src=\"https:\/\/diarioprincipios.com\/wp-content\/uploads\/2023\/12\/Screenshot_20231213_181715_WhatsApp-907x1024.jpg\" alt=\"\" class=\"wp-image-19964\" srcset=\"https:\/\/diarioprincipios.com\/wp-content\/uploads\/2023\/12\/Screenshot_20231213_181715_WhatsApp-907x1024.jpg 907w, https:\/\/diarioprincipios.com\/wp-content\/uploads\/2023\/12\/Screenshot_20231213_181715_WhatsApp-266x300.jpg 266w, https:\/\/diarioprincipios.com\/wp-content\/uploads\/2023\/12\/Screenshot_20231213_181715_WhatsApp-768x867.jpg 768w, https:\/\/diarioprincipios.com\/wp-content\/uploads\/2023\/12\/Screenshot_20231213_181715_WhatsApp.jpg 1080w\" sizes=\"auto, (max-width: 907px) 100vw, 907px\" \/><\/figure>\n\n\n\n<p>Agreg\u00f3 que \u00abesta modernizaci\u00f3n del Club nos permitir\u00e1 seguir creciendo y acrecentar la masa societaria, con la oportunidad de ofrecer m\u00faltiples actividades y servicios\u00bb.<\/p>\n\n\n\n<figure class=\"wp-block-image size-large\"><img loading=\"lazy\" decoding=\"async\" width=\"1024\" height=\"721\" src=\"https:\/\/diarioprincipios.com\/wp-content\/uploads\/2023\/12\/Screenshot_20231213_181742_WhatsApp-1024x721.jpg\" alt=\"\" class=\"wp-image-19965\" srcset=\"https:\/\/diarioprincipios.com\/wp-content\/uploads\/2023\/12\/Screenshot_20231213_181742_WhatsApp-1024x721.jpg 1024w, https:\/\/diarioprincipios.com\/wp-content\/uploads\/2023\/12\/Screenshot_20231213_181742_WhatsApp-300x211.jpg 300w, https:\/\/diarioprincipios.com\/wp-content\/uploads\/2023\/12\/Screenshot_20231213_181742_WhatsApp-768x540.jpg 768w, https:\/\/diarioprincipios.com\/wp-content\/uploads\/2023\/12\/Screenshot_20231213_181742_WhatsApp.jpg 1070w\" sizes=\"auto, (max-width: 1024px) 100vw, 1024px\" \/><\/figure>\n\n\n\n<p>Finalmente, Perez anticip\u00f3 que \u00abtenemos pensada una tercera y cuarta etapa de obras, en las cuales contemplamos la construcci\u00f3n de un sal\u00f3n m\u00e1s en el 1\u00b0 piso, ba\u00f1os y vestuarios nuevos, un ascensor y tambi\u00e9n una terraza con sectores de parrillas para que puedan disfrutarla las familias\u00bb.<\/p>\n","protected":false},"excerpt":{"rendered":"<p>El Club Social Berazategui&nbsp;celebrar\u00e1 este jueves por la noche sus 90 a\u00f1os con un brindis, al que est\u00e1 invitado entre otras personalidades de la ciudad, el Intendente Juan Jos\u00e9 Mussi, y tambi\u00e9n con la inauguraci\u00f3n de importantes obras, que forman parte del plan de modernizaci\u00f3n y optimizaci\u00f3n de los espacios que viene encarando la prestigiosa&#8230;<\/p>\n","protected":false},"author":2,"featured_media":19966,"comment_status":"open","ping_status":"open","sticky":false,"template":"","format":"standard","meta":{"footnotes":""},"categories":[3],"tags":[],"class_list":["post-19961","post","type-post","status-publish","format-standard","has-post-thumbnail","hentry","category-berazategui"],"featured_image_src":"https:\/\/diarioprincipios.com\/wp-content\/uploads\/2023\/12\/Screenshot_20231213_181651_WhatsApp-790x1024.jpg","blog_images":{"medium":"https:\/\/diarioprincipios.com\/wp-content\/uploads\/2023\/12\/Screenshot_20231213_181651_WhatsApp-231x300.jpg","large":"https:\/\/diarioprincipios.com\/wp-content\/uploads\/2023\/12\/Screenshot_20231213_181651_WhatsApp-790x1024.jpg"},"ams_acf":[],"yoast_head":"<!-- This site is optimized with the Yoast SEO plugin v27.3 - https:\/\/yoast.com\/product\/yoast-seo-wordpress\/ -->\n<title>El Club Social Berazategui celebra 90 a\u00f1os con la inauguraci\u00f3n de importantes obras - Principios<\/title>\n<meta name=\"robots\" content=\"index, follow, max-snippet:-1, max-image-preview:large, max-video-preview:-1\" \/>\n<link rel=\"canonical\" href=\"https:\/\/diarioprincipios.com\/index.php\/2023\/12\/13\/el-club-social-berazategui-celebra-90-anos-con-la-inauguracion-de-importantes-obras\/\" \/>\n<meta property=\"og:locale\" content=\"es_ES\" \/>\n<meta property=\"og:type\" content=\"article\" \/>\n<meta property=\"og:title\" content=\"El Club Social Berazategui celebra 90 a\u00f1os con la inauguraci\u00f3n de importantes obras - Principios\" \/>\n<meta property=\"og:description\" content=\"El Club Social Berazategui&nbsp;celebrar\u00e1 este jueves por la noche sus 90 a\u00f1os con un brindis, al que est\u00e1 invitado entre otras personalidades de la ciudad, el Intendente Juan Jos\u00e9 Mussi, y tambi\u00e9n con la inauguraci\u00f3n de importantes obras, que forman parte del plan de modernizaci\u00f3n y optimizaci\u00f3n de los espacios que viene encarando la prestigiosa...\" \/>\n<meta property=\"og:url\" content=\"https:\/\/diarioprincipios.com\/index.php\/2023\/12\/13\/el-club-social-berazategui-celebra-90-anos-con-la-inauguracion-de-importantes-obras\/\" \/>\n<meta property=\"og:site_name\" content=\"Principios\" \/>\n<meta property=\"article:published_time\" content=\"2023-12-13T21:24:10+00:00\" \/>\n<meta property=\"article:modified_time\" content=\"2023-12-13T21:40:21+00:00\" \/>\n<meta property=\"og:image\" content=\"https:\/\/diarioprincipios.com\/wp-content\/uploads\/2023\/12\/Screenshot_20231213_181651_WhatsApp.jpg\" \/>\n\t<meta property=\"og:image:width\" content=\"1080\" \/>\n\t<meta property=\"og:image:height\" content=\"1400\" \/>\n\t<meta property=\"og:image:type\" content=\"image\/jpeg\" \/>\n<meta name=\"author\" content=\"Hern\u00e1n L\u00f3pez\" \/>\n<meta name=\"twitter:card\" content=\"summary_large_image\" \/>\n<meta name=\"twitter:label1\" content=\"Escrito por\" \/>\n\t<meta name=\"twitter:data1\" content=\"Hern\u00e1n L\u00f3pez\" \/>\n\t<meta name=\"twitter:label2\" content=\"Tiempo de lectura\" \/>\n\t<meta name=\"twitter:data2\" content=\"4 minutos\" \/>\n<script type=\"application\/ld+json\" class=\"yoast-schema-graph\">{\"@context\":\"https:\\\/\\\/schema.org\",\"@graph\":[{\"@type\":\"Article\",\"@id\":\"https:\\\/\\\/diarioprincipios.com\\\/index.php\\\/2023\\\/12\\\/13\\\/el-club-social-berazategui-celebra-90-anos-con-la-inauguracion-de-importantes-obras\\\/#article\",\"isPartOf\":{\"@id\":\"https:\\\/\\\/diarioprincipios.com\\\/index.php\\\/2023\\\/12\\\/13\\\/el-club-social-berazategui-celebra-90-anos-con-la-inauguracion-de-importantes-obras\\\/\"},\"author\":{\"name\":\"Hern\u00e1n L\u00f3pez\",\"@id\":\"https:\\\/\\\/diarioprincipios.com\\\/#\\\/schema\\\/person\\\/436d5a1fd41a5e250e23ff5a6a7cb080\"},\"headline\":\"El Club Social Berazategui celebra 90 a\u00f1os con la inauguraci\u00f3n de importantes obras\",\"datePublished\":\"2023-12-13T21:24:10+00:00\",\"dateModified\":\"2023-12-13T21:40:21+00:00\",\"mainEntityOfPage\":{\"@id\":\"https:\\\/\\\/diarioprincipios.com\\\/index.php\\\/2023\\\/12\\\/13\\\/el-club-social-berazategui-celebra-90-anos-con-la-inauguracion-de-importantes-obras\\\/\"},\"wordCount\":526,\"commentCount\":0,\"publisher\":{\"@id\":\"https:\\\/\\\/diarioprincipios.com\\\/#organization\"},\"image\":{\"@id\":\"https:\\\/\\\/diarioprincipios.com\\\/index.php\\\/2023\\\/12\\\/13\\\/el-club-social-berazategui-celebra-90-anos-con-la-inauguracion-de-importantes-obras\\\/#primaryimage\"},\"thumbnailUrl\":\"https:\\\/\\\/diarioprincipios.com\\\/wp-content\\\/uploads\\\/2023\\\/12\\\/Screenshot_20231213_181651_WhatsApp.jpg\",\"articleSection\":[\"Berazategui\"],\"inLanguage\":\"es\",\"potentialAction\":[{\"@type\":\"CommentAction\",\"name\":\"Comment\",\"target\":[\"https:\\\/\\\/diarioprincipios.com\\\/index.php\\\/2023\\\/12\\\/13\\\/el-club-social-berazategui-celebra-90-anos-con-la-inauguracion-de-importantes-obras\\\/#respond\"]}]},{\"@type\":\"WebPage\",\"@id\":\"https:\\\/\\\/diarioprincipios.com\\\/index.php\\\/2023\\\/12\\\/13\\\/el-club-social-berazategui-celebra-90-anos-con-la-inauguracion-de-importantes-obras\\\/\",\"url\":\"https:\\\/\\\/diarioprincipios.com\\\/index.php\\\/2023\\\/12\\\/13\\\/el-club-social-berazategui-celebra-90-anos-con-la-inauguracion-de-importantes-obras\\\/\",\"name\":\"El Club Social Berazategui celebra 90 a\u00f1os con la inauguraci\u00f3n de importantes obras - Principios\",\"isPartOf\":{\"@id\":\"https:\\\/\\\/diarioprincipios.com\\\/#website\"},\"primaryImageOfPage\":{\"@id\":\"https:\\\/\\\/diarioprincipios.com\\\/index.php\\\/2023\\\/12\\\/13\\\/el-club-social-berazategui-celebra-90-anos-con-la-inauguracion-de-importantes-obras\\\/#primaryimage\"},\"image\":{\"@id\":\"https:\\\/\\\/diarioprincipios.com\\\/index.php\\\/2023\\\/12\\\/13\\\/el-club-social-berazategui-celebra-90-anos-con-la-inauguracion-de-importantes-obras\\\/#primaryimage\"},\"thumbnailUrl\":\"https:\\\/\\\/diarioprincipios.com\\\/wp-content\\\/uploads\\\/2023\\\/12\\\/Screenshot_20231213_181651_WhatsApp.jpg\",\"datePublished\":\"2023-12-13T21:24:10+00:00\",\"dateModified\":\"2023-12-13T21:40:21+00:00\",\"breadcrumb\":{\"@id\":\"https:\\\/\\\/diarioprincipios.com\\\/index.php\\\/2023\\\/12\\\/13\\\/el-club-social-berazategui-celebra-90-anos-con-la-inauguracion-de-importantes-obras\\\/#breadcrumb\"},\"inLanguage\":\"es\",\"potentialAction\":[{\"@type\":\"ReadAction\",\"target\":[\"https:\\\/\\\/diarioprincipios.com\\\/index.php\\\/2023\\\/12\\\/13\\\/el-club-social-berazategui-celebra-90-anos-con-la-inauguracion-de-importantes-obras\\\/\"]}]},{\"@type\":\"ImageObject\",\"inLanguage\":\"es\",\"@id\":\"https:\\\/\\\/diarioprincipios.com\\\/index.php\\\/2023\\\/12\\\/13\\\/el-club-social-berazategui-celebra-90-anos-con-la-inauguracion-de-importantes-obras\\\/#primaryimage\",\"url\":\"https:\\\/\\\/diarioprincipios.com\\\/wp-content\\\/uploads\\\/2023\\\/12\\\/Screenshot_20231213_181651_WhatsApp.jpg\",\"contentUrl\":\"https:\\\/\\\/diarioprincipios.com\\\/wp-content\\\/uploads\\\/2023\\\/12\\\/Screenshot_20231213_181651_WhatsApp.jpg\",\"width\":1080,\"height\":1400},{\"@type\":\"BreadcrumbList\",\"@id\":\"https:\\\/\\\/diarioprincipios.com\\\/index.php\\\/2023\\\/12\\\/13\\\/el-club-social-berazategui-celebra-90-anos-con-la-inauguracion-de-importantes-obras\\\/#breadcrumb\",\"itemListElement\":[{\"@type\":\"ListItem\",\"position\":1,\"name\":\"Portada\",\"item\":\"https:\\\/\\\/diarioprincipios.com\\\/\"},{\"@type\":\"ListItem\",\"position\":2,\"name\":\"El Club Social Berazategui celebra 90 a\u00f1os con la inauguraci\u00f3n de importantes obras\"}]},{\"@type\":\"WebSite\",\"@id\":\"https:\\\/\\\/diarioprincipios.com\\\/#website\",\"url\":\"https:\\\/\\\/diarioprincipios.com\\\/\",\"name\":\"Principios\",\"description\":\"Principios Diario\",\"publisher\":{\"@id\":\"https:\\\/\\\/diarioprincipios.com\\\/#organization\"},\"potentialAction\":[{\"@type\":\"SearchAction\",\"target\":{\"@type\":\"EntryPoint\",\"urlTemplate\":\"https:\\\/\\\/diarioprincipios.com\\\/?s={search_term_string}\"},\"query-input\":{\"@type\":\"PropertyValueSpecification\",\"valueRequired\":true,\"valueName\":\"search_term_string\"}}],\"inLanguage\":\"es\"},{\"@type\":\"Organization\",\"@id\":\"https:\\\/\\\/diarioprincipios.com\\\/#organization\",\"name\":\"Principios\",\"url\":\"https:\\\/\\\/diarioprincipios.com\\\/\",\"logo\":{\"@type\":\"ImageObject\",\"inLanguage\":\"es\",\"@id\":\"https:\\\/\\\/diarioprincipios.com\\\/#\\\/schema\\\/logo\\\/image\\\/\",\"url\":\"https:\\\/\\\/diarioprincipios.com\\\/wp-content\\\/uploads\\\/2024\\\/04\\\/cropped-www.diarioprincipios.com_-1.png\",\"contentUrl\":\"https:\\\/\\\/diarioprincipios.com\\\/wp-content\\\/uploads\\\/2024\\\/04\\\/cropped-www.diarioprincipios.com_-1.png\",\"width\":5325,\"height\":1454,\"caption\":\"Principios\"},\"image\":{\"@id\":\"https:\\\/\\\/diarioprincipios.com\\\/#\\\/schema\\\/logo\\\/image\\\/\"}},{\"@type\":\"Person\",\"@id\":\"https:\\\/\\\/diarioprincipios.com\\\/#\\\/schema\\\/person\\\/436d5a1fd41a5e250e23ff5a6a7cb080\",\"name\":\"Hern\u00e1n L\u00f3pez\",\"image\":{\"@type\":\"ImageObject\",\"inLanguage\":\"es\",\"@id\":\"https:\\\/\\\/diarioprincipios.com\\\/wp-content\\\/litespeed\\\/avatar\\\/11ddfe5610ff3bd100522525b2571f48.jpg?ver=1777653193\",\"url\":\"https:\\\/\\\/diarioprincipios.com\\\/wp-content\\\/litespeed\\\/avatar\\\/11ddfe5610ff3bd100522525b2571f48.jpg?ver=1777653193\",\"contentUrl\":\"https:\\\/\\\/diarioprincipios.com\\\/wp-content\\\/litespeed\\\/avatar\\\/11ddfe5610ff3bd100522525b2571f48.jpg?ver=1777653193\",\"caption\":\"Hern\u00e1n L\u00f3pez\"},\"url\":\"https:\\\/\\\/diarioprincipios.com\\\/index.php\\\/author\\\/hernan\\\/\"}]}<\/script>\n<!-- \/ Yoast SEO plugin. -->","yoast_head_json":{"title":"El Club Social Berazategui celebra 90 a\u00f1os con la inauguraci\u00f3n de importantes obras - Principios","robots":{"index":"index","follow":"follow","max-snippet":"max-snippet:-1","max-image-preview":"max-image-preview:large","max-video-preview":"max-video-preview:-1"},"canonical":"https:\/\/diarioprincipios.com\/index.php\/2023\/12\/13\/el-club-social-berazategui-celebra-90-anos-con-la-inauguracion-de-importantes-obras\/","og_locale":"es_ES","og_type":"article","og_title":"El Club Social Berazategui celebra 90 a\u00f1os con la inauguraci\u00f3n de importantes obras - Principios","og_description":"El Club Social Berazategui&nbsp;celebrar\u00e1 este jueves por la noche sus 90 a\u00f1os con un brindis, al que est\u00e1 invitado entre otras personalidades de la ciudad, el Intendente Juan Jos\u00e9 Mussi, y tambi\u00e9n con la inauguraci\u00f3n de importantes obras, que forman parte del plan de modernizaci\u00f3n y optimizaci\u00f3n de los espacios que viene encarando la prestigiosa...","og_url":"https:\/\/diarioprincipios.com\/index.php\/2023\/12\/13\/el-club-social-berazategui-celebra-90-anos-con-la-inauguracion-de-importantes-obras\/","og_site_name":"Principios","article_published_time":"2023-12-13T21:24:10+00:00","article_modified_time":"2023-12-13T21:40:21+00:00","og_image":[{"width":1080,"height":1400,"url":"https:\/\/diarioprincipios.com\/wp-content\/uploads\/2023\/12\/Screenshot_20231213_181651_WhatsApp.jpg","type":"image\/jpeg"}],"author":"Hern\u00e1n L\u00f3pez","twitter_card":"summary_large_image","twitter_misc":{"Escrito por":"Hern\u00e1n L\u00f3pez","Tiempo de lectura":"4 minutos"},"schema":{"@context":"https:\/\/schema.org","@graph":[{"@type":"Article","@id":"https:\/\/diarioprincipios.com\/index.php\/2023\/12\/13\/el-club-social-berazategui-celebra-90-anos-con-la-inauguracion-de-importantes-obras\/#article","isPartOf":{"@id":"https:\/\/diarioprincipios.com\/index.php\/2023\/12\/13\/el-club-social-berazategui-celebra-90-anos-con-la-inauguracion-de-importantes-obras\/"},"author":{"name":"Hern\u00e1n L\u00f3pez","@id":"https:\/\/diarioprincipios.com\/#\/schema\/person\/436d5a1fd41a5e250e23ff5a6a7cb080"},"headline":"El Club Social Berazategui celebra 90 a\u00f1os con la inauguraci\u00f3n de importantes obras","datePublished":"2023-12-13T21:24:10+00:00","dateModified":"2023-12-13T21:40:21+00:00","mainEntityOfPage":{"@id":"https:\/\/diarioprincipios.com\/index.php\/2023\/12\/13\/el-club-social-berazategui-celebra-90-anos-con-la-inauguracion-de-importantes-obras\/"},"wordCount":526,"commentCount":0,"publisher":{"@id":"https:\/\/diarioprincipios.com\/#organization"},"image":{"@id":"https:\/\/diarioprincipios.com\/index.php\/2023\/12\/13\/el-club-social-berazategui-celebra-90-anos-con-la-inauguracion-de-importantes-obras\/#primaryimage"},"thumbnailUrl":"https:\/\/diarioprincipios.com\/wp-content\/uploads\/2023\/12\/Screenshot_20231213_181651_WhatsApp.jpg","articleSection":["Berazategui"],"inLanguage":"es","potentialAction":[{"@type":"CommentAction","name":"Comment","target":["https:\/\/diarioprincipios.com\/index.php\/2023\/12\/13\/el-club-social-berazategui-celebra-90-anos-con-la-inauguracion-de-importantes-obras\/#respond"]}]},{"@type":"WebPage","@id":"https:\/\/diarioprincipios.com\/index.php\/2023\/12\/13\/el-club-social-berazategui-celebra-90-anos-con-la-inauguracion-de-importantes-obras\/","url":"https:\/\/diarioprincipios.com\/index.php\/2023\/12\/13\/el-club-social-berazategui-celebra-90-anos-con-la-inauguracion-de-importantes-obras\/","name":"El Club Social Berazategui celebra 90 a\u00f1os con la inauguraci\u00f3n de importantes obras - Principios","isPartOf":{"@id":"https:\/\/diarioprincipios.com\/#website"},"primaryImageOfPage":{"@id":"https:\/\/diarioprincipios.com\/index.php\/2023\/12\/13\/el-club-social-berazategui-celebra-90-anos-con-la-inauguracion-de-importantes-obras\/#primaryimage"},"image":{"@id":"https:\/\/diarioprincipios.com\/index.php\/2023\/12\/13\/el-club-social-berazategui-celebra-90-anos-con-la-inauguracion-de-importantes-obras\/#primaryimage"},"thumbnailUrl":"https:\/\/diarioprincipios.com\/wp-content\/uploads\/2023\/12\/Screenshot_20231213_181651_WhatsApp.jpg","datePublished":"2023-12-13T21:24:10+00:00","dateModified":"2023-12-13T21:40:21+00:00","breadcrumb":{"@id":"https:\/\/diarioprincipios.com\/index.php\/2023\/12\/13\/el-club-social-berazategui-celebra-90-anos-con-la-inauguracion-de-importantes-obras\/#breadcrumb"},"inLanguage":"es","potentialAction":[{"@type":"ReadAction","target":["https:\/\/diarioprincipios.com\/index.php\/2023\/12\/13\/el-club-social-berazategui-celebra-90-anos-con-la-inauguracion-de-importantes-obras\/"]}]},{"@type":"ImageObject","inLanguage":"es","@id":"https:\/\/diarioprincipios.com\/index.php\/2023\/12\/13\/el-club-social-berazategui-celebra-90-anos-con-la-inauguracion-de-importantes-obras\/#primaryimage","url":"https:\/\/diarioprincipios.com\/wp-content\/uploads\/2023\/12\/Screenshot_20231213_181651_WhatsApp.jpg","contentUrl":"https:\/\/diarioprincipios.com\/wp-content\/uploads\/2023\/12\/Screenshot_20231213_181651_WhatsApp.jpg","width":1080,"height":1400},{"@type":"BreadcrumbList","@id":"https:\/\/diarioprincipios.com\/index.php\/2023\/12\/13\/el-club-social-berazategui-celebra-90-anos-con-la-inauguracion-de-importantes-obras\/#breadcrumb","itemListElement":[{"@type":"ListItem","position":1,"name":"Portada","item":"https:\/\/diarioprincipios.com\/"},{"@type":"ListItem","position":2,"name":"El Club Social Berazategui celebra 90 a\u00f1os con la inauguraci\u00f3n de importantes obras"}]},{"@type":"WebSite","@id":"https:\/\/diarioprincipios.com\/#website","url":"https:\/\/diarioprincipios.com\/","name":"Principios","description":"Principios Diario","publisher":{"@id":"https:\/\/diarioprincipios.com\/#organization"},"potentialAction":[{"@type":"SearchAction","target":{"@type":"EntryPoint","urlTemplate":"https:\/\/diarioprincipios.com\/?s={search_term_string}"},"query-input":{"@type":"PropertyValueSpecification","valueRequired":true,"valueName":"search_term_string"}}],"inLanguage":"es"},{"@type":"Organization","@id":"https:\/\/diarioprincipios.com\/#organization","name":"Principios","url":"https:\/\/diarioprincipios.com\/","logo":{"@type":"ImageObject","inLanguage":"es","@id":"https:\/\/diarioprincipios.com\/#\/schema\/logo\/image\/","url":"https:\/\/diarioprincipios.com\/wp-content\/uploads\/2024\/04\/cropped-www.diarioprincipios.com_-1.png","contentUrl":"https:\/\/diarioprincipios.com\/wp-content\/uploads\/2024\/04\/cropped-www.diarioprincipios.com_-1.png","width":5325,"height":1454,"caption":"Principios"},"image":{"@id":"https:\/\/diarioprincipios.com\/#\/schema\/logo\/image\/"}},{"@type":"Person","@id":"https:\/\/diarioprincipios.com\/#\/schema\/person\/436d5a1fd41a5e250e23ff5a6a7cb080","name":"Hern\u00e1n L\u00f3pez","image":{"@type":"ImageObject","inLanguage":"es","@id":"https:\/\/diarioprincipios.com\/wp-content\/litespeed\/avatar\/11ddfe5610ff3bd100522525b2571f48.jpg?ver=1777653193","url":"https:\/\/diarioprincipios.com\/wp-content\/litespeed\/avatar\/11ddfe5610ff3bd100522525b2571f48.jpg?ver=1777653193","contentUrl":"https:\/\/diarioprincipios.com\/wp-content\/litespeed\/avatar\/11ddfe5610ff3bd100522525b2571f48.jpg?ver=1777653193","caption":"Hern\u00e1n L\u00f3pez"},"url":"https:\/\/diarioprincipios.com\/index.php\/author\/hernan\/"}]}},"jetpack_featured_media_url":"https:\/\/diarioprincipios.com\/wp-content\/uploads\/2023\/12\/Screenshot_20231213_181651_WhatsApp.jpg","_links":{"self":[{"href":"https:\/\/diarioprincipios.com\/index.php\/wp-json\/wp\/v2\/posts\/19961","targetHints":{"allow":["GET"]}}],"collection":[{"href":"https:\/\/diarioprincipios.com\/index.php\/wp-json\/wp\/v2\/posts"}],"about":[{"href":"https:\/\/diarioprincipios.com\/index.php\/wp-json\/wp\/v2\/types\/post"}],"author":[{"embeddable":true,"href":"https:\/\/diarioprincipios.com\/index.php\/wp-json\/wp\/v2\/users\/2"}],"replies":[{"embeddable":true,"href":"https:\/\/diarioprincipios.com\/index.php\/wp-json\/wp\/v2\/comments?post=19961"}],"version-history":[{"count":5,"href":"https:\/\/diarioprincipios.com\/index.php\/wp-json\/wp\/v2\/posts\/19961\/revisions"}],"predecessor-version":[{"id":19973,"href":"https:\/\/diarioprincipios.com\/index.php\/wp-json\/wp\/v2\/posts\/19961\/revisions\/19973"}],"wp:featuredmedia":[{"embeddable":true,"href":"https:\/\/diarioprincipios.com\/index.php\/wp-json\/wp\/v2\/media\/19966"}],"wp:attachment":[{"href":"https:\/\/diarioprincipios.com\/index.php\/wp-json\/wp\/v2\/media?parent=19961"}],"wp:term":[{"taxonomy":"category","embeddable":true,"href":"https:\/\/diarioprincipios.com\/index.php\/wp-json\/wp\/v2\/categories?post=19961"},{"taxonomy":"post_tag","embeddable":true,"href":"https:\/\/diarioprincipios.com\/index.php\/wp-json\/wp\/v2\/tags?post=19961"}],"curies":[{"name":"wp","href":"https:\/\/api.w.org\/{rel}","templated":true}]}}