{"id":19956,"date":"2023-12-13T16:51:47","date_gmt":"2023-12-13T19:51:47","guid":{"rendered":"http:\/\/diarioprincipios.com\/?p=19956"},"modified":"2023-12-13T16:51:49","modified_gmt":"2023-12-13T19:51:49","slug":"inauguraron-las-nuevas-instalaciones-de-la-sociedad-de-fomento-carlos-t-sourigues","status":"publish","type":"post","link":"https:\/\/diarioprincipios.com\/index.php\/2023\/12\/13\/inauguraron-las-nuevas-instalaciones-de-la-sociedad-de-fomento-carlos-t-sourigues\/","title":{"rendered":"Inauguraron las nuevas instalaciones de la Sociedad de Fomento \u00abCarlos T. Sourigues\u00bb"},"content":{"rendered":"\n<p><strong>El viernes 8 de diciembre fue un d\u00eda hist\u00f3rico para la Sociedad de Fomento Carlos T. Sourigues, debido a que se inauguraron las nuevas instalaciones de su anexo deportivo (calle 259 y Av. Milazzo). All\u00ed estuvo el intendente, Juan Jos\u00e9 Mussi, que recorri\u00f3 los nuevos ba\u00f1os, vestuarios y el Sal\u00f3n de Usos M\u00faltiples (SUM).<\/strong><\/p>\n\n\n\n<p>Durante su visita, Mussi afirm\u00f3: \u201cNos interesa que haya deportes en los barrios, porque la pr\u00e1ctica de deporte significa salud: hace bien al f\u00edsico y a la mente. Adem\u00e1s, previene los peligros que tenemos en la sociedad\u201d.<\/p>\n\n\n\n<p><br><\/p>\n\n\n\n<figure class=\"wp-block-image size-large\"><img loading=\"lazy\" decoding=\"async\" width=\"1024\" height=\"683\" src=\"https:\/\/diarioprincipios.com\/wp-content\/uploads\/2023\/12\/INAUGURARON-LAS-NUEVAS-INSTALACIONES-DE-LA-SOCIEDAD-DE-FOMENTO-CARLOS-T.-SOURIGUES4-1024x683.jpg\" alt=\"\" class=\"wp-image-19957\" srcset=\"https:\/\/diarioprincipios.com\/wp-content\/uploads\/2023\/12\/INAUGURARON-LAS-NUEVAS-INSTALACIONES-DE-LA-SOCIEDAD-DE-FOMENTO-CARLOS-T.-SOURIGUES4-1024x683.jpg 1024w, https:\/\/diarioprincipios.com\/wp-content\/uploads\/2023\/12\/INAUGURARON-LAS-NUEVAS-INSTALACIONES-DE-LA-SOCIEDAD-DE-FOMENTO-CARLOS-T.-SOURIGUES4-300x200.jpg 300w, https:\/\/diarioprincipios.com\/wp-content\/uploads\/2023\/12\/INAUGURARON-LAS-NUEVAS-INSTALACIONES-DE-LA-SOCIEDAD-DE-FOMENTO-CARLOS-T.-SOURIGUES4-768x512.jpg 768w, https:\/\/diarioprincipios.com\/wp-content\/uploads\/2023\/12\/INAUGURARON-LAS-NUEVAS-INSTALACIONES-DE-LA-SOCIEDAD-DE-FOMENTO-CARLOS-T.-SOURIGUES4-1536x1024.jpg 1536w, https:\/\/diarioprincipios.com\/wp-content\/uploads\/2023\/12\/INAUGURARON-LAS-NUEVAS-INSTALACIONES-DE-LA-SOCIEDAD-DE-FOMENTO-CARLOS-T.-SOURIGUES4.jpg 1920w\" sizes=\"auto, (max-width: 1024px) 100vw, 1024px\" \/><\/figure>\n\n\n\n<p>Asimismo, recalc\u00f3: \u201cLo mas lindo que nos puede pasar es que los chicos y chicas disfruten de estas instalaciones de primera. Por eso les pido que nos ayuden a cuidarlas\u201d.<br><\/p>\n\n\n\n<figure class=\"wp-block-image size-large\"><img loading=\"lazy\" decoding=\"async\" width=\"1024\" height=\"683\" src=\"https:\/\/diarioprincipios.com\/wp-content\/uploads\/2023\/12\/INAUGURARON-LAS-NUEVAS-INSTALACIONES-DE-LA-SOCIEDAD-DE-FOMENTO-CARLOS-T.-SOURIGUES-1024x683.jpg\" alt=\"\" class=\"wp-image-19958\" srcset=\"https:\/\/diarioprincipios.com\/wp-content\/uploads\/2023\/12\/INAUGURARON-LAS-NUEVAS-INSTALACIONES-DE-LA-SOCIEDAD-DE-FOMENTO-CARLOS-T.-SOURIGUES-1024x683.jpg 1024w, https:\/\/diarioprincipios.com\/wp-content\/uploads\/2023\/12\/INAUGURARON-LAS-NUEVAS-INSTALACIONES-DE-LA-SOCIEDAD-DE-FOMENTO-CARLOS-T.-SOURIGUES-300x200.jpg 300w, https:\/\/diarioprincipios.com\/wp-content\/uploads\/2023\/12\/INAUGURARON-LAS-NUEVAS-INSTALACIONES-DE-LA-SOCIEDAD-DE-FOMENTO-CARLOS-T.-SOURIGUES-768x512.jpg 768w, https:\/\/diarioprincipios.com\/wp-content\/uploads\/2023\/12\/INAUGURARON-LAS-NUEVAS-INSTALACIONES-DE-LA-SOCIEDAD-DE-FOMENTO-CARLOS-T.-SOURIGUES-1536x1024.jpg 1536w, https:\/\/diarioprincipios.com\/wp-content\/uploads\/2023\/12\/INAUGURARON-LAS-NUEVAS-INSTALACIONES-DE-LA-SOCIEDAD-DE-FOMENTO-CARLOS-T.-SOURIGUES.jpg 1920w\" sizes=\"auto, (max-width: 1024px) 100vw, 1024px\" \/><\/figure>\n\n\n\n<p>Por su parte, la delegada municipal de la localidad de Sourigues, Reina T\u00e9vez, expres\u00f3: \u201cMuchas gracias por estas obras y por ayudarnos siempre. Este predio antes era un basural, y con el acompa\u00f1amiento de Juan Jos\u00e9 Mussi pudimos hacer el club\u201d.<br><\/p>\n\n\n\n<p>La Sociedad de Fomento participa del Torneo Evita y el a\u00f1o que viene se suma al Torneo de F\u00fatbol Femenino Evita Capitana. Adem\u00e1s, se practica boxeo, taekwondo, gimnasia y hay clases de folclore y zumba.<\/p>\n","protected":false},"excerpt":{"rendered":"<p>El viernes 8 de diciembre fue un d\u00eda hist\u00f3rico para la Sociedad de Fomento Carlos T. Sourigues, debido a que se inauguraron las nuevas instalaciones de su anexo deportivo (calle 259 y Av. Milazzo). All\u00ed estuvo el intendente, Juan Jos\u00e9 Mussi, que recorri\u00f3 los nuevos ba\u00f1os, vestuarios y el Sal\u00f3n de Usos M\u00faltiples (SUM). Durante&#8230;<\/p>\n","protected":false},"author":2,"featured_media":19959,"comment_status":"open","ping_status":"open","sticky":false,"template":"","format":"standard","meta":{"footnotes":""},"categories":[3],"tags":[],"class_list":["post-19956","post","type-post","status-publish","format-standard","has-post-thumbnail","hentry","category-berazategui"],"featured_image_src":"https:\/\/diarioprincipios.com\/wp-content\/uploads\/2023\/12\/INAUGURARON-LAS-NUEVAS-INSTALACIONES-DE-LA-SOCIEDAD-DE-FOMENTO-CARLOS-T.-SOURIGUES3-1024x683.jpg","blog_images":{"medium":"https:\/\/diarioprincipios.com\/wp-content\/uploads\/2023\/12\/INAUGURARON-LAS-NUEVAS-INSTALACIONES-DE-LA-SOCIEDAD-DE-FOMENTO-CARLOS-T.-SOURIGUES3-300x200.jpg","large":"https:\/\/diarioprincipios.com\/wp-content\/uploads\/2023\/12\/INAUGURARON-LAS-NUEVAS-INSTALACIONES-DE-LA-SOCIEDAD-DE-FOMENTO-CARLOS-T.-SOURIGUES3-1024x683.jpg"},"ams_acf":[],"yoast_head":"<!-- This site is optimized with the Yoast SEO plugin v27.3 - https:\/\/yoast.com\/product\/yoast-seo-wordpress\/ -->\n<title>Inauguraron las nuevas instalaciones de la Sociedad de Fomento &quot;Carlos T. Sourigues&quot; - Principios<\/title>\n<meta name=\"robots\" content=\"index, follow, max-snippet:-1, max-image-preview:large, max-video-preview:-1\" \/>\n<link rel=\"canonical\" href=\"https:\/\/diarioprincipios.com\/index.php\/2023\/12\/13\/inauguraron-las-nuevas-instalaciones-de-la-sociedad-de-fomento-carlos-t-sourigues\/\" \/>\n<meta property=\"og:locale\" content=\"es_ES\" \/>\n<meta property=\"og:type\" content=\"article\" \/>\n<meta property=\"og:title\" content=\"Inauguraron las nuevas instalaciones de la Sociedad de Fomento &quot;Carlos T. Sourigues&quot; - Principios\" \/>\n<meta property=\"og:description\" content=\"El viernes 8 de diciembre fue un d\u00eda hist\u00f3rico para la Sociedad de Fomento Carlos T. Sourigues, debido a que se inauguraron las nuevas instalaciones de su anexo deportivo (calle 259 y Av. Milazzo). All\u00ed estuvo el intendente, Juan Jos\u00e9 Mussi, que recorri\u00f3 los nuevos ba\u00f1os, vestuarios y el Sal\u00f3n de Usos M\u00faltiples (SUM). Durante...\" \/>\n<meta property=\"og:url\" content=\"https:\/\/diarioprincipios.com\/index.php\/2023\/12\/13\/inauguraron-las-nuevas-instalaciones-de-la-sociedad-de-fomento-carlos-t-sourigues\/\" \/>\n<meta property=\"og:site_name\" content=\"Principios\" \/>\n<meta property=\"article:published_time\" content=\"2023-12-13T19:51:47+00:00\" \/>\n<meta property=\"article:modified_time\" content=\"2023-12-13T19:51:49+00:00\" \/>\n<meta property=\"og:image\" content=\"https:\/\/diarioprincipios.com\/wp-content\/uploads\/2023\/12\/INAUGURARON-LAS-NUEVAS-INSTALACIONES-DE-LA-SOCIEDAD-DE-FOMENTO-CARLOS-T.-SOURIGUES3.jpg\" \/>\n\t<meta property=\"og:image:width\" content=\"1920\" \/>\n\t<meta property=\"og:image:height\" content=\"1280\" \/>\n\t<meta property=\"og:image:type\" content=\"image\/jpeg\" \/>\n<meta name=\"author\" content=\"Hern\u00e1n L\u00f3pez\" \/>\n<meta name=\"twitter:card\" content=\"summary_large_image\" \/>\n<meta name=\"twitter:label1\" content=\"Escrito por\" \/>\n\t<meta name=\"twitter:data1\" content=\"Hern\u00e1n L\u00f3pez\" \/>\n\t<meta name=\"twitter:label2\" content=\"Tiempo de lectura\" \/>\n\t<meta name=\"twitter:data2\" content=\"2 minutos\" \/>\n<script type=\"application\/ld+json\" class=\"yoast-schema-graph\">{\"@context\":\"https:\\\/\\\/schema.org\",\"@graph\":[{\"@type\":\"Article\",\"@id\":\"https:\\\/\\\/diarioprincipios.com\\\/index.php\\\/2023\\\/12\\\/13\\\/inauguraron-las-nuevas-instalaciones-de-la-sociedad-de-fomento-carlos-t-sourigues\\\/#article\",\"isPartOf\":{\"@id\":\"https:\\\/\\\/diarioprincipios.com\\\/index.php\\\/2023\\\/12\\\/13\\\/inauguraron-las-nuevas-instalaciones-de-la-sociedad-de-fomento-carlos-t-sourigues\\\/\"},\"author\":{\"name\":\"Hern\u00e1n L\u00f3pez\",\"@id\":\"https:\\\/\\\/diarioprincipios.com\\\/#\\\/schema\\\/person\\\/436d5a1fd41a5e250e23ff5a6a7cb080\"},\"headline\":\"Inauguraron las nuevas instalaciones de la Sociedad de Fomento \u00abCarlos T. Sourigues\u00bb\",\"datePublished\":\"2023-12-13T19:51:47+00:00\",\"dateModified\":\"2023-12-13T19:51:49+00:00\",\"mainEntityOfPage\":{\"@id\":\"https:\\\/\\\/diarioprincipios.com\\\/index.php\\\/2023\\\/12\\\/13\\\/inauguraron-las-nuevas-instalaciones-de-la-sociedad-de-fomento-carlos-t-sourigues\\\/\"},\"wordCount\":220,\"commentCount\":0,\"publisher\":{\"@id\":\"https:\\\/\\\/diarioprincipios.com\\\/#organization\"},\"image\":{\"@id\":\"https:\\\/\\\/diarioprincipios.com\\\/index.php\\\/2023\\\/12\\\/13\\\/inauguraron-las-nuevas-instalaciones-de-la-sociedad-de-fomento-carlos-t-sourigues\\\/#primaryimage\"},\"thumbnailUrl\":\"https:\\\/\\\/diarioprincipios.com\\\/wp-content\\\/uploads\\\/2023\\\/12\\\/INAUGURARON-LAS-NUEVAS-INSTALACIONES-DE-LA-SOCIEDAD-DE-FOMENTO-CARLOS-T.-SOURIGUES3.jpg\",\"articleSection\":[\"Berazategui\"],\"inLanguage\":\"es\",\"potentialAction\":[{\"@type\":\"CommentAction\",\"name\":\"Comment\",\"target\":[\"https:\\\/\\\/diarioprincipios.com\\\/index.php\\\/2023\\\/12\\\/13\\\/inauguraron-las-nuevas-instalaciones-de-la-sociedad-de-fomento-carlos-t-sourigues\\\/#respond\"]}]},{\"@type\":\"WebPage\",\"@id\":\"https:\\\/\\\/diarioprincipios.com\\\/index.php\\\/2023\\\/12\\\/13\\\/inauguraron-las-nuevas-instalaciones-de-la-sociedad-de-fomento-carlos-t-sourigues\\\/\",\"url\":\"https:\\\/\\\/diarioprincipios.com\\\/index.php\\\/2023\\\/12\\\/13\\\/inauguraron-las-nuevas-instalaciones-de-la-sociedad-de-fomento-carlos-t-sourigues\\\/\",\"name\":\"Inauguraron las nuevas instalaciones de la Sociedad de Fomento \\\"Carlos T. Sourigues\\\" - Principios\",\"isPartOf\":{\"@id\":\"https:\\\/\\\/diarioprincipios.com\\\/#website\"},\"primaryImageOfPage\":{\"@id\":\"https:\\\/\\\/diarioprincipios.com\\\/index.php\\\/2023\\\/12\\\/13\\\/inauguraron-las-nuevas-instalaciones-de-la-sociedad-de-fomento-carlos-t-sourigues\\\/#primaryimage\"},\"image\":{\"@id\":\"https:\\\/\\\/diarioprincipios.com\\\/index.php\\\/2023\\\/12\\\/13\\\/inauguraron-las-nuevas-instalaciones-de-la-sociedad-de-fomento-carlos-t-sourigues\\\/#primaryimage\"},\"thumbnailUrl\":\"https:\\\/\\\/diarioprincipios.com\\\/wp-content\\\/uploads\\\/2023\\\/12\\\/INAUGURARON-LAS-NUEVAS-INSTALACIONES-DE-LA-SOCIEDAD-DE-FOMENTO-CARLOS-T.-SOURIGUES3.jpg\",\"datePublished\":\"2023-12-13T19:51:47+00:00\",\"dateModified\":\"2023-12-13T19:51:49+00:00\",\"breadcrumb\":{\"@id\":\"https:\\\/\\\/diarioprincipios.com\\\/index.php\\\/2023\\\/12\\\/13\\\/inauguraron-las-nuevas-instalaciones-de-la-sociedad-de-fomento-carlos-t-sourigues\\\/#breadcrumb\"},\"inLanguage\":\"es\",\"potentialAction\":[{\"@type\":\"ReadAction\",\"target\":[\"https:\\\/\\\/diarioprincipios.com\\\/index.php\\\/2023\\\/12\\\/13\\\/inauguraron-las-nuevas-instalaciones-de-la-sociedad-de-fomento-carlos-t-sourigues\\\/\"]}]},{\"@type\":\"ImageObject\",\"inLanguage\":\"es\",\"@id\":\"https:\\\/\\\/diarioprincipios.com\\\/index.php\\\/2023\\\/12\\\/13\\\/inauguraron-las-nuevas-instalaciones-de-la-sociedad-de-fomento-carlos-t-sourigues\\\/#primaryimage\",\"url\":\"https:\\\/\\\/diarioprincipios.com\\\/wp-content\\\/uploads\\\/2023\\\/12\\\/INAUGURARON-LAS-NUEVAS-INSTALACIONES-DE-LA-SOCIEDAD-DE-FOMENTO-CARLOS-T.-SOURIGUES3.jpg\",\"contentUrl\":\"https:\\\/\\\/diarioprincipios.com\\\/wp-content\\\/uploads\\\/2023\\\/12\\\/INAUGURARON-LAS-NUEVAS-INSTALACIONES-DE-LA-SOCIEDAD-DE-FOMENTO-CARLOS-T.-SOURIGUES3.jpg\",\"width\":1920,\"height\":1280},{\"@type\":\"BreadcrumbList\",\"@id\":\"https:\\\/\\\/diarioprincipios.com\\\/index.php\\\/2023\\\/12\\\/13\\\/inauguraron-las-nuevas-instalaciones-de-la-sociedad-de-fomento-carlos-t-sourigues\\\/#breadcrumb\",\"itemListElement\":[{\"@type\":\"ListItem\",\"position\":1,\"name\":\"Portada\",\"item\":\"https:\\\/\\\/diarioprincipios.com\\\/\"},{\"@type\":\"ListItem\",\"position\":2,\"name\":\"Inauguraron las nuevas instalaciones de la Sociedad de Fomento \u00abCarlos T. Sourigues\u00bb\"}]},{\"@type\":\"WebSite\",\"@id\":\"https:\\\/\\\/diarioprincipios.com\\\/#website\",\"url\":\"https:\\\/\\\/diarioprincipios.com\\\/\",\"name\":\"Principios\",\"description\":\"Principios Diario\",\"publisher\":{\"@id\":\"https:\\\/\\\/diarioprincipios.com\\\/#organization\"},\"potentialAction\":[{\"@type\":\"SearchAction\",\"target\":{\"@type\":\"EntryPoint\",\"urlTemplate\":\"https:\\\/\\\/diarioprincipios.com\\\/?s={search_term_string}\"},\"query-input\":{\"@type\":\"PropertyValueSpecification\",\"valueRequired\":true,\"valueName\":\"search_term_string\"}}],\"inLanguage\":\"es\"},{\"@type\":\"Organization\",\"@id\":\"https:\\\/\\\/diarioprincipios.com\\\/#organization\",\"name\":\"Principios\",\"url\":\"https:\\\/\\\/diarioprincipios.com\\\/\",\"logo\":{\"@type\":\"ImageObject\",\"inLanguage\":\"es\",\"@id\":\"https:\\\/\\\/diarioprincipios.com\\\/#\\\/schema\\\/logo\\\/image\\\/\",\"url\":\"https:\\\/\\\/diarioprincipios.com\\\/wp-content\\\/uploads\\\/2024\\\/04\\\/cropped-www.diarioprincipios.com_-1.png\",\"contentUrl\":\"https:\\\/\\\/diarioprincipios.com\\\/wp-content\\\/uploads\\\/2024\\\/04\\\/cropped-www.diarioprincipios.com_-1.png\",\"width\":5325,\"height\":1454,\"caption\":\"Principios\"},\"image\":{\"@id\":\"https:\\\/\\\/diarioprincipios.com\\\/#\\\/schema\\\/logo\\\/image\\\/\"}},{\"@type\":\"Person\",\"@id\":\"https:\\\/\\\/diarioprincipios.com\\\/#\\\/schema\\\/person\\\/436d5a1fd41a5e250e23ff5a6a7cb080\",\"name\":\"Hern\u00e1n L\u00f3pez\",\"image\":{\"@type\":\"ImageObject\",\"inLanguage\":\"es\",\"@id\":\"https:\\\/\\\/diarioprincipios.com\\\/wp-content\\\/litespeed\\\/avatar\\\/11ddfe5610ff3bd100522525b2571f48.jpg?ver=1777653193\",\"url\":\"https:\\\/\\\/diarioprincipios.com\\\/wp-content\\\/litespeed\\\/avatar\\\/11ddfe5610ff3bd100522525b2571f48.jpg?ver=1777653193\",\"contentUrl\":\"https:\\\/\\\/diarioprincipios.com\\\/wp-content\\\/litespeed\\\/avatar\\\/11ddfe5610ff3bd100522525b2571f48.jpg?ver=1777653193\",\"caption\":\"Hern\u00e1n L\u00f3pez\"},\"url\":\"https:\\\/\\\/diarioprincipios.com\\\/index.php\\\/author\\\/hernan\\\/\"}]}<\/script>\n<!-- \/ Yoast SEO plugin. -->","yoast_head_json":{"title":"Inauguraron las nuevas instalaciones de la Sociedad de Fomento \"Carlos T. Sourigues\" - Principios","robots":{"index":"index","follow":"follow","max-snippet":"max-snippet:-1","max-image-preview":"max-image-preview:large","max-video-preview":"max-video-preview:-1"},"canonical":"https:\/\/diarioprincipios.com\/index.php\/2023\/12\/13\/inauguraron-las-nuevas-instalaciones-de-la-sociedad-de-fomento-carlos-t-sourigues\/","og_locale":"es_ES","og_type":"article","og_title":"Inauguraron las nuevas instalaciones de la Sociedad de Fomento \"Carlos T. Sourigues\" - Principios","og_description":"El viernes 8 de diciembre fue un d\u00eda hist\u00f3rico para la Sociedad de Fomento Carlos T. Sourigues, debido a que se inauguraron las nuevas instalaciones de su anexo deportivo (calle 259 y Av. Milazzo). All\u00ed estuvo el intendente, Juan Jos\u00e9 Mussi, que recorri\u00f3 los nuevos ba\u00f1os, vestuarios y el Sal\u00f3n de Usos M\u00faltiples (SUM). Durante...","og_url":"https:\/\/diarioprincipios.com\/index.php\/2023\/12\/13\/inauguraron-las-nuevas-instalaciones-de-la-sociedad-de-fomento-carlos-t-sourigues\/","og_site_name":"Principios","article_published_time":"2023-12-13T19:51:47+00:00","article_modified_time":"2023-12-13T19:51:49+00:00","og_image":[{"width":1920,"height":1280,"url":"https:\/\/diarioprincipios.com\/wp-content\/uploads\/2023\/12\/INAUGURARON-LAS-NUEVAS-INSTALACIONES-DE-LA-SOCIEDAD-DE-FOMENTO-CARLOS-T.-SOURIGUES3.jpg","type":"image\/jpeg"}],"author":"Hern\u00e1n L\u00f3pez","twitter_card":"summary_large_image","twitter_misc":{"Escrito por":"Hern\u00e1n L\u00f3pez","Tiempo de lectura":"2 minutos"},"schema":{"@context":"https:\/\/schema.org","@graph":[{"@type":"Article","@id":"https:\/\/diarioprincipios.com\/index.php\/2023\/12\/13\/inauguraron-las-nuevas-instalaciones-de-la-sociedad-de-fomento-carlos-t-sourigues\/#article","isPartOf":{"@id":"https:\/\/diarioprincipios.com\/index.php\/2023\/12\/13\/inauguraron-las-nuevas-instalaciones-de-la-sociedad-de-fomento-carlos-t-sourigues\/"},"author":{"name":"Hern\u00e1n L\u00f3pez","@id":"https:\/\/diarioprincipios.com\/#\/schema\/person\/436d5a1fd41a5e250e23ff5a6a7cb080"},"headline":"Inauguraron las nuevas instalaciones de la Sociedad de Fomento \u00abCarlos T. Sourigues\u00bb","datePublished":"2023-12-13T19:51:47+00:00","dateModified":"2023-12-13T19:51:49+00:00","mainEntityOfPage":{"@id":"https:\/\/diarioprincipios.com\/index.php\/2023\/12\/13\/inauguraron-las-nuevas-instalaciones-de-la-sociedad-de-fomento-carlos-t-sourigues\/"},"wordCount":220,"commentCount":0,"publisher":{"@id":"https:\/\/diarioprincipios.com\/#organization"},"image":{"@id":"https:\/\/diarioprincipios.com\/index.php\/2023\/12\/13\/inauguraron-las-nuevas-instalaciones-de-la-sociedad-de-fomento-carlos-t-sourigues\/#primaryimage"},"thumbnailUrl":"https:\/\/diarioprincipios.com\/wp-content\/uploads\/2023\/12\/INAUGURARON-LAS-NUEVAS-INSTALACIONES-DE-LA-SOCIEDAD-DE-FOMENTO-CARLOS-T.-SOURIGUES3.jpg","articleSection":["Berazategui"],"inLanguage":"es","potentialAction":[{"@type":"CommentAction","name":"Comment","target":["https:\/\/diarioprincipios.com\/index.php\/2023\/12\/13\/inauguraron-las-nuevas-instalaciones-de-la-sociedad-de-fomento-carlos-t-sourigues\/#respond"]}]},{"@type":"WebPage","@id":"https:\/\/diarioprincipios.com\/index.php\/2023\/12\/13\/inauguraron-las-nuevas-instalaciones-de-la-sociedad-de-fomento-carlos-t-sourigues\/","url":"https:\/\/diarioprincipios.com\/index.php\/2023\/12\/13\/inauguraron-las-nuevas-instalaciones-de-la-sociedad-de-fomento-carlos-t-sourigues\/","name":"Inauguraron las nuevas instalaciones de la Sociedad de Fomento \"Carlos T. Sourigues\" - Principios","isPartOf":{"@id":"https:\/\/diarioprincipios.com\/#website"},"primaryImageOfPage":{"@id":"https:\/\/diarioprincipios.com\/index.php\/2023\/12\/13\/inauguraron-las-nuevas-instalaciones-de-la-sociedad-de-fomento-carlos-t-sourigues\/#primaryimage"},"image":{"@id":"https:\/\/diarioprincipios.com\/index.php\/2023\/12\/13\/inauguraron-las-nuevas-instalaciones-de-la-sociedad-de-fomento-carlos-t-sourigues\/#primaryimage"},"thumbnailUrl":"https:\/\/diarioprincipios.com\/wp-content\/uploads\/2023\/12\/INAUGURARON-LAS-NUEVAS-INSTALACIONES-DE-LA-SOCIEDAD-DE-FOMENTO-CARLOS-T.-SOURIGUES3.jpg","datePublished":"2023-12-13T19:51:47+00:00","dateModified":"2023-12-13T19:51:49+00:00","breadcrumb":{"@id":"https:\/\/diarioprincipios.com\/index.php\/2023\/12\/13\/inauguraron-las-nuevas-instalaciones-de-la-sociedad-de-fomento-carlos-t-sourigues\/#breadcrumb"},"inLanguage":"es","potentialAction":[{"@type":"ReadAction","target":["https:\/\/diarioprincipios.com\/index.php\/2023\/12\/13\/inauguraron-las-nuevas-instalaciones-de-la-sociedad-de-fomento-carlos-t-sourigues\/"]}]},{"@type":"ImageObject","inLanguage":"es","@id":"https:\/\/diarioprincipios.com\/index.php\/2023\/12\/13\/inauguraron-las-nuevas-instalaciones-de-la-sociedad-de-fomento-carlos-t-sourigues\/#primaryimage","url":"https:\/\/diarioprincipios.com\/wp-content\/uploads\/2023\/12\/INAUGURARON-LAS-NUEVAS-INSTALACIONES-DE-LA-SOCIEDAD-DE-FOMENTO-CARLOS-T.-SOURIGUES3.jpg","contentUrl":"https:\/\/diarioprincipios.com\/wp-content\/uploads\/2023\/12\/INAUGURARON-LAS-NUEVAS-INSTALACIONES-DE-LA-SOCIEDAD-DE-FOMENTO-CARLOS-T.-SOURIGUES3.jpg","width":1920,"height":1280},{"@type":"BreadcrumbList","@id":"https:\/\/diarioprincipios.com\/index.php\/2023\/12\/13\/inauguraron-las-nuevas-instalaciones-de-la-sociedad-de-fomento-carlos-t-sourigues\/#breadcrumb","itemListElement":[{"@type":"ListItem","position":1,"name":"Portada","item":"https:\/\/diarioprincipios.com\/"},{"@type":"ListItem","position":2,"name":"Inauguraron las nuevas instalaciones de la Sociedad de Fomento \u00abCarlos T. Sourigues\u00bb"}]},{"@type":"WebSite","@id":"https:\/\/diarioprincipios.com\/#website","url":"https:\/\/diarioprincipios.com\/","name":"Principios","description":"Principios Diario","publisher":{"@id":"https:\/\/diarioprincipios.com\/#organization"},"potentialAction":[{"@type":"SearchAction","target":{"@type":"EntryPoint","urlTemplate":"https:\/\/diarioprincipios.com\/?s={search_term_string}"},"query-input":{"@type":"PropertyValueSpecification","valueRequired":true,"valueName":"search_term_string"}}],"inLanguage":"es"},{"@type":"Organization","@id":"https:\/\/diarioprincipios.com\/#organization","name":"Principios","url":"https:\/\/diarioprincipios.com\/","logo":{"@type":"ImageObject","inLanguage":"es","@id":"https:\/\/diarioprincipios.com\/#\/schema\/logo\/image\/","url":"https:\/\/diarioprincipios.com\/wp-content\/uploads\/2024\/04\/cropped-www.diarioprincipios.com_-1.png","contentUrl":"https:\/\/diarioprincipios.com\/wp-content\/uploads\/2024\/04\/cropped-www.diarioprincipios.com_-1.png","width":5325,"height":1454,"caption":"Principios"},"image":{"@id":"https:\/\/diarioprincipios.com\/#\/schema\/logo\/image\/"}},{"@type":"Person","@id":"https:\/\/diarioprincipios.com\/#\/schema\/person\/436d5a1fd41a5e250e23ff5a6a7cb080","name":"Hern\u00e1n L\u00f3pez","image":{"@type":"ImageObject","inLanguage":"es","@id":"https:\/\/diarioprincipios.com\/wp-content\/litespeed\/avatar\/11ddfe5610ff3bd100522525b2571f48.jpg?ver=1777653193","url":"https:\/\/diarioprincipios.com\/wp-content\/litespeed\/avatar\/11ddfe5610ff3bd100522525b2571f48.jpg?ver=1777653193","contentUrl":"https:\/\/diarioprincipios.com\/wp-content\/litespeed\/avatar\/11ddfe5610ff3bd100522525b2571f48.jpg?ver=1777653193","caption":"Hern\u00e1n L\u00f3pez"},"url":"https:\/\/diarioprincipios.com\/index.php\/author\/hernan\/"}]}},"jetpack_featured_media_url":"https:\/\/diarioprincipios.com\/wp-content\/uploads\/2023\/12\/INAUGURARON-LAS-NUEVAS-INSTALACIONES-DE-LA-SOCIEDAD-DE-FOMENTO-CARLOS-T.-SOURIGUES3.jpg","_links":{"self":[{"href":"https:\/\/diarioprincipios.com\/index.php\/wp-json\/wp\/v2\/posts\/19956","targetHints":{"allow":["GET"]}}],"collection":[{"href":"https:\/\/diarioprincipios.com\/index.php\/wp-json\/wp\/v2\/posts"}],"about":[{"href":"https:\/\/diarioprincipios.com\/index.php\/wp-json\/wp\/v2\/types\/post"}],"author":[{"embeddable":true,"href":"https:\/\/diarioprincipios.com\/index.php\/wp-json\/wp\/v2\/users\/2"}],"replies":[{"embeddable":true,"href":"https:\/\/diarioprincipios.com\/index.php\/wp-json\/wp\/v2\/comments?post=19956"}],"version-history":[{"count":1,"href":"https:\/\/diarioprincipios.com\/index.php\/wp-json\/wp\/v2\/posts\/19956\/revisions"}],"predecessor-version":[{"id":19960,"href":"https:\/\/diarioprincipios.com\/index.php\/wp-json\/wp\/v2\/posts\/19956\/revisions\/19960"}],"wp:featuredmedia":[{"embeddable":true,"href":"https:\/\/diarioprincipios.com\/index.php\/wp-json\/wp\/v2\/media\/19959"}],"wp:attachment":[{"href":"https:\/\/diarioprincipios.com\/index.php\/wp-json\/wp\/v2\/media?parent=19956"}],"wp:term":[{"taxonomy":"category","embeddable":true,"href":"https:\/\/diarioprincipios.com\/index.php\/wp-json\/wp\/v2\/categories?post=19956"},{"taxonomy":"post_tag","embeddable":true,"href":"https:\/\/diarioprincipios.com\/index.php\/wp-json\/wp\/v2\/tags?post=19956"}],"curies":[{"name":"wp","href":"https:\/\/api.w.org\/{rel}","templated":true}]}}