{"id":1994,"date":"2020-05-22T16:02:07","date_gmt":"2020-05-22T19:02:07","guid":{"rendered":"http:\/\/diarioprincipios.com\/?p=1994"},"modified":"2020-05-22T16:02:09","modified_gmt":"2020-05-22T19:02:09","slug":"ferraresi-y-arroyo-firmaron-un-acuerdo-para-capacitar-a-jovenes-en-oficios","status":"publish","type":"post","link":"https:\/\/diarioprincipios.com\/index.php\/2020\/05\/22\/ferraresi-y-arroyo-firmaron-un-acuerdo-para-capacitar-a-jovenes-en-oficios\/","title":{"rendered":"Ferraresi y Arroyo firmaron un acuerdo para capacitar a j\u00f3venes en oficios"},"content":{"rendered":"\n<p>El intendente de Avellaneda, Jorge Ferraresi, fue recibido por el ministro de Desarrollo Social de la Naci\u00f3n, Daniel Arroyo y el Secretario Nacional de Ni\u00f1ez, Adolescencia y Familia, Gabriel Lerner, para la firma de un Convenio con la SENNAF mediante el cual el Estado Nacional brindar\u00e1 apoyo financiero destinado a fortalecer proyectos pre existentes de oficios.<\/p>\n\n\n\n<p>El objetivo del mismo es promover la mejora en la accesibilidad de los adolescentes a la formaci\u00f3n para el trabajo, promoviendo la participaci\u00f3n y el desarrollo de sus capacidades y habilidades, a trav\u00e9s de la realizaci\u00f3n de talleres productivos.<\/p>\n\n\n\n<p>En esta etapa se financiar\u00e1n talleres vinculados con el reciclado de botellas y serigraf\u00eda para producci\u00f3n de l\u00e1mparas; panader\u00eda y su equipamiento; actividad textil, fortalecimiento de sus maquinarias y los talleres existentes.<\/p>\n\n\n\n<p>En la reuni\u00f3n tambi\u00e9n estuvo presente la Subsecretaria de Ni\u00f1ez, Adolescencia y Familia de Avellaneda, Lorena Ramundo. &nbsp;<\/p>\n","protected":false},"excerpt":{"rendered":"<p>El intendente de Avellaneda, Jorge Ferraresi, fue recibido por el ministro de Desarrollo Social de la Naci\u00f3n, Daniel Arroyo y el Secretario Nacional de Ni\u00f1ez, Adolescencia y Familia, Gabriel Lerner, para la firma de un Convenio con la SENNAF mediante el cual el Estado Nacional brindar\u00e1 apoyo financiero destinado a fortalecer proyectos pre existentes de&#8230;<\/p>\n","protected":false},"author":2,"featured_media":1995,"comment_status":"open","ping_status":"open","sticky":false,"template":"","format":"standard","meta":{"footnotes":""},"categories":[5],"tags":[],"class_list":["post-1994","post","type-post","status-publish","format-standard","has-post-thumbnail","hentry","category-avellaneda"],"featured_image_src":"https:\/\/diarioprincipios.com\/wp-content\/uploads\/2020\/05\/fdc1a39e-0181-40fe-a791-0330b88c659c-1024x642.jpg","blog_images":{"medium":"https:\/\/diarioprincipios.com\/wp-content\/uploads\/2020\/05\/fdc1a39e-0181-40fe-a791-0330b88c659c-300x188.jpg","large":"https:\/\/diarioprincipios.com\/wp-content\/uploads\/2020\/05\/fdc1a39e-0181-40fe-a791-0330b88c659c-1024x642.jpg"},"ams_acf":[],"yoast_head":"<!-- This site is optimized with the Yoast SEO plugin v27.3 - https:\/\/yoast.com\/product\/yoast-seo-wordpress\/ -->\n<title>Ferraresi y Arroyo firmaron un acuerdo para capacitar a j\u00f3venes en oficios - Principios<\/title>\n<meta name=\"robots\" content=\"index, follow, max-snippet:-1, max-image-preview:large, max-video-preview:-1\" \/>\n<link rel=\"canonical\" href=\"https:\/\/diarioprincipios.com\/index.php\/2020\/05\/22\/ferraresi-y-arroyo-firmaron-un-acuerdo-para-capacitar-a-jovenes-en-oficios\/\" \/>\n<meta property=\"og:locale\" content=\"es_ES\" \/>\n<meta property=\"og:type\" content=\"article\" \/>\n<meta property=\"og:title\" content=\"Ferraresi y Arroyo firmaron un acuerdo para capacitar a j\u00f3venes en oficios - Principios\" \/>\n<meta property=\"og:description\" content=\"El intendente de Avellaneda, Jorge Ferraresi, fue recibido por el ministro de Desarrollo Social de la Naci\u00f3n, Daniel Arroyo y el Secretario Nacional de Ni\u00f1ez, Adolescencia y Familia, Gabriel Lerner, para la firma de un Convenio con la SENNAF mediante el cual el Estado Nacional brindar\u00e1 apoyo financiero destinado a fortalecer proyectos pre existentes de...\" \/>\n<meta property=\"og:url\" content=\"https:\/\/diarioprincipios.com\/index.php\/2020\/05\/22\/ferraresi-y-arroyo-firmaron-un-acuerdo-para-capacitar-a-jovenes-en-oficios\/\" \/>\n<meta property=\"og:site_name\" content=\"Principios\" \/>\n<meta property=\"article:published_time\" content=\"2020-05-22T19:02:07+00:00\" \/>\n<meta property=\"article:modified_time\" content=\"2020-05-22T19:02:09+00:00\" \/>\n<meta property=\"og:image\" content=\"https:\/\/diarioprincipios.com\/wp-content\/uploads\/2020\/05\/fdc1a39e-0181-40fe-a791-0330b88c659c.jpg\" \/>\n\t<meta property=\"og:image:width\" content=\"1088\" \/>\n\t<meta property=\"og:image:height\" content=\"682\" \/>\n\t<meta property=\"og:image:type\" content=\"image\/jpeg\" \/>\n<meta name=\"author\" content=\"Hern\u00e1n L\u00f3pez\" \/>\n<meta name=\"twitter:card\" content=\"summary_large_image\" \/>\n<meta name=\"twitter:label1\" content=\"Escrito por\" \/>\n\t<meta name=\"twitter:data1\" content=\"Hern\u00e1n L\u00f3pez\" \/>\n\t<meta name=\"twitter:label2\" content=\"Tiempo de lectura\" \/>\n\t<meta name=\"twitter:data2\" content=\"1 minuto\" \/>\n<script type=\"application\/ld+json\" class=\"yoast-schema-graph\">{\"@context\":\"https:\\\/\\\/schema.org\",\"@graph\":[{\"@type\":\"Article\",\"@id\":\"https:\\\/\\\/diarioprincipios.com\\\/index.php\\\/2020\\\/05\\\/22\\\/ferraresi-y-arroyo-firmaron-un-acuerdo-para-capacitar-a-jovenes-en-oficios\\\/#article\",\"isPartOf\":{\"@id\":\"https:\\\/\\\/diarioprincipios.com\\\/index.php\\\/2020\\\/05\\\/22\\\/ferraresi-y-arroyo-firmaron-un-acuerdo-para-capacitar-a-jovenes-en-oficios\\\/\"},\"author\":{\"name\":\"Hern\u00e1n L\u00f3pez\",\"@id\":\"https:\\\/\\\/diarioprincipios.com\\\/#\\\/schema\\\/person\\\/436d5a1fd41a5e250e23ff5a6a7cb080\"},\"headline\":\"Ferraresi y Arroyo firmaron un acuerdo para capacitar a j\u00f3venes en oficios\",\"datePublished\":\"2020-05-22T19:02:07+00:00\",\"dateModified\":\"2020-05-22T19:02:09+00:00\",\"mainEntityOfPage\":{\"@id\":\"https:\\\/\\\/diarioprincipios.com\\\/index.php\\\/2020\\\/05\\\/22\\\/ferraresi-y-arroyo-firmaron-un-acuerdo-para-capacitar-a-jovenes-en-oficios\\\/\"},\"wordCount\":172,\"commentCount\":0,\"publisher\":{\"@id\":\"https:\\\/\\\/diarioprincipios.com\\\/#organization\"},\"image\":{\"@id\":\"https:\\\/\\\/diarioprincipios.com\\\/index.php\\\/2020\\\/05\\\/22\\\/ferraresi-y-arroyo-firmaron-un-acuerdo-para-capacitar-a-jovenes-en-oficios\\\/#primaryimage\"},\"thumbnailUrl\":\"https:\\\/\\\/diarioprincipios.com\\\/wp-content\\\/uploads\\\/2020\\\/05\\\/fdc1a39e-0181-40fe-a791-0330b88c659c.jpg\",\"articleSection\":[\"Avellaneda\"],\"inLanguage\":\"es\",\"potentialAction\":[{\"@type\":\"CommentAction\",\"name\":\"Comment\",\"target\":[\"https:\\\/\\\/diarioprincipios.com\\\/index.php\\\/2020\\\/05\\\/22\\\/ferraresi-y-arroyo-firmaron-un-acuerdo-para-capacitar-a-jovenes-en-oficios\\\/#respond\"]}]},{\"@type\":\"WebPage\",\"@id\":\"https:\\\/\\\/diarioprincipios.com\\\/index.php\\\/2020\\\/05\\\/22\\\/ferraresi-y-arroyo-firmaron-un-acuerdo-para-capacitar-a-jovenes-en-oficios\\\/\",\"url\":\"https:\\\/\\\/diarioprincipios.com\\\/index.php\\\/2020\\\/05\\\/22\\\/ferraresi-y-arroyo-firmaron-un-acuerdo-para-capacitar-a-jovenes-en-oficios\\\/\",\"name\":\"Ferraresi y Arroyo firmaron un acuerdo para capacitar a j\u00f3venes en oficios - Principios\",\"isPartOf\":{\"@id\":\"https:\\\/\\\/diarioprincipios.com\\\/#website\"},\"primaryImageOfPage\":{\"@id\":\"https:\\\/\\\/diarioprincipios.com\\\/index.php\\\/2020\\\/05\\\/22\\\/ferraresi-y-arroyo-firmaron-un-acuerdo-para-capacitar-a-jovenes-en-oficios\\\/#primaryimage\"},\"image\":{\"@id\":\"https:\\\/\\\/diarioprincipios.com\\\/index.php\\\/2020\\\/05\\\/22\\\/ferraresi-y-arroyo-firmaron-un-acuerdo-para-capacitar-a-jovenes-en-oficios\\\/#primaryimage\"},\"thumbnailUrl\":\"https:\\\/\\\/diarioprincipios.com\\\/wp-content\\\/uploads\\\/2020\\\/05\\\/fdc1a39e-0181-40fe-a791-0330b88c659c.jpg\",\"datePublished\":\"2020-05-22T19:02:07+00:00\",\"dateModified\":\"2020-05-22T19:02:09+00:00\",\"breadcrumb\":{\"@id\":\"https:\\\/\\\/diarioprincipios.com\\\/index.php\\\/2020\\\/05\\\/22\\\/ferraresi-y-arroyo-firmaron-un-acuerdo-para-capacitar-a-jovenes-en-oficios\\\/#breadcrumb\"},\"inLanguage\":\"es\",\"potentialAction\":[{\"@type\":\"ReadAction\",\"target\":[\"https:\\\/\\\/diarioprincipios.com\\\/index.php\\\/2020\\\/05\\\/22\\\/ferraresi-y-arroyo-firmaron-un-acuerdo-para-capacitar-a-jovenes-en-oficios\\\/\"]}]},{\"@type\":\"ImageObject\",\"inLanguage\":\"es\",\"@id\":\"https:\\\/\\\/diarioprincipios.com\\\/index.php\\\/2020\\\/05\\\/22\\\/ferraresi-y-arroyo-firmaron-un-acuerdo-para-capacitar-a-jovenes-en-oficios\\\/#primaryimage\",\"url\":\"https:\\\/\\\/diarioprincipios.com\\\/wp-content\\\/uploads\\\/2020\\\/05\\\/fdc1a39e-0181-40fe-a791-0330b88c659c.jpg\",\"contentUrl\":\"https:\\\/\\\/diarioprincipios.com\\\/wp-content\\\/uploads\\\/2020\\\/05\\\/fdc1a39e-0181-40fe-a791-0330b88c659c.jpg\",\"width\":1088,\"height\":682},{\"@type\":\"BreadcrumbList\",\"@id\":\"https:\\\/\\\/diarioprincipios.com\\\/index.php\\\/2020\\\/05\\\/22\\\/ferraresi-y-arroyo-firmaron-un-acuerdo-para-capacitar-a-jovenes-en-oficios\\\/#breadcrumb\",\"itemListElement\":[{\"@type\":\"ListItem\",\"position\":1,\"name\":\"Portada\",\"item\":\"https:\\\/\\\/diarioprincipios.com\\\/\"},{\"@type\":\"ListItem\",\"position\":2,\"name\":\"Ferraresi y Arroyo firmaron un acuerdo para capacitar a j\u00f3venes en oficios\"}]},{\"@type\":\"WebSite\",\"@id\":\"https:\\\/\\\/diarioprincipios.com\\\/#website\",\"url\":\"https:\\\/\\\/diarioprincipios.com\\\/\",\"name\":\"Principios\",\"description\":\"Principios Diario\",\"publisher\":{\"@id\":\"https:\\\/\\\/diarioprincipios.com\\\/#organization\"},\"potentialAction\":[{\"@type\":\"SearchAction\",\"target\":{\"@type\":\"EntryPoint\",\"urlTemplate\":\"https:\\\/\\\/diarioprincipios.com\\\/?s={search_term_string}\"},\"query-input\":{\"@type\":\"PropertyValueSpecification\",\"valueRequired\":true,\"valueName\":\"search_term_string\"}}],\"inLanguage\":\"es\"},{\"@type\":\"Organization\",\"@id\":\"https:\\\/\\\/diarioprincipios.com\\\/#organization\",\"name\":\"Principios\",\"url\":\"https:\\\/\\\/diarioprincipios.com\\\/\",\"logo\":{\"@type\":\"ImageObject\",\"inLanguage\":\"es\",\"@id\":\"https:\\\/\\\/diarioprincipios.com\\\/#\\\/schema\\\/logo\\\/image\\\/\",\"url\":\"https:\\\/\\\/diarioprincipios.com\\\/wp-content\\\/uploads\\\/2024\\\/04\\\/cropped-www.diarioprincipios.com_-1.png\",\"contentUrl\":\"https:\\\/\\\/diarioprincipios.com\\\/wp-content\\\/uploads\\\/2024\\\/04\\\/cropped-www.diarioprincipios.com_-1.png\",\"width\":5325,\"height\":1454,\"caption\":\"Principios\"},\"image\":{\"@id\":\"https:\\\/\\\/diarioprincipios.com\\\/#\\\/schema\\\/logo\\\/image\\\/\"}},{\"@type\":\"Person\",\"@id\":\"https:\\\/\\\/diarioprincipios.com\\\/#\\\/schema\\\/person\\\/436d5a1fd41a5e250e23ff5a6a7cb080\",\"name\":\"Hern\u00e1n L\u00f3pez\",\"image\":{\"@type\":\"ImageObject\",\"inLanguage\":\"es\",\"@id\":\"https:\\\/\\\/diarioprincipios.com\\\/wp-content\\\/litespeed\\\/avatar\\\/11ddfe5610ff3bd100522525b2571f48.jpg?ver=1777048341\",\"url\":\"https:\\\/\\\/diarioprincipios.com\\\/wp-content\\\/litespeed\\\/avatar\\\/11ddfe5610ff3bd100522525b2571f48.jpg?ver=1777048341\",\"contentUrl\":\"https:\\\/\\\/diarioprincipios.com\\\/wp-content\\\/litespeed\\\/avatar\\\/11ddfe5610ff3bd100522525b2571f48.jpg?ver=1777048341\",\"caption\":\"Hern\u00e1n L\u00f3pez\"},\"url\":\"https:\\\/\\\/diarioprincipios.com\\\/index.php\\\/author\\\/hernan\\\/\"}]}<\/script>\n<!-- \/ Yoast SEO plugin. -->","yoast_head_json":{"title":"Ferraresi y Arroyo firmaron un acuerdo para capacitar a j\u00f3venes en oficios - Principios","robots":{"index":"index","follow":"follow","max-snippet":"max-snippet:-1","max-image-preview":"max-image-preview:large","max-video-preview":"max-video-preview:-1"},"canonical":"https:\/\/diarioprincipios.com\/index.php\/2020\/05\/22\/ferraresi-y-arroyo-firmaron-un-acuerdo-para-capacitar-a-jovenes-en-oficios\/","og_locale":"es_ES","og_type":"article","og_title":"Ferraresi y Arroyo firmaron un acuerdo para capacitar a j\u00f3venes en oficios - Principios","og_description":"El intendente de Avellaneda, Jorge Ferraresi, fue recibido por el ministro de Desarrollo Social de la Naci\u00f3n, Daniel Arroyo y el Secretario Nacional de Ni\u00f1ez, Adolescencia y Familia, Gabriel Lerner, para la firma de un Convenio con la SENNAF mediante el cual el Estado Nacional brindar\u00e1 apoyo financiero destinado a fortalecer proyectos pre existentes de...","og_url":"https:\/\/diarioprincipios.com\/index.php\/2020\/05\/22\/ferraresi-y-arroyo-firmaron-un-acuerdo-para-capacitar-a-jovenes-en-oficios\/","og_site_name":"Principios","article_published_time":"2020-05-22T19:02:07+00:00","article_modified_time":"2020-05-22T19:02:09+00:00","og_image":[{"width":1088,"height":682,"url":"https:\/\/diarioprincipios.com\/wp-content\/uploads\/2020\/05\/fdc1a39e-0181-40fe-a791-0330b88c659c.jpg","type":"image\/jpeg"}],"author":"Hern\u00e1n L\u00f3pez","twitter_card":"summary_large_image","twitter_misc":{"Escrito por":"Hern\u00e1n L\u00f3pez","Tiempo de lectura":"1 minuto"},"schema":{"@context":"https:\/\/schema.org","@graph":[{"@type":"Article","@id":"https:\/\/diarioprincipios.com\/index.php\/2020\/05\/22\/ferraresi-y-arroyo-firmaron-un-acuerdo-para-capacitar-a-jovenes-en-oficios\/#article","isPartOf":{"@id":"https:\/\/diarioprincipios.com\/index.php\/2020\/05\/22\/ferraresi-y-arroyo-firmaron-un-acuerdo-para-capacitar-a-jovenes-en-oficios\/"},"author":{"name":"Hern\u00e1n L\u00f3pez","@id":"https:\/\/diarioprincipios.com\/#\/schema\/person\/436d5a1fd41a5e250e23ff5a6a7cb080"},"headline":"Ferraresi y Arroyo firmaron un acuerdo para capacitar a j\u00f3venes en oficios","datePublished":"2020-05-22T19:02:07+00:00","dateModified":"2020-05-22T19:02:09+00:00","mainEntityOfPage":{"@id":"https:\/\/diarioprincipios.com\/index.php\/2020\/05\/22\/ferraresi-y-arroyo-firmaron-un-acuerdo-para-capacitar-a-jovenes-en-oficios\/"},"wordCount":172,"commentCount":0,"publisher":{"@id":"https:\/\/diarioprincipios.com\/#organization"},"image":{"@id":"https:\/\/diarioprincipios.com\/index.php\/2020\/05\/22\/ferraresi-y-arroyo-firmaron-un-acuerdo-para-capacitar-a-jovenes-en-oficios\/#primaryimage"},"thumbnailUrl":"https:\/\/diarioprincipios.com\/wp-content\/uploads\/2020\/05\/fdc1a39e-0181-40fe-a791-0330b88c659c.jpg","articleSection":["Avellaneda"],"inLanguage":"es","potentialAction":[{"@type":"CommentAction","name":"Comment","target":["https:\/\/diarioprincipios.com\/index.php\/2020\/05\/22\/ferraresi-y-arroyo-firmaron-un-acuerdo-para-capacitar-a-jovenes-en-oficios\/#respond"]}]},{"@type":"WebPage","@id":"https:\/\/diarioprincipios.com\/index.php\/2020\/05\/22\/ferraresi-y-arroyo-firmaron-un-acuerdo-para-capacitar-a-jovenes-en-oficios\/","url":"https:\/\/diarioprincipios.com\/index.php\/2020\/05\/22\/ferraresi-y-arroyo-firmaron-un-acuerdo-para-capacitar-a-jovenes-en-oficios\/","name":"Ferraresi y Arroyo firmaron un acuerdo para capacitar a j\u00f3venes en oficios - Principios","isPartOf":{"@id":"https:\/\/diarioprincipios.com\/#website"},"primaryImageOfPage":{"@id":"https:\/\/diarioprincipios.com\/index.php\/2020\/05\/22\/ferraresi-y-arroyo-firmaron-un-acuerdo-para-capacitar-a-jovenes-en-oficios\/#primaryimage"},"image":{"@id":"https:\/\/diarioprincipios.com\/index.php\/2020\/05\/22\/ferraresi-y-arroyo-firmaron-un-acuerdo-para-capacitar-a-jovenes-en-oficios\/#primaryimage"},"thumbnailUrl":"https:\/\/diarioprincipios.com\/wp-content\/uploads\/2020\/05\/fdc1a39e-0181-40fe-a791-0330b88c659c.jpg","datePublished":"2020-05-22T19:02:07+00:00","dateModified":"2020-05-22T19:02:09+00:00","breadcrumb":{"@id":"https:\/\/diarioprincipios.com\/index.php\/2020\/05\/22\/ferraresi-y-arroyo-firmaron-un-acuerdo-para-capacitar-a-jovenes-en-oficios\/#breadcrumb"},"inLanguage":"es","potentialAction":[{"@type":"ReadAction","target":["https:\/\/diarioprincipios.com\/index.php\/2020\/05\/22\/ferraresi-y-arroyo-firmaron-un-acuerdo-para-capacitar-a-jovenes-en-oficios\/"]}]},{"@type":"ImageObject","inLanguage":"es","@id":"https:\/\/diarioprincipios.com\/index.php\/2020\/05\/22\/ferraresi-y-arroyo-firmaron-un-acuerdo-para-capacitar-a-jovenes-en-oficios\/#primaryimage","url":"https:\/\/diarioprincipios.com\/wp-content\/uploads\/2020\/05\/fdc1a39e-0181-40fe-a791-0330b88c659c.jpg","contentUrl":"https:\/\/diarioprincipios.com\/wp-content\/uploads\/2020\/05\/fdc1a39e-0181-40fe-a791-0330b88c659c.jpg","width":1088,"height":682},{"@type":"BreadcrumbList","@id":"https:\/\/diarioprincipios.com\/index.php\/2020\/05\/22\/ferraresi-y-arroyo-firmaron-un-acuerdo-para-capacitar-a-jovenes-en-oficios\/#breadcrumb","itemListElement":[{"@type":"ListItem","position":1,"name":"Portada","item":"https:\/\/diarioprincipios.com\/"},{"@type":"ListItem","position":2,"name":"Ferraresi y Arroyo firmaron un acuerdo para capacitar a j\u00f3venes en oficios"}]},{"@type":"WebSite","@id":"https:\/\/diarioprincipios.com\/#website","url":"https:\/\/diarioprincipios.com\/","name":"Principios","description":"Principios Diario","publisher":{"@id":"https:\/\/diarioprincipios.com\/#organization"},"potentialAction":[{"@type":"SearchAction","target":{"@type":"EntryPoint","urlTemplate":"https:\/\/diarioprincipios.com\/?s={search_term_string}"},"query-input":{"@type":"PropertyValueSpecification","valueRequired":true,"valueName":"search_term_string"}}],"inLanguage":"es"},{"@type":"Organization","@id":"https:\/\/diarioprincipios.com\/#organization","name":"Principios","url":"https:\/\/diarioprincipios.com\/","logo":{"@type":"ImageObject","inLanguage":"es","@id":"https:\/\/diarioprincipios.com\/#\/schema\/logo\/image\/","url":"https:\/\/diarioprincipios.com\/wp-content\/uploads\/2024\/04\/cropped-www.diarioprincipios.com_-1.png","contentUrl":"https:\/\/diarioprincipios.com\/wp-content\/uploads\/2024\/04\/cropped-www.diarioprincipios.com_-1.png","width":5325,"height":1454,"caption":"Principios"},"image":{"@id":"https:\/\/diarioprincipios.com\/#\/schema\/logo\/image\/"}},{"@type":"Person","@id":"https:\/\/diarioprincipios.com\/#\/schema\/person\/436d5a1fd41a5e250e23ff5a6a7cb080","name":"Hern\u00e1n L\u00f3pez","image":{"@type":"ImageObject","inLanguage":"es","@id":"https:\/\/diarioprincipios.com\/wp-content\/litespeed\/avatar\/11ddfe5610ff3bd100522525b2571f48.jpg?ver=1777048341","url":"https:\/\/diarioprincipios.com\/wp-content\/litespeed\/avatar\/11ddfe5610ff3bd100522525b2571f48.jpg?ver=1777048341","contentUrl":"https:\/\/diarioprincipios.com\/wp-content\/litespeed\/avatar\/11ddfe5610ff3bd100522525b2571f48.jpg?ver=1777048341","caption":"Hern\u00e1n L\u00f3pez"},"url":"https:\/\/diarioprincipios.com\/index.php\/author\/hernan\/"}]}},"jetpack_featured_media_url":"https:\/\/diarioprincipios.com\/wp-content\/uploads\/2020\/05\/fdc1a39e-0181-40fe-a791-0330b88c659c.jpg","_links":{"self":[{"href":"https:\/\/diarioprincipios.com\/index.php\/wp-json\/wp\/v2\/posts\/1994","targetHints":{"allow":["GET"]}}],"collection":[{"href":"https:\/\/diarioprincipios.com\/index.php\/wp-json\/wp\/v2\/posts"}],"about":[{"href":"https:\/\/diarioprincipios.com\/index.php\/wp-json\/wp\/v2\/types\/post"}],"author":[{"embeddable":true,"href":"https:\/\/diarioprincipios.com\/index.php\/wp-json\/wp\/v2\/users\/2"}],"replies":[{"embeddable":true,"href":"https:\/\/diarioprincipios.com\/index.php\/wp-json\/wp\/v2\/comments?post=1994"}],"version-history":[{"count":1,"href":"https:\/\/diarioprincipios.com\/index.php\/wp-json\/wp\/v2\/posts\/1994\/revisions"}],"predecessor-version":[{"id":1996,"href":"https:\/\/diarioprincipios.com\/index.php\/wp-json\/wp\/v2\/posts\/1994\/revisions\/1996"}],"wp:featuredmedia":[{"embeddable":true,"href":"https:\/\/diarioprincipios.com\/index.php\/wp-json\/wp\/v2\/media\/1995"}],"wp:attachment":[{"href":"https:\/\/diarioprincipios.com\/index.php\/wp-json\/wp\/v2\/media?parent=1994"}],"wp:term":[{"taxonomy":"category","embeddable":true,"href":"https:\/\/diarioprincipios.com\/index.php\/wp-json\/wp\/v2\/categories?post=1994"},{"taxonomy":"post_tag","embeddable":true,"href":"https:\/\/diarioprincipios.com\/index.php\/wp-json\/wp\/v2\/tags?post=1994"}],"curies":[{"name":"wp","href":"https:\/\/api.w.org\/{rel}","templated":true}]}}