{"id":19931,"date":"2023-12-11T18:22:44","date_gmt":"2023-12-11T21:22:44","guid":{"rendered":"http:\/\/diarioprincipios.com\/?p=19931"},"modified":"2023-12-11T18:22:46","modified_gmt":"2023-12-11T21:22:46","slug":"mussi-asumio-su-sexto-mandato-y-juro-por-el-pueblo-de-berazategui","status":"publish","type":"post","link":"https:\/\/diarioprincipios.com\/index.php\/2023\/12\/11\/mussi-asumio-su-sexto-mandato-y-juro-por-el-pueblo-de-berazategui\/","title":{"rendered":"Mussi asumi\u00f3 su sexto mandato y jur\u00f3 por el Pueblo de Berazategui"},"content":{"rendered":"\n<p><strong><em>Adem\u00e1s, juraron los concejales electos<\/em><\/strong><\/p>\n\n\n\n<p><strong>El Jefe comunal, Juan Jos\u00e9 Mussi, asumi\u00f3 su sexto mandato como Intendente. \u201cVamos a seguir defendiendo la educaci\u00f3n y la salud p\u00fablica. No le vamos a poner piedras en el camino a nadie. No somos opositores por ser opositores mismos. Vamos a acompa\u00f1ar lo bueno y a plantarnos ante lo malo. A la oposici\u00f3n de Berazategui le pedimos lo mismo en el \u00e1mbito local\u201d, expres\u00f3 ante cientos de vecinos y vecinas que se acercaron al Honorable Concejo Deliberante (HCD).<\/strong><\/p>\n\n\n\n<figure class=\"wp-block-image size-large\"><img loading=\"lazy\" decoding=\"async\" width=\"1024\" height=\"683\" src=\"https:\/\/diarioprincipios.com\/wp-content\/uploads\/2023\/12\/MUSSI-ASUMIO-SU-SEXTO-MANDATO-Y-JURO-POR-EL-PUEBLO-DE-BERAZATEGUI2-1024x683.jpg\" alt=\"\" class=\"wp-image-19932\" srcset=\"https:\/\/diarioprincipios.com\/wp-content\/uploads\/2023\/12\/MUSSI-ASUMIO-SU-SEXTO-MANDATO-Y-JURO-POR-EL-PUEBLO-DE-BERAZATEGUI2-1024x683.jpg 1024w, https:\/\/diarioprincipios.com\/wp-content\/uploads\/2023\/12\/MUSSI-ASUMIO-SU-SEXTO-MANDATO-Y-JURO-POR-EL-PUEBLO-DE-BERAZATEGUI2-300x200.jpg 300w, https:\/\/diarioprincipios.com\/wp-content\/uploads\/2023\/12\/MUSSI-ASUMIO-SU-SEXTO-MANDATO-Y-JURO-POR-EL-PUEBLO-DE-BERAZATEGUI2-768x512.jpg 768w, https:\/\/diarioprincipios.com\/wp-content\/uploads\/2023\/12\/MUSSI-ASUMIO-SU-SEXTO-MANDATO-Y-JURO-POR-EL-PUEBLO-DE-BERAZATEGUI2-1536x1024.jpg 1536w, https:\/\/diarioprincipios.com\/wp-content\/uploads\/2023\/12\/MUSSI-ASUMIO-SU-SEXTO-MANDATO-Y-JURO-POR-EL-PUEBLO-DE-BERAZATEGUI2.jpg 1920w\" sizes=\"auto, (max-width: 1024px) 100vw, 1024px\" \/><\/figure>\n\n\n\n<p><br>En el mismo sentido, asegur\u00f3: \u201cTodos aquellos que tengan la buena intenci\u00f3n de colaborar van a ser bienvenidos\u201d. \u201cFui candidato de un sector pol\u00edtico; desde hoy soy el Intendente de Berazategui. No tengo el coraz\u00f3n del color t\u00edpico rojo punz\u00f3. Tengo el coraz\u00f3n color naranja\u00bb.<br>Adem\u00e1s, el Jefe comunal se\u00f1al\u00f3: \u201cHace cuatro a\u00f1os dijeron que estaba viejo. Bueno, hoy tengo cuatro a\u00f1os m\u00e1s. Pero recuerden que el viento es viejo, pero sopla. Todo lo que hicimos en Berazategui fue porque soplamos y lo vamos a seguir haciendo, cualquiera sean las circunstancias\u201d, y agreg\u00f3: \u201cEn los momentos f\u00e1ciles est\u00e1n todos; en los dif\u00edciles hay muchos que se borran. Que quede bien claro que yo no me voy a borrar\u201d.<\/p>\n\n\n\n<figure class=\"wp-block-image size-large\"><img loading=\"lazy\" decoding=\"async\" width=\"1024\" height=\"683\" src=\"https:\/\/diarioprincipios.com\/wp-content\/uploads\/2023\/12\/MUSSI-ASUMIO-SU-SEXTO-MANDATO-Y-JURO-POR-EL-PUEBLO-DE-BERAZATEGUI3-1024x683.jpg\" alt=\"\" class=\"wp-image-19933\" srcset=\"https:\/\/diarioprincipios.com\/wp-content\/uploads\/2023\/12\/MUSSI-ASUMIO-SU-SEXTO-MANDATO-Y-JURO-POR-EL-PUEBLO-DE-BERAZATEGUI3-1024x683.jpg 1024w, https:\/\/diarioprincipios.com\/wp-content\/uploads\/2023\/12\/MUSSI-ASUMIO-SU-SEXTO-MANDATO-Y-JURO-POR-EL-PUEBLO-DE-BERAZATEGUI3-300x200.jpg 300w, https:\/\/diarioprincipios.com\/wp-content\/uploads\/2023\/12\/MUSSI-ASUMIO-SU-SEXTO-MANDATO-Y-JURO-POR-EL-PUEBLO-DE-BERAZATEGUI3-768x512.jpg 768w, https:\/\/diarioprincipios.com\/wp-content\/uploads\/2023\/12\/MUSSI-ASUMIO-SU-SEXTO-MANDATO-Y-JURO-POR-EL-PUEBLO-DE-BERAZATEGUI3-1536x1024.jpg 1536w, https:\/\/diarioprincipios.com\/wp-content\/uploads\/2023\/12\/MUSSI-ASUMIO-SU-SEXTO-MANDATO-Y-JURO-POR-EL-PUEBLO-DE-BERAZATEGUI3.jpg 1920w\" sizes=\"auto, (max-width: 1024px) 100vw, 1024px\" \/><\/figure>\n\n\n\n<p><br>Adem\u00e1s, se les tom\u00f3 juramento a las y los 12 concejales titulares electos. Ellos y ellas son, por Uni\u00f3n Por la Patria, Carlos Balor; Mar\u00eda Del Carmen Flores; Federico L\u00f3pez; Luc\u00eda Vega; Mat\u00edas Aguirre; Jennifer Noro y Omar Acosta; por La Libertad Avanza, Ezequiel Troncoso; Rosal\u00eda Garc\u00eda y Rub\u00e9n Romano; y, por Juntos por el Cambio, H\u00e9ctor Ravelo y Sandra Massimino. Asimismo, se les entreg\u00f3 sus diplomas.<\/p>\n","protected":false},"excerpt":{"rendered":"<p>Adem\u00e1s, juraron los concejales electos El Jefe comunal, Juan Jos\u00e9 Mussi, asumi\u00f3 su sexto mandato como Intendente. \u201cVamos a seguir defendiendo la educaci\u00f3n y la salud p\u00fablica. No le vamos a poner piedras en el camino a nadie. No somos opositores por ser opositores mismos. Vamos a acompa\u00f1ar lo bueno y a plantarnos ante lo&#8230;<\/p>\n","protected":false},"author":2,"featured_media":19934,"comment_status":"open","ping_status":"open","sticky":false,"template":"","format":"standard","meta":{"footnotes":""},"categories":[3],"tags":[],"class_list":["post-19931","post","type-post","status-publish","format-standard","has-post-thumbnail","hentry","category-berazategui"],"featured_image_src":"https:\/\/diarioprincipios.com\/wp-content\/uploads\/2023\/12\/MUSSI-ASUMIO-SU-SEXTO-MANDATO-Y-JURO-POR-EL-PUEBLO-DE-BERAZATEGUI1-1024x683.jpg","blog_images":{"medium":"https:\/\/diarioprincipios.com\/wp-content\/uploads\/2023\/12\/MUSSI-ASUMIO-SU-SEXTO-MANDATO-Y-JURO-POR-EL-PUEBLO-DE-BERAZATEGUI1-300x200.jpg","large":"https:\/\/diarioprincipios.com\/wp-content\/uploads\/2023\/12\/MUSSI-ASUMIO-SU-SEXTO-MANDATO-Y-JURO-POR-EL-PUEBLO-DE-BERAZATEGUI1-1024x683.jpg"},"ams_acf":[],"yoast_head":"<!-- This site is optimized with the Yoast SEO plugin v27.3 - https:\/\/yoast.com\/product\/yoast-seo-wordpress\/ -->\n<title>Mussi asumi\u00f3 su sexto mandato y jur\u00f3 por el Pueblo de Berazategui - Principios<\/title>\n<meta name=\"robots\" content=\"index, follow, max-snippet:-1, max-image-preview:large, max-video-preview:-1\" \/>\n<link rel=\"canonical\" href=\"https:\/\/diarioprincipios.com\/index.php\/2023\/12\/11\/mussi-asumio-su-sexto-mandato-y-juro-por-el-pueblo-de-berazategui\/\" \/>\n<meta property=\"og:locale\" content=\"es_ES\" \/>\n<meta property=\"og:type\" content=\"article\" \/>\n<meta property=\"og:title\" content=\"Mussi asumi\u00f3 su sexto mandato y jur\u00f3 por el Pueblo de Berazategui - Principios\" \/>\n<meta property=\"og:description\" content=\"Adem\u00e1s, juraron los concejales electos El Jefe comunal, Juan Jos\u00e9 Mussi, asumi\u00f3 su sexto mandato como Intendente. \u201cVamos a seguir defendiendo la educaci\u00f3n y la salud p\u00fablica. No le vamos a poner piedras en el camino a nadie. No somos opositores por ser opositores mismos. Vamos a acompa\u00f1ar lo bueno y a plantarnos ante lo...\" \/>\n<meta property=\"og:url\" content=\"https:\/\/diarioprincipios.com\/index.php\/2023\/12\/11\/mussi-asumio-su-sexto-mandato-y-juro-por-el-pueblo-de-berazategui\/\" \/>\n<meta property=\"og:site_name\" content=\"Principios\" \/>\n<meta property=\"article:published_time\" content=\"2023-12-11T21:22:44+00:00\" \/>\n<meta property=\"article:modified_time\" content=\"2023-12-11T21:22:46+00:00\" \/>\n<meta property=\"og:image\" content=\"https:\/\/diarioprincipios.com\/wp-content\/uploads\/2023\/12\/MUSSI-ASUMIO-SU-SEXTO-MANDATO-Y-JURO-POR-EL-PUEBLO-DE-BERAZATEGUI1.jpg\" \/>\n\t<meta property=\"og:image:width\" content=\"1920\" \/>\n\t<meta property=\"og:image:height\" content=\"1280\" \/>\n\t<meta property=\"og:image:type\" content=\"image\/jpeg\" \/>\n<meta name=\"author\" content=\"Hern\u00e1n L\u00f3pez\" \/>\n<meta name=\"twitter:card\" content=\"summary_large_image\" \/>\n<meta name=\"twitter:label1\" content=\"Escrito por\" \/>\n\t<meta name=\"twitter:data1\" content=\"Hern\u00e1n L\u00f3pez\" \/>\n\t<meta name=\"twitter:label2\" content=\"Tiempo de lectura\" \/>\n\t<meta name=\"twitter:data2\" content=\"2 minutos\" \/>\n<script type=\"application\/ld+json\" class=\"yoast-schema-graph\">{\"@context\":\"https:\\\/\\\/schema.org\",\"@graph\":[{\"@type\":\"Article\",\"@id\":\"https:\\\/\\\/diarioprincipios.com\\\/index.php\\\/2023\\\/12\\\/11\\\/mussi-asumio-su-sexto-mandato-y-juro-por-el-pueblo-de-berazategui\\\/#article\",\"isPartOf\":{\"@id\":\"https:\\\/\\\/diarioprincipios.com\\\/index.php\\\/2023\\\/12\\\/11\\\/mussi-asumio-su-sexto-mandato-y-juro-por-el-pueblo-de-berazategui\\\/\"},\"author\":{\"name\":\"Hern\u00e1n L\u00f3pez\",\"@id\":\"https:\\\/\\\/diarioprincipios.com\\\/#\\\/schema\\\/person\\\/436d5a1fd41a5e250e23ff5a6a7cb080\"},\"headline\":\"Mussi asumi\u00f3 su sexto mandato y jur\u00f3 por el Pueblo de Berazategui\",\"datePublished\":\"2023-12-11T21:22:44+00:00\",\"dateModified\":\"2023-12-11T21:22:46+00:00\",\"mainEntityOfPage\":{\"@id\":\"https:\\\/\\\/diarioprincipios.com\\\/index.php\\\/2023\\\/12\\\/11\\\/mussi-asumio-su-sexto-mandato-y-juro-por-el-pueblo-de-berazategui\\\/\"},\"wordCount\":308,\"commentCount\":0,\"publisher\":{\"@id\":\"https:\\\/\\\/diarioprincipios.com\\\/#organization\"},\"image\":{\"@id\":\"https:\\\/\\\/diarioprincipios.com\\\/index.php\\\/2023\\\/12\\\/11\\\/mussi-asumio-su-sexto-mandato-y-juro-por-el-pueblo-de-berazategui\\\/#primaryimage\"},\"thumbnailUrl\":\"https:\\\/\\\/diarioprincipios.com\\\/wp-content\\\/uploads\\\/2023\\\/12\\\/MUSSI-ASUMIO-SU-SEXTO-MANDATO-Y-JURO-POR-EL-PUEBLO-DE-BERAZATEGUI1.jpg\",\"articleSection\":[\"Berazategui\"],\"inLanguage\":\"es\",\"potentialAction\":[{\"@type\":\"CommentAction\",\"name\":\"Comment\",\"target\":[\"https:\\\/\\\/diarioprincipios.com\\\/index.php\\\/2023\\\/12\\\/11\\\/mussi-asumio-su-sexto-mandato-y-juro-por-el-pueblo-de-berazategui\\\/#respond\"]}]},{\"@type\":\"WebPage\",\"@id\":\"https:\\\/\\\/diarioprincipios.com\\\/index.php\\\/2023\\\/12\\\/11\\\/mussi-asumio-su-sexto-mandato-y-juro-por-el-pueblo-de-berazategui\\\/\",\"url\":\"https:\\\/\\\/diarioprincipios.com\\\/index.php\\\/2023\\\/12\\\/11\\\/mussi-asumio-su-sexto-mandato-y-juro-por-el-pueblo-de-berazategui\\\/\",\"name\":\"Mussi asumi\u00f3 su sexto mandato y jur\u00f3 por el Pueblo de Berazategui - Principios\",\"isPartOf\":{\"@id\":\"https:\\\/\\\/diarioprincipios.com\\\/#website\"},\"primaryImageOfPage\":{\"@id\":\"https:\\\/\\\/diarioprincipios.com\\\/index.php\\\/2023\\\/12\\\/11\\\/mussi-asumio-su-sexto-mandato-y-juro-por-el-pueblo-de-berazategui\\\/#primaryimage\"},\"image\":{\"@id\":\"https:\\\/\\\/diarioprincipios.com\\\/index.php\\\/2023\\\/12\\\/11\\\/mussi-asumio-su-sexto-mandato-y-juro-por-el-pueblo-de-berazategui\\\/#primaryimage\"},\"thumbnailUrl\":\"https:\\\/\\\/diarioprincipios.com\\\/wp-content\\\/uploads\\\/2023\\\/12\\\/MUSSI-ASUMIO-SU-SEXTO-MANDATO-Y-JURO-POR-EL-PUEBLO-DE-BERAZATEGUI1.jpg\",\"datePublished\":\"2023-12-11T21:22:44+00:00\",\"dateModified\":\"2023-12-11T21:22:46+00:00\",\"breadcrumb\":{\"@id\":\"https:\\\/\\\/diarioprincipios.com\\\/index.php\\\/2023\\\/12\\\/11\\\/mussi-asumio-su-sexto-mandato-y-juro-por-el-pueblo-de-berazategui\\\/#breadcrumb\"},\"inLanguage\":\"es\",\"potentialAction\":[{\"@type\":\"ReadAction\",\"target\":[\"https:\\\/\\\/diarioprincipios.com\\\/index.php\\\/2023\\\/12\\\/11\\\/mussi-asumio-su-sexto-mandato-y-juro-por-el-pueblo-de-berazategui\\\/\"]}]},{\"@type\":\"ImageObject\",\"inLanguage\":\"es\",\"@id\":\"https:\\\/\\\/diarioprincipios.com\\\/index.php\\\/2023\\\/12\\\/11\\\/mussi-asumio-su-sexto-mandato-y-juro-por-el-pueblo-de-berazategui\\\/#primaryimage\",\"url\":\"https:\\\/\\\/diarioprincipios.com\\\/wp-content\\\/uploads\\\/2023\\\/12\\\/MUSSI-ASUMIO-SU-SEXTO-MANDATO-Y-JURO-POR-EL-PUEBLO-DE-BERAZATEGUI1.jpg\",\"contentUrl\":\"https:\\\/\\\/diarioprincipios.com\\\/wp-content\\\/uploads\\\/2023\\\/12\\\/MUSSI-ASUMIO-SU-SEXTO-MANDATO-Y-JURO-POR-EL-PUEBLO-DE-BERAZATEGUI1.jpg\",\"width\":1920,\"height\":1280},{\"@type\":\"BreadcrumbList\",\"@id\":\"https:\\\/\\\/diarioprincipios.com\\\/index.php\\\/2023\\\/12\\\/11\\\/mussi-asumio-su-sexto-mandato-y-juro-por-el-pueblo-de-berazategui\\\/#breadcrumb\",\"itemListElement\":[{\"@type\":\"ListItem\",\"position\":1,\"name\":\"Portada\",\"item\":\"https:\\\/\\\/diarioprincipios.com\\\/\"},{\"@type\":\"ListItem\",\"position\":2,\"name\":\"Mussi asumi\u00f3 su sexto mandato y jur\u00f3 por el Pueblo de Berazategui\"}]},{\"@type\":\"WebSite\",\"@id\":\"https:\\\/\\\/diarioprincipios.com\\\/#website\",\"url\":\"https:\\\/\\\/diarioprincipios.com\\\/\",\"name\":\"Principios\",\"description\":\"Principios Diario\",\"publisher\":{\"@id\":\"https:\\\/\\\/diarioprincipios.com\\\/#organization\"},\"potentialAction\":[{\"@type\":\"SearchAction\",\"target\":{\"@type\":\"EntryPoint\",\"urlTemplate\":\"https:\\\/\\\/diarioprincipios.com\\\/?s={search_term_string}\"},\"query-input\":{\"@type\":\"PropertyValueSpecification\",\"valueRequired\":true,\"valueName\":\"search_term_string\"}}],\"inLanguage\":\"es\"},{\"@type\":\"Organization\",\"@id\":\"https:\\\/\\\/diarioprincipios.com\\\/#organization\",\"name\":\"Principios\",\"url\":\"https:\\\/\\\/diarioprincipios.com\\\/\",\"logo\":{\"@type\":\"ImageObject\",\"inLanguage\":\"es\",\"@id\":\"https:\\\/\\\/diarioprincipios.com\\\/#\\\/schema\\\/logo\\\/image\\\/\",\"url\":\"https:\\\/\\\/diarioprincipios.com\\\/wp-content\\\/uploads\\\/2024\\\/04\\\/cropped-www.diarioprincipios.com_-1.png\",\"contentUrl\":\"https:\\\/\\\/diarioprincipios.com\\\/wp-content\\\/uploads\\\/2024\\\/04\\\/cropped-www.diarioprincipios.com_-1.png\",\"width\":5325,\"height\":1454,\"caption\":\"Principios\"},\"image\":{\"@id\":\"https:\\\/\\\/diarioprincipios.com\\\/#\\\/schema\\\/logo\\\/image\\\/\"}},{\"@type\":\"Person\",\"@id\":\"https:\\\/\\\/diarioprincipios.com\\\/#\\\/schema\\\/person\\\/436d5a1fd41a5e250e23ff5a6a7cb080\",\"name\":\"Hern\u00e1n L\u00f3pez\",\"image\":{\"@type\":\"ImageObject\",\"inLanguage\":\"es\",\"@id\":\"https:\\\/\\\/diarioprincipios.com\\\/wp-content\\\/litespeed\\\/avatar\\\/11ddfe5610ff3bd100522525b2571f48.jpg?ver=1777653193\",\"url\":\"https:\\\/\\\/diarioprincipios.com\\\/wp-content\\\/litespeed\\\/avatar\\\/11ddfe5610ff3bd100522525b2571f48.jpg?ver=1777653193\",\"contentUrl\":\"https:\\\/\\\/diarioprincipios.com\\\/wp-content\\\/litespeed\\\/avatar\\\/11ddfe5610ff3bd100522525b2571f48.jpg?ver=1777653193\",\"caption\":\"Hern\u00e1n L\u00f3pez\"},\"url\":\"https:\\\/\\\/diarioprincipios.com\\\/index.php\\\/author\\\/hernan\\\/\"}]}<\/script>\n<!-- \/ Yoast SEO plugin. -->","yoast_head_json":{"title":"Mussi asumi\u00f3 su sexto mandato y jur\u00f3 por el Pueblo de Berazategui - Principios","robots":{"index":"index","follow":"follow","max-snippet":"max-snippet:-1","max-image-preview":"max-image-preview:large","max-video-preview":"max-video-preview:-1"},"canonical":"https:\/\/diarioprincipios.com\/index.php\/2023\/12\/11\/mussi-asumio-su-sexto-mandato-y-juro-por-el-pueblo-de-berazategui\/","og_locale":"es_ES","og_type":"article","og_title":"Mussi asumi\u00f3 su sexto mandato y jur\u00f3 por el Pueblo de Berazategui - Principios","og_description":"Adem\u00e1s, juraron los concejales electos El Jefe comunal, Juan Jos\u00e9 Mussi, asumi\u00f3 su sexto mandato como Intendente. \u201cVamos a seguir defendiendo la educaci\u00f3n y la salud p\u00fablica. No le vamos a poner piedras en el camino a nadie. No somos opositores por ser opositores mismos. Vamos a acompa\u00f1ar lo bueno y a plantarnos ante lo...","og_url":"https:\/\/diarioprincipios.com\/index.php\/2023\/12\/11\/mussi-asumio-su-sexto-mandato-y-juro-por-el-pueblo-de-berazategui\/","og_site_name":"Principios","article_published_time":"2023-12-11T21:22:44+00:00","article_modified_time":"2023-12-11T21:22:46+00:00","og_image":[{"width":1920,"height":1280,"url":"https:\/\/diarioprincipios.com\/wp-content\/uploads\/2023\/12\/MUSSI-ASUMIO-SU-SEXTO-MANDATO-Y-JURO-POR-EL-PUEBLO-DE-BERAZATEGUI1.jpg","type":"image\/jpeg"}],"author":"Hern\u00e1n L\u00f3pez","twitter_card":"summary_large_image","twitter_misc":{"Escrito por":"Hern\u00e1n L\u00f3pez","Tiempo de lectura":"2 minutos"},"schema":{"@context":"https:\/\/schema.org","@graph":[{"@type":"Article","@id":"https:\/\/diarioprincipios.com\/index.php\/2023\/12\/11\/mussi-asumio-su-sexto-mandato-y-juro-por-el-pueblo-de-berazategui\/#article","isPartOf":{"@id":"https:\/\/diarioprincipios.com\/index.php\/2023\/12\/11\/mussi-asumio-su-sexto-mandato-y-juro-por-el-pueblo-de-berazategui\/"},"author":{"name":"Hern\u00e1n L\u00f3pez","@id":"https:\/\/diarioprincipios.com\/#\/schema\/person\/436d5a1fd41a5e250e23ff5a6a7cb080"},"headline":"Mussi asumi\u00f3 su sexto mandato y jur\u00f3 por el Pueblo de Berazategui","datePublished":"2023-12-11T21:22:44+00:00","dateModified":"2023-12-11T21:22:46+00:00","mainEntityOfPage":{"@id":"https:\/\/diarioprincipios.com\/index.php\/2023\/12\/11\/mussi-asumio-su-sexto-mandato-y-juro-por-el-pueblo-de-berazategui\/"},"wordCount":308,"commentCount":0,"publisher":{"@id":"https:\/\/diarioprincipios.com\/#organization"},"image":{"@id":"https:\/\/diarioprincipios.com\/index.php\/2023\/12\/11\/mussi-asumio-su-sexto-mandato-y-juro-por-el-pueblo-de-berazategui\/#primaryimage"},"thumbnailUrl":"https:\/\/diarioprincipios.com\/wp-content\/uploads\/2023\/12\/MUSSI-ASUMIO-SU-SEXTO-MANDATO-Y-JURO-POR-EL-PUEBLO-DE-BERAZATEGUI1.jpg","articleSection":["Berazategui"],"inLanguage":"es","potentialAction":[{"@type":"CommentAction","name":"Comment","target":["https:\/\/diarioprincipios.com\/index.php\/2023\/12\/11\/mussi-asumio-su-sexto-mandato-y-juro-por-el-pueblo-de-berazategui\/#respond"]}]},{"@type":"WebPage","@id":"https:\/\/diarioprincipios.com\/index.php\/2023\/12\/11\/mussi-asumio-su-sexto-mandato-y-juro-por-el-pueblo-de-berazategui\/","url":"https:\/\/diarioprincipios.com\/index.php\/2023\/12\/11\/mussi-asumio-su-sexto-mandato-y-juro-por-el-pueblo-de-berazategui\/","name":"Mussi asumi\u00f3 su sexto mandato y jur\u00f3 por el Pueblo de Berazategui - Principios","isPartOf":{"@id":"https:\/\/diarioprincipios.com\/#website"},"primaryImageOfPage":{"@id":"https:\/\/diarioprincipios.com\/index.php\/2023\/12\/11\/mussi-asumio-su-sexto-mandato-y-juro-por-el-pueblo-de-berazategui\/#primaryimage"},"image":{"@id":"https:\/\/diarioprincipios.com\/index.php\/2023\/12\/11\/mussi-asumio-su-sexto-mandato-y-juro-por-el-pueblo-de-berazategui\/#primaryimage"},"thumbnailUrl":"https:\/\/diarioprincipios.com\/wp-content\/uploads\/2023\/12\/MUSSI-ASUMIO-SU-SEXTO-MANDATO-Y-JURO-POR-EL-PUEBLO-DE-BERAZATEGUI1.jpg","datePublished":"2023-12-11T21:22:44+00:00","dateModified":"2023-12-11T21:22:46+00:00","breadcrumb":{"@id":"https:\/\/diarioprincipios.com\/index.php\/2023\/12\/11\/mussi-asumio-su-sexto-mandato-y-juro-por-el-pueblo-de-berazategui\/#breadcrumb"},"inLanguage":"es","potentialAction":[{"@type":"ReadAction","target":["https:\/\/diarioprincipios.com\/index.php\/2023\/12\/11\/mussi-asumio-su-sexto-mandato-y-juro-por-el-pueblo-de-berazategui\/"]}]},{"@type":"ImageObject","inLanguage":"es","@id":"https:\/\/diarioprincipios.com\/index.php\/2023\/12\/11\/mussi-asumio-su-sexto-mandato-y-juro-por-el-pueblo-de-berazategui\/#primaryimage","url":"https:\/\/diarioprincipios.com\/wp-content\/uploads\/2023\/12\/MUSSI-ASUMIO-SU-SEXTO-MANDATO-Y-JURO-POR-EL-PUEBLO-DE-BERAZATEGUI1.jpg","contentUrl":"https:\/\/diarioprincipios.com\/wp-content\/uploads\/2023\/12\/MUSSI-ASUMIO-SU-SEXTO-MANDATO-Y-JURO-POR-EL-PUEBLO-DE-BERAZATEGUI1.jpg","width":1920,"height":1280},{"@type":"BreadcrumbList","@id":"https:\/\/diarioprincipios.com\/index.php\/2023\/12\/11\/mussi-asumio-su-sexto-mandato-y-juro-por-el-pueblo-de-berazategui\/#breadcrumb","itemListElement":[{"@type":"ListItem","position":1,"name":"Portada","item":"https:\/\/diarioprincipios.com\/"},{"@type":"ListItem","position":2,"name":"Mussi asumi\u00f3 su sexto mandato y jur\u00f3 por el Pueblo de Berazategui"}]},{"@type":"WebSite","@id":"https:\/\/diarioprincipios.com\/#website","url":"https:\/\/diarioprincipios.com\/","name":"Principios","description":"Principios Diario","publisher":{"@id":"https:\/\/diarioprincipios.com\/#organization"},"potentialAction":[{"@type":"SearchAction","target":{"@type":"EntryPoint","urlTemplate":"https:\/\/diarioprincipios.com\/?s={search_term_string}"},"query-input":{"@type":"PropertyValueSpecification","valueRequired":true,"valueName":"search_term_string"}}],"inLanguage":"es"},{"@type":"Organization","@id":"https:\/\/diarioprincipios.com\/#organization","name":"Principios","url":"https:\/\/diarioprincipios.com\/","logo":{"@type":"ImageObject","inLanguage":"es","@id":"https:\/\/diarioprincipios.com\/#\/schema\/logo\/image\/","url":"https:\/\/diarioprincipios.com\/wp-content\/uploads\/2024\/04\/cropped-www.diarioprincipios.com_-1.png","contentUrl":"https:\/\/diarioprincipios.com\/wp-content\/uploads\/2024\/04\/cropped-www.diarioprincipios.com_-1.png","width":5325,"height":1454,"caption":"Principios"},"image":{"@id":"https:\/\/diarioprincipios.com\/#\/schema\/logo\/image\/"}},{"@type":"Person","@id":"https:\/\/diarioprincipios.com\/#\/schema\/person\/436d5a1fd41a5e250e23ff5a6a7cb080","name":"Hern\u00e1n L\u00f3pez","image":{"@type":"ImageObject","inLanguage":"es","@id":"https:\/\/diarioprincipios.com\/wp-content\/litespeed\/avatar\/11ddfe5610ff3bd100522525b2571f48.jpg?ver=1777653193","url":"https:\/\/diarioprincipios.com\/wp-content\/litespeed\/avatar\/11ddfe5610ff3bd100522525b2571f48.jpg?ver=1777653193","contentUrl":"https:\/\/diarioprincipios.com\/wp-content\/litespeed\/avatar\/11ddfe5610ff3bd100522525b2571f48.jpg?ver=1777653193","caption":"Hern\u00e1n L\u00f3pez"},"url":"https:\/\/diarioprincipios.com\/index.php\/author\/hernan\/"}]}},"jetpack_featured_media_url":"https:\/\/diarioprincipios.com\/wp-content\/uploads\/2023\/12\/MUSSI-ASUMIO-SU-SEXTO-MANDATO-Y-JURO-POR-EL-PUEBLO-DE-BERAZATEGUI1.jpg","_links":{"self":[{"href":"https:\/\/diarioprincipios.com\/index.php\/wp-json\/wp\/v2\/posts\/19931","targetHints":{"allow":["GET"]}}],"collection":[{"href":"https:\/\/diarioprincipios.com\/index.php\/wp-json\/wp\/v2\/posts"}],"about":[{"href":"https:\/\/diarioprincipios.com\/index.php\/wp-json\/wp\/v2\/types\/post"}],"author":[{"embeddable":true,"href":"https:\/\/diarioprincipios.com\/index.php\/wp-json\/wp\/v2\/users\/2"}],"replies":[{"embeddable":true,"href":"https:\/\/diarioprincipios.com\/index.php\/wp-json\/wp\/v2\/comments?post=19931"}],"version-history":[{"count":1,"href":"https:\/\/diarioprincipios.com\/index.php\/wp-json\/wp\/v2\/posts\/19931\/revisions"}],"predecessor-version":[{"id":19935,"href":"https:\/\/diarioprincipios.com\/index.php\/wp-json\/wp\/v2\/posts\/19931\/revisions\/19935"}],"wp:featuredmedia":[{"embeddable":true,"href":"https:\/\/diarioprincipios.com\/index.php\/wp-json\/wp\/v2\/media\/19934"}],"wp:attachment":[{"href":"https:\/\/diarioprincipios.com\/index.php\/wp-json\/wp\/v2\/media?parent=19931"}],"wp:term":[{"taxonomy":"category","embeddable":true,"href":"https:\/\/diarioprincipios.com\/index.php\/wp-json\/wp\/v2\/categories?post=19931"},{"taxonomy":"post_tag","embeddable":true,"href":"https:\/\/diarioprincipios.com\/index.php\/wp-json\/wp\/v2\/tags?post=19931"}],"curies":[{"name":"wp","href":"https:\/\/api.w.org\/{rel}","templated":true}]}}