{"id":1990,"date":"2020-05-22T14:45:18","date_gmt":"2020-05-22T17:45:18","guid":{"rendered":"http:\/\/diarioprincipios.com\/?p=1990"},"modified":"2020-05-22T14:45:21","modified_gmt":"2020-05-22T17:45:21","slug":"trabajadores-exceptuados-deberan-reempadronarse-para-circular","status":"publish","type":"post","link":"https:\/\/diarioprincipios.com\/index.php\/2020\/05\/22\/trabajadores-exceptuados-deberan-reempadronarse-para-circular\/","title":{"rendered":"Trabajadores exceptuados deber\u00e1n reempadronarse para circular"},"content":{"rendered":"\n<p>El ministro de Transporte, Mario Meoni, ratific\u00f3 hoy que los trabajadores exceptuados del aislamiento social obligatorio deber\u00e1n volver a tramitar el permiso para circular y que con esta medida se procurar\u00e1 disminuir el movimiento de gente a lo estrictamente necesario.<\/p>\n\n\n\n<p>\u00abVa a a ser necesario el reempadronamiento de los trabajadores exceptuados\u00bb, dijo Meoni en di\u00e1logo con TN y justific\u00f3 esta decisi\u00f3n en la necesidad de lograr que \u00abla gente solo salga cuando es necesario\u00bb, al tiempo que cuestion\u00f3 que \u201chay personas que no cumplen con la responsabilidad de quedarse en cuarentena\u00bb.<\/p>\n\n\n\n<p>El ministro destac\u00f3 que actualmente hay ocho millones de permisos para circular en el pa\u00eds, de los cuales la mitad corresponden al \u00c1rea Metropolitana de Buenos Aires (AMBA), por lo que \u201cse est\u00e1 unificando el sistema de control\u00bb.<\/p>\n\n\n\n<p>No obstante, aclar\u00f3 que todos los que cuentan con el permiso por ser trabajadores esenciales o empleados de comercios de cercan\u00eda ser\u00e1n nuevamente habilitados y en este sentido se\u00f1al\u00f3 que se \u00abintensificar\u00e1n los controles\u00bb en los accesos para disminuir la circulaci\u00f3n entre la Ciudad y la provincia de Buenos Aires, con lo que se busca \u201cevitar que las personas transporten el virus de un distrito al otro\u00bb.<\/p>\n\n\n\n<p>Por otro lado, en declaraciones radiales, Meoni anticip\u00f3 que en el nuevo certificado se va a poder \u201cregistrar un n\u00famero de SUBE, con la cual se va a poder viajar autom\u00e1ticamente\u201d, aunque aclar\u00f3 que \u201caquel que por un caso de fuerza mayor deba viajar en el transporte p\u00fablico, lo va a poder hacer tambi\u00e9n\u201d.<\/p>\n\n\n\n<p>\u201cLo que no se puede hacer es bloquear todas las otras tarjetas SUBE e impedir de esa manera que cuando alguien tenga que ir a un hospital o a atender alg\u00fan caso de fuerza mayor, no se pueda subir a un colectivo o un tren\u201d, detall\u00f3.<\/p>\n\n\n\n<p>El ministro sostuvo que \u201cesto nos va a permitir tambi\u00e9n elaborar una estad\u00edstica de cu\u00e1ntas personas no exceptuadas deben viajar en el transporte p\u00fablico y poder tomar medidas a futuro\u201d.<\/p>\n","protected":false},"excerpt":{"rendered":"<p>El ministro de Transporte, Mario Meoni, ratific\u00f3 hoy que los trabajadores exceptuados del aislamiento social obligatorio deber\u00e1n volver a tramitar el permiso para circular y que con esta medida se procurar\u00e1 disminuir el movimiento de gente a lo estrictamente necesario. \u00abVa a a ser necesario el reempadronamiento de los trabajadores exceptuados\u00bb, dijo Meoni en di\u00e1logo&#8230;<\/p>\n","protected":false},"author":2,"featured_media":1991,"comment_status":"open","ping_status":"open","sticky":false,"template":"","format":"standard","meta":{"footnotes":""},"categories":[10],"tags":[],"class_list":["post-1990","post","type-post","status-publish","format-standard","has-post-thumbnail","hentry","category-nacion"],"featured_image_src":"https:\/\/diarioprincipios.com\/wp-content\/uploads\/2020\/05\/descarga-1.jpeg","blog_images":{"medium":"https:\/\/diarioprincipios.com\/wp-content\/uploads\/2020\/05\/descarga-1.jpeg","large":"https:\/\/diarioprincipios.com\/wp-content\/uploads\/2020\/05\/descarga-1.jpeg"},"ams_acf":[],"yoast_head":"<!-- This site is optimized with the Yoast SEO plugin v27.3 - https:\/\/yoast.com\/product\/yoast-seo-wordpress\/ -->\n<title>Trabajadores exceptuados deber\u00e1n reempadronarse para circular - Principios<\/title>\n<meta name=\"robots\" content=\"index, follow, max-snippet:-1, max-image-preview:large, max-video-preview:-1\" \/>\n<link rel=\"canonical\" href=\"https:\/\/diarioprincipios.com\/index.php\/2020\/05\/22\/trabajadores-exceptuados-deberan-reempadronarse-para-circular\/\" \/>\n<meta property=\"og:locale\" content=\"es_ES\" \/>\n<meta property=\"og:type\" content=\"article\" \/>\n<meta property=\"og:title\" content=\"Trabajadores exceptuados deber\u00e1n reempadronarse para circular - Principios\" \/>\n<meta property=\"og:description\" content=\"El ministro de Transporte, Mario Meoni, ratific\u00f3 hoy que los trabajadores exceptuados del aislamiento social obligatorio deber\u00e1n volver a tramitar el permiso para circular y que con esta medida se procurar\u00e1 disminuir el movimiento de gente a lo estrictamente necesario. \u00abVa a a ser necesario el reempadronamiento de los trabajadores exceptuados\u00bb, dijo Meoni en di\u00e1logo...\" \/>\n<meta property=\"og:url\" content=\"https:\/\/diarioprincipios.com\/index.php\/2020\/05\/22\/trabajadores-exceptuados-deberan-reempadronarse-para-circular\/\" \/>\n<meta property=\"og:site_name\" content=\"Principios\" \/>\n<meta property=\"article:published_time\" content=\"2020-05-22T17:45:18+00:00\" \/>\n<meta property=\"article:modified_time\" content=\"2020-05-22T17:45:21+00:00\" \/>\n<meta property=\"og:image\" content=\"https:\/\/diarioprincipios.com\/wp-content\/uploads\/2020\/05\/descarga-1.jpeg\" \/>\n\t<meta property=\"og:image:width\" content=\"299\" \/>\n\t<meta property=\"og:image:height\" content=\"168\" \/>\n\t<meta property=\"og:image:type\" content=\"image\/jpeg\" \/>\n<meta name=\"author\" content=\"Hern\u00e1n L\u00f3pez\" \/>\n<meta name=\"twitter:card\" content=\"summary_large_image\" \/>\n<meta name=\"twitter:label1\" content=\"Escrito por\" \/>\n\t<meta name=\"twitter:data1\" content=\"Hern\u00e1n L\u00f3pez\" \/>\n\t<meta name=\"twitter:label2\" content=\"Tiempo de lectura\" \/>\n\t<meta name=\"twitter:data2\" content=\"2 minutos\" \/>\n<script type=\"application\/ld+json\" class=\"yoast-schema-graph\">{\"@context\":\"https:\\\/\\\/schema.org\",\"@graph\":[{\"@type\":\"Article\",\"@id\":\"https:\\\/\\\/diarioprincipios.com\\\/index.php\\\/2020\\\/05\\\/22\\\/trabajadores-exceptuados-deberan-reempadronarse-para-circular\\\/#article\",\"isPartOf\":{\"@id\":\"https:\\\/\\\/diarioprincipios.com\\\/index.php\\\/2020\\\/05\\\/22\\\/trabajadores-exceptuados-deberan-reempadronarse-para-circular\\\/\"},\"author\":{\"name\":\"Hern\u00e1n L\u00f3pez\",\"@id\":\"https:\\\/\\\/diarioprincipios.com\\\/#\\\/schema\\\/person\\\/436d5a1fd41a5e250e23ff5a6a7cb080\"},\"headline\":\"Trabajadores exceptuados deber\u00e1n reempadronarse para circular\",\"datePublished\":\"2020-05-22T17:45:18+00:00\",\"dateModified\":\"2020-05-22T17:45:21+00:00\",\"mainEntityOfPage\":{\"@id\":\"https:\\\/\\\/diarioprincipios.com\\\/index.php\\\/2020\\\/05\\\/22\\\/trabajadores-exceptuados-deberan-reempadronarse-para-circular\\\/\"},\"wordCount\":351,\"commentCount\":0,\"publisher\":{\"@id\":\"https:\\\/\\\/diarioprincipios.com\\\/#organization\"},\"image\":{\"@id\":\"https:\\\/\\\/diarioprincipios.com\\\/index.php\\\/2020\\\/05\\\/22\\\/trabajadores-exceptuados-deberan-reempadronarse-para-circular\\\/#primaryimage\"},\"thumbnailUrl\":\"https:\\\/\\\/diarioprincipios.com\\\/wp-content\\\/uploads\\\/2020\\\/05\\\/descarga-1.jpeg\",\"articleSection\":[\"Naci\u00f3n\"],\"inLanguage\":\"es\",\"potentialAction\":[{\"@type\":\"CommentAction\",\"name\":\"Comment\",\"target\":[\"https:\\\/\\\/diarioprincipios.com\\\/index.php\\\/2020\\\/05\\\/22\\\/trabajadores-exceptuados-deberan-reempadronarse-para-circular\\\/#respond\"]}]},{\"@type\":\"WebPage\",\"@id\":\"https:\\\/\\\/diarioprincipios.com\\\/index.php\\\/2020\\\/05\\\/22\\\/trabajadores-exceptuados-deberan-reempadronarse-para-circular\\\/\",\"url\":\"https:\\\/\\\/diarioprincipios.com\\\/index.php\\\/2020\\\/05\\\/22\\\/trabajadores-exceptuados-deberan-reempadronarse-para-circular\\\/\",\"name\":\"Trabajadores exceptuados deber\u00e1n reempadronarse para circular - Principios\",\"isPartOf\":{\"@id\":\"https:\\\/\\\/diarioprincipios.com\\\/#website\"},\"primaryImageOfPage\":{\"@id\":\"https:\\\/\\\/diarioprincipios.com\\\/index.php\\\/2020\\\/05\\\/22\\\/trabajadores-exceptuados-deberan-reempadronarse-para-circular\\\/#primaryimage\"},\"image\":{\"@id\":\"https:\\\/\\\/diarioprincipios.com\\\/index.php\\\/2020\\\/05\\\/22\\\/trabajadores-exceptuados-deberan-reempadronarse-para-circular\\\/#primaryimage\"},\"thumbnailUrl\":\"https:\\\/\\\/diarioprincipios.com\\\/wp-content\\\/uploads\\\/2020\\\/05\\\/descarga-1.jpeg\",\"datePublished\":\"2020-05-22T17:45:18+00:00\",\"dateModified\":\"2020-05-22T17:45:21+00:00\",\"breadcrumb\":{\"@id\":\"https:\\\/\\\/diarioprincipios.com\\\/index.php\\\/2020\\\/05\\\/22\\\/trabajadores-exceptuados-deberan-reempadronarse-para-circular\\\/#breadcrumb\"},\"inLanguage\":\"es\",\"potentialAction\":[{\"@type\":\"ReadAction\",\"target\":[\"https:\\\/\\\/diarioprincipios.com\\\/index.php\\\/2020\\\/05\\\/22\\\/trabajadores-exceptuados-deberan-reempadronarse-para-circular\\\/\"]}]},{\"@type\":\"ImageObject\",\"inLanguage\":\"es\",\"@id\":\"https:\\\/\\\/diarioprincipios.com\\\/index.php\\\/2020\\\/05\\\/22\\\/trabajadores-exceptuados-deberan-reempadronarse-para-circular\\\/#primaryimage\",\"url\":\"https:\\\/\\\/diarioprincipios.com\\\/wp-content\\\/uploads\\\/2020\\\/05\\\/descarga-1.jpeg\",\"contentUrl\":\"https:\\\/\\\/diarioprincipios.com\\\/wp-content\\\/uploads\\\/2020\\\/05\\\/descarga-1.jpeg\",\"width\":299,\"height\":168},{\"@type\":\"BreadcrumbList\",\"@id\":\"https:\\\/\\\/diarioprincipios.com\\\/index.php\\\/2020\\\/05\\\/22\\\/trabajadores-exceptuados-deberan-reempadronarse-para-circular\\\/#breadcrumb\",\"itemListElement\":[{\"@type\":\"ListItem\",\"position\":1,\"name\":\"Portada\",\"item\":\"https:\\\/\\\/diarioprincipios.com\\\/\"},{\"@type\":\"ListItem\",\"position\":2,\"name\":\"Trabajadores exceptuados deber\u00e1n reempadronarse para circular\"}]},{\"@type\":\"WebSite\",\"@id\":\"https:\\\/\\\/diarioprincipios.com\\\/#website\",\"url\":\"https:\\\/\\\/diarioprincipios.com\\\/\",\"name\":\"Principios\",\"description\":\"Principios Diario\",\"publisher\":{\"@id\":\"https:\\\/\\\/diarioprincipios.com\\\/#organization\"},\"potentialAction\":[{\"@type\":\"SearchAction\",\"target\":{\"@type\":\"EntryPoint\",\"urlTemplate\":\"https:\\\/\\\/diarioprincipios.com\\\/?s={search_term_string}\"},\"query-input\":{\"@type\":\"PropertyValueSpecification\",\"valueRequired\":true,\"valueName\":\"search_term_string\"}}],\"inLanguage\":\"es\"},{\"@type\":\"Organization\",\"@id\":\"https:\\\/\\\/diarioprincipios.com\\\/#organization\",\"name\":\"Principios\",\"url\":\"https:\\\/\\\/diarioprincipios.com\\\/\",\"logo\":{\"@type\":\"ImageObject\",\"inLanguage\":\"es\",\"@id\":\"https:\\\/\\\/diarioprincipios.com\\\/#\\\/schema\\\/logo\\\/image\\\/\",\"url\":\"https:\\\/\\\/diarioprincipios.com\\\/wp-content\\\/uploads\\\/2024\\\/04\\\/cropped-www.diarioprincipios.com_-1.png\",\"contentUrl\":\"https:\\\/\\\/diarioprincipios.com\\\/wp-content\\\/uploads\\\/2024\\\/04\\\/cropped-www.diarioprincipios.com_-1.png\",\"width\":5325,\"height\":1454,\"caption\":\"Principios\"},\"image\":{\"@id\":\"https:\\\/\\\/diarioprincipios.com\\\/#\\\/schema\\\/logo\\\/image\\\/\"}},{\"@type\":\"Person\",\"@id\":\"https:\\\/\\\/diarioprincipios.com\\\/#\\\/schema\\\/person\\\/436d5a1fd41a5e250e23ff5a6a7cb080\",\"name\":\"Hern\u00e1n L\u00f3pez\",\"image\":{\"@type\":\"ImageObject\",\"inLanguage\":\"es\",\"@id\":\"https:\\\/\\\/diarioprincipios.com\\\/wp-content\\\/litespeed\\\/avatar\\\/11ddfe5610ff3bd100522525b2571f48.jpg?ver=1777653193\",\"url\":\"https:\\\/\\\/diarioprincipios.com\\\/wp-content\\\/litespeed\\\/avatar\\\/11ddfe5610ff3bd100522525b2571f48.jpg?ver=1777653193\",\"contentUrl\":\"https:\\\/\\\/diarioprincipios.com\\\/wp-content\\\/litespeed\\\/avatar\\\/11ddfe5610ff3bd100522525b2571f48.jpg?ver=1777653193\",\"caption\":\"Hern\u00e1n L\u00f3pez\"},\"url\":\"https:\\\/\\\/diarioprincipios.com\\\/index.php\\\/author\\\/hernan\\\/\"}]}<\/script>\n<!-- \/ Yoast SEO plugin. -->","yoast_head_json":{"title":"Trabajadores exceptuados deber\u00e1n reempadronarse para circular - Principios","robots":{"index":"index","follow":"follow","max-snippet":"max-snippet:-1","max-image-preview":"max-image-preview:large","max-video-preview":"max-video-preview:-1"},"canonical":"https:\/\/diarioprincipios.com\/index.php\/2020\/05\/22\/trabajadores-exceptuados-deberan-reempadronarse-para-circular\/","og_locale":"es_ES","og_type":"article","og_title":"Trabajadores exceptuados deber\u00e1n reempadronarse para circular - Principios","og_description":"El ministro de Transporte, Mario Meoni, ratific\u00f3 hoy que los trabajadores exceptuados del aislamiento social obligatorio deber\u00e1n volver a tramitar el permiso para circular y que con esta medida se procurar\u00e1 disminuir el movimiento de gente a lo estrictamente necesario. \u00abVa a a ser necesario el reempadronamiento de los trabajadores exceptuados\u00bb, dijo Meoni en di\u00e1logo...","og_url":"https:\/\/diarioprincipios.com\/index.php\/2020\/05\/22\/trabajadores-exceptuados-deberan-reempadronarse-para-circular\/","og_site_name":"Principios","article_published_time":"2020-05-22T17:45:18+00:00","article_modified_time":"2020-05-22T17:45:21+00:00","og_image":[{"width":299,"height":168,"url":"https:\/\/diarioprincipios.com\/wp-content\/uploads\/2020\/05\/descarga-1.jpeg","type":"image\/jpeg"}],"author":"Hern\u00e1n L\u00f3pez","twitter_card":"summary_large_image","twitter_misc":{"Escrito por":"Hern\u00e1n L\u00f3pez","Tiempo de lectura":"2 minutos"},"schema":{"@context":"https:\/\/schema.org","@graph":[{"@type":"Article","@id":"https:\/\/diarioprincipios.com\/index.php\/2020\/05\/22\/trabajadores-exceptuados-deberan-reempadronarse-para-circular\/#article","isPartOf":{"@id":"https:\/\/diarioprincipios.com\/index.php\/2020\/05\/22\/trabajadores-exceptuados-deberan-reempadronarse-para-circular\/"},"author":{"name":"Hern\u00e1n L\u00f3pez","@id":"https:\/\/diarioprincipios.com\/#\/schema\/person\/436d5a1fd41a5e250e23ff5a6a7cb080"},"headline":"Trabajadores exceptuados deber\u00e1n reempadronarse para circular","datePublished":"2020-05-22T17:45:18+00:00","dateModified":"2020-05-22T17:45:21+00:00","mainEntityOfPage":{"@id":"https:\/\/diarioprincipios.com\/index.php\/2020\/05\/22\/trabajadores-exceptuados-deberan-reempadronarse-para-circular\/"},"wordCount":351,"commentCount":0,"publisher":{"@id":"https:\/\/diarioprincipios.com\/#organization"},"image":{"@id":"https:\/\/diarioprincipios.com\/index.php\/2020\/05\/22\/trabajadores-exceptuados-deberan-reempadronarse-para-circular\/#primaryimage"},"thumbnailUrl":"https:\/\/diarioprincipios.com\/wp-content\/uploads\/2020\/05\/descarga-1.jpeg","articleSection":["Naci\u00f3n"],"inLanguage":"es","potentialAction":[{"@type":"CommentAction","name":"Comment","target":["https:\/\/diarioprincipios.com\/index.php\/2020\/05\/22\/trabajadores-exceptuados-deberan-reempadronarse-para-circular\/#respond"]}]},{"@type":"WebPage","@id":"https:\/\/diarioprincipios.com\/index.php\/2020\/05\/22\/trabajadores-exceptuados-deberan-reempadronarse-para-circular\/","url":"https:\/\/diarioprincipios.com\/index.php\/2020\/05\/22\/trabajadores-exceptuados-deberan-reempadronarse-para-circular\/","name":"Trabajadores exceptuados deber\u00e1n reempadronarse para circular - Principios","isPartOf":{"@id":"https:\/\/diarioprincipios.com\/#website"},"primaryImageOfPage":{"@id":"https:\/\/diarioprincipios.com\/index.php\/2020\/05\/22\/trabajadores-exceptuados-deberan-reempadronarse-para-circular\/#primaryimage"},"image":{"@id":"https:\/\/diarioprincipios.com\/index.php\/2020\/05\/22\/trabajadores-exceptuados-deberan-reempadronarse-para-circular\/#primaryimage"},"thumbnailUrl":"https:\/\/diarioprincipios.com\/wp-content\/uploads\/2020\/05\/descarga-1.jpeg","datePublished":"2020-05-22T17:45:18+00:00","dateModified":"2020-05-22T17:45:21+00:00","breadcrumb":{"@id":"https:\/\/diarioprincipios.com\/index.php\/2020\/05\/22\/trabajadores-exceptuados-deberan-reempadronarse-para-circular\/#breadcrumb"},"inLanguage":"es","potentialAction":[{"@type":"ReadAction","target":["https:\/\/diarioprincipios.com\/index.php\/2020\/05\/22\/trabajadores-exceptuados-deberan-reempadronarse-para-circular\/"]}]},{"@type":"ImageObject","inLanguage":"es","@id":"https:\/\/diarioprincipios.com\/index.php\/2020\/05\/22\/trabajadores-exceptuados-deberan-reempadronarse-para-circular\/#primaryimage","url":"https:\/\/diarioprincipios.com\/wp-content\/uploads\/2020\/05\/descarga-1.jpeg","contentUrl":"https:\/\/diarioprincipios.com\/wp-content\/uploads\/2020\/05\/descarga-1.jpeg","width":299,"height":168},{"@type":"BreadcrumbList","@id":"https:\/\/diarioprincipios.com\/index.php\/2020\/05\/22\/trabajadores-exceptuados-deberan-reempadronarse-para-circular\/#breadcrumb","itemListElement":[{"@type":"ListItem","position":1,"name":"Portada","item":"https:\/\/diarioprincipios.com\/"},{"@type":"ListItem","position":2,"name":"Trabajadores exceptuados deber\u00e1n reempadronarse para circular"}]},{"@type":"WebSite","@id":"https:\/\/diarioprincipios.com\/#website","url":"https:\/\/diarioprincipios.com\/","name":"Principios","description":"Principios Diario","publisher":{"@id":"https:\/\/diarioprincipios.com\/#organization"},"potentialAction":[{"@type":"SearchAction","target":{"@type":"EntryPoint","urlTemplate":"https:\/\/diarioprincipios.com\/?s={search_term_string}"},"query-input":{"@type":"PropertyValueSpecification","valueRequired":true,"valueName":"search_term_string"}}],"inLanguage":"es"},{"@type":"Organization","@id":"https:\/\/diarioprincipios.com\/#organization","name":"Principios","url":"https:\/\/diarioprincipios.com\/","logo":{"@type":"ImageObject","inLanguage":"es","@id":"https:\/\/diarioprincipios.com\/#\/schema\/logo\/image\/","url":"https:\/\/diarioprincipios.com\/wp-content\/uploads\/2024\/04\/cropped-www.diarioprincipios.com_-1.png","contentUrl":"https:\/\/diarioprincipios.com\/wp-content\/uploads\/2024\/04\/cropped-www.diarioprincipios.com_-1.png","width":5325,"height":1454,"caption":"Principios"},"image":{"@id":"https:\/\/diarioprincipios.com\/#\/schema\/logo\/image\/"}},{"@type":"Person","@id":"https:\/\/diarioprincipios.com\/#\/schema\/person\/436d5a1fd41a5e250e23ff5a6a7cb080","name":"Hern\u00e1n L\u00f3pez","image":{"@type":"ImageObject","inLanguage":"es","@id":"https:\/\/diarioprincipios.com\/wp-content\/litespeed\/avatar\/11ddfe5610ff3bd100522525b2571f48.jpg?ver=1777653193","url":"https:\/\/diarioprincipios.com\/wp-content\/litespeed\/avatar\/11ddfe5610ff3bd100522525b2571f48.jpg?ver=1777653193","contentUrl":"https:\/\/diarioprincipios.com\/wp-content\/litespeed\/avatar\/11ddfe5610ff3bd100522525b2571f48.jpg?ver=1777653193","caption":"Hern\u00e1n L\u00f3pez"},"url":"https:\/\/diarioprincipios.com\/index.php\/author\/hernan\/"}]}},"jetpack_featured_media_url":"https:\/\/diarioprincipios.com\/wp-content\/uploads\/2020\/05\/descarga-1.jpeg","_links":{"self":[{"href":"https:\/\/diarioprincipios.com\/index.php\/wp-json\/wp\/v2\/posts\/1990","targetHints":{"allow":["GET"]}}],"collection":[{"href":"https:\/\/diarioprincipios.com\/index.php\/wp-json\/wp\/v2\/posts"}],"about":[{"href":"https:\/\/diarioprincipios.com\/index.php\/wp-json\/wp\/v2\/types\/post"}],"author":[{"embeddable":true,"href":"https:\/\/diarioprincipios.com\/index.php\/wp-json\/wp\/v2\/users\/2"}],"replies":[{"embeddable":true,"href":"https:\/\/diarioprincipios.com\/index.php\/wp-json\/wp\/v2\/comments?post=1990"}],"version-history":[{"count":1,"href":"https:\/\/diarioprincipios.com\/index.php\/wp-json\/wp\/v2\/posts\/1990\/revisions"}],"predecessor-version":[{"id":1992,"href":"https:\/\/diarioprincipios.com\/index.php\/wp-json\/wp\/v2\/posts\/1990\/revisions\/1992"}],"wp:featuredmedia":[{"embeddable":true,"href":"https:\/\/diarioprincipios.com\/index.php\/wp-json\/wp\/v2\/media\/1991"}],"wp:attachment":[{"href":"https:\/\/diarioprincipios.com\/index.php\/wp-json\/wp\/v2\/media?parent=1990"}],"wp:term":[{"taxonomy":"category","embeddable":true,"href":"https:\/\/diarioprincipios.com\/index.php\/wp-json\/wp\/v2\/categories?post=1990"},{"taxonomy":"post_tag","embeddable":true,"href":"https:\/\/diarioprincipios.com\/index.php\/wp-json\/wp\/v2\/tags?post=1990"}],"curies":[{"name":"wp","href":"https:\/\/api.w.org\/{rel}","templated":true}]}}