{"id":19893,"date":"2023-12-08T11:46:23","date_gmt":"2023-12-08T14:46:23","guid":{"rendered":"http:\/\/diarioprincipios.com\/?p=19893"},"modified":"2023-12-08T11:46:25","modified_gmt":"2023-12-08T14:46:25","slug":"asumieron-las-autoridades-del-consejo-escolar-de-avellaneda","status":"publish","type":"post","link":"https:\/\/diarioprincipios.com\/index.php\/2023\/12\/08\/asumieron-las-autoridades-del-consejo-escolar-de-avellaneda\/","title":{"rendered":"Asumieron las autoridades del Consejo Escolar de Avellaneda"},"content":{"rendered":"\n<p>Los Consejos Escolares tienen a su cargo la administraci\u00f3n de los Servicios Educativos dependientes de la Direcci\u00f3n General de Cultura y Educaci\u00f3n de la provincia de Buenos Aires.<\/p>\n\n\n\n<p>Esta ma\u00f1ana, en la sede del Consejo Escolar de Avellaneda se desarroll\u00f3 el acto de asunci\u00f3n de las autoridades elegidas en las elecciones del 22 de octubre. El intendente interino Alejo Chornobroff acompa\u00f1\u00f3 la ceremonia.<\/p>\n\n\n\n<figure class=\"wp-block-image size-large\"><img loading=\"lazy\" decoding=\"async\" width=\"1024\" height=\"681\" src=\"https:\/\/diarioprincipios.com\/wp-content\/uploads\/2023\/12\/WhatsApp-Image-2023-12-07-at-10.58.10-1024x681.jpeg\" alt=\"\" class=\"wp-image-19894\" srcset=\"https:\/\/diarioprincipios.com\/wp-content\/uploads\/2023\/12\/WhatsApp-Image-2023-12-07-at-10.58.10-1024x681.jpeg 1024w, https:\/\/diarioprincipios.com\/wp-content\/uploads\/2023\/12\/WhatsApp-Image-2023-12-07-at-10.58.10-300x199.jpeg 300w, https:\/\/diarioprincipios.com\/wp-content\/uploads\/2023\/12\/WhatsApp-Image-2023-12-07-at-10.58.10-768x511.jpeg 768w, https:\/\/diarioprincipios.com\/wp-content\/uploads\/2023\/12\/WhatsApp-Image-2023-12-07-at-10.58.10.jpeg 1280w\" sizes=\"auto, (max-width: 1024px) 100vw, 1024px\" \/><\/figure>\n\n\n\n<p>Luego de felicitar el trabajo de los funcionarios salientes, se desarroll\u00f3 la jura de lxs consejerxs electxs.<\/p>\n\n\n\n<p>Como presidenta del Consejo Escolar fue reelegida Claudia Colaso; seguida por el vicepresidente, Pablo Esp\u00f3sito; el secretario, Dar\u00edo G\u00f3mez; y la tesorera, Carolina Gonz\u00e1lez.<\/p>\n\n\n\n<p>Tambi\u00e9n asumieron, como primer vocal, Rub\u00e9n Navarro; 2\u00b0 Jimena Olaciregui; 3\u00b0 Gabriela P\u00e9rez; 4\u00b0 Mariana Pineda; 5\u00b0 Daniel Osvaldo S\u00e1nchez, y Mauro Nipoti.<\/p>\n","protected":false},"excerpt":{"rendered":"<p>Los Consejos Escolares tienen a su cargo la administraci\u00f3n de los Servicios Educativos dependientes de la Direcci\u00f3n General de Cultura y Educaci\u00f3n de la provincia de Buenos Aires. Esta ma\u00f1ana, en la sede del Consejo Escolar de Avellaneda se desarroll\u00f3 el acto de asunci\u00f3n de las autoridades elegidas en las elecciones del 22 de octubre&#8230;.<\/p>\n","protected":false},"author":2,"featured_media":19895,"comment_status":"open","ping_status":"open","sticky":false,"template":"","format":"standard","meta":{"footnotes":""},"categories":[5],"tags":[],"class_list":["post-19893","post","type-post","status-publish","format-standard","has-post-thumbnail","hentry","category-avellaneda"],"featured_image_src":"https:\/\/diarioprincipios.com\/wp-content\/uploads\/2023\/12\/WhatsApp-Image-2023-12-07-at-10.58.18-1024x682.jpeg","blog_images":{"medium":"https:\/\/diarioprincipios.com\/wp-content\/uploads\/2023\/12\/WhatsApp-Image-2023-12-07-at-10.58.18-300x200.jpeg","large":"https:\/\/diarioprincipios.com\/wp-content\/uploads\/2023\/12\/WhatsApp-Image-2023-12-07-at-10.58.18-1024x682.jpeg"},"ams_acf":[],"yoast_head":"<!-- This site is optimized with the Yoast SEO plugin v27.3 - https:\/\/yoast.com\/product\/yoast-seo-wordpress\/ -->\n<title>Asumieron las autoridades del Consejo Escolar de Avellaneda - Principios<\/title>\n<meta name=\"robots\" content=\"index, follow, max-snippet:-1, max-image-preview:large, max-video-preview:-1\" \/>\n<link rel=\"canonical\" href=\"https:\/\/diarioprincipios.com\/index.php\/2023\/12\/08\/asumieron-las-autoridades-del-consejo-escolar-de-avellaneda\/\" \/>\n<meta property=\"og:locale\" content=\"es_ES\" \/>\n<meta property=\"og:type\" content=\"article\" \/>\n<meta property=\"og:title\" content=\"Asumieron las autoridades del Consejo Escolar de Avellaneda - Principios\" \/>\n<meta property=\"og:description\" content=\"Los Consejos Escolares tienen a su cargo la administraci\u00f3n de los Servicios Educativos dependientes de la Direcci\u00f3n General de Cultura y Educaci\u00f3n de la provincia de Buenos Aires. Esta ma\u00f1ana, en la sede del Consejo Escolar de Avellaneda se desarroll\u00f3 el acto de asunci\u00f3n de las autoridades elegidas en las elecciones del 22 de octubre....\" \/>\n<meta property=\"og:url\" content=\"https:\/\/diarioprincipios.com\/index.php\/2023\/12\/08\/asumieron-las-autoridades-del-consejo-escolar-de-avellaneda\/\" \/>\n<meta property=\"og:site_name\" content=\"Principios\" \/>\n<meta property=\"article:published_time\" content=\"2023-12-08T14:46:23+00:00\" \/>\n<meta property=\"article:modified_time\" content=\"2023-12-08T14:46:25+00:00\" \/>\n<meta property=\"og:image\" content=\"https:\/\/diarioprincipios.com\/wp-content\/uploads\/2023\/12\/WhatsApp-Image-2023-12-07-at-10.58.18.jpeg\" \/>\n\t<meta property=\"og:image:width\" content=\"1280\" \/>\n\t<meta property=\"og:image:height\" content=\"852\" \/>\n\t<meta property=\"og:image:type\" content=\"image\/jpeg\" \/>\n<meta name=\"author\" content=\"Hern\u00e1n L\u00f3pez\" \/>\n<meta name=\"twitter:card\" content=\"summary_large_image\" \/>\n<meta name=\"twitter:label1\" content=\"Escrito por\" \/>\n\t<meta name=\"twitter:data1\" content=\"Hern\u00e1n L\u00f3pez\" \/>\n\t<meta name=\"twitter:label2\" content=\"Tiempo de lectura\" \/>\n\t<meta name=\"twitter:data2\" content=\"1 minuto\" \/>\n<script type=\"application\/ld+json\" class=\"yoast-schema-graph\">{\"@context\":\"https:\\\/\\\/schema.org\",\"@graph\":[{\"@type\":\"Article\",\"@id\":\"https:\\\/\\\/diarioprincipios.com\\\/index.php\\\/2023\\\/12\\\/08\\\/asumieron-las-autoridades-del-consejo-escolar-de-avellaneda\\\/#article\",\"isPartOf\":{\"@id\":\"https:\\\/\\\/diarioprincipios.com\\\/index.php\\\/2023\\\/12\\\/08\\\/asumieron-las-autoridades-del-consejo-escolar-de-avellaneda\\\/\"},\"author\":{\"name\":\"Hern\u00e1n L\u00f3pez\",\"@id\":\"https:\\\/\\\/diarioprincipios.com\\\/#\\\/schema\\\/person\\\/436d5a1fd41a5e250e23ff5a6a7cb080\"},\"headline\":\"Asumieron las autoridades del Consejo Escolar de Avellaneda\",\"datePublished\":\"2023-12-08T14:46:23+00:00\",\"dateModified\":\"2023-12-08T14:46:25+00:00\",\"mainEntityOfPage\":{\"@id\":\"https:\\\/\\\/diarioprincipios.com\\\/index.php\\\/2023\\\/12\\\/08\\\/asumieron-las-autoridades-del-consejo-escolar-de-avellaneda\\\/\"},\"wordCount\":143,\"commentCount\":0,\"publisher\":{\"@id\":\"https:\\\/\\\/diarioprincipios.com\\\/#organization\"},\"image\":{\"@id\":\"https:\\\/\\\/diarioprincipios.com\\\/index.php\\\/2023\\\/12\\\/08\\\/asumieron-las-autoridades-del-consejo-escolar-de-avellaneda\\\/#primaryimage\"},\"thumbnailUrl\":\"https:\\\/\\\/diarioprincipios.com\\\/wp-content\\\/uploads\\\/2023\\\/12\\\/WhatsApp-Image-2023-12-07-at-10.58.18.jpeg\",\"articleSection\":[\"Avellaneda\"],\"inLanguage\":\"es\",\"potentialAction\":[{\"@type\":\"CommentAction\",\"name\":\"Comment\",\"target\":[\"https:\\\/\\\/diarioprincipios.com\\\/index.php\\\/2023\\\/12\\\/08\\\/asumieron-las-autoridades-del-consejo-escolar-de-avellaneda\\\/#respond\"]}]},{\"@type\":\"WebPage\",\"@id\":\"https:\\\/\\\/diarioprincipios.com\\\/index.php\\\/2023\\\/12\\\/08\\\/asumieron-las-autoridades-del-consejo-escolar-de-avellaneda\\\/\",\"url\":\"https:\\\/\\\/diarioprincipios.com\\\/index.php\\\/2023\\\/12\\\/08\\\/asumieron-las-autoridades-del-consejo-escolar-de-avellaneda\\\/\",\"name\":\"Asumieron las autoridades del Consejo Escolar de Avellaneda - Principios\",\"isPartOf\":{\"@id\":\"https:\\\/\\\/diarioprincipios.com\\\/#website\"},\"primaryImageOfPage\":{\"@id\":\"https:\\\/\\\/diarioprincipios.com\\\/index.php\\\/2023\\\/12\\\/08\\\/asumieron-las-autoridades-del-consejo-escolar-de-avellaneda\\\/#primaryimage\"},\"image\":{\"@id\":\"https:\\\/\\\/diarioprincipios.com\\\/index.php\\\/2023\\\/12\\\/08\\\/asumieron-las-autoridades-del-consejo-escolar-de-avellaneda\\\/#primaryimage\"},\"thumbnailUrl\":\"https:\\\/\\\/diarioprincipios.com\\\/wp-content\\\/uploads\\\/2023\\\/12\\\/WhatsApp-Image-2023-12-07-at-10.58.18.jpeg\",\"datePublished\":\"2023-12-08T14:46:23+00:00\",\"dateModified\":\"2023-12-08T14:46:25+00:00\",\"breadcrumb\":{\"@id\":\"https:\\\/\\\/diarioprincipios.com\\\/index.php\\\/2023\\\/12\\\/08\\\/asumieron-las-autoridades-del-consejo-escolar-de-avellaneda\\\/#breadcrumb\"},\"inLanguage\":\"es\",\"potentialAction\":[{\"@type\":\"ReadAction\",\"target\":[\"https:\\\/\\\/diarioprincipios.com\\\/index.php\\\/2023\\\/12\\\/08\\\/asumieron-las-autoridades-del-consejo-escolar-de-avellaneda\\\/\"]}]},{\"@type\":\"ImageObject\",\"inLanguage\":\"es\",\"@id\":\"https:\\\/\\\/diarioprincipios.com\\\/index.php\\\/2023\\\/12\\\/08\\\/asumieron-las-autoridades-del-consejo-escolar-de-avellaneda\\\/#primaryimage\",\"url\":\"https:\\\/\\\/diarioprincipios.com\\\/wp-content\\\/uploads\\\/2023\\\/12\\\/WhatsApp-Image-2023-12-07-at-10.58.18.jpeg\",\"contentUrl\":\"https:\\\/\\\/diarioprincipios.com\\\/wp-content\\\/uploads\\\/2023\\\/12\\\/WhatsApp-Image-2023-12-07-at-10.58.18.jpeg\",\"width\":1280,\"height\":852},{\"@type\":\"BreadcrumbList\",\"@id\":\"https:\\\/\\\/diarioprincipios.com\\\/index.php\\\/2023\\\/12\\\/08\\\/asumieron-las-autoridades-del-consejo-escolar-de-avellaneda\\\/#breadcrumb\",\"itemListElement\":[{\"@type\":\"ListItem\",\"position\":1,\"name\":\"Portada\",\"item\":\"https:\\\/\\\/diarioprincipios.com\\\/\"},{\"@type\":\"ListItem\",\"position\":2,\"name\":\"Asumieron las autoridades del Consejo Escolar de Avellaneda\"}]},{\"@type\":\"WebSite\",\"@id\":\"https:\\\/\\\/diarioprincipios.com\\\/#website\",\"url\":\"https:\\\/\\\/diarioprincipios.com\\\/\",\"name\":\"Principios\",\"description\":\"Principios Diario\",\"publisher\":{\"@id\":\"https:\\\/\\\/diarioprincipios.com\\\/#organization\"},\"potentialAction\":[{\"@type\":\"SearchAction\",\"target\":{\"@type\":\"EntryPoint\",\"urlTemplate\":\"https:\\\/\\\/diarioprincipios.com\\\/?s={search_term_string}\"},\"query-input\":{\"@type\":\"PropertyValueSpecification\",\"valueRequired\":true,\"valueName\":\"search_term_string\"}}],\"inLanguage\":\"es\"},{\"@type\":\"Organization\",\"@id\":\"https:\\\/\\\/diarioprincipios.com\\\/#organization\",\"name\":\"Principios\",\"url\":\"https:\\\/\\\/diarioprincipios.com\\\/\",\"logo\":{\"@type\":\"ImageObject\",\"inLanguage\":\"es\",\"@id\":\"https:\\\/\\\/diarioprincipios.com\\\/#\\\/schema\\\/logo\\\/image\\\/\",\"url\":\"https:\\\/\\\/diarioprincipios.com\\\/wp-content\\\/uploads\\\/2024\\\/04\\\/cropped-www.diarioprincipios.com_-1.png\",\"contentUrl\":\"https:\\\/\\\/diarioprincipios.com\\\/wp-content\\\/uploads\\\/2024\\\/04\\\/cropped-www.diarioprincipios.com_-1.png\",\"width\":5325,\"height\":1454,\"caption\":\"Principios\"},\"image\":{\"@id\":\"https:\\\/\\\/diarioprincipios.com\\\/#\\\/schema\\\/logo\\\/image\\\/\"}},{\"@type\":\"Person\",\"@id\":\"https:\\\/\\\/diarioprincipios.com\\\/#\\\/schema\\\/person\\\/436d5a1fd41a5e250e23ff5a6a7cb080\",\"name\":\"Hern\u00e1n L\u00f3pez\",\"image\":{\"@type\":\"ImageObject\",\"inLanguage\":\"es\",\"@id\":\"https:\\\/\\\/diarioprincipios.com\\\/wp-content\\\/litespeed\\\/avatar\\\/11ddfe5610ff3bd100522525b2571f48.jpg?ver=1777653193\",\"url\":\"https:\\\/\\\/diarioprincipios.com\\\/wp-content\\\/litespeed\\\/avatar\\\/11ddfe5610ff3bd100522525b2571f48.jpg?ver=1777653193\",\"contentUrl\":\"https:\\\/\\\/diarioprincipios.com\\\/wp-content\\\/litespeed\\\/avatar\\\/11ddfe5610ff3bd100522525b2571f48.jpg?ver=1777653193\",\"caption\":\"Hern\u00e1n L\u00f3pez\"},\"url\":\"https:\\\/\\\/diarioprincipios.com\\\/index.php\\\/author\\\/hernan\\\/\"}]}<\/script>\n<!-- \/ Yoast SEO plugin. -->","yoast_head_json":{"title":"Asumieron las autoridades del Consejo Escolar de Avellaneda - Principios","robots":{"index":"index","follow":"follow","max-snippet":"max-snippet:-1","max-image-preview":"max-image-preview:large","max-video-preview":"max-video-preview:-1"},"canonical":"https:\/\/diarioprincipios.com\/index.php\/2023\/12\/08\/asumieron-las-autoridades-del-consejo-escolar-de-avellaneda\/","og_locale":"es_ES","og_type":"article","og_title":"Asumieron las autoridades del Consejo Escolar de Avellaneda - Principios","og_description":"Los Consejos Escolares tienen a su cargo la administraci\u00f3n de los Servicios Educativos dependientes de la Direcci\u00f3n General de Cultura y Educaci\u00f3n de la provincia de Buenos Aires. Esta ma\u00f1ana, en la sede del Consejo Escolar de Avellaneda se desarroll\u00f3 el acto de asunci\u00f3n de las autoridades elegidas en las elecciones del 22 de octubre....","og_url":"https:\/\/diarioprincipios.com\/index.php\/2023\/12\/08\/asumieron-las-autoridades-del-consejo-escolar-de-avellaneda\/","og_site_name":"Principios","article_published_time":"2023-12-08T14:46:23+00:00","article_modified_time":"2023-12-08T14:46:25+00:00","og_image":[{"width":1280,"height":852,"url":"https:\/\/diarioprincipios.com\/wp-content\/uploads\/2023\/12\/WhatsApp-Image-2023-12-07-at-10.58.18.jpeg","type":"image\/jpeg"}],"author":"Hern\u00e1n L\u00f3pez","twitter_card":"summary_large_image","twitter_misc":{"Escrito por":"Hern\u00e1n L\u00f3pez","Tiempo de lectura":"1 minuto"},"schema":{"@context":"https:\/\/schema.org","@graph":[{"@type":"Article","@id":"https:\/\/diarioprincipios.com\/index.php\/2023\/12\/08\/asumieron-las-autoridades-del-consejo-escolar-de-avellaneda\/#article","isPartOf":{"@id":"https:\/\/diarioprincipios.com\/index.php\/2023\/12\/08\/asumieron-las-autoridades-del-consejo-escolar-de-avellaneda\/"},"author":{"name":"Hern\u00e1n L\u00f3pez","@id":"https:\/\/diarioprincipios.com\/#\/schema\/person\/436d5a1fd41a5e250e23ff5a6a7cb080"},"headline":"Asumieron las autoridades del Consejo Escolar de Avellaneda","datePublished":"2023-12-08T14:46:23+00:00","dateModified":"2023-12-08T14:46:25+00:00","mainEntityOfPage":{"@id":"https:\/\/diarioprincipios.com\/index.php\/2023\/12\/08\/asumieron-las-autoridades-del-consejo-escolar-de-avellaneda\/"},"wordCount":143,"commentCount":0,"publisher":{"@id":"https:\/\/diarioprincipios.com\/#organization"},"image":{"@id":"https:\/\/diarioprincipios.com\/index.php\/2023\/12\/08\/asumieron-las-autoridades-del-consejo-escolar-de-avellaneda\/#primaryimage"},"thumbnailUrl":"https:\/\/diarioprincipios.com\/wp-content\/uploads\/2023\/12\/WhatsApp-Image-2023-12-07-at-10.58.18.jpeg","articleSection":["Avellaneda"],"inLanguage":"es","potentialAction":[{"@type":"CommentAction","name":"Comment","target":["https:\/\/diarioprincipios.com\/index.php\/2023\/12\/08\/asumieron-las-autoridades-del-consejo-escolar-de-avellaneda\/#respond"]}]},{"@type":"WebPage","@id":"https:\/\/diarioprincipios.com\/index.php\/2023\/12\/08\/asumieron-las-autoridades-del-consejo-escolar-de-avellaneda\/","url":"https:\/\/diarioprincipios.com\/index.php\/2023\/12\/08\/asumieron-las-autoridades-del-consejo-escolar-de-avellaneda\/","name":"Asumieron las autoridades del Consejo Escolar de Avellaneda - Principios","isPartOf":{"@id":"https:\/\/diarioprincipios.com\/#website"},"primaryImageOfPage":{"@id":"https:\/\/diarioprincipios.com\/index.php\/2023\/12\/08\/asumieron-las-autoridades-del-consejo-escolar-de-avellaneda\/#primaryimage"},"image":{"@id":"https:\/\/diarioprincipios.com\/index.php\/2023\/12\/08\/asumieron-las-autoridades-del-consejo-escolar-de-avellaneda\/#primaryimage"},"thumbnailUrl":"https:\/\/diarioprincipios.com\/wp-content\/uploads\/2023\/12\/WhatsApp-Image-2023-12-07-at-10.58.18.jpeg","datePublished":"2023-12-08T14:46:23+00:00","dateModified":"2023-12-08T14:46:25+00:00","breadcrumb":{"@id":"https:\/\/diarioprincipios.com\/index.php\/2023\/12\/08\/asumieron-las-autoridades-del-consejo-escolar-de-avellaneda\/#breadcrumb"},"inLanguage":"es","potentialAction":[{"@type":"ReadAction","target":["https:\/\/diarioprincipios.com\/index.php\/2023\/12\/08\/asumieron-las-autoridades-del-consejo-escolar-de-avellaneda\/"]}]},{"@type":"ImageObject","inLanguage":"es","@id":"https:\/\/diarioprincipios.com\/index.php\/2023\/12\/08\/asumieron-las-autoridades-del-consejo-escolar-de-avellaneda\/#primaryimage","url":"https:\/\/diarioprincipios.com\/wp-content\/uploads\/2023\/12\/WhatsApp-Image-2023-12-07-at-10.58.18.jpeg","contentUrl":"https:\/\/diarioprincipios.com\/wp-content\/uploads\/2023\/12\/WhatsApp-Image-2023-12-07-at-10.58.18.jpeg","width":1280,"height":852},{"@type":"BreadcrumbList","@id":"https:\/\/diarioprincipios.com\/index.php\/2023\/12\/08\/asumieron-las-autoridades-del-consejo-escolar-de-avellaneda\/#breadcrumb","itemListElement":[{"@type":"ListItem","position":1,"name":"Portada","item":"https:\/\/diarioprincipios.com\/"},{"@type":"ListItem","position":2,"name":"Asumieron las autoridades del Consejo Escolar de Avellaneda"}]},{"@type":"WebSite","@id":"https:\/\/diarioprincipios.com\/#website","url":"https:\/\/diarioprincipios.com\/","name":"Principios","description":"Principios Diario","publisher":{"@id":"https:\/\/diarioprincipios.com\/#organization"},"potentialAction":[{"@type":"SearchAction","target":{"@type":"EntryPoint","urlTemplate":"https:\/\/diarioprincipios.com\/?s={search_term_string}"},"query-input":{"@type":"PropertyValueSpecification","valueRequired":true,"valueName":"search_term_string"}}],"inLanguage":"es"},{"@type":"Organization","@id":"https:\/\/diarioprincipios.com\/#organization","name":"Principios","url":"https:\/\/diarioprincipios.com\/","logo":{"@type":"ImageObject","inLanguage":"es","@id":"https:\/\/diarioprincipios.com\/#\/schema\/logo\/image\/","url":"https:\/\/diarioprincipios.com\/wp-content\/uploads\/2024\/04\/cropped-www.diarioprincipios.com_-1.png","contentUrl":"https:\/\/diarioprincipios.com\/wp-content\/uploads\/2024\/04\/cropped-www.diarioprincipios.com_-1.png","width":5325,"height":1454,"caption":"Principios"},"image":{"@id":"https:\/\/diarioprincipios.com\/#\/schema\/logo\/image\/"}},{"@type":"Person","@id":"https:\/\/diarioprincipios.com\/#\/schema\/person\/436d5a1fd41a5e250e23ff5a6a7cb080","name":"Hern\u00e1n L\u00f3pez","image":{"@type":"ImageObject","inLanguage":"es","@id":"https:\/\/diarioprincipios.com\/wp-content\/litespeed\/avatar\/11ddfe5610ff3bd100522525b2571f48.jpg?ver=1777653193","url":"https:\/\/diarioprincipios.com\/wp-content\/litespeed\/avatar\/11ddfe5610ff3bd100522525b2571f48.jpg?ver=1777653193","contentUrl":"https:\/\/diarioprincipios.com\/wp-content\/litespeed\/avatar\/11ddfe5610ff3bd100522525b2571f48.jpg?ver=1777653193","caption":"Hern\u00e1n L\u00f3pez"},"url":"https:\/\/diarioprincipios.com\/index.php\/author\/hernan\/"}]}},"jetpack_featured_media_url":"https:\/\/diarioprincipios.com\/wp-content\/uploads\/2023\/12\/WhatsApp-Image-2023-12-07-at-10.58.18.jpeg","_links":{"self":[{"href":"https:\/\/diarioprincipios.com\/index.php\/wp-json\/wp\/v2\/posts\/19893","targetHints":{"allow":["GET"]}}],"collection":[{"href":"https:\/\/diarioprincipios.com\/index.php\/wp-json\/wp\/v2\/posts"}],"about":[{"href":"https:\/\/diarioprincipios.com\/index.php\/wp-json\/wp\/v2\/types\/post"}],"author":[{"embeddable":true,"href":"https:\/\/diarioprincipios.com\/index.php\/wp-json\/wp\/v2\/users\/2"}],"replies":[{"embeddable":true,"href":"https:\/\/diarioprincipios.com\/index.php\/wp-json\/wp\/v2\/comments?post=19893"}],"version-history":[{"count":1,"href":"https:\/\/diarioprincipios.com\/index.php\/wp-json\/wp\/v2\/posts\/19893\/revisions"}],"predecessor-version":[{"id":19896,"href":"https:\/\/diarioprincipios.com\/index.php\/wp-json\/wp\/v2\/posts\/19893\/revisions\/19896"}],"wp:featuredmedia":[{"embeddable":true,"href":"https:\/\/diarioprincipios.com\/index.php\/wp-json\/wp\/v2\/media\/19895"}],"wp:attachment":[{"href":"https:\/\/diarioprincipios.com\/index.php\/wp-json\/wp\/v2\/media?parent=19893"}],"wp:term":[{"taxonomy":"category","embeddable":true,"href":"https:\/\/diarioprincipios.com\/index.php\/wp-json\/wp\/v2\/categories?post=19893"},{"taxonomy":"post_tag","embeddable":true,"href":"https:\/\/diarioprincipios.com\/index.php\/wp-json\/wp\/v2\/tags?post=19893"}],"curies":[{"name":"wp","href":"https:\/\/api.w.org\/{rel}","templated":true}]}}