{"id":19885,"date":"2023-12-06T07:06:25","date_gmt":"2023-12-06T10:06:25","guid":{"rendered":"http:\/\/diarioprincipios.com\/?p=19885"},"modified":"2023-12-06T07:35:23","modified_gmt":"2023-12-06T10:35:23","slug":"ovacionado-mussi-recibio-su-diploma-como-intendente-electo-en-la-legislatura","status":"publish","type":"post","link":"https:\/\/diarioprincipios.com\/index.php\/2023\/12\/06\/ovacionado-mussi-recibio-su-diploma-como-intendente-electo-en-la-legislatura\/","title":{"rendered":"Ovacionado en la Legislatura, Mussi recibi\u00f3 su Diploma como Intendente electo de Berazategui"},"content":{"rendered":"\n<p>Acompa\u00f1ado por un importante n\u00famero de militamtes, el doctor Juan Jos\u00e9 Mussi recibi\u00f3 en la Legislatura Provincial (junto a otros jefes comunales) su diploma como Intendente electo de Berazategui, oportunidad en la que fue ovacionado.<\/p>\n\n\n\n<figure class=\"wp-block-image size-large\"><img loading=\"lazy\" decoding=\"async\" width=\"1024\" height=\"683\" src=\"https:\/\/diarioprincipios.com\/wp-content\/uploads\/2023\/12\/FB_IMG_1701828250422-1024x683.jpg\" alt=\"\" class=\"wp-image-19886\" srcset=\"https:\/\/diarioprincipios.com\/wp-content\/uploads\/2023\/12\/FB_IMG_1701828250422-1024x683.jpg 1024w, https:\/\/diarioprincipios.com\/wp-content\/uploads\/2023\/12\/FB_IMG_1701828250422-300x200.jpg 300w, https:\/\/diarioprincipios.com\/wp-content\/uploads\/2023\/12\/FB_IMG_1701828250422-768x512.jpg 768w, https:\/\/diarioprincipios.com\/wp-content\/uploads\/2023\/12\/FB_IMG_1701828250422.jpg 1080w\" sizes=\"auto, (max-width: 1024px) 100vw, 1024px\" \/><\/figure>\n\n\n\n<p>La entrega de diplomas a legisladores e intendentes electos en Octubre pasado fue encabezada por el Presidente de la Suprema Corte de Justicia Bonaerense Sergio Torres, quien destac\u00f3 loa 40 a\u00f1os ininterrumpidos de Democracia<\/p>\n\n\n\n<figure class=\"wp-block-image size-large\"><img loading=\"lazy\" decoding=\"async\" width=\"1024\" height=\"683\" src=\"https:\/\/diarioprincipios.com\/wp-content\/uploads\/2023\/12\/FB_IMG_1701828259179-1024x683.jpg\" alt=\"\" class=\"wp-image-19887\" srcset=\"https:\/\/diarioprincipios.com\/wp-content\/uploads\/2023\/12\/FB_IMG_1701828259179-1024x683.jpg 1024w, https:\/\/diarioprincipios.com\/wp-content\/uploads\/2023\/12\/FB_IMG_1701828259179-300x200.jpg 300w, https:\/\/diarioprincipios.com\/wp-content\/uploads\/2023\/12\/FB_IMG_1701828259179-768x512.jpg 768w, https:\/\/diarioprincipios.com\/wp-content\/uploads\/2023\/12\/FB_IMG_1701828259179.jpg 1080w\" sizes=\"auto, (max-width: 1024px) 100vw, 1024px\" \/><\/figure>\n\n\n\n<p>Mussi,  ovacionado por sus pares, escribi\u00f3 ayer en sus redes sociales:  \u00abEs un orgullo haber sido elegido, nuevamente, como Intendente de mi querida Berazategui. Gracias de coraz\u00f3n a todos los vecinos y las vecinas de mi Patria Chica\u00bb.<\/p>\n\n\n\n<figure class=\"wp-block-image size-large\"><img loading=\"lazy\" decoding=\"async\" width=\"1024\" height=\"683\" src=\"https:\/\/diarioprincipios.com\/wp-content\/uploads\/2023\/12\/FB_IMG_1701828246474-1024x683.jpg\" alt=\"\" class=\"wp-image-19888\" srcset=\"https:\/\/diarioprincipios.com\/wp-content\/uploads\/2023\/12\/FB_IMG_1701828246474-1024x683.jpg 1024w, https:\/\/diarioprincipios.com\/wp-content\/uploads\/2023\/12\/FB_IMG_1701828246474-300x200.jpg 300w, https:\/\/diarioprincipios.com\/wp-content\/uploads\/2023\/12\/FB_IMG_1701828246474-768x512.jpg 768w, https:\/\/diarioprincipios.com\/wp-content\/uploads\/2023\/12\/FB_IMG_1701828246474.jpg 1080w\" sizes=\"auto, (max-width: 1024px) 100vw, 1024px\" \/><\/figure>\n\n\n\n<p><\/p>\n","protected":false},"excerpt":{"rendered":"<p>Acompa\u00f1ado por un importante n\u00famero de militamtes, el doctor Juan Jos\u00e9 Mussi recibi\u00f3 en la Legislatura Provincial (junto a otros jefes comunales) su diploma como Intendente electo de Berazategui, oportunidad en la que fue ovacionado. La entrega de diplomas a legisladores e intendentes electos en Octubre pasado fue encabezada por el Presidente de la Suprema&#8230;<\/p>\n","protected":false},"author":2,"featured_media":19889,"comment_status":"open","ping_status":"open","sticky":false,"template":"","format":"standard","meta":{"footnotes":""},"categories":[3],"tags":[],"class_list":["post-19885","post","type-post","status-publish","format-standard","has-post-thumbnail","hentry","category-berazategui"],"featured_image_src":"https:\/\/diarioprincipios.com\/wp-content\/uploads\/2023\/12\/FB_IMG_1701828256336-1024x683.jpg","blog_images":{"medium":"https:\/\/diarioprincipios.com\/wp-content\/uploads\/2023\/12\/FB_IMG_1701828256336-300x200.jpg","large":"https:\/\/diarioprincipios.com\/wp-content\/uploads\/2023\/12\/FB_IMG_1701828256336-1024x683.jpg"},"ams_acf":[],"yoast_head":"<!-- This site is optimized with the Yoast SEO plugin v27.3 - https:\/\/yoast.com\/product\/yoast-seo-wordpress\/ -->\n<title>Ovacionado en la Legislatura, Mussi recibi\u00f3 su Diploma como Intendente electo de Berazategui - Principios<\/title>\n<meta name=\"robots\" content=\"index, follow, max-snippet:-1, max-image-preview:large, max-video-preview:-1\" \/>\n<link rel=\"canonical\" href=\"https:\/\/diarioprincipios.com\/index.php\/2023\/12\/06\/ovacionado-mussi-recibio-su-diploma-como-intendente-electo-en-la-legislatura\/\" \/>\n<meta property=\"og:locale\" content=\"es_ES\" \/>\n<meta property=\"og:type\" content=\"article\" \/>\n<meta property=\"og:title\" content=\"Ovacionado en la Legislatura, Mussi recibi\u00f3 su Diploma como Intendente electo de Berazategui - Principios\" \/>\n<meta property=\"og:description\" content=\"Acompa\u00f1ado por un importante n\u00famero de militamtes, el doctor Juan Jos\u00e9 Mussi recibi\u00f3 en la Legislatura Provincial (junto a otros jefes comunales) su diploma como Intendente electo de Berazategui, oportunidad en la que fue ovacionado. La entrega de diplomas a legisladores e intendentes electos en Octubre pasado fue encabezada por el Presidente de la Suprema...\" \/>\n<meta property=\"og:url\" content=\"https:\/\/diarioprincipios.com\/index.php\/2023\/12\/06\/ovacionado-mussi-recibio-su-diploma-como-intendente-electo-en-la-legislatura\/\" \/>\n<meta property=\"og:site_name\" content=\"Principios\" \/>\n<meta property=\"article:published_time\" content=\"2023-12-06T10:06:25+00:00\" \/>\n<meta property=\"article:modified_time\" content=\"2023-12-06T10:35:23+00:00\" \/>\n<meta property=\"og:image\" content=\"https:\/\/diarioprincipios.com\/wp-content\/uploads\/2023\/12\/FB_IMG_1701828256336.jpg\" \/>\n\t<meta property=\"og:image:width\" content=\"1080\" \/>\n\t<meta property=\"og:image:height\" content=\"720\" \/>\n\t<meta property=\"og:image:type\" content=\"image\/jpeg\" \/>\n<meta name=\"author\" content=\"Hern\u00e1n L\u00f3pez\" \/>\n<meta name=\"twitter:card\" content=\"summary_large_image\" \/>\n<meta name=\"twitter:label1\" content=\"Escrito por\" \/>\n\t<meta name=\"twitter:data1\" content=\"Hern\u00e1n L\u00f3pez\" \/>\n\t<meta name=\"twitter:label2\" content=\"Tiempo de lectura\" \/>\n\t<meta name=\"twitter:data2\" content=\"2 minutos\" \/>\n<script type=\"application\/ld+json\" class=\"yoast-schema-graph\">{\"@context\":\"https:\\\/\\\/schema.org\",\"@graph\":[{\"@type\":\"Article\",\"@id\":\"https:\\\/\\\/diarioprincipios.com\\\/index.php\\\/2023\\\/12\\\/06\\\/ovacionado-mussi-recibio-su-diploma-como-intendente-electo-en-la-legislatura\\\/#article\",\"isPartOf\":{\"@id\":\"https:\\\/\\\/diarioprincipios.com\\\/index.php\\\/2023\\\/12\\\/06\\\/ovacionado-mussi-recibio-su-diploma-como-intendente-electo-en-la-legislatura\\\/\"},\"author\":{\"name\":\"Hern\u00e1n L\u00f3pez\",\"@id\":\"https:\\\/\\\/diarioprincipios.com\\\/#\\\/schema\\\/person\\\/436d5a1fd41a5e250e23ff5a6a7cb080\"},\"headline\":\"Ovacionado en la Legislatura, Mussi recibi\u00f3 su Diploma como Intendente electo de Berazategui\",\"datePublished\":\"2023-12-06T10:06:25+00:00\",\"dateModified\":\"2023-12-06T10:35:23+00:00\",\"mainEntityOfPage\":{\"@id\":\"https:\\\/\\\/diarioprincipios.com\\\/index.php\\\/2023\\\/12\\\/06\\\/ovacionado-mussi-recibio-su-diploma-como-intendente-electo-en-la-legislatura\\\/\"},\"wordCount\":123,\"commentCount\":0,\"publisher\":{\"@id\":\"https:\\\/\\\/diarioprincipios.com\\\/#organization\"},\"image\":{\"@id\":\"https:\\\/\\\/diarioprincipios.com\\\/index.php\\\/2023\\\/12\\\/06\\\/ovacionado-mussi-recibio-su-diploma-como-intendente-electo-en-la-legislatura\\\/#primaryimage\"},\"thumbnailUrl\":\"https:\\\/\\\/diarioprincipios.com\\\/wp-content\\\/uploads\\\/2023\\\/12\\\/FB_IMG_1701828256336.jpg\",\"articleSection\":[\"Berazategui\"],\"inLanguage\":\"es\",\"potentialAction\":[{\"@type\":\"CommentAction\",\"name\":\"Comment\",\"target\":[\"https:\\\/\\\/diarioprincipios.com\\\/index.php\\\/2023\\\/12\\\/06\\\/ovacionado-mussi-recibio-su-diploma-como-intendente-electo-en-la-legislatura\\\/#respond\"]}]},{\"@type\":\"WebPage\",\"@id\":\"https:\\\/\\\/diarioprincipios.com\\\/index.php\\\/2023\\\/12\\\/06\\\/ovacionado-mussi-recibio-su-diploma-como-intendente-electo-en-la-legislatura\\\/\",\"url\":\"https:\\\/\\\/diarioprincipios.com\\\/index.php\\\/2023\\\/12\\\/06\\\/ovacionado-mussi-recibio-su-diploma-como-intendente-electo-en-la-legislatura\\\/\",\"name\":\"Ovacionado en la Legislatura, Mussi recibi\u00f3 su Diploma como Intendente electo de Berazategui - Principios\",\"isPartOf\":{\"@id\":\"https:\\\/\\\/diarioprincipios.com\\\/#website\"},\"primaryImageOfPage\":{\"@id\":\"https:\\\/\\\/diarioprincipios.com\\\/index.php\\\/2023\\\/12\\\/06\\\/ovacionado-mussi-recibio-su-diploma-como-intendente-electo-en-la-legislatura\\\/#primaryimage\"},\"image\":{\"@id\":\"https:\\\/\\\/diarioprincipios.com\\\/index.php\\\/2023\\\/12\\\/06\\\/ovacionado-mussi-recibio-su-diploma-como-intendente-electo-en-la-legislatura\\\/#primaryimage\"},\"thumbnailUrl\":\"https:\\\/\\\/diarioprincipios.com\\\/wp-content\\\/uploads\\\/2023\\\/12\\\/FB_IMG_1701828256336.jpg\",\"datePublished\":\"2023-12-06T10:06:25+00:00\",\"dateModified\":\"2023-12-06T10:35:23+00:00\",\"breadcrumb\":{\"@id\":\"https:\\\/\\\/diarioprincipios.com\\\/index.php\\\/2023\\\/12\\\/06\\\/ovacionado-mussi-recibio-su-diploma-como-intendente-electo-en-la-legislatura\\\/#breadcrumb\"},\"inLanguage\":\"es\",\"potentialAction\":[{\"@type\":\"ReadAction\",\"target\":[\"https:\\\/\\\/diarioprincipios.com\\\/index.php\\\/2023\\\/12\\\/06\\\/ovacionado-mussi-recibio-su-diploma-como-intendente-electo-en-la-legislatura\\\/\"]}]},{\"@type\":\"ImageObject\",\"inLanguage\":\"es\",\"@id\":\"https:\\\/\\\/diarioprincipios.com\\\/index.php\\\/2023\\\/12\\\/06\\\/ovacionado-mussi-recibio-su-diploma-como-intendente-electo-en-la-legislatura\\\/#primaryimage\",\"url\":\"https:\\\/\\\/diarioprincipios.com\\\/wp-content\\\/uploads\\\/2023\\\/12\\\/FB_IMG_1701828256336.jpg\",\"contentUrl\":\"https:\\\/\\\/diarioprincipios.com\\\/wp-content\\\/uploads\\\/2023\\\/12\\\/FB_IMG_1701828256336.jpg\",\"width\":1080,\"height\":720},{\"@type\":\"BreadcrumbList\",\"@id\":\"https:\\\/\\\/diarioprincipios.com\\\/index.php\\\/2023\\\/12\\\/06\\\/ovacionado-mussi-recibio-su-diploma-como-intendente-electo-en-la-legislatura\\\/#breadcrumb\",\"itemListElement\":[{\"@type\":\"ListItem\",\"position\":1,\"name\":\"Portada\",\"item\":\"https:\\\/\\\/diarioprincipios.com\\\/\"},{\"@type\":\"ListItem\",\"position\":2,\"name\":\"Ovacionado en la Legislatura, Mussi recibi\u00f3 su Diploma como Intendente electo de Berazategui\"}]},{\"@type\":\"WebSite\",\"@id\":\"https:\\\/\\\/diarioprincipios.com\\\/#website\",\"url\":\"https:\\\/\\\/diarioprincipios.com\\\/\",\"name\":\"Principios\",\"description\":\"Principios Diario\",\"publisher\":{\"@id\":\"https:\\\/\\\/diarioprincipios.com\\\/#organization\"},\"potentialAction\":[{\"@type\":\"SearchAction\",\"target\":{\"@type\":\"EntryPoint\",\"urlTemplate\":\"https:\\\/\\\/diarioprincipios.com\\\/?s={search_term_string}\"},\"query-input\":{\"@type\":\"PropertyValueSpecification\",\"valueRequired\":true,\"valueName\":\"search_term_string\"}}],\"inLanguage\":\"es\"},{\"@type\":\"Organization\",\"@id\":\"https:\\\/\\\/diarioprincipios.com\\\/#organization\",\"name\":\"Principios\",\"url\":\"https:\\\/\\\/diarioprincipios.com\\\/\",\"logo\":{\"@type\":\"ImageObject\",\"inLanguage\":\"es\",\"@id\":\"https:\\\/\\\/diarioprincipios.com\\\/#\\\/schema\\\/logo\\\/image\\\/\",\"url\":\"https:\\\/\\\/diarioprincipios.com\\\/wp-content\\\/uploads\\\/2024\\\/04\\\/cropped-www.diarioprincipios.com_-1.png\",\"contentUrl\":\"https:\\\/\\\/diarioprincipios.com\\\/wp-content\\\/uploads\\\/2024\\\/04\\\/cropped-www.diarioprincipios.com_-1.png\",\"width\":5325,\"height\":1454,\"caption\":\"Principios\"},\"image\":{\"@id\":\"https:\\\/\\\/diarioprincipios.com\\\/#\\\/schema\\\/logo\\\/image\\\/\"}},{\"@type\":\"Person\",\"@id\":\"https:\\\/\\\/diarioprincipios.com\\\/#\\\/schema\\\/person\\\/436d5a1fd41a5e250e23ff5a6a7cb080\",\"name\":\"Hern\u00e1n L\u00f3pez\",\"image\":{\"@type\":\"ImageObject\",\"inLanguage\":\"es\",\"@id\":\"https:\\\/\\\/diarioprincipios.com\\\/wp-content\\\/litespeed\\\/avatar\\\/11ddfe5610ff3bd100522525b2571f48.jpg?ver=1777653193\",\"url\":\"https:\\\/\\\/diarioprincipios.com\\\/wp-content\\\/litespeed\\\/avatar\\\/11ddfe5610ff3bd100522525b2571f48.jpg?ver=1777653193\",\"contentUrl\":\"https:\\\/\\\/diarioprincipios.com\\\/wp-content\\\/litespeed\\\/avatar\\\/11ddfe5610ff3bd100522525b2571f48.jpg?ver=1777653193\",\"caption\":\"Hern\u00e1n L\u00f3pez\"},\"url\":\"https:\\\/\\\/diarioprincipios.com\\\/index.php\\\/author\\\/hernan\\\/\"}]}<\/script>\n<!-- \/ Yoast SEO plugin. -->","yoast_head_json":{"title":"Ovacionado en la Legislatura, Mussi recibi\u00f3 su Diploma como Intendente electo de Berazategui - Principios","robots":{"index":"index","follow":"follow","max-snippet":"max-snippet:-1","max-image-preview":"max-image-preview:large","max-video-preview":"max-video-preview:-1"},"canonical":"https:\/\/diarioprincipios.com\/index.php\/2023\/12\/06\/ovacionado-mussi-recibio-su-diploma-como-intendente-electo-en-la-legislatura\/","og_locale":"es_ES","og_type":"article","og_title":"Ovacionado en la Legislatura, Mussi recibi\u00f3 su Diploma como Intendente electo de Berazategui - Principios","og_description":"Acompa\u00f1ado por un importante n\u00famero de militamtes, el doctor Juan Jos\u00e9 Mussi recibi\u00f3 en la Legislatura Provincial (junto a otros jefes comunales) su diploma como Intendente electo de Berazategui, oportunidad en la que fue ovacionado. La entrega de diplomas a legisladores e intendentes electos en Octubre pasado fue encabezada por el Presidente de la Suprema...","og_url":"https:\/\/diarioprincipios.com\/index.php\/2023\/12\/06\/ovacionado-mussi-recibio-su-diploma-como-intendente-electo-en-la-legislatura\/","og_site_name":"Principios","article_published_time":"2023-12-06T10:06:25+00:00","article_modified_time":"2023-12-06T10:35:23+00:00","og_image":[{"width":1080,"height":720,"url":"https:\/\/diarioprincipios.com\/wp-content\/uploads\/2023\/12\/FB_IMG_1701828256336.jpg","type":"image\/jpeg"}],"author":"Hern\u00e1n L\u00f3pez","twitter_card":"summary_large_image","twitter_misc":{"Escrito por":"Hern\u00e1n L\u00f3pez","Tiempo de lectura":"2 minutos"},"schema":{"@context":"https:\/\/schema.org","@graph":[{"@type":"Article","@id":"https:\/\/diarioprincipios.com\/index.php\/2023\/12\/06\/ovacionado-mussi-recibio-su-diploma-como-intendente-electo-en-la-legislatura\/#article","isPartOf":{"@id":"https:\/\/diarioprincipios.com\/index.php\/2023\/12\/06\/ovacionado-mussi-recibio-su-diploma-como-intendente-electo-en-la-legislatura\/"},"author":{"name":"Hern\u00e1n L\u00f3pez","@id":"https:\/\/diarioprincipios.com\/#\/schema\/person\/436d5a1fd41a5e250e23ff5a6a7cb080"},"headline":"Ovacionado en la Legislatura, Mussi recibi\u00f3 su Diploma como Intendente electo de Berazategui","datePublished":"2023-12-06T10:06:25+00:00","dateModified":"2023-12-06T10:35:23+00:00","mainEntityOfPage":{"@id":"https:\/\/diarioprincipios.com\/index.php\/2023\/12\/06\/ovacionado-mussi-recibio-su-diploma-como-intendente-electo-en-la-legislatura\/"},"wordCount":123,"commentCount":0,"publisher":{"@id":"https:\/\/diarioprincipios.com\/#organization"},"image":{"@id":"https:\/\/diarioprincipios.com\/index.php\/2023\/12\/06\/ovacionado-mussi-recibio-su-diploma-como-intendente-electo-en-la-legislatura\/#primaryimage"},"thumbnailUrl":"https:\/\/diarioprincipios.com\/wp-content\/uploads\/2023\/12\/FB_IMG_1701828256336.jpg","articleSection":["Berazategui"],"inLanguage":"es","potentialAction":[{"@type":"CommentAction","name":"Comment","target":["https:\/\/diarioprincipios.com\/index.php\/2023\/12\/06\/ovacionado-mussi-recibio-su-diploma-como-intendente-electo-en-la-legislatura\/#respond"]}]},{"@type":"WebPage","@id":"https:\/\/diarioprincipios.com\/index.php\/2023\/12\/06\/ovacionado-mussi-recibio-su-diploma-como-intendente-electo-en-la-legislatura\/","url":"https:\/\/diarioprincipios.com\/index.php\/2023\/12\/06\/ovacionado-mussi-recibio-su-diploma-como-intendente-electo-en-la-legislatura\/","name":"Ovacionado en la Legislatura, Mussi recibi\u00f3 su Diploma como Intendente electo de Berazategui - Principios","isPartOf":{"@id":"https:\/\/diarioprincipios.com\/#website"},"primaryImageOfPage":{"@id":"https:\/\/diarioprincipios.com\/index.php\/2023\/12\/06\/ovacionado-mussi-recibio-su-diploma-como-intendente-electo-en-la-legislatura\/#primaryimage"},"image":{"@id":"https:\/\/diarioprincipios.com\/index.php\/2023\/12\/06\/ovacionado-mussi-recibio-su-diploma-como-intendente-electo-en-la-legislatura\/#primaryimage"},"thumbnailUrl":"https:\/\/diarioprincipios.com\/wp-content\/uploads\/2023\/12\/FB_IMG_1701828256336.jpg","datePublished":"2023-12-06T10:06:25+00:00","dateModified":"2023-12-06T10:35:23+00:00","breadcrumb":{"@id":"https:\/\/diarioprincipios.com\/index.php\/2023\/12\/06\/ovacionado-mussi-recibio-su-diploma-como-intendente-electo-en-la-legislatura\/#breadcrumb"},"inLanguage":"es","potentialAction":[{"@type":"ReadAction","target":["https:\/\/diarioprincipios.com\/index.php\/2023\/12\/06\/ovacionado-mussi-recibio-su-diploma-como-intendente-electo-en-la-legislatura\/"]}]},{"@type":"ImageObject","inLanguage":"es","@id":"https:\/\/diarioprincipios.com\/index.php\/2023\/12\/06\/ovacionado-mussi-recibio-su-diploma-como-intendente-electo-en-la-legislatura\/#primaryimage","url":"https:\/\/diarioprincipios.com\/wp-content\/uploads\/2023\/12\/FB_IMG_1701828256336.jpg","contentUrl":"https:\/\/diarioprincipios.com\/wp-content\/uploads\/2023\/12\/FB_IMG_1701828256336.jpg","width":1080,"height":720},{"@type":"BreadcrumbList","@id":"https:\/\/diarioprincipios.com\/index.php\/2023\/12\/06\/ovacionado-mussi-recibio-su-diploma-como-intendente-electo-en-la-legislatura\/#breadcrumb","itemListElement":[{"@type":"ListItem","position":1,"name":"Portada","item":"https:\/\/diarioprincipios.com\/"},{"@type":"ListItem","position":2,"name":"Ovacionado en la Legislatura, Mussi recibi\u00f3 su Diploma como Intendente electo de Berazategui"}]},{"@type":"WebSite","@id":"https:\/\/diarioprincipios.com\/#website","url":"https:\/\/diarioprincipios.com\/","name":"Principios","description":"Principios Diario","publisher":{"@id":"https:\/\/diarioprincipios.com\/#organization"},"potentialAction":[{"@type":"SearchAction","target":{"@type":"EntryPoint","urlTemplate":"https:\/\/diarioprincipios.com\/?s={search_term_string}"},"query-input":{"@type":"PropertyValueSpecification","valueRequired":true,"valueName":"search_term_string"}}],"inLanguage":"es"},{"@type":"Organization","@id":"https:\/\/diarioprincipios.com\/#organization","name":"Principios","url":"https:\/\/diarioprincipios.com\/","logo":{"@type":"ImageObject","inLanguage":"es","@id":"https:\/\/diarioprincipios.com\/#\/schema\/logo\/image\/","url":"https:\/\/diarioprincipios.com\/wp-content\/uploads\/2024\/04\/cropped-www.diarioprincipios.com_-1.png","contentUrl":"https:\/\/diarioprincipios.com\/wp-content\/uploads\/2024\/04\/cropped-www.diarioprincipios.com_-1.png","width":5325,"height":1454,"caption":"Principios"},"image":{"@id":"https:\/\/diarioprincipios.com\/#\/schema\/logo\/image\/"}},{"@type":"Person","@id":"https:\/\/diarioprincipios.com\/#\/schema\/person\/436d5a1fd41a5e250e23ff5a6a7cb080","name":"Hern\u00e1n L\u00f3pez","image":{"@type":"ImageObject","inLanguage":"es","@id":"https:\/\/diarioprincipios.com\/wp-content\/litespeed\/avatar\/11ddfe5610ff3bd100522525b2571f48.jpg?ver=1777653193","url":"https:\/\/diarioprincipios.com\/wp-content\/litespeed\/avatar\/11ddfe5610ff3bd100522525b2571f48.jpg?ver=1777653193","contentUrl":"https:\/\/diarioprincipios.com\/wp-content\/litespeed\/avatar\/11ddfe5610ff3bd100522525b2571f48.jpg?ver=1777653193","caption":"Hern\u00e1n L\u00f3pez"},"url":"https:\/\/diarioprincipios.com\/index.php\/author\/hernan\/"}]}},"jetpack_featured_media_url":"https:\/\/diarioprincipios.com\/wp-content\/uploads\/2023\/12\/FB_IMG_1701828256336.jpg","_links":{"self":[{"href":"https:\/\/diarioprincipios.com\/index.php\/wp-json\/wp\/v2\/posts\/19885","targetHints":{"allow":["GET"]}}],"collection":[{"href":"https:\/\/diarioprincipios.com\/index.php\/wp-json\/wp\/v2\/posts"}],"about":[{"href":"https:\/\/diarioprincipios.com\/index.php\/wp-json\/wp\/v2\/types\/post"}],"author":[{"embeddable":true,"href":"https:\/\/diarioprincipios.com\/index.php\/wp-json\/wp\/v2\/users\/2"}],"replies":[{"embeddable":true,"href":"https:\/\/diarioprincipios.com\/index.php\/wp-json\/wp\/v2\/comments?post=19885"}],"version-history":[{"count":2,"href":"https:\/\/diarioprincipios.com\/index.php\/wp-json\/wp\/v2\/posts\/19885\/revisions"}],"predecessor-version":[{"id":19891,"href":"https:\/\/diarioprincipios.com\/index.php\/wp-json\/wp\/v2\/posts\/19885\/revisions\/19891"}],"wp:featuredmedia":[{"embeddable":true,"href":"https:\/\/diarioprincipios.com\/index.php\/wp-json\/wp\/v2\/media\/19889"}],"wp:attachment":[{"href":"https:\/\/diarioprincipios.com\/index.php\/wp-json\/wp\/v2\/media?parent=19885"}],"wp:term":[{"taxonomy":"category","embeddable":true,"href":"https:\/\/diarioprincipios.com\/index.php\/wp-json\/wp\/v2\/categories?post=19885"},{"taxonomy":"post_tag","embeddable":true,"href":"https:\/\/diarioprincipios.com\/index.php\/wp-json\/wp\/v2\/tags?post=19885"}],"curies":[{"name":"wp","href":"https:\/\/api.w.org\/{rel}","templated":true}]}}