{"id":19876,"date":"2023-12-05T16:08:33","date_gmt":"2023-12-05T19:08:33","guid":{"rendered":"http:\/\/diarioprincipios.com\/?p=19876"},"modified":"2023-12-05T16:08:36","modified_gmt":"2023-12-05T19:08:36","slug":"mussi-encabezo-acto-de-firma-de-escrituras","status":"publish","type":"post","link":"https:\/\/diarioprincipios.com\/index.php\/2023\/12\/05\/mussi-encabezo-acto-de-firma-de-escrituras\/","title":{"rendered":"Mussi encabez\u00f3 acto de firma de Escrituras"},"content":{"rendered":"\n<p><strong>Treinta y dos familias de Berazategui firmaron sus escrituras de propiedad de vivienda, en un acto encabezado por el intendente Juan Jos\u00e9 Mussi. Gracias a este tr\u00e1mite, realizado gratuitamente a trav\u00e9s de la Municipalidad y del Programa Provincial Mi escritura, mi casa, los vecinos beneficiados pudieron ahorrar m\u00e1s de $600.000 y $70.000 extras; quienes incluyeron la afectaci\u00f3n a vivienda (ex Bien de Familia).<\/strong><\/p>\n\n\n\n<p>Tambi\u00e9n participaron la titular de la Agencia de Tierras y H\u00e1bitat municipal, Luc\u00eda Vega; la subsecretaria de Escrituraci\u00f3n Social y Protecci\u00f3n de la Vivienda, Gisela Girard; y la escribana Mar\u00eda de los \u00c1ngeles Villanueva, de la Escriban\u00eda General de Gobierno.<\/p>\n\n\n\n<figure class=\"wp-block-image size-large\"><img loading=\"lazy\" decoding=\"async\" width=\"1024\" height=\"683\" src=\"https:\/\/diarioprincipios.com\/wp-content\/uploads\/2023\/12\/MAS-DE-30-FAMILIAS-DE-BERAZATEGUI-FIRMARON-SUS-ESCRITURAS-3-1024x683.jpg\" alt=\"\" class=\"wp-image-19877\" srcset=\"https:\/\/diarioprincipios.com\/wp-content\/uploads\/2023\/12\/MAS-DE-30-FAMILIAS-DE-BERAZATEGUI-FIRMARON-SUS-ESCRITURAS-3-1024x683.jpg 1024w, https:\/\/diarioprincipios.com\/wp-content\/uploads\/2023\/12\/MAS-DE-30-FAMILIAS-DE-BERAZATEGUI-FIRMARON-SUS-ESCRITURAS-3-300x200.jpg 300w, https:\/\/diarioprincipios.com\/wp-content\/uploads\/2023\/12\/MAS-DE-30-FAMILIAS-DE-BERAZATEGUI-FIRMARON-SUS-ESCRITURAS-3-768x512.jpg 768w, https:\/\/diarioprincipios.com\/wp-content\/uploads\/2023\/12\/MAS-DE-30-FAMILIAS-DE-BERAZATEGUI-FIRMARON-SUS-ESCRITURAS-3-1536x1024.jpg 1536w, https:\/\/diarioprincipios.com\/wp-content\/uploads\/2023\/12\/MAS-DE-30-FAMILIAS-DE-BERAZATEGUI-FIRMARON-SUS-ESCRITURAS-3.jpg 1920w\" sizes=\"auto, (max-width: 1024px) 100vw, 1024px\" \/><\/figure>\n\n\n\n<p>Durante su discurso, Mussi asegur\u00f3: \u201cLos actos m\u00e1s lindos son los de las firmas y entregas de escrituras, porque les da la seguridad de que ya son propietarios. Adem\u00e1s, la afectaci\u00f3n a vivienda hace que su propiedad sea intocable. Con este tr\u00e1mite gratuito, les estamos asegurando el techo\u201d. Adem\u00e1s, el Intendente agradeci\u00f3 \u201cla voluntad pol\u00edtica y el acompa\u00f1amiento del gobernador Axel Kicillof\u201d.<\/p>\n\n\n\n<p>Por su parte, la escribana Villanueva expres\u00f3: \u201cEs muy gratificante venir a Berazategui. Sabemos que siempre hay espera y expectativa por parte de los vecinos y las vecinas, pero gracias al trabajo conjunto con el Municipio los tr\u00e1mites salen r\u00e1pido y bien\u201d.<\/p>\n\n\n\n<figure class=\"wp-block-image size-large\"><img loading=\"lazy\" decoding=\"async\" width=\"1024\" height=\"683\" src=\"https:\/\/diarioprincipios.com\/wp-content\/uploads\/2023\/12\/MAS-DE-30-FAMILIAS-DE-BERAZATEGUI-FIRMARON-SUS-ESCRITURAS-1-1024x683.jpg\" alt=\"\" class=\"wp-image-19878\" srcset=\"https:\/\/diarioprincipios.com\/wp-content\/uploads\/2023\/12\/MAS-DE-30-FAMILIAS-DE-BERAZATEGUI-FIRMARON-SUS-ESCRITURAS-1-1024x683.jpg 1024w, https:\/\/diarioprincipios.com\/wp-content\/uploads\/2023\/12\/MAS-DE-30-FAMILIAS-DE-BERAZATEGUI-FIRMARON-SUS-ESCRITURAS-1-300x200.jpg 300w, https:\/\/diarioprincipios.com\/wp-content\/uploads\/2023\/12\/MAS-DE-30-FAMILIAS-DE-BERAZATEGUI-FIRMARON-SUS-ESCRITURAS-1-768x512.jpg 768w, https:\/\/diarioprincipios.com\/wp-content\/uploads\/2023\/12\/MAS-DE-30-FAMILIAS-DE-BERAZATEGUI-FIRMARON-SUS-ESCRITURAS-1-1536x1024.jpg 1536w, https:\/\/diarioprincipios.com\/wp-content\/uploads\/2023\/12\/MAS-DE-30-FAMILIAS-DE-BERAZATEGUI-FIRMARON-SUS-ESCRITURAS-1.jpg 1920w\" sizes=\"auto, (max-width: 1024px) 100vw, 1024px\" \/><\/figure>\n\n\n\n<p>En 2023, se firmaron 109 escrituras y 80 afectaciones a vivienda. En esta oportunidad, uno de los vecinos beneficiados fue An\u00edbal Paz, del Barrio Luz, quien coment\u00f3 \u201cGracias a este tr\u00e1mite, mi propiedad va a quedar a mi nombre. Es muy importante, porque se la voy a dejar a mi hijo y nadie se la va a poder quitar\u201d.<\/p>\n","protected":false},"excerpt":{"rendered":"<p>Treinta y dos familias de Berazategui firmaron sus escrituras de propiedad de vivienda, en un acto encabezado por el intendente Juan Jos\u00e9 Mussi. Gracias a este tr\u00e1mite, realizado gratuitamente a trav\u00e9s de la Municipalidad y del Programa Provincial Mi escritura, mi casa, los vecinos beneficiados pudieron ahorrar m\u00e1s de $600.000 y $70.000 extras; quienes incluyeron&#8230;<\/p>\n","protected":false},"author":2,"featured_media":19879,"comment_status":"open","ping_status":"open","sticky":false,"template":"","format":"standard","meta":{"footnotes":""},"categories":[3],"tags":[],"class_list":["post-19876","post","type-post","status-publish","format-standard","has-post-thumbnail","hentry","category-berazategui"],"featured_image_src":"https:\/\/diarioprincipios.com\/wp-content\/uploads\/2023\/12\/MAS-DE-30-FAMILIAS-DE-BERAZATEGUI-FIRMARON-SUS-ESCRITURAS-2-1024x683.jpg","blog_images":{"medium":"https:\/\/diarioprincipios.com\/wp-content\/uploads\/2023\/12\/MAS-DE-30-FAMILIAS-DE-BERAZATEGUI-FIRMARON-SUS-ESCRITURAS-2-300x200.jpg","large":"https:\/\/diarioprincipios.com\/wp-content\/uploads\/2023\/12\/MAS-DE-30-FAMILIAS-DE-BERAZATEGUI-FIRMARON-SUS-ESCRITURAS-2-1024x683.jpg"},"ams_acf":[],"yoast_head":"<!-- This site is optimized with the Yoast SEO plugin v27.3 - https:\/\/yoast.com\/product\/yoast-seo-wordpress\/ -->\n<title>Mussi encabez\u00f3 acto de firma de Escrituras - Principios<\/title>\n<meta name=\"robots\" content=\"index, follow, max-snippet:-1, max-image-preview:large, max-video-preview:-1\" \/>\n<link rel=\"canonical\" href=\"https:\/\/diarioprincipios.com\/index.php\/2023\/12\/05\/mussi-encabezo-acto-de-firma-de-escrituras\/\" \/>\n<meta property=\"og:locale\" content=\"es_ES\" \/>\n<meta property=\"og:type\" content=\"article\" \/>\n<meta property=\"og:title\" content=\"Mussi encabez\u00f3 acto de firma de Escrituras - Principios\" \/>\n<meta property=\"og:description\" content=\"Treinta y dos familias de Berazategui firmaron sus escrituras de propiedad de vivienda, en un acto encabezado por el intendente Juan Jos\u00e9 Mussi. Gracias a este tr\u00e1mite, realizado gratuitamente a trav\u00e9s de la Municipalidad y del Programa Provincial Mi escritura, mi casa, los vecinos beneficiados pudieron ahorrar m\u00e1s de $600.000 y $70.000 extras; quienes incluyeron...\" \/>\n<meta property=\"og:url\" content=\"https:\/\/diarioprincipios.com\/index.php\/2023\/12\/05\/mussi-encabezo-acto-de-firma-de-escrituras\/\" \/>\n<meta property=\"og:site_name\" content=\"Principios\" \/>\n<meta property=\"article:published_time\" content=\"2023-12-05T19:08:33+00:00\" \/>\n<meta property=\"article:modified_time\" content=\"2023-12-05T19:08:36+00:00\" \/>\n<meta property=\"og:image\" content=\"https:\/\/diarioprincipios.com\/wp-content\/uploads\/2023\/12\/MAS-DE-30-FAMILIAS-DE-BERAZATEGUI-FIRMARON-SUS-ESCRITURAS-2.jpg\" \/>\n\t<meta property=\"og:image:width\" content=\"1920\" \/>\n\t<meta property=\"og:image:height\" content=\"1280\" \/>\n\t<meta property=\"og:image:type\" content=\"image\/jpeg\" \/>\n<meta name=\"author\" content=\"Hern\u00e1n L\u00f3pez\" \/>\n<meta name=\"twitter:card\" content=\"summary_large_image\" \/>\n<meta name=\"twitter:label1\" content=\"Escrito por\" \/>\n\t<meta name=\"twitter:data1\" content=\"Hern\u00e1n L\u00f3pez\" \/>\n\t<meta name=\"twitter:label2\" content=\"Tiempo de lectura\" \/>\n\t<meta name=\"twitter:data2\" content=\"2 minutos\" \/>\n<script type=\"application\/ld+json\" class=\"yoast-schema-graph\">{\"@context\":\"https:\\\/\\\/schema.org\",\"@graph\":[{\"@type\":\"Article\",\"@id\":\"https:\\\/\\\/diarioprincipios.com\\\/index.php\\\/2023\\\/12\\\/05\\\/mussi-encabezo-acto-de-firma-de-escrituras\\\/#article\",\"isPartOf\":{\"@id\":\"https:\\\/\\\/diarioprincipios.com\\\/index.php\\\/2023\\\/12\\\/05\\\/mussi-encabezo-acto-de-firma-de-escrituras\\\/\"},\"author\":{\"name\":\"Hern\u00e1n L\u00f3pez\",\"@id\":\"https:\\\/\\\/diarioprincipios.com\\\/#\\\/schema\\\/person\\\/436d5a1fd41a5e250e23ff5a6a7cb080\"},\"headline\":\"Mussi encabez\u00f3 acto de firma de Escrituras\",\"datePublished\":\"2023-12-05T19:08:33+00:00\",\"dateModified\":\"2023-12-05T19:08:36+00:00\",\"mainEntityOfPage\":{\"@id\":\"https:\\\/\\\/diarioprincipios.com\\\/index.php\\\/2023\\\/12\\\/05\\\/mussi-encabezo-acto-de-firma-de-escrituras\\\/\"},\"wordCount\":290,\"commentCount\":0,\"publisher\":{\"@id\":\"https:\\\/\\\/diarioprincipios.com\\\/#organization\"},\"image\":{\"@id\":\"https:\\\/\\\/diarioprincipios.com\\\/index.php\\\/2023\\\/12\\\/05\\\/mussi-encabezo-acto-de-firma-de-escrituras\\\/#primaryimage\"},\"thumbnailUrl\":\"https:\\\/\\\/diarioprincipios.com\\\/wp-content\\\/uploads\\\/2023\\\/12\\\/MAS-DE-30-FAMILIAS-DE-BERAZATEGUI-FIRMARON-SUS-ESCRITURAS-2.jpg\",\"articleSection\":[\"Berazategui\"],\"inLanguage\":\"es\",\"potentialAction\":[{\"@type\":\"CommentAction\",\"name\":\"Comment\",\"target\":[\"https:\\\/\\\/diarioprincipios.com\\\/index.php\\\/2023\\\/12\\\/05\\\/mussi-encabezo-acto-de-firma-de-escrituras\\\/#respond\"]}]},{\"@type\":\"WebPage\",\"@id\":\"https:\\\/\\\/diarioprincipios.com\\\/index.php\\\/2023\\\/12\\\/05\\\/mussi-encabezo-acto-de-firma-de-escrituras\\\/\",\"url\":\"https:\\\/\\\/diarioprincipios.com\\\/index.php\\\/2023\\\/12\\\/05\\\/mussi-encabezo-acto-de-firma-de-escrituras\\\/\",\"name\":\"Mussi encabez\u00f3 acto de firma de Escrituras - Principios\",\"isPartOf\":{\"@id\":\"https:\\\/\\\/diarioprincipios.com\\\/#website\"},\"primaryImageOfPage\":{\"@id\":\"https:\\\/\\\/diarioprincipios.com\\\/index.php\\\/2023\\\/12\\\/05\\\/mussi-encabezo-acto-de-firma-de-escrituras\\\/#primaryimage\"},\"image\":{\"@id\":\"https:\\\/\\\/diarioprincipios.com\\\/index.php\\\/2023\\\/12\\\/05\\\/mussi-encabezo-acto-de-firma-de-escrituras\\\/#primaryimage\"},\"thumbnailUrl\":\"https:\\\/\\\/diarioprincipios.com\\\/wp-content\\\/uploads\\\/2023\\\/12\\\/MAS-DE-30-FAMILIAS-DE-BERAZATEGUI-FIRMARON-SUS-ESCRITURAS-2.jpg\",\"datePublished\":\"2023-12-05T19:08:33+00:00\",\"dateModified\":\"2023-12-05T19:08:36+00:00\",\"breadcrumb\":{\"@id\":\"https:\\\/\\\/diarioprincipios.com\\\/index.php\\\/2023\\\/12\\\/05\\\/mussi-encabezo-acto-de-firma-de-escrituras\\\/#breadcrumb\"},\"inLanguage\":\"es\",\"potentialAction\":[{\"@type\":\"ReadAction\",\"target\":[\"https:\\\/\\\/diarioprincipios.com\\\/index.php\\\/2023\\\/12\\\/05\\\/mussi-encabezo-acto-de-firma-de-escrituras\\\/\"]}]},{\"@type\":\"ImageObject\",\"inLanguage\":\"es\",\"@id\":\"https:\\\/\\\/diarioprincipios.com\\\/index.php\\\/2023\\\/12\\\/05\\\/mussi-encabezo-acto-de-firma-de-escrituras\\\/#primaryimage\",\"url\":\"https:\\\/\\\/diarioprincipios.com\\\/wp-content\\\/uploads\\\/2023\\\/12\\\/MAS-DE-30-FAMILIAS-DE-BERAZATEGUI-FIRMARON-SUS-ESCRITURAS-2.jpg\",\"contentUrl\":\"https:\\\/\\\/diarioprincipios.com\\\/wp-content\\\/uploads\\\/2023\\\/12\\\/MAS-DE-30-FAMILIAS-DE-BERAZATEGUI-FIRMARON-SUS-ESCRITURAS-2.jpg\",\"width\":1920,\"height\":1280},{\"@type\":\"BreadcrumbList\",\"@id\":\"https:\\\/\\\/diarioprincipios.com\\\/index.php\\\/2023\\\/12\\\/05\\\/mussi-encabezo-acto-de-firma-de-escrituras\\\/#breadcrumb\",\"itemListElement\":[{\"@type\":\"ListItem\",\"position\":1,\"name\":\"Portada\",\"item\":\"https:\\\/\\\/diarioprincipios.com\\\/\"},{\"@type\":\"ListItem\",\"position\":2,\"name\":\"Mussi encabez\u00f3 acto de firma de Escrituras\"}]},{\"@type\":\"WebSite\",\"@id\":\"https:\\\/\\\/diarioprincipios.com\\\/#website\",\"url\":\"https:\\\/\\\/diarioprincipios.com\\\/\",\"name\":\"Principios\",\"description\":\"Principios Diario\",\"publisher\":{\"@id\":\"https:\\\/\\\/diarioprincipios.com\\\/#organization\"},\"potentialAction\":[{\"@type\":\"SearchAction\",\"target\":{\"@type\":\"EntryPoint\",\"urlTemplate\":\"https:\\\/\\\/diarioprincipios.com\\\/?s={search_term_string}\"},\"query-input\":{\"@type\":\"PropertyValueSpecification\",\"valueRequired\":true,\"valueName\":\"search_term_string\"}}],\"inLanguage\":\"es\"},{\"@type\":\"Organization\",\"@id\":\"https:\\\/\\\/diarioprincipios.com\\\/#organization\",\"name\":\"Principios\",\"url\":\"https:\\\/\\\/diarioprincipios.com\\\/\",\"logo\":{\"@type\":\"ImageObject\",\"inLanguage\":\"es\",\"@id\":\"https:\\\/\\\/diarioprincipios.com\\\/#\\\/schema\\\/logo\\\/image\\\/\",\"url\":\"https:\\\/\\\/diarioprincipios.com\\\/wp-content\\\/uploads\\\/2024\\\/04\\\/cropped-www.diarioprincipios.com_-1.png\",\"contentUrl\":\"https:\\\/\\\/diarioprincipios.com\\\/wp-content\\\/uploads\\\/2024\\\/04\\\/cropped-www.diarioprincipios.com_-1.png\",\"width\":5325,\"height\":1454,\"caption\":\"Principios\"},\"image\":{\"@id\":\"https:\\\/\\\/diarioprincipios.com\\\/#\\\/schema\\\/logo\\\/image\\\/\"}},{\"@type\":\"Person\",\"@id\":\"https:\\\/\\\/diarioprincipios.com\\\/#\\\/schema\\\/person\\\/436d5a1fd41a5e250e23ff5a6a7cb080\",\"name\":\"Hern\u00e1n L\u00f3pez\",\"image\":{\"@type\":\"ImageObject\",\"inLanguage\":\"es\",\"@id\":\"https:\\\/\\\/diarioprincipios.com\\\/wp-content\\\/litespeed\\\/avatar\\\/11ddfe5610ff3bd100522525b2571f48.jpg?ver=1777653193\",\"url\":\"https:\\\/\\\/diarioprincipios.com\\\/wp-content\\\/litespeed\\\/avatar\\\/11ddfe5610ff3bd100522525b2571f48.jpg?ver=1777653193\",\"contentUrl\":\"https:\\\/\\\/diarioprincipios.com\\\/wp-content\\\/litespeed\\\/avatar\\\/11ddfe5610ff3bd100522525b2571f48.jpg?ver=1777653193\",\"caption\":\"Hern\u00e1n L\u00f3pez\"},\"url\":\"https:\\\/\\\/diarioprincipios.com\\\/index.php\\\/author\\\/hernan\\\/\"}]}<\/script>\n<!-- \/ Yoast SEO plugin. -->","yoast_head_json":{"title":"Mussi encabez\u00f3 acto de firma de Escrituras - Principios","robots":{"index":"index","follow":"follow","max-snippet":"max-snippet:-1","max-image-preview":"max-image-preview:large","max-video-preview":"max-video-preview:-1"},"canonical":"https:\/\/diarioprincipios.com\/index.php\/2023\/12\/05\/mussi-encabezo-acto-de-firma-de-escrituras\/","og_locale":"es_ES","og_type":"article","og_title":"Mussi encabez\u00f3 acto de firma de Escrituras - Principios","og_description":"Treinta y dos familias de Berazategui firmaron sus escrituras de propiedad de vivienda, en un acto encabezado por el intendente Juan Jos\u00e9 Mussi. Gracias a este tr\u00e1mite, realizado gratuitamente a trav\u00e9s de la Municipalidad y del Programa Provincial Mi escritura, mi casa, los vecinos beneficiados pudieron ahorrar m\u00e1s de $600.000 y $70.000 extras; quienes incluyeron...","og_url":"https:\/\/diarioprincipios.com\/index.php\/2023\/12\/05\/mussi-encabezo-acto-de-firma-de-escrituras\/","og_site_name":"Principios","article_published_time":"2023-12-05T19:08:33+00:00","article_modified_time":"2023-12-05T19:08:36+00:00","og_image":[{"width":1920,"height":1280,"url":"https:\/\/diarioprincipios.com\/wp-content\/uploads\/2023\/12\/MAS-DE-30-FAMILIAS-DE-BERAZATEGUI-FIRMARON-SUS-ESCRITURAS-2.jpg","type":"image\/jpeg"}],"author":"Hern\u00e1n L\u00f3pez","twitter_card":"summary_large_image","twitter_misc":{"Escrito por":"Hern\u00e1n L\u00f3pez","Tiempo de lectura":"2 minutos"},"schema":{"@context":"https:\/\/schema.org","@graph":[{"@type":"Article","@id":"https:\/\/diarioprincipios.com\/index.php\/2023\/12\/05\/mussi-encabezo-acto-de-firma-de-escrituras\/#article","isPartOf":{"@id":"https:\/\/diarioprincipios.com\/index.php\/2023\/12\/05\/mussi-encabezo-acto-de-firma-de-escrituras\/"},"author":{"name":"Hern\u00e1n L\u00f3pez","@id":"https:\/\/diarioprincipios.com\/#\/schema\/person\/436d5a1fd41a5e250e23ff5a6a7cb080"},"headline":"Mussi encabez\u00f3 acto de firma de Escrituras","datePublished":"2023-12-05T19:08:33+00:00","dateModified":"2023-12-05T19:08:36+00:00","mainEntityOfPage":{"@id":"https:\/\/diarioprincipios.com\/index.php\/2023\/12\/05\/mussi-encabezo-acto-de-firma-de-escrituras\/"},"wordCount":290,"commentCount":0,"publisher":{"@id":"https:\/\/diarioprincipios.com\/#organization"},"image":{"@id":"https:\/\/diarioprincipios.com\/index.php\/2023\/12\/05\/mussi-encabezo-acto-de-firma-de-escrituras\/#primaryimage"},"thumbnailUrl":"https:\/\/diarioprincipios.com\/wp-content\/uploads\/2023\/12\/MAS-DE-30-FAMILIAS-DE-BERAZATEGUI-FIRMARON-SUS-ESCRITURAS-2.jpg","articleSection":["Berazategui"],"inLanguage":"es","potentialAction":[{"@type":"CommentAction","name":"Comment","target":["https:\/\/diarioprincipios.com\/index.php\/2023\/12\/05\/mussi-encabezo-acto-de-firma-de-escrituras\/#respond"]}]},{"@type":"WebPage","@id":"https:\/\/diarioprincipios.com\/index.php\/2023\/12\/05\/mussi-encabezo-acto-de-firma-de-escrituras\/","url":"https:\/\/diarioprincipios.com\/index.php\/2023\/12\/05\/mussi-encabezo-acto-de-firma-de-escrituras\/","name":"Mussi encabez\u00f3 acto de firma de Escrituras - Principios","isPartOf":{"@id":"https:\/\/diarioprincipios.com\/#website"},"primaryImageOfPage":{"@id":"https:\/\/diarioprincipios.com\/index.php\/2023\/12\/05\/mussi-encabezo-acto-de-firma-de-escrituras\/#primaryimage"},"image":{"@id":"https:\/\/diarioprincipios.com\/index.php\/2023\/12\/05\/mussi-encabezo-acto-de-firma-de-escrituras\/#primaryimage"},"thumbnailUrl":"https:\/\/diarioprincipios.com\/wp-content\/uploads\/2023\/12\/MAS-DE-30-FAMILIAS-DE-BERAZATEGUI-FIRMARON-SUS-ESCRITURAS-2.jpg","datePublished":"2023-12-05T19:08:33+00:00","dateModified":"2023-12-05T19:08:36+00:00","breadcrumb":{"@id":"https:\/\/diarioprincipios.com\/index.php\/2023\/12\/05\/mussi-encabezo-acto-de-firma-de-escrituras\/#breadcrumb"},"inLanguage":"es","potentialAction":[{"@type":"ReadAction","target":["https:\/\/diarioprincipios.com\/index.php\/2023\/12\/05\/mussi-encabezo-acto-de-firma-de-escrituras\/"]}]},{"@type":"ImageObject","inLanguage":"es","@id":"https:\/\/diarioprincipios.com\/index.php\/2023\/12\/05\/mussi-encabezo-acto-de-firma-de-escrituras\/#primaryimage","url":"https:\/\/diarioprincipios.com\/wp-content\/uploads\/2023\/12\/MAS-DE-30-FAMILIAS-DE-BERAZATEGUI-FIRMARON-SUS-ESCRITURAS-2.jpg","contentUrl":"https:\/\/diarioprincipios.com\/wp-content\/uploads\/2023\/12\/MAS-DE-30-FAMILIAS-DE-BERAZATEGUI-FIRMARON-SUS-ESCRITURAS-2.jpg","width":1920,"height":1280},{"@type":"BreadcrumbList","@id":"https:\/\/diarioprincipios.com\/index.php\/2023\/12\/05\/mussi-encabezo-acto-de-firma-de-escrituras\/#breadcrumb","itemListElement":[{"@type":"ListItem","position":1,"name":"Portada","item":"https:\/\/diarioprincipios.com\/"},{"@type":"ListItem","position":2,"name":"Mussi encabez\u00f3 acto de firma de Escrituras"}]},{"@type":"WebSite","@id":"https:\/\/diarioprincipios.com\/#website","url":"https:\/\/diarioprincipios.com\/","name":"Principios","description":"Principios Diario","publisher":{"@id":"https:\/\/diarioprincipios.com\/#organization"},"potentialAction":[{"@type":"SearchAction","target":{"@type":"EntryPoint","urlTemplate":"https:\/\/diarioprincipios.com\/?s={search_term_string}"},"query-input":{"@type":"PropertyValueSpecification","valueRequired":true,"valueName":"search_term_string"}}],"inLanguage":"es"},{"@type":"Organization","@id":"https:\/\/diarioprincipios.com\/#organization","name":"Principios","url":"https:\/\/diarioprincipios.com\/","logo":{"@type":"ImageObject","inLanguage":"es","@id":"https:\/\/diarioprincipios.com\/#\/schema\/logo\/image\/","url":"https:\/\/diarioprincipios.com\/wp-content\/uploads\/2024\/04\/cropped-www.diarioprincipios.com_-1.png","contentUrl":"https:\/\/diarioprincipios.com\/wp-content\/uploads\/2024\/04\/cropped-www.diarioprincipios.com_-1.png","width":5325,"height":1454,"caption":"Principios"},"image":{"@id":"https:\/\/diarioprincipios.com\/#\/schema\/logo\/image\/"}},{"@type":"Person","@id":"https:\/\/diarioprincipios.com\/#\/schema\/person\/436d5a1fd41a5e250e23ff5a6a7cb080","name":"Hern\u00e1n L\u00f3pez","image":{"@type":"ImageObject","inLanguage":"es","@id":"https:\/\/diarioprincipios.com\/wp-content\/litespeed\/avatar\/11ddfe5610ff3bd100522525b2571f48.jpg?ver=1777653193","url":"https:\/\/diarioprincipios.com\/wp-content\/litespeed\/avatar\/11ddfe5610ff3bd100522525b2571f48.jpg?ver=1777653193","contentUrl":"https:\/\/diarioprincipios.com\/wp-content\/litespeed\/avatar\/11ddfe5610ff3bd100522525b2571f48.jpg?ver=1777653193","caption":"Hern\u00e1n L\u00f3pez"},"url":"https:\/\/diarioprincipios.com\/index.php\/author\/hernan\/"}]}},"jetpack_featured_media_url":"https:\/\/diarioprincipios.com\/wp-content\/uploads\/2023\/12\/MAS-DE-30-FAMILIAS-DE-BERAZATEGUI-FIRMARON-SUS-ESCRITURAS-2.jpg","_links":{"self":[{"href":"https:\/\/diarioprincipios.com\/index.php\/wp-json\/wp\/v2\/posts\/19876","targetHints":{"allow":["GET"]}}],"collection":[{"href":"https:\/\/diarioprincipios.com\/index.php\/wp-json\/wp\/v2\/posts"}],"about":[{"href":"https:\/\/diarioprincipios.com\/index.php\/wp-json\/wp\/v2\/types\/post"}],"author":[{"embeddable":true,"href":"https:\/\/diarioprincipios.com\/index.php\/wp-json\/wp\/v2\/users\/2"}],"replies":[{"embeddable":true,"href":"https:\/\/diarioprincipios.com\/index.php\/wp-json\/wp\/v2\/comments?post=19876"}],"version-history":[{"count":1,"href":"https:\/\/diarioprincipios.com\/index.php\/wp-json\/wp\/v2\/posts\/19876\/revisions"}],"predecessor-version":[{"id":19880,"href":"https:\/\/diarioprincipios.com\/index.php\/wp-json\/wp\/v2\/posts\/19876\/revisions\/19880"}],"wp:featuredmedia":[{"embeddable":true,"href":"https:\/\/diarioprincipios.com\/index.php\/wp-json\/wp\/v2\/media\/19879"}],"wp:attachment":[{"href":"https:\/\/diarioprincipios.com\/index.php\/wp-json\/wp\/v2\/media?parent=19876"}],"wp:term":[{"taxonomy":"category","embeddable":true,"href":"https:\/\/diarioprincipios.com\/index.php\/wp-json\/wp\/v2\/categories?post=19876"},{"taxonomy":"post_tag","embeddable":true,"href":"https:\/\/diarioprincipios.com\/index.php\/wp-json\/wp\/v2\/tags?post=19876"}],"curies":[{"name":"wp","href":"https:\/\/api.w.org\/{rel}","templated":true}]}}