{"id":19847,"date":"2023-12-03T09:41:09","date_gmt":"2023-12-03T12:41:09","guid":{"rendered":"http:\/\/diarioprincipios.com\/?p=19847"},"modified":"2023-12-03T09:41:12","modified_gmt":"2023-12-03T12:41:12","slug":"impulso-a-los-productores-horticolas","status":"publish","type":"post","link":"https:\/\/diarioprincipios.com\/index.php\/2023\/12\/03\/impulso-a-los-productores-horticolas\/","title":{"rendered":"Impulso a los Productores Hort\u00edcolas"},"content":{"rendered":"\n<p><strong>La Municipalidad de Berazategui sigue acompa\u00f1ando e impulsando a los productores hort\u00edcolas locales, beneficiando -a la vez- a las y los consumidores, vecinos y vecinas, a trav\u00e9s de distintas iniciativas. De esta manera, se realiza la venta directa de la producci\u00f3n a precios especiales.<\/strong><br>Berazategui cuenta con un sector que contribuye fuertemente a la alimentaci\u00f3n cotidiana de la poblaci\u00f3n. Se trata de los vecinos y vecinas horticultores, y sus sistemas de producci\u00f3n, que -en su mayor\u00eda- son de origen familiar.\u00a0<br>Al respecto, el director de Desarrollo Productivo de la Secretar\u00eda de Trabajo, C\u00e9sar Magdycz, detall\u00f3: \u201cPor decisi\u00f3n del intendente Juan Jos\u00e9 Mussi, Berazategui tiene un Departamento de Desarrollo Agrario donde se articulan pol\u00edticas dirigidas a los productores locales. Junto con las ciudades de La Plata y Florencio Varela, forman el principal Cintur\u00f3n Hort\u00edcola de la zona sur del Gran Buenos Aires. Nuestro distrito cuenta con cientos de familias dedicadas a la producci\u00f3n de alimentos frescos\u201d.<\/p>\n\n\n\n<figure class=\"wp-block-image size-large\"><img loading=\"lazy\" decoding=\"async\" width=\"1024\" height=\"683\" src=\"https:\/\/diarioprincipios.com\/wp-content\/uploads\/2023\/12\/BERAZATEGUI-SIGUE-IMPULSANDO-A-LOS-PRODUCTORES-HORTICOLAS1-1024x683.jpg\" alt=\"\" class=\"wp-image-19848\" srcset=\"https:\/\/diarioprincipios.com\/wp-content\/uploads\/2023\/12\/BERAZATEGUI-SIGUE-IMPULSANDO-A-LOS-PRODUCTORES-HORTICOLAS1-1024x683.jpg 1024w, https:\/\/diarioprincipios.com\/wp-content\/uploads\/2023\/12\/BERAZATEGUI-SIGUE-IMPULSANDO-A-LOS-PRODUCTORES-HORTICOLAS1-300x200.jpg 300w, https:\/\/diarioprincipios.com\/wp-content\/uploads\/2023\/12\/BERAZATEGUI-SIGUE-IMPULSANDO-A-LOS-PRODUCTORES-HORTICOLAS1-768x512.jpg 768w, https:\/\/diarioprincipios.com\/wp-content\/uploads\/2023\/12\/BERAZATEGUI-SIGUE-IMPULSANDO-A-LOS-PRODUCTORES-HORTICOLAS1-1536x1024.jpg 1536w, https:\/\/diarioprincipios.com\/wp-content\/uploads\/2023\/12\/BERAZATEGUI-SIGUE-IMPULSANDO-A-LOS-PRODUCTORES-HORTICOLAS1.jpg 1920w\" sizes=\"auto, (max-width: 1024px) 100vw, 1024px\" \/><\/figure>\n\n\n\n<p><br>De esta manera, se impulsan iniciativas dirigidas al sector de los y las productores, tales como Mercado Vecino -la feria itinerante municipal que brinda precios accesibles en alimentos de primera necesidad- y la Feria Agroecol\u00f3gica -donde se puede acceder a frutas y verduras de estaci\u00f3n, producidas por agricultores berazateguenses sin intervenci\u00f3n de agroqu\u00edmicos-.<br>\u201cOrganizamos estos espacios y circuitos de comercializaci\u00f3n para que los productores puedan vender directamente al p\u00fablico. Adem\u00e1s, se est\u00e1 trabajando para la construcci\u00f3n de un Mercado fijo de alimentos en la localidad de Guti\u00e9rrez\u201d, agreg\u00f3 Magdycz. \u201cLas productoras y los productores interesados en participar -organizados en Cooperativas- pueden llamar al Departamento de Desarrollo Agrario municipal al 4356-9200 (Int. 1178). Contamos con pol\u00edticas inclusivas y abiertas\u201d, finaliz\u00f3.\u00a0La Feria Agroecol\u00f3gica se realiza en la Plaza Julia Copello de Tiscornia (Av. 14 y 132), todos los mi\u00e9rcoles de 9.00 a 13.00. En tanto, Mercado Vecino funciona todos los lunes de 8.00 a 13.00 en la Plaza Rigolleau (Av. 14 y Lisandro de la Torre); y de martes a viernes en el resto del distrito (se puede conocer el cronograma semanal en\u00a0<a href=\"http:\/\/berazategui.gob.ar\/mercadovecino\" target=\"_blank\" rel=\"noreferrer noopener\">berazategui.gob.ar\/mercadovecino<\/a>)<\/p>\n","protected":false},"excerpt":{"rendered":"<p>La Municipalidad de Berazategui sigue acompa\u00f1ando e impulsando a los productores hort\u00edcolas locales, beneficiando -a la vez- a las y los consumidores, vecinos y vecinas, a trav\u00e9s de distintas iniciativas. De esta manera, se realiza la venta directa de la producci\u00f3n a precios especiales.Berazategui cuenta con un sector que contribuye fuertemente a la alimentaci\u00f3n cotidiana&#8230;<\/p>\n","protected":false},"author":2,"featured_media":19849,"comment_status":"open","ping_status":"open","sticky":false,"template":"","format":"standard","meta":{"footnotes":""},"categories":[3],"tags":[],"class_list":["post-19847","post","type-post","status-publish","format-standard","has-post-thumbnail","hentry","category-berazategui"],"featured_image_src":"https:\/\/diarioprincipios.com\/wp-content\/uploads\/2023\/12\/BERAZATEGUI-SIGUE-IMPULSANDO-A-LOS-PRODUCTORES-HORTICOLAS-1024x768.jpg","blog_images":{"medium":"https:\/\/diarioprincipios.com\/wp-content\/uploads\/2023\/12\/BERAZATEGUI-SIGUE-IMPULSANDO-A-LOS-PRODUCTORES-HORTICOLAS-300x225.jpg","large":"https:\/\/diarioprincipios.com\/wp-content\/uploads\/2023\/12\/BERAZATEGUI-SIGUE-IMPULSANDO-A-LOS-PRODUCTORES-HORTICOLAS-1024x768.jpg"},"ams_acf":[],"yoast_head":"<!-- This site is optimized with the Yoast SEO plugin v27.3 - https:\/\/yoast.com\/product\/yoast-seo-wordpress\/ -->\n<title>Impulso a los Productores Hort\u00edcolas - Principios<\/title>\n<meta name=\"robots\" content=\"index, follow, max-snippet:-1, max-image-preview:large, max-video-preview:-1\" \/>\n<link rel=\"canonical\" href=\"https:\/\/diarioprincipios.com\/index.php\/2023\/12\/03\/impulso-a-los-productores-horticolas\/\" \/>\n<meta property=\"og:locale\" content=\"es_ES\" \/>\n<meta property=\"og:type\" content=\"article\" \/>\n<meta property=\"og:title\" content=\"Impulso a los Productores Hort\u00edcolas - Principios\" \/>\n<meta property=\"og:description\" content=\"La Municipalidad de Berazategui sigue acompa\u00f1ando e impulsando a los productores hort\u00edcolas locales, beneficiando -a la vez- a las y los consumidores, vecinos y vecinas, a trav\u00e9s de distintas iniciativas. De esta manera, se realiza la venta directa de la producci\u00f3n a precios especiales.Berazategui cuenta con un sector que contribuye fuertemente a la alimentaci\u00f3n cotidiana...\" \/>\n<meta property=\"og:url\" content=\"https:\/\/diarioprincipios.com\/index.php\/2023\/12\/03\/impulso-a-los-productores-horticolas\/\" \/>\n<meta property=\"og:site_name\" content=\"Principios\" \/>\n<meta property=\"article:published_time\" content=\"2023-12-03T12:41:09+00:00\" \/>\n<meta property=\"article:modified_time\" content=\"2023-12-03T12:41:12+00:00\" \/>\n<meta property=\"og:image\" content=\"https:\/\/diarioprincipios.com\/wp-content\/uploads\/2023\/12\/BERAZATEGUI-SIGUE-IMPULSANDO-A-LOS-PRODUCTORES-HORTICOLAS.jpg\" \/>\n\t<meta property=\"og:image:width\" content=\"1920\" \/>\n\t<meta property=\"og:image:height\" content=\"1440\" \/>\n\t<meta property=\"og:image:type\" content=\"image\/jpeg\" \/>\n<meta name=\"author\" content=\"Hern\u00e1n L\u00f3pez\" \/>\n<meta name=\"twitter:card\" content=\"summary_large_image\" \/>\n<meta name=\"twitter:label1\" content=\"Escrito por\" \/>\n\t<meta name=\"twitter:data1\" content=\"Hern\u00e1n L\u00f3pez\" \/>\n\t<meta name=\"twitter:label2\" content=\"Tiempo de lectura\" \/>\n\t<meta name=\"twitter:data2\" content=\"2 minutos\" \/>\n<script type=\"application\/ld+json\" class=\"yoast-schema-graph\">{\"@context\":\"https:\\\/\\\/schema.org\",\"@graph\":[{\"@type\":\"Article\",\"@id\":\"https:\\\/\\\/diarioprincipios.com\\\/index.php\\\/2023\\\/12\\\/03\\\/impulso-a-los-productores-horticolas\\\/#article\",\"isPartOf\":{\"@id\":\"https:\\\/\\\/diarioprincipios.com\\\/index.php\\\/2023\\\/12\\\/03\\\/impulso-a-los-productores-horticolas\\\/\"},\"author\":{\"name\":\"Hern\u00e1n L\u00f3pez\",\"@id\":\"https:\\\/\\\/diarioprincipios.com\\\/#\\\/schema\\\/person\\\/436d5a1fd41a5e250e23ff5a6a7cb080\"},\"headline\":\"Impulso a los Productores Hort\u00edcolas\",\"datePublished\":\"2023-12-03T12:41:09+00:00\",\"dateModified\":\"2023-12-03T12:41:12+00:00\",\"mainEntityOfPage\":{\"@id\":\"https:\\\/\\\/diarioprincipios.com\\\/index.php\\\/2023\\\/12\\\/03\\\/impulso-a-los-productores-horticolas\\\/\"},\"wordCount\":366,\"commentCount\":0,\"publisher\":{\"@id\":\"https:\\\/\\\/diarioprincipios.com\\\/#organization\"},\"image\":{\"@id\":\"https:\\\/\\\/diarioprincipios.com\\\/index.php\\\/2023\\\/12\\\/03\\\/impulso-a-los-productores-horticolas\\\/#primaryimage\"},\"thumbnailUrl\":\"https:\\\/\\\/diarioprincipios.com\\\/wp-content\\\/uploads\\\/2023\\\/12\\\/BERAZATEGUI-SIGUE-IMPULSANDO-A-LOS-PRODUCTORES-HORTICOLAS.jpg\",\"articleSection\":[\"Berazategui\"],\"inLanguage\":\"es\",\"potentialAction\":[{\"@type\":\"CommentAction\",\"name\":\"Comment\",\"target\":[\"https:\\\/\\\/diarioprincipios.com\\\/index.php\\\/2023\\\/12\\\/03\\\/impulso-a-los-productores-horticolas\\\/#respond\"]}]},{\"@type\":\"WebPage\",\"@id\":\"https:\\\/\\\/diarioprincipios.com\\\/index.php\\\/2023\\\/12\\\/03\\\/impulso-a-los-productores-horticolas\\\/\",\"url\":\"https:\\\/\\\/diarioprincipios.com\\\/index.php\\\/2023\\\/12\\\/03\\\/impulso-a-los-productores-horticolas\\\/\",\"name\":\"Impulso a los Productores Hort\u00edcolas - Principios\",\"isPartOf\":{\"@id\":\"https:\\\/\\\/diarioprincipios.com\\\/#website\"},\"primaryImageOfPage\":{\"@id\":\"https:\\\/\\\/diarioprincipios.com\\\/index.php\\\/2023\\\/12\\\/03\\\/impulso-a-los-productores-horticolas\\\/#primaryimage\"},\"image\":{\"@id\":\"https:\\\/\\\/diarioprincipios.com\\\/index.php\\\/2023\\\/12\\\/03\\\/impulso-a-los-productores-horticolas\\\/#primaryimage\"},\"thumbnailUrl\":\"https:\\\/\\\/diarioprincipios.com\\\/wp-content\\\/uploads\\\/2023\\\/12\\\/BERAZATEGUI-SIGUE-IMPULSANDO-A-LOS-PRODUCTORES-HORTICOLAS.jpg\",\"datePublished\":\"2023-12-03T12:41:09+00:00\",\"dateModified\":\"2023-12-03T12:41:12+00:00\",\"breadcrumb\":{\"@id\":\"https:\\\/\\\/diarioprincipios.com\\\/index.php\\\/2023\\\/12\\\/03\\\/impulso-a-los-productores-horticolas\\\/#breadcrumb\"},\"inLanguage\":\"es\",\"potentialAction\":[{\"@type\":\"ReadAction\",\"target\":[\"https:\\\/\\\/diarioprincipios.com\\\/index.php\\\/2023\\\/12\\\/03\\\/impulso-a-los-productores-horticolas\\\/\"]}]},{\"@type\":\"ImageObject\",\"inLanguage\":\"es\",\"@id\":\"https:\\\/\\\/diarioprincipios.com\\\/index.php\\\/2023\\\/12\\\/03\\\/impulso-a-los-productores-horticolas\\\/#primaryimage\",\"url\":\"https:\\\/\\\/diarioprincipios.com\\\/wp-content\\\/uploads\\\/2023\\\/12\\\/BERAZATEGUI-SIGUE-IMPULSANDO-A-LOS-PRODUCTORES-HORTICOLAS.jpg\",\"contentUrl\":\"https:\\\/\\\/diarioprincipios.com\\\/wp-content\\\/uploads\\\/2023\\\/12\\\/BERAZATEGUI-SIGUE-IMPULSANDO-A-LOS-PRODUCTORES-HORTICOLAS.jpg\",\"width\":1920,\"height\":1440},{\"@type\":\"BreadcrumbList\",\"@id\":\"https:\\\/\\\/diarioprincipios.com\\\/index.php\\\/2023\\\/12\\\/03\\\/impulso-a-los-productores-horticolas\\\/#breadcrumb\",\"itemListElement\":[{\"@type\":\"ListItem\",\"position\":1,\"name\":\"Portada\",\"item\":\"https:\\\/\\\/diarioprincipios.com\\\/\"},{\"@type\":\"ListItem\",\"position\":2,\"name\":\"Impulso a los Productores Hort\u00edcolas\"}]},{\"@type\":\"WebSite\",\"@id\":\"https:\\\/\\\/diarioprincipios.com\\\/#website\",\"url\":\"https:\\\/\\\/diarioprincipios.com\\\/\",\"name\":\"Principios\",\"description\":\"Principios Diario\",\"publisher\":{\"@id\":\"https:\\\/\\\/diarioprincipios.com\\\/#organization\"},\"potentialAction\":[{\"@type\":\"SearchAction\",\"target\":{\"@type\":\"EntryPoint\",\"urlTemplate\":\"https:\\\/\\\/diarioprincipios.com\\\/?s={search_term_string}\"},\"query-input\":{\"@type\":\"PropertyValueSpecification\",\"valueRequired\":true,\"valueName\":\"search_term_string\"}}],\"inLanguage\":\"es\"},{\"@type\":\"Organization\",\"@id\":\"https:\\\/\\\/diarioprincipios.com\\\/#organization\",\"name\":\"Principios\",\"url\":\"https:\\\/\\\/diarioprincipios.com\\\/\",\"logo\":{\"@type\":\"ImageObject\",\"inLanguage\":\"es\",\"@id\":\"https:\\\/\\\/diarioprincipios.com\\\/#\\\/schema\\\/logo\\\/image\\\/\",\"url\":\"https:\\\/\\\/diarioprincipios.com\\\/wp-content\\\/uploads\\\/2024\\\/04\\\/cropped-www.diarioprincipios.com_-1.png\",\"contentUrl\":\"https:\\\/\\\/diarioprincipios.com\\\/wp-content\\\/uploads\\\/2024\\\/04\\\/cropped-www.diarioprincipios.com_-1.png\",\"width\":5325,\"height\":1454,\"caption\":\"Principios\"},\"image\":{\"@id\":\"https:\\\/\\\/diarioprincipios.com\\\/#\\\/schema\\\/logo\\\/image\\\/\"}},{\"@type\":\"Person\",\"@id\":\"https:\\\/\\\/diarioprincipios.com\\\/#\\\/schema\\\/person\\\/436d5a1fd41a5e250e23ff5a6a7cb080\",\"name\":\"Hern\u00e1n L\u00f3pez\",\"image\":{\"@type\":\"ImageObject\",\"inLanguage\":\"es\",\"@id\":\"https:\\\/\\\/diarioprincipios.com\\\/wp-content\\\/litespeed\\\/avatar\\\/11ddfe5610ff3bd100522525b2571f48.jpg?ver=1777653193\",\"url\":\"https:\\\/\\\/diarioprincipios.com\\\/wp-content\\\/litespeed\\\/avatar\\\/11ddfe5610ff3bd100522525b2571f48.jpg?ver=1777653193\",\"contentUrl\":\"https:\\\/\\\/diarioprincipios.com\\\/wp-content\\\/litespeed\\\/avatar\\\/11ddfe5610ff3bd100522525b2571f48.jpg?ver=1777653193\",\"caption\":\"Hern\u00e1n L\u00f3pez\"},\"url\":\"https:\\\/\\\/diarioprincipios.com\\\/index.php\\\/author\\\/hernan\\\/\"}]}<\/script>\n<!-- \/ Yoast SEO plugin. -->","yoast_head_json":{"title":"Impulso a los Productores Hort\u00edcolas - Principios","robots":{"index":"index","follow":"follow","max-snippet":"max-snippet:-1","max-image-preview":"max-image-preview:large","max-video-preview":"max-video-preview:-1"},"canonical":"https:\/\/diarioprincipios.com\/index.php\/2023\/12\/03\/impulso-a-los-productores-horticolas\/","og_locale":"es_ES","og_type":"article","og_title":"Impulso a los Productores Hort\u00edcolas - Principios","og_description":"La Municipalidad de Berazategui sigue acompa\u00f1ando e impulsando a los productores hort\u00edcolas locales, beneficiando -a la vez- a las y los consumidores, vecinos y vecinas, a trav\u00e9s de distintas iniciativas. De esta manera, se realiza la venta directa de la producci\u00f3n a precios especiales.Berazategui cuenta con un sector que contribuye fuertemente a la alimentaci\u00f3n cotidiana...","og_url":"https:\/\/diarioprincipios.com\/index.php\/2023\/12\/03\/impulso-a-los-productores-horticolas\/","og_site_name":"Principios","article_published_time":"2023-12-03T12:41:09+00:00","article_modified_time":"2023-12-03T12:41:12+00:00","og_image":[{"width":1920,"height":1440,"url":"https:\/\/diarioprincipios.com\/wp-content\/uploads\/2023\/12\/BERAZATEGUI-SIGUE-IMPULSANDO-A-LOS-PRODUCTORES-HORTICOLAS.jpg","type":"image\/jpeg"}],"author":"Hern\u00e1n L\u00f3pez","twitter_card":"summary_large_image","twitter_misc":{"Escrito por":"Hern\u00e1n L\u00f3pez","Tiempo de lectura":"2 minutos"},"schema":{"@context":"https:\/\/schema.org","@graph":[{"@type":"Article","@id":"https:\/\/diarioprincipios.com\/index.php\/2023\/12\/03\/impulso-a-los-productores-horticolas\/#article","isPartOf":{"@id":"https:\/\/diarioprincipios.com\/index.php\/2023\/12\/03\/impulso-a-los-productores-horticolas\/"},"author":{"name":"Hern\u00e1n L\u00f3pez","@id":"https:\/\/diarioprincipios.com\/#\/schema\/person\/436d5a1fd41a5e250e23ff5a6a7cb080"},"headline":"Impulso a los Productores Hort\u00edcolas","datePublished":"2023-12-03T12:41:09+00:00","dateModified":"2023-12-03T12:41:12+00:00","mainEntityOfPage":{"@id":"https:\/\/diarioprincipios.com\/index.php\/2023\/12\/03\/impulso-a-los-productores-horticolas\/"},"wordCount":366,"commentCount":0,"publisher":{"@id":"https:\/\/diarioprincipios.com\/#organization"},"image":{"@id":"https:\/\/diarioprincipios.com\/index.php\/2023\/12\/03\/impulso-a-los-productores-horticolas\/#primaryimage"},"thumbnailUrl":"https:\/\/diarioprincipios.com\/wp-content\/uploads\/2023\/12\/BERAZATEGUI-SIGUE-IMPULSANDO-A-LOS-PRODUCTORES-HORTICOLAS.jpg","articleSection":["Berazategui"],"inLanguage":"es","potentialAction":[{"@type":"CommentAction","name":"Comment","target":["https:\/\/diarioprincipios.com\/index.php\/2023\/12\/03\/impulso-a-los-productores-horticolas\/#respond"]}]},{"@type":"WebPage","@id":"https:\/\/diarioprincipios.com\/index.php\/2023\/12\/03\/impulso-a-los-productores-horticolas\/","url":"https:\/\/diarioprincipios.com\/index.php\/2023\/12\/03\/impulso-a-los-productores-horticolas\/","name":"Impulso a los Productores Hort\u00edcolas - Principios","isPartOf":{"@id":"https:\/\/diarioprincipios.com\/#website"},"primaryImageOfPage":{"@id":"https:\/\/diarioprincipios.com\/index.php\/2023\/12\/03\/impulso-a-los-productores-horticolas\/#primaryimage"},"image":{"@id":"https:\/\/diarioprincipios.com\/index.php\/2023\/12\/03\/impulso-a-los-productores-horticolas\/#primaryimage"},"thumbnailUrl":"https:\/\/diarioprincipios.com\/wp-content\/uploads\/2023\/12\/BERAZATEGUI-SIGUE-IMPULSANDO-A-LOS-PRODUCTORES-HORTICOLAS.jpg","datePublished":"2023-12-03T12:41:09+00:00","dateModified":"2023-12-03T12:41:12+00:00","breadcrumb":{"@id":"https:\/\/diarioprincipios.com\/index.php\/2023\/12\/03\/impulso-a-los-productores-horticolas\/#breadcrumb"},"inLanguage":"es","potentialAction":[{"@type":"ReadAction","target":["https:\/\/diarioprincipios.com\/index.php\/2023\/12\/03\/impulso-a-los-productores-horticolas\/"]}]},{"@type":"ImageObject","inLanguage":"es","@id":"https:\/\/diarioprincipios.com\/index.php\/2023\/12\/03\/impulso-a-los-productores-horticolas\/#primaryimage","url":"https:\/\/diarioprincipios.com\/wp-content\/uploads\/2023\/12\/BERAZATEGUI-SIGUE-IMPULSANDO-A-LOS-PRODUCTORES-HORTICOLAS.jpg","contentUrl":"https:\/\/diarioprincipios.com\/wp-content\/uploads\/2023\/12\/BERAZATEGUI-SIGUE-IMPULSANDO-A-LOS-PRODUCTORES-HORTICOLAS.jpg","width":1920,"height":1440},{"@type":"BreadcrumbList","@id":"https:\/\/diarioprincipios.com\/index.php\/2023\/12\/03\/impulso-a-los-productores-horticolas\/#breadcrumb","itemListElement":[{"@type":"ListItem","position":1,"name":"Portada","item":"https:\/\/diarioprincipios.com\/"},{"@type":"ListItem","position":2,"name":"Impulso a los Productores Hort\u00edcolas"}]},{"@type":"WebSite","@id":"https:\/\/diarioprincipios.com\/#website","url":"https:\/\/diarioprincipios.com\/","name":"Principios","description":"Principios Diario","publisher":{"@id":"https:\/\/diarioprincipios.com\/#organization"},"potentialAction":[{"@type":"SearchAction","target":{"@type":"EntryPoint","urlTemplate":"https:\/\/diarioprincipios.com\/?s={search_term_string}"},"query-input":{"@type":"PropertyValueSpecification","valueRequired":true,"valueName":"search_term_string"}}],"inLanguage":"es"},{"@type":"Organization","@id":"https:\/\/diarioprincipios.com\/#organization","name":"Principios","url":"https:\/\/diarioprincipios.com\/","logo":{"@type":"ImageObject","inLanguage":"es","@id":"https:\/\/diarioprincipios.com\/#\/schema\/logo\/image\/","url":"https:\/\/diarioprincipios.com\/wp-content\/uploads\/2024\/04\/cropped-www.diarioprincipios.com_-1.png","contentUrl":"https:\/\/diarioprincipios.com\/wp-content\/uploads\/2024\/04\/cropped-www.diarioprincipios.com_-1.png","width":5325,"height":1454,"caption":"Principios"},"image":{"@id":"https:\/\/diarioprincipios.com\/#\/schema\/logo\/image\/"}},{"@type":"Person","@id":"https:\/\/diarioprincipios.com\/#\/schema\/person\/436d5a1fd41a5e250e23ff5a6a7cb080","name":"Hern\u00e1n L\u00f3pez","image":{"@type":"ImageObject","inLanguage":"es","@id":"https:\/\/diarioprincipios.com\/wp-content\/litespeed\/avatar\/11ddfe5610ff3bd100522525b2571f48.jpg?ver=1777653193","url":"https:\/\/diarioprincipios.com\/wp-content\/litespeed\/avatar\/11ddfe5610ff3bd100522525b2571f48.jpg?ver=1777653193","contentUrl":"https:\/\/diarioprincipios.com\/wp-content\/litespeed\/avatar\/11ddfe5610ff3bd100522525b2571f48.jpg?ver=1777653193","caption":"Hern\u00e1n L\u00f3pez"},"url":"https:\/\/diarioprincipios.com\/index.php\/author\/hernan\/"}]}},"jetpack_featured_media_url":"https:\/\/diarioprincipios.com\/wp-content\/uploads\/2023\/12\/BERAZATEGUI-SIGUE-IMPULSANDO-A-LOS-PRODUCTORES-HORTICOLAS.jpg","_links":{"self":[{"href":"https:\/\/diarioprincipios.com\/index.php\/wp-json\/wp\/v2\/posts\/19847","targetHints":{"allow":["GET"]}}],"collection":[{"href":"https:\/\/diarioprincipios.com\/index.php\/wp-json\/wp\/v2\/posts"}],"about":[{"href":"https:\/\/diarioprincipios.com\/index.php\/wp-json\/wp\/v2\/types\/post"}],"author":[{"embeddable":true,"href":"https:\/\/diarioprincipios.com\/index.php\/wp-json\/wp\/v2\/users\/2"}],"replies":[{"embeddable":true,"href":"https:\/\/diarioprincipios.com\/index.php\/wp-json\/wp\/v2\/comments?post=19847"}],"version-history":[{"count":1,"href":"https:\/\/diarioprincipios.com\/index.php\/wp-json\/wp\/v2\/posts\/19847\/revisions"}],"predecessor-version":[{"id":19850,"href":"https:\/\/diarioprincipios.com\/index.php\/wp-json\/wp\/v2\/posts\/19847\/revisions\/19850"}],"wp:featuredmedia":[{"embeddable":true,"href":"https:\/\/diarioprincipios.com\/index.php\/wp-json\/wp\/v2\/media\/19849"}],"wp:attachment":[{"href":"https:\/\/diarioprincipios.com\/index.php\/wp-json\/wp\/v2\/media?parent=19847"}],"wp:term":[{"taxonomy":"category","embeddable":true,"href":"https:\/\/diarioprincipios.com\/index.php\/wp-json\/wp\/v2\/categories?post=19847"},{"taxonomy":"post_tag","embeddable":true,"href":"https:\/\/diarioprincipios.com\/index.php\/wp-json\/wp\/v2\/tags?post=19847"}],"curies":[{"name":"wp","href":"https:\/\/api.w.org\/{rel}","templated":true}]}}