{"id":1961,"date":"2020-05-21T16:46:39","date_gmt":"2020-05-21T19:46:39","guid":{"rendered":"http:\/\/diarioprincipios.com\/?p=1961"},"modified":"2020-05-21T16:46:41","modified_gmt":"2020-05-21T19:46:41","slug":"el-concejo-deliberante-de-avellaneda-sesiono-en-el-centro-municipal-de-arte","status":"publish","type":"post","link":"https:\/\/diarioprincipios.com\/index.php\/2020\/05\/21\/el-concejo-deliberante-de-avellaneda-sesiono-en-el-centro-municipal-de-arte\/","title":{"rendered":"El Concejo Deliberante de Avellaneda sesion\u00f3 en el Centro Municipal de Arte"},"content":{"rendered":"\n<p>El Honorable Concejo Deliberante de Avellaneda, presidido por Hugo Barrueco, llev\u00f3 adelante esta ma\u00f1ana su sesi\u00f3n ordinaria habitual.<\/p>\n\n\n\n<p>En esta ocasi\u00f3n, y para poder cumplir con todas las medidas destinadas a mantener las distancias preventivas dispuestas desde el comienzo de la pandemia del COVID-19, se decidi\u00f3 trasladar la Sesi\u00f3n al sal\u00f3n principal del Centro Municipal de Arte de Avellaneda, ubicado en San Mart\u00edn y Alsina.<\/p>\n\n\n\n<p>Participaron concejales de todos los bloques que conforman el cuerpo, quienes apoyaron la decisi\u00f3n de trasladar la sede con el objetivo de seguir trabajando en el debate y el tratamiento de diferentes proyectos y ordenanzas importantes para nuestra ciudad.<\/p>\n","protected":false},"excerpt":{"rendered":"<p>El Honorable Concejo Deliberante de Avellaneda, presidido por Hugo Barrueco, llev\u00f3 adelante esta ma\u00f1ana su sesi\u00f3n ordinaria habitual. En esta ocasi\u00f3n, y para poder cumplir con todas las medidas destinadas a mantener las distancias preventivas dispuestas desde el comienzo de la pandemia del COVID-19, se decidi\u00f3 trasladar la Sesi\u00f3n al sal\u00f3n principal del Centro Municipal&#8230;<\/p>\n","protected":false},"author":2,"featured_media":1962,"comment_status":"open","ping_status":"open","sticky":false,"template":"","format":"standard","meta":{"footnotes":""},"categories":[5],"tags":[],"class_list":["post-1961","post","type-post","status-publish","format-standard","has-post-thumbnail","hentry","category-avellaneda"],"featured_image_src":"https:\/\/diarioprincipios.com\/wp-content\/uploads\/2020\/05\/d82825ca-67f4-4978-9b91-66b80c7befe7-1024x682.jpg","blog_images":{"medium":"https:\/\/diarioprincipios.com\/wp-content\/uploads\/2020\/05\/d82825ca-67f4-4978-9b91-66b80c7befe7-300x200.jpg","large":"https:\/\/diarioprincipios.com\/wp-content\/uploads\/2020\/05\/d82825ca-67f4-4978-9b91-66b80c7befe7-1024x682.jpg"},"ams_acf":[],"yoast_head":"<!-- This site is optimized with the Yoast SEO plugin v27.3 - https:\/\/yoast.com\/product\/yoast-seo-wordpress\/ -->\n<title>El Concejo Deliberante de Avellaneda sesion\u00f3 en el Centro Municipal de Arte - Principios<\/title>\n<meta name=\"robots\" content=\"index, follow, max-snippet:-1, max-image-preview:large, max-video-preview:-1\" \/>\n<link rel=\"canonical\" href=\"https:\/\/diarioprincipios.com\/index.php\/2020\/05\/21\/el-concejo-deliberante-de-avellaneda-sesiono-en-el-centro-municipal-de-arte\/\" \/>\n<meta property=\"og:locale\" content=\"es_ES\" \/>\n<meta property=\"og:type\" content=\"article\" \/>\n<meta property=\"og:title\" content=\"El Concejo Deliberante de Avellaneda sesion\u00f3 en el Centro Municipal de Arte - Principios\" \/>\n<meta property=\"og:description\" content=\"El Honorable Concejo Deliberante de Avellaneda, presidido por Hugo Barrueco, llev\u00f3 adelante esta ma\u00f1ana su sesi\u00f3n ordinaria habitual. En esta ocasi\u00f3n, y para poder cumplir con todas las medidas destinadas a mantener las distancias preventivas dispuestas desde el comienzo de la pandemia del COVID-19, se decidi\u00f3 trasladar la Sesi\u00f3n al sal\u00f3n principal del Centro Municipal...\" \/>\n<meta property=\"og:url\" content=\"https:\/\/diarioprincipios.com\/index.php\/2020\/05\/21\/el-concejo-deliberante-de-avellaneda-sesiono-en-el-centro-municipal-de-arte\/\" \/>\n<meta property=\"og:site_name\" content=\"Principios\" \/>\n<meta property=\"article:published_time\" content=\"2020-05-21T19:46:39+00:00\" \/>\n<meta property=\"article:modified_time\" content=\"2020-05-21T19:46:41+00:00\" \/>\n<meta property=\"og:image\" content=\"https:\/\/diarioprincipios.com\/wp-content\/uploads\/2020\/05\/d82825ca-67f4-4978-9b91-66b80c7befe7.jpg\" \/>\n\t<meta property=\"og:image:width\" content=\"1280\" \/>\n\t<meta property=\"og:image:height\" content=\"853\" \/>\n\t<meta property=\"og:image:type\" content=\"image\/jpeg\" \/>\n<meta name=\"author\" content=\"Hern\u00e1n L\u00f3pez\" \/>\n<meta name=\"twitter:card\" content=\"summary_large_image\" \/>\n<meta name=\"twitter:label1\" content=\"Escrito por\" \/>\n\t<meta name=\"twitter:data1\" content=\"Hern\u00e1n L\u00f3pez\" \/>\n\t<meta name=\"twitter:label2\" content=\"Tiempo de lectura\" \/>\n\t<meta name=\"twitter:data2\" content=\"1 minuto\" \/>\n<script type=\"application\/ld+json\" class=\"yoast-schema-graph\">{\"@context\":\"https:\\\/\\\/schema.org\",\"@graph\":[{\"@type\":\"Article\",\"@id\":\"https:\\\/\\\/diarioprincipios.com\\\/index.php\\\/2020\\\/05\\\/21\\\/el-concejo-deliberante-de-avellaneda-sesiono-en-el-centro-municipal-de-arte\\\/#article\",\"isPartOf\":{\"@id\":\"https:\\\/\\\/diarioprincipios.com\\\/index.php\\\/2020\\\/05\\\/21\\\/el-concejo-deliberante-de-avellaneda-sesiono-en-el-centro-municipal-de-arte\\\/\"},\"author\":{\"name\":\"Hern\u00e1n L\u00f3pez\",\"@id\":\"https:\\\/\\\/diarioprincipios.com\\\/#\\\/schema\\\/person\\\/436d5a1fd41a5e250e23ff5a6a7cb080\"},\"headline\":\"El Concejo Deliberante de Avellaneda sesion\u00f3 en el Centro Municipal de Arte\",\"datePublished\":\"2020-05-21T19:46:39+00:00\",\"dateModified\":\"2020-05-21T19:46:41+00:00\",\"mainEntityOfPage\":{\"@id\":\"https:\\\/\\\/diarioprincipios.com\\\/index.php\\\/2020\\\/05\\\/21\\\/el-concejo-deliberante-de-avellaneda-sesiono-en-el-centro-municipal-de-arte\\\/\"},\"wordCount\":123,\"commentCount\":0,\"publisher\":{\"@id\":\"https:\\\/\\\/diarioprincipios.com\\\/#organization\"},\"image\":{\"@id\":\"https:\\\/\\\/diarioprincipios.com\\\/index.php\\\/2020\\\/05\\\/21\\\/el-concejo-deliberante-de-avellaneda-sesiono-en-el-centro-municipal-de-arte\\\/#primaryimage\"},\"thumbnailUrl\":\"https:\\\/\\\/diarioprincipios.com\\\/wp-content\\\/uploads\\\/2020\\\/05\\\/d82825ca-67f4-4978-9b91-66b80c7befe7.jpg\",\"articleSection\":[\"Avellaneda\"],\"inLanguage\":\"es\",\"potentialAction\":[{\"@type\":\"CommentAction\",\"name\":\"Comment\",\"target\":[\"https:\\\/\\\/diarioprincipios.com\\\/index.php\\\/2020\\\/05\\\/21\\\/el-concejo-deliberante-de-avellaneda-sesiono-en-el-centro-municipal-de-arte\\\/#respond\"]}]},{\"@type\":\"WebPage\",\"@id\":\"https:\\\/\\\/diarioprincipios.com\\\/index.php\\\/2020\\\/05\\\/21\\\/el-concejo-deliberante-de-avellaneda-sesiono-en-el-centro-municipal-de-arte\\\/\",\"url\":\"https:\\\/\\\/diarioprincipios.com\\\/index.php\\\/2020\\\/05\\\/21\\\/el-concejo-deliberante-de-avellaneda-sesiono-en-el-centro-municipal-de-arte\\\/\",\"name\":\"El Concejo Deliberante de Avellaneda sesion\u00f3 en el Centro Municipal de Arte - Principios\",\"isPartOf\":{\"@id\":\"https:\\\/\\\/diarioprincipios.com\\\/#website\"},\"primaryImageOfPage\":{\"@id\":\"https:\\\/\\\/diarioprincipios.com\\\/index.php\\\/2020\\\/05\\\/21\\\/el-concejo-deliberante-de-avellaneda-sesiono-en-el-centro-municipal-de-arte\\\/#primaryimage\"},\"image\":{\"@id\":\"https:\\\/\\\/diarioprincipios.com\\\/index.php\\\/2020\\\/05\\\/21\\\/el-concejo-deliberante-de-avellaneda-sesiono-en-el-centro-municipal-de-arte\\\/#primaryimage\"},\"thumbnailUrl\":\"https:\\\/\\\/diarioprincipios.com\\\/wp-content\\\/uploads\\\/2020\\\/05\\\/d82825ca-67f4-4978-9b91-66b80c7befe7.jpg\",\"datePublished\":\"2020-05-21T19:46:39+00:00\",\"dateModified\":\"2020-05-21T19:46:41+00:00\",\"breadcrumb\":{\"@id\":\"https:\\\/\\\/diarioprincipios.com\\\/index.php\\\/2020\\\/05\\\/21\\\/el-concejo-deliberante-de-avellaneda-sesiono-en-el-centro-municipal-de-arte\\\/#breadcrumb\"},\"inLanguage\":\"es\",\"potentialAction\":[{\"@type\":\"ReadAction\",\"target\":[\"https:\\\/\\\/diarioprincipios.com\\\/index.php\\\/2020\\\/05\\\/21\\\/el-concejo-deliberante-de-avellaneda-sesiono-en-el-centro-municipal-de-arte\\\/\"]}]},{\"@type\":\"ImageObject\",\"inLanguage\":\"es\",\"@id\":\"https:\\\/\\\/diarioprincipios.com\\\/index.php\\\/2020\\\/05\\\/21\\\/el-concejo-deliberante-de-avellaneda-sesiono-en-el-centro-municipal-de-arte\\\/#primaryimage\",\"url\":\"https:\\\/\\\/diarioprincipios.com\\\/wp-content\\\/uploads\\\/2020\\\/05\\\/d82825ca-67f4-4978-9b91-66b80c7befe7.jpg\",\"contentUrl\":\"https:\\\/\\\/diarioprincipios.com\\\/wp-content\\\/uploads\\\/2020\\\/05\\\/d82825ca-67f4-4978-9b91-66b80c7befe7.jpg\",\"width\":1280,\"height\":853},{\"@type\":\"BreadcrumbList\",\"@id\":\"https:\\\/\\\/diarioprincipios.com\\\/index.php\\\/2020\\\/05\\\/21\\\/el-concejo-deliberante-de-avellaneda-sesiono-en-el-centro-municipal-de-arte\\\/#breadcrumb\",\"itemListElement\":[{\"@type\":\"ListItem\",\"position\":1,\"name\":\"Portada\",\"item\":\"https:\\\/\\\/diarioprincipios.com\\\/\"},{\"@type\":\"ListItem\",\"position\":2,\"name\":\"El Concejo Deliberante de Avellaneda sesion\u00f3 en el Centro Municipal de Arte\"}]},{\"@type\":\"WebSite\",\"@id\":\"https:\\\/\\\/diarioprincipios.com\\\/#website\",\"url\":\"https:\\\/\\\/diarioprincipios.com\\\/\",\"name\":\"Principios\",\"description\":\"Principios Diario\",\"publisher\":{\"@id\":\"https:\\\/\\\/diarioprincipios.com\\\/#organization\"},\"potentialAction\":[{\"@type\":\"SearchAction\",\"target\":{\"@type\":\"EntryPoint\",\"urlTemplate\":\"https:\\\/\\\/diarioprincipios.com\\\/?s={search_term_string}\"},\"query-input\":{\"@type\":\"PropertyValueSpecification\",\"valueRequired\":true,\"valueName\":\"search_term_string\"}}],\"inLanguage\":\"es\"},{\"@type\":\"Organization\",\"@id\":\"https:\\\/\\\/diarioprincipios.com\\\/#organization\",\"name\":\"Principios\",\"url\":\"https:\\\/\\\/diarioprincipios.com\\\/\",\"logo\":{\"@type\":\"ImageObject\",\"inLanguage\":\"es\",\"@id\":\"https:\\\/\\\/diarioprincipios.com\\\/#\\\/schema\\\/logo\\\/image\\\/\",\"url\":\"https:\\\/\\\/diarioprincipios.com\\\/wp-content\\\/uploads\\\/2024\\\/04\\\/cropped-www.diarioprincipios.com_-1.png\",\"contentUrl\":\"https:\\\/\\\/diarioprincipios.com\\\/wp-content\\\/uploads\\\/2024\\\/04\\\/cropped-www.diarioprincipios.com_-1.png\",\"width\":5325,\"height\":1454,\"caption\":\"Principios\"},\"image\":{\"@id\":\"https:\\\/\\\/diarioprincipios.com\\\/#\\\/schema\\\/logo\\\/image\\\/\"}},{\"@type\":\"Person\",\"@id\":\"https:\\\/\\\/diarioprincipios.com\\\/#\\\/schema\\\/person\\\/436d5a1fd41a5e250e23ff5a6a7cb080\",\"name\":\"Hern\u00e1n L\u00f3pez\",\"image\":{\"@type\":\"ImageObject\",\"inLanguage\":\"es\",\"@id\":\"https:\\\/\\\/diarioprincipios.com\\\/wp-content\\\/litespeed\\\/avatar\\\/11ddfe5610ff3bd100522525b2571f48.jpg?ver=1777048341\",\"url\":\"https:\\\/\\\/diarioprincipios.com\\\/wp-content\\\/litespeed\\\/avatar\\\/11ddfe5610ff3bd100522525b2571f48.jpg?ver=1777048341\",\"contentUrl\":\"https:\\\/\\\/diarioprincipios.com\\\/wp-content\\\/litespeed\\\/avatar\\\/11ddfe5610ff3bd100522525b2571f48.jpg?ver=1777048341\",\"caption\":\"Hern\u00e1n L\u00f3pez\"},\"url\":\"https:\\\/\\\/diarioprincipios.com\\\/index.php\\\/author\\\/hernan\\\/\"}]}<\/script>\n<!-- \/ Yoast SEO plugin. -->","yoast_head_json":{"title":"El Concejo Deliberante de Avellaneda sesion\u00f3 en el Centro Municipal de Arte - Principios","robots":{"index":"index","follow":"follow","max-snippet":"max-snippet:-1","max-image-preview":"max-image-preview:large","max-video-preview":"max-video-preview:-1"},"canonical":"https:\/\/diarioprincipios.com\/index.php\/2020\/05\/21\/el-concejo-deliberante-de-avellaneda-sesiono-en-el-centro-municipal-de-arte\/","og_locale":"es_ES","og_type":"article","og_title":"El Concejo Deliberante de Avellaneda sesion\u00f3 en el Centro Municipal de Arte - Principios","og_description":"El Honorable Concejo Deliberante de Avellaneda, presidido por Hugo Barrueco, llev\u00f3 adelante esta ma\u00f1ana su sesi\u00f3n ordinaria habitual. En esta ocasi\u00f3n, y para poder cumplir con todas las medidas destinadas a mantener las distancias preventivas dispuestas desde el comienzo de la pandemia del COVID-19, se decidi\u00f3 trasladar la Sesi\u00f3n al sal\u00f3n principal del Centro Municipal...","og_url":"https:\/\/diarioprincipios.com\/index.php\/2020\/05\/21\/el-concejo-deliberante-de-avellaneda-sesiono-en-el-centro-municipal-de-arte\/","og_site_name":"Principios","article_published_time":"2020-05-21T19:46:39+00:00","article_modified_time":"2020-05-21T19:46:41+00:00","og_image":[{"width":1280,"height":853,"url":"https:\/\/diarioprincipios.com\/wp-content\/uploads\/2020\/05\/d82825ca-67f4-4978-9b91-66b80c7befe7.jpg","type":"image\/jpeg"}],"author":"Hern\u00e1n L\u00f3pez","twitter_card":"summary_large_image","twitter_misc":{"Escrito por":"Hern\u00e1n L\u00f3pez","Tiempo de lectura":"1 minuto"},"schema":{"@context":"https:\/\/schema.org","@graph":[{"@type":"Article","@id":"https:\/\/diarioprincipios.com\/index.php\/2020\/05\/21\/el-concejo-deliberante-de-avellaneda-sesiono-en-el-centro-municipal-de-arte\/#article","isPartOf":{"@id":"https:\/\/diarioprincipios.com\/index.php\/2020\/05\/21\/el-concejo-deliberante-de-avellaneda-sesiono-en-el-centro-municipal-de-arte\/"},"author":{"name":"Hern\u00e1n L\u00f3pez","@id":"https:\/\/diarioprincipios.com\/#\/schema\/person\/436d5a1fd41a5e250e23ff5a6a7cb080"},"headline":"El Concejo Deliberante de Avellaneda sesion\u00f3 en el Centro Municipal de Arte","datePublished":"2020-05-21T19:46:39+00:00","dateModified":"2020-05-21T19:46:41+00:00","mainEntityOfPage":{"@id":"https:\/\/diarioprincipios.com\/index.php\/2020\/05\/21\/el-concejo-deliberante-de-avellaneda-sesiono-en-el-centro-municipal-de-arte\/"},"wordCount":123,"commentCount":0,"publisher":{"@id":"https:\/\/diarioprincipios.com\/#organization"},"image":{"@id":"https:\/\/diarioprincipios.com\/index.php\/2020\/05\/21\/el-concejo-deliberante-de-avellaneda-sesiono-en-el-centro-municipal-de-arte\/#primaryimage"},"thumbnailUrl":"https:\/\/diarioprincipios.com\/wp-content\/uploads\/2020\/05\/d82825ca-67f4-4978-9b91-66b80c7befe7.jpg","articleSection":["Avellaneda"],"inLanguage":"es","potentialAction":[{"@type":"CommentAction","name":"Comment","target":["https:\/\/diarioprincipios.com\/index.php\/2020\/05\/21\/el-concejo-deliberante-de-avellaneda-sesiono-en-el-centro-municipal-de-arte\/#respond"]}]},{"@type":"WebPage","@id":"https:\/\/diarioprincipios.com\/index.php\/2020\/05\/21\/el-concejo-deliberante-de-avellaneda-sesiono-en-el-centro-municipal-de-arte\/","url":"https:\/\/diarioprincipios.com\/index.php\/2020\/05\/21\/el-concejo-deliberante-de-avellaneda-sesiono-en-el-centro-municipal-de-arte\/","name":"El Concejo Deliberante de Avellaneda sesion\u00f3 en el Centro Municipal de Arte - Principios","isPartOf":{"@id":"https:\/\/diarioprincipios.com\/#website"},"primaryImageOfPage":{"@id":"https:\/\/diarioprincipios.com\/index.php\/2020\/05\/21\/el-concejo-deliberante-de-avellaneda-sesiono-en-el-centro-municipal-de-arte\/#primaryimage"},"image":{"@id":"https:\/\/diarioprincipios.com\/index.php\/2020\/05\/21\/el-concejo-deliberante-de-avellaneda-sesiono-en-el-centro-municipal-de-arte\/#primaryimage"},"thumbnailUrl":"https:\/\/diarioprincipios.com\/wp-content\/uploads\/2020\/05\/d82825ca-67f4-4978-9b91-66b80c7befe7.jpg","datePublished":"2020-05-21T19:46:39+00:00","dateModified":"2020-05-21T19:46:41+00:00","breadcrumb":{"@id":"https:\/\/diarioprincipios.com\/index.php\/2020\/05\/21\/el-concejo-deliberante-de-avellaneda-sesiono-en-el-centro-municipal-de-arte\/#breadcrumb"},"inLanguage":"es","potentialAction":[{"@type":"ReadAction","target":["https:\/\/diarioprincipios.com\/index.php\/2020\/05\/21\/el-concejo-deliberante-de-avellaneda-sesiono-en-el-centro-municipal-de-arte\/"]}]},{"@type":"ImageObject","inLanguage":"es","@id":"https:\/\/diarioprincipios.com\/index.php\/2020\/05\/21\/el-concejo-deliberante-de-avellaneda-sesiono-en-el-centro-municipal-de-arte\/#primaryimage","url":"https:\/\/diarioprincipios.com\/wp-content\/uploads\/2020\/05\/d82825ca-67f4-4978-9b91-66b80c7befe7.jpg","contentUrl":"https:\/\/diarioprincipios.com\/wp-content\/uploads\/2020\/05\/d82825ca-67f4-4978-9b91-66b80c7befe7.jpg","width":1280,"height":853},{"@type":"BreadcrumbList","@id":"https:\/\/diarioprincipios.com\/index.php\/2020\/05\/21\/el-concejo-deliberante-de-avellaneda-sesiono-en-el-centro-municipal-de-arte\/#breadcrumb","itemListElement":[{"@type":"ListItem","position":1,"name":"Portada","item":"https:\/\/diarioprincipios.com\/"},{"@type":"ListItem","position":2,"name":"El Concejo Deliberante de Avellaneda sesion\u00f3 en el Centro Municipal de Arte"}]},{"@type":"WebSite","@id":"https:\/\/diarioprincipios.com\/#website","url":"https:\/\/diarioprincipios.com\/","name":"Principios","description":"Principios Diario","publisher":{"@id":"https:\/\/diarioprincipios.com\/#organization"},"potentialAction":[{"@type":"SearchAction","target":{"@type":"EntryPoint","urlTemplate":"https:\/\/diarioprincipios.com\/?s={search_term_string}"},"query-input":{"@type":"PropertyValueSpecification","valueRequired":true,"valueName":"search_term_string"}}],"inLanguage":"es"},{"@type":"Organization","@id":"https:\/\/diarioprincipios.com\/#organization","name":"Principios","url":"https:\/\/diarioprincipios.com\/","logo":{"@type":"ImageObject","inLanguage":"es","@id":"https:\/\/diarioprincipios.com\/#\/schema\/logo\/image\/","url":"https:\/\/diarioprincipios.com\/wp-content\/uploads\/2024\/04\/cropped-www.diarioprincipios.com_-1.png","contentUrl":"https:\/\/diarioprincipios.com\/wp-content\/uploads\/2024\/04\/cropped-www.diarioprincipios.com_-1.png","width":5325,"height":1454,"caption":"Principios"},"image":{"@id":"https:\/\/diarioprincipios.com\/#\/schema\/logo\/image\/"}},{"@type":"Person","@id":"https:\/\/diarioprincipios.com\/#\/schema\/person\/436d5a1fd41a5e250e23ff5a6a7cb080","name":"Hern\u00e1n L\u00f3pez","image":{"@type":"ImageObject","inLanguage":"es","@id":"https:\/\/diarioprincipios.com\/wp-content\/litespeed\/avatar\/11ddfe5610ff3bd100522525b2571f48.jpg?ver=1777048341","url":"https:\/\/diarioprincipios.com\/wp-content\/litespeed\/avatar\/11ddfe5610ff3bd100522525b2571f48.jpg?ver=1777048341","contentUrl":"https:\/\/diarioprincipios.com\/wp-content\/litespeed\/avatar\/11ddfe5610ff3bd100522525b2571f48.jpg?ver=1777048341","caption":"Hern\u00e1n L\u00f3pez"},"url":"https:\/\/diarioprincipios.com\/index.php\/author\/hernan\/"}]}},"jetpack_featured_media_url":"https:\/\/diarioprincipios.com\/wp-content\/uploads\/2020\/05\/d82825ca-67f4-4978-9b91-66b80c7befe7.jpg","_links":{"self":[{"href":"https:\/\/diarioprincipios.com\/index.php\/wp-json\/wp\/v2\/posts\/1961","targetHints":{"allow":["GET"]}}],"collection":[{"href":"https:\/\/diarioprincipios.com\/index.php\/wp-json\/wp\/v2\/posts"}],"about":[{"href":"https:\/\/diarioprincipios.com\/index.php\/wp-json\/wp\/v2\/types\/post"}],"author":[{"embeddable":true,"href":"https:\/\/diarioprincipios.com\/index.php\/wp-json\/wp\/v2\/users\/2"}],"replies":[{"embeddable":true,"href":"https:\/\/diarioprincipios.com\/index.php\/wp-json\/wp\/v2\/comments?post=1961"}],"version-history":[{"count":1,"href":"https:\/\/diarioprincipios.com\/index.php\/wp-json\/wp\/v2\/posts\/1961\/revisions"}],"predecessor-version":[{"id":1963,"href":"https:\/\/diarioprincipios.com\/index.php\/wp-json\/wp\/v2\/posts\/1961\/revisions\/1963"}],"wp:featuredmedia":[{"embeddable":true,"href":"https:\/\/diarioprincipios.com\/index.php\/wp-json\/wp\/v2\/media\/1962"}],"wp:attachment":[{"href":"https:\/\/diarioprincipios.com\/index.php\/wp-json\/wp\/v2\/media?parent=1961"}],"wp:term":[{"taxonomy":"category","embeddable":true,"href":"https:\/\/diarioprincipios.com\/index.php\/wp-json\/wp\/v2\/categories?post=1961"},{"taxonomy":"post_tag","embeddable":true,"href":"https:\/\/diarioprincipios.com\/index.php\/wp-json\/wp\/v2\/tags?post=1961"}],"curies":[{"name":"wp","href":"https:\/\/api.w.org\/{rel}","templated":true}]}}