{"id":195,"date":"2020-03-06T00:53:15","date_gmt":"2020-03-06T00:53:15","guid":{"rendered":"http:\/\/diarioprincipios.com\/?p=195"},"modified":"2020-03-06T00:53:16","modified_gmt":"2020-03-06T00:53:16","slug":"roberto-rodriguez-se-reunio-con-el-secretario-general-de-las-62-organizaciones","status":"publish","type":"post","link":"https:\/\/diarioprincipios.com\/index.php\/2020\/03\/06\/roberto-rodriguez-se-reunio-con-el-secretario-general-de-las-62-organizaciones\/","title":{"rendered":"Roberto Rodriguez se reuni\u00f3 con el Secretario General de las 62 Organizaciones"},"content":{"rendered":"\n<p>El Secretario General del Centro de Empleados de Comercio de Quilnes, Berazategui y Varela se reuni\u00f3 con el Secretario General a nivel distrital de las 62 Organizaciones Peronistas.<\/p>\n\n\n\n<p>En el encuentro, ambos dirigentes conversaron sobre el rol del movimiento obrero en esta nueva etapa con el Peronismo guiando los destinos de la Naci\u00f3n, la Provincia y los municipios de la regi\u00f3n.<\/p>\n","protected":false},"excerpt":{"rendered":"<p>El Secretario General del Centro de Empleados de Comercio de Quilnes, Berazategui y Varela se reuni\u00f3 con el Secretario General a nivel distrital de las 62 Organizaciones Peronistas. En el encuentro, ambos dirigentes conversaron sobre el rol del movimiento obrero en esta nueva etapa con el Peronismo guiando los destinos de la Naci\u00f3n, la Provincia&#8230;<\/p>\n","protected":false},"author":2,"featured_media":196,"comment_status":"open","ping_status":"open","sticky":false,"template":"","format":"standard","meta":{"footnotes":""},"categories":[4],"tags":[],"class_list":["post-195","post","type-post","status-publish","format-standard","has-post-thumbnail","hentry","category-quilmes"],"featured_image_src":"https:\/\/diarioprincipios.com\/wp-content\/uploads\/2020\/03\/IMG-20200305-WA0061-1024x768.jpg","blog_images":{"medium":"https:\/\/diarioprincipios.com\/wp-content\/uploads\/2020\/03\/IMG-20200305-WA0061-300x225.jpg","large":"https:\/\/diarioprincipios.com\/wp-content\/uploads\/2020\/03\/IMG-20200305-WA0061-1024x768.jpg"},"ams_acf":[],"yoast_head":"<!-- This site is optimized with the Yoast SEO plugin v27.3 - https:\/\/yoast.com\/product\/yoast-seo-wordpress\/ -->\n<title>Roberto Rodriguez se reuni\u00f3 con el Secretario General de las 62 Organizaciones - Principios<\/title>\n<meta name=\"robots\" content=\"index, follow, max-snippet:-1, max-image-preview:large, max-video-preview:-1\" \/>\n<link rel=\"canonical\" href=\"https:\/\/diarioprincipios.com\/index.php\/2020\/03\/06\/roberto-rodriguez-se-reunio-con-el-secretario-general-de-las-62-organizaciones\/\" \/>\n<meta property=\"og:locale\" content=\"es_ES\" \/>\n<meta property=\"og:type\" content=\"article\" \/>\n<meta property=\"og:title\" content=\"Roberto Rodriguez se reuni\u00f3 con el Secretario General de las 62 Organizaciones - Principios\" \/>\n<meta property=\"og:description\" content=\"El Secretario General del Centro de Empleados de Comercio de Quilnes, Berazategui y Varela se reuni\u00f3 con el Secretario General a nivel distrital de las 62 Organizaciones Peronistas. En el encuentro, ambos dirigentes conversaron sobre el rol del movimiento obrero en esta nueva etapa con el Peronismo guiando los destinos de la Naci\u00f3n, la Provincia...\" \/>\n<meta property=\"og:url\" content=\"https:\/\/diarioprincipios.com\/index.php\/2020\/03\/06\/roberto-rodriguez-se-reunio-con-el-secretario-general-de-las-62-organizaciones\/\" \/>\n<meta property=\"og:site_name\" content=\"Principios\" \/>\n<meta property=\"article:published_time\" content=\"2020-03-06T00:53:15+00:00\" \/>\n<meta property=\"article:modified_time\" content=\"2020-03-06T00:53:16+00:00\" \/>\n<meta property=\"og:image\" content=\"https:\/\/diarioprincipios.com\/wp-content\/uploads\/2020\/03\/IMG-20200305-WA0061.jpg\" \/>\n\t<meta property=\"og:image:width\" content=\"1280\" \/>\n\t<meta property=\"og:image:height\" content=\"960\" \/>\n\t<meta property=\"og:image:type\" content=\"image\/jpeg\" \/>\n<meta name=\"author\" content=\"Hern\u00e1n L\u00f3pez\" \/>\n<meta name=\"twitter:card\" content=\"summary_large_image\" \/>\n<meta name=\"twitter:label1\" content=\"Escrito por\" \/>\n\t<meta name=\"twitter:data1\" content=\"Hern\u00e1n L\u00f3pez\" \/>\n<script type=\"application\/ld+json\" class=\"yoast-schema-graph\">{\"@context\":\"https:\\\/\\\/schema.org\",\"@graph\":[{\"@type\":\"Article\",\"@id\":\"https:\\\/\\\/diarioprincipios.com\\\/index.php\\\/2020\\\/03\\\/06\\\/roberto-rodriguez-se-reunio-con-el-secretario-general-de-las-62-organizaciones\\\/#article\",\"isPartOf\":{\"@id\":\"https:\\\/\\\/diarioprincipios.com\\\/index.php\\\/2020\\\/03\\\/06\\\/roberto-rodriguez-se-reunio-con-el-secretario-general-de-las-62-organizaciones\\\/\"},\"author\":{\"name\":\"Hern\u00e1n L\u00f3pez\",\"@id\":\"https:\\\/\\\/diarioprincipios.com\\\/#\\\/schema\\\/person\\\/436d5a1fd41a5e250e23ff5a6a7cb080\"},\"headline\":\"Roberto Rodriguez se reuni\u00f3 con el Secretario General de las 62 Organizaciones\",\"datePublished\":\"2020-03-06T00:53:15+00:00\",\"dateModified\":\"2020-03-06T00:53:16+00:00\",\"mainEntityOfPage\":{\"@id\":\"https:\\\/\\\/diarioprincipios.com\\\/index.php\\\/2020\\\/03\\\/06\\\/roberto-rodriguez-se-reunio-con-el-secretario-general-de-las-62-organizaciones\\\/\"},\"wordCount\":73,\"commentCount\":0,\"publisher\":{\"@id\":\"https:\\\/\\\/diarioprincipios.com\\\/#organization\"},\"image\":{\"@id\":\"https:\\\/\\\/diarioprincipios.com\\\/index.php\\\/2020\\\/03\\\/06\\\/roberto-rodriguez-se-reunio-con-el-secretario-general-de-las-62-organizaciones\\\/#primaryimage\"},\"thumbnailUrl\":\"https:\\\/\\\/diarioprincipios.com\\\/wp-content\\\/uploads\\\/2020\\\/03\\\/IMG-20200305-WA0061.jpg\",\"articleSection\":[\"Quilmes\"],\"inLanguage\":\"es\",\"potentialAction\":[{\"@type\":\"CommentAction\",\"name\":\"Comment\",\"target\":[\"https:\\\/\\\/diarioprincipios.com\\\/index.php\\\/2020\\\/03\\\/06\\\/roberto-rodriguez-se-reunio-con-el-secretario-general-de-las-62-organizaciones\\\/#respond\"]}]},{\"@type\":\"WebPage\",\"@id\":\"https:\\\/\\\/diarioprincipios.com\\\/index.php\\\/2020\\\/03\\\/06\\\/roberto-rodriguez-se-reunio-con-el-secretario-general-de-las-62-organizaciones\\\/\",\"url\":\"https:\\\/\\\/diarioprincipios.com\\\/index.php\\\/2020\\\/03\\\/06\\\/roberto-rodriguez-se-reunio-con-el-secretario-general-de-las-62-organizaciones\\\/\",\"name\":\"Roberto Rodriguez se reuni\u00f3 con el Secretario General de las 62 Organizaciones - Principios\",\"isPartOf\":{\"@id\":\"https:\\\/\\\/diarioprincipios.com\\\/#website\"},\"primaryImageOfPage\":{\"@id\":\"https:\\\/\\\/diarioprincipios.com\\\/index.php\\\/2020\\\/03\\\/06\\\/roberto-rodriguez-se-reunio-con-el-secretario-general-de-las-62-organizaciones\\\/#primaryimage\"},\"image\":{\"@id\":\"https:\\\/\\\/diarioprincipios.com\\\/index.php\\\/2020\\\/03\\\/06\\\/roberto-rodriguez-se-reunio-con-el-secretario-general-de-las-62-organizaciones\\\/#primaryimage\"},\"thumbnailUrl\":\"https:\\\/\\\/diarioprincipios.com\\\/wp-content\\\/uploads\\\/2020\\\/03\\\/IMG-20200305-WA0061.jpg\",\"datePublished\":\"2020-03-06T00:53:15+00:00\",\"dateModified\":\"2020-03-06T00:53:16+00:00\",\"breadcrumb\":{\"@id\":\"https:\\\/\\\/diarioprincipios.com\\\/index.php\\\/2020\\\/03\\\/06\\\/roberto-rodriguez-se-reunio-con-el-secretario-general-de-las-62-organizaciones\\\/#breadcrumb\"},\"inLanguage\":\"es\",\"potentialAction\":[{\"@type\":\"ReadAction\",\"target\":[\"https:\\\/\\\/diarioprincipios.com\\\/index.php\\\/2020\\\/03\\\/06\\\/roberto-rodriguez-se-reunio-con-el-secretario-general-de-las-62-organizaciones\\\/\"]}]},{\"@type\":\"ImageObject\",\"inLanguage\":\"es\",\"@id\":\"https:\\\/\\\/diarioprincipios.com\\\/index.php\\\/2020\\\/03\\\/06\\\/roberto-rodriguez-se-reunio-con-el-secretario-general-de-las-62-organizaciones\\\/#primaryimage\",\"url\":\"https:\\\/\\\/diarioprincipios.com\\\/wp-content\\\/uploads\\\/2020\\\/03\\\/IMG-20200305-WA0061.jpg\",\"contentUrl\":\"https:\\\/\\\/diarioprincipios.com\\\/wp-content\\\/uploads\\\/2020\\\/03\\\/IMG-20200305-WA0061.jpg\",\"width\":1280,\"height\":960},{\"@type\":\"BreadcrumbList\",\"@id\":\"https:\\\/\\\/diarioprincipios.com\\\/index.php\\\/2020\\\/03\\\/06\\\/roberto-rodriguez-se-reunio-con-el-secretario-general-de-las-62-organizaciones\\\/#breadcrumb\",\"itemListElement\":[{\"@type\":\"ListItem\",\"position\":1,\"name\":\"Portada\",\"item\":\"https:\\\/\\\/diarioprincipios.com\\\/\"},{\"@type\":\"ListItem\",\"position\":2,\"name\":\"Roberto Rodriguez se reuni\u00f3 con el Secretario General de las 62 Organizaciones\"}]},{\"@type\":\"WebSite\",\"@id\":\"https:\\\/\\\/diarioprincipios.com\\\/#website\",\"url\":\"https:\\\/\\\/diarioprincipios.com\\\/\",\"name\":\"Principios\",\"description\":\"Principios Diario\",\"publisher\":{\"@id\":\"https:\\\/\\\/diarioprincipios.com\\\/#organization\"},\"potentialAction\":[{\"@type\":\"SearchAction\",\"target\":{\"@type\":\"EntryPoint\",\"urlTemplate\":\"https:\\\/\\\/diarioprincipios.com\\\/?s={search_term_string}\"},\"query-input\":{\"@type\":\"PropertyValueSpecification\",\"valueRequired\":true,\"valueName\":\"search_term_string\"}}],\"inLanguage\":\"es\"},{\"@type\":\"Organization\",\"@id\":\"https:\\\/\\\/diarioprincipios.com\\\/#organization\",\"name\":\"Principios\",\"url\":\"https:\\\/\\\/diarioprincipios.com\\\/\",\"logo\":{\"@type\":\"ImageObject\",\"inLanguage\":\"es\",\"@id\":\"https:\\\/\\\/diarioprincipios.com\\\/#\\\/schema\\\/logo\\\/image\\\/\",\"url\":\"https:\\\/\\\/diarioprincipios.com\\\/wp-content\\\/uploads\\\/2024\\\/04\\\/cropped-www.diarioprincipios.com_-1.png\",\"contentUrl\":\"https:\\\/\\\/diarioprincipios.com\\\/wp-content\\\/uploads\\\/2024\\\/04\\\/cropped-www.diarioprincipios.com_-1.png\",\"width\":5325,\"height\":1454,\"caption\":\"Principios\"},\"image\":{\"@id\":\"https:\\\/\\\/diarioprincipios.com\\\/#\\\/schema\\\/logo\\\/image\\\/\"}},{\"@type\":\"Person\",\"@id\":\"https:\\\/\\\/diarioprincipios.com\\\/#\\\/schema\\\/person\\\/436d5a1fd41a5e250e23ff5a6a7cb080\",\"name\":\"Hern\u00e1n L\u00f3pez\",\"image\":{\"@type\":\"ImageObject\",\"inLanguage\":\"es\",\"@id\":\"https:\\\/\\\/diarioprincipios.com\\\/wp-content\\\/litespeed\\\/avatar\\\/11ddfe5610ff3bd100522525b2571f48.jpg?ver=1777653193\",\"url\":\"https:\\\/\\\/diarioprincipios.com\\\/wp-content\\\/litespeed\\\/avatar\\\/11ddfe5610ff3bd100522525b2571f48.jpg?ver=1777653193\",\"contentUrl\":\"https:\\\/\\\/diarioprincipios.com\\\/wp-content\\\/litespeed\\\/avatar\\\/11ddfe5610ff3bd100522525b2571f48.jpg?ver=1777653193\",\"caption\":\"Hern\u00e1n L\u00f3pez\"},\"url\":\"https:\\\/\\\/diarioprincipios.com\\\/index.php\\\/author\\\/hernan\\\/\"}]}<\/script>\n<!-- \/ Yoast SEO plugin. -->","yoast_head_json":{"title":"Roberto Rodriguez se reuni\u00f3 con el Secretario General de las 62 Organizaciones - Principios","robots":{"index":"index","follow":"follow","max-snippet":"max-snippet:-1","max-image-preview":"max-image-preview:large","max-video-preview":"max-video-preview:-1"},"canonical":"https:\/\/diarioprincipios.com\/index.php\/2020\/03\/06\/roberto-rodriguez-se-reunio-con-el-secretario-general-de-las-62-organizaciones\/","og_locale":"es_ES","og_type":"article","og_title":"Roberto Rodriguez se reuni\u00f3 con el Secretario General de las 62 Organizaciones - Principios","og_description":"El Secretario General del Centro de Empleados de Comercio de Quilnes, Berazategui y Varela se reuni\u00f3 con el Secretario General a nivel distrital de las 62 Organizaciones Peronistas. En el encuentro, ambos dirigentes conversaron sobre el rol del movimiento obrero en esta nueva etapa con el Peronismo guiando los destinos de la Naci\u00f3n, la Provincia...","og_url":"https:\/\/diarioprincipios.com\/index.php\/2020\/03\/06\/roberto-rodriguez-se-reunio-con-el-secretario-general-de-las-62-organizaciones\/","og_site_name":"Principios","article_published_time":"2020-03-06T00:53:15+00:00","article_modified_time":"2020-03-06T00:53:16+00:00","og_image":[{"width":1280,"height":960,"url":"https:\/\/diarioprincipios.com\/wp-content\/uploads\/2020\/03\/IMG-20200305-WA0061.jpg","type":"image\/jpeg"}],"author":"Hern\u00e1n L\u00f3pez","twitter_card":"summary_large_image","twitter_misc":{"Escrito por":"Hern\u00e1n L\u00f3pez"},"schema":{"@context":"https:\/\/schema.org","@graph":[{"@type":"Article","@id":"https:\/\/diarioprincipios.com\/index.php\/2020\/03\/06\/roberto-rodriguez-se-reunio-con-el-secretario-general-de-las-62-organizaciones\/#article","isPartOf":{"@id":"https:\/\/diarioprincipios.com\/index.php\/2020\/03\/06\/roberto-rodriguez-se-reunio-con-el-secretario-general-de-las-62-organizaciones\/"},"author":{"name":"Hern\u00e1n L\u00f3pez","@id":"https:\/\/diarioprincipios.com\/#\/schema\/person\/436d5a1fd41a5e250e23ff5a6a7cb080"},"headline":"Roberto Rodriguez se reuni\u00f3 con el Secretario General de las 62 Organizaciones","datePublished":"2020-03-06T00:53:15+00:00","dateModified":"2020-03-06T00:53:16+00:00","mainEntityOfPage":{"@id":"https:\/\/diarioprincipios.com\/index.php\/2020\/03\/06\/roberto-rodriguez-se-reunio-con-el-secretario-general-de-las-62-organizaciones\/"},"wordCount":73,"commentCount":0,"publisher":{"@id":"https:\/\/diarioprincipios.com\/#organization"},"image":{"@id":"https:\/\/diarioprincipios.com\/index.php\/2020\/03\/06\/roberto-rodriguez-se-reunio-con-el-secretario-general-de-las-62-organizaciones\/#primaryimage"},"thumbnailUrl":"https:\/\/diarioprincipios.com\/wp-content\/uploads\/2020\/03\/IMG-20200305-WA0061.jpg","articleSection":["Quilmes"],"inLanguage":"es","potentialAction":[{"@type":"CommentAction","name":"Comment","target":["https:\/\/diarioprincipios.com\/index.php\/2020\/03\/06\/roberto-rodriguez-se-reunio-con-el-secretario-general-de-las-62-organizaciones\/#respond"]}]},{"@type":"WebPage","@id":"https:\/\/diarioprincipios.com\/index.php\/2020\/03\/06\/roberto-rodriguez-se-reunio-con-el-secretario-general-de-las-62-organizaciones\/","url":"https:\/\/diarioprincipios.com\/index.php\/2020\/03\/06\/roberto-rodriguez-se-reunio-con-el-secretario-general-de-las-62-organizaciones\/","name":"Roberto Rodriguez se reuni\u00f3 con el Secretario General de las 62 Organizaciones - Principios","isPartOf":{"@id":"https:\/\/diarioprincipios.com\/#website"},"primaryImageOfPage":{"@id":"https:\/\/diarioprincipios.com\/index.php\/2020\/03\/06\/roberto-rodriguez-se-reunio-con-el-secretario-general-de-las-62-organizaciones\/#primaryimage"},"image":{"@id":"https:\/\/diarioprincipios.com\/index.php\/2020\/03\/06\/roberto-rodriguez-se-reunio-con-el-secretario-general-de-las-62-organizaciones\/#primaryimage"},"thumbnailUrl":"https:\/\/diarioprincipios.com\/wp-content\/uploads\/2020\/03\/IMG-20200305-WA0061.jpg","datePublished":"2020-03-06T00:53:15+00:00","dateModified":"2020-03-06T00:53:16+00:00","breadcrumb":{"@id":"https:\/\/diarioprincipios.com\/index.php\/2020\/03\/06\/roberto-rodriguez-se-reunio-con-el-secretario-general-de-las-62-organizaciones\/#breadcrumb"},"inLanguage":"es","potentialAction":[{"@type":"ReadAction","target":["https:\/\/diarioprincipios.com\/index.php\/2020\/03\/06\/roberto-rodriguez-se-reunio-con-el-secretario-general-de-las-62-organizaciones\/"]}]},{"@type":"ImageObject","inLanguage":"es","@id":"https:\/\/diarioprincipios.com\/index.php\/2020\/03\/06\/roberto-rodriguez-se-reunio-con-el-secretario-general-de-las-62-organizaciones\/#primaryimage","url":"https:\/\/diarioprincipios.com\/wp-content\/uploads\/2020\/03\/IMG-20200305-WA0061.jpg","contentUrl":"https:\/\/diarioprincipios.com\/wp-content\/uploads\/2020\/03\/IMG-20200305-WA0061.jpg","width":1280,"height":960},{"@type":"BreadcrumbList","@id":"https:\/\/diarioprincipios.com\/index.php\/2020\/03\/06\/roberto-rodriguez-se-reunio-con-el-secretario-general-de-las-62-organizaciones\/#breadcrumb","itemListElement":[{"@type":"ListItem","position":1,"name":"Portada","item":"https:\/\/diarioprincipios.com\/"},{"@type":"ListItem","position":2,"name":"Roberto Rodriguez se reuni\u00f3 con el Secretario General de las 62 Organizaciones"}]},{"@type":"WebSite","@id":"https:\/\/diarioprincipios.com\/#website","url":"https:\/\/diarioprincipios.com\/","name":"Principios","description":"Principios Diario","publisher":{"@id":"https:\/\/diarioprincipios.com\/#organization"},"potentialAction":[{"@type":"SearchAction","target":{"@type":"EntryPoint","urlTemplate":"https:\/\/diarioprincipios.com\/?s={search_term_string}"},"query-input":{"@type":"PropertyValueSpecification","valueRequired":true,"valueName":"search_term_string"}}],"inLanguage":"es"},{"@type":"Organization","@id":"https:\/\/diarioprincipios.com\/#organization","name":"Principios","url":"https:\/\/diarioprincipios.com\/","logo":{"@type":"ImageObject","inLanguage":"es","@id":"https:\/\/diarioprincipios.com\/#\/schema\/logo\/image\/","url":"https:\/\/diarioprincipios.com\/wp-content\/uploads\/2024\/04\/cropped-www.diarioprincipios.com_-1.png","contentUrl":"https:\/\/diarioprincipios.com\/wp-content\/uploads\/2024\/04\/cropped-www.diarioprincipios.com_-1.png","width":5325,"height":1454,"caption":"Principios"},"image":{"@id":"https:\/\/diarioprincipios.com\/#\/schema\/logo\/image\/"}},{"@type":"Person","@id":"https:\/\/diarioprincipios.com\/#\/schema\/person\/436d5a1fd41a5e250e23ff5a6a7cb080","name":"Hern\u00e1n L\u00f3pez","image":{"@type":"ImageObject","inLanguage":"es","@id":"https:\/\/diarioprincipios.com\/wp-content\/litespeed\/avatar\/11ddfe5610ff3bd100522525b2571f48.jpg?ver=1777653193","url":"https:\/\/diarioprincipios.com\/wp-content\/litespeed\/avatar\/11ddfe5610ff3bd100522525b2571f48.jpg?ver=1777653193","contentUrl":"https:\/\/diarioprincipios.com\/wp-content\/litespeed\/avatar\/11ddfe5610ff3bd100522525b2571f48.jpg?ver=1777653193","caption":"Hern\u00e1n L\u00f3pez"},"url":"https:\/\/diarioprincipios.com\/index.php\/author\/hernan\/"}]}},"jetpack_featured_media_url":"https:\/\/diarioprincipios.com\/wp-content\/uploads\/2020\/03\/IMG-20200305-WA0061.jpg","_links":{"self":[{"href":"https:\/\/diarioprincipios.com\/index.php\/wp-json\/wp\/v2\/posts\/195","targetHints":{"allow":["GET"]}}],"collection":[{"href":"https:\/\/diarioprincipios.com\/index.php\/wp-json\/wp\/v2\/posts"}],"about":[{"href":"https:\/\/diarioprincipios.com\/index.php\/wp-json\/wp\/v2\/types\/post"}],"author":[{"embeddable":true,"href":"https:\/\/diarioprincipios.com\/index.php\/wp-json\/wp\/v2\/users\/2"}],"replies":[{"embeddable":true,"href":"https:\/\/diarioprincipios.com\/index.php\/wp-json\/wp\/v2\/comments?post=195"}],"version-history":[{"count":1,"href":"https:\/\/diarioprincipios.com\/index.php\/wp-json\/wp\/v2\/posts\/195\/revisions"}],"predecessor-version":[{"id":197,"href":"https:\/\/diarioprincipios.com\/index.php\/wp-json\/wp\/v2\/posts\/195\/revisions\/197"}],"wp:featuredmedia":[{"embeddable":true,"href":"https:\/\/diarioprincipios.com\/index.php\/wp-json\/wp\/v2\/media\/196"}],"wp:attachment":[{"href":"https:\/\/diarioprincipios.com\/index.php\/wp-json\/wp\/v2\/media?parent=195"}],"wp:term":[{"taxonomy":"category","embeddable":true,"href":"https:\/\/diarioprincipios.com\/index.php\/wp-json\/wp\/v2\/categories?post=195"},{"taxonomy":"post_tag","embeddable":true,"href":"https:\/\/diarioprincipios.com\/index.php\/wp-json\/wp\/v2\/tags?post=195"}],"curies":[{"name":"wp","href":"https:\/\/api.w.org\/{rel}","templated":true}]}}