{"id":1943,"date":"2020-05-21T14:58:22","date_gmt":"2020-05-21T17:58:22","guid":{"rendered":"http:\/\/diarioprincipios.com\/?p=1943"},"modified":"2020-05-21T14:58:24","modified_gmt":"2020-05-21T17:58:24","slug":"berazategui-acondiciono-centros-de-salud-y-espacios-extrahospitalarios-ante-un-eventual-pico-de-contagios","status":"publish","type":"post","link":"https:\/\/diarioprincipios.com\/index.php\/2020\/05\/21\/berazategui-acondiciono-centros-de-salud-y-espacios-extrahospitalarios-ante-un-eventual-pico-de-contagios\/","title":{"rendered":"Berazategui acondicion\u00f3 Centros de Salud y espacios extrahospitalarios ante un eventual pico de contagios"},"content":{"rendered":"\n<p>Hace unas horas, el Intendente Municipal de Berazategui, doctor Juan Jos\u00e9 Mussi, mostr\u00f3 a trav\u00e9s de sus redes sociales algunos espacios acondicionados especialmente dentro de Centros de Salud y otros espacios Extrahospitalarios para hacer frente a un eventual pico de contagios de Coronavirus, si bien hasta el momento Berazategui es una de las ciudades del conurbano con menos casos.<\/p>\n\n\n\n<figure class=\"wp-block-image size-large\"><img loading=\"lazy\" decoding=\"async\" width=\"960\" height=\"960\" src=\"https:\/\/diarioprincipios.com\/wp-content\/uploads\/2020\/05\/4-1.jpg\" alt=\"\" class=\"wp-image-1944\" srcset=\"https:\/\/diarioprincipios.com\/wp-content\/uploads\/2020\/05\/4-1.jpg 960w, https:\/\/diarioprincipios.com\/wp-content\/uploads\/2020\/05\/4-1-300x300.jpg 300w, https:\/\/diarioprincipios.com\/wp-content\/uploads\/2020\/05\/4-1-150x150.jpg 150w, https:\/\/diarioprincipios.com\/wp-content\/uploads\/2020\/05\/4-1-768x768.jpg 768w\" sizes=\"auto, (max-width: 960px) 100vw, 960px\" \/><\/figure>\n\n\n\n<p><\/p>\n\n\n\n<p>\u00abTeniendo en cuenta que el\u00a0<a href=\"https:\/\/www.facebook.com\/hashtag\/coronavirus?__eep__=6&amp;source=feed_text&amp;epa=HASHTAG&amp;__xts__%5B0%5D=68.ARCkTWQrrGsx8bEk9dMzxfplc5WOfF32iH-eVfwOt7SaAM2R0vm2WOM_aNOKVTnAum8z-3hlwMAE7fRF4E48VsS9RISPh_Gw_RmuVv7eRhB5XfMiYtJ2o-nCSHHZuUmv_R7376bm5qIb90TkgAV8d1J0ZZy2ZPWohD9gJ0JvnV1B45MTgp2BWfp8i3D9bjs0_QBcjxe_bddW9w_nCi3bwzLE4Y2EvnBKZ9d9OYKK5PhKw1f0NA2RMb8hTu58cp1YUhg-ObwceQ3hd71rRAyd7YLqaYTNsQ11G-_pasDiLn8eMSyy2JoYFc-Fp_nyjdvdDj2hPlHuPdZpakhFK7tvyZ-WKg&amp;__tn__=%2ANK-R\">#Coronavirus<\/a>\u00a0es una enfermedad sumamente contagiosa, en\u00a0<a href=\"https:\/\/www.facebook.com\/hashtag\/berazategui?__eep__=6&amp;source=feed_text&amp;epa=HASHTAG&amp;__xts__%5B0%5D=68.ARCkTWQrrGsx8bEk9dMzxfplc5WOfF32iH-eVfwOt7SaAM2R0vm2WOM_aNOKVTnAum8z-3hlwMAE7fRF4E48VsS9RISPh_Gw_RmuVv7eRhB5XfMiYtJ2o-nCSHHZuUmv_R7376bm5qIb90TkgAV8d1J0ZZy2ZPWohD9gJ0JvnV1B45MTgp2BWfp8i3D9bjs0_QBcjxe_bddW9w_nCi3bwzLE4Y2EvnBKZ9d9OYKK5PhKw1f0NA2RMb8hTu58cp1YUhg-ObwceQ3hd71rRAyd7YLqaYTNsQ11G-_pasDiLn8eMSyy2JoYFc-Fp_nyjdvdDj2hPlHuPdZpakhFK7tvyZ-WKg&amp;__tn__=%2ANK-R\">#Berazategui<\/a>\u00a0se reacondicionaron varios centros de salud y espacios extrahospitalarios para internaci\u00f3n, que son de mucha utilidad para evitar el colapso del sistema de\u00a0<a href=\"https:\/\/www.facebook.com\/hashtag\/salud?__eep__=6&amp;source=feed_text&amp;epa=HASHTAG&amp;__xts__%5B0%5D=68.ARCkTWQrrGsx8bEk9dMzxfplc5WOfF32iH-eVfwOt7SaAM2R0vm2WOM_aNOKVTnAum8z-3hlwMAE7fRF4E48VsS9RISPh_Gw_RmuVv7eRhB5XfMiYtJ2o-nCSHHZuUmv_R7376bm5qIb90TkgAV8d1J0ZZy2ZPWohD9gJ0JvnV1B45MTgp2BWfp8i3D9bjs0_QBcjxe_bddW9w_nCi3bwzLE4Y2EvnBKZ9d9OYKK5PhKw1f0NA2RMb8hTu58cp1YUhg-ObwceQ3hd71rRAyd7YLqaYTNsQ11G-_pasDiLn8eMSyy2JoYFc-Fp_nyjdvdDj2hPlHuPdZpakhFK7tvyZ-WKg&amp;__tn__=%2ANK-R\">#Salud<\/a>\u00a0ante un brote de infectados. Actualmente contamos con 475 camas en el Hospital Evita Pueblo, la UPA N\u00b0 10 y en los centros de aislamiento -casa de retiro del colegio San Pablo Ap\u00f3stol, la sede Dantas de la Escuela de Polic\u00eda Juan Vucetich y el Centro de Actividades municipal Roberto De Vicenzo\u00bb-, destac\u00f3 el Intendente.<\/p>\n\n\n\n<figure class=\"wp-block-image size-large\"><img loading=\"lazy\" decoding=\"async\" width=\"960\" height=\"720\" src=\"https:\/\/diarioprincipios.com\/wp-content\/uploads\/2020\/05\/2-1.jpg\" alt=\"\" class=\"wp-image-1945\" srcset=\"https:\/\/diarioprincipios.com\/wp-content\/uploads\/2020\/05\/2-1.jpg 960w, https:\/\/diarioprincipios.com\/wp-content\/uploads\/2020\/05\/2-1-300x225.jpg 300w, https:\/\/diarioprincipios.com\/wp-content\/uploads\/2020\/05\/2-1-768x576.jpg 768w\" sizes=\"auto, (max-width: 960px) 100vw, 960px\" \/><\/figure>\n\n\n\n<p>Finalmente expres\u00f3 \u00abGracias a quienes ofrecieron y prepararon estos sitios, esperamos no tener que usarlos! Y para eso, es muy importante que se sigan cumpliendo las medidas de higiene y distanciamiento social!\u00a0<a href=\"https:\/\/www.facebook.com\/hashtag\/cuidarteescuidarnos?__eep__=6&amp;source=feed_text&amp;epa=HASHTAG&amp;__xts__%5B0%5D=68.ARCkTWQrrGsx8bEk9dMzxfplc5WOfF32iH-eVfwOt7SaAM2R0vm2WOM_aNOKVTnAum8z-3hlwMAE7fRF4E48VsS9RISPh_Gw_RmuVv7eRhB5XfMiYtJ2o-nCSHHZuUmv_R7376bm5qIb90TkgAV8d1J0ZZy2ZPWohD9gJ0JvnV1B45MTgp2BWfp8i3D9bjs0_QBcjxe_bddW9w_nCi3bwzLE4Y2EvnBKZ9d9OYKK5PhKw1f0NA2RMb8hTu58cp1YUhg-ObwceQ3hd71rRAyd7YLqaYTNsQ11G-_pasDiLn8eMSyy2JoYFc-Fp_nyjdvdDj2hPlHuPdZpakhFK7tvyZ-WKg&amp;__tn__=%2ANK-R\">#CuidarteEsCuidarnos<\/a>\u00a0<a href=\"https:\/\/www.facebook.com\/hashtag\/buenosvecinos?__eep__=6&amp;source=feed_text&amp;epa=HASHTAG&amp;__xts__%5B0%5D=68.ARCkTWQrrGsx8bEk9dMzxfplc5WOfF32iH-eVfwOt7SaAM2R0vm2WOM_aNOKVTnAum8z-3hlwMAE7fRF4E48VsS9RISPh_Gw_RmuVv7eRhB5XfMiYtJ2o-nCSHHZuUmv_R7376bm5qIb90TkgAV8d1J0ZZy2ZPWohD9gJ0JvnV1B45MTgp2BWfp8i3D9bjs0_QBcjxe_bddW9w_nCi3bwzLE4Y2EvnBKZ9d9OYKK5PhKw1f0NA2RMb8hTu58cp1YUhg-ObwceQ3hd71rRAyd7YLqaYTNsQ11G-_pasDiLn8eMSyy2JoYFc-Fp_nyjdvdDj2hPlHuPdZpakhFK7tvyZ-WKg&amp;__tn__=%2ANK-R\">#BuenosVecinos<\/a>\u00ab.<\/p>\n","protected":false},"excerpt":{"rendered":"<p>Hace unas horas, el Intendente Municipal de Berazategui, doctor Juan Jos\u00e9 Mussi, mostr\u00f3 a trav\u00e9s de sus redes sociales algunos espacios acondicionados especialmente dentro de Centros de Salud y otros espacios Extrahospitalarios para hacer frente a un eventual pico de contagios de Coronavirus, si bien hasta el momento Berazategui es una de las ciudades del&#8230;<\/p>\n","protected":false},"author":2,"featured_media":1946,"comment_status":"open","ping_status":"open","sticky":false,"template":"","format":"standard","meta":{"footnotes":""},"categories":[3],"tags":[],"class_list":["post-1943","post","type-post","status-publish","format-standard","has-post-thumbnail","hentry","category-berazategui"],"featured_image_src":"https:\/\/diarioprincipios.com\/wp-content\/uploads\/2020\/05\/1.jpg","blog_images":{"medium":"https:\/\/diarioprincipios.com\/wp-content\/uploads\/2020\/05\/1-300x300.jpg","large":"https:\/\/diarioprincipios.com\/wp-content\/uploads\/2020\/05\/1.jpg"},"ams_acf":[],"yoast_head":"<!-- This site is optimized with the Yoast SEO plugin v27.3 - https:\/\/yoast.com\/product\/yoast-seo-wordpress\/ -->\n<title>Berazategui acondicion\u00f3 Centros de Salud y espacios extrahospitalarios ante un eventual pico de contagios - Principios<\/title>\n<meta name=\"robots\" content=\"index, follow, max-snippet:-1, max-image-preview:large, max-video-preview:-1\" \/>\n<link rel=\"canonical\" href=\"https:\/\/diarioprincipios.com\/index.php\/2020\/05\/21\/berazategui-acondiciono-centros-de-salud-y-espacios-extrahospitalarios-ante-un-eventual-pico-de-contagios\/\" \/>\n<meta property=\"og:locale\" content=\"es_ES\" \/>\n<meta property=\"og:type\" content=\"article\" \/>\n<meta property=\"og:title\" content=\"Berazategui acondicion\u00f3 Centros de Salud y espacios extrahospitalarios ante un eventual pico de contagios - Principios\" \/>\n<meta property=\"og:description\" content=\"Hace unas horas, el Intendente Municipal de Berazategui, doctor Juan Jos\u00e9 Mussi, mostr\u00f3 a trav\u00e9s de sus redes sociales algunos espacios acondicionados especialmente dentro de Centros de Salud y otros espacios Extrahospitalarios para hacer frente a un eventual pico de contagios de Coronavirus, si bien hasta el momento Berazategui es una de las ciudades del...\" \/>\n<meta property=\"og:url\" content=\"https:\/\/diarioprincipios.com\/index.php\/2020\/05\/21\/berazategui-acondiciono-centros-de-salud-y-espacios-extrahospitalarios-ante-un-eventual-pico-de-contagios\/\" \/>\n<meta property=\"og:site_name\" content=\"Principios\" \/>\n<meta property=\"article:published_time\" content=\"2020-05-21T17:58:22+00:00\" \/>\n<meta property=\"article:modified_time\" content=\"2020-05-21T17:58:24+00:00\" \/>\n<meta property=\"og:image\" content=\"https:\/\/diarioprincipios.com\/wp-content\/uploads\/2020\/05\/1.jpg\" \/>\n\t<meta property=\"og:image:width\" content=\"960\" \/>\n\t<meta property=\"og:image:height\" content=\"960\" \/>\n\t<meta property=\"og:image:type\" content=\"image\/jpeg\" \/>\n<meta name=\"author\" content=\"Hern\u00e1n L\u00f3pez\" \/>\n<meta name=\"twitter:card\" content=\"summary_large_image\" \/>\n<meta name=\"twitter:label1\" content=\"Escrito por\" \/>\n\t<meta name=\"twitter:data1\" content=\"Hern\u00e1n L\u00f3pez\" \/>\n\t<meta name=\"twitter:label2\" content=\"Tiempo de lectura\" \/>\n\t<meta name=\"twitter:data2\" content=\"1 minuto\" \/>\n<script type=\"application\/ld+json\" class=\"yoast-schema-graph\">{\"@context\":\"https:\\\/\\\/schema.org\",\"@graph\":[{\"@type\":\"Article\",\"@id\":\"https:\\\/\\\/diarioprincipios.com\\\/index.php\\\/2020\\\/05\\\/21\\\/berazategui-acondiciono-centros-de-salud-y-espacios-extrahospitalarios-ante-un-eventual-pico-de-contagios\\\/#article\",\"isPartOf\":{\"@id\":\"https:\\\/\\\/diarioprincipios.com\\\/index.php\\\/2020\\\/05\\\/21\\\/berazategui-acondiciono-centros-de-salud-y-espacios-extrahospitalarios-ante-un-eventual-pico-de-contagios\\\/\"},\"author\":{\"name\":\"Hern\u00e1n L\u00f3pez\",\"@id\":\"https:\\\/\\\/diarioprincipios.com\\\/#\\\/schema\\\/person\\\/436d5a1fd41a5e250e23ff5a6a7cb080\"},\"headline\":\"Berazategui acondicion\u00f3 Centros de Salud y espacios extrahospitalarios ante un eventual pico de contagios\",\"datePublished\":\"2020-05-21T17:58:22+00:00\",\"dateModified\":\"2020-05-21T17:58:24+00:00\",\"mainEntityOfPage\":{\"@id\":\"https:\\\/\\\/diarioprincipios.com\\\/index.php\\\/2020\\\/05\\\/21\\\/berazategui-acondiciono-centros-de-salud-y-espacios-extrahospitalarios-ante-un-eventual-pico-de-contagios\\\/\"},\"wordCount\":202,\"commentCount\":0,\"publisher\":{\"@id\":\"https:\\\/\\\/diarioprincipios.com\\\/#organization\"},\"image\":{\"@id\":\"https:\\\/\\\/diarioprincipios.com\\\/index.php\\\/2020\\\/05\\\/21\\\/berazategui-acondiciono-centros-de-salud-y-espacios-extrahospitalarios-ante-un-eventual-pico-de-contagios\\\/#primaryimage\"},\"thumbnailUrl\":\"https:\\\/\\\/diarioprincipios.com\\\/wp-content\\\/uploads\\\/2020\\\/05\\\/1.jpg\",\"articleSection\":[\"Berazategui\"],\"inLanguage\":\"es\",\"potentialAction\":[{\"@type\":\"CommentAction\",\"name\":\"Comment\",\"target\":[\"https:\\\/\\\/diarioprincipios.com\\\/index.php\\\/2020\\\/05\\\/21\\\/berazategui-acondiciono-centros-de-salud-y-espacios-extrahospitalarios-ante-un-eventual-pico-de-contagios\\\/#respond\"]}]},{\"@type\":\"WebPage\",\"@id\":\"https:\\\/\\\/diarioprincipios.com\\\/index.php\\\/2020\\\/05\\\/21\\\/berazategui-acondiciono-centros-de-salud-y-espacios-extrahospitalarios-ante-un-eventual-pico-de-contagios\\\/\",\"url\":\"https:\\\/\\\/diarioprincipios.com\\\/index.php\\\/2020\\\/05\\\/21\\\/berazategui-acondiciono-centros-de-salud-y-espacios-extrahospitalarios-ante-un-eventual-pico-de-contagios\\\/\",\"name\":\"Berazategui acondicion\u00f3 Centros de Salud y espacios extrahospitalarios ante un eventual pico de contagios - Principios\",\"isPartOf\":{\"@id\":\"https:\\\/\\\/diarioprincipios.com\\\/#website\"},\"primaryImageOfPage\":{\"@id\":\"https:\\\/\\\/diarioprincipios.com\\\/index.php\\\/2020\\\/05\\\/21\\\/berazategui-acondiciono-centros-de-salud-y-espacios-extrahospitalarios-ante-un-eventual-pico-de-contagios\\\/#primaryimage\"},\"image\":{\"@id\":\"https:\\\/\\\/diarioprincipios.com\\\/index.php\\\/2020\\\/05\\\/21\\\/berazategui-acondiciono-centros-de-salud-y-espacios-extrahospitalarios-ante-un-eventual-pico-de-contagios\\\/#primaryimage\"},\"thumbnailUrl\":\"https:\\\/\\\/diarioprincipios.com\\\/wp-content\\\/uploads\\\/2020\\\/05\\\/1.jpg\",\"datePublished\":\"2020-05-21T17:58:22+00:00\",\"dateModified\":\"2020-05-21T17:58:24+00:00\",\"breadcrumb\":{\"@id\":\"https:\\\/\\\/diarioprincipios.com\\\/index.php\\\/2020\\\/05\\\/21\\\/berazategui-acondiciono-centros-de-salud-y-espacios-extrahospitalarios-ante-un-eventual-pico-de-contagios\\\/#breadcrumb\"},\"inLanguage\":\"es\",\"potentialAction\":[{\"@type\":\"ReadAction\",\"target\":[\"https:\\\/\\\/diarioprincipios.com\\\/index.php\\\/2020\\\/05\\\/21\\\/berazategui-acondiciono-centros-de-salud-y-espacios-extrahospitalarios-ante-un-eventual-pico-de-contagios\\\/\"]}]},{\"@type\":\"ImageObject\",\"inLanguage\":\"es\",\"@id\":\"https:\\\/\\\/diarioprincipios.com\\\/index.php\\\/2020\\\/05\\\/21\\\/berazategui-acondiciono-centros-de-salud-y-espacios-extrahospitalarios-ante-un-eventual-pico-de-contagios\\\/#primaryimage\",\"url\":\"https:\\\/\\\/diarioprincipios.com\\\/wp-content\\\/uploads\\\/2020\\\/05\\\/1.jpg\",\"contentUrl\":\"https:\\\/\\\/diarioprincipios.com\\\/wp-content\\\/uploads\\\/2020\\\/05\\\/1.jpg\",\"width\":960,\"height\":960},{\"@type\":\"BreadcrumbList\",\"@id\":\"https:\\\/\\\/diarioprincipios.com\\\/index.php\\\/2020\\\/05\\\/21\\\/berazategui-acondiciono-centros-de-salud-y-espacios-extrahospitalarios-ante-un-eventual-pico-de-contagios\\\/#breadcrumb\",\"itemListElement\":[{\"@type\":\"ListItem\",\"position\":1,\"name\":\"Portada\",\"item\":\"https:\\\/\\\/diarioprincipios.com\\\/\"},{\"@type\":\"ListItem\",\"position\":2,\"name\":\"Berazategui acondicion\u00f3 Centros de Salud y espacios extrahospitalarios ante un eventual pico de contagios\"}]},{\"@type\":\"WebSite\",\"@id\":\"https:\\\/\\\/diarioprincipios.com\\\/#website\",\"url\":\"https:\\\/\\\/diarioprincipios.com\\\/\",\"name\":\"Principios\",\"description\":\"Principios Diario\",\"publisher\":{\"@id\":\"https:\\\/\\\/diarioprincipios.com\\\/#organization\"},\"potentialAction\":[{\"@type\":\"SearchAction\",\"target\":{\"@type\":\"EntryPoint\",\"urlTemplate\":\"https:\\\/\\\/diarioprincipios.com\\\/?s={search_term_string}\"},\"query-input\":{\"@type\":\"PropertyValueSpecification\",\"valueRequired\":true,\"valueName\":\"search_term_string\"}}],\"inLanguage\":\"es\"},{\"@type\":\"Organization\",\"@id\":\"https:\\\/\\\/diarioprincipios.com\\\/#organization\",\"name\":\"Principios\",\"url\":\"https:\\\/\\\/diarioprincipios.com\\\/\",\"logo\":{\"@type\":\"ImageObject\",\"inLanguage\":\"es\",\"@id\":\"https:\\\/\\\/diarioprincipios.com\\\/#\\\/schema\\\/logo\\\/image\\\/\",\"url\":\"https:\\\/\\\/diarioprincipios.com\\\/wp-content\\\/uploads\\\/2024\\\/04\\\/cropped-www.diarioprincipios.com_-1.png\",\"contentUrl\":\"https:\\\/\\\/diarioprincipios.com\\\/wp-content\\\/uploads\\\/2024\\\/04\\\/cropped-www.diarioprincipios.com_-1.png\",\"width\":5325,\"height\":1454,\"caption\":\"Principios\"},\"image\":{\"@id\":\"https:\\\/\\\/diarioprincipios.com\\\/#\\\/schema\\\/logo\\\/image\\\/\"}},{\"@type\":\"Person\",\"@id\":\"https:\\\/\\\/diarioprincipios.com\\\/#\\\/schema\\\/person\\\/436d5a1fd41a5e250e23ff5a6a7cb080\",\"name\":\"Hern\u00e1n L\u00f3pez\",\"image\":{\"@type\":\"ImageObject\",\"inLanguage\":\"es\",\"@id\":\"https:\\\/\\\/diarioprincipios.com\\\/wp-content\\\/litespeed\\\/avatar\\\/11ddfe5610ff3bd100522525b2571f48.jpg?ver=1777048341\",\"url\":\"https:\\\/\\\/diarioprincipios.com\\\/wp-content\\\/litespeed\\\/avatar\\\/11ddfe5610ff3bd100522525b2571f48.jpg?ver=1777048341\",\"contentUrl\":\"https:\\\/\\\/diarioprincipios.com\\\/wp-content\\\/litespeed\\\/avatar\\\/11ddfe5610ff3bd100522525b2571f48.jpg?ver=1777048341\",\"caption\":\"Hern\u00e1n L\u00f3pez\"},\"url\":\"https:\\\/\\\/diarioprincipios.com\\\/index.php\\\/author\\\/hernan\\\/\"}]}<\/script>\n<!-- \/ Yoast SEO plugin. -->","yoast_head_json":{"title":"Berazategui acondicion\u00f3 Centros de Salud y espacios extrahospitalarios ante un eventual pico de contagios - Principios","robots":{"index":"index","follow":"follow","max-snippet":"max-snippet:-1","max-image-preview":"max-image-preview:large","max-video-preview":"max-video-preview:-1"},"canonical":"https:\/\/diarioprincipios.com\/index.php\/2020\/05\/21\/berazategui-acondiciono-centros-de-salud-y-espacios-extrahospitalarios-ante-un-eventual-pico-de-contagios\/","og_locale":"es_ES","og_type":"article","og_title":"Berazategui acondicion\u00f3 Centros de Salud y espacios extrahospitalarios ante un eventual pico de contagios - Principios","og_description":"Hace unas horas, el Intendente Municipal de Berazategui, doctor Juan Jos\u00e9 Mussi, mostr\u00f3 a trav\u00e9s de sus redes sociales algunos espacios acondicionados especialmente dentro de Centros de Salud y otros espacios Extrahospitalarios para hacer frente a un eventual pico de contagios de Coronavirus, si bien hasta el momento Berazategui es una de las ciudades del...","og_url":"https:\/\/diarioprincipios.com\/index.php\/2020\/05\/21\/berazategui-acondiciono-centros-de-salud-y-espacios-extrahospitalarios-ante-un-eventual-pico-de-contagios\/","og_site_name":"Principios","article_published_time":"2020-05-21T17:58:22+00:00","article_modified_time":"2020-05-21T17:58:24+00:00","og_image":[{"width":960,"height":960,"url":"https:\/\/diarioprincipios.com\/wp-content\/uploads\/2020\/05\/1.jpg","type":"image\/jpeg"}],"author":"Hern\u00e1n L\u00f3pez","twitter_card":"summary_large_image","twitter_misc":{"Escrito por":"Hern\u00e1n L\u00f3pez","Tiempo de lectura":"1 minuto"},"schema":{"@context":"https:\/\/schema.org","@graph":[{"@type":"Article","@id":"https:\/\/diarioprincipios.com\/index.php\/2020\/05\/21\/berazategui-acondiciono-centros-de-salud-y-espacios-extrahospitalarios-ante-un-eventual-pico-de-contagios\/#article","isPartOf":{"@id":"https:\/\/diarioprincipios.com\/index.php\/2020\/05\/21\/berazategui-acondiciono-centros-de-salud-y-espacios-extrahospitalarios-ante-un-eventual-pico-de-contagios\/"},"author":{"name":"Hern\u00e1n L\u00f3pez","@id":"https:\/\/diarioprincipios.com\/#\/schema\/person\/436d5a1fd41a5e250e23ff5a6a7cb080"},"headline":"Berazategui acondicion\u00f3 Centros de Salud y espacios extrahospitalarios ante un eventual pico de contagios","datePublished":"2020-05-21T17:58:22+00:00","dateModified":"2020-05-21T17:58:24+00:00","mainEntityOfPage":{"@id":"https:\/\/diarioprincipios.com\/index.php\/2020\/05\/21\/berazategui-acondiciono-centros-de-salud-y-espacios-extrahospitalarios-ante-un-eventual-pico-de-contagios\/"},"wordCount":202,"commentCount":0,"publisher":{"@id":"https:\/\/diarioprincipios.com\/#organization"},"image":{"@id":"https:\/\/diarioprincipios.com\/index.php\/2020\/05\/21\/berazategui-acondiciono-centros-de-salud-y-espacios-extrahospitalarios-ante-un-eventual-pico-de-contagios\/#primaryimage"},"thumbnailUrl":"https:\/\/diarioprincipios.com\/wp-content\/uploads\/2020\/05\/1.jpg","articleSection":["Berazategui"],"inLanguage":"es","potentialAction":[{"@type":"CommentAction","name":"Comment","target":["https:\/\/diarioprincipios.com\/index.php\/2020\/05\/21\/berazategui-acondiciono-centros-de-salud-y-espacios-extrahospitalarios-ante-un-eventual-pico-de-contagios\/#respond"]}]},{"@type":"WebPage","@id":"https:\/\/diarioprincipios.com\/index.php\/2020\/05\/21\/berazategui-acondiciono-centros-de-salud-y-espacios-extrahospitalarios-ante-un-eventual-pico-de-contagios\/","url":"https:\/\/diarioprincipios.com\/index.php\/2020\/05\/21\/berazategui-acondiciono-centros-de-salud-y-espacios-extrahospitalarios-ante-un-eventual-pico-de-contagios\/","name":"Berazategui acondicion\u00f3 Centros de Salud y espacios extrahospitalarios ante un eventual pico de contagios - Principios","isPartOf":{"@id":"https:\/\/diarioprincipios.com\/#website"},"primaryImageOfPage":{"@id":"https:\/\/diarioprincipios.com\/index.php\/2020\/05\/21\/berazategui-acondiciono-centros-de-salud-y-espacios-extrahospitalarios-ante-un-eventual-pico-de-contagios\/#primaryimage"},"image":{"@id":"https:\/\/diarioprincipios.com\/index.php\/2020\/05\/21\/berazategui-acondiciono-centros-de-salud-y-espacios-extrahospitalarios-ante-un-eventual-pico-de-contagios\/#primaryimage"},"thumbnailUrl":"https:\/\/diarioprincipios.com\/wp-content\/uploads\/2020\/05\/1.jpg","datePublished":"2020-05-21T17:58:22+00:00","dateModified":"2020-05-21T17:58:24+00:00","breadcrumb":{"@id":"https:\/\/diarioprincipios.com\/index.php\/2020\/05\/21\/berazategui-acondiciono-centros-de-salud-y-espacios-extrahospitalarios-ante-un-eventual-pico-de-contagios\/#breadcrumb"},"inLanguage":"es","potentialAction":[{"@type":"ReadAction","target":["https:\/\/diarioprincipios.com\/index.php\/2020\/05\/21\/berazategui-acondiciono-centros-de-salud-y-espacios-extrahospitalarios-ante-un-eventual-pico-de-contagios\/"]}]},{"@type":"ImageObject","inLanguage":"es","@id":"https:\/\/diarioprincipios.com\/index.php\/2020\/05\/21\/berazategui-acondiciono-centros-de-salud-y-espacios-extrahospitalarios-ante-un-eventual-pico-de-contagios\/#primaryimage","url":"https:\/\/diarioprincipios.com\/wp-content\/uploads\/2020\/05\/1.jpg","contentUrl":"https:\/\/diarioprincipios.com\/wp-content\/uploads\/2020\/05\/1.jpg","width":960,"height":960},{"@type":"BreadcrumbList","@id":"https:\/\/diarioprincipios.com\/index.php\/2020\/05\/21\/berazategui-acondiciono-centros-de-salud-y-espacios-extrahospitalarios-ante-un-eventual-pico-de-contagios\/#breadcrumb","itemListElement":[{"@type":"ListItem","position":1,"name":"Portada","item":"https:\/\/diarioprincipios.com\/"},{"@type":"ListItem","position":2,"name":"Berazategui acondicion\u00f3 Centros de Salud y espacios extrahospitalarios ante un eventual pico de contagios"}]},{"@type":"WebSite","@id":"https:\/\/diarioprincipios.com\/#website","url":"https:\/\/diarioprincipios.com\/","name":"Principios","description":"Principios Diario","publisher":{"@id":"https:\/\/diarioprincipios.com\/#organization"},"potentialAction":[{"@type":"SearchAction","target":{"@type":"EntryPoint","urlTemplate":"https:\/\/diarioprincipios.com\/?s={search_term_string}"},"query-input":{"@type":"PropertyValueSpecification","valueRequired":true,"valueName":"search_term_string"}}],"inLanguage":"es"},{"@type":"Organization","@id":"https:\/\/diarioprincipios.com\/#organization","name":"Principios","url":"https:\/\/diarioprincipios.com\/","logo":{"@type":"ImageObject","inLanguage":"es","@id":"https:\/\/diarioprincipios.com\/#\/schema\/logo\/image\/","url":"https:\/\/diarioprincipios.com\/wp-content\/uploads\/2024\/04\/cropped-www.diarioprincipios.com_-1.png","contentUrl":"https:\/\/diarioprincipios.com\/wp-content\/uploads\/2024\/04\/cropped-www.diarioprincipios.com_-1.png","width":5325,"height":1454,"caption":"Principios"},"image":{"@id":"https:\/\/diarioprincipios.com\/#\/schema\/logo\/image\/"}},{"@type":"Person","@id":"https:\/\/diarioprincipios.com\/#\/schema\/person\/436d5a1fd41a5e250e23ff5a6a7cb080","name":"Hern\u00e1n L\u00f3pez","image":{"@type":"ImageObject","inLanguage":"es","@id":"https:\/\/diarioprincipios.com\/wp-content\/litespeed\/avatar\/11ddfe5610ff3bd100522525b2571f48.jpg?ver=1777048341","url":"https:\/\/diarioprincipios.com\/wp-content\/litespeed\/avatar\/11ddfe5610ff3bd100522525b2571f48.jpg?ver=1777048341","contentUrl":"https:\/\/diarioprincipios.com\/wp-content\/litespeed\/avatar\/11ddfe5610ff3bd100522525b2571f48.jpg?ver=1777048341","caption":"Hern\u00e1n L\u00f3pez"},"url":"https:\/\/diarioprincipios.com\/index.php\/author\/hernan\/"}]}},"jetpack_featured_media_url":"https:\/\/diarioprincipios.com\/wp-content\/uploads\/2020\/05\/1.jpg","_links":{"self":[{"href":"https:\/\/diarioprincipios.com\/index.php\/wp-json\/wp\/v2\/posts\/1943","targetHints":{"allow":["GET"]}}],"collection":[{"href":"https:\/\/diarioprincipios.com\/index.php\/wp-json\/wp\/v2\/posts"}],"about":[{"href":"https:\/\/diarioprincipios.com\/index.php\/wp-json\/wp\/v2\/types\/post"}],"author":[{"embeddable":true,"href":"https:\/\/diarioprincipios.com\/index.php\/wp-json\/wp\/v2\/users\/2"}],"replies":[{"embeddable":true,"href":"https:\/\/diarioprincipios.com\/index.php\/wp-json\/wp\/v2\/comments?post=1943"}],"version-history":[{"count":1,"href":"https:\/\/diarioprincipios.com\/index.php\/wp-json\/wp\/v2\/posts\/1943\/revisions"}],"predecessor-version":[{"id":1947,"href":"https:\/\/diarioprincipios.com\/index.php\/wp-json\/wp\/v2\/posts\/1943\/revisions\/1947"}],"wp:featuredmedia":[{"embeddable":true,"href":"https:\/\/diarioprincipios.com\/index.php\/wp-json\/wp\/v2\/media\/1946"}],"wp:attachment":[{"href":"https:\/\/diarioprincipios.com\/index.php\/wp-json\/wp\/v2\/media?parent=1943"}],"wp:term":[{"taxonomy":"category","embeddable":true,"href":"https:\/\/diarioprincipios.com\/index.php\/wp-json\/wp\/v2\/categories?post=1943"},{"taxonomy":"post_tag","embeddable":true,"href":"https:\/\/diarioprincipios.com\/index.php\/wp-json\/wp\/v2\/tags?post=1943"}],"curies":[{"name":"wp","href":"https:\/\/api.w.org\/{rel}","templated":true}]}}