{"id":1940,"date":"2020-05-21T14:40:45","date_gmt":"2020-05-21T17:40:45","guid":{"rendered":"http:\/\/diarioprincipios.com\/?p=1940"},"modified":"2020-05-21T14:40:47","modified_gmt":"2020-05-21T17:40:47","slug":"el-ejecutivo-bonaerense-habilito-a-26-industrias-a-funcionar-en-la-ciudad-de-la-plata","status":"publish","type":"post","link":"https:\/\/diarioprincipios.com\/index.php\/2020\/05\/21\/el-ejecutivo-bonaerense-habilito-a-26-industrias-a-funcionar-en-la-ciudad-de-la-plata\/","title":{"rendered":"El Ejecutivo Bonaerense habilit\u00f3 a 26 Industrias a funcionar en la Ciudad de La Plata"},"content":{"rendered":"\n<p>El gobierno bonaerense autoriz\u00f3 hoy a funcionar a seis nuevas industrias de la ciudad de La Plata, con lo que ya son 26 las empresas que retomaron su actividad, con estrictos protocolos sanitarios, en el marco de la pandemia de coronavirus, inform\u00f3 una fuente municipal.<\/p>\n\n\n\n<p>\u00abDe a poco la econom\u00eda local se empieza a reactivar, y por lo tanto, miles de platenses vuelven a sus puestos de trabajo\u00bb, expres\u00f3 el intendente de La Plata, Julio Garro en un comunicado oficial.<\/p>\n\n\n\n<p>El jefe comunal remarc\u00f3 que \u00abeste es el resultado del esfuerzo que hacen los vecinos por quedarse en casa y del trabajo en equipo con el gobierno nacional y provincial, pero somos conscientes de que todav\u00eda falta mucho y preservar la salud sigue siendo nuestra prioridad\u00bb.<\/p>\n\n\n\n<p>\u00abNos estamos adaptando a esta nueva etapa, en la que estamos aprendiendo a convivir con el virus. Por eso los empresarios, industriales y comerciantes que est\u00e1n habilitados deben adecuarse a las nuevas normas de trabajo, con protocolos de sanidad rigurosos para cuidar la salud de sus trabajadores y evitar contagios\u00bb, asegur\u00f3 Garro.<\/p>\n\n\n\n<p>Sostuvo que desde el Municipio emplean medidas de prevenci\u00f3n y concientizaci\u00f3n para ayudar a los vecinos en la incorporaci\u00f3n de nuevos h\u00e1bitos.<\/p>\n\n\n\n<p>Seg\u00fan detall\u00f3 el comunicado, a trav\u00e9s de un trabajo en conjunto con la Jefatura de Gabinete bonaerense y el Ministerio de Producci\u00f3n provincial, se dispuso la apertura de actividades a las empresas Miller Building International S.A. (Construcci\u00f3n de estructuras met\u00e1licas); Alaro S.A. (Fabricaci\u00f3n de pinturas y productos conexos); Ligantex S.A. (Fabricaci\u00f3n y distribuci\u00f3n de pinturas y revestimientos); Estanislao Miller S.A. (Construcci\u00f3n de estructuras met\u00e1licas); Nostor S.A. (Torner\u00eda); y Rub\u00e9n Alfredo Falc\u00f3n (Construcci\u00f3n).<\/p>\n\n\n\n<p>Hasta el momento, en la capital bonaerense el gobierno de Axel Kicillof hab\u00eda autorizado la reapertura de unas 18 empresas; entre ellas Madexa S.A; Mainetti y Molinuevo S.A.; Albano Cozzuol S.A.; Grupo MLP SRL; Cer\u00e1mica Fanelli S.A.; y Solaer Ingenier\u00eda S.A.; Federal Mogul S.A; Taranto; La Espa\u00f1ola Mosaicos SRL; Adhesivos Parsecs; D\u00eda Metal; Aco color S.A.; FADEP SRL; Cer\u00e1mica Ctibor; Luis Franco Russo; Lavado de transportes Marina Reynoso; CEDAM; y la f\u00e1brica de impermeabilizantes y pinturas Emapi S.A.<\/p>\n\n\n\n<p>Por su parte, durante los \u00faltimos d\u00edas tambi\u00e9n se autoriz\u00f3 la vuelta a la actividad de &#8216;Mercoflor&#8217; y &#8216;Cooperativa argentina de floricultores&#8217;, los dos mercados concentradores de venta mayorista de flores de corte y plantas ornamentales de la regi\u00f3n.<\/p>\n\n\n\n<p>Se precis\u00f3 que cada empresa debe firmar una declaraci\u00f3n jurada en la que se comprometen a cumplir con el protocolo presentado e incluso deben ser responsables de trasladar a sus empleados por medios propios sin utilizar el transporte p\u00fablico, para reducir riesgos de contagio.<\/p>\n\n\n\n<p>\u00abPara seguir avanzando, todos debemos asumir una cuota de responsabilidad. Necesitamos del compromiso y la responsabilidad de todos los platenses, por eso les pedimos que se cuiden y respeten las medidas preventivas\u00bb, puntualiz\u00f3 Garro.<\/p>\n","protected":false},"excerpt":{"rendered":"<p>El gobierno bonaerense autoriz\u00f3 hoy a funcionar a seis nuevas industrias de la ciudad de La Plata, con lo que ya son 26 las empresas que retomaron su actividad, con estrictos protocolos sanitarios, en el marco de la pandemia de coronavirus, inform\u00f3 una fuente municipal. \u00abDe a poco la econom\u00eda local se empieza a reactivar,&#8230;<\/p>\n","protected":false},"author":2,"featured_media":1941,"comment_status":"open","ping_status":"open","sticky":false,"template":"","format":"standard","meta":{"footnotes":""},"categories":[7],"tags":[],"class_list":["post-1940","post","type-post","status-publish","format-standard","has-post-thumbnail","hentry","category-provincia"],"featured_image_src":"https:\/\/diarioprincipios.com\/wp-content\/uploads\/2020\/05\/la-palata.jpeg","blog_images":{"medium":"https:\/\/diarioprincipios.com\/wp-content\/uploads\/2020\/05\/la-palata-300x179.jpeg","large":"https:\/\/diarioprincipios.com\/wp-content\/uploads\/2020\/05\/la-palata.jpeg"},"ams_acf":[],"yoast_head":"<!-- This site is optimized with the Yoast SEO plugin v27.3 - https:\/\/yoast.com\/product\/yoast-seo-wordpress\/ -->\n<title>El Ejecutivo Bonaerense habilit\u00f3 a 26 Industrias a funcionar en la Ciudad de La Plata - Principios<\/title>\n<meta name=\"robots\" content=\"index, follow, max-snippet:-1, max-image-preview:large, max-video-preview:-1\" \/>\n<link rel=\"canonical\" href=\"https:\/\/diarioprincipios.com\/index.php\/2020\/05\/21\/el-ejecutivo-bonaerense-habilito-a-26-industrias-a-funcionar-en-la-ciudad-de-la-plata\/\" \/>\n<meta property=\"og:locale\" content=\"es_ES\" \/>\n<meta property=\"og:type\" content=\"article\" \/>\n<meta property=\"og:title\" content=\"El Ejecutivo Bonaerense habilit\u00f3 a 26 Industrias a funcionar en la Ciudad de La Plata - Principios\" \/>\n<meta property=\"og:description\" content=\"El gobierno bonaerense autoriz\u00f3 hoy a funcionar a seis nuevas industrias de la ciudad de La Plata, con lo que ya son 26 las empresas que retomaron su actividad, con estrictos protocolos sanitarios, en el marco de la pandemia de coronavirus, inform\u00f3 una fuente municipal. \u00abDe a poco la econom\u00eda local se empieza a reactivar,...\" \/>\n<meta property=\"og:url\" content=\"https:\/\/diarioprincipios.com\/index.php\/2020\/05\/21\/el-ejecutivo-bonaerense-habilito-a-26-industrias-a-funcionar-en-la-ciudad-de-la-plata\/\" \/>\n<meta property=\"og:site_name\" content=\"Principios\" \/>\n<meta property=\"article:published_time\" content=\"2020-05-21T17:40:45+00:00\" \/>\n<meta property=\"article:modified_time\" content=\"2020-05-21T17:40:47+00:00\" \/>\n<meta property=\"og:image\" content=\"https:\/\/diarioprincipios.com\/wp-content\/uploads\/2020\/05\/la-palata.jpeg\" \/>\n\t<meta property=\"og:image:width\" content=\"1024\" \/>\n\t<meta property=\"og:image:height\" content=\"610\" \/>\n\t<meta property=\"og:image:type\" content=\"image\/jpeg\" \/>\n<meta name=\"author\" content=\"Hern\u00e1n L\u00f3pez\" \/>\n<meta name=\"twitter:card\" content=\"summary_large_image\" \/>\n<meta name=\"twitter:label1\" content=\"Escrito por\" \/>\n\t<meta name=\"twitter:data1\" content=\"Hern\u00e1n L\u00f3pez\" \/>\n\t<meta name=\"twitter:label2\" content=\"Tiempo de lectura\" \/>\n\t<meta name=\"twitter:data2\" content=\"3 minutos\" \/>\n<script type=\"application\/ld+json\" class=\"yoast-schema-graph\">{\"@context\":\"https:\\\/\\\/schema.org\",\"@graph\":[{\"@type\":\"Article\",\"@id\":\"https:\\\/\\\/diarioprincipios.com\\\/index.php\\\/2020\\\/05\\\/21\\\/el-ejecutivo-bonaerense-habilito-a-26-industrias-a-funcionar-en-la-ciudad-de-la-plata\\\/#article\",\"isPartOf\":{\"@id\":\"https:\\\/\\\/diarioprincipios.com\\\/index.php\\\/2020\\\/05\\\/21\\\/el-ejecutivo-bonaerense-habilito-a-26-industrias-a-funcionar-en-la-ciudad-de-la-plata\\\/\"},\"author\":{\"name\":\"Hern\u00e1n L\u00f3pez\",\"@id\":\"https:\\\/\\\/diarioprincipios.com\\\/#\\\/schema\\\/person\\\/436d5a1fd41a5e250e23ff5a6a7cb080\"},\"headline\":\"El Ejecutivo Bonaerense habilit\u00f3 a 26 Industrias a funcionar en la Ciudad de La Plata\",\"datePublished\":\"2020-05-21T17:40:45+00:00\",\"dateModified\":\"2020-05-21T17:40:47+00:00\",\"mainEntityOfPage\":{\"@id\":\"https:\\\/\\\/diarioprincipios.com\\\/index.php\\\/2020\\\/05\\\/21\\\/el-ejecutivo-bonaerense-habilito-a-26-industrias-a-funcionar-en-la-ciudad-de-la-plata\\\/\"},\"wordCount\":525,\"commentCount\":0,\"publisher\":{\"@id\":\"https:\\\/\\\/diarioprincipios.com\\\/#organization\"},\"image\":{\"@id\":\"https:\\\/\\\/diarioprincipios.com\\\/index.php\\\/2020\\\/05\\\/21\\\/el-ejecutivo-bonaerense-habilito-a-26-industrias-a-funcionar-en-la-ciudad-de-la-plata\\\/#primaryimage\"},\"thumbnailUrl\":\"https:\\\/\\\/diarioprincipios.com\\\/wp-content\\\/uploads\\\/2020\\\/05\\\/la-palata.jpeg\",\"articleSection\":[\"Provincia\"],\"inLanguage\":\"es\",\"potentialAction\":[{\"@type\":\"CommentAction\",\"name\":\"Comment\",\"target\":[\"https:\\\/\\\/diarioprincipios.com\\\/index.php\\\/2020\\\/05\\\/21\\\/el-ejecutivo-bonaerense-habilito-a-26-industrias-a-funcionar-en-la-ciudad-de-la-plata\\\/#respond\"]}]},{\"@type\":\"WebPage\",\"@id\":\"https:\\\/\\\/diarioprincipios.com\\\/index.php\\\/2020\\\/05\\\/21\\\/el-ejecutivo-bonaerense-habilito-a-26-industrias-a-funcionar-en-la-ciudad-de-la-plata\\\/\",\"url\":\"https:\\\/\\\/diarioprincipios.com\\\/index.php\\\/2020\\\/05\\\/21\\\/el-ejecutivo-bonaerense-habilito-a-26-industrias-a-funcionar-en-la-ciudad-de-la-plata\\\/\",\"name\":\"El Ejecutivo Bonaerense habilit\u00f3 a 26 Industrias a funcionar en la Ciudad de La Plata - Principios\",\"isPartOf\":{\"@id\":\"https:\\\/\\\/diarioprincipios.com\\\/#website\"},\"primaryImageOfPage\":{\"@id\":\"https:\\\/\\\/diarioprincipios.com\\\/index.php\\\/2020\\\/05\\\/21\\\/el-ejecutivo-bonaerense-habilito-a-26-industrias-a-funcionar-en-la-ciudad-de-la-plata\\\/#primaryimage\"},\"image\":{\"@id\":\"https:\\\/\\\/diarioprincipios.com\\\/index.php\\\/2020\\\/05\\\/21\\\/el-ejecutivo-bonaerense-habilito-a-26-industrias-a-funcionar-en-la-ciudad-de-la-plata\\\/#primaryimage\"},\"thumbnailUrl\":\"https:\\\/\\\/diarioprincipios.com\\\/wp-content\\\/uploads\\\/2020\\\/05\\\/la-palata.jpeg\",\"datePublished\":\"2020-05-21T17:40:45+00:00\",\"dateModified\":\"2020-05-21T17:40:47+00:00\",\"breadcrumb\":{\"@id\":\"https:\\\/\\\/diarioprincipios.com\\\/index.php\\\/2020\\\/05\\\/21\\\/el-ejecutivo-bonaerense-habilito-a-26-industrias-a-funcionar-en-la-ciudad-de-la-plata\\\/#breadcrumb\"},\"inLanguage\":\"es\",\"potentialAction\":[{\"@type\":\"ReadAction\",\"target\":[\"https:\\\/\\\/diarioprincipios.com\\\/index.php\\\/2020\\\/05\\\/21\\\/el-ejecutivo-bonaerense-habilito-a-26-industrias-a-funcionar-en-la-ciudad-de-la-plata\\\/\"]}]},{\"@type\":\"ImageObject\",\"inLanguage\":\"es\",\"@id\":\"https:\\\/\\\/diarioprincipios.com\\\/index.php\\\/2020\\\/05\\\/21\\\/el-ejecutivo-bonaerense-habilito-a-26-industrias-a-funcionar-en-la-ciudad-de-la-plata\\\/#primaryimage\",\"url\":\"https:\\\/\\\/diarioprincipios.com\\\/wp-content\\\/uploads\\\/2020\\\/05\\\/la-palata.jpeg\",\"contentUrl\":\"https:\\\/\\\/diarioprincipios.com\\\/wp-content\\\/uploads\\\/2020\\\/05\\\/la-palata.jpeg\",\"width\":1024,\"height\":610},{\"@type\":\"BreadcrumbList\",\"@id\":\"https:\\\/\\\/diarioprincipios.com\\\/index.php\\\/2020\\\/05\\\/21\\\/el-ejecutivo-bonaerense-habilito-a-26-industrias-a-funcionar-en-la-ciudad-de-la-plata\\\/#breadcrumb\",\"itemListElement\":[{\"@type\":\"ListItem\",\"position\":1,\"name\":\"Portada\",\"item\":\"https:\\\/\\\/diarioprincipios.com\\\/\"},{\"@type\":\"ListItem\",\"position\":2,\"name\":\"El Ejecutivo Bonaerense habilit\u00f3 a 26 Industrias a funcionar en la Ciudad de La Plata\"}]},{\"@type\":\"WebSite\",\"@id\":\"https:\\\/\\\/diarioprincipios.com\\\/#website\",\"url\":\"https:\\\/\\\/diarioprincipios.com\\\/\",\"name\":\"Principios\",\"description\":\"Principios Diario\",\"publisher\":{\"@id\":\"https:\\\/\\\/diarioprincipios.com\\\/#organization\"},\"potentialAction\":[{\"@type\":\"SearchAction\",\"target\":{\"@type\":\"EntryPoint\",\"urlTemplate\":\"https:\\\/\\\/diarioprincipios.com\\\/?s={search_term_string}\"},\"query-input\":{\"@type\":\"PropertyValueSpecification\",\"valueRequired\":true,\"valueName\":\"search_term_string\"}}],\"inLanguage\":\"es\"},{\"@type\":\"Organization\",\"@id\":\"https:\\\/\\\/diarioprincipios.com\\\/#organization\",\"name\":\"Principios\",\"url\":\"https:\\\/\\\/diarioprincipios.com\\\/\",\"logo\":{\"@type\":\"ImageObject\",\"inLanguage\":\"es\",\"@id\":\"https:\\\/\\\/diarioprincipios.com\\\/#\\\/schema\\\/logo\\\/image\\\/\",\"url\":\"https:\\\/\\\/diarioprincipios.com\\\/wp-content\\\/uploads\\\/2024\\\/04\\\/cropped-www.diarioprincipios.com_-1.png\",\"contentUrl\":\"https:\\\/\\\/diarioprincipios.com\\\/wp-content\\\/uploads\\\/2024\\\/04\\\/cropped-www.diarioprincipios.com_-1.png\",\"width\":5325,\"height\":1454,\"caption\":\"Principios\"},\"image\":{\"@id\":\"https:\\\/\\\/diarioprincipios.com\\\/#\\\/schema\\\/logo\\\/image\\\/\"}},{\"@type\":\"Person\",\"@id\":\"https:\\\/\\\/diarioprincipios.com\\\/#\\\/schema\\\/person\\\/436d5a1fd41a5e250e23ff5a6a7cb080\",\"name\":\"Hern\u00e1n L\u00f3pez\",\"image\":{\"@type\":\"ImageObject\",\"inLanguage\":\"es\",\"@id\":\"https:\\\/\\\/diarioprincipios.com\\\/wp-content\\\/litespeed\\\/avatar\\\/11ddfe5610ff3bd100522525b2571f48.jpg?ver=1777048341\",\"url\":\"https:\\\/\\\/diarioprincipios.com\\\/wp-content\\\/litespeed\\\/avatar\\\/11ddfe5610ff3bd100522525b2571f48.jpg?ver=1777048341\",\"contentUrl\":\"https:\\\/\\\/diarioprincipios.com\\\/wp-content\\\/litespeed\\\/avatar\\\/11ddfe5610ff3bd100522525b2571f48.jpg?ver=1777048341\",\"caption\":\"Hern\u00e1n L\u00f3pez\"},\"url\":\"https:\\\/\\\/diarioprincipios.com\\\/index.php\\\/author\\\/hernan\\\/\"}]}<\/script>\n<!-- \/ Yoast SEO plugin. -->","yoast_head_json":{"title":"El Ejecutivo Bonaerense habilit\u00f3 a 26 Industrias a funcionar en la Ciudad de La Plata - Principios","robots":{"index":"index","follow":"follow","max-snippet":"max-snippet:-1","max-image-preview":"max-image-preview:large","max-video-preview":"max-video-preview:-1"},"canonical":"https:\/\/diarioprincipios.com\/index.php\/2020\/05\/21\/el-ejecutivo-bonaerense-habilito-a-26-industrias-a-funcionar-en-la-ciudad-de-la-plata\/","og_locale":"es_ES","og_type":"article","og_title":"El Ejecutivo Bonaerense habilit\u00f3 a 26 Industrias a funcionar en la Ciudad de La Plata - Principios","og_description":"El gobierno bonaerense autoriz\u00f3 hoy a funcionar a seis nuevas industrias de la ciudad de La Plata, con lo que ya son 26 las empresas que retomaron su actividad, con estrictos protocolos sanitarios, en el marco de la pandemia de coronavirus, inform\u00f3 una fuente municipal. \u00abDe a poco la econom\u00eda local se empieza a reactivar,...","og_url":"https:\/\/diarioprincipios.com\/index.php\/2020\/05\/21\/el-ejecutivo-bonaerense-habilito-a-26-industrias-a-funcionar-en-la-ciudad-de-la-plata\/","og_site_name":"Principios","article_published_time":"2020-05-21T17:40:45+00:00","article_modified_time":"2020-05-21T17:40:47+00:00","og_image":[{"width":1024,"height":610,"url":"https:\/\/diarioprincipios.com\/wp-content\/uploads\/2020\/05\/la-palata.jpeg","type":"image\/jpeg"}],"author":"Hern\u00e1n L\u00f3pez","twitter_card":"summary_large_image","twitter_misc":{"Escrito por":"Hern\u00e1n L\u00f3pez","Tiempo de lectura":"3 minutos"},"schema":{"@context":"https:\/\/schema.org","@graph":[{"@type":"Article","@id":"https:\/\/diarioprincipios.com\/index.php\/2020\/05\/21\/el-ejecutivo-bonaerense-habilito-a-26-industrias-a-funcionar-en-la-ciudad-de-la-plata\/#article","isPartOf":{"@id":"https:\/\/diarioprincipios.com\/index.php\/2020\/05\/21\/el-ejecutivo-bonaerense-habilito-a-26-industrias-a-funcionar-en-la-ciudad-de-la-plata\/"},"author":{"name":"Hern\u00e1n L\u00f3pez","@id":"https:\/\/diarioprincipios.com\/#\/schema\/person\/436d5a1fd41a5e250e23ff5a6a7cb080"},"headline":"El Ejecutivo Bonaerense habilit\u00f3 a 26 Industrias a funcionar en la Ciudad de La Plata","datePublished":"2020-05-21T17:40:45+00:00","dateModified":"2020-05-21T17:40:47+00:00","mainEntityOfPage":{"@id":"https:\/\/diarioprincipios.com\/index.php\/2020\/05\/21\/el-ejecutivo-bonaerense-habilito-a-26-industrias-a-funcionar-en-la-ciudad-de-la-plata\/"},"wordCount":525,"commentCount":0,"publisher":{"@id":"https:\/\/diarioprincipios.com\/#organization"},"image":{"@id":"https:\/\/diarioprincipios.com\/index.php\/2020\/05\/21\/el-ejecutivo-bonaerense-habilito-a-26-industrias-a-funcionar-en-la-ciudad-de-la-plata\/#primaryimage"},"thumbnailUrl":"https:\/\/diarioprincipios.com\/wp-content\/uploads\/2020\/05\/la-palata.jpeg","articleSection":["Provincia"],"inLanguage":"es","potentialAction":[{"@type":"CommentAction","name":"Comment","target":["https:\/\/diarioprincipios.com\/index.php\/2020\/05\/21\/el-ejecutivo-bonaerense-habilito-a-26-industrias-a-funcionar-en-la-ciudad-de-la-plata\/#respond"]}]},{"@type":"WebPage","@id":"https:\/\/diarioprincipios.com\/index.php\/2020\/05\/21\/el-ejecutivo-bonaerense-habilito-a-26-industrias-a-funcionar-en-la-ciudad-de-la-plata\/","url":"https:\/\/diarioprincipios.com\/index.php\/2020\/05\/21\/el-ejecutivo-bonaerense-habilito-a-26-industrias-a-funcionar-en-la-ciudad-de-la-plata\/","name":"El Ejecutivo Bonaerense habilit\u00f3 a 26 Industrias a funcionar en la Ciudad de La Plata - Principios","isPartOf":{"@id":"https:\/\/diarioprincipios.com\/#website"},"primaryImageOfPage":{"@id":"https:\/\/diarioprincipios.com\/index.php\/2020\/05\/21\/el-ejecutivo-bonaerense-habilito-a-26-industrias-a-funcionar-en-la-ciudad-de-la-plata\/#primaryimage"},"image":{"@id":"https:\/\/diarioprincipios.com\/index.php\/2020\/05\/21\/el-ejecutivo-bonaerense-habilito-a-26-industrias-a-funcionar-en-la-ciudad-de-la-plata\/#primaryimage"},"thumbnailUrl":"https:\/\/diarioprincipios.com\/wp-content\/uploads\/2020\/05\/la-palata.jpeg","datePublished":"2020-05-21T17:40:45+00:00","dateModified":"2020-05-21T17:40:47+00:00","breadcrumb":{"@id":"https:\/\/diarioprincipios.com\/index.php\/2020\/05\/21\/el-ejecutivo-bonaerense-habilito-a-26-industrias-a-funcionar-en-la-ciudad-de-la-plata\/#breadcrumb"},"inLanguage":"es","potentialAction":[{"@type":"ReadAction","target":["https:\/\/diarioprincipios.com\/index.php\/2020\/05\/21\/el-ejecutivo-bonaerense-habilito-a-26-industrias-a-funcionar-en-la-ciudad-de-la-plata\/"]}]},{"@type":"ImageObject","inLanguage":"es","@id":"https:\/\/diarioprincipios.com\/index.php\/2020\/05\/21\/el-ejecutivo-bonaerense-habilito-a-26-industrias-a-funcionar-en-la-ciudad-de-la-plata\/#primaryimage","url":"https:\/\/diarioprincipios.com\/wp-content\/uploads\/2020\/05\/la-palata.jpeg","contentUrl":"https:\/\/diarioprincipios.com\/wp-content\/uploads\/2020\/05\/la-palata.jpeg","width":1024,"height":610},{"@type":"BreadcrumbList","@id":"https:\/\/diarioprincipios.com\/index.php\/2020\/05\/21\/el-ejecutivo-bonaerense-habilito-a-26-industrias-a-funcionar-en-la-ciudad-de-la-plata\/#breadcrumb","itemListElement":[{"@type":"ListItem","position":1,"name":"Portada","item":"https:\/\/diarioprincipios.com\/"},{"@type":"ListItem","position":2,"name":"El Ejecutivo Bonaerense habilit\u00f3 a 26 Industrias a funcionar en la Ciudad de La Plata"}]},{"@type":"WebSite","@id":"https:\/\/diarioprincipios.com\/#website","url":"https:\/\/diarioprincipios.com\/","name":"Principios","description":"Principios Diario","publisher":{"@id":"https:\/\/diarioprincipios.com\/#organization"},"potentialAction":[{"@type":"SearchAction","target":{"@type":"EntryPoint","urlTemplate":"https:\/\/diarioprincipios.com\/?s={search_term_string}"},"query-input":{"@type":"PropertyValueSpecification","valueRequired":true,"valueName":"search_term_string"}}],"inLanguage":"es"},{"@type":"Organization","@id":"https:\/\/diarioprincipios.com\/#organization","name":"Principios","url":"https:\/\/diarioprincipios.com\/","logo":{"@type":"ImageObject","inLanguage":"es","@id":"https:\/\/diarioprincipios.com\/#\/schema\/logo\/image\/","url":"https:\/\/diarioprincipios.com\/wp-content\/uploads\/2024\/04\/cropped-www.diarioprincipios.com_-1.png","contentUrl":"https:\/\/diarioprincipios.com\/wp-content\/uploads\/2024\/04\/cropped-www.diarioprincipios.com_-1.png","width":5325,"height":1454,"caption":"Principios"},"image":{"@id":"https:\/\/diarioprincipios.com\/#\/schema\/logo\/image\/"}},{"@type":"Person","@id":"https:\/\/diarioprincipios.com\/#\/schema\/person\/436d5a1fd41a5e250e23ff5a6a7cb080","name":"Hern\u00e1n L\u00f3pez","image":{"@type":"ImageObject","inLanguage":"es","@id":"https:\/\/diarioprincipios.com\/wp-content\/litespeed\/avatar\/11ddfe5610ff3bd100522525b2571f48.jpg?ver=1777048341","url":"https:\/\/diarioprincipios.com\/wp-content\/litespeed\/avatar\/11ddfe5610ff3bd100522525b2571f48.jpg?ver=1777048341","contentUrl":"https:\/\/diarioprincipios.com\/wp-content\/litespeed\/avatar\/11ddfe5610ff3bd100522525b2571f48.jpg?ver=1777048341","caption":"Hern\u00e1n L\u00f3pez"},"url":"https:\/\/diarioprincipios.com\/index.php\/author\/hernan\/"}]}},"jetpack_featured_media_url":"https:\/\/diarioprincipios.com\/wp-content\/uploads\/2020\/05\/la-palata.jpeg","_links":{"self":[{"href":"https:\/\/diarioprincipios.com\/index.php\/wp-json\/wp\/v2\/posts\/1940","targetHints":{"allow":["GET"]}}],"collection":[{"href":"https:\/\/diarioprincipios.com\/index.php\/wp-json\/wp\/v2\/posts"}],"about":[{"href":"https:\/\/diarioprincipios.com\/index.php\/wp-json\/wp\/v2\/types\/post"}],"author":[{"embeddable":true,"href":"https:\/\/diarioprincipios.com\/index.php\/wp-json\/wp\/v2\/users\/2"}],"replies":[{"embeddable":true,"href":"https:\/\/diarioprincipios.com\/index.php\/wp-json\/wp\/v2\/comments?post=1940"}],"version-history":[{"count":1,"href":"https:\/\/diarioprincipios.com\/index.php\/wp-json\/wp\/v2\/posts\/1940\/revisions"}],"predecessor-version":[{"id":1942,"href":"https:\/\/diarioprincipios.com\/index.php\/wp-json\/wp\/v2\/posts\/1940\/revisions\/1942"}],"wp:featuredmedia":[{"embeddable":true,"href":"https:\/\/diarioprincipios.com\/index.php\/wp-json\/wp\/v2\/media\/1941"}],"wp:attachment":[{"href":"https:\/\/diarioprincipios.com\/index.php\/wp-json\/wp\/v2\/media?parent=1940"}],"wp:term":[{"taxonomy":"category","embeddable":true,"href":"https:\/\/diarioprincipios.com\/index.php\/wp-json\/wp\/v2\/categories?post=1940"},{"taxonomy":"post_tag","embeddable":true,"href":"https:\/\/diarioprincipios.com\/index.php\/wp-json\/wp\/v2\/tags?post=1940"}],"curies":[{"name":"wp","href":"https:\/\/api.w.org\/{rel}","templated":true}]}}