{"id":19363,"date":"2023-10-24T11:16:04","date_gmt":"2023-10-24T14:16:04","guid":{"rendered":"http:\/\/diarioprincipios.com\/?p=19363"},"modified":"2023-10-24T11:16:07","modified_gmt":"2023-10-24T14:16:07","slug":"final-de-la-copa-autonomia-berazategui-2023","status":"publish","type":"post","link":"https:\/\/diarioprincipios.com\/index.php\/2023\/10\/24\/final-de-la-copa-autonomia-berazategui-2023\/","title":{"rendered":"Final de la Copa Autonom\u00eda Berazategui 2023"},"content":{"rendered":"\n<p><strong>El intendente de Berazategui, Juan Jos\u00e9 Mussi, presenci\u00f3 la gran final y premiaci\u00f3n de la Copa Autonom\u00eda Berazategui 2023, el nuevo Torneo de F\u00fatbol Femenino del distrito. La jornada se desarroll\u00f3 en el Club Municipal Malter\u00eda Hudson, con la participaci\u00f3n de la secretaria municipal de Desarrollo Social y Comunitario, Recreaci\u00f3n, Turismo y Deportes, Mar\u00eda Laura Lacava.<\/strong><\/p>\n\n\n\n<p>En esta oportunidad, se disputaron las instancias finales y sali\u00f3 campe\u00f3n el Selectivo Municipal 1. Completaron el podio: Gral. G\u00fcemes (que tambi\u00e9n participa del Torneo Evita Capitana), El Pato FC y el Selectivo Municipal 2.<\/p>\n\n\n\n<figure class=\"wp-block-image size-large\"><img loading=\"lazy\" decoding=\"async\" width=\"1024\" height=\"683\" src=\"https:\/\/diarioprincipios.com\/wp-content\/uploads\/2023\/10\/1000178470-1024x683.jpg\" alt=\"\" class=\"wp-image-19364\" srcset=\"https:\/\/diarioprincipios.com\/wp-content\/uploads\/2023\/10\/1000178470-1024x683.jpg 1024w, https:\/\/diarioprincipios.com\/wp-content\/uploads\/2023\/10\/1000178470-300x200.jpg 300w, https:\/\/diarioprincipios.com\/wp-content\/uploads\/2023\/10\/1000178470-768x512.jpg 768w, https:\/\/diarioprincipios.com\/wp-content\/uploads\/2023\/10\/1000178470-1536x1024.jpg 1536w, https:\/\/diarioprincipios.com\/wp-content\/uploads\/2023\/10\/1000178470.jpg 1920w\" sizes=\"auto, (max-width: 1024px) 100vw, 1024px\" \/><\/figure>\n\n\n\n<p>Al respecto, Mussi expres\u00f3: \u201cEs impresionante c\u00f3mo est\u00e1 creciendo el f\u00fatbol femenino. Las vi jugar y me qued\u00e9 asombrado. Felicito a todos los equipos participantes y les agradezco por sumarse y confiar en el Municipio\u201d. Adem\u00e1s, el Intendente asegur\u00f3: \u201cEl deporte es salud. Lo m\u00e1s importante es haber competido sanamente como lo hicieron\u201d.<\/p>\n\n\n\n<figure class=\"wp-block-image size-large\"><img loading=\"lazy\" decoding=\"async\" width=\"1024\" height=\"683\" src=\"https:\/\/diarioprincipios.com\/wp-content\/uploads\/2023\/10\/1000178469-1024x683.jpg\" alt=\"\" class=\"wp-image-19365\" srcset=\"https:\/\/diarioprincipios.com\/wp-content\/uploads\/2023\/10\/1000178469-1024x683.jpg 1024w, https:\/\/diarioprincipios.com\/wp-content\/uploads\/2023\/10\/1000178469-300x200.jpg 300w, https:\/\/diarioprincipios.com\/wp-content\/uploads\/2023\/10\/1000178469-768x512.jpg 768w, https:\/\/diarioprincipios.com\/wp-content\/uploads\/2023\/10\/1000178469-1536x1024.jpg 1536w, https:\/\/diarioprincipios.com\/wp-content\/uploads\/2023\/10\/1000178469.jpg 1920w\" sizes=\"auto, (max-width: 1024px) 100vw, 1024px\" \/><\/figure>\n\n\n\n<p>En tanto, Lacava indic\u00f3: \u201cEl Torneo se hizo con el objetivo de sumar acciones para impulsar el deporte en Berazategui, un compromiso que viene asumiendo el Dr. Mussi desde hace varios a\u00f1os. Esto no se termina, queremos continuar con estos encuentros para seguir fomentando el f\u00fatbol femenino en el distrito\u201d.<\/p>\n\n\n\n<p>Para m\u00e1s informaci\u00f3n acerca de las actividades deportivas que impulsa el Municipio, se puede ingresar en&nbsp;<a rel=\"noreferrer noopener\" target=\"_blank\" href=\"http:\/\/berazategui.gob.ar\/deportes\">berazategui.gob.ar\/deportes<\/a>.<\/p>\n","protected":false},"excerpt":{"rendered":"<p>El intendente de Berazategui, Juan Jos\u00e9 Mussi, presenci\u00f3 la gran final y premiaci\u00f3n de la Copa Autonom\u00eda Berazategui 2023, el nuevo Torneo de F\u00fatbol Femenino del distrito. La jornada se desarroll\u00f3 en el Club Municipal Malter\u00eda Hudson, con la participaci\u00f3n de la secretaria municipal de Desarrollo Social y Comunitario, Recreaci\u00f3n, Turismo y Deportes, Mar\u00eda Laura&#8230;<\/p>\n","protected":false},"author":2,"featured_media":19366,"comment_status":"open","ping_status":"open","sticky":false,"template":"","format":"standard","meta":{"footnotes":""},"categories":[6],"tags":[],"class_list":["post-19363","post","type-post","status-publish","format-standard","has-post-thumbnail","hentry","category-deportes"],"featured_image_src":"https:\/\/diarioprincipios.com\/wp-content\/uploads\/2023\/10\/FINAL-DE-LA-COPA-AUTONOMIA-BERAZATEGUI-2023-3-2-1024x683.jpg","blog_images":{"medium":"https:\/\/diarioprincipios.com\/wp-content\/uploads\/2023\/10\/FINAL-DE-LA-COPA-AUTONOMIA-BERAZATEGUI-2023-3-2-300x200.jpg","large":"https:\/\/diarioprincipios.com\/wp-content\/uploads\/2023\/10\/FINAL-DE-LA-COPA-AUTONOMIA-BERAZATEGUI-2023-3-2-1024x683.jpg"},"ams_acf":[],"yoast_head":"<!-- This site is optimized with the Yoast SEO plugin v27.3 - https:\/\/yoast.com\/product\/yoast-seo-wordpress\/ -->\n<title>Final de la Copa Autonom\u00eda Berazategui 2023 - Principios<\/title>\n<meta name=\"robots\" content=\"index, follow, max-snippet:-1, max-image-preview:large, max-video-preview:-1\" \/>\n<link rel=\"canonical\" href=\"https:\/\/diarioprincipios.com\/index.php\/2023\/10\/24\/final-de-la-copa-autonomia-berazategui-2023\/\" \/>\n<meta property=\"og:locale\" content=\"es_ES\" \/>\n<meta property=\"og:type\" content=\"article\" \/>\n<meta property=\"og:title\" content=\"Final de la Copa Autonom\u00eda Berazategui 2023 - Principios\" \/>\n<meta property=\"og:description\" content=\"El intendente de Berazategui, Juan Jos\u00e9 Mussi, presenci\u00f3 la gran final y premiaci\u00f3n de la Copa Autonom\u00eda Berazategui 2023, el nuevo Torneo de F\u00fatbol Femenino del distrito. La jornada se desarroll\u00f3 en el Club Municipal Malter\u00eda Hudson, con la participaci\u00f3n de la secretaria municipal de Desarrollo Social y Comunitario, Recreaci\u00f3n, Turismo y Deportes, Mar\u00eda Laura...\" \/>\n<meta property=\"og:url\" content=\"https:\/\/diarioprincipios.com\/index.php\/2023\/10\/24\/final-de-la-copa-autonomia-berazategui-2023\/\" \/>\n<meta property=\"og:site_name\" content=\"Principios\" \/>\n<meta property=\"article:published_time\" content=\"2023-10-24T14:16:04+00:00\" \/>\n<meta property=\"article:modified_time\" content=\"2023-10-24T14:16:07+00:00\" \/>\n<meta property=\"og:image\" content=\"https:\/\/diarioprincipios.com\/wp-content\/uploads\/2023\/10\/FINAL-DE-LA-COPA-AUTONOMIA-BERAZATEGUI-2023-3-2.jpg\" \/>\n\t<meta property=\"og:image:width\" content=\"1920\" \/>\n\t<meta property=\"og:image:height\" content=\"1280\" \/>\n\t<meta property=\"og:image:type\" content=\"image\/jpeg\" \/>\n<meta name=\"author\" content=\"Hern\u00e1n L\u00f3pez\" \/>\n<meta name=\"twitter:card\" content=\"summary_large_image\" \/>\n<meta name=\"twitter:label1\" content=\"Escrito por\" \/>\n\t<meta name=\"twitter:data1\" content=\"Hern\u00e1n L\u00f3pez\" \/>\n\t<meta name=\"twitter:label2\" content=\"Tiempo de lectura\" \/>\n\t<meta name=\"twitter:data2\" content=\"2 minutos\" \/>\n<script type=\"application\/ld+json\" class=\"yoast-schema-graph\">{\"@context\":\"https:\\\/\\\/schema.org\",\"@graph\":[{\"@type\":\"Article\",\"@id\":\"https:\\\/\\\/diarioprincipios.com\\\/index.php\\\/2023\\\/10\\\/24\\\/final-de-la-copa-autonomia-berazategui-2023\\\/#article\",\"isPartOf\":{\"@id\":\"https:\\\/\\\/diarioprincipios.com\\\/index.php\\\/2023\\\/10\\\/24\\\/final-de-la-copa-autonomia-berazategui-2023\\\/\"},\"author\":{\"name\":\"Hern\u00e1n L\u00f3pez\",\"@id\":\"https:\\\/\\\/diarioprincipios.com\\\/#\\\/schema\\\/person\\\/436d5a1fd41a5e250e23ff5a6a7cb080\"},\"headline\":\"Final de la Copa Autonom\u00eda Berazategui 2023\",\"datePublished\":\"2023-10-24T14:16:04+00:00\",\"dateModified\":\"2023-10-24T14:16:07+00:00\",\"mainEntityOfPage\":{\"@id\":\"https:\\\/\\\/diarioprincipios.com\\\/index.php\\\/2023\\\/10\\\/24\\\/final-de-la-copa-autonomia-berazategui-2023\\\/\"},\"wordCount\":237,\"commentCount\":0,\"publisher\":{\"@id\":\"https:\\\/\\\/diarioprincipios.com\\\/#organization\"},\"image\":{\"@id\":\"https:\\\/\\\/diarioprincipios.com\\\/index.php\\\/2023\\\/10\\\/24\\\/final-de-la-copa-autonomia-berazategui-2023\\\/#primaryimage\"},\"thumbnailUrl\":\"https:\\\/\\\/diarioprincipios.com\\\/wp-content\\\/uploads\\\/2023\\\/10\\\/FINAL-DE-LA-COPA-AUTONOMIA-BERAZATEGUI-2023-3-2.jpg\",\"articleSection\":[\"Deportes\"],\"inLanguage\":\"es\",\"potentialAction\":[{\"@type\":\"CommentAction\",\"name\":\"Comment\",\"target\":[\"https:\\\/\\\/diarioprincipios.com\\\/index.php\\\/2023\\\/10\\\/24\\\/final-de-la-copa-autonomia-berazategui-2023\\\/#respond\"]}]},{\"@type\":\"WebPage\",\"@id\":\"https:\\\/\\\/diarioprincipios.com\\\/index.php\\\/2023\\\/10\\\/24\\\/final-de-la-copa-autonomia-berazategui-2023\\\/\",\"url\":\"https:\\\/\\\/diarioprincipios.com\\\/index.php\\\/2023\\\/10\\\/24\\\/final-de-la-copa-autonomia-berazategui-2023\\\/\",\"name\":\"Final de la Copa Autonom\u00eda Berazategui 2023 - Principios\",\"isPartOf\":{\"@id\":\"https:\\\/\\\/diarioprincipios.com\\\/#website\"},\"primaryImageOfPage\":{\"@id\":\"https:\\\/\\\/diarioprincipios.com\\\/index.php\\\/2023\\\/10\\\/24\\\/final-de-la-copa-autonomia-berazategui-2023\\\/#primaryimage\"},\"image\":{\"@id\":\"https:\\\/\\\/diarioprincipios.com\\\/index.php\\\/2023\\\/10\\\/24\\\/final-de-la-copa-autonomia-berazategui-2023\\\/#primaryimage\"},\"thumbnailUrl\":\"https:\\\/\\\/diarioprincipios.com\\\/wp-content\\\/uploads\\\/2023\\\/10\\\/FINAL-DE-LA-COPA-AUTONOMIA-BERAZATEGUI-2023-3-2.jpg\",\"datePublished\":\"2023-10-24T14:16:04+00:00\",\"dateModified\":\"2023-10-24T14:16:07+00:00\",\"breadcrumb\":{\"@id\":\"https:\\\/\\\/diarioprincipios.com\\\/index.php\\\/2023\\\/10\\\/24\\\/final-de-la-copa-autonomia-berazategui-2023\\\/#breadcrumb\"},\"inLanguage\":\"es\",\"potentialAction\":[{\"@type\":\"ReadAction\",\"target\":[\"https:\\\/\\\/diarioprincipios.com\\\/index.php\\\/2023\\\/10\\\/24\\\/final-de-la-copa-autonomia-berazategui-2023\\\/\"]}]},{\"@type\":\"ImageObject\",\"inLanguage\":\"es\",\"@id\":\"https:\\\/\\\/diarioprincipios.com\\\/index.php\\\/2023\\\/10\\\/24\\\/final-de-la-copa-autonomia-berazategui-2023\\\/#primaryimage\",\"url\":\"https:\\\/\\\/diarioprincipios.com\\\/wp-content\\\/uploads\\\/2023\\\/10\\\/FINAL-DE-LA-COPA-AUTONOMIA-BERAZATEGUI-2023-3-2.jpg\",\"contentUrl\":\"https:\\\/\\\/diarioprincipios.com\\\/wp-content\\\/uploads\\\/2023\\\/10\\\/FINAL-DE-LA-COPA-AUTONOMIA-BERAZATEGUI-2023-3-2.jpg\",\"width\":1920,\"height\":1280},{\"@type\":\"BreadcrumbList\",\"@id\":\"https:\\\/\\\/diarioprincipios.com\\\/index.php\\\/2023\\\/10\\\/24\\\/final-de-la-copa-autonomia-berazategui-2023\\\/#breadcrumb\",\"itemListElement\":[{\"@type\":\"ListItem\",\"position\":1,\"name\":\"Portada\",\"item\":\"https:\\\/\\\/diarioprincipios.com\\\/\"},{\"@type\":\"ListItem\",\"position\":2,\"name\":\"Final de la Copa Autonom\u00eda Berazategui 2023\"}]},{\"@type\":\"WebSite\",\"@id\":\"https:\\\/\\\/diarioprincipios.com\\\/#website\",\"url\":\"https:\\\/\\\/diarioprincipios.com\\\/\",\"name\":\"Principios\",\"description\":\"Principios Diario\",\"publisher\":{\"@id\":\"https:\\\/\\\/diarioprincipios.com\\\/#organization\"},\"potentialAction\":[{\"@type\":\"SearchAction\",\"target\":{\"@type\":\"EntryPoint\",\"urlTemplate\":\"https:\\\/\\\/diarioprincipios.com\\\/?s={search_term_string}\"},\"query-input\":{\"@type\":\"PropertyValueSpecification\",\"valueRequired\":true,\"valueName\":\"search_term_string\"}}],\"inLanguage\":\"es\"},{\"@type\":\"Organization\",\"@id\":\"https:\\\/\\\/diarioprincipios.com\\\/#organization\",\"name\":\"Principios\",\"url\":\"https:\\\/\\\/diarioprincipios.com\\\/\",\"logo\":{\"@type\":\"ImageObject\",\"inLanguage\":\"es\",\"@id\":\"https:\\\/\\\/diarioprincipios.com\\\/#\\\/schema\\\/logo\\\/image\\\/\",\"url\":\"https:\\\/\\\/diarioprincipios.com\\\/wp-content\\\/uploads\\\/2024\\\/04\\\/cropped-www.diarioprincipios.com_-1.png\",\"contentUrl\":\"https:\\\/\\\/diarioprincipios.com\\\/wp-content\\\/uploads\\\/2024\\\/04\\\/cropped-www.diarioprincipios.com_-1.png\",\"width\":5325,\"height\":1454,\"caption\":\"Principios\"},\"image\":{\"@id\":\"https:\\\/\\\/diarioprincipios.com\\\/#\\\/schema\\\/logo\\\/image\\\/\"}},{\"@type\":\"Person\",\"@id\":\"https:\\\/\\\/diarioprincipios.com\\\/#\\\/schema\\\/person\\\/436d5a1fd41a5e250e23ff5a6a7cb080\",\"name\":\"Hern\u00e1n L\u00f3pez\",\"image\":{\"@type\":\"ImageObject\",\"inLanguage\":\"es\",\"@id\":\"https:\\\/\\\/diarioprincipios.com\\\/wp-content\\\/litespeed\\\/avatar\\\/11ddfe5610ff3bd100522525b2571f48.jpg?ver=1777048341\",\"url\":\"https:\\\/\\\/diarioprincipios.com\\\/wp-content\\\/litespeed\\\/avatar\\\/11ddfe5610ff3bd100522525b2571f48.jpg?ver=1777048341\",\"contentUrl\":\"https:\\\/\\\/diarioprincipios.com\\\/wp-content\\\/litespeed\\\/avatar\\\/11ddfe5610ff3bd100522525b2571f48.jpg?ver=1777048341\",\"caption\":\"Hern\u00e1n L\u00f3pez\"},\"url\":\"https:\\\/\\\/diarioprincipios.com\\\/index.php\\\/author\\\/hernan\\\/\"}]}<\/script>\n<!-- \/ Yoast SEO plugin. -->","yoast_head_json":{"title":"Final de la Copa Autonom\u00eda Berazategui 2023 - Principios","robots":{"index":"index","follow":"follow","max-snippet":"max-snippet:-1","max-image-preview":"max-image-preview:large","max-video-preview":"max-video-preview:-1"},"canonical":"https:\/\/diarioprincipios.com\/index.php\/2023\/10\/24\/final-de-la-copa-autonomia-berazategui-2023\/","og_locale":"es_ES","og_type":"article","og_title":"Final de la Copa Autonom\u00eda Berazategui 2023 - Principios","og_description":"El intendente de Berazategui, Juan Jos\u00e9 Mussi, presenci\u00f3 la gran final y premiaci\u00f3n de la Copa Autonom\u00eda Berazategui 2023, el nuevo Torneo de F\u00fatbol Femenino del distrito. La jornada se desarroll\u00f3 en el Club Municipal Malter\u00eda Hudson, con la participaci\u00f3n de la secretaria municipal de Desarrollo Social y Comunitario, Recreaci\u00f3n, Turismo y Deportes, Mar\u00eda Laura...","og_url":"https:\/\/diarioprincipios.com\/index.php\/2023\/10\/24\/final-de-la-copa-autonomia-berazategui-2023\/","og_site_name":"Principios","article_published_time":"2023-10-24T14:16:04+00:00","article_modified_time":"2023-10-24T14:16:07+00:00","og_image":[{"width":1920,"height":1280,"url":"https:\/\/diarioprincipios.com\/wp-content\/uploads\/2023\/10\/FINAL-DE-LA-COPA-AUTONOMIA-BERAZATEGUI-2023-3-2.jpg","type":"image\/jpeg"}],"author":"Hern\u00e1n L\u00f3pez","twitter_card":"summary_large_image","twitter_misc":{"Escrito por":"Hern\u00e1n L\u00f3pez","Tiempo de lectura":"2 minutos"},"schema":{"@context":"https:\/\/schema.org","@graph":[{"@type":"Article","@id":"https:\/\/diarioprincipios.com\/index.php\/2023\/10\/24\/final-de-la-copa-autonomia-berazategui-2023\/#article","isPartOf":{"@id":"https:\/\/diarioprincipios.com\/index.php\/2023\/10\/24\/final-de-la-copa-autonomia-berazategui-2023\/"},"author":{"name":"Hern\u00e1n L\u00f3pez","@id":"https:\/\/diarioprincipios.com\/#\/schema\/person\/436d5a1fd41a5e250e23ff5a6a7cb080"},"headline":"Final de la Copa Autonom\u00eda Berazategui 2023","datePublished":"2023-10-24T14:16:04+00:00","dateModified":"2023-10-24T14:16:07+00:00","mainEntityOfPage":{"@id":"https:\/\/diarioprincipios.com\/index.php\/2023\/10\/24\/final-de-la-copa-autonomia-berazategui-2023\/"},"wordCount":237,"commentCount":0,"publisher":{"@id":"https:\/\/diarioprincipios.com\/#organization"},"image":{"@id":"https:\/\/diarioprincipios.com\/index.php\/2023\/10\/24\/final-de-la-copa-autonomia-berazategui-2023\/#primaryimage"},"thumbnailUrl":"https:\/\/diarioprincipios.com\/wp-content\/uploads\/2023\/10\/FINAL-DE-LA-COPA-AUTONOMIA-BERAZATEGUI-2023-3-2.jpg","articleSection":["Deportes"],"inLanguage":"es","potentialAction":[{"@type":"CommentAction","name":"Comment","target":["https:\/\/diarioprincipios.com\/index.php\/2023\/10\/24\/final-de-la-copa-autonomia-berazategui-2023\/#respond"]}]},{"@type":"WebPage","@id":"https:\/\/diarioprincipios.com\/index.php\/2023\/10\/24\/final-de-la-copa-autonomia-berazategui-2023\/","url":"https:\/\/diarioprincipios.com\/index.php\/2023\/10\/24\/final-de-la-copa-autonomia-berazategui-2023\/","name":"Final de la Copa Autonom\u00eda Berazategui 2023 - Principios","isPartOf":{"@id":"https:\/\/diarioprincipios.com\/#website"},"primaryImageOfPage":{"@id":"https:\/\/diarioprincipios.com\/index.php\/2023\/10\/24\/final-de-la-copa-autonomia-berazategui-2023\/#primaryimage"},"image":{"@id":"https:\/\/diarioprincipios.com\/index.php\/2023\/10\/24\/final-de-la-copa-autonomia-berazategui-2023\/#primaryimage"},"thumbnailUrl":"https:\/\/diarioprincipios.com\/wp-content\/uploads\/2023\/10\/FINAL-DE-LA-COPA-AUTONOMIA-BERAZATEGUI-2023-3-2.jpg","datePublished":"2023-10-24T14:16:04+00:00","dateModified":"2023-10-24T14:16:07+00:00","breadcrumb":{"@id":"https:\/\/diarioprincipios.com\/index.php\/2023\/10\/24\/final-de-la-copa-autonomia-berazategui-2023\/#breadcrumb"},"inLanguage":"es","potentialAction":[{"@type":"ReadAction","target":["https:\/\/diarioprincipios.com\/index.php\/2023\/10\/24\/final-de-la-copa-autonomia-berazategui-2023\/"]}]},{"@type":"ImageObject","inLanguage":"es","@id":"https:\/\/diarioprincipios.com\/index.php\/2023\/10\/24\/final-de-la-copa-autonomia-berazategui-2023\/#primaryimage","url":"https:\/\/diarioprincipios.com\/wp-content\/uploads\/2023\/10\/FINAL-DE-LA-COPA-AUTONOMIA-BERAZATEGUI-2023-3-2.jpg","contentUrl":"https:\/\/diarioprincipios.com\/wp-content\/uploads\/2023\/10\/FINAL-DE-LA-COPA-AUTONOMIA-BERAZATEGUI-2023-3-2.jpg","width":1920,"height":1280},{"@type":"BreadcrumbList","@id":"https:\/\/diarioprincipios.com\/index.php\/2023\/10\/24\/final-de-la-copa-autonomia-berazategui-2023\/#breadcrumb","itemListElement":[{"@type":"ListItem","position":1,"name":"Portada","item":"https:\/\/diarioprincipios.com\/"},{"@type":"ListItem","position":2,"name":"Final de la Copa Autonom\u00eda Berazategui 2023"}]},{"@type":"WebSite","@id":"https:\/\/diarioprincipios.com\/#website","url":"https:\/\/diarioprincipios.com\/","name":"Principios","description":"Principios Diario","publisher":{"@id":"https:\/\/diarioprincipios.com\/#organization"},"potentialAction":[{"@type":"SearchAction","target":{"@type":"EntryPoint","urlTemplate":"https:\/\/diarioprincipios.com\/?s={search_term_string}"},"query-input":{"@type":"PropertyValueSpecification","valueRequired":true,"valueName":"search_term_string"}}],"inLanguage":"es"},{"@type":"Organization","@id":"https:\/\/diarioprincipios.com\/#organization","name":"Principios","url":"https:\/\/diarioprincipios.com\/","logo":{"@type":"ImageObject","inLanguage":"es","@id":"https:\/\/diarioprincipios.com\/#\/schema\/logo\/image\/","url":"https:\/\/diarioprincipios.com\/wp-content\/uploads\/2024\/04\/cropped-www.diarioprincipios.com_-1.png","contentUrl":"https:\/\/diarioprincipios.com\/wp-content\/uploads\/2024\/04\/cropped-www.diarioprincipios.com_-1.png","width":5325,"height":1454,"caption":"Principios"},"image":{"@id":"https:\/\/diarioprincipios.com\/#\/schema\/logo\/image\/"}},{"@type":"Person","@id":"https:\/\/diarioprincipios.com\/#\/schema\/person\/436d5a1fd41a5e250e23ff5a6a7cb080","name":"Hern\u00e1n L\u00f3pez","image":{"@type":"ImageObject","inLanguage":"es","@id":"https:\/\/diarioprincipios.com\/wp-content\/litespeed\/avatar\/11ddfe5610ff3bd100522525b2571f48.jpg?ver=1777048341","url":"https:\/\/diarioprincipios.com\/wp-content\/litespeed\/avatar\/11ddfe5610ff3bd100522525b2571f48.jpg?ver=1777048341","contentUrl":"https:\/\/diarioprincipios.com\/wp-content\/litespeed\/avatar\/11ddfe5610ff3bd100522525b2571f48.jpg?ver=1777048341","caption":"Hern\u00e1n L\u00f3pez"},"url":"https:\/\/diarioprincipios.com\/index.php\/author\/hernan\/"}]}},"jetpack_featured_media_url":"https:\/\/diarioprincipios.com\/wp-content\/uploads\/2023\/10\/FINAL-DE-LA-COPA-AUTONOMIA-BERAZATEGUI-2023-3-2.jpg","_links":{"self":[{"href":"https:\/\/diarioprincipios.com\/index.php\/wp-json\/wp\/v2\/posts\/19363","targetHints":{"allow":["GET"]}}],"collection":[{"href":"https:\/\/diarioprincipios.com\/index.php\/wp-json\/wp\/v2\/posts"}],"about":[{"href":"https:\/\/diarioprincipios.com\/index.php\/wp-json\/wp\/v2\/types\/post"}],"author":[{"embeddable":true,"href":"https:\/\/diarioprincipios.com\/index.php\/wp-json\/wp\/v2\/users\/2"}],"replies":[{"embeddable":true,"href":"https:\/\/diarioprincipios.com\/index.php\/wp-json\/wp\/v2\/comments?post=19363"}],"version-history":[{"count":1,"href":"https:\/\/diarioprincipios.com\/index.php\/wp-json\/wp\/v2\/posts\/19363\/revisions"}],"predecessor-version":[{"id":19367,"href":"https:\/\/diarioprincipios.com\/index.php\/wp-json\/wp\/v2\/posts\/19363\/revisions\/19367"}],"wp:featuredmedia":[{"embeddable":true,"href":"https:\/\/diarioprincipios.com\/index.php\/wp-json\/wp\/v2\/media\/19366"}],"wp:attachment":[{"href":"https:\/\/diarioprincipios.com\/index.php\/wp-json\/wp\/v2\/media?parent=19363"}],"wp:term":[{"taxonomy":"category","embeddable":true,"href":"https:\/\/diarioprincipios.com\/index.php\/wp-json\/wp\/v2\/categories?post=19363"},{"taxonomy":"post_tag","embeddable":true,"href":"https:\/\/diarioprincipios.com\/index.php\/wp-json\/wp\/v2\/tags?post=19363"}],"curies":[{"name":"wp","href":"https:\/\/api.w.org\/{rel}","templated":true}]}}