{"id":1930,"date":"2020-05-21T11:36:21","date_gmt":"2020-05-21T14:36:21","guid":{"rendered":"http:\/\/diarioprincipios.com\/?p=1930"},"modified":"2020-05-21T11:36:24","modified_gmt":"2020-05-21T14:36:24","slug":"las-camas-de-terapia-intensiva-disponibles-pasaron-de-181-a-231-cada-100-000-habitantes","status":"publish","type":"post","link":"https:\/\/diarioprincipios.com\/index.php\/2020\/05\/21\/las-camas-de-terapia-intensiva-disponibles-pasaron-de-181-a-231-cada-100-000-habitantes\/","title":{"rendered":"Las camas de terapia intensiva disponibles pasaron de 18,1 a 23,1 cada 100.000 habitantes"},"content":{"rendered":"\n<p>El Ministerio de Salud de la Naci\u00f3n anunci\u00f3 hoy que desde el inicio de la pandemia de coronavirus se fortaleci\u00f3 el sistema sanitario en todas las jurisdicciones y se pas\u00f3 de un total de 18,1 camas de Unidades de Terapia Intensiva (UTI) a 23,1 cada 100.000 habitantes, lo que representa una \u00abalta disponibilidad\u00bb.<\/p>\n\n\n\n<p>Al participar del reporte matutino que emite la cartera sanitaria sobre la evoluci\u00f3n del coronavirus en el pa\u00eds, el subsecretario de Gesti\u00f3n de Servicios e Institutos, Alejandro Collia, destac\u00f3 que el sistema \u00abse fortaleci\u00f3 y mucho\u00bb.<\/p>\n\n\n\n<p>\u00abTodas las jurisdicciones aumentaron su capacidad en oferta de camas (de UTI) y, en lo que hace a hospitales nacionales, duplicamos nuestra capacidad y pasamos de 125 a m\u00e1s de 250 camas\u00bb, inform\u00f3 el funcionario.<\/p>\n\n\n\n<p>En ese plan, tambi\u00e9n se puso en marcha \u00abel hospital de Esteban Echeverr\u00eda con m\u00e1s de 40 camas de terapia intensiva y, tambi\u00e9n terminar el hospital de la cuenca alta (del Riachuelo), que se encuentra con pleno funcionamiento con 34 camas de terapia intensiva y 180 camas de internaci\u00f3n general\u00bb.<\/p>\n\n\n\n<p>Adem\u00e1s se refiri\u00f3 a los hospitales modulares que se encuentran en construcci\u00f3n en Chaco, C\u00f3rdoba y Santa Fe y en los distritos bonaerenses de Mar del Plata, Lomas de Zamora, Tres de Febrero, Hurlingham, Moreno y Florencio Varela.<\/p>\n\n\n\n<p>\u00abTodas estas construcciones, que van a disponer de alrededor de 264 camas, claramente aumentan la capacidad instalada para dar respuesta a la poblaci\u00f3n\u00bb, se\u00f1al\u00f3.<\/p>\n\n\n\n<p>Collia explic\u00f3 que cuando se habla de camas en realidad se alude \u00abno solamente al mueble\u00bb, sino a su \u00abcomplejidad de equipamiento, insumos, equipos de trabajo, enfermeros, kinesi\u00f3logos\u00bb.<\/p>\n\n\n\n<p>\u00abTenemos una alta disponibilidad de camas, el sistema sanitario se fortaleci\u00f3 y mucho\u00bb, consider\u00f3.<\/p>\n\n\n\n<p>Este aumento \u00abpermite avanzar hacia esta etapa de propagaci\u00f3n del virus con un sistema s\u00f3lido, fuerte, desde lo p\u00fablico y privado, con una respuesta del Estado que permiti\u00f3 este resultado\u00bb, concluy\u00f3 el funcionario.<\/p>\n","protected":false},"excerpt":{"rendered":"<p>El Ministerio de Salud de la Naci\u00f3n anunci\u00f3 hoy que desde el inicio de la pandemia de coronavirus se fortaleci\u00f3 el sistema sanitario en todas las jurisdicciones y se pas\u00f3 de un total de 18,1 camas de Unidades de Terapia Intensiva (UTI) a 23,1 cada 100.000 habitantes, lo que representa una \u00abalta disponibilidad\u00bb. Al participar&#8230;<\/p>\n","protected":false},"author":2,"featured_media":1931,"comment_status":"open","ping_status":"open","sticky":false,"template":"","format":"standard","meta":{"footnotes":""},"categories":[10],"tags":[],"class_list":["post-1930","post","type-post","status-publish","format-standard","has-post-thumbnail","hentry","category-nacion"],"featured_image_src":"https:\/\/diarioprincipios.com\/wp-content\/uploads\/2020\/05\/27-4-terapia-intensiva.jpg","blog_images":{"medium":"https:\/\/diarioprincipios.com\/wp-content\/uploads\/2020\/05\/27-4-terapia-intensiva-300x180.jpg","large":"https:\/\/diarioprincipios.com\/wp-content\/uploads\/2020\/05\/27-4-terapia-intensiva.jpg"},"ams_acf":[],"yoast_head":"<!-- This site is optimized with the Yoast SEO plugin v27.3 - https:\/\/yoast.com\/product\/yoast-seo-wordpress\/ -->\n<title>Las camas de terapia intensiva disponibles pasaron de 18,1 a 23,1 cada 100.000 habitantes - Principios<\/title>\n<meta name=\"robots\" content=\"index, follow, max-snippet:-1, max-image-preview:large, max-video-preview:-1\" \/>\n<link rel=\"canonical\" href=\"https:\/\/diarioprincipios.com\/index.php\/2020\/05\/21\/las-camas-de-terapia-intensiva-disponibles-pasaron-de-181-a-231-cada-100-000-habitantes\/\" \/>\n<meta property=\"og:locale\" content=\"es_ES\" \/>\n<meta property=\"og:type\" content=\"article\" \/>\n<meta property=\"og:title\" content=\"Las camas de terapia intensiva disponibles pasaron de 18,1 a 23,1 cada 100.000 habitantes - Principios\" \/>\n<meta property=\"og:description\" content=\"El Ministerio de Salud de la Naci\u00f3n anunci\u00f3 hoy que desde el inicio de la pandemia de coronavirus se fortaleci\u00f3 el sistema sanitario en todas las jurisdicciones y se pas\u00f3 de un total de 18,1 camas de Unidades de Terapia Intensiva (UTI) a 23,1 cada 100.000 habitantes, lo que representa una \u00abalta disponibilidad\u00bb. Al participar...\" \/>\n<meta property=\"og:url\" content=\"https:\/\/diarioprincipios.com\/index.php\/2020\/05\/21\/las-camas-de-terapia-intensiva-disponibles-pasaron-de-181-a-231-cada-100-000-habitantes\/\" \/>\n<meta property=\"og:site_name\" content=\"Principios\" \/>\n<meta property=\"article:published_time\" content=\"2020-05-21T14:36:21+00:00\" \/>\n<meta property=\"article:modified_time\" content=\"2020-05-21T14:36:24+00:00\" \/>\n<meta property=\"og:image\" content=\"https:\/\/diarioprincipios.com\/wp-content\/uploads\/2020\/05\/27-4-terapia-intensiva.jpg\" \/>\n\t<meta property=\"og:image:width\" content=\"1000\" \/>\n\t<meta property=\"og:image:height\" content=\"600\" \/>\n\t<meta property=\"og:image:type\" content=\"image\/jpeg\" \/>\n<meta name=\"author\" content=\"Hern\u00e1n L\u00f3pez\" \/>\n<meta name=\"twitter:card\" content=\"summary_large_image\" \/>\n<meta name=\"twitter:label1\" content=\"Escrito por\" \/>\n\t<meta name=\"twitter:data1\" content=\"Hern\u00e1n L\u00f3pez\" \/>\n\t<meta name=\"twitter:label2\" content=\"Tiempo de lectura\" \/>\n\t<meta name=\"twitter:data2\" content=\"2 minutos\" \/>\n<script type=\"application\/ld+json\" class=\"yoast-schema-graph\">{\"@context\":\"https:\\\/\\\/schema.org\",\"@graph\":[{\"@type\":\"Article\",\"@id\":\"https:\\\/\\\/diarioprincipios.com\\\/index.php\\\/2020\\\/05\\\/21\\\/las-camas-de-terapia-intensiva-disponibles-pasaron-de-181-a-231-cada-100-000-habitantes\\\/#article\",\"isPartOf\":{\"@id\":\"https:\\\/\\\/diarioprincipios.com\\\/index.php\\\/2020\\\/05\\\/21\\\/las-camas-de-terapia-intensiva-disponibles-pasaron-de-181-a-231-cada-100-000-habitantes\\\/\"},\"author\":{\"name\":\"Hern\u00e1n L\u00f3pez\",\"@id\":\"https:\\\/\\\/diarioprincipios.com\\\/#\\\/schema\\\/person\\\/436d5a1fd41a5e250e23ff5a6a7cb080\"},\"headline\":\"Las camas de terapia intensiva disponibles pasaron de 18,1 a 23,1 cada 100.000 habitantes\",\"datePublished\":\"2020-05-21T14:36:21+00:00\",\"dateModified\":\"2020-05-21T14:36:24+00:00\",\"mainEntityOfPage\":{\"@id\":\"https:\\\/\\\/diarioprincipios.com\\\/index.php\\\/2020\\\/05\\\/21\\\/las-camas-de-terapia-intensiva-disponibles-pasaron-de-181-a-231-cada-100-000-habitantes\\\/\"},\"wordCount\":332,\"commentCount\":0,\"publisher\":{\"@id\":\"https:\\\/\\\/diarioprincipios.com\\\/#organization\"},\"image\":{\"@id\":\"https:\\\/\\\/diarioprincipios.com\\\/index.php\\\/2020\\\/05\\\/21\\\/las-camas-de-terapia-intensiva-disponibles-pasaron-de-181-a-231-cada-100-000-habitantes\\\/#primaryimage\"},\"thumbnailUrl\":\"https:\\\/\\\/diarioprincipios.com\\\/wp-content\\\/uploads\\\/2020\\\/05\\\/27-4-terapia-intensiva.jpg\",\"articleSection\":[\"Naci\u00f3n\"],\"inLanguage\":\"es\",\"potentialAction\":[{\"@type\":\"CommentAction\",\"name\":\"Comment\",\"target\":[\"https:\\\/\\\/diarioprincipios.com\\\/index.php\\\/2020\\\/05\\\/21\\\/las-camas-de-terapia-intensiva-disponibles-pasaron-de-181-a-231-cada-100-000-habitantes\\\/#respond\"]}]},{\"@type\":\"WebPage\",\"@id\":\"https:\\\/\\\/diarioprincipios.com\\\/index.php\\\/2020\\\/05\\\/21\\\/las-camas-de-terapia-intensiva-disponibles-pasaron-de-181-a-231-cada-100-000-habitantes\\\/\",\"url\":\"https:\\\/\\\/diarioprincipios.com\\\/index.php\\\/2020\\\/05\\\/21\\\/las-camas-de-terapia-intensiva-disponibles-pasaron-de-181-a-231-cada-100-000-habitantes\\\/\",\"name\":\"Las camas de terapia intensiva disponibles pasaron de 18,1 a 23,1 cada 100.000 habitantes - Principios\",\"isPartOf\":{\"@id\":\"https:\\\/\\\/diarioprincipios.com\\\/#website\"},\"primaryImageOfPage\":{\"@id\":\"https:\\\/\\\/diarioprincipios.com\\\/index.php\\\/2020\\\/05\\\/21\\\/las-camas-de-terapia-intensiva-disponibles-pasaron-de-181-a-231-cada-100-000-habitantes\\\/#primaryimage\"},\"image\":{\"@id\":\"https:\\\/\\\/diarioprincipios.com\\\/index.php\\\/2020\\\/05\\\/21\\\/las-camas-de-terapia-intensiva-disponibles-pasaron-de-181-a-231-cada-100-000-habitantes\\\/#primaryimage\"},\"thumbnailUrl\":\"https:\\\/\\\/diarioprincipios.com\\\/wp-content\\\/uploads\\\/2020\\\/05\\\/27-4-terapia-intensiva.jpg\",\"datePublished\":\"2020-05-21T14:36:21+00:00\",\"dateModified\":\"2020-05-21T14:36:24+00:00\",\"breadcrumb\":{\"@id\":\"https:\\\/\\\/diarioprincipios.com\\\/index.php\\\/2020\\\/05\\\/21\\\/las-camas-de-terapia-intensiva-disponibles-pasaron-de-181-a-231-cada-100-000-habitantes\\\/#breadcrumb\"},\"inLanguage\":\"es\",\"potentialAction\":[{\"@type\":\"ReadAction\",\"target\":[\"https:\\\/\\\/diarioprincipios.com\\\/index.php\\\/2020\\\/05\\\/21\\\/las-camas-de-terapia-intensiva-disponibles-pasaron-de-181-a-231-cada-100-000-habitantes\\\/\"]}]},{\"@type\":\"ImageObject\",\"inLanguage\":\"es\",\"@id\":\"https:\\\/\\\/diarioprincipios.com\\\/index.php\\\/2020\\\/05\\\/21\\\/las-camas-de-terapia-intensiva-disponibles-pasaron-de-181-a-231-cada-100-000-habitantes\\\/#primaryimage\",\"url\":\"https:\\\/\\\/diarioprincipios.com\\\/wp-content\\\/uploads\\\/2020\\\/05\\\/27-4-terapia-intensiva.jpg\",\"contentUrl\":\"https:\\\/\\\/diarioprincipios.com\\\/wp-content\\\/uploads\\\/2020\\\/05\\\/27-4-terapia-intensiva.jpg\",\"width\":1000,\"height\":600},{\"@type\":\"BreadcrumbList\",\"@id\":\"https:\\\/\\\/diarioprincipios.com\\\/index.php\\\/2020\\\/05\\\/21\\\/las-camas-de-terapia-intensiva-disponibles-pasaron-de-181-a-231-cada-100-000-habitantes\\\/#breadcrumb\",\"itemListElement\":[{\"@type\":\"ListItem\",\"position\":1,\"name\":\"Portada\",\"item\":\"https:\\\/\\\/diarioprincipios.com\\\/\"},{\"@type\":\"ListItem\",\"position\":2,\"name\":\"Las camas de terapia intensiva disponibles pasaron de 18,1 a 23,1 cada 100.000 habitantes\"}]},{\"@type\":\"WebSite\",\"@id\":\"https:\\\/\\\/diarioprincipios.com\\\/#website\",\"url\":\"https:\\\/\\\/diarioprincipios.com\\\/\",\"name\":\"Principios\",\"description\":\"Principios Diario\",\"publisher\":{\"@id\":\"https:\\\/\\\/diarioprincipios.com\\\/#organization\"},\"potentialAction\":[{\"@type\":\"SearchAction\",\"target\":{\"@type\":\"EntryPoint\",\"urlTemplate\":\"https:\\\/\\\/diarioprincipios.com\\\/?s={search_term_string}\"},\"query-input\":{\"@type\":\"PropertyValueSpecification\",\"valueRequired\":true,\"valueName\":\"search_term_string\"}}],\"inLanguage\":\"es\"},{\"@type\":\"Organization\",\"@id\":\"https:\\\/\\\/diarioprincipios.com\\\/#organization\",\"name\":\"Principios\",\"url\":\"https:\\\/\\\/diarioprincipios.com\\\/\",\"logo\":{\"@type\":\"ImageObject\",\"inLanguage\":\"es\",\"@id\":\"https:\\\/\\\/diarioprincipios.com\\\/#\\\/schema\\\/logo\\\/image\\\/\",\"url\":\"https:\\\/\\\/diarioprincipios.com\\\/wp-content\\\/uploads\\\/2024\\\/04\\\/cropped-www.diarioprincipios.com_-1.png\",\"contentUrl\":\"https:\\\/\\\/diarioprincipios.com\\\/wp-content\\\/uploads\\\/2024\\\/04\\\/cropped-www.diarioprincipios.com_-1.png\",\"width\":5325,\"height\":1454,\"caption\":\"Principios\"},\"image\":{\"@id\":\"https:\\\/\\\/diarioprincipios.com\\\/#\\\/schema\\\/logo\\\/image\\\/\"}},{\"@type\":\"Person\",\"@id\":\"https:\\\/\\\/diarioprincipios.com\\\/#\\\/schema\\\/person\\\/436d5a1fd41a5e250e23ff5a6a7cb080\",\"name\":\"Hern\u00e1n L\u00f3pez\",\"image\":{\"@type\":\"ImageObject\",\"inLanguage\":\"es\",\"@id\":\"https:\\\/\\\/diarioprincipios.com\\\/wp-content\\\/litespeed\\\/avatar\\\/11ddfe5610ff3bd100522525b2571f48.jpg?ver=1777048341\",\"url\":\"https:\\\/\\\/diarioprincipios.com\\\/wp-content\\\/litespeed\\\/avatar\\\/11ddfe5610ff3bd100522525b2571f48.jpg?ver=1777048341\",\"contentUrl\":\"https:\\\/\\\/diarioprincipios.com\\\/wp-content\\\/litespeed\\\/avatar\\\/11ddfe5610ff3bd100522525b2571f48.jpg?ver=1777048341\",\"caption\":\"Hern\u00e1n L\u00f3pez\"},\"url\":\"https:\\\/\\\/diarioprincipios.com\\\/index.php\\\/author\\\/hernan\\\/\"}]}<\/script>\n<!-- \/ Yoast SEO plugin. -->","yoast_head_json":{"title":"Las camas de terapia intensiva disponibles pasaron de 18,1 a 23,1 cada 100.000 habitantes - Principios","robots":{"index":"index","follow":"follow","max-snippet":"max-snippet:-1","max-image-preview":"max-image-preview:large","max-video-preview":"max-video-preview:-1"},"canonical":"https:\/\/diarioprincipios.com\/index.php\/2020\/05\/21\/las-camas-de-terapia-intensiva-disponibles-pasaron-de-181-a-231-cada-100-000-habitantes\/","og_locale":"es_ES","og_type":"article","og_title":"Las camas de terapia intensiva disponibles pasaron de 18,1 a 23,1 cada 100.000 habitantes - Principios","og_description":"El Ministerio de Salud de la Naci\u00f3n anunci\u00f3 hoy que desde el inicio de la pandemia de coronavirus se fortaleci\u00f3 el sistema sanitario en todas las jurisdicciones y se pas\u00f3 de un total de 18,1 camas de Unidades de Terapia Intensiva (UTI) a 23,1 cada 100.000 habitantes, lo que representa una \u00abalta disponibilidad\u00bb. Al participar...","og_url":"https:\/\/diarioprincipios.com\/index.php\/2020\/05\/21\/las-camas-de-terapia-intensiva-disponibles-pasaron-de-181-a-231-cada-100-000-habitantes\/","og_site_name":"Principios","article_published_time":"2020-05-21T14:36:21+00:00","article_modified_time":"2020-05-21T14:36:24+00:00","og_image":[{"width":1000,"height":600,"url":"https:\/\/diarioprincipios.com\/wp-content\/uploads\/2020\/05\/27-4-terapia-intensiva.jpg","type":"image\/jpeg"}],"author":"Hern\u00e1n L\u00f3pez","twitter_card":"summary_large_image","twitter_misc":{"Escrito por":"Hern\u00e1n L\u00f3pez","Tiempo de lectura":"2 minutos"},"schema":{"@context":"https:\/\/schema.org","@graph":[{"@type":"Article","@id":"https:\/\/diarioprincipios.com\/index.php\/2020\/05\/21\/las-camas-de-terapia-intensiva-disponibles-pasaron-de-181-a-231-cada-100-000-habitantes\/#article","isPartOf":{"@id":"https:\/\/diarioprincipios.com\/index.php\/2020\/05\/21\/las-camas-de-terapia-intensiva-disponibles-pasaron-de-181-a-231-cada-100-000-habitantes\/"},"author":{"name":"Hern\u00e1n L\u00f3pez","@id":"https:\/\/diarioprincipios.com\/#\/schema\/person\/436d5a1fd41a5e250e23ff5a6a7cb080"},"headline":"Las camas de terapia intensiva disponibles pasaron de 18,1 a 23,1 cada 100.000 habitantes","datePublished":"2020-05-21T14:36:21+00:00","dateModified":"2020-05-21T14:36:24+00:00","mainEntityOfPage":{"@id":"https:\/\/diarioprincipios.com\/index.php\/2020\/05\/21\/las-camas-de-terapia-intensiva-disponibles-pasaron-de-181-a-231-cada-100-000-habitantes\/"},"wordCount":332,"commentCount":0,"publisher":{"@id":"https:\/\/diarioprincipios.com\/#organization"},"image":{"@id":"https:\/\/diarioprincipios.com\/index.php\/2020\/05\/21\/las-camas-de-terapia-intensiva-disponibles-pasaron-de-181-a-231-cada-100-000-habitantes\/#primaryimage"},"thumbnailUrl":"https:\/\/diarioprincipios.com\/wp-content\/uploads\/2020\/05\/27-4-terapia-intensiva.jpg","articleSection":["Naci\u00f3n"],"inLanguage":"es","potentialAction":[{"@type":"CommentAction","name":"Comment","target":["https:\/\/diarioprincipios.com\/index.php\/2020\/05\/21\/las-camas-de-terapia-intensiva-disponibles-pasaron-de-181-a-231-cada-100-000-habitantes\/#respond"]}]},{"@type":"WebPage","@id":"https:\/\/diarioprincipios.com\/index.php\/2020\/05\/21\/las-camas-de-terapia-intensiva-disponibles-pasaron-de-181-a-231-cada-100-000-habitantes\/","url":"https:\/\/diarioprincipios.com\/index.php\/2020\/05\/21\/las-camas-de-terapia-intensiva-disponibles-pasaron-de-181-a-231-cada-100-000-habitantes\/","name":"Las camas de terapia intensiva disponibles pasaron de 18,1 a 23,1 cada 100.000 habitantes - Principios","isPartOf":{"@id":"https:\/\/diarioprincipios.com\/#website"},"primaryImageOfPage":{"@id":"https:\/\/diarioprincipios.com\/index.php\/2020\/05\/21\/las-camas-de-terapia-intensiva-disponibles-pasaron-de-181-a-231-cada-100-000-habitantes\/#primaryimage"},"image":{"@id":"https:\/\/diarioprincipios.com\/index.php\/2020\/05\/21\/las-camas-de-terapia-intensiva-disponibles-pasaron-de-181-a-231-cada-100-000-habitantes\/#primaryimage"},"thumbnailUrl":"https:\/\/diarioprincipios.com\/wp-content\/uploads\/2020\/05\/27-4-terapia-intensiva.jpg","datePublished":"2020-05-21T14:36:21+00:00","dateModified":"2020-05-21T14:36:24+00:00","breadcrumb":{"@id":"https:\/\/diarioprincipios.com\/index.php\/2020\/05\/21\/las-camas-de-terapia-intensiva-disponibles-pasaron-de-181-a-231-cada-100-000-habitantes\/#breadcrumb"},"inLanguage":"es","potentialAction":[{"@type":"ReadAction","target":["https:\/\/diarioprincipios.com\/index.php\/2020\/05\/21\/las-camas-de-terapia-intensiva-disponibles-pasaron-de-181-a-231-cada-100-000-habitantes\/"]}]},{"@type":"ImageObject","inLanguage":"es","@id":"https:\/\/diarioprincipios.com\/index.php\/2020\/05\/21\/las-camas-de-terapia-intensiva-disponibles-pasaron-de-181-a-231-cada-100-000-habitantes\/#primaryimage","url":"https:\/\/diarioprincipios.com\/wp-content\/uploads\/2020\/05\/27-4-terapia-intensiva.jpg","contentUrl":"https:\/\/diarioprincipios.com\/wp-content\/uploads\/2020\/05\/27-4-terapia-intensiva.jpg","width":1000,"height":600},{"@type":"BreadcrumbList","@id":"https:\/\/diarioprincipios.com\/index.php\/2020\/05\/21\/las-camas-de-terapia-intensiva-disponibles-pasaron-de-181-a-231-cada-100-000-habitantes\/#breadcrumb","itemListElement":[{"@type":"ListItem","position":1,"name":"Portada","item":"https:\/\/diarioprincipios.com\/"},{"@type":"ListItem","position":2,"name":"Las camas de terapia intensiva disponibles pasaron de 18,1 a 23,1 cada 100.000 habitantes"}]},{"@type":"WebSite","@id":"https:\/\/diarioprincipios.com\/#website","url":"https:\/\/diarioprincipios.com\/","name":"Principios","description":"Principios Diario","publisher":{"@id":"https:\/\/diarioprincipios.com\/#organization"},"potentialAction":[{"@type":"SearchAction","target":{"@type":"EntryPoint","urlTemplate":"https:\/\/diarioprincipios.com\/?s={search_term_string}"},"query-input":{"@type":"PropertyValueSpecification","valueRequired":true,"valueName":"search_term_string"}}],"inLanguage":"es"},{"@type":"Organization","@id":"https:\/\/diarioprincipios.com\/#organization","name":"Principios","url":"https:\/\/diarioprincipios.com\/","logo":{"@type":"ImageObject","inLanguage":"es","@id":"https:\/\/diarioprincipios.com\/#\/schema\/logo\/image\/","url":"https:\/\/diarioprincipios.com\/wp-content\/uploads\/2024\/04\/cropped-www.diarioprincipios.com_-1.png","contentUrl":"https:\/\/diarioprincipios.com\/wp-content\/uploads\/2024\/04\/cropped-www.diarioprincipios.com_-1.png","width":5325,"height":1454,"caption":"Principios"},"image":{"@id":"https:\/\/diarioprincipios.com\/#\/schema\/logo\/image\/"}},{"@type":"Person","@id":"https:\/\/diarioprincipios.com\/#\/schema\/person\/436d5a1fd41a5e250e23ff5a6a7cb080","name":"Hern\u00e1n L\u00f3pez","image":{"@type":"ImageObject","inLanguage":"es","@id":"https:\/\/diarioprincipios.com\/wp-content\/litespeed\/avatar\/11ddfe5610ff3bd100522525b2571f48.jpg?ver=1777048341","url":"https:\/\/diarioprincipios.com\/wp-content\/litespeed\/avatar\/11ddfe5610ff3bd100522525b2571f48.jpg?ver=1777048341","contentUrl":"https:\/\/diarioprincipios.com\/wp-content\/litespeed\/avatar\/11ddfe5610ff3bd100522525b2571f48.jpg?ver=1777048341","caption":"Hern\u00e1n L\u00f3pez"},"url":"https:\/\/diarioprincipios.com\/index.php\/author\/hernan\/"}]}},"jetpack_featured_media_url":"https:\/\/diarioprincipios.com\/wp-content\/uploads\/2020\/05\/27-4-terapia-intensiva.jpg","_links":{"self":[{"href":"https:\/\/diarioprincipios.com\/index.php\/wp-json\/wp\/v2\/posts\/1930","targetHints":{"allow":["GET"]}}],"collection":[{"href":"https:\/\/diarioprincipios.com\/index.php\/wp-json\/wp\/v2\/posts"}],"about":[{"href":"https:\/\/diarioprincipios.com\/index.php\/wp-json\/wp\/v2\/types\/post"}],"author":[{"embeddable":true,"href":"https:\/\/diarioprincipios.com\/index.php\/wp-json\/wp\/v2\/users\/2"}],"replies":[{"embeddable":true,"href":"https:\/\/diarioprincipios.com\/index.php\/wp-json\/wp\/v2\/comments?post=1930"}],"version-history":[{"count":1,"href":"https:\/\/diarioprincipios.com\/index.php\/wp-json\/wp\/v2\/posts\/1930\/revisions"}],"predecessor-version":[{"id":1932,"href":"https:\/\/diarioprincipios.com\/index.php\/wp-json\/wp\/v2\/posts\/1930\/revisions\/1932"}],"wp:featuredmedia":[{"embeddable":true,"href":"https:\/\/diarioprincipios.com\/index.php\/wp-json\/wp\/v2\/media\/1931"}],"wp:attachment":[{"href":"https:\/\/diarioprincipios.com\/index.php\/wp-json\/wp\/v2\/media?parent=1930"}],"wp:term":[{"taxonomy":"category","embeddable":true,"href":"https:\/\/diarioprincipios.com\/index.php\/wp-json\/wp\/v2\/categories?post=1930"},{"taxonomy":"post_tag","embeddable":true,"href":"https:\/\/diarioprincipios.com\/index.php\/wp-json\/wp\/v2\/tags?post=1930"}],"curies":[{"name":"wp","href":"https:\/\/api.w.org\/{rel}","templated":true}]}}