{"id":19239,"date":"2023-10-11T18:21:36","date_gmt":"2023-10-11T21:21:36","guid":{"rendered":"http:\/\/diarioprincipios.com\/?p=19239"},"modified":"2023-10-29T14:47:23","modified_gmt":"2023-10-29T17:47:23","slug":"mercado-vecino-sigue-ampliando-su-red-de-productores","status":"publish","type":"post","link":"https:\/\/diarioprincipios.com\/index.php\/2023\/10\/11\/mercado-vecino-sigue-ampliando-su-red-de-productores\/","title":{"rendered":"Mercado Vecino sigue ampliando su red de productores"},"content":{"rendered":"\n<p><strong>Se sum\u00f3 una nueva cooperativa de trabajo a Mercado Vecino, la Feria Itinerante de Berazategui. Se trata de Gran Buenos Aires, un grupo de productores agr\u00edcolas con base en las localidades de Hudson y Villa Espa\u00f1a.<\/strong><\/p>\n\n\n\n<p>Al respecto, Nahuel Pineda -presidente de la Cooperativa- indic\u00f3: \u201cNos sumamos hace un mes aproximadamente. Estamos trabajando fuertemente. Le agradecemos al Municipio de Berazategui, al intendente Juan Jos\u00e9 Mussi y al Ministerio de Desarrollo Agrario de la provincia de Buenos Aires por la oportunidad\u201d.<\/p>\n\n\n\n<figure class=\"wp-block-image size-large\"><img loading=\"lazy\" decoding=\"async\" width=\"1024\" height=\"683\" src=\"https:\/\/diarioprincipios.com\/wp-content\/uploads\/2023\/10\/MERCADO-VECINO-SIGUE-AMPLIANDO-SU-RED-DE-PRODUCTORES-BERAZATEGUENSES-1-1024x683.jpg\" alt=\"\" class=\"wp-image-19240\" srcset=\"https:\/\/diarioprincipios.com\/wp-content\/uploads\/2023\/10\/MERCADO-VECINO-SIGUE-AMPLIANDO-SU-RED-DE-PRODUCTORES-BERAZATEGUENSES-1-1024x683.jpg 1024w, https:\/\/diarioprincipios.com\/wp-content\/uploads\/2023\/10\/MERCADO-VECINO-SIGUE-AMPLIANDO-SU-RED-DE-PRODUCTORES-BERAZATEGUENSES-1-300x200.jpg 300w, https:\/\/diarioprincipios.com\/wp-content\/uploads\/2023\/10\/MERCADO-VECINO-SIGUE-AMPLIANDO-SU-RED-DE-PRODUCTORES-BERAZATEGUENSES-1-768x512.jpg 768w, https:\/\/diarioprincipios.com\/wp-content\/uploads\/2023\/10\/MERCADO-VECINO-SIGUE-AMPLIANDO-SU-RED-DE-PRODUCTORES-BERAZATEGUENSES-1-1536x1024.jpg 1536w, https:\/\/diarioprincipios.com\/wp-content\/uploads\/2023\/10\/MERCADO-VECINO-SIGUE-AMPLIANDO-SU-RED-DE-PRODUCTORES-BERAZATEGUENSES-1.jpg 1920w\" sizes=\"auto, (max-width: 1024px) 100vw, 1024px\" \/><\/figure>\n\n\n\n<p>De esta manera, Mercado Vecino contin\u00faa representando una opci\u00f3n ideal; tanto para productores locales, que ofrecen sus productos sin intermediarios, como para los vecinos y las vecinas, que adquieren mercader\u00eda saludable y econ\u00f3mica.<\/p>\n\n\n\n<p>La Feria Itinerante de Berazategui se realiza todos los lunes en la Plaza Rigolleau (Av. 14 y Lisandro de la Torre), de 8.00 a 13.00; mientras que los dem\u00e1s d\u00edas de la semana se programan jornadas en diferentes puntos del distrito. A trav\u00e9s de esta iniciativa municipal, los vecinos y las vecinas pueden aprovechar la oportunidad de adquirir carne, pollo, l\u00e1cteos, panificados, huevos, frutas y verduras frescas a precios especiales.<\/p>\n\n\n\n<p>Para conocer el cronograma de octubre, ingresar en&nbsp;<a rel=\"noreferrer noopener\" target=\"_blank\" href=\"http:\/\/berazategui.gob.ar\/mercadovecino\">berazategui.gob.ar\/mercadovecino<\/a>.<\/p>\n","protected":false},"excerpt":{"rendered":"<p>Se sum\u00f3 una nueva cooperativa de trabajo a Mercado Vecino, la Feria Itinerante de Berazategui. Se trata de Gran Buenos Aires, un grupo de productores agr\u00edcolas con base en las localidades de Hudson y Villa Espa\u00f1a. Al respecto, Nahuel Pineda -presidente de la Cooperativa- indic\u00f3: \u201cNos sumamos hace un mes aproximadamente. Estamos trabajando fuertemente. Le&#8230;<\/p>\n","protected":false},"author":2,"featured_media":19241,"comment_status":"open","ping_status":"open","sticky":false,"template":"","format":"standard","meta":{"footnotes":""},"categories":[3],"tags":[],"class_list":["post-19239","post","type-post","status-publish","format-standard","has-post-thumbnail","hentry","category-berazategui"],"featured_image_src":"https:\/\/diarioprincipios.com\/wp-content\/uploads\/2023\/10\/MERCADO-VECINO-SIGUE-AMPLIANDO-SU-RED-DE-PRODUCTORES-BERAZATEGUENSES-2-1024x683.jpg","blog_images":{"medium":"https:\/\/diarioprincipios.com\/wp-content\/uploads\/2023\/10\/MERCADO-VECINO-SIGUE-AMPLIANDO-SU-RED-DE-PRODUCTORES-BERAZATEGUENSES-2-300x200.jpg","large":"https:\/\/diarioprincipios.com\/wp-content\/uploads\/2023\/10\/MERCADO-VECINO-SIGUE-AMPLIANDO-SU-RED-DE-PRODUCTORES-BERAZATEGUENSES-2-1024x683.jpg"},"ams_acf":[],"yoast_head":"<!-- This site is optimized with the Yoast SEO plugin v27.3 - https:\/\/yoast.com\/product\/yoast-seo-wordpress\/ -->\n<title>Mercado Vecino sigue ampliando su red de productores - Principios<\/title>\n<meta name=\"robots\" content=\"index, follow, max-snippet:-1, max-image-preview:large, max-video-preview:-1\" \/>\n<link rel=\"canonical\" href=\"https:\/\/diarioprincipios.com\/index.php\/2023\/10\/11\/mercado-vecino-sigue-ampliando-su-red-de-productores\/\" \/>\n<meta property=\"og:locale\" content=\"es_ES\" \/>\n<meta property=\"og:type\" content=\"article\" \/>\n<meta property=\"og:title\" content=\"Mercado Vecino sigue ampliando su red de productores - Principios\" \/>\n<meta property=\"og:description\" content=\"Se sum\u00f3 una nueva cooperativa de trabajo a Mercado Vecino, la Feria Itinerante de Berazategui. Se trata de Gran Buenos Aires, un grupo de productores agr\u00edcolas con base en las localidades de Hudson y Villa Espa\u00f1a. Al respecto, Nahuel Pineda -presidente de la Cooperativa- indic\u00f3: \u201cNos sumamos hace un mes aproximadamente. Estamos trabajando fuertemente. Le...\" \/>\n<meta property=\"og:url\" content=\"https:\/\/diarioprincipios.com\/index.php\/2023\/10\/11\/mercado-vecino-sigue-ampliando-su-red-de-productores\/\" \/>\n<meta property=\"og:site_name\" content=\"Principios\" \/>\n<meta property=\"article:published_time\" content=\"2023-10-11T21:21:36+00:00\" \/>\n<meta property=\"article:modified_time\" content=\"2023-10-29T17:47:23+00:00\" \/>\n<meta property=\"og:image\" content=\"https:\/\/diarioprincipios.com\/wp-content\/uploads\/2023\/10\/MERCADO-VECINO-SIGUE-AMPLIANDO-SU-RED-DE-PRODUCTORES-BERAZATEGUENSES-2.jpg\" \/>\n\t<meta property=\"og:image:width\" content=\"1920\" \/>\n\t<meta property=\"og:image:height\" content=\"1280\" \/>\n\t<meta property=\"og:image:type\" content=\"image\/jpeg\" \/>\n<meta name=\"author\" content=\"Hern\u00e1n L\u00f3pez\" \/>\n<meta name=\"twitter:card\" content=\"summary_large_image\" \/>\n<meta name=\"twitter:label1\" content=\"Escrito por\" \/>\n\t<meta name=\"twitter:data1\" content=\"Hern\u00e1n L\u00f3pez\" \/>\n\t<meta name=\"twitter:label2\" content=\"Tiempo de lectura\" \/>\n\t<meta name=\"twitter:data2\" content=\"2 minutos\" \/>\n<script type=\"application\/ld+json\" class=\"yoast-schema-graph\">{\"@context\":\"https:\\\/\\\/schema.org\",\"@graph\":[{\"@type\":\"Article\",\"@id\":\"https:\\\/\\\/diarioprincipios.com\\\/index.php\\\/2023\\\/10\\\/11\\\/mercado-vecino-sigue-ampliando-su-red-de-productores\\\/#article\",\"isPartOf\":{\"@id\":\"https:\\\/\\\/diarioprincipios.com\\\/index.php\\\/2023\\\/10\\\/11\\\/mercado-vecino-sigue-ampliando-su-red-de-productores\\\/\"},\"author\":{\"name\":\"Hern\u00e1n L\u00f3pez\",\"@id\":\"https:\\\/\\\/diarioprincipios.com\\\/#\\\/schema\\\/person\\\/436d5a1fd41a5e250e23ff5a6a7cb080\"},\"headline\":\"Mercado Vecino sigue ampliando su red de productores\",\"datePublished\":\"2023-10-11T21:21:36+00:00\",\"dateModified\":\"2023-10-29T17:47:23+00:00\",\"mainEntityOfPage\":{\"@id\":\"https:\\\/\\\/diarioprincipios.com\\\/index.php\\\/2023\\\/10\\\/11\\\/mercado-vecino-sigue-ampliando-su-red-de-productores\\\/\"},\"wordCount\":211,\"commentCount\":0,\"publisher\":{\"@id\":\"https:\\\/\\\/diarioprincipios.com\\\/#organization\"},\"image\":{\"@id\":\"https:\\\/\\\/diarioprincipios.com\\\/index.php\\\/2023\\\/10\\\/11\\\/mercado-vecino-sigue-ampliando-su-red-de-productores\\\/#primaryimage\"},\"thumbnailUrl\":\"https:\\\/\\\/diarioprincipios.com\\\/wp-content\\\/uploads\\\/2023\\\/10\\\/MERCADO-VECINO-SIGUE-AMPLIANDO-SU-RED-DE-PRODUCTORES-BERAZATEGUENSES-2.jpg\",\"articleSection\":[\"Berazategui\"],\"inLanguage\":\"es\",\"potentialAction\":[{\"@type\":\"CommentAction\",\"name\":\"Comment\",\"target\":[\"https:\\\/\\\/diarioprincipios.com\\\/index.php\\\/2023\\\/10\\\/11\\\/mercado-vecino-sigue-ampliando-su-red-de-productores\\\/#respond\"]}]},{\"@type\":\"WebPage\",\"@id\":\"https:\\\/\\\/diarioprincipios.com\\\/index.php\\\/2023\\\/10\\\/11\\\/mercado-vecino-sigue-ampliando-su-red-de-productores\\\/\",\"url\":\"https:\\\/\\\/diarioprincipios.com\\\/index.php\\\/2023\\\/10\\\/11\\\/mercado-vecino-sigue-ampliando-su-red-de-productores\\\/\",\"name\":\"Mercado Vecino sigue ampliando su red de productores - Principios\",\"isPartOf\":{\"@id\":\"https:\\\/\\\/diarioprincipios.com\\\/#website\"},\"primaryImageOfPage\":{\"@id\":\"https:\\\/\\\/diarioprincipios.com\\\/index.php\\\/2023\\\/10\\\/11\\\/mercado-vecino-sigue-ampliando-su-red-de-productores\\\/#primaryimage\"},\"image\":{\"@id\":\"https:\\\/\\\/diarioprincipios.com\\\/index.php\\\/2023\\\/10\\\/11\\\/mercado-vecino-sigue-ampliando-su-red-de-productores\\\/#primaryimage\"},\"thumbnailUrl\":\"https:\\\/\\\/diarioprincipios.com\\\/wp-content\\\/uploads\\\/2023\\\/10\\\/MERCADO-VECINO-SIGUE-AMPLIANDO-SU-RED-DE-PRODUCTORES-BERAZATEGUENSES-2.jpg\",\"datePublished\":\"2023-10-11T21:21:36+00:00\",\"dateModified\":\"2023-10-29T17:47:23+00:00\",\"breadcrumb\":{\"@id\":\"https:\\\/\\\/diarioprincipios.com\\\/index.php\\\/2023\\\/10\\\/11\\\/mercado-vecino-sigue-ampliando-su-red-de-productores\\\/#breadcrumb\"},\"inLanguage\":\"es\",\"potentialAction\":[{\"@type\":\"ReadAction\",\"target\":[\"https:\\\/\\\/diarioprincipios.com\\\/index.php\\\/2023\\\/10\\\/11\\\/mercado-vecino-sigue-ampliando-su-red-de-productores\\\/\"]}]},{\"@type\":\"ImageObject\",\"inLanguage\":\"es\",\"@id\":\"https:\\\/\\\/diarioprincipios.com\\\/index.php\\\/2023\\\/10\\\/11\\\/mercado-vecino-sigue-ampliando-su-red-de-productores\\\/#primaryimage\",\"url\":\"https:\\\/\\\/diarioprincipios.com\\\/wp-content\\\/uploads\\\/2023\\\/10\\\/MERCADO-VECINO-SIGUE-AMPLIANDO-SU-RED-DE-PRODUCTORES-BERAZATEGUENSES-2.jpg\",\"contentUrl\":\"https:\\\/\\\/diarioprincipios.com\\\/wp-content\\\/uploads\\\/2023\\\/10\\\/MERCADO-VECINO-SIGUE-AMPLIANDO-SU-RED-DE-PRODUCTORES-BERAZATEGUENSES-2.jpg\",\"width\":1920,\"height\":1280},{\"@type\":\"BreadcrumbList\",\"@id\":\"https:\\\/\\\/diarioprincipios.com\\\/index.php\\\/2023\\\/10\\\/11\\\/mercado-vecino-sigue-ampliando-su-red-de-productores\\\/#breadcrumb\",\"itemListElement\":[{\"@type\":\"ListItem\",\"position\":1,\"name\":\"Portada\",\"item\":\"https:\\\/\\\/diarioprincipios.com\\\/\"},{\"@type\":\"ListItem\",\"position\":2,\"name\":\"Mercado Vecino sigue ampliando su red de productores\"}]},{\"@type\":\"WebSite\",\"@id\":\"https:\\\/\\\/diarioprincipios.com\\\/#website\",\"url\":\"https:\\\/\\\/diarioprincipios.com\\\/\",\"name\":\"Principios\",\"description\":\"Principios Diario\",\"publisher\":{\"@id\":\"https:\\\/\\\/diarioprincipios.com\\\/#organization\"},\"potentialAction\":[{\"@type\":\"SearchAction\",\"target\":{\"@type\":\"EntryPoint\",\"urlTemplate\":\"https:\\\/\\\/diarioprincipios.com\\\/?s={search_term_string}\"},\"query-input\":{\"@type\":\"PropertyValueSpecification\",\"valueRequired\":true,\"valueName\":\"search_term_string\"}}],\"inLanguage\":\"es\"},{\"@type\":\"Organization\",\"@id\":\"https:\\\/\\\/diarioprincipios.com\\\/#organization\",\"name\":\"Principios\",\"url\":\"https:\\\/\\\/diarioprincipios.com\\\/\",\"logo\":{\"@type\":\"ImageObject\",\"inLanguage\":\"es\",\"@id\":\"https:\\\/\\\/diarioprincipios.com\\\/#\\\/schema\\\/logo\\\/image\\\/\",\"url\":\"https:\\\/\\\/diarioprincipios.com\\\/wp-content\\\/uploads\\\/2024\\\/04\\\/cropped-www.diarioprincipios.com_-1.png\",\"contentUrl\":\"https:\\\/\\\/diarioprincipios.com\\\/wp-content\\\/uploads\\\/2024\\\/04\\\/cropped-www.diarioprincipios.com_-1.png\",\"width\":5325,\"height\":1454,\"caption\":\"Principios\"},\"image\":{\"@id\":\"https:\\\/\\\/diarioprincipios.com\\\/#\\\/schema\\\/logo\\\/image\\\/\"}},{\"@type\":\"Person\",\"@id\":\"https:\\\/\\\/diarioprincipios.com\\\/#\\\/schema\\\/person\\\/436d5a1fd41a5e250e23ff5a6a7cb080\",\"name\":\"Hern\u00e1n L\u00f3pez\",\"image\":{\"@type\":\"ImageObject\",\"inLanguage\":\"es\",\"@id\":\"https:\\\/\\\/diarioprincipios.com\\\/wp-content\\\/litespeed\\\/avatar\\\/11ddfe5610ff3bd100522525b2571f48.jpg?ver=1777048341\",\"url\":\"https:\\\/\\\/diarioprincipios.com\\\/wp-content\\\/litespeed\\\/avatar\\\/11ddfe5610ff3bd100522525b2571f48.jpg?ver=1777048341\",\"contentUrl\":\"https:\\\/\\\/diarioprincipios.com\\\/wp-content\\\/litespeed\\\/avatar\\\/11ddfe5610ff3bd100522525b2571f48.jpg?ver=1777048341\",\"caption\":\"Hern\u00e1n L\u00f3pez\"},\"url\":\"https:\\\/\\\/diarioprincipios.com\\\/index.php\\\/author\\\/hernan\\\/\"}]}<\/script>\n<!-- \/ Yoast SEO plugin. -->","yoast_head_json":{"title":"Mercado Vecino sigue ampliando su red de productores - Principios","robots":{"index":"index","follow":"follow","max-snippet":"max-snippet:-1","max-image-preview":"max-image-preview:large","max-video-preview":"max-video-preview:-1"},"canonical":"https:\/\/diarioprincipios.com\/index.php\/2023\/10\/11\/mercado-vecino-sigue-ampliando-su-red-de-productores\/","og_locale":"es_ES","og_type":"article","og_title":"Mercado Vecino sigue ampliando su red de productores - Principios","og_description":"Se sum\u00f3 una nueva cooperativa de trabajo a Mercado Vecino, la Feria Itinerante de Berazategui. Se trata de Gran Buenos Aires, un grupo de productores agr\u00edcolas con base en las localidades de Hudson y Villa Espa\u00f1a. Al respecto, Nahuel Pineda -presidente de la Cooperativa- indic\u00f3: \u201cNos sumamos hace un mes aproximadamente. Estamos trabajando fuertemente. Le...","og_url":"https:\/\/diarioprincipios.com\/index.php\/2023\/10\/11\/mercado-vecino-sigue-ampliando-su-red-de-productores\/","og_site_name":"Principios","article_published_time":"2023-10-11T21:21:36+00:00","article_modified_time":"2023-10-29T17:47:23+00:00","og_image":[{"width":1920,"height":1280,"url":"https:\/\/diarioprincipios.com\/wp-content\/uploads\/2023\/10\/MERCADO-VECINO-SIGUE-AMPLIANDO-SU-RED-DE-PRODUCTORES-BERAZATEGUENSES-2.jpg","type":"image\/jpeg"}],"author":"Hern\u00e1n L\u00f3pez","twitter_card":"summary_large_image","twitter_misc":{"Escrito por":"Hern\u00e1n L\u00f3pez","Tiempo de lectura":"2 minutos"},"schema":{"@context":"https:\/\/schema.org","@graph":[{"@type":"Article","@id":"https:\/\/diarioprincipios.com\/index.php\/2023\/10\/11\/mercado-vecino-sigue-ampliando-su-red-de-productores\/#article","isPartOf":{"@id":"https:\/\/diarioprincipios.com\/index.php\/2023\/10\/11\/mercado-vecino-sigue-ampliando-su-red-de-productores\/"},"author":{"name":"Hern\u00e1n L\u00f3pez","@id":"https:\/\/diarioprincipios.com\/#\/schema\/person\/436d5a1fd41a5e250e23ff5a6a7cb080"},"headline":"Mercado Vecino sigue ampliando su red de productores","datePublished":"2023-10-11T21:21:36+00:00","dateModified":"2023-10-29T17:47:23+00:00","mainEntityOfPage":{"@id":"https:\/\/diarioprincipios.com\/index.php\/2023\/10\/11\/mercado-vecino-sigue-ampliando-su-red-de-productores\/"},"wordCount":211,"commentCount":0,"publisher":{"@id":"https:\/\/diarioprincipios.com\/#organization"},"image":{"@id":"https:\/\/diarioprincipios.com\/index.php\/2023\/10\/11\/mercado-vecino-sigue-ampliando-su-red-de-productores\/#primaryimage"},"thumbnailUrl":"https:\/\/diarioprincipios.com\/wp-content\/uploads\/2023\/10\/MERCADO-VECINO-SIGUE-AMPLIANDO-SU-RED-DE-PRODUCTORES-BERAZATEGUENSES-2.jpg","articleSection":["Berazategui"],"inLanguage":"es","potentialAction":[{"@type":"CommentAction","name":"Comment","target":["https:\/\/diarioprincipios.com\/index.php\/2023\/10\/11\/mercado-vecino-sigue-ampliando-su-red-de-productores\/#respond"]}]},{"@type":"WebPage","@id":"https:\/\/diarioprincipios.com\/index.php\/2023\/10\/11\/mercado-vecino-sigue-ampliando-su-red-de-productores\/","url":"https:\/\/diarioprincipios.com\/index.php\/2023\/10\/11\/mercado-vecino-sigue-ampliando-su-red-de-productores\/","name":"Mercado Vecino sigue ampliando su red de productores - Principios","isPartOf":{"@id":"https:\/\/diarioprincipios.com\/#website"},"primaryImageOfPage":{"@id":"https:\/\/diarioprincipios.com\/index.php\/2023\/10\/11\/mercado-vecino-sigue-ampliando-su-red-de-productores\/#primaryimage"},"image":{"@id":"https:\/\/diarioprincipios.com\/index.php\/2023\/10\/11\/mercado-vecino-sigue-ampliando-su-red-de-productores\/#primaryimage"},"thumbnailUrl":"https:\/\/diarioprincipios.com\/wp-content\/uploads\/2023\/10\/MERCADO-VECINO-SIGUE-AMPLIANDO-SU-RED-DE-PRODUCTORES-BERAZATEGUENSES-2.jpg","datePublished":"2023-10-11T21:21:36+00:00","dateModified":"2023-10-29T17:47:23+00:00","breadcrumb":{"@id":"https:\/\/diarioprincipios.com\/index.php\/2023\/10\/11\/mercado-vecino-sigue-ampliando-su-red-de-productores\/#breadcrumb"},"inLanguage":"es","potentialAction":[{"@type":"ReadAction","target":["https:\/\/diarioprincipios.com\/index.php\/2023\/10\/11\/mercado-vecino-sigue-ampliando-su-red-de-productores\/"]}]},{"@type":"ImageObject","inLanguage":"es","@id":"https:\/\/diarioprincipios.com\/index.php\/2023\/10\/11\/mercado-vecino-sigue-ampliando-su-red-de-productores\/#primaryimage","url":"https:\/\/diarioprincipios.com\/wp-content\/uploads\/2023\/10\/MERCADO-VECINO-SIGUE-AMPLIANDO-SU-RED-DE-PRODUCTORES-BERAZATEGUENSES-2.jpg","contentUrl":"https:\/\/diarioprincipios.com\/wp-content\/uploads\/2023\/10\/MERCADO-VECINO-SIGUE-AMPLIANDO-SU-RED-DE-PRODUCTORES-BERAZATEGUENSES-2.jpg","width":1920,"height":1280},{"@type":"BreadcrumbList","@id":"https:\/\/diarioprincipios.com\/index.php\/2023\/10\/11\/mercado-vecino-sigue-ampliando-su-red-de-productores\/#breadcrumb","itemListElement":[{"@type":"ListItem","position":1,"name":"Portada","item":"https:\/\/diarioprincipios.com\/"},{"@type":"ListItem","position":2,"name":"Mercado Vecino sigue ampliando su red de productores"}]},{"@type":"WebSite","@id":"https:\/\/diarioprincipios.com\/#website","url":"https:\/\/diarioprincipios.com\/","name":"Principios","description":"Principios Diario","publisher":{"@id":"https:\/\/diarioprincipios.com\/#organization"},"potentialAction":[{"@type":"SearchAction","target":{"@type":"EntryPoint","urlTemplate":"https:\/\/diarioprincipios.com\/?s={search_term_string}"},"query-input":{"@type":"PropertyValueSpecification","valueRequired":true,"valueName":"search_term_string"}}],"inLanguage":"es"},{"@type":"Organization","@id":"https:\/\/diarioprincipios.com\/#organization","name":"Principios","url":"https:\/\/diarioprincipios.com\/","logo":{"@type":"ImageObject","inLanguage":"es","@id":"https:\/\/diarioprincipios.com\/#\/schema\/logo\/image\/","url":"https:\/\/diarioprincipios.com\/wp-content\/uploads\/2024\/04\/cropped-www.diarioprincipios.com_-1.png","contentUrl":"https:\/\/diarioprincipios.com\/wp-content\/uploads\/2024\/04\/cropped-www.diarioprincipios.com_-1.png","width":5325,"height":1454,"caption":"Principios"},"image":{"@id":"https:\/\/diarioprincipios.com\/#\/schema\/logo\/image\/"}},{"@type":"Person","@id":"https:\/\/diarioprincipios.com\/#\/schema\/person\/436d5a1fd41a5e250e23ff5a6a7cb080","name":"Hern\u00e1n L\u00f3pez","image":{"@type":"ImageObject","inLanguage":"es","@id":"https:\/\/diarioprincipios.com\/wp-content\/litespeed\/avatar\/11ddfe5610ff3bd100522525b2571f48.jpg?ver=1777048341","url":"https:\/\/diarioprincipios.com\/wp-content\/litespeed\/avatar\/11ddfe5610ff3bd100522525b2571f48.jpg?ver=1777048341","contentUrl":"https:\/\/diarioprincipios.com\/wp-content\/litespeed\/avatar\/11ddfe5610ff3bd100522525b2571f48.jpg?ver=1777048341","caption":"Hern\u00e1n L\u00f3pez"},"url":"https:\/\/diarioprincipios.com\/index.php\/author\/hernan\/"}]}},"jetpack_featured_media_url":"https:\/\/diarioprincipios.com\/wp-content\/uploads\/2023\/10\/MERCADO-VECINO-SIGUE-AMPLIANDO-SU-RED-DE-PRODUCTORES-BERAZATEGUENSES-2.jpg","_links":{"self":[{"href":"https:\/\/diarioprincipios.com\/index.php\/wp-json\/wp\/v2\/posts\/19239","targetHints":{"allow":["GET"]}}],"collection":[{"href":"https:\/\/diarioprincipios.com\/index.php\/wp-json\/wp\/v2\/posts"}],"about":[{"href":"https:\/\/diarioprincipios.com\/index.php\/wp-json\/wp\/v2\/types\/post"}],"author":[{"embeddable":true,"href":"https:\/\/diarioprincipios.com\/index.php\/wp-json\/wp\/v2\/users\/2"}],"replies":[{"embeddable":true,"href":"https:\/\/diarioprincipios.com\/index.php\/wp-json\/wp\/v2\/comments?post=19239"}],"version-history":[{"count":1,"href":"https:\/\/diarioprincipios.com\/index.php\/wp-json\/wp\/v2\/posts\/19239\/revisions"}],"predecessor-version":[{"id":19242,"href":"https:\/\/diarioprincipios.com\/index.php\/wp-json\/wp\/v2\/posts\/19239\/revisions\/19242"}],"wp:featuredmedia":[{"embeddable":true,"href":"https:\/\/diarioprincipios.com\/index.php\/wp-json\/wp\/v2\/media\/19241"}],"wp:attachment":[{"href":"https:\/\/diarioprincipios.com\/index.php\/wp-json\/wp\/v2\/media?parent=19239"}],"wp:term":[{"taxonomy":"category","embeddable":true,"href":"https:\/\/diarioprincipios.com\/index.php\/wp-json\/wp\/v2\/categories?post=19239"},{"taxonomy":"post_tag","embeddable":true,"href":"https:\/\/diarioprincipios.com\/index.php\/wp-json\/wp\/v2\/tags?post=19239"}],"curies":[{"name":"wp","href":"https:\/\/api.w.org\/{rel}","templated":true}]}}