{"id":1923,"date":"2020-05-21T09:28:19","date_gmt":"2020-05-21T12:28:19","guid":{"rendered":"http:\/\/diarioprincipios.com\/?p=1923"},"modified":"2020-05-21T09:28:21","modified_gmt":"2020-05-21T12:28:21","slug":"mexico-registra-record-diario-de-424-muertes-por-coronavirus","status":"publish","type":"post","link":"https:\/\/diarioprincipios.com\/index.php\/2020\/05\/21\/mexico-registra-record-diario-de-424-muertes-por-coronavirus\/","title":{"rendered":"M\u00e9xico registra r\u00e9cord diario de 424 muertes por coronavirus"},"content":{"rendered":"\n<p>M\u00e9xico registr\u00f3 un r\u00e9cord diario de 424 muertes por el nuevo coronvirus y m\u00e1s de 2.000 nuevos casos por s\u00e9ptimo d\u00eda seguido, informaron autoridades sanitarias, en medio de un brote que no cede y que amenaza planes del gobierno de reabrir la econom\u00eda.<\/p>\n\n\n\n<p>M\u00e9xico, el segundo pa\u00eds de Am\u00e9rica Latina en muertes por coronavirus detr\u00e1s de Brasil y el tercero en total de casos tras Brasil y Per\u00fa, suma ya 6.090 fallecimientos por el virus y 56.594 contagios confirmados, seg\u00fan el recuento oficial.<\/p>\n\n\n\n<p>En declaraciones a periodistas al dar el parte diario del avance de la enfermedad, el director de Epidemiolog\u00eda, Jos\u00e9 Luis Alom\u00eda, dijo anoche que 424 personas murieron con diagn\u00f3stico confirmado de Covid-19 en el pa\u00eds en las 24 horas previas.<\/p>\n\n\n\n<p>El n\u00famero de muertos en esa jornada es la mayor para un d\u00eda desde el inicio del brote local de coronavirus, el 28 de febrero, y representa un incremento de 7,48% respecto al total de muertes notificado el d\u00eda anterior.<\/p>\n\n\n\n<p>Adicionalmente, en el pa\u00eds existen 726 defunciones sospechosas que est\u00e1n a la espera de concluir el protocolo de laboratorio que confirme la causa de su muerte, dijo Alom\u00eda, citado por la agencia de noticias EFE.<\/p>\n\n\n\n<p>En la presentaci\u00f3n del informe en el Palacio Nacional, el experto destac\u00f3 que el pa\u00eds super\u00f3 por s\u00e9ptimo d\u00eda consecutivo los dos millares de casos con los 2.248 de la jornada, que suponen un aumento del 4,1% comparados con los del d\u00eda anterior.<\/p>\n\n\n\n<p>El incremento se debe principalmente a que varios de los estados del pa\u00eds han iniciado \u00abla subida de la curva epid\u00e9mica\u00bb, por lo que no se descarta que se registran cifras parecidas en los pr\u00f3ximos d\u00eda, se\u00f1al\u00f3 Alom\u00eda.<\/p>\n\n\n\n<p>La ocupaci\u00f3n hospitalaria en el pa\u00eds lleg\u00f3 d\u00eda al 39% de las camas generales y de un 32% del total de camas de terapia intensiva para pacientes en estado de gravedad que hace necesaria su intubaci\u00f3n, agreg\u00f3.<\/p>\n\n\n\n<p>La Ciudad de M\u00e9xico registra una ocupaci\u00f3n del 78% de este tipo de camas, seguido por el estado de Guerrero que tiene ocupadas alrededor del 60% de las camas de terapia intensiva.<\/p>\n\n\n\n<p>M\u00e9xico comenz\u00f3 el 18 de mayo un plan de reactivaci\u00f3n econ\u00f3mica mediante un programa piloto que permitir\u00e1 que m\u00e1s de 300 municipios sin contagios puedan tomar medidas para reanudar actividades en algunos sectores de la econom\u00eda.<\/p>\n\n\n\n<p>El pa\u00eds se mantendr\u00e1 hasta el 30 de mayo en las fase de m\u00e1ximos contagios que suponen medidas de confinamiento, suspensi\u00f3n de actividades escolares y sociales, y desde el 1 de junio reiniciar\u00e1, de manera escalonada, el regreso a otras actividades, incluyendo la miner\u00eda y la construcci\u00f3n.<\/p>\n","protected":false},"excerpt":{"rendered":"<p>M\u00e9xico registr\u00f3 un r\u00e9cord diario de 424 muertes por el nuevo coronvirus y m\u00e1s de 2.000 nuevos casos por s\u00e9ptimo d\u00eda seguido, informaron autoridades sanitarias, en medio de un brote que no cede y que amenaza planes del gobierno de reabrir la econom\u00eda. M\u00e9xico, el segundo pa\u00eds de Am\u00e9rica Latina en muertes por coronavirus detr\u00e1s&#8230;<\/p>\n","protected":false},"author":2,"featured_media":1924,"comment_status":"open","ping_status":"open","sticky":false,"template":"","format":"standard","meta":{"footnotes":""},"categories":[1],"tags":[],"class_list":["post-1923","post","type-post","status-publish","format-standard","has-post-thumbnail","hentry","category-uncategorized"],"featured_image_src":"https:\/\/diarioprincipios.com\/wp-content\/uploads\/2020\/05\/15896327877912.png","blog_images":{"medium":"https:\/\/diarioprincipios.com\/wp-content\/uploads\/2020\/05\/15896327877912-300x169.png","large":"https:\/\/diarioprincipios.com\/wp-content\/uploads\/2020\/05\/15896327877912.png"},"ams_acf":[],"yoast_head":"<!-- This site is optimized with the Yoast SEO plugin v27.3 - https:\/\/yoast.com\/product\/yoast-seo-wordpress\/ -->\n<title>M\u00e9xico registra r\u00e9cord diario de 424 muertes por coronavirus - Principios<\/title>\n<meta name=\"robots\" content=\"index, follow, max-snippet:-1, max-image-preview:large, max-video-preview:-1\" \/>\n<link rel=\"canonical\" href=\"https:\/\/diarioprincipios.com\/index.php\/2020\/05\/21\/mexico-registra-record-diario-de-424-muertes-por-coronavirus\/\" \/>\n<meta property=\"og:locale\" content=\"es_ES\" \/>\n<meta property=\"og:type\" content=\"article\" \/>\n<meta property=\"og:title\" content=\"M\u00e9xico registra r\u00e9cord diario de 424 muertes por coronavirus - Principios\" \/>\n<meta property=\"og:description\" content=\"M\u00e9xico registr\u00f3 un r\u00e9cord diario de 424 muertes por el nuevo coronvirus y m\u00e1s de 2.000 nuevos casos por s\u00e9ptimo d\u00eda seguido, informaron autoridades sanitarias, en medio de un brote que no cede y que amenaza planes del gobierno de reabrir la econom\u00eda. M\u00e9xico, el segundo pa\u00eds de Am\u00e9rica Latina en muertes por coronavirus detr\u00e1s...\" \/>\n<meta property=\"og:url\" content=\"https:\/\/diarioprincipios.com\/index.php\/2020\/05\/21\/mexico-registra-record-diario-de-424-muertes-por-coronavirus\/\" \/>\n<meta property=\"og:site_name\" content=\"Principios\" \/>\n<meta property=\"article:published_time\" content=\"2020-05-21T12:28:19+00:00\" \/>\n<meta property=\"article:modified_time\" content=\"2020-05-21T12:28:21+00:00\" \/>\n<meta property=\"og:image\" content=\"https:\/\/diarioprincipios.com\/wp-content\/uploads\/2020\/05\/15896327877912.png\" \/>\n\t<meta property=\"og:image:width\" content=\"660\" \/>\n\t<meta property=\"og:image:height\" content=\"371\" \/>\n\t<meta property=\"og:image:type\" content=\"image\/png\" \/>\n<meta name=\"author\" content=\"Hern\u00e1n L\u00f3pez\" \/>\n<meta name=\"twitter:card\" content=\"summary_large_image\" \/>\n<meta name=\"twitter:label1\" content=\"Escrito por\" \/>\n\t<meta name=\"twitter:data1\" content=\"Hern\u00e1n L\u00f3pez\" \/>\n\t<meta name=\"twitter:label2\" content=\"Tiempo de lectura\" \/>\n\t<meta name=\"twitter:data2\" content=\"2 minutos\" \/>\n<script type=\"application\/ld+json\" class=\"yoast-schema-graph\">{\"@context\":\"https:\\\/\\\/schema.org\",\"@graph\":[{\"@type\":\"Article\",\"@id\":\"https:\\\/\\\/diarioprincipios.com\\\/index.php\\\/2020\\\/05\\\/21\\\/mexico-registra-record-diario-de-424-muertes-por-coronavirus\\\/#article\",\"isPartOf\":{\"@id\":\"https:\\\/\\\/diarioprincipios.com\\\/index.php\\\/2020\\\/05\\\/21\\\/mexico-registra-record-diario-de-424-muertes-por-coronavirus\\\/\"},\"author\":{\"name\":\"Hern\u00e1n L\u00f3pez\",\"@id\":\"https:\\\/\\\/diarioprincipios.com\\\/#\\\/schema\\\/person\\\/436d5a1fd41a5e250e23ff5a6a7cb080\"},\"headline\":\"M\u00e9xico registra r\u00e9cord diario de 424 muertes por coronavirus\",\"datePublished\":\"2020-05-21T12:28:19+00:00\",\"dateModified\":\"2020-05-21T12:28:21+00:00\",\"mainEntityOfPage\":{\"@id\":\"https:\\\/\\\/diarioprincipios.com\\\/index.php\\\/2020\\\/05\\\/21\\\/mexico-registra-record-diario-de-424-muertes-por-coronavirus\\\/\"},\"wordCount\":470,\"commentCount\":0,\"publisher\":{\"@id\":\"https:\\\/\\\/diarioprincipios.com\\\/#organization\"},\"image\":{\"@id\":\"https:\\\/\\\/diarioprincipios.com\\\/index.php\\\/2020\\\/05\\\/21\\\/mexico-registra-record-diario-de-424-muertes-por-coronavirus\\\/#primaryimage\"},\"thumbnailUrl\":\"https:\\\/\\\/diarioprincipios.com\\\/wp-content\\\/uploads\\\/2020\\\/05\\\/15896327877912.png\",\"articleSection\":[\"Uncategorized\"],\"inLanguage\":\"es\",\"potentialAction\":[{\"@type\":\"CommentAction\",\"name\":\"Comment\",\"target\":[\"https:\\\/\\\/diarioprincipios.com\\\/index.php\\\/2020\\\/05\\\/21\\\/mexico-registra-record-diario-de-424-muertes-por-coronavirus\\\/#respond\"]}]},{\"@type\":\"WebPage\",\"@id\":\"https:\\\/\\\/diarioprincipios.com\\\/index.php\\\/2020\\\/05\\\/21\\\/mexico-registra-record-diario-de-424-muertes-por-coronavirus\\\/\",\"url\":\"https:\\\/\\\/diarioprincipios.com\\\/index.php\\\/2020\\\/05\\\/21\\\/mexico-registra-record-diario-de-424-muertes-por-coronavirus\\\/\",\"name\":\"M\u00e9xico registra r\u00e9cord diario de 424 muertes por coronavirus - Principios\",\"isPartOf\":{\"@id\":\"https:\\\/\\\/diarioprincipios.com\\\/#website\"},\"primaryImageOfPage\":{\"@id\":\"https:\\\/\\\/diarioprincipios.com\\\/index.php\\\/2020\\\/05\\\/21\\\/mexico-registra-record-diario-de-424-muertes-por-coronavirus\\\/#primaryimage\"},\"image\":{\"@id\":\"https:\\\/\\\/diarioprincipios.com\\\/index.php\\\/2020\\\/05\\\/21\\\/mexico-registra-record-diario-de-424-muertes-por-coronavirus\\\/#primaryimage\"},\"thumbnailUrl\":\"https:\\\/\\\/diarioprincipios.com\\\/wp-content\\\/uploads\\\/2020\\\/05\\\/15896327877912.png\",\"datePublished\":\"2020-05-21T12:28:19+00:00\",\"dateModified\":\"2020-05-21T12:28:21+00:00\",\"breadcrumb\":{\"@id\":\"https:\\\/\\\/diarioprincipios.com\\\/index.php\\\/2020\\\/05\\\/21\\\/mexico-registra-record-diario-de-424-muertes-por-coronavirus\\\/#breadcrumb\"},\"inLanguage\":\"es\",\"potentialAction\":[{\"@type\":\"ReadAction\",\"target\":[\"https:\\\/\\\/diarioprincipios.com\\\/index.php\\\/2020\\\/05\\\/21\\\/mexico-registra-record-diario-de-424-muertes-por-coronavirus\\\/\"]}]},{\"@type\":\"ImageObject\",\"inLanguage\":\"es\",\"@id\":\"https:\\\/\\\/diarioprincipios.com\\\/index.php\\\/2020\\\/05\\\/21\\\/mexico-registra-record-diario-de-424-muertes-por-coronavirus\\\/#primaryimage\",\"url\":\"https:\\\/\\\/diarioprincipios.com\\\/wp-content\\\/uploads\\\/2020\\\/05\\\/15896327877912.png\",\"contentUrl\":\"https:\\\/\\\/diarioprincipios.com\\\/wp-content\\\/uploads\\\/2020\\\/05\\\/15896327877912.png\",\"width\":660,\"height\":371},{\"@type\":\"BreadcrumbList\",\"@id\":\"https:\\\/\\\/diarioprincipios.com\\\/index.php\\\/2020\\\/05\\\/21\\\/mexico-registra-record-diario-de-424-muertes-por-coronavirus\\\/#breadcrumb\",\"itemListElement\":[{\"@type\":\"ListItem\",\"position\":1,\"name\":\"Portada\",\"item\":\"https:\\\/\\\/diarioprincipios.com\\\/\"},{\"@type\":\"ListItem\",\"position\":2,\"name\":\"M\u00e9xico registra r\u00e9cord diario de 424 muertes por coronavirus\"}]},{\"@type\":\"WebSite\",\"@id\":\"https:\\\/\\\/diarioprincipios.com\\\/#website\",\"url\":\"https:\\\/\\\/diarioprincipios.com\\\/\",\"name\":\"Principios\",\"description\":\"Principios Diario\",\"publisher\":{\"@id\":\"https:\\\/\\\/diarioprincipios.com\\\/#organization\"},\"potentialAction\":[{\"@type\":\"SearchAction\",\"target\":{\"@type\":\"EntryPoint\",\"urlTemplate\":\"https:\\\/\\\/diarioprincipios.com\\\/?s={search_term_string}\"},\"query-input\":{\"@type\":\"PropertyValueSpecification\",\"valueRequired\":true,\"valueName\":\"search_term_string\"}}],\"inLanguage\":\"es\"},{\"@type\":\"Organization\",\"@id\":\"https:\\\/\\\/diarioprincipios.com\\\/#organization\",\"name\":\"Principios\",\"url\":\"https:\\\/\\\/diarioprincipios.com\\\/\",\"logo\":{\"@type\":\"ImageObject\",\"inLanguage\":\"es\",\"@id\":\"https:\\\/\\\/diarioprincipios.com\\\/#\\\/schema\\\/logo\\\/image\\\/\",\"url\":\"https:\\\/\\\/diarioprincipios.com\\\/wp-content\\\/uploads\\\/2024\\\/04\\\/cropped-www.diarioprincipios.com_-1.png\",\"contentUrl\":\"https:\\\/\\\/diarioprincipios.com\\\/wp-content\\\/uploads\\\/2024\\\/04\\\/cropped-www.diarioprincipios.com_-1.png\",\"width\":5325,\"height\":1454,\"caption\":\"Principios\"},\"image\":{\"@id\":\"https:\\\/\\\/diarioprincipios.com\\\/#\\\/schema\\\/logo\\\/image\\\/\"}},{\"@type\":\"Person\",\"@id\":\"https:\\\/\\\/diarioprincipios.com\\\/#\\\/schema\\\/person\\\/436d5a1fd41a5e250e23ff5a6a7cb080\",\"name\":\"Hern\u00e1n L\u00f3pez\",\"image\":{\"@type\":\"ImageObject\",\"inLanguage\":\"es\",\"@id\":\"https:\\\/\\\/diarioprincipios.com\\\/wp-content\\\/litespeed\\\/avatar\\\/11ddfe5610ff3bd100522525b2571f48.jpg?ver=1777048341\",\"url\":\"https:\\\/\\\/diarioprincipios.com\\\/wp-content\\\/litespeed\\\/avatar\\\/11ddfe5610ff3bd100522525b2571f48.jpg?ver=1777048341\",\"contentUrl\":\"https:\\\/\\\/diarioprincipios.com\\\/wp-content\\\/litespeed\\\/avatar\\\/11ddfe5610ff3bd100522525b2571f48.jpg?ver=1777048341\",\"caption\":\"Hern\u00e1n L\u00f3pez\"},\"url\":\"https:\\\/\\\/diarioprincipios.com\\\/index.php\\\/author\\\/hernan\\\/\"}]}<\/script>\n<!-- \/ Yoast SEO plugin. -->","yoast_head_json":{"title":"M\u00e9xico registra r\u00e9cord diario de 424 muertes por coronavirus - Principios","robots":{"index":"index","follow":"follow","max-snippet":"max-snippet:-1","max-image-preview":"max-image-preview:large","max-video-preview":"max-video-preview:-1"},"canonical":"https:\/\/diarioprincipios.com\/index.php\/2020\/05\/21\/mexico-registra-record-diario-de-424-muertes-por-coronavirus\/","og_locale":"es_ES","og_type":"article","og_title":"M\u00e9xico registra r\u00e9cord diario de 424 muertes por coronavirus - Principios","og_description":"M\u00e9xico registr\u00f3 un r\u00e9cord diario de 424 muertes por el nuevo coronvirus y m\u00e1s de 2.000 nuevos casos por s\u00e9ptimo d\u00eda seguido, informaron autoridades sanitarias, en medio de un brote que no cede y que amenaza planes del gobierno de reabrir la econom\u00eda. M\u00e9xico, el segundo pa\u00eds de Am\u00e9rica Latina en muertes por coronavirus detr\u00e1s...","og_url":"https:\/\/diarioprincipios.com\/index.php\/2020\/05\/21\/mexico-registra-record-diario-de-424-muertes-por-coronavirus\/","og_site_name":"Principios","article_published_time":"2020-05-21T12:28:19+00:00","article_modified_time":"2020-05-21T12:28:21+00:00","og_image":[{"width":660,"height":371,"url":"https:\/\/diarioprincipios.com\/wp-content\/uploads\/2020\/05\/15896327877912.png","type":"image\/png"}],"author":"Hern\u00e1n L\u00f3pez","twitter_card":"summary_large_image","twitter_misc":{"Escrito por":"Hern\u00e1n L\u00f3pez","Tiempo de lectura":"2 minutos"},"schema":{"@context":"https:\/\/schema.org","@graph":[{"@type":"Article","@id":"https:\/\/diarioprincipios.com\/index.php\/2020\/05\/21\/mexico-registra-record-diario-de-424-muertes-por-coronavirus\/#article","isPartOf":{"@id":"https:\/\/diarioprincipios.com\/index.php\/2020\/05\/21\/mexico-registra-record-diario-de-424-muertes-por-coronavirus\/"},"author":{"name":"Hern\u00e1n L\u00f3pez","@id":"https:\/\/diarioprincipios.com\/#\/schema\/person\/436d5a1fd41a5e250e23ff5a6a7cb080"},"headline":"M\u00e9xico registra r\u00e9cord diario de 424 muertes por coronavirus","datePublished":"2020-05-21T12:28:19+00:00","dateModified":"2020-05-21T12:28:21+00:00","mainEntityOfPage":{"@id":"https:\/\/diarioprincipios.com\/index.php\/2020\/05\/21\/mexico-registra-record-diario-de-424-muertes-por-coronavirus\/"},"wordCount":470,"commentCount":0,"publisher":{"@id":"https:\/\/diarioprincipios.com\/#organization"},"image":{"@id":"https:\/\/diarioprincipios.com\/index.php\/2020\/05\/21\/mexico-registra-record-diario-de-424-muertes-por-coronavirus\/#primaryimage"},"thumbnailUrl":"https:\/\/diarioprincipios.com\/wp-content\/uploads\/2020\/05\/15896327877912.png","articleSection":["Uncategorized"],"inLanguage":"es","potentialAction":[{"@type":"CommentAction","name":"Comment","target":["https:\/\/diarioprincipios.com\/index.php\/2020\/05\/21\/mexico-registra-record-diario-de-424-muertes-por-coronavirus\/#respond"]}]},{"@type":"WebPage","@id":"https:\/\/diarioprincipios.com\/index.php\/2020\/05\/21\/mexico-registra-record-diario-de-424-muertes-por-coronavirus\/","url":"https:\/\/diarioprincipios.com\/index.php\/2020\/05\/21\/mexico-registra-record-diario-de-424-muertes-por-coronavirus\/","name":"M\u00e9xico registra r\u00e9cord diario de 424 muertes por coronavirus - Principios","isPartOf":{"@id":"https:\/\/diarioprincipios.com\/#website"},"primaryImageOfPage":{"@id":"https:\/\/diarioprincipios.com\/index.php\/2020\/05\/21\/mexico-registra-record-diario-de-424-muertes-por-coronavirus\/#primaryimage"},"image":{"@id":"https:\/\/diarioprincipios.com\/index.php\/2020\/05\/21\/mexico-registra-record-diario-de-424-muertes-por-coronavirus\/#primaryimage"},"thumbnailUrl":"https:\/\/diarioprincipios.com\/wp-content\/uploads\/2020\/05\/15896327877912.png","datePublished":"2020-05-21T12:28:19+00:00","dateModified":"2020-05-21T12:28:21+00:00","breadcrumb":{"@id":"https:\/\/diarioprincipios.com\/index.php\/2020\/05\/21\/mexico-registra-record-diario-de-424-muertes-por-coronavirus\/#breadcrumb"},"inLanguage":"es","potentialAction":[{"@type":"ReadAction","target":["https:\/\/diarioprincipios.com\/index.php\/2020\/05\/21\/mexico-registra-record-diario-de-424-muertes-por-coronavirus\/"]}]},{"@type":"ImageObject","inLanguage":"es","@id":"https:\/\/diarioprincipios.com\/index.php\/2020\/05\/21\/mexico-registra-record-diario-de-424-muertes-por-coronavirus\/#primaryimage","url":"https:\/\/diarioprincipios.com\/wp-content\/uploads\/2020\/05\/15896327877912.png","contentUrl":"https:\/\/diarioprincipios.com\/wp-content\/uploads\/2020\/05\/15896327877912.png","width":660,"height":371},{"@type":"BreadcrumbList","@id":"https:\/\/diarioprincipios.com\/index.php\/2020\/05\/21\/mexico-registra-record-diario-de-424-muertes-por-coronavirus\/#breadcrumb","itemListElement":[{"@type":"ListItem","position":1,"name":"Portada","item":"https:\/\/diarioprincipios.com\/"},{"@type":"ListItem","position":2,"name":"M\u00e9xico registra r\u00e9cord diario de 424 muertes por coronavirus"}]},{"@type":"WebSite","@id":"https:\/\/diarioprincipios.com\/#website","url":"https:\/\/diarioprincipios.com\/","name":"Principios","description":"Principios Diario","publisher":{"@id":"https:\/\/diarioprincipios.com\/#organization"},"potentialAction":[{"@type":"SearchAction","target":{"@type":"EntryPoint","urlTemplate":"https:\/\/diarioprincipios.com\/?s={search_term_string}"},"query-input":{"@type":"PropertyValueSpecification","valueRequired":true,"valueName":"search_term_string"}}],"inLanguage":"es"},{"@type":"Organization","@id":"https:\/\/diarioprincipios.com\/#organization","name":"Principios","url":"https:\/\/diarioprincipios.com\/","logo":{"@type":"ImageObject","inLanguage":"es","@id":"https:\/\/diarioprincipios.com\/#\/schema\/logo\/image\/","url":"https:\/\/diarioprincipios.com\/wp-content\/uploads\/2024\/04\/cropped-www.diarioprincipios.com_-1.png","contentUrl":"https:\/\/diarioprincipios.com\/wp-content\/uploads\/2024\/04\/cropped-www.diarioprincipios.com_-1.png","width":5325,"height":1454,"caption":"Principios"},"image":{"@id":"https:\/\/diarioprincipios.com\/#\/schema\/logo\/image\/"}},{"@type":"Person","@id":"https:\/\/diarioprincipios.com\/#\/schema\/person\/436d5a1fd41a5e250e23ff5a6a7cb080","name":"Hern\u00e1n L\u00f3pez","image":{"@type":"ImageObject","inLanguage":"es","@id":"https:\/\/diarioprincipios.com\/wp-content\/litespeed\/avatar\/11ddfe5610ff3bd100522525b2571f48.jpg?ver=1777048341","url":"https:\/\/diarioprincipios.com\/wp-content\/litespeed\/avatar\/11ddfe5610ff3bd100522525b2571f48.jpg?ver=1777048341","contentUrl":"https:\/\/diarioprincipios.com\/wp-content\/litespeed\/avatar\/11ddfe5610ff3bd100522525b2571f48.jpg?ver=1777048341","caption":"Hern\u00e1n L\u00f3pez"},"url":"https:\/\/diarioprincipios.com\/index.php\/author\/hernan\/"}]}},"jetpack_featured_media_url":"https:\/\/diarioprincipios.com\/wp-content\/uploads\/2020\/05\/15896327877912.png","_links":{"self":[{"href":"https:\/\/diarioprincipios.com\/index.php\/wp-json\/wp\/v2\/posts\/1923","targetHints":{"allow":["GET"]}}],"collection":[{"href":"https:\/\/diarioprincipios.com\/index.php\/wp-json\/wp\/v2\/posts"}],"about":[{"href":"https:\/\/diarioprincipios.com\/index.php\/wp-json\/wp\/v2\/types\/post"}],"author":[{"embeddable":true,"href":"https:\/\/diarioprincipios.com\/index.php\/wp-json\/wp\/v2\/users\/2"}],"replies":[{"embeddable":true,"href":"https:\/\/diarioprincipios.com\/index.php\/wp-json\/wp\/v2\/comments?post=1923"}],"version-history":[{"count":1,"href":"https:\/\/diarioprincipios.com\/index.php\/wp-json\/wp\/v2\/posts\/1923\/revisions"}],"predecessor-version":[{"id":1925,"href":"https:\/\/diarioprincipios.com\/index.php\/wp-json\/wp\/v2\/posts\/1923\/revisions\/1925"}],"wp:featuredmedia":[{"embeddable":true,"href":"https:\/\/diarioprincipios.com\/index.php\/wp-json\/wp\/v2\/media\/1924"}],"wp:attachment":[{"href":"https:\/\/diarioprincipios.com\/index.php\/wp-json\/wp\/v2\/media?parent=1923"}],"wp:term":[{"taxonomy":"category","embeddable":true,"href":"https:\/\/diarioprincipios.com\/index.php\/wp-json\/wp\/v2\/categories?post=1923"},{"taxonomy":"post_tag","embeddable":true,"href":"https:\/\/diarioprincipios.com\/index.php\/wp-json\/wp\/v2\/tags?post=1923"}],"curies":[{"name":"wp","href":"https:\/\/api.w.org\/{rel}","templated":true}]}}