{"id":19170,"date":"2023-10-06T13:14:45","date_gmt":"2023-10-06T16:14:45","guid":{"rendered":"http:\/\/diarioprincipios.com\/?p=19170"},"modified":"2023-10-06T13:14:47","modified_gmt":"2023-10-06T16:14:47","slug":"avellaneda-tendra-la-primera-casa-de-la-musica","status":"publish","type":"post","link":"https:\/\/diarioprincipios.com\/index.php\/2023\/10\/06\/avellaneda-tendra-la-primera-casa-de-la-musica\/","title":{"rendered":"Avellaneda tendr\u00e1 la primera Casa de la M\u00fasica\u00a0\u00a0\u00a0"},"content":{"rendered":"\n<p>A trav\u00e9s de un acuerdo entre la Fundaci\u00f3n Casa de la M\u00fasica y el Municipio, se construir\u00e1 un hogar para artistas mayores en situaci\u00f3n de vulnerabilidad.\u00a0<\/p>\n\n\n\n<p>El intendente de Avellaneda, Jorge Ferraresi y la jefa de Gabinete, Magdalena Sierra, recibieron recientemente a los artistas integrantes de la comisi\u00f3n honoraria de la Fundaci\u00f3n Casa de la M\u00fasica para oficializar la realizaci\u00f3n de la primera Casa de la M\u00fasica del pa\u00eds. Estar\u00e1 ubicada donde hoy funciona la Comisar\u00eda de la Mujer, la cual se trasladar\u00e1 a otro lugar.\u00a0<\/p>\n\n\n\n<p>Luego de recorrer juntos el predio, se trasladaron al Teatro Roma donde se llev\u00f3 a cabo el acto oficial. &nbsp;<\/p>\n\n\n\n<p>\u201cBienvenidos a&nbsp;nuestra casa, bienvenidos a Avellaneda\u00bb, salud\u00f3 el jefe comunal ante un auditorio colmado, y anticip\u00f3 que el 1 enero comenzar\u00e1n las obras. Tambi\u00e9n anunci\u00f3: \u00abVamos a hacer el auditorio para que todas las bandas de Avellaneda tengan un lugar para tocar\u00bb.&nbsp;<\/p>\n\n\n\n<p>Asimismo, tomaron la palabra los artistas. \u00abEste sue\u00f1o colectivo no se podr\u00eda dar sin la ayuda de un Estado presente\u00bb, dijo Teresa Parodi.&nbsp;<\/p>\n\n\n\n<figure class=\"wp-block-image size-large\"><img loading=\"lazy\" decoding=\"async\" width=\"1024\" height=\"681\" src=\"https:\/\/diarioprincipios.com\/wp-content\/uploads\/2023\/10\/380930346_865378208281582_4146127202009597445_n-1024x681.jpg\" alt=\"\" class=\"wp-image-19171\" srcset=\"https:\/\/diarioprincipios.com\/wp-content\/uploads\/2023\/10\/380930346_865378208281582_4146127202009597445_n-1024x681.jpg 1024w, https:\/\/diarioprincipios.com\/wp-content\/uploads\/2023\/10\/380930346_865378208281582_4146127202009597445_n-300x199.jpg 300w, https:\/\/diarioprincipios.com\/wp-content\/uploads\/2023\/10\/380930346_865378208281582_4146127202009597445_n-768x511.jpg 768w, https:\/\/diarioprincipios.com\/wp-content\/uploads\/2023\/10\/380930346_865378208281582_4146127202009597445_n.jpg 1280w\" sizes=\"auto, (max-width: 1024px) 100vw, 1024px\" \/><\/figure>\n\n\n\n<p>Mientras que, Le\u00f3n Gieco sostuvo: \u00abEstamos muy orgullosos de poder contar con esta Casa de la M\u00fasica\u00bb. Patricia Sosa tambi\u00e9n se mostr\u00f3 conmovida por el proyecto.&nbsp;<\/p>\n\n\n\n<p>Por su parte, Bruno Arias agradeci\u00f3 \u201ca todos los que trabajaron para que se logre esto, esto va ser hist\u00f3rico, seguramente van a sumarse otros pa\u00edses\u00bb.&nbsp;<\/p>\n\n\n\n<p>Asimismo, la presidenta de la Fundaci\u00f3n, Celsa Mel Gowland, expres\u00f3: \u00abNuestra profesi\u00f3n est\u00e1 muy sujeta al mercado, sin t\u00e9rmino medio. Y este proyecto viene a reparar eso, tambi\u00e9n las condiciones de cada uno\u201d.&nbsp;<\/p>\n\n\n\n<p>\u00abSin Estado presente esto nunca pudo haberse hecho, agradezco mucho a la Municipalidad de Avellaneda y a su intendente Jorge Ferraresi y tambi\u00e9n a Magdalena Sierra\u00bb, sigui\u00f3 y finaliz\u00f3: \u201cHoy la Casa de la M\u00fasica no es un sue\u00f1o es una realidad\u201d.&nbsp;<\/p>\n\n\n\n<p>Para el cierre, el p\u00fablico pudo disfrutar un show a cargo de los destacados m\u00fasicos. &nbsp;<\/p>\n\n\n\n<p>En el teatro estuvieron presentes Peteco Carabajal, Claudia Puy\u00f3, Hilda Lizarazu, Willy Quiroga, Lito Vitale, Guillermo Fern\u00e1ndez, Dora de Marinis, Oscar Mediavilla, Diego Boris; el premio Nobel argentino de la paz, Adolfo P\u00e9rez Esquivel; y el secretario de Cultura y Promoci\u00f3n de las Artes, Federico Bonaldi, entre otros.&nbsp;<\/p>\n","protected":false},"excerpt":{"rendered":"<p>A trav\u00e9s de un acuerdo entre la Fundaci\u00f3n Casa de la M\u00fasica y el Municipio, se construir\u00e1 un hogar para artistas mayores en situaci\u00f3n de vulnerabilidad.\u00a0 El intendente de Avellaneda, Jorge Ferraresi y la jefa de Gabinete, Magdalena Sierra, recibieron recientemente a los artistas integrantes de la comisi\u00f3n honoraria de la Fundaci\u00f3n Casa de la&#8230;<\/p>\n","protected":false},"author":2,"featured_media":19172,"comment_status":"open","ping_status":"open","sticky":false,"template":"","format":"standard","meta":{"footnotes":""},"categories":[5],"tags":[],"class_list":["post-19170","post","type-post","status-publish","format-standard","has-post-thumbnail","hentry","category-avellaneda"],"featured_image_src":"https:\/\/diarioprincipios.com\/wp-content\/uploads\/2023\/10\/380817856_865378361614900_1698880443298837377_n-1024x681.jpg","blog_images":{"medium":"https:\/\/diarioprincipios.com\/wp-content\/uploads\/2023\/10\/380817856_865378361614900_1698880443298837377_n-300x199.jpg","large":"https:\/\/diarioprincipios.com\/wp-content\/uploads\/2023\/10\/380817856_865378361614900_1698880443298837377_n-1024x681.jpg"},"ams_acf":[],"yoast_head":"<!-- This site is optimized with the Yoast SEO plugin v27.3 - https:\/\/yoast.com\/product\/yoast-seo-wordpress\/ -->\n<title>Avellaneda tendr\u00e1 la primera Casa de la M\u00fasica\u00a0\u00a0\u00a0 - Principios<\/title>\n<meta name=\"robots\" content=\"index, follow, max-snippet:-1, max-image-preview:large, max-video-preview:-1\" \/>\n<link rel=\"canonical\" href=\"https:\/\/diarioprincipios.com\/index.php\/2023\/10\/06\/avellaneda-tendra-la-primera-casa-de-la-musica\/\" \/>\n<meta property=\"og:locale\" content=\"es_ES\" \/>\n<meta property=\"og:type\" content=\"article\" \/>\n<meta property=\"og:title\" content=\"Avellaneda tendr\u00e1 la primera Casa de la M\u00fasica\u00a0\u00a0\u00a0 - Principios\" \/>\n<meta property=\"og:description\" content=\"A trav\u00e9s de un acuerdo entre la Fundaci\u00f3n Casa de la M\u00fasica y el Municipio, se construir\u00e1 un hogar para artistas mayores en situaci\u00f3n de vulnerabilidad.\u00a0 El intendente de Avellaneda, Jorge Ferraresi y la jefa de Gabinete, Magdalena Sierra, recibieron recientemente a los artistas integrantes de la comisi\u00f3n honoraria de la Fundaci\u00f3n Casa de la...\" \/>\n<meta property=\"og:url\" content=\"https:\/\/diarioprincipios.com\/index.php\/2023\/10\/06\/avellaneda-tendra-la-primera-casa-de-la-musica\/\" \/>\n<meta property=\"og:site_name\" content=\"Principios\" \/>\n<meta property=\"article:published_time\" content=\"2023-10-06T16:14:45+00:00\" \/>\n<meta property=\"article:modified_time\" content=\"2023-10-06T16:14:47+00:00\" \/>\n<meta property=\"og:image\" content=\"https:\/\/diarioprincipios.com\/wp-content\/uploads\/2023\/10\/380817856_865378361614900_1698880443298837377_n.jpg\" \/>\n\t<meta property=\"og:image:width\" content=\"1280\" \/>\n\t<meta property=\"og:image:height\" content=\"851\" \/>\n\t<meta property=\"og:image:type\" content=\"image\/jpeg\" \/>\n<meta name=\"author\" content=\"Hern\u00e1n L\u00f3pez\" \/>\n<meta name=\"twitter:card\" content=\"summary_large_image\" \/>\n<meta name=\"twitter:label1\" content=\"Escrito por\" \/>\n\t<meta name=\"twitter:data1\" content=\"Hern\u00e1n L\u00f3pez\" \/>\n\t<meta name=\"twitter:label2\" content=\"Tiempo de lectura\" \/>\n\t<meta name=\"twitter:data2\" content=\"2 minutos\" \/>\n<script type=\"application\/ld+json\" class=\"yoast-schema-graph\">{\"@context\":\"https:\\\/\\\/schema.org\",\"@graph\":[{\"@type\":\"Article\",\"@id\":\"https:\\\/\\\/diarioprincipios.com\\\/index.php\\\/2023\\\/10\\\/06\\\/avellaneda-tendra-la-primera-casa-de-la-musica\\\/#article\",\"isPartOf\":{\"@id\":\"https:\\\/\\\/diarioprincipios.com\\\/index.php\\\/2023\\\/10\\\/06\\\/avellaneda-tendra-la-primera-casa-de-la-musica\\\/\"},\"author\":{\"name\":\"Hern\u00e1n L\u00f3pez\",\"@id\":\"https:\\\/\\\/diarioprincipios.com\\\/#\\\/schema\\\/person\\\/436d5a1fd41a5e250e23ff5a6a7cb080\"},\"headline\":\"Avellaneda tendr\u00e1 la primera Casa de la M\u00fasica\u00a0\u00a0\u00a0\",\"datePublished\":\"2023-10-06T16:14:45+00:00\",\"dateModified\":\"2023-10-06T16:14:47+00:00\",\"mainEntityOfPage\":{\"@id\":\"https:\\\/\\\/diarioprincipios.com\\\/index.php\\\/2023\\\/10\\\/06\\\/avellaneda-tendra-la-primera-casa-de-la-musica\\\/\"},\"wordCount\":411,\"commentCount\":0,\"publisher\":{\"@id\":\"https:\\\/\\\/diarioprincipios.com\\\/#organization\"},\"image\":{\"@id\":\"https:\\\/\\\/diarioprincipios.com\\\/index.php\\\/2023\\\/10\\\/06\\\/avellaneda-tendra-la-primera-casa-de-la-musica\\\/#primaryimage\"},\"thumbnailUrl\":\"https:\\\/\\\/diarioprincipios.com\\\/wp-content\\\/uploads\\\/2023\\\/10\\\/380817856_865378361614900_1698880443298837377_n.jpg\",\"articleSection\":[\"Avellaneda\"],\"inLanguage\":\"es\",\"potentialAction\":[{\"@type\":\"CommentAction\",\"name\":\"Comment\",\"target\":[\"https:\\\/\\\/diarioprincipios.com\\\/index.php\\\/2023\\\/10\\\/06\\\/avellaneda-tendra-la-primera-casa-de-la-musica\\\/#respond\"]}]},{\"@type\":\"WebPage\",\"@id\":\"https:\\\/\\\/diarioprincipios.com\\\/index.php\\\/2023\\\/10\\\/06\\\/avellaneda-tendra-la-primera-casa-de-la-musica\\\/\",\"url\":\"https:\\\/\\\/diarioprincipios.com\\\/index.php\\\/2023\\\/10\\\/06\\\/avellaneda-tendra-la-primera-casa-de-la-musica\\\/\",\"name\":\"Avellaneda tendr\u00e1 la primera Casa de la M\u00fasica\u00a0\u00a0\u00a0 - Principios\",\"isPartOf\":{\"@id\":\"https:\\\/\\\/diarioprincipios.com\\\/#website\"},\"primaryImageOfPage\":{\"@id\":\"https:\\\/\\\/diarioprincipios.com\\\/index.php\\\/2023\\\/10\\\/06\\\/avellaneda-tendra-la-primera-casa-de-la-musica\\\/#primaryimage\"},\"image\":{\"@id\":\"https:\\\/\\\/diarioprincipios.com\\\/index.php\\\/2023\\\/10\\\/06\\\/avellaneda-tendra-la-primera-casa-de-la-musica\\\/#primaryimage\"},\"thumbnailUrl\":\"https:\\\/\\\/diarioprincipios.com\\\/wp-content\\\/uploads\\\/2023\\\/10\\\/380817856_865378361614900_1698880443298837377_n.jpg\",\"datePublished\":\"2023-10-06T16:14:45+00:00\",\"dateModified\":\"2023-10-06T16:14:47+00:00\",\"breadcrumb\":{\"@id\":\"https:\\\/\\\/diarioprincipios.com\\\/index.php\\\/2023\\\/10\\\/06\\\/avellaneda-tendra-la-primera-casa-de-la-musica\\\/#breadcrumb\"},\"inLanguage\":\"es\",\"potentialAction\":[{\"@type\":\"ReadAction\",\"target\":[\"https:\\\/\\\/diarioprincipios.com\\\/index.php\\\/2023\\\/10\\\/06\\\/avellaneda-tendra-la-primera-casa-de-la-musica\\\/\"]}]},{\"@type\":\"ImageObject\",\"inLanguage\":\"es\",\"@id\":\"https:\\\/\\\/diarioprincipios.com\\\/index.php\\\/2023\\\/10\\\/06\\\/avellaneda-tendra-la-primera-casa-de-la-musica\\\/#primaryimage\",\"url\":\"https:\\\/\\\/diarioprincipios.com\\\/wp-content\\\/uploads\\\/2023\\\/10\\\/380817856_865378361614900_1698880443298837377_n.jpg\",\"contentUrl\":\"https:\\\/\\\/diarioprincipios.com\\\/wp-content\\\/uploads\\\/2023\\\/10\\\/380817856_865378361614900_1698880443298837377_n.jpg\",\"width\":1280,\"height\":851},{\"@type\":\"BreadcrumbList\",\"@id\":\"https:\\\/\\\/diarioprincipios.com\\\/index.php\\\/2023\\\/10\\\/06\\\/avellaneda-tendra-la-primera-casa-de-la-musica\\\/#breadcrumb\",\"itemListElement\":[{\"@type\":\"ListItem\",\"position\":1,\"name\":\"Portada\",\"item\":\"https:\\\/\\\/diarioprincipios.com\\\/\"},{\"@type\":\"ListItem\",\"position\":2,\"name\":\"Avellaneda tendr\u00e1 la primera Casa de la M\u00fasica\u00a0\u00a0\u00a0\"}]},{\"@type\":\"WebSite\",\"@id\":\"https:\\\/\\\/diarioprincipios.com\\\/#website\",\"url\":\"https:\\\/\\\/diarioprincipios.com\\\/\",\"name\":\"Principios\",\"description\":\"Principios Diario\",\"publisher\":{\"@id\":\"https:\\\/\\\/diarioprincipios.com\\\/#organization\"},\"potentialAction\":[{\"@type\":\"SearchAction\",\"target\":{\"@type\":\"EntryPoint\",\"urlTemplate\":\"https:\\\/\\\/diarioprincipios.com\\\/?s={search_term_string}\"},\"query-input\":{\"@type\":\"PropertyValueSpecification\",\"valueRequired\":true,\"valueName\":\"search_term_string\"}}],\"inLanguage\":\"es\"},{\"@type\":\"Organization\",\"@id\":\"https:\\\/\\\/diarioprincipios.com\\\/#organization\",\"name\":\"Principios\",\"url\":\"https:\\\/\\\/diarioprincipios.com\\\/\",\"logo\":{\"@type\":\"ImageObject\",\"inLanguage\":\"es\",\"@id\":\"https:\\\/\\\/diarioprincipios.com\\\/#\\\/schema\\\/logo\\\/image\\\/\",\"url\":\"https:\\\/\\\/diarioprincipios.com\\\/wp-content\\\/uploads\\\/2024\\\/04\\\/cropped-www.diarioprincipios.com_-1.png\",\"contentUrl\":\"https:\\\/\\\/diarioprincipios.com\\\/wp-content\\\/uploads\\\/2024\\\/04\\\/cropped-www.diarioprincipios.com_-1.png\",\"width\":5325,\"height\":1454,\"caption\":\"Principios\"},\"image\":{\"@id\":\"https:\\\/\\\/diarioprincipios.com\\\/#\\\/schema\\\/logo\\\/image\\\/\"}},{\"@type\":\"Person\",\"@id\":\"https:\\\/\\\/diarioprincipios.com\\\/#\\\/schema\\\/person\\\/436d5a1fd41a5e250e23ff5a6a7cb080\",\"name\":\"Hern\u00e1n L\u00f3pez\",\"image\":{\"@type\":\"ImageObject\",\"inLanguage\":\"es\",\"@id\":\"https:\\\/\\\/diarioprincipios.com\\\/wp-content\\\/litespeed\\\/avatar\\\/11ddfe5610ff3bd100522525b2571f48.jpg?ver=1777048341\",\"url\":\"https:\\\/\\\/diarioprincipios.com\\\/wp-content\\\/litespeed\\\/avatar\\\/11ddfe5610ff3bd100522525b2571f48.jpg?ver=1777048341\",\"contentUrl\":\"https:\\\/\\\/diarioprincipios.com\\\/wp-content\\\/litespeed\\\/avatar\\\/11ddfe5610ff3bd100522525b2571f48.jpg?ver=1777048341\",\"caption\":\"Hern\u00e1n L\u00f3pez\"},\"url\":\"https:\\\/\\\/diarioprincipios.com\\\/index.php\\\/author\\\/hernan\\\/\"}]}<\/script>\n<!-- \/ Yoast SEO plugin. -->","yoast_head_json":{"title":"Avellaneda tendr\u00e1 la primera Casa de la M\u00fasica\u00a0\u00a0\u00a0 - Principios","robots":{"index":"index","follow":"follow","max-snippet":"max-snippet:-1","max-image-preview":"max-image-preview:large","max-video-preview":"max-video-preview:-1"},"canonical":"https:\/\/diarioprincipios.com\/index.php\/2023\/10\/06\/avellaneda-tendra-la-primera-casa-de-la-musica\/","og_locale":"es_ES","og_type":"article","og_title":"Avellaneda tendr\u00e1 la primera Casa de la M\u00fasica\u00a0\u00a0\u00a0 - Principios","og_description":"A trav\u00e9s de un acuerdo entre la Fundaci\u00f3n Casa de la M\u00fasica y el Municipio, se construir\u00e1 un hogar para artistas mayores en situaci\u00f3n de vulnerabilidad.\u00a0 El intendente de Avellaneda, Jorge Ferraresi y la jefa de Gabinete, Magdalena Sierra, recibieron recientemente a los artistas integrantes de la comisi\u00f3n honoraria de la Fundaci\u00f3n Casa de la...","og_url":"https:\/\/diarioprincipios.com\/index.php\/2023\/10\/06\/avellaneda-tendra-la-primera-casa-de-la-musica\/","og_site_name":"Principios","article_published_time":"2023-10-06T16:14:45+00:00","article_modified_time":"2023-10-06T16:14:47+00:00","og_image":[{"width":1280,"height":851,"url":"https:\/\/diarioprincipios.com\/wp-content\/uploads\/2023\/10\/380817856_865378361614900_1698880443298837377_n.jpg","type":"image\/jpeg"}],"author":"Hern\u00e1n L\u00f3pez","twitter_card":"summary_large_image","twitter_misc":{"Escrito por":"Hern\u00e1n L\u00f3pez","Tiempo de lectura":"2 minutos"},"schema":{"@context":"https:\/\/schema.org","@graph":[{"@type":"Article","@id":"https:\/\/diarioprincipios.com\/index.php\/2023\/10\/06\/avellaneda-tendra-la-primera-casa-de-la-musica\/#article","isPartOf":{"@id":"https:\/\/diarioprincipios.com\/index.php\/2023\/10\/06\/avellaneda-tendra-la-primera-casa-de-la-musica\/"},"author":{"name":"Hern\u00e1n L\u00f3pez","@id":"https:\/\/diarioprincipios.com\/#\/schema\/person\/436d5a1fd41a5e250e23ff5a6a7cb080"},"headline":"Avellaneda tendr\u00e1 la primera Casa de la M\u00fasica\u00a0\u00a0\u00a0","datePublished":"2023-10-06T16:14:45+00:00","dateModified":"2023-10-06T16:14:47+00:00","mainEntityOfPage":{"@id":"https:\/\/diarioprincipios.com\/index.php\/2023\/10\/06\/avellaneda-tendra-la-primera-casa-de-la-musica\/"},"wordCount":411,"commentCount":0,"publisher":{"@id":"https:\/\/diarioprincipios.com\/#organization"},"image":{"@id":"https:\/\/diarioprincipios.com\/index.php\/2023\/10\/06\/avellaneda-tendra-la-primera-casa-de-la-musica\/#primaryimage"},"thumbnailUrl":"https:\/\/diarioprincipios.com\/wp-content\/uploads\/2023\/10\/380817856_865378361614900_1698880443298837377_n.jpg","articleSection":["Avellaneda"],"inLanguage":"es","potentialAction":[{"@type":"CommentAction","name":"Comment","target":["https:\/\/diarioprincipios.com\/index.php\/2023\/10\/06\/avellaneda-tendra-la-primera-casa-de-la-musica\/#respond"]}]},{"@type":"WebPage","@id":"https:\/\/diarioprincipios.com\/index.php\/2023\/10\/06\/avellaneda-tendra-la-primera-casa-de-la-musica\/","url":"https:\/\/diarioprincipios.com\/index.php\/2023\/10\/06\/avellaneda-tendra-la-primera-casa-de-la-musica\/","name":"Avellaneda tendr\u00e1 la primera Casa de la M\u00fasica\u00a0\u00a0\u00a0 - Principios","isPartOf":{"@id":"https:\/\/diarioprincipios.com\/#website"},"primaryImageOfPage":{"@id":"https:\/\/diarioprincipios.com\/index.php\/2023\/10\/06\/avellaneda-tendra-la-primera-casa-de-la-musica\/#primaryimage"},"image":{"@id":"https:\/\/diarioprincipios.com\/index.php\/2023\/10\/06\/avellaneda-tendra-la-primera-casa-de-la-musica\/#primaryimage"},"thumbnailUrl":"https:\/\/diarioprincipios.com\/wp-content\/uploads\/2023\/10\/380817856_865378361614900_1698880443298837377_n.jpg","datePublished":"2023-10-06T16:14:45+00:00","dateModified":"2023-10-06T16:14:47+00:00","breadcrumb":{"@id":"https:\/\/diarioprincipios.com\/index.php\/2023\/10\/06\/avellaneda-tendra-la-primera-casa-de-la-musica\/#breadcrumb"},"inLanguage":"es","potentialAction":[{"@type":"ReadAction","target":["https:\/\/diarioprincipios.com\/index.php\/2023\/10\/06\/avellaneda-tendra-la-primera-casa-de-la-musica\/"]}]},{"@type":"ImageObject","inLanguage":"es","@id":"https:\/\/diarioprincipios.com\/index.php\/2023\/10\/06\/avellaneda-tendra-la-primera-casa-de-la-musica\/#primaryimage","url":"https:\/\/diarioprincipios.com\/wp-content\/uploads\/2023\/10\/380817856_865378361614900_1698880443298837377_n.jpg","contentUrl":"https:\/\/diarioprincipios.com\/wp-content\/uploads\/2023\/10\/380817856_865378361614900_1698880443298837377_n.jpg","width":1280,"height":851},{"@type":"BreadcrumbList","@id":"https:\/\/diarioprincipios.com\/index.php\/2023\/10\/06\/avellaneda-tendra-la-primera-casa-de-la-musica\/#breadcrumb","itemListElement":[{"@type":"ListItem","position":1,"name":"Portada","item":"https:\/\/diarioprincipios.com\/"},{"@type":"ListItem","position":2,"name":"Avellaneda tendr\u00e1 la primera Casa de la M\u00fasica\u00a0\u00a0\u00a0"}]},{"@type":"WebSite","@id":"https:\/\/diarioprincipios.com\/#website","url":"https:\/\/diarioprincipios.com\/","name":"Principios","description":"Principios Diario","publisher":{"@id":"https:\/\/diarioprincipios.com\/#organization"},"potentialAction":[{"@type":"SearchAction","target":{"@type":"EntryPoint","urlTemplate":"https:\/\/diarioprincipios.com\/?s={search_term_string}"},"query-input":{"@type":"PropertyValueSpecification","valueRequired":true,"valueName":"search_term_string"}}],"inLanguage":"es"},{"@type":"Organization","@id":"https:\/\/diarioprincipios.com\/#organization","name":"Principios","url":"https:\/\/diarioprincipios.com\/","logo":{"@type":"ImageObject","inLanguage":"es","@id":"https:\/\/diarioprincipios.com\/#\/schema\/logo\/image\/","url":"https:\/\/diarioprincipios.com\/wp-content\/uploads\/2024\/04\/cropped-www.diarioprincipios.com_-1.png","contentUrl":"https:\/\/diarioprincipios.com\/wp-content\/uploads\/2024\/04\/cropped-www.diarioprincipios.com_-1.png","width":5325,"height":1454,"caption":"Principios"},"image":{"@id":"https:\/\/diarioprincipios.com\/#\/schema\/logo\/image\/"}},{"@type":"Person","@id":"https:\/\/diarioprincipios.com\/#\/schema\/person\/436d5a1fd41a5e250e23ff5a6a7cb080","name":"Hern\u00e1n L\u00f3pez","image":{"@type":"ImageObject","inLanguage":"es","@id":"https:\/\/diarioprincipios.com\/wp-content\/litespeed\/avatar\/11ddfe5610ff3bd100522525b2571f48.jpg?ver=1777048341","url":"https:\/\/diarioprincipios.com\/wp-content\/litespeed\/avatar\/11ddfe5610ff3bd100522525b2571f48.jpg?ver=1777048341","contentUrl":"https:\/\/diarioprincipios.com\/wp-content\/litespeed\/avatar\/11ddfe5610ff3bd100522525b2571f48.jpg?ver=1777048341","caption":"Hern\u00e1n L\u00f3pez"},"url":"https:\/\/diarioprincipios.com\/index.php\/author\/hernan\/"}]}},"jetpack_featured_media_url":"https:\/\/diarioprincipios.com\/wp-content\/uploads\/2023\/10\/380817856_865378361614900_1698880443298837377_n.jpg","_links":{"self":[{"href":"https:\/\/diarioprincipios.com\/index.php\/wp-json\/wp\/v2\/posts\/19170","targetHints":{"allow":["GET"]}}],"collection":[{"href":"https:\/\/diarioprincipios.com\/index.php\/wp-json\/wp\/v2\/posts"}],"about":[{"href":"https:\/\/diarioprincipios.com\/index.php\/wp-json\/wp\/v2\/types\/post"}],"author":[{"embeddable":true,"href":"https:\/\/diarioprincipios.com\/index.php\/wp-json\/wp\/v2\/users\/2"}],"replies":[{"embeddable":true,"href":"https:\/\/diarioprincipios.com\/index.php\/wp-json\/wp\/v2\/comments?post=19170"}],"version-history":[{"count":1,"href":"https:\/\/diarioprincipios.com\/index.php\/wp-json\/wp\/v2\/posts\/19170\/revisions"}],"predecessor-version":[{"id":19173,"href":"https:\/\/diarioprincipios.com\/index.php\/wp-json\/wp\/v2\/posts\/19170\/revisions\/19173"}],"wp:featuredmedia":[{"embeddable":true,"href":"https:\/\/diarioprincipios.com\/index.php\/wp-json\/wp\/v2\/media\/19172"}],"wp:attachment":[{"href":"https:\/\/diarioprincipios.com\/index.php\/wp-json\/wp\/v2\/media?parent=19170"}],"wp:term":[{"taxonomy":"category","embeddable":true,"href":"https:\/\/diarioprincipios.com\/index.php\/wp-json\/wp\/v2\/categories?post=19170"},{"taxonomy":"post_tag","embeddable":true,"href":"https:\/\/diarioprincipios.com\/index.php\/wp-json\/wp\/v2\/tags?post=19170"}],"curies":[{"name":"wp","href":"https:\/\/api.w.org\/{rel}","templated":true}]}}