{"id":1917,"date":"2020-05-20T22:50:05","date_gmt":"2020-05-21T01:50:05","guid":{"rendered":"http:\/\/diarioprincipios.com\/?p=1917"},"modified":"2020-05-21T14:46:29","modified_gmt":"2020-05-21T17:46:29","slug":"panorama-de-coronavirus-en-berazategui-quilmes-y-avellaneda-a-dos-meses-de-haberse-iniciado-la-cuarentena","status":"publish","type":"post","link":"https:\/\/diarioprincipios.com\/index.php\/2020\/05\/20\/panorama-de-coronavirus-en-berazategui-quilmes-y-avellaneda-a-dos-meses-de-haberse-iniciado-la-cuarentena\/","title":{"rendered":"Panorama de Coronavirus en Berazategui, Quilmes y Avellaneda a dos meses de haberse iniciado la cuarentena"},"content":{"rendered":"\n<p>Al d\u00eda de la fecha, a dos meses exactos de haberse iniciado la cuarentena, de los tres municipios, Quilmes sigue siendo el que m\u00e1s casos de Coronavirus tiene, totalizando 167 infectados y 5 fallecidos.<\/p>\n\n\n\n<figure class=\"wp-block-image size-large\"><img loading=\"lazy\" decoding=\"async\" width=\"720\" height=\"720\" src=\"https:\/\/diarioprincipios.com\/wp-content\/uploads\/2020\/05\/quilmes-3.jpg\" alt=\"\" class=\"wp-image-1918\" srcset=\"https:\/\/diarioprincipios.com\/wp-content\/uploads\/2020\/05\/quilmes-3.jpg 720w, https:\/\/diarioprincipios.com\/wp-content\/uploads\/2020\/05\/quilmes-3-300x300.jpg 300w, https:\/\/diarioprincipios.com\/wp-content\/uploads\/2020\/05\/quilmes-3-150x150.jpg 150w\" sizes=\"auto, (max-width: 720px) 100vw, 720px\" \/><\/figure>\n\n\n\n<p>Avellaneda por su parte reporta oficialmente hasta el momento 110 casos confirmados y 4 muertes.<\/p>\n\n\n\n<figure class=\"wp-block-image size-large\"><img loading=\"lazy\" decoding=\"async\" width=\"1024\" height=\"1024\" src=\"https:\/\/diarioprincipios.com\/wp-content\/uploads\/2020\/05\/datos-d\u00eda-62-coronavirus-1024x1024.png\" alt=\"\" class=\"wp-image-1919\" srcset=\"https:\/\/diarioprincipios.com\/wp-content\/uploads\/2020\/05\/datos-d\u00eda-62-coronavirus-1024x1024.png 1024w, https:\/\/diarioprincipios.com\/wp-content\/uploads\/2020\/05\/datos-d\u00eda-62-coronavirus-300x300.png 300w, https:\/\/diarioprincipios.com\/wp-content\/uploads\/2020\/05\/datos-d\u00eda-62-coronavirus-150x150.png 150w, https:\/\/diarioprincipios.com\/wp-content\/uploads\/2020\/05\/datos-d\u00eda-62-coronavirus-768x768.png 768w, https:\/\/diarioprincipios.com\/wp-content\/uploads\/2020\/05\/datos-d\u00eda-62-coronavirus.png 1200w\" sizes=\"auto, (max-width: 1024px) 100vw, 1024px\" \/><\/figure>\n\n\n\n<p>De los tres Berazategui es el que tiene menos contagiados, las cifras oficiales arrojan 64 contagiados y 4 muertes.<\/p>\n\n\n\n<figure class=\"wp-block-image size-large\"><img loading=\"lazy\" decoding=\"async\" width=\"900\" height=\"900\" src=\"https:\/\/diarioprincipios.com\/wp-content\/uploads\/2020\/05\/INFORME-EPIDEMIOL\u00d3GICO-DEL-CORONAVIRUS-EN-BERAZATEGUI-AL-20-DE-MAYO-DE-2020.jpeg\" alt=\"\" class=\"wp-image-1920\" srcset=\"https:\/\/diarioprincipios.com\/wp-content\/uploads\/2020\/05\/INFORME-EPIDEMIOL\u00d3GICO-DEL-CORONAVIRUS-EN-BERAZATEGUI-AL-20-DE-MAYO-DE-2020.jpeg 900w, https:\/\/diarioprincipios.com\/wp-content\/uploads\/2020\/05\/INFORME-EPIDEMIOL\u00d3GICO-DEL-CORONAVIRUS-EN-BERAZATEGUI-AL-20-DE-MAYO-DE-2020-300x300.jpeg 300w, https:\/\/diarioprincipios.com\/wp-content\/uploads\/2020\/05\/INFORME-EPIDEMIOL\u00d3GICO-DEL-CORONAVIRUS-EN-BERAZATEGUI-AL-20-DE-MAYO-DE-2020-150x150.jpeg 150w, https:\/\/diarioprincipios.com\/wp-content\/uploads\/2020\/05\/INFORME-EPIDEMIOL\u00d3GICO-DEL-CORONAVIRUS-EN-BERAZATEGUI-AL-20-DE-MAYO-DE-2020-768x768.jpeg 768w\" sizes=\"auto, (max-width: 900px) 100vw, 900px\" \/><\/figure>\n","protected":false},"excerpt":{"rendered":"<p>Al d\u00eda de la fecha, a dos meses exactos de haberse iniciado la cuarentena, de los tres municipios, Quilmes sigue siendo el que m\u00e1s casos de Coronavirus tiene, totalizando 167 infectados y 5 fallecidos. Avellaneda por su parte reporta oficialmente hasta el momento 110 casos confirmados y 4 muertes. De los tres Berazategui es el&#8230;<\/p>\n","protected":false},"author":2,"featured_media":1921,"comment_status":"open","ping_status":"open","sticky":false,"template":"","format":"standard","meta":{"footnotes":""},"categories":[7],"tags":[],"class_list":["post-1917","post","type-post","status-publish","format-standard","has-post-thumbnail","hentry","category-provincia"],"featured_image_src":"https:\/\/diarioprincipios.com\/wp-content\/uploads\/2020\/05\/5-respuestas-emergencia-internacional-coronavirus-1024x546.jpg","blog_images":{"medium":"https:\/\/diarioprincipios.com\/wp-content\/uploads\/2020\/05\/5-respuestas-emergencia-internacional-coronavirus-300x160.jpg","large":"https:\/\/diarioprincipios.com\/wp-content\/uploads\/2020\/05\/5-respuestas-emergencia-internacional-coronavirus-1024x546.jpg"},"ams_acf":[],"yoast_head":"<!-- This site is optimized with the Yoast SEO plugin v27.3 - https:\/\/yoast.com\/product\/yoast-seo-wordpress\/ -->\n<title>Panorama de Coronavirus en Berazategui, Quilmes y Avellaneda a dos meses de haberse iniciado la cuarentena - Principios<\/title>\n<meta name=\"robots\" content=\"index, follow, max-snippet:-1, max-image-preview:large, max-video-preview:-1\" \/>\n<link rel=\"canonical\" href=\"https:\/\/diarioprincipios.com\/index.php\/2020\/05\/20\/panorama-de-coronavirus-en-berazategui-quilmes-y-avellaneda-a-dos-meses-de-haberse-iniciado-la-cuarentena\/\" \/>\n<meta property=\"og:locale\" content=\"es_ES\" \/>\n<meta property=\"og:type\" content=\"article\" \/>\n<meta property=\"og:title\" content=\"Panorama de Coronavirus en Berazategui, Quilmes y Avellaneda a dos meses de haberse iniciado la cuarentena - Principios\" \/>\n<meta property=\"og:description\" content=\"Al d\u00eda de la fecha, a dos meses exactos de haberse iniciado la cuarentena, de los tres municipios, Quilmes sigue siendo el que m\u00e1s casos de Coronavirus tiene, totalizando 167 infectados y 5 fallecidos. Avellaneda por su parte reporta oficialmente hasta el momento 110 casos confirmados y 4 muertes. De los tres Berazategui es el...\" \/>\n<meta property=\"og:url\" content=\"https:\/\/diarioprincipios.com\/index.php\/2020\/05\/20\/panorama-de-coronavirus-en-berazategui-quilmes-y-avellaneda-a-dos-meses-de-haberse-iniciado-la-cuarentena\/\" \/>\n<meta property=\"og:site_name\" content=\"Principios\" \/>\n<meta property=\"article:published_time\" content=\"2020-05-21T01:50:05+00:00\" \/>\n<meta property=\"article:modified_time\" content=\"2020-05-21T17:46:29+00:00\" \/>\n<meta property=\"og:image\" content=\"https:\/\/diarioprincipios.com\/wp-content\/uploads\/2020\/05\/5-respuestas-emergencia-internacional-coronavirus.jpg\" \/>\n\t<meta property=\"og:image:width\" content=\"1920\" \/>\n\t<meta property=\"og:image:height\" content=\"1024\" \/>\n\t<meta property=\"og:image:type\" content=\"image\/jpeg\" \/>\n<meta name=\"author\" content=\"Hern\u00e1n L\u00f3pez\" \/>\n<meta name=\"twitter:card\" content=\"summary_large_image\" \/>\n<meta name=\"twitter:label1\" content=\"Escrito por\" \/>\n\t<meta name=\"twitter:data1\" content=\"Hern\u00e1n L\u00f3pez\" \/>\n<script type=\"application\/ld+json\" class=\"yoast-schema-graph\">{\"@context\":\"https:\\\/\\\/schema.org\",\"@graph\":[{\"@type\":\"Article\",\"@id\":\"https:\\\/\\\/diarioprincipios.com\\\/index.php\\\/2020\\\/05\\\/20\\\/panorama-de-coronavirus-en-berazategui-quilmes-y-avellaneda-a-dos-meses-de-haberse-iniciado-la-cuarentena\\\/#article\",\"isPartOf\":{\"@id\":\"https:\\\/\\\/diarioprincipios.com\\\/index.php\\\/2020\\\/05\\\/20\\\/panorama-de-coronavirus-en-berazategui-quilmes-y-avellaneda-a-dos-meses-de-haberse-iniciado-la-cuarentena\\\/\"},\"author\":{\"name\":\"Hern\u00e1n L\u00f3pez\",\"@id\":\"https:\\\/\\\/diarioprincipios.com\\\/#\\\/schema\\\/person\\\/436d5a1fd41a5e250e23ff5a6a7cb080\"},\"headline\":\"Panorama de Coronavirus en Berazategui, Quilmes y Avellaneda a dos meses de haberse iniciado la cuarentena\",\"datePublished\":\"2020-05-21T01:50:05+00:00\",\"dateModified\":\"2020-05-21T17:46:29+00:00\",\"mainEntityOfPage\":{\"@id\":\"https:\\\/\\\/diarioprincipios.com\\\/index.php\\\/2020\\\/05\\\/20\\\/panorama-de-coronavirus-en-berazategui-quilmes-y-avellaneda-a-dos-meses-de-haberse-iniciado-la-cuarentena\\\/\"},\"wordCount\":80,\"commentCount\":0,\"publisher\":{\"@id\":\"https:\\\/\\\/diarioprincipios.com\\\/#organization\"},\"image\":{\"@id\":\"https:\\\/\\\/diarioprincipios.com\\\/index.php\\\/2020\\\/05\\\/20\\\/panorama-de-coronavirus-en-berazategui-quilmes-y-avellaneda-a-dos-meses-de-haberse-iniciado-la-cuarentena\\\/#primaryimage\"},\"thumbnailUrl\":\"https:\\\/\\\/diarioprincipios.com\\\/wp-content\\\/uploads\\\/2020\\\/05\\\/5-respuestas-emergencia-internacional-coronavirus.jpg\",\"articleSection\":[\"Provincia\"],\"inLanguage\":\"es\",\"potentialAction\":[{\"@type\":\"CommentAction\",\"name\":\"Comment\",\"target\":[\"https:\\\/\\\/diarioprincipios.com\\\/index.php\\\/2020\\\/05\\\/20\\\/panorama-de-coronavirus-en-berazategui-quilmes-y-avellaneda-a-dos-meses-de-haberse-iniciado-la-cuarentena\\\/#respond\"]}]},{\"@type\":\"WebPage\",\"@id\":\"https:\\\/\\\/diarioprincipios.com\\\/index.php\\\/2020\\\/05\\\/20\\\/panorama-de-coronavirus-en-berazategui-quilmes-y-avellaneda-a-dos-meses-de-haberse-iniciado-la-cuarentena\\\/\",\"url\":\"https:\\\/\\\/diarioprincipios.com\\\/index.php\\\/2020\\\/05\\\/20\\\/panorama-de-coronavirus-en-berazategui-quilmes-y-avellaneda-a-dos-meses-de-haberse-iniciado-la-cuarentena\\\/\",\"name\":\"Panorama de Coronavirus en Berazategui, Quilmes y Avellaneda a dos meses de haberse iniciado la cuarentena - Principios\",\"isPartOf\":{\"@id\":\"https:\\\/\\\/diarioprincipios.com\\\/#website\"},\"primaryImageOfPage\":{\"@id\":\"https:\\\/\\\/diarioprincipios.com\\\/index.php\\\/2020\\\/05\\\/20\\\/panorama-de-coronavirus-en-berazategui-quilmes-y-avellaneda-a-dos-meses-de-haberse-iniciado-la-cuarentena\\\/#primaryimage\"},\"image\":{\"@id\":\"https:\\\/\\\/diarioprincipios.com\\\/index.php\\\/2020\\\/05\\\/20\\\/panorama-de-coronavirus-en-berazategui-quilmes-y-avellaneda-a-dos-meses-de-haberse-iniciado-la-cuarentena\\\/#primaryimage\"},\"thumbnailUrl\":\"https:\\\/\\\/diarioprincipios.com\\\/wp-content\\\/uploads\\\/2020\\\/05\\\/5-respuestas-emergencia-internacional-coronavirus.jpg\",\"datePublished\":\"2020-05-21T01:50:05+00:00\",\"dateModified\":\"2020-05-21T17:46:29+00:00\",\"breadcrumb\":{\"@id\":\"https:\\\/\\\/diarioprincipios.com\\\/index.php\\\/2020\\\/05\\\/20\\\/panorama-de-coronavirus-en-berazategui-quilmes-y-avellaneda-a-dos-meses-de-haberse-iniciado-la-cuarentena\\\/#breadcrumb\"},\"inLanguage\":\"es\",\"potentialAction\":[{\"@type\":\"ReadAction\",\"target\":[\"https:\\\/\\\/diarioprincipios.com\\\/index.php\\\/2020\\\/05\\\/20\\\/panorama-de-coronavirus-en-berazategui-quilmes-y-avellaneda-a-dos-meses-de-haberse-iniciado-la-cuarentena\\\/\"]}]},{\"@type\":\"ImageObject\",\"inLanguage\":\"es\",\"@id\":\"https:\\\/\\\/diarioprincipios.com\\\/index.php\\\/2020\\\/05\\\/20\\\/panorama-de-coronavirus-en-berazategui-quilmes-y-avellaneda-a-dos-meses-de-haberse-iniciado-la-cuarentena\\\/#primaryimage\",\"url\":\"https:\\\/\\\/diarioprincipios.com\\\/wp-content\\\/uploads\\\/2020\\\/05\\\/5-respuestas-emergencia-internacional-coronavirus.jpg\",\"contentUrl\":\"https:\\\/\\\/diarioprincipios.com\\\/wp-content\\\/uploads\\\/2020\\\/05\\\/5-respuestas-emergencia-internacional-coronavirus.jpg\",\"width\":1920,\"height\":1024},{\"@type\":\"BreadcrumbList\",\"@id\":\"https:\\\/\\\/diarioprincipios.com\\\/index.php\\\/2020\\\/05\\\/20\\\/panorama-de-coronavirus-en-berazategui-quilmes-y-avellaneda-a-dos-meses-de-haberse-iniciado-la-cuarentena\\\/#breadcrumb\",\"itemListElement\":[{\"@type\":\"ListItem\",\"position\":1,\"name\":\"Portada\",\"item\":\"https:\\\/\\\/diarioprincipios.com\\\/\"},{\"@type\":\"ListItem\",\"position\":2,\"name\":\"Panorama de Coronavirus en Berazategui, Quilmes y Avellaneda a dos meses de haberse iniciado la cuarentena\"}]},{\"@type\":\"WebSite\",\"@id\":\"https:\\\/\\\/diarioprincipios.com\\\/#website\",\"url\":\"https:\\\/\\\/diarioprincipios.com\\\/\",\"name\":\"Principios\",\"description\":\"Principios Diario\",\"publisher\":{\"@id\":\"https:\\\/\\\/diarioprincipios.com\\\/#organization\"},\"potentialAction\":[{\"@type\":\"SearchAction\",\"target\":{\"@type\":\"EntryPoint\",\"urlTemplate\":\"https:\\\/\\\/diarioprincipios.com\\\/?s={search_term_string}\"},\"query-input\":{\"@type\":\"PropertyValueSpecification\",\"valueRequired\":true,\"valueName\":\"search_term_string\"}}],\"inLanguage\":\"es\"},{\"@type\":\"Organization\",\"@id\":\"https:\\\/\\\/diarioprincipios.com\\\/#organization\",\"name\":\"Principios\",\"url\":\"https:\\\/\\\/diarioprincipios.com\\\/\",\"logo\":{\"@type\":\"ImageObject\",\"inLanguage\":\"es\",\"@id\":\"https:\\\/\\\/diarioprincipios.com\\\/#\\\/schema\\\/logo\\\/image\\\/\",\"url\":\"https:\\\/\\\/diarioprincipios.com\\\/wp-content\\\/uploads\\\/2024\\\/04\\\/cropped-www.diarioprincipios.com_-1.png\",\"contentUrl\":\"https:\\\/\\\/diarioprincipios.com\\\/wp-content\\\/uploads\\\/2024\\\/04\\\/cropped-www.diarioprincipios.com_-1.png\",\"width\":5325,\"height\":1454,\"caption\":\"Principios\"},\"image\":{\"@id\":\"https:\\\/\\\/diarioprincipios.com\\\/#\\\/schema\\\/logo\\\/image\\\/\"}},{\"@type\":\"Person\",\"@id\":\"https:\\\/\\\/diarioprincipios.com\\\/#\\\/schema\\\/person\\\/436d5a1fd41a5e250e23ff5a6a7cb080\",\"name\":\"Hern\u00e1n L\u00f3pez\",\"image\":{\"@type\":\"ImageObject\",\"inLanguage\":\"es\",\"@id\":\"https:\\\/\\\/diarioprincipios.com\\\/wp-content\\\/litespeed\\\/avatar\\\/11ddfe5610ff3bd100522525b2571f48.jpg?ver=1777048341\",\"url\":\"https:\\\/\\\/diarioprincipios.com\\\/wp-content\\\/litespeed\\\/avatar\\\/11ddfe5610ff3bd100522525b2571f48.jpg?ver=1777048341\",\"contentUrl\":\"https:\\\/\\\/diarioprincipios.com\\\/wp-content\\\/litespeed\\\/avatar\\\/11ddfe5610ff3bd100522525b2571f48.jpg?ver=1777048341\",\"caption\":\"Hern\u00e1n L\u00f3pez\"},\"url\":\"https:\\\/\\\/diarioprincipios.com\\\/index.php\\\/author\\\/hernan\\\/\"}]}<\/script>\n<!-- \/ Yoast SEO plugin. -->","yoast_head_json":{"title":"Panorama de Coronavirus en Berazategui, Quilmes y Avellaneda a dos meses de haberse iniciado la cuarentena - Principios","robots":{"index":"index","follow":"follow","max-snippet":"max-snippet:-1","max-image-preview":"max-image-preview:large","max-video-preview":"max-video-preview:-1"},"canonical":"https:\/\/diarioprincipios.com\/index.php\/2020\/05\/20\/panorama-de-coronavirus-en-berazategui-quilmes-y-avellaneda-a-dos-meses-de-haberse-iniciado-la-cuarentena\/","og_locale":"es_ES","og_type":"article","og_title":"Panorama de Coronavirus en Berazategui, Quilmes y Avellaneda a dos meses de haberse iniciado la cuarentena - Principios","og_description":"Al d\u00eda de la fecha, a dos meses exactos de haberse iniciado la cuarentena, de los tres municipios, Quilmes sigue siendo el que m\u00e1s casos de Coronavirus tiene, totalizando 167 infectados y 5 fallecidos. Avellaneda por su parte reporta oficialmente hasta el momento 110 casos confirmados y 4 muertes. De los tres Berazategui es el...","og_url":"https:\/\/diarioprincipios.com\/index.php\/2020\/05\/20\/panorama-de-coronavirus-en-berazategui-quilmes-y-avellaneda-a-dos-meses-de-haberse-iniciado-la-cuarentena\/","og_site_name":"Principios","article_published_time":"2020-05-21T01:50:05+00:00","article_modified_time":"2020-05-21T17:46:29+00:00","og_image":[{"width":1920,"height":1024,"url":"https:\/\/diarioprincipios.com\/wp-content\/uploads\/2020\/05\/5-respuestas-emergencia-internacional-coronavirus.jpg","type":"image\/jpeg"}],"author":"Hern\u00e1n L\u00f3pez","twitter_card":"summary_large_image","twitter_misc":{"Escrito por":"Hern\u00e1n L\u00f3pez"},"schema":{"@context":"https:\/\/schema.org","@graph":[{"@type":"Article","@id":"https:\/\/diarioprincipios.com\/index.php\/2020\/05\/20\/panorama-de-coronavirus-en-berazategui-quilmes-y-avellaneda-a-dos-meses-de-haberse-iniciado-la-cuarentena\/#article","isPartOf":{"@id":"https:\/\/diarioprincipios.com\/index.php\/2020\/05\/20\/panorama-de-coronavirus-en-berazategui-quilmes-y-avellaneda-a-dos-meses-de-haberse-iniciado-la-cuarentena\/"},"author":{"name":"Hern\u00e1n L\u00f3pez","@id":"https:\/\/diarioprincipios.com\/#\/schema\/person\/436d5a1fd41a5e250e23ff5a6a7cb080"},"headline":"Panorama de Coronavirus en Berazategui, Quilmes y Avellaneda a dos meses de haberse iniciado la cuarentena","datePublished":"2020-05-21T01:50:05+00:00","dateModified":"2020-05-21T17:46:29+00:00","mainEntityOfPage":{"@id":"https:\/\/diarioprincipios.com\/index.php\/2020\/05\/20\/panorama-de-coronavirus-en-berazategui-quilmes-y-avellaneda-a-dos-meses-de-haberse-iniciado-la-cuarentena\/"},"wordCount":80,"commentCount":0,"publisher":{"@id":"https:\/\/diarioprincipios.com\/#organization"},"image":{"@id":"https:\/\/diarioprincipios.com\/index.php\/2020\/05\/20\/panorama-de-coronavirus-en-berazategui-quilmes-y-avellaneda-a-dos-meses-de-haberse-iniciado-la-cuarentena\/#primaryimage"},"thumbnailUrl":"https:\/\/diarioprincipios.com\/wp-content\/uploads\/2020\/05\/5-respuestas-emergencia-internacional-coronavirus.jpg","articleSection":["Provincia"],"inLanguage":"es","potentialAction":[{"@type":"CommentAction","name":"Comment","target":["https:\/\/diarioprincipios.com\/index.php\/2020\/05\/20\/panorama-de-coronavirus-en-berazategui-quilmes-y-avellaneda-a-dos-meses-de-haberse-iniciado-la-cuarentena\/#respond"]}]},{"@type":"WebPage","@id":"https:\/\/diarioprincipios.com\/index.php\/2020\/05\/20\/panorama-de-coronavirus-en-berazategui-quilmes-y-avellaneda-a-dos-meses-de-haberse-iniciado-la-cuarentena\/","url":"https:\/\/diarioprincipios.com\/index.php\/2020\/05\/20\/panorama-de-coronavirus-en-berazategui-quilmes-y-avellaneda-a-dos-meses-de-haberse-iniciado-la-cuarentena\/","name":"Panorama de Coronavirus en Berazategui, Quilmes y Avellaneda a dos meses de haberse iniciado la cuarentena - Principios","isPartOf":{"@id":"https:\/\/diarioprincipios.com\/#website"},"primaryImageOfPage":{"@id":"https:\/\/diarioprincipios.com\/index.php\/2020\/05\/20\/panorama-de-coronavirus-en-berazategui-quilmes-y-avellaneda-a-dos-meses-de-haberse-iniciado-la-cuarentena\/#primaryimage"},"image":{"@id":"https:\/\/diarioprincipios.com\/index.php\/2020\/05\/20\/panorama-de-coronavirus-en-berazategui-quilmes-y-avellaneda-a-dos-meses-de-haberse-iniciado-la-cuarentena\/#primaryimage"},"thumbnailUrl":"https:\/\/diarioprincipios.com\/wp-content\/uploads\/2020\/05\/5-respuestas-emergencia-internacional-coronavirus.jpg","datePublished":"2020-05-21T01:50:05+00:00","dateModified":"2020-05-21T17:46:29+00:00","breadcrumb":{"@id":"https:\/\/diarioprincipios.com\/index.php\/2020\/05\/20\/panorama-de-coronavirus-en-berazategui-quilmes-y-avellaneda-a-dos-meses-de-haberse-iniciado-la-cuarentena\/#breadcrumb"},"inLanguage":"es","potentialAction":[{"@type":"ReadAction","target":["https:\/\/diarioprincipios.com\/index.php\/2020\/05\/20\/panorama-de-coronavirus-en-berazategui-quilmes-y-avellaneda-a-dos-meses-de-haberse-iniciado-la-cuarentena\/"]}]},{"@type":"ImageObject","inLanguage":"es","@id":"https:\/\/diarioprincipios.com\/index.php\/2020\/05\/20\/panorama-de-coronavirus-en-berazategui-quilmes-y-avellaneda-a-dos-meses-de-haberse-iniciado-la-cuarentena\/#primaryimage","url":"https:\/\/diarioprincipios.com\/wp-content\/uploads\/2020\/05\/5-respuestas-emergencia-internacional-coronavirus.jpg","contentUrl":"https:\/\/diarioprincipios.com\/wp-content\/uploads\/2020\/05\/5-respuestas-emergencia-internacional-coronavirus.jpg","width":1920,"height":1024},{"@type":"BreadcrumbList","@id":"https:\/\/diarioprincipios.com\/index.php\/2020\/05\/20\/panorama-de-coronavirus-en-berazategui-quilmes-y-avellaneda-a-dos-meses-de-haberse-iniciado-la-cuarentena\/#breadcrumb","itemListElement":[{"@type":"ListItem","position":1,"name":"Portada","item":"https:\/\/diarioprincipios.com\/"},{"@type":"ListItem","position":2,"name":"Panorama de Coronavirus en Berazategui, Quilmes y Avellaneda a dos meses de haberse iniciado la cuarentena"}]},{"@type":"WebSite","@id":"https:\/\/diarioprincipios.com\/#website","url":"https:\/\/diarioprincipios.com\/","name":"Principios","description":"Principios Diario","publisher":{"@id":"https:\/\/diarioprincipios.com\/#organization"},"potentialAction":[{"@type":"SearchAction","target":{"@type":"EntryPoint","urlTemplate":"https:\/\/diarioprincipios.com\/?s={search_term_string}"},"query-input":{"@type":"PropertyValueSpecification","valueRequired":true,"valueName":"search_term_string"}}],"inLanguage":"es"},{"@type":"Organization","@id":"https:\/\/diarioprincipios.com\/#organization","name":"Principios","url":"https:\/\/diarioprincipios.com\/","logo":{"@type":"ImageObject","inLanguage":"es","@id":"https:\/\/diarioprincipios.com\/#\/schema\/logo\/image\/","url":"https:\/\/diarioprincipios.com\/wp-content\/uploads\/2024\/04\/cropped-www.diarioprincipios.com_-1.png","contentUrl":"https:\/\/diarioprincipios.com\/wp-content\/uploads\/2024\/04\/cropped-www.diarioprincipios.com_-1.png","width":5325,"height":1454,"caption":"Principios"},"image":{"@id":"https:\/\/diarioprincipios.com\/#\/schema\/logo\/image\/"}},{"@type":"Person","@id":"https:\/\/diarioprincipios.com\/#\/schema\/person\/436d5a1fd41a5e250e23ff5a6a7cb080","name":"Hern\u00e1n L\u00f3pez","image":{"@type":"ImageObject","inLanguage":"es","@id":"https:\/\/diarioprincipios.com\/wp-content\/litespeed\/avatar\/11ddfe5610ff3bd100522525b2571f48.jpg?ver=1777048341","url":"https:\/\/diarioprincipios.com\/wp-content\/litespeed\/avatar\/11ddfe5610ff3bd100522525b2571f48.jpg?ver=1777048341","contentUrl":"https:\/\/diarioprincipios.com\/wp-content\/litespeed\/avatar\/11ddfe5610ff3bd100522525b2571f48.jpg?ver=1777048341","caption":"Hern\u00e1n L\u00f3pez"},"url":"https:\/\/diarioprincipios.com\/index.php\/author\/hernan\/"}]}},"jetpack_featured_media_url":"https:\/\/diarioprincipios.com\/wp-content\/uploads\/2020\/05\/5-respuestas-emergencia-internacional-coronavirus.jpg","_links":{"self":[{"href":"https:\/\/diarioprincipios.com\/index.php\/wp-json\/wp\/v2\/posts\/1917","targetHints":{"allow":["GET"]}}],"collection":[{"href":"https:\/\/diarioprincipios.com\/index.php\/wp-json\/wp\/v2\/posts"}],"about":[{"href":"https:\/\/diarioprincipios.com\/index.php\/wp-json\/wp\/v2\/types\/post"}],"author":[{"embeddable":true,"href":"https:\/\/diarioprincipios.com\/index.php\/wp-json\/wp\/v2\/users\/2"}],"replies":[{"embeddable":true,"href":"https:\/\/diarioprincipios.com\/index.php\/wp-json\/wp\/v2\/comments?post=1917"}],"version-history":[{"count":1,"href":"https:\/\/diarioprincipios.com\/index.php\/wp-json\/wp\/v2\/posts\/1917\/revisions"}],"predecessor-version":[{"id":1922,"href":"https:\/\/diarioprincipios.com\/index.php\/wp-json\/wp\/v2\/posts\/1917\/revisions\/1922"}],"wp:featuredmedia":[{"embeddable":true,"href":"https:\/\/diarioprincipios.com\/index.php\/wp-json\/wp\/v2\/media\/1921"}],"wp:attachment":[{"href":"https:\/\/diarioprincipios.com\/index.php\/wp-json\/wp\/v2\/media?parent=1917"}],"wp:term":[{"taxonomy":"category","embeddable":true,"href":"https:\/\/diarioprincipios.com\/index.php\/wp-json\/wp\/v2\/categories?post=1917"},{"taxonomy":"post_tag","embeddable":true,"href":"https:\/\/diarioprincipios.com\/index.php\/wp-json\/wp\/v2\/tags?post=1917"}],"curies":[{"name":"wp","href":"https:\/\/api.w.org\/{rel}","templated":true}]}}