{"id":1912,"date":"2020-05-20T22:26:33","date_gmt":"2020-05-21T01:26:33","guid":{"rendered":"http:\/\/diarioprincipios.com\/?p=1912"},"modified":"2020-05-20T22:26:35","modified_gmt":"2020-05-21T01:26:35","slug":"maradona-quiere-continuar-en-gimnasia-dijo-el-representante-cristian-bragarnik","status":"publish","type":"post","link":"https:\/\/diarioprincipios.com\/index.php\/2020\/05\/20\/maradona-quiere-continuar-en-gimnasia-dijo-el-representante-cristian-bragarnik\/","title":{"rendered":"\u00abMaradona quiere continuar en Gimnasia\u00bb, dijo el representante Cristian Bragarnik"},"content":{"rendered":"\n<p>Diego Maradona \u00abtiene intenciones de continuar como entrenador de Gimnasia La Plata\u00bb, afirm\u00f3 hoy el representante y empresario Cristian Bragarnik.<\/p>\n\n\n\n<p>\u00abDiego quiere continuar en Gimnasia porque est\u00e1 muy identificado con el club, con la gente, con el presidente (Gabriel Pellegrino). \u00c9l cree que, a partir de poder jugar sin la presi\u00f3n del descenso, puede mostrar mejores cosas junto a su cuerpo t\u00e9cnico\u00bb, manifest\u00f3 Bragarnik en di\u00e1logo con radio Rivadavia.<\/p>\n\n\n\n<p>Bragarnik aclar\u00f3 que Maradona tiene contrato con Gimnasia hasta agosto pr\u00f3ximo y que tendr\u00e1n una charla virtual a fin de este mes para definir los pasos a seguir.<\/p>\n\n\n\n<p>De todas maneras, Bragarnik avis\u00f3 que analizar\u00e1 si \u00abest\u00e1n dadas las condiciones\u00bb en el factor econ\u00f3mico para que el ex capit\u00e1n del seleccionado argentino contin\u00fae en el \u00abLobo\u00bb platense.<\/p>\n\n\n\n<p>\u00abA partir de estos cambios que hubo, muchos clubes tomar\u00e1n la decisi\u00f3n de equilibrar sus arcas. Gimnasia hizo un esfuerzo con el entrenador y la contrataci\u00f3n de jugadores. Hay que evaluar qu\u00e9 va a decidir Gimnasia en su proyecto econ\u00f3mico, para determinar si est\u00e1n en condiciones de seguir con Diego o no\u00bb, afirm\u00f3 Bragarnik.<\/p>\n","protected":false},"excerpt":{"rendered":"<p>Diego Maradona \u00abtiene intenciones de continuar como entrenador de Gimnasia La Plata\u00bb, afirm\u00f3 hoy el representante y empresario Cristian Bragarnik. \u00abDiego quiere continuar en Gimnasia porque est\u00e1 muy identificado con el club, con la gente, con el presidente (Gabriel Pellegrino). \u00c9l cree que, a partir de poder jugar sin la presi\u00f3n del descenso, puede mostrar&#8230;<\/p>\n","protected":false},"author":2,"featured_media":1913,"comment_status":"open","ping_status":"open","sticky":false,"template":"","format":"standard","meta":{"footnotes":""},"categories":[6],"tags":[],"class_list":["post-1912","post","type-post","status-publish","format-standard","has-post-thumbnail","hentry","category-deportes"],"featured_image_src":"https:\/\/diarioprincipios.com\/wp-content\/uploads\/2020\/05\/diego-1024x576.jpg","blog_images":{"medium":"https:\/\/diarioprincipios.com\/wp-content\/uploads\/2020\/05\/diego-300x169.jpg","large":"https:\/\/diarioprincipios.com\/wp-content\/uploads\/2020\/05\/diego-1024x576.jpg"},"ams_acf":[],"yoast_head":"<!-- This site is optimized with the Yoast SEO plugin v27.3 - https:\/\/yoast.com\/product\/yoast-seo-wordpress\/ -->\n<title>&quot;Maradona quiere continuar en Gimnasia&quot;, dijo el representante Cristian Bragarnik - Principios<\/title>\n<meta name=\"robots\" content=\"index, follow, max-snippet:-1, max-image-preview:large, max-video-preview:-1\" \/>\n<link rel=\"canonical\" href=\"https:\/\/diarioprincipios.com\/index.php\/2020\/05\/20\/maradona-quiere-continuar-en-gimnasia-dijo-el-representante-cristian-bragarnik\/\" \/>\n<meta property=\"og:locale\" content=\"es_ES\" \/>\n<meta property=\"og:type\" content=\"article\" \/>\n<meta property=\"og:title\" content=\"&quot;Maradona quiere continuar en Gimnasia&quot;, dijo el representante Cristian Bragarnik - Principios\" \/>\n<meta property=\"og:description\" content=\"Diego Maradona \u00abtiene intenciones de continuar como entrenador de Gimnasia La Plata\u00bb, afirm\u00f3 hoy el representante y empresario Cristian Bragarnik. \u00abDiego quiere continuar en Gimnasia porque est\u00e1 muy identificado con el club, con la gente, con el presidente (Gabriel Pellegrino). \u00c9l cree que, a partir de poder jugar sin la presi\u00f3n del descenso, puede mostrar...\" \/>\n<meta property=\"og:url\" content=\"https:\/\/diarioprincipios.com\/index.php\/2020\/05\/20\/maradona-quiere-continuar-en-gimnasia-dijo-el-representante-cristian-bragarnik\/\" \/>\n<meta property=\"og:site_name\" content=\"Principios\" \/>\n<meta property=\"article:published_time\" content=\"2020-05-21T01:26:33+00:00\" \/>\n<meta property=\"article:modified_time\" content=\"2020-05-21T01:26:35+00:00\" \/>\n<meta property=\"og:image\" content=\"https:\/\/diarioprincipios.com\/wp-content\/uploads\/2020\/05\/diego.jpg\" \/>\n\t<meta property=\"og:image:width\" content=\"1280\" \/>\n\t<meta property=\"og:image:height\" content=\"720\" \/>\n\t<meta property=\"og:image:type\" content=\"image\/jpeg\" \/>\n<meta name=\"author\" content=\"Hern\u00e1n L\u00f3pez\" \/>\n<meta name=\"twitter:card\" content=\"summary_large_image\" \/>\n<meta name=\"twitter:label1\" content=\"Escrito por\" \/>\n\t<meta name=\"twitter:data1\" content=\"Hern\u00e1n L\u00f3pez\" \/>\n\t<meta name=\"twitter:label2\" content=\"Tiempo de lectura\" \/>\n\t<meta name=\"twitter:data2\" content=\"1 minuto\" \/>\n<script type=\"application\/ld+json\" class=\"yoast-schema-graph\">{\"@context\":\"https:\\\/\\\/schema.org\",\"@graph\":[{\"@type\":\"Article\",\"@id\":\"https:\\\/\\\/diarioprincipios.com\\\/index.php\\\/2020\\\/05\\\/20\\\/maradona-quiere-continuar-en-gimnasia-dijo-el-representante-cristian-bragarnik\\\/#article\",\"isPartOf\":{\"@id\":\"https:\\\/\\\/diarioprincipios.com\\\/index.php\\\/2020\\\/05\\\/20\\\/maradona-quiere-continuar-en-gimnasia-dijo-el-representante-cristian-bragarnik\\\/\"},\"author\":{\"name\":\"Hern\u00e1n L\u00f3pez\",\"@id\":\"https:\\\/\\\/diarioprincipios.com\\\/#\\\/schema\\\/person\\\/436d5a1fd41a5e250e23ff5a6a7cb080\"},\"headline\":\"\u00abMaradona quiere continuar en Gimnasia\u00bb, dijo el representante Cristian Bragarnik\",\"datePublished\":\"2020-05-21T01:26:33+00:00\",\"dateModified\":\"2020-05-21T01:26:35+00:00\",\"mainEntityOfPage\":{\"@id\":\"https:\\\/\\\/diarioprincipios.com\\\/index.php\\\/2020\\\/05\\\/20\\\/maradona-quiere-continuar-en-gimnasia-dijo-el-representante-cristian-bragarnik\\\/\"},\"wordCount\":204,\"commentCount\":0,\"publisher\":{\"@id\":\"https:\\\/\\\/diarioprincipios.com\\\/#organization\"},\"image\":{\"@id\":\"https:\\\/\\\/diarioprincipios.com\\\/index.php\\\/2020\\\/05\\\/20\\\/maradona-quiere-continuar-en-gimnasia-dijo-el-representante-cristian-bragarnik\\\/#primaryimage\"},\"thumbnailUrl\":\"https:\\\/\\\/diarioprincipios.com\\\/wp-content\\\/uploads\\\/2020\\\/05\\\/diego.jpg\",\"articleSection\":[\"Deportes\"],\"inLanguage\":\"es\",\"potentialAction\":[{\"@type\":\"CommentAction\",\"name\":\"Comment\",\"target\":[\"https:\\\/\\\/diarioprincipios.com\\\/index.php\\\/2020\\\/05\\\/20\\\/maradona-quiere-continuar-en-gimnasia-dijo-el-representante-cristian-bragarnik\\\/#respond\"]}]},{\"@type\":\"WebPage\",\"@id\":\"https:\\\/\\\/diarioprincipios.com\\\/index.php\\\/2020\\\/05\\\/20\\\/maradona-quiere-continuar-en-gimnasia-dijo-el-representante-cristian-bragarnik\\\/\",\"url\":\"https:\\\/\\\/diarioprincipios.com\\\/index.php\\\/2020\\\/05\\\/20\\\/maradona-quiere-continuar-en-gimnasia-dijo-el-representante-cristian-bragarnik\\\/\",\"name\":\"\\\"Maradona quiere continuar en Gimnasia\\\", dijo el representante Cristian Bragarnik - Principios\",\"isPartOf\":{\"@id\":\"https:\\\/\\\/diarioprincipios.com\\\/#website\"},\"primaryImageOfPage\":{\"@id\":\"https:\\\/\\\/diarioprincipios.com\\\/index.php\\\/2020\\\/05\\\/20\\\/maradona-quiere-continuar-en-gimnasia-dijo-el-representante-cristian-bragarnik\\\/#primaryimage\"},\"image\":{\"@id\":\"https:\\\/\\\/diarioprincipios.com\\\/index.php\\\/2020\\\/05\\\/20\\\/maradona-quiere-continuar-en-gimnasia-dijo-el-representante-cristian-bragarnik\\\/#primaryimage\"},\"thumbnailUrl\":\"https:\\\/\\\/diarioprincipios.com\\\/wp-content\\\/uploads\\\/2020\\\/05\\\/diego.jpg\",\"datePublished\":\"2020-05-21T01:26:33+00:00\",\"dateModified\":\"2020-05-21T01:26:35+00:00\",\"breadcrumb\":{\"@id\":\"https:\\\/\\\/diarioprincipios.com\\\/index.php\\\/2020\\\/05\\\/20\\\/maradona-quiere-continuar-en-gimnasia-dijo-el-representante-cristian-bragarnik\\\/#breadcrumb\"},\"inLanguage\":\"es\",\"potentialAction\":[{\"@type\":\"ReadAction\",\"target\":[\"https:\\\/\\\/diarioprincipios.com\\\/index.php\\\/2020\\\/05\\\/20\\\/maradona-quiere-continuar-en-gimnasia-dijo-el-representante-cristian-bragarnik\\\/\"]}]},{\"@type\":\"ImageObject\",\"inLanguage\":\"es\",\"@id\":\"https:\\\/\\\/diarioprincipios.com\\\/index.php\\\/2020\\\/05\\\/20\\\/maradona-quiere-continuar-en-gimnasia-dijo-el-representante-cristian-bragarnik\\\/#primaryimage\",\"url\":\"https:\\\/\\\/diarioprincipios.com\\\/wp-content\\\/uploads\\\/2020\\\/05\\\/diego.jpg\",\"contentUrl\":\"https:\\\/\\\/diarioprincipios.com\\\/wp-content\\\/uploads\\\/2020\\\/05\\\/diego.jpg\",\"width\":1280,\"height\":720},{\"@type\":\"BreadcrumbList\",\"@id\":\"https:\\\/\\\/diarioprincipios.com\\\/index.php\\\/2020\\\/05\\\/20\\\/maradona-quiere-continuar-en-gimnasia-dijo-el-representante-cristian-bragarnik\\\/#breadcrumb\",\"itemListElement\":[{\"@type\":\"ListItem\",\"position\":1,\"name\":\"Portada\",\"item\":\"https:\\\/\\\/diarioprincipios.com\\\/\"},{\"@type\":\"ListItem\",\"position\":2,\"name\":\"\u00abMaradona quiere continuar en Gimnasia\u00bb, dijo el representante Cristian Bragarnik\"}]},{\"@type\":\"WebSite\",\"@id\":\"https:\\\/\\\/diarioprincipios.com\\\/#website\",\"url\":\"https:\\\/\\\/diarioprincipios.com\\\/\",\"name\":\"Principios\",\"description\":\"Principios Diario\",\"publisher\":{\"@id\":\"https:\\\/\\\/diarioprincipios.com\\\/#organization\"},\"potentialAction\":[{\"@type\":\"SearchAction\",\"target\":{\"@type\":\"EntryPoint\",\"urlTemplate\":\"https:\\\/\\\/diarioprincipios.com\\\/?s={search_term_string}\"},\"query-input\":{\"@type\":\"PropertyValueSpecification\",\"valueRequired\":true,\"valueName\":\"search_term_string\"}}],\"inLanguage\":\"es\"},{\"@type\":\"Organization\",\"@id\":\"https:\\\/\\\/diarioprincipios.com\\\/#organization\",\"name\":\"Principios\",\"url\":\"https:\\\/\\\/diarioprincipios.com\\\/\",\"logo\":{\"@type\":\"ImageObject\",\"inLanguage\":\"es\",\"@id\":\"https:\\\/\\\/diarioprincipios.com\\\/#\\\/schema\\\/logo\\\/image\\\/\",\"url\":\"https:\\\/\\\/diarioprincipios.com\\\/wp-content\\\/uploads\\\/2024\\\/04\\\/cropped-www.diarioprincipios.com_-1.png\",\"contentUrl\":\"https:\\\/\\\/diarioprincipios.com\\\/wp-content\\\/uploads\\\/2024\\\/04\\\/cropped-www.diarioprincipios.com_-1.png\",\"width\":5325,\"height\":1454,\"caption\":\"Principios\"},\"image\":{\"@id\":\"https:\\\/\\\/diarioprincipios.com\\\/#\\\/schema\\\/logo\\\/image\\\/\"}},{\"@type\":\"Person\",\"@id\":\"https:\\\/\\\/diarioprincipios.com\\\/#\\\/schema\\\/person\\\/436d5a1fd41a5e250e23ff5a6a7cb080\",\"name\":\"Hern\u00e1n L\u00f3pez\",\"image\":{\"@type\":\"ImageObject\",\"inLanguage\":\"es\",\"@id\":\"https:\\\/\\\/diarioprincipios.com\\\/wp-content\\\/litespeed\\\/avatar\\\/11ddfe5610ff3bd100522525b2571f48.jpg?ver=1777048341\",\"url\":\"https:\\\/\\\/diarioprincipios.com\\\/wp-content\\\/litespeed\\\/avatar\\\/11ddfe5610ff3bd100522525b2571f48.jpg?ver=1777048341\",\"contentUrl\":\"https:\\\/\\\/diarioprincipios.com\\\/wp-content\\\/litespeed\\\/avatar\\\/11ddfe5610ff3bd100522525b2571f48.jpg?ver=1777048341\",\"caption\":\"Hern\u00e1n L\u00f3pez\"},\"url\":\"https:\\\/\\\/diarioprincipios.com\\\/index.php\\\/author\\\/hernan\\\/\"}]}<\/script>\n<!-- \/ Yoast SEO plugin. -->","yoast_head_json":{"title":"\"Maradona quiere continuar en Gimnasia\", dijo el representante Cristian Bragarnik - Principios","robots":{"index":"index","follow":"follow","max-snippet":"max-snippet:-1","max-image-preview":"max-image-preview:large","max-video-preview":"max-video-preview:-1"},"canonical":"https:\/\/diarioprincipios.com\/index.php\/2020\/05\/20\/maradona-quiere-continuar-en-gimnasia-dijo-el-representante-cristian-bragarnik\/","og_locale":"es_ES","og_type":"article","og_title":"\"Maradona quiere continuar en Gimnasia\", dijo el representante Cristian Bragarnik - Principios","og_description":"Diego Maradona \u00abtiene intenciones de continuar como entrenador de Gimnasia La Plata\u00bb, afirm\u00f3 hoy el representante y empresario Cristian Bragarnik. \u00abDiego quiere continuar en Gimnasia porque est\u00e1 muy identificado con el club, con la gente, con el presidente (Gabriel Pellegrino). \u00c9l cree que, a partir de poder jugar sin la presi\u00f3n del descenso, puede mostrar...","og_url":"https:\/\/diarioprincipios.com\/index.php\/2020\/05\/20\/maradona-quiere-continuar-en-gimnasia-dijo-el-representante-cristian-bragarnik\/","og_site_name":"Principios","article_published_time":"2020-05-21T01:26:33+00:00","article_modified_time":"2020-05-21T01:26:35+00:00","og_image":[{"width":1280,"height":720,"url":"https:\/\/diarioprincipios.com\/wp-content\/uploads\/2020\/05\/diego.jpg","type":"image\/jpeg"}],"author":"Hern\u00e1n L\u00f3pez","twitter_card":"summary_large_image","twitter_misc":{"Escrito por":"Hern\u00e1n L\u00f3pez","Tiempo de lectura":"1 minuto"},"schema":{"@context":"https:\/\/schema.org","@graph":[{"@type":"Article","@id":"https:\/\/diarioprincipios.com\/index.php\/2020\/05\/20\/maradona-quiere-continuar-en-gimnasia-dijo-el-representante-cristian-bragarnik\/#article","isPartOf":{"@id":"https:\/\/diarioprincipios.com\/index.php\/2020\/05\/20\/maradona-quiere-continuar-en-gimnasia-dijo-el-representante-cristian-bragarnik\/"},"author":{"name":"Hern\u00e1n L\u00f3pez","@id":"https:\/\/diarioprincipios.com\/#\/schema\/person\/436d5a1fd41a5e250e23ff5a6a7cb080"},"headline":"\u00abMaradona quiere continuar en Gimnasia\u00bb, dijo el representante Cristian Bragarnik","datePublished":"2020-05-21T01:26:33+00:00","dateModified":"2020-05-21T01:26:35+00:00","mainEntityOfPage":{"@id":"https:\/\/diarioprincipios.com\/index.php\/2020\/05\/20\/maradona-quiere-continuar-en-gimnasia-dijo-el-representante-cristian-bragarnik\/"},"wordCount":204,"commentCount":0,"publisher":{"@id":"https:\/\/diarioprincipios.com\/#organization"},"image":{"@id":"https:\/\/diarioprincipios.com\/index.php\/2020\/05\/20\/maradona-quiere-continuar-en-gimnasia-dijo-el-representante-cristian-bragarnik\/#primaryimage"},"thumbnailUrl":"https:\/\/diarioprincipios.com\/wp-content\/uploads\/2020\/05\/diego.jpg","articleSection":["Deportes"],"inLanguage":"es","potentialAction":[{"@type":"CommentAction","name":"Comment","target":["https:\/\/diarioprincipios.com\/index.php\/2020\/05\/20\/maradona-quiere-continuar-en-gimnasia-dijo-el-representante-cristian-bragarnik\/#respond"]}]},{"@type":"WebPage","@id":"https:\/\/diarioprincipios.com\/index.php\/2020\/05\/20\/maradona-quiere-continuar-en-gimnasia-dijo-el-representante-cristian-bragarnik\/","url":"https:\/\/diarioprincipios.com\/index.php\/2020\/05\/20\/maradona-quiere-continuar-en-gimnasia-dijo-el-representante-cristian-bragarnik\/","name":"\"Maradona quiere continuar en Gimnasia\", dijo el representante Cristian Bragarnik - Principios","isPartOf":{"@id":"https:\/\/diarioprincipios.com\/#website"},"primaryImageOfPage":{"@id":"https:\/\/diarioprincipios.com\/index.php\/2020\/05\/20\/maradona-quiere-continuar-en-gimnasia-dijo-el-representante-cristian-bragarnik\/#primaryimage"},"image":{"@id":"https:\/\/diarioprincipios.com\/index.php\/2020\/05\/20\/maradona-quiere-continuar-en-gimnasia-dijo-el-representante-cristian-bragarnik\/#primaryimage"},"thumbnailUrl":"https:\/\/diarioprincipios.com\/wp-content\/uploads\/2020\/05\/diego.jpg","datePublished":"2020-05-21T01:26:33+00:00","dateModified":"2020-05-21T01:26:35+00:00","breadcrumb":{"@id":"https:\/\/diarioprincipios.com\/index.php\/2020\/05\/20\/maradona-quiere-continuar-en-gimnasia-dijo-el-representante-cristian-bragarnik\/#breadcrumb"},"inLanguage":"es","potentialAction":[{"@type":"ReadAction","target":["https:\/\/diarioprincipios.com\/index.php\/2020\/05\/20\/maradona-quiere-continuar-en-gimnasia-dijo-el-representante-cristian-bragarnik\/"]}]},{"@type":"ImageObject","inLanguage":"es","@id":"https:\/\/diarioprincipios.com\/index.php\/2020\/05\/20\/maradona-quiere-continuar-en-gimnasia-dijo-el-representante-cristian-bragarnik\/#primaryimage","url":"https:\/\/diarioprincipios.com\/wp-content\/uploads\/2020\/05\/diego.jpg","contentUrl":"https:\/\/diarioprincipios.com\/wp-content\/uploads\/2020\/05\/diego.jpg","width":1280,"height":720},{"@type":"BreadcrumbList","@id":"https:\/\/diarioprincipios.com\/index.php\/2020\/05\/20\/maradona-quiere-continuar-en-gimnasia-dijo-el-representante-cristian-bragarnik\/#breadcrumb","itemListElement":[{"@type":"ListItem","position":1,"name":"Portada","item":"https:\/\/diarioprincipios.com\/"},{"@type":"ListItem","position":2,"name":"\u00abMaradona quiere continuar en Gimnasia\u00bb, dijo el representante Cristian Bragarnik"}]},{"@type":"WebSite","@id":"https:\/\/diarioprincipios.com\/#website","url":"https:\/\/diarioprincipios.com\/","name":"Principios","description":"Principios Diario","publisher":{"@id":"https:\/\/diarioprincipios.com\/#organization"},"potentialAction":[{"@type":"SearchAction","target":{"@type":"EntryPoint","urlTemplate":"https:\/\/diarioprincipios.com\/?s={search_term_string}"},"query-input":{"@type":"PropertyValueSpecification","valueRequired":true,"valueName":"search_term_string"}}],"inLanguage":"es"},{"@type":"Organization","@id":"https:\/\/diarioprincipios.com\/#organization","name":"Principios","url":"https:\/\/diarioprincipios.com\/","logo":{"@type":"ImageObject","inLanguage":"es","@id":"https:\/\/diarioprincipios.com\/#\/schema\/logo\/image\/","url":"https:\/\/diarioprincipios.com\/wp-content\/uploads\/2024\/04\/cropped-www.diarioprincipios.com_-1.png","contentUrl":"https:\/\/diarioprincipios.com\/wp-content\/uploads\/2024\/04\/cropped-www.diarioprincipios.com_-1.png","width":5325,"height":1454,"caption":"Principios"},"image":{"@id":"https:\/\/diarioprincipios.com\/#\/schema\/logo\/image\/"}},{"@type":"Person","@id":"https:\/\/diarioprincipios.com\/#\/schema\/person\/436d5a1fd41a5e250e23ff5a6a7cb080","name":"Hern\u00e1n L\u00f3pez","image":{"@type":"ImageObject","inLanguage":"es","@id":"https:\/\/diarioprincipios.com\/wp-content\/litespeed\/avatar\/11ddfe5610ff3bd100522525b2571f48.jpg?ver=1777048341","url":"https:\/\/diarioprincipios.com\/wp-content\/litespeed\/avatar\/11ddfe5610ff3bd100522525b2571f48.jpg?ver=1777048341","contentUrl":"https:\/\/diarioprincipios.com\/wp-content\/litespeed\/avatar\/11ddfe5610ff3bd100522525b2571f48.jpg?ver=1777048341","caption":"Hern\u00e1n L\u00f3pez"},"url":"https:\/\/diarioprincipios.com\/index.php\/author\/hernan\/"}]}},"jetpack_featured_media_url":"https:\/\/diarioprincipios.com\/wp-content\/uploads\/2020\/05\/diego.jpg","_links":{"self":[{"href":"https:\/\/diarioprincipios.com\/index.php\/wp-json\/wp\/v2\/posts\/1912","targetHints":{"allow":["GET"]}}],"collection":[{"href":"https:\/\/diarioprincipios.com\/index.php\/wp-json\/wp\/v2\/posts"}],"about":[{"href":"https:\/\/diarioprincipios.com\/index.php\/wp-json\/wp\/v2\/types\/post"}],"author":[{"embeddable":true,"href":"https:\/\/diarioprincipios.com\/index.php\/wp-json\/wp\/v2\/users\/2"}],"replies":[{"embeddable":true,"href":"https:\/\/diarioprincipios.com\/index.php\/wp-json\/wp\/v2\/comments?post=1912"}],"version-history":[{"count":1,"href":"https:\/\/diarioprincipios.com\/index.php\/wp-json\/wp\/v2\/posts\/1912\/revisions"}],"predecessor-version":[{"id":1914,"href":"https:\/\/diarioprincipios.com\/index.php\/wp-json\/wp\/v2\/posts\/1912\/revisions\/1914"}],"wp:featuredmedia":[{"embeddable":true,"href":"https:\/\/diarioprincipios.com\/index.php\/wp-json\/wp\/v2\/media\/1913"}],"wp:attachment":[{"href":"https:\/\/diarioprincipios.com\/index.php\/wp-json\/wp\/v2\/media?parent=1912"}],"wp:term":[{"taxonomy":"category","embeddable":true,"href":"https:\/\/diarioprincipios.com\/index.php\/wp-json\/wp\/v2\/categories?post=1912"},{"taxonomy":"post_tag","embeddable":true,"href":"https:\/\/diarioprincipios.com\/index.php\/wp-json\/wp\/v2\/tags?post=1912"}],"curies":[{"name":"wp","href":"https:\/\/api.w.org\/{rel}","templated":true}]}}