{"id":1909,"date":"2020-05-20T22:21:23","date_gmt":"2020-05-21T01:21:23","guid":{"rendered":"http:\/\/diarioprincipios.com\/?p=1909"},"modified":"2020-05-20T22:21:25","modified_gmt":"2020-05-21T01:21:25","slug":"la-mitad-de-los-uruguayos-no-quiere-mandar-a-sus-hijos-a-la-escuela-por-el-coronavirus","status":"publish","type":"post","link":"https:\/\/diarioprincipios.com\/index.php\/2020\/05\/20\/la-mitad-de-los-uruguayos-no-quiere-mandar-a-sus-hijos-a-la-escuela-por-el-coronavirus\/","title":{"rendered":"La mitad de los uruguayos no quiere mandar a sus hijos a la escuela por el coronavirus"},"content":{"rendered":"\n<p>Tras haber reabierto las escuelas rurales, el gobierno de Uruguay analiza cu\u00e1ndo dispondr\u00e1 la reanudaci\u00f3n de las clases presenciales en los establecimientos de las zonas urbanas, mientras una encuesta revel\u00f3 que casi la mitad de los uruguayos no est\u00e1 dispuesta a mandar a sus hijos a los colegios.<\/p>\n\n\n\n<p>El presidente Luis Lacalle Pou se reuni\u00f3 el lunes pasado con un grupo de expertos que le advirtieron que la reapertura de las escuelas puede facilitar la circulaci\u00f3n de otras enfermedades respiratorias infecciosas, adem\u00e1s del coronavirus, revel\u00f3 el diario El Observador.<\/p>\n\n\n\n<p>El pediatra e infect\u00f3logo \u00c1lvaro Galiana dijo que en esa reuni\u00f3n mencion\u00f3 especialmente el riesgo del virus respiratorio sincitial (VRS), que obstruye las v\u00edas pulmonares, es el agente habitual de la bronquiolitis y es \u201cun cl\u00e1sico\u201d de todos los inviernos.<\/p>\n\n\n\n<p>Mientras tanto, 25% de los uruguayos \u201cseguramente\u201d no enviar\u00e1 a sus hijos a los colegios y 22% \u201cprobablemente\u201d no lo har\u00e1 si las clases se reanudan pr\u00f3ximamente, seg\u00fan un sondeo de la firma de opini\u00f3n p\u00fablica Cifra publicado por el diario El Pa\u00eds.<\/p>\n\n\n\n<p>Tras reanudar la actividad en las escuelas rurales a partir del 22 de abril, Lacalle dijo el jueves pasado que esta semana anunciar\u00eda cu\u00e1ndo volver\u00e1 a haber clases presenciales en los centros urbanos.<\/p>\n\n\n\n<p>Por otra parte, Uruguay implementar\u00e1 la semana pr\u00f3xima una aplicaci\u00f3n de rastreo de contagios que permitir\u00e1 a los usuarios recibir una notificaci\u00f3n cuando est\u00e9n cerca de una persona que dio positivo de coronavirus, anunciaron las empresas Apple y Google y confirmaron fuentes gubernamentales, seg\u00fan los dos peri\u00f3dicos.<\/p>\n\n\n\n<p>Uruguay sumaba 746 casos confirmados de coronavirus (ocho en las \u00faltimas 24 horas), de los cuales 20 personas fallecieron (ninguna en el \u00faltimo d\u00eda), 138 ten\u00edan la infecci\u00f3n en curso (cuatro internadas, todas en terapia intensiva) y 588 se curaron tras haber contra\u00eddo la enfermedad, inform\u00f3 esta noche el Sistema Nacional de Emergencias (Sinae).<\/p>\n","protected":false},"excerpt":{"rendered":"<p>Tras haber reabierto las escuelas rurales, el gobierno de Uruguay analiza cu\u00e1ndo dispondr\u00e1 la reanudaci\u00f3n de las clases presenciales en los establecimientos de las zonas urbanas, mientras una encuesta revel\u00f3 que casi la mitad de los uruguayos no est\u00e1 dispuesta a mandar a sus hijos a los colegios. El presidente Luis Lacalle Pou se reuni\u00f3&#8230;<\/p>\n","protected":false},"author":2,"featured_media":1910,"comment_status":"open","ping_status":"open","sticky":false,"template":"","format":"standard","meta":{"footnotes":""},"categories":[1],"tags":[],"class_list":["post-1909","post","type-post","status-publish","format-standard","has-post-thumbnail","hentry","category-uncategorized"],"featured_image_src":"https:\/\/diarioprincipios.com\/wp-content\/uploads\/2020\/05\/gg-1.jpg","blog_images":{"medium":"https:\/\/diarioprincipios.com\/wp-content\/uploads\/2020\/05\/gg-1-300x160.jpg","large":"https:\/\/diarioprincipios.com\/wp-content\/uploads\/2020\/05\/gg-1.jpg"},"ams_acf":[],"yoast_head":"<!-- This site is optimized with the Yoast SEO plugin v27.3 - https:\/\/yoast.com\/product\/yoast-seo-wordpress\/ -->\n<title>La mitad de los uruguayos no quiere mandar a sus hijos a la escuela por el coronavirus - Principios<\/title>\n<meta name=\"robots\" content=\"index, follow, max-snippet:-1, max-image-preview:large, max-video-preview:-1\" \/>\n<link rel=\"canonical\" href=\"https:\/\/diarioprincipios.com\/index.php\/2020\/05\/20\/la-mitad-de-los-uruguayos-no-quiere-mandar-a-sus-hijos-a-la-escuela-por-el-coronavirus\/\" \/>\n<meta property=\"og:locale\" content=\"es_ES\" \/>\n<meta property=\"og:type\" content=\"article\" \/>\n<meta property=\"og:title\" content=\"La mitad de los uruguayos no quiere mandar a sus hijos a la escuela por el coronavirus - Principios\" \/>\n<meta property=\"og:description\" content=\"Tras haber reabierto las escuelas rurales, el gobierno de Uruguay analiza cu\u00e1ndo dispondr\u00e1 la reanudaci\u00f3n de las clases presenciales en los establecimientos de las zonas urbanas, mientras una encuesta revel\u00f3 que casi la mitad de los uruguayos no est\u00e1 dispuesta a mandar a sus hijos a los colegios. El presidente Luis Lacalle Pou se reuni\u00f3...\" \/>\n<meta property=\"og:url\" content=\"https:\/\/diarioprincipios.com\/index.php\/2020\/05\/20\/la-mitad-de-los-uruguayos-no-quiere-mandar-a-sus-hijos-a-la-escuela-por-el-coronavirus\/\" \/>\n<meta property=\"og:site_name\" content=\"Principios\" \/>\n<meta property=\"article:published_time\" content=\"2020-05-21T01:21:23+00:00\" \/>\n<meta property=\"article:modified_time\" content=\"2020-05-21T01:21:25+00:00\" \/>\n<meta property=\"og:image\" content=\"https:\/\/diarioprincipios.com\/wp-content\/uploads\/2020\/05\/gg-1.jpg\" \/>\n\t<meta property=\"og:image:width\" content=\"834\" \/>\n\t<meta property=\"og:image:height\" content=\"444\" \/>\n\t<meta property=\"og:image:type\" content=\"image\/jpeg\" \/>\n<meta name=\"author\" content=\"Hern\u00e1n L\u00f3pez\" \/>\n<meta name=\"twitter:card\" content=\"summary_large_image\" \/>\n<meta name=\"twitter:label1\" content=\"Escrito por\" \/>\n\t<meta name=\"twitter:data1\" content=\"Hern\u00e1n L\u00f3pez\" \/>\n\t<meta name=\"twitter:label2\" content=\"Tiempo de lectura\" \/>\n\t<meta name=\"twitter:data2\" content=\"2 minutos\" \/>\n<script type=\"application\/ld+json\" class=\"yoast-schema-graph\">{\"@context\":\"https:\\\/\\\/schema.org\",\"@graph\":[{\"@type\":\"Article\",\"@id\":\"https:\\\/\\\/diarioprincipios.com\\\/index.php\\\/2020\\\/05\\\/20\\\/la-mitad-de-los-uruguayos-no-quiere-mandar-a-sus-hijos-a-la-escuela-por-el-coronavirus\\\/#article\",\"isPartOf\":{\"@id\":\"https:\\\/\\\/diarioprincipios.com\\\/index.php\\\/2020\\\/05\\\/20\\\/la-mitad-de-los-uruguayos-no-quiere-mandar-a-sus-hijos-a-la-escuela-por-el-coronavirus\\\/\"},\"author\":{\"name\":\"Hern\u00e1n L\u00f3pez\",\"@id\":\"https:\\\/\\\/diarioprincipios.com\\\/#\\\/schema\\\/person\\\/436d5a1fd41a5e250e23ff5a6a7cb080\"},\"headline\":\"La mitad de los uruguayos no quiere mandar a sus hijos a la escuela por el coronavirus\",\"datePublished\":\"2020-05-21T01:21:23+00:00\",\"dateModified\":\"2020-05-21T01:21:25+00:00\",\"mainEntityOfPage\":{\"@id\":\"https:\\\/\\\/diarioprincipios.com\\\/index.php\\\/2020\\\/05\\\/20\\\/la-mitad-de-los-uruguayos-no-quiere-mandar-a-sus-hijos-a-la-escuela-por-el-coronavirus\\\/\"},\"wordCount\":340,\"commentCount\":0,\"publisher\":{\"@id\":\"https:\\\/\\\/diarioprincipios.com\\\/#organization\"},\"image\":{\"@id\":\"https:\\\/\\\/diarioprincipios.com\\\/index.php\\\/2020\\\/05\\\/20\\\/la-mitad-de-los-uruguayos-no-quiere-mandar-a-sus-hijos-a-la-escuela-por-el-coronavirus\\\/#primaryimage\"},\"thumbnailUrl\":\"https:\\\/\\\/diarioprincipios.com\\\/wp-content\\\/uploads\\\/2020\\\/05\\\/gg-1.jpg\",\"articleSection\":[\"Uncategorized\"],\"inLanguage\":\"es\",\"potentialAction\":[{\"@type\":\"CommentAction\",\"name\":\"Comment\",\"target\":[\"https:\\\/\\\/diarioprincipios.com\\\/index.php\\\/2020\\\/05\\\/20\\\/la-mitad-de-los-uruguayos-no-quiere-mandar-a-sus-hijos-a-la-escuela-por-el-coronavirus\\\/#respond\"]}]},{\"@type\":\"WebPage\",\"@id\":\"https:\\\/\\\/diarioprincipios.com\\\/index.php\\\/2020\\\/05\\\/20\\\/la-mitad-de-los-uruguayos-no-quiere-mandar-a-sus-hijos-a-la-escuela-por-el-coronavirus\\\/\",\"url\":\"https:\\\/\\\/diarioprincipios.com\\\/index.php\\\/2020\\\/05\\\/20\\\/la-mitad-de-los-uruguayos-no-quiere-mandar-a-sus-hijos-a-la-escuela-por-el-coronavirus\\\/\",\"name\":\"La mitad de los uruguayos no quiere mandar a sus hijos a la escuela por el coronavirus - Principios\",\"isPartOf\":{\"@id\":\"https:\\\/\\\/diarioprincipios.com\\\/#website\"},\"primaryImageOfPage\":{\"@id\":\"https:\\\/\\\/diarioprincipios.com\\\/index.php\\\/2020\\\/05\\\/20\\\/la-mitad-de-los-uruguayos-no-quiere-mandar-a-sus-hijos-a-la-escuela-por-el-coronavirus\\\/#primaryimage\"},\"image\":{\"@id\":\"https:\\\/\\\/diarioprincipios.com\\\/index.php\\\/2020\\\/05\\\/20\\\/la-mitad-de-los-uruguayos-no-quiere-mandar-a-sus-hijos-a-la-escuela-por-el-coronavirus\\\/#primaryimage\"},\"thumbnailUrl\":\"https:\\\/\\\/diarioprincipios.com\\\/wp-content\\\/uploads\\\/2020\\\/05\\\/gg-1.jpg\",\"datePublished\":\"2020-05-21T01:21:23+00:00\",\"dateModified\":\"2020-05-21T01:21:25+00:00\",\"breadcrumb\":{\"@id\":\"https:\\\/\\\/diarioprincipios.com\\\/index.php\\\/2020\\\/05\\\/20\\\/la-mitad-de-los-uruguayos-no-quiere-mandar-a-sus-hijos-a-la-escuela-por-el-coronavirus\\\/#breadcrumb\"},\"inLanguage\":\"es\",\"potentialAction\":[{\"@type\":\"ReadAction\",\"target\":[\"https:\\\/\\\/diarioprincipios.com\\\/index.php\\\/2020\\\/05\\\/20\\\/la-mitad-de-los-uruguayos-no-quiere-mandar-a-sus-hijos-a-la-escuela-por-el-coronavirus\\\/\"]}]},{\"@type\":\"ImageObject\",\"inLanguage\":\"es\",\"@id\":\"https:\\\/\\\/diarioprincipios.com\\\/index.php\\\/2020\\\/05\\\/20\\\/la-mitad-de-los-uruguayos-no-quiere-mandar-a-sus-hijos-a-la-escuela-por-el-coronavirus\\\/#primaryimage\",\"url\":\"https:\\\/\\\/diarioprincipios.com\\\/wp-content\\\/uploads\\\/2020\\\/05\\\/gg-1.jpg\",\"contentUrl\":\"https:\\\/\\\/diarioprincipios.com\\\/wp-content\\\/uploads\\\/2020\\\/05\\\/gg-1.jpg\",\"width\":834,\"height\":444},{\"@type\":\"BreadcrumbList\",\"@id\":\"https:\\\/\\\/diarioprincipios.com\\\/index.php\\\/2020\\\/05\\\/20\\\/la-mitad-de-los-uruguayos-no-quiere-mandar-a-sus-hijos-a-la-escuela-por-el-coronavirus\\\/#breadcrumb\",\"itemListElement\":[{\"@type\":\"ListItem\",\"position\":1,\"name\":\"Portada\",\"item\":\"https:\\\/\\\/diarioprincipios.com\\\/\"},{\"@type\":\"ListItem\",\"position\":2,\"name\":\"La mitad de los uruguayos no quiere mandar a sus hijos a la escuela por el coronavirus\"}]},{\"@type\":\"WebSite\",\"@id\":\"https:\\\/\\\/diarioprincipios.com\\\/#website\",\"url\":\"https:\\\/\\\/diarioprincipios.com\\\/\",\"name\":\"Principios\",\"description\":\"Principios Diario\",\"publisher\":{\"@id\":\"https:\\\/\\\/diarioprincipios.com\\\/#organization\"},\"potentialAction\":[{\"@type\":\"SearchAction\",\"target\":{\"@type\":\"EntryPoint\",\"urlTemplate\":\"https:\\\/\\\/diarioprincipios.com\\\/?s={search_term_string}\"},\"query-input\":{\"@type\":\"PropertyValueSpecification\",\"valueRequired\":true,\"valueName\":\"search_term_string\"}}],\"inLanguage\":\"es\"},{\"@type\":\"Organization\",\"@id\":\"https:\\\/\\\/diarioprincipios.com\\\/#organization\",\"name\":\"Principios\",\"url\":\"https:\\\/\\\/diarioprincipios.com\\\/\",\"logo\":{\"@type\":\"ImageObject\",\"inLanguage\":\"es\",\"@id\":\"https:\\\/\\\/diarioprincipios.com\\\/#\\\/schema\\\/logo\\\/image\\\/\",\"url\":\"https:\\\/\\\/diarioprincipios.com\\\/wp-content\\\/uploads\\\/2024\\\/04\\\/cropped-www.diarioprincipios.com_-1.png\",\"contentUrl\":\"https:\\\/\\\/diarioprincipios.com\\\/wp-content\\\/uploads\\\/2024\\\/04\\\/cropped-www.diarioprincipios.com_-1.png\",\"width\":5325,\"height\":1454,\"caption\":\"Principios\"},\"image\":{\"@id\":\"https:\\\/\\\/diarioprincipios.com\\\/#\\\/schema\\\/logo\\\/image\\\/\"}},{\"@type\":\"Person\",\"@id\":\"https:\\\/\\\/diarioprincipios.com\\\/#\\\/schema\\\/person\\\/436d5a1fd41a5e250e23ff5a6a7cb080\",\"name\":\"Hern\u00e1n L\u00f3pez\",\"image\":{\"@type\":\"ImageObject\",\"inLanguage\":\"es\",\"@id\":\"https:\\\/\\\/diarioprincipios.com\\\/wp-content\\\/litespeed\\\/avatar\\\/11ddfe5610ff3bd100522525b2571f48.jpg?ver=1777653193\",\"url\":\"https:\\\/\\\/diarioprincipios.com\\\/wp-content\\\/litespeed\\\/avatar\\\/11ddfe5610ff3bd100522525b2571f48.jpg?ver=1777653193\",\"contentUrl\":\"https:\\\/\\\/diarioprincipios.com\\\/wp-content\\\/litespeed\\\/avatar\\\/11ddfe5610ff3bd100522525b2571f48.jpg?ver=1777653193\",\"caption\":\"Hern\u00e1n L\u00f3pez\"},\"url\":\"https:\\\/\\\/diarioprincipios.com\\\/index.php\\\/author\\\/hernan\\\/\"}]}<\/script>\n<!-- \/ Yoast SEO plugin. -->","yoast_head_json":{"title":"La mitad de los uruguayos no quiere mandar a sus hijos a la escuela por el coronavirus - Principios","robots":{"index":"index","follow":"follow","max-snippet":"max-snippet:-1","max-image-preview":"max-image-preview:large","max-video-preview":"max-video-preview:-1"},"canonical":"https:\/\/diarioprincipios.com\/index.php\/2020\/05\/20\/la-mitad-de-los-uruguayos-no-quiere-mandar-a-sus-hijos-a-la-escuela-por-el-coronavirus\/","og_locale":"es_ES","og_type":"article","og_title":"La mitad de los uruguayos no quiere mandar a sus hijos a la escuela por el coronavirus - Principios","og_description":"Tras haber reabierto las escuelas rurales, el gobierno de Uruguay analiza cu\u00e1ndo dispondr\u00e1 la reanudaci\u00f3n de las clases presenciales en los establecimientos de las zonas urbanas, mientras una encuesta revel\u00f3 que casi la mitad de los uruguayos no est\u00e1 dispuesta a mandar a sus hijos a los colegios. El presidente Luis Lacalle Pou se reuni\u00f3...","og_url":"https:\/\/diarioprincipios.com\/index.php\/2020\/05\/20\/la-mitad-de-los-uruguayos-no-quiere-mandar-a-sus-hijos-a-la-escuela-por-el-coronavirus\/","og_site_name":"Principios","article_published_time":"2020-05-21T01:21:23+00:00","article_modified_time":"2020-05-21T01:21:25+00:00","og_image":[{"width":834,"height":444,"url":"https:\/\/diarioprincipios.com\/wp-content\/uploads\/2020\/05\/gg-1.jpg","type":"image\/jpeg"}],"author":"Hern\u00e1n L\u00f3pez","twitter_card":"summary_large_image","twitter_misc":{"Escrito por":"Hern\u00e1n L\u00f3pez","Tiempo de lectura":"2 minutos"},"schema":{"@context":"https:\/\/schema.org","@graph":[{"@type":"Article","@id":"https:\/\/diarioprincipios.com\/index.php\/2020\/05\/20\/la-mitad-de-los-uruguayos-no-quiere-mandar-a-sus-hijos-a-la-escuela-por-el-coronavirus\/#article","isPartOf":{"@id":"https:\/\/diarioprincipios.com\/index.php\/2020\/05\/20\/la-mitad-de-los-uruguayos-no-quiere-mandar-a-sus-hijos-a-la-escuela-por-el-coronavirus\/"},"author":{"name":"Hern\u00e1n L\u00f3pez","@id":"https:\/\/diarioprincipios.com\/#\/schema\/person\/436d5a1fd41a5e250e23ff5a6a7cb080"},"headline":"La mitad de los uruguayos no quiere mandar a sus hijos a la escuela por el coronavirus","datePublished":"2020-05-21T01:21:23+00:00","dateModified":"2020-05-21T01:21:25+00:00","mainEntityOfPage":{"@id":"https:\/\/diarioprincipios.com\/index.php\/2020\/05\/20\/la-mitad-de-los-uruguayos-no-quiere-mandar-a-sus-hijos-a-la-escuela-por-el-coronavirus\/"},"wordCount":340,"commentCount":0,"publisher":{"@id":"https:\/\/diarioprincipios.com\/#organization"},"image":{"@id":"https:\/\/diarioprincipios.com\/index.php\/2020\/05\/20\/la-mitad-de-los-uruguayos-no-quiere-mandar-a-sus-hijos-a-la-escuela-por-el-coronavirus\/#primaryimage"},"thumbnailUrl":"https:\/\/diarioprincipios.com\/wp-content\/uploads\/2020\/05\/gg-1.jpg","articleSection":["Uncategorized"],"inLanguage":"es","potentialAction":[{"@type":"CommentAction","name":"Comment","target":["https:\/\/diarioprincipios.com\/index.php\/2020\/05\/20\/la-mitad-de-los-uruguayos-no-quiere-mandar-a-sus-hijos-a-la-escuela-por-el-coronavirus\/#respond"]}]},{"@type":"WebPage","@id":"https:\/\/diarioprincipios.com\/index.php\/2020\/05\/20\/la-mitad-de-los-uruguayos-no-quiere-mandar-a-sus-hijos-a-la-escuela-por-el-coronavirus\/","url":"https:\/\/diarioprincipios.com\/index.php\/2020\/05\/20\/la-mitad-de-los-uruguayos-no-quiere-mandar-a-sus-hijos-a-la-escuela-por-el-coronavirus\/","name":"La mitad de los uruguayos no quiere mandar a sus hijos a la escuela por el coronavirus - Principios","isPartOf":{"@id":"https:\/\/diarioprincipios.com\/#website"},"primaryImageOfPage":{"@id":"https:\/\/diarioprincipios.com\/index.php\/2020\/05\/20\/la-mitad-de-los-uruguayos-no-quiere-mandar-a-sus-hijos-a-la-escuela-por-el-coronavirus\/#primaryimage"},"image":{"@id":"https:\/\/diarioprincipios.com\/index.php\/2020\/05\/20\/la-mitad-de-los-uruguayos-no-quiere-mandar-a-sus-hijos-a-la-escuela-por-el-coronavirus\/#primaryimage"},"thumbnailUrl":"https:\/\/diarioprincipios.com\/wp-content\/uploads\/2020\/05\/gg-1.jpg","datePublished":"2020-05-21T01:21:23+00:00","dateModified":"2020-05-21T01:21:25+00:00","breadcrumb":{"@id":"https:\/\/diarioprincipios.com\/index.php\/2020\/05\/20\/la-mitad-de-los-uruguayos-no-quiere-mandar-a-sus-hijos-a-la-escuela-por-el-coronavirus\/#breadcrumb"},"inLanguage":"es","potentialAction":[{"@type":"ReadAction","target":["https:\/\/diarioprincipios.com\/index.php\/2020\/05\/20\/la-mitad-de-los-uruguayos-no-quiere-mandar-a-sus-hijos-a-la-escuela-por-el-coronavirus\/"]}]},{"@type":"ImageObject","inLanguage":"es","@id":"https:\/\/diarioprincipios.com\/index.php\/2020\/05\/20\/la-mitad-de-los-uruguayos-no-quiere-mandar-a-sus-hijos-a-la-escuela-por-el-coronavirus\/#primaryimage","url":"https:\/\/diarioprincipios.com\/wp-content\/uploads\/2020\/05\/gg-1.jpg","contentUrl":"https:\/\/diarioprincipios.com\/wp-content\/uploads\/2020\/05\/gg-1.jpg","width":834,"height":444},{"@type":"BreadcrumbList","@id":"https:\/\/diarioprincipios.com\/index.php\/2020\/05\/20\/la-mitad-de-los-uruguayos-no-quiere-mandar-a-sus-hijos-a-la-escuela-por-el-coronavirus\/#breadcrumb","itemListElement":[{"@type":"ListItem","position":1,"name":"Portada","item":"https:\/\/diarioprincipios.com\/"},{"@type":"ListItem","position":2,"name":"La mitad de los uruguayos no quiere mandar a sus hijos a la escuela por el coronavirus"}]},{"@type":"WebSite","@id":"https:\/\/diarioprincipios.com\/#website","url":"https:\/\/diarioprincipios.com\/","name":"Principios","description":"Principios Diario","publisher":{"@id":"https:\/\/diarioprincipios.com\/#organization"},"potentialAction":[{"@type":"SearchAction","target":{"@type":"EntryPoint","urlTemplate":"https:\/\/diarioprincipios.com\/?s={search_term_string}"},"query-input":{"@type":"PropertyValueSpecification","valueRequired":true,"valueName":"search_term_string"}}],"inLanguage":"es"},{"@type":"Organization","@id":"https:\/\/diarioprincipios.com\/#organization","name":"Principios","url":"https:\/\/diarioprincipios.com\/","logo":{"@type":"ImageObject","inLanguage":"es","@id":"https:\/\/diarioprincipios.com\/#\/schema\/logo\/image\/","url":"https:\/\/diarioprincipios.com\/wp-content\/uploads\/2024\/04\/cropped-www.diarioprincipios.com_-1.png","contentUrl":"https:\/\/diarioprincipios.com\/wp-content\/uploads\/2024\/04\/cropped-www.diarioprincipios.com_-1.png","width":5325,"height":1454,"caption":"Principios"},"image":{"@id":"https:\/\/diarioprincipios.com\/#\/schema\/logo\/image\/"}},{"@type":"Person","@id":"https:\/\/diarioprincipios.com\/#\/schema\/person\/436d5a1fd41a5e250e23ff5a6a7cb080","name":"Hern\u00e1n L\u00f3pez","image":{"@type":"ImageObject","inLanguage":"es","@id":"https:\/\/diarioprincipios.com\/wp-content\/litespeed\/avatar\/11ddfe5610ff3bd100522525b2571f48.jpg?ver=1777653193","url":"https:\/\/diarioprincipios.com\/wp-content\/litespeed\/avatar\/11ddfe5610ff3bd100522525b2571f48.jpg?ver=1777653193","contentUrl":"https:\/\/diarioprincipios.com\/wp-content\/litespeed\/avatar\/11ddfe5610ff3bd100522525b2571f48.jpg?ver=1777653193","caption":"Hern\u00e1n L\u00f3pez"},"url":"https:\/\/diarioprincipios.com\/index.php\/author\/hernan\/"}]}},"jetpack_featured_media_url":"https:\/\/diarioprincipios.com\/wp-content\/uploads\/2020\/05\/gg-1.jpg","_links":{"self":[{"href":"https:\/\/diarioprincipios.com\/index.php\/wp-json\/wp\/v2\/posts\/1909","targetHints":{"allow":["GET"]}}],"collection":[{"href":"https:\/\/diarioprincipios.com\/index.php\/wp-json\/wp\/v2\/posts"}],"about":[{"href":"https:\/\/diarioprincipios.com\/index.php\/wp-json\/wp\/v2\/types\/post"}],"author":[{"embeddable":true,"href":"https:\/\/diarioprincipios.com\/index.php\/wp-json\/wp\/v2\/users\/2"}],"replies":[{"embeddable":true,"href":"https:\/\/diarioprincipios.com\/index.php\/wp-json\/wp\/v2\/comments?post=1909"}],"version-history":[{"count":1,"href":"https:\/\/diarioprincipios.com\/index.php\/wp-json\/wp\/v2\/posts\/1909\/revisions"}],"predecessor-version":[{"id":1911,"href":"https:\/\/diarioprincipios.com\/index.php\/wp-json\/wp\/v2\/posts\/1909\/revisions\/1911"}],"wp:featuredmedia":[{"embeddable":true,"href":"https:\/\/diarioprincipios.com\/index.php\/wp-json\/wp\/v2\/media\/1910"}],"wp:attachment":[{"href":"https:\/\/diarioprincipios.com\/index.php\/wp-json\/wp\/v2\/media?parent=1909"}],"wp:term":[{"taxonomy":"category","embeddable":true,"href":"https:\/\/diarioprincipios.com\/index.php\/wp-json\/wp\/v2\/categories?post=1909"},{"taxonomy":"post_tag","embeddable":true,"href":"https:\/\/diarioprincipios.com\/index.php\/wp-json\/wp\/v2\/tags?post=1909"}],"curies":[{"name":"wp","href":"https:\/\/api.w.org\/{rel}","templated":true}]}}