{"id":19034,"date":"2023-09-28T17:09:47","date_gmt":"2023-09-28T20:09:47","guid":{"rendered":"http:\/\/diarioprincipios.com\/?p=19034"},"modified":"2023-10-01T09:05:11","modified_gmt":"2023-10-01T12:05:11","slug":"avanzan-los-trabajos-de-extension-de-la-red-cloacal-en-ranelagh","status":"publish","type":"post","link":"https:\/\/diarioprincipios.com\/index.php\/2023\/09\/28\/avanzan-los-trabajos-de-extension-de-la-red-cloacal-en-ranelagh\/","title":{"rendered":"Avanzan los trabajos de extensi\u00f3n de la red cloacal en Ranelagh"},"content":{"rendered":"\n<p><strong>Avanzan los trabajos de extensi\u00f3n de la red cloacal en la localidad de Ranelagh, que benefician a m\u00e1s de 2200 domicilios de los barrios San Blas, Los Perales y El Rinc\u00f3n. Las obras fueron gestionadas por el intendente de Berazategui, Juan Jos\u00e9 Mussi, ante el Gobierno de la provincia de Buenos Aires.<\/strong><\/p>\n\n\n\n<figure class=\"wp-block-image size-large\"><img loading=\"lazy\" decoding=\"async\" width=\"1024\" height=\"682\" src=\"https:\/\/diarioprincipios.com\/wp-content\/uploads\/2023\/09\/1000169832-1024x682.jpg\" alt=\"\" class=\"wp-image-19035\" srcset=\"https:\/\/diarioprincipios.com\/wp-content\/uploads\/2023\/09\/1000169832-1024x682.jpg 1024w, https:\/\/diarioprincipios.com\/wp-content\/uploads\/2023\/09\/1000169832-300x200.jpg 300w, https:\/\/diarioprincipios.com\/wp-content\/uploads\/2023\/09\/1000169832-768x512.jpg 768w, https:\/\/diarioprincipios.com\/wp-content\/uploads\/2023\/09\/1000169832-1536x1023.jpg 1536w, https:\/\/diarioprincipios.com\/wp-content\/uploads\/2023\/09\/1000169832.jpg 1600w\" sizes=\"auto, (max-width: 1024px) 100vw, 1024px\" \/><\/figure>\n\n\n\n<p>\u201cLos trabajos comprenden m\u00e1s de 15 mil metros de ca\u00f1er\u00eda para toda la red, que se extiende desde la Av. Vergara hasta la calle 138 y desde Av. Milazzo hasta 45. El tiempo de realizaci\u00f3n ser\u00e1 de aproximadamente un a\u00f1o y medio, y brindar\u00e1 soluciones a los vecinos en materia de desag\u00fces cloacales\u201d, inform\u00f3 el secretario de Servicios P\u00fablicos de la Municipalidad, Sergio Faccenda.<\/p>\n\n\n\n<figure class=\"wp-block-image size-large\"><img loading=\"lazy\" decoding=\"async\" width=\"1024\" height=\"682\" src=\"https:\/\/diarioprincipios.com\/wp-content\/uploads\/2023\/09\/1000169833-1024x682.jpg\" alt=\"\" class=\"wp-image-19036\" srcset=\"https:\/\/diarioprincipios.com\/wp-content\/uploads\/2023\/09\/1000169833-1024x682.jpg 1024w, https:\/\/diarioprincipios.com\/wp-content\/uploads\/2023\/09\/1000169833-300x200.jpg 300w, https:\/\/diarioprincipios.com\/wp-content\/uploads\/2023\/09\/1000169833-768x512.jpg 768w, https:\/\/diarioprincipios.com\/wp-content\/uploads\/2023\/09\/1000169833-1536x1023.jpg 1536w, https:\/\/diarioprincipios.com\/wp-content\/uploads\/2023\/09\/1000169833.jpg 1600w\" sizes=\"auto, (max-width: 1024px) 100vw, 1024px\" \/><\/figure>\n\n\n\n<p>Adem\u00e1s, a\u00f1adi\u00f3: \u201cIncluye los barrios San Blas y Los Perales, beneficiando a m\u00e1s de 2200 domicilios, as\u00ed que es una obra important\u00edsima. Adem\u00e1s, en breve vamos a comenzar en el barrio El Rinc\u00f3n. De esta manera, seguimos avanzando en la cobertura de la red cloacal para todos los vecinos y vecinas de Berazategui\u201d.<\/p>\n","protected":false},"excerpt":{"rendered":"<p>Avanzan los trabajos de extensi\u00f3n de la red cloacal en la localidad de Ranelagh, que benefician a m\u00e1s de 2200 domicilios de los barrios San Blas, Los Perales y El Rinc\u00f3n. Las obras fueron gestionadas por el intendente de Berazategui, Juan Jos\u00e9 Mussi, ante el Gobierno de la provincia de Buenos Aires. \u201cLos trabajos comprenden&#8230;<\/p>\n","protected":false},"author":2,"featured_media":19037,"comment_status":"open","ping_status":"open","sticky":false,"template":"","format":"standard","meta":{"footnotes":""},"categories":[3],"tags":[],"class_list":["post-19034","post","type-post","status-publish","format-standard","has-post-thumbnail","hentry","category-berazategui"],"featured_image_src":"https:\/\/diarioprincipios.com\/wp-content\/uploads\/2023\/09\/IMPORTANTE-OBRA-DE-EXTENSION-CLOACAL-EN-RANELAGH-3-1-1024x682.jpg","blog_images":{"medium":"https:\/\/diarioprincipios.com\/wp-content\/uploads\/2023\/09\/IMPORTANTE-OBRA-DE-EXTENSION-CLOACAL-EN-RANELAGH-3-1-300x200.jpg","large":"https:\/\/diarioprincipios.com\/wp-content\/uploads\/2023\/09\/IMPORTANTE-OBRA-DE-EXTENSION-CLOACAL-EN-RANELAGH-3-1-1024x682.jpg"},"ams_acf":[],"yoast_head":"<!-- This site is optimized with the Yoast SEO plugin v27.3 - https:\/\/yoast.com\/product\/yoast-seo-wordpress\/ -->\n<title>Avanzan los trabajos de extensi\u00f3n de la red cloacal en Ranelagh - Principios<\/title>\n<meta name=\"robots\" content=\"index, follow, max-snippet:-1, max-image-preview:large, max-video-preview:-1\" \/>\n<link rel=\"canonical\" href=\"https:\/\/diarioprincipios.com\/index.php\/2023\/09\/28\/avanzan-los-trabajos-de-extension-de-la-red-cloacal-en-ranelagh\/\" \/>\n<meta property=\"og:locale\" content=\"es_ES\" \/>\n<meta property=\"og:type\" content=\"article\" \/>\n<meta property=\"og:title\" content=\"Avanzan los trabajos de extensi\u00f3n de la red cloacal en Ranelagh - Principios\" \/>\n<meta property=\"og:description\" content=\"Avanzan los trabajos de extensi\u00f3n de la red cloacal en la localidad de Ranelagh, que benefician a m\u00e1s de 2200 domicilios de los barrios San Blas, Los Perales y El Rinc\u00f3n. Las obras fueron gestionadas por el intendente de Berazategui, Juan Jos\u00e9 Mussi, ante el Gobierno de la provincia de Buenos Aires. \u201cLos trabajos comprenden...\" \/>\n<meta property=\"og:url\" content=\"https:\/\/diarioprincipios.com\/index.php\/2023\/09\/28\/avanzan-los-trabajos-de-extension-de-la-red-cloacal-en-ranelagh\/\" \/>\n<meta property=\"og:site_name\" content=\"Principios\" \/>\n<meta property=\"article:published_time\" content=\"2023-09-28T20:09:47+00:00\" \/>\n<meta property=\"article:modified_time\" content=\"2023-10-01T12:05:11+00:00\" \/>\n<meta property=\"og:image\" content=\"https:\/\/diarioprincipios.com\/wp-content\/uploads\/2023\/09\/IMPORTANTE-OBRA-DE-EXTENSION-CLOACAL-EN-RANELAGH-3-1.jpg\" \/>\n\t<meta property=\"og:image:width\" content=\"1600\" \/>\n\t<meta property=\"og:image:height\" content=\"1066\" \/>\n\t<meta property=\"og:image:type\" content=\"image\/jpeg\" \/>\n<meta name=\"author\" content=\"Hern\u00e1n L\u00f3pez\" \/>\n<meta name=\"twitter:card\" content=\"summary_large_image\" \/>\n<meta name=\"twitter:label1\" content=\"Escrito por\" \/>\n\t<meta name=\"twitter:data1\" content=\"Hern\u00e1n L\u00f3pez\" \/>\n\t<meta name=\"twitter:label2\" content=\"Tiempo de lectura\" \/>\n\t<meta name=\"twitter:data2\" content=\"2 minutos\" \/>\n<script type=\"application\/ld+json\" class=\"yoast-schema-graph\">{\"@context\":\"https:\\\/\\\/schema.org\",\"@graph\":[{\"@type\":\"Article\",\"@id\":\"https:\\\/\\\/diarioprincipios.com\\\/index.php\\\/2023\\\/09\\\/28\\\/avanzan-los-trabajos-de-extension-de-la-red-cloacal-en-ranelagh\\\/#article\",\"isPartOf\":{\"@id\":\"https:\\\/\\\/diarioprincipios.com\\\/index.php\\\/2023\\\/09\\\/28\\\/avanzan-los-trabajos-de-extension-de-la-red-cloacal-en-ranelagh\\\/\"},\"author\":{\"name\":\"Hern\u00e1n L\u00f3pez\",\"@id\":\"https:\\\/\\\/diarioprincipios.com\\\/#\\\/schema\\\/person\\\/436d5a1fd41a5e250e23ff5a6a7cb080\"},\"headline\":\"Avanzan los trabajos de extensi\u00f3n de la red cloacal en Ranelagh\",\"datePublished\":\"2023-09-28T20:09:47+00:00\",\"dateModified\":\"2023-10-01T12:05:11+00:00\",\"mainEntityOfPage\":{\"@id\":\"https:\\\/\\\/diarioprincipios.com\\\/index.php\\\/2023\\\/09\\\/28\\\/avanzan-los-trabajos-de-extension-de-la-red-cloacal-en-ranelagh\\\/\"},\"wordCount\":192,\"commentCount\":0,\"publisher\":{\"@id\":\"https:\\\/\\\/diarioprincipios.com\\\/#organization\"},\"image\":{\"@id\":\"https:\\\/\\\/diarioprincipios.com\\\/index.php\\\/2023\\\/09\\\/28\\\/avanzan-los-trabajos-de-extension-de-la-red-cloacal-en-ranelagh\\\/#primaryimage\"},\"thumbnailUrl\":\"https:\\\/\\\/diarioprincipios.com\\\/wp-content\\\/uploads\\\/2023\\\/09\\\/IMPORTANTE-OBRA-DE-EXTENSION-CLOACAL-EN-RANELAGH-3-1.jpg\",\"articleSection\":[\"Berazategui\"],\"inLanguage\":\"es\",\"potentialAction\":[{\"@type\":\"CommentAction\",\"name\":\"Comment\",\"target\":[\"https:\\\/\\\/diarioprincipios.com\\\/index.php\\\/2023\\\/09\\\/28\\\/avanzan-los-trabajos-de-extension-de-la-red-cloacal-en-ranelagh\\\/#respond\"]}]},{\"@type\":\"WebPage\",\"@id\":\"https:\\\/\\\/diarioprincipios.com\\\/index.php\\\/2023\\\/09\\\/28\\\/avanzan-los-trabajos-de-extension-de-la-red-cloacal-en-ranelagh\\\/\",\"url\":\"https:\\\/\\\/diarioprincipios.com\\\/index.php\\\/2023\\\/09\\\/28\\\/avanzan-los-trabajos-de-extension-de-la-red-cloacal-en-ranelagh\\\/\",\"name\":\"Avanzan los trabajos de extensi\u00f3n de la red cloacal en Ranelagh - Principios\",\"isPartOf\":{\"@id\":\"https:\\\/\\\/diarioprincipios.com\\\/#website\"},\"primaryImageOfPage\":{\"@id\":\"https:\\\/\\\/diarioprincipios.com\\\/index.php\\\/2023\\\/09\\\/28\\\/avanzan-los-trabajos-de-extension-de-la-red-cloacal-en-ranelagh\\\/#primaryimage\"},\"image\":{\"@id\":\"https:\\\/\\\/diarioprincipios.com\\\/index.php\\\/2023\\\/09\\\/28\\\/avanzan-los-trabajos-de-extension-de-la-red-cloacal-en-ranelagh\\\/#primaryimage\"},\"thumbnailUrl\":\"https:\\\/\\\/diarioprincipios.com\\\/wp-content\\\/uploads\\\/2023\\\/09\\\/IMPORTANTE-OBRA-DE-EXTENSION-CLOACAL-EN-RANELAGH-3-1.jpg\",\"datePublished\":\"2023-09-28T20:09:47+00:00\",\"dateModified\":\"2023-10-01T12:05:11+00:00\",\"breadcrumb\":{\"@id\":\"https:\\\/\\\/diarioprincipios.com\\\/index.php\\\/2023\\\/09\\\/28\\\/avanzan-los-trabajos-de-extension-de-la-red-cloacal-en-ranelagh\\\/#breadcrumb\"},\"inLanguage\":\"es\",\"potentialAction\":[{\"@type\":\"ReadAction\",\"target\":[\"https:\\\/\\\/diarioprincipios.com\\\/index.php\\\/2023\\\/09\\\/28\\\/avanzan-los-trabajos-de-extension-de-la-red-cloacal-en-ranelagh\\\/\"]}]},{\"@type\":\"ImageObject\",\"inLanguage\":\"es\",\"@id\":\"https:\\\/\\\/diarioprincipios.com\\\/index.php\\\/2023\\\/09\\\/28\\\/avanzan-los-trabajos-de-extension-de-la-red-cloacal-en-ranelagh\\\/#primaryimage\",\"url\":\"https:\\\/\\\/diarioprincipios.com\\\/wp-content\\\/uploads\\\/2023\\\/09\\\/IMPORTANTE-OBRA-DE-EXTENSION-CLOACAL-EN-RANELAGH-3-1.jpg\",\"contentUrl\":\"https:\\\/\\\/diarioprincipios.com\\\/wp-content\\\/uploads\\\/2023\\\/09\\\/IMPORTANTE-OBRA-DE-EXTENSION-CLOACAL-EN-RANELAGH-3-1.jpg\",\"width\":1600,\"height\":1066},{\"@type\":\"BreadcrumbList\",\"@id\":\"https:\\\/\\\/diarioprincipios.com\\\/index.php\\\/2023\\\/09\\\/28\\\/avanzan-los-trabajos-de-extension-de-la-red-cloacal-en-ranelagh\\\/#breadcrumb\",\"itemListElement\":[{\"@type\":\"ListItem\",\"position\":1,\"name\":\"Portada\",\"item\":\"https:\\\/\\\/diarioprincipios.com\\\/\"},{\"@type\":\"ListItem\",\"position\":2,\"name\":\"Avanzan los trabajos de extensi\u00f3n de la red cloacal en Ranelagh\"}]},{\"@type\":\"WebSite\",\"@id\":\"https:\\\/\\\/diarioprincipios.com\\\/#website\",\"url\":\"https:\\\/\\\/diarioprincipios.com\\\/\",\"name\":\"Principios\",\"description\":\"Principios Diario\",\"publisher\":{\"@id\":\"https:\\\/\\\/diarioprincipios.com\\\/#organization\"},\"potentialAction\":[{\"@type\":\"SearchAction\",\"target\":{\"@type\":\"EntryPoint\",\"urlTemplate\":\"https:\\\/\\\/diarioprincipios.com\\\/?s={search_term_string}\"},\"query-input\":{\"@type\":\"PropertyValueSpecification\",\"valueRequired\":true,\"valueName\":\"search_term_string\"}}],\"inLanguage\":\"es\"},{\"@type\":\"Organization\",\"@id\":\"https:\\\/\\\/diarioprincipios.com\\\/#organization\",\"name\":\"Principios\",\"url\":\"https:\\\/\\\/diarioprincipios.com\\\/\",\"logo\":{\"@type\":\"ImageObject\",\"inLanguage\":\"es\",\"@id\":\"https:\\\/\\\/diarioprincipios.com\\\/#\\\/schema\\\/logo\\\/image\\\/\",\"url\":\"https:\\\/\\\/diarioprincipios.com\\\/wp-content\\\/uploads\\\/2024\\\/04\\\/cropped-www.diarioprincipios.com_-1.png\",\"contentUrl\":\"https:\\\/\\\/diarioprincipios.com\\\/wp-content\\\/uploads\\\/2024\\\/04\\\/cropped-www.diarioprincipios.com_-1.png\",\"width\":5325,\"height\":1454,\"caption\":\"Principios\"},\"image\":{\"@id\":\"https:\\\/\\\/diarioprincipios.com\\\/#\\\/schema\\\/logo\\\/image\\\/\"}},{\"@type\":\"Person\",\"@id\":\"https:\\\/\\\/diarioprincipios.com\\\/#\\\/schema\\\/person\\\/436d5a1fd41a5e250e23ff5a6a7cb080\",\"name\":\"Hern\u00e1n L\u00f3pez\",\"image\":{\"@type\":\"ImageObject\",\"inLanguage\":\"es\",\"@id\":\"https:\\\/\\\/diarioprincipios.com\\\/wp-content\\\/litespeed\\\/avatar\\\/11ddfe5610ff3bd100522525b2571f48.jpg?ver=1777048341\",\"url\":\"https:\\\/\\\/diarioprincipios.com\\\/wp-content\\\/litespeed\\\/avatar\\\/11ddfe5610ff3bd100522525b2571f48.jpg?ver=1777048341\",\"contentUrl\":\"https:\\\/\\\/diarioprincipios.com\\\/wp-content\\\/litespeed\\\/avatar\\\/11ddfe5610ff3bd100522525b2571f48.jpg?ver=1777048341\",\"caption\":\"Hern\u00e1n L\u00f3pez\"},\"url\":\"https:\\\/\\\/diarioprincipios.com\\\/index.php\\\/author\\\/hernan\\\/\"}]}<\/script>\n<!-- \/ Yoast SEO plugin. -->","yoast_head_json":{"title":"Avanzan los trabajos de extensi\u00f3n de la red cloacal en Ranelagh - Principios","robots":{"index":"index","follow":"follow","max-snippet":"max-snippet:-1","max-image-preview":"max-image-preview:large","max-video-preview":"max-video-preview:-1"},"canonical":"https:\/\/diarioprincipios.com\/index.php\/2023\/09\/28\/avanzan-los-trabajos-de-extension-de-la-red-cloacal-en-ranelagh\/","og_locale":"es_ES","og_type":"article","og_title":"Avanzan los trabajos de extensi\u00f3n de la red cloacal en Ranelagh - Principios","og_description":"Avanzan los trabajos de extensi\u00f3n de la red cloacal en la localidad de Ranelagh, que benefician a m\u00e1s de 2200 domicilios de los barrios San Blas, Los Perales y El Rinc\u00f3n. Las obras fueron gestionadas por el intendente de Berazategui, Juan Jos\u00e9 Mussi, ante el Gobierno de la provincia de Buenos Aires. \u201cLos trabajos comprenden...","og_url":"https:\/\/diarioprincipios.com\/index.php\/2023\/09\/28\/avanzan-los-trabajos-de-extension-de-la-red-cloacal-en-ranelagh\/","og_site_name":"Principios","article_published_time":"2023-09-28T20:09:47+00:00","article_modified_time":"2023-10-01T12:05:11+00:00","og_image":[{"width":1600,"height":1066,"url":"https:\/\/diarioprincipios.com\/wp-content\/uploads\/2023\/09\/IMPORTANTE-OBRA-DE-EXTENSION-CLOACAL-EN-RANELAGH-3-1.jpg","type":"image\/jpeg"}],"author":"Hern\u00e1n L\u00f3pez","twitter_card":"summary_large_image","twitter_misc":{"Escrito por":"Hern\u00e1n L\u00f3pez","Tiempo de lectura":"2 minutos"},"schema":{"@context":"https:\/\/schema.org","@graph":[{"@type":"Article","@id":"https:\/\/diarioprincipios.com\/index.php\/2023\/09\/28\/avanzan-los-trabajos-de-extension-de-la-red-cloacal-en-ranelagh\/#article","isPartOf":{"@id":"https:\/\/diarioprincipios.com\/index.php\/2023\/09\/28\/avanzan-los-trabajos-de-extension-de-la-red-cloacal-en-ranelagh\/"},"author":{"name":"Hern\u00e1n L\u00f3pez","@id":"https:\/\/diarioprincipios.com\/#\/schema\/person\/436d5a1fd41a5e250e23ff5a6a7cb080"},"headline":"Avanzan los trabajos de extensi\u00f3n de la red cloacal en Ranelagh","datePublished":"2023-09-28T20:09:47+00:00","dateModified":"2023-10-01T12:05:11+00:00","mainEntityOfPage":{"@id":"https:\/\/diarioprincipios.com\/index.php\/2023\/09\/28\/avanzan-los-trabajos-de-extension-de-la-red-cloacal-en-ranelagh\/"},"wordCount":192,"commentCount":0,"publisher":{"@id":"https:\/\/diarioprincipios.com\/#organization"},"image":{"@id":"https:\/\/diarioprincipios.com\/index.php\/2023\/09\/28\/avanzan-los-trabajos-de-extension-de-la-red-cloacal-en-ranelagh\/#primaryimage"},"thumbnailUrl":"https:\/\/diarioprincipios.com\/wp-content\/uploads\/2023\/09\/IMPORTANTE-OBRA-DE-EXTENSION-CLOACAL-EN-RANELAGH-3-1.jpg","articleSection":["Berazategui"],"inLanguage":"es","potentialAction":[{"@type":"CommentAction","name":"Comment","target":["https:\/\/diarioprincipios.com\/index.php\/2023\/09\/28\/avanzan-los-trabajos-de-extension-de-la-red-cloacal-en-ranelagh\/#respond"]}]},{"@type":"WebPage","@id":"https:\/\/diarioprincipios.com\/index.php\/2023\/09\/28\/avanzan-los-trabajos-de-extension-de-la-red-cloacal-en-ranelagh\/","url":"https:\/\/diarioprincipios.com\/index.php\/2023\/09\/28\/avanzan-los-trabajos-de-extension-de-la-red-cloacal-en-ranelagh\/","name":"Avanzan los trabajos de extensi\u00f3n de la red cloacal en Ranelagh - Principios","isPartOf":{"@id":"https:\/\/diarioprincipios.com\/#website"},"primaryImageOfPage":{"@id":"https:\/\/diarioprincipios.com\/index.php\/2023\/09\/28\/avanzan-los-trabajos-de-extension-de-la-red-cloacal-en-ranelagh\/#primaryimage"},"image":{"@id":"https:\/\/diarioprincipios.com\/index.php\/2023\/09\/28\/avanzan-los-trabajos-de-extension-de-la-red-cloacal-en-ranelagh\/#primaryimage"},"thumbnailUrl":"https:\/\/diarioprincipios.com\/wp-content\/uploads\/2023\/09\/IMPORTANTE-OBRA-DE-EXTENSION-CLOACAL-EN-RANELAGH-3-1.jpg","datePublished":"2023-09-28T20:09:47+00:00","dateModified":"2023-10-01T12:05:11+00:00","breadcrumb":{"@id":"https:\/\/diarioprincipios.com\/index.php\/2023\/09\/28\/avanzan-los-trabajos-de-extension-de-la-red-cloacal-en-ranelagh\/#breadcrumb"},"inLanguage":"es","potentialAction":[{"@type":"ReadAction","target":["https:\/\/diarioprincipios.com\/index.php\/2023\/09\/28\/avanzan-los-trabajos-de-extension-de-la-red-cloacal-en-ranelagh\/"]}]},{"@type":"ImageObject","inLanguage":"es","@id":"https:\/\/diarioprincipios.com\/index.php\/2023\/09\/28\/avanzan-los-trabajos-de-extension-de-la-red-cloacal-en-ranelagh\/#primaryimage","url":"https:\/\/diarioprincipios.com\/wp-content\/uploads\/2023\/09\/IMPORTANTE-OBRA-DE-EXTENSION-CLOACAL-EN-RANELAGH-3-1.jpg","contentUrl":"https:\/\/diarioprincipios.com\/wp-content\/uploads\/2023\/09\/IMPORTANTE-OBRA-DE-EXTENSION-CLOACAL-EN-RANELAGH-3-1.jpg","width":1600,"height":1066},{"@type":"BreadcrumbList","@id":"https:\/\/diarioprincipios.com\/index.php\/2023\/09\/28\/avanzan-los-trabajos-de-extension-de-la-red-cloacal-en-ranelagh\/#breadcrumb","itemListElement":[{"@type":"ListItem","position":1,"name":"Portada","item":"https:\/\/diarioprincipios.com\/"},{"@type":"ListItem","position":2,"name":"Avanzan los trabajos de extensi\u00f3n de la red cloacal en Ranelagh"}]},{"@type":"WebSite","@id":"https:\/\/diarioprincipios.com\/#website","url":"https:\/\/diarioprincipios.com\/","name":"Principios","description":"Principios Diario","publisher":{"@id":"https:\/\/diarioprincipios.com\/#organization"},"potentialAction":[{"@type":"SearchAction","target":{"@type":"EntryPoint","urlTemplate":"https:\/\/diarioprincipios.com\/?s={search_term_string}"},"query-input":{"@type":"PropertyValueSpecification","valueRequired":true,"valueName":"search_term_string"}}],"inLanguage":"es"},{"@type":"Organization","@id":"https:\/\/diarioprincipios.com\/#organization","name":"Principios","url":"https:\/\/diarioprincipios.com\/","logo":{"@type":"ImageObject","inLanguage":"es","@id":"https:\/\/diarioprincipios.com\/#\/schema\/logo\/image\/","url":"https:\/\/diarioprincipios.com\/wp-content\/uploads\/2024\/04\/cropped-www.diarioprincipios.com_-1.png","contentUrl":"https:\/\/diarioprincipios.com\/wp-content\/uploads\/2024\/04\/cropped-www.diarioprincipios.com_-1.png","width":5325,"height":1454,"caption":"Principios"},"image":{"@id":"https:\/\/diarioprincipios.com\/#\/schema\/logo\/image\/"}},{"@type":"Person","@id":"https:\/\/diarioprincipios.com\/#\/schema\/person\/436d5a1fd41a5e250e23ff5a6a7cb080","name":"Hern\u00e1n L\u00f3pez","image":{"@type":"ImageObject","inLanguage":"es","@id":"https:\/\/diarioprincipios.com\/wp-content\/litespeed\/avatar\/11ddfe5610ff3bd100522525b2571f48.jpg?ver=1777048341","url":"https:\/\/diarioprincipios.com\/wp-content\/litespeed\/avatar\/11ddfe5610ff3bd100522525b2571f48.jpg?ver=1777048341","contentUrl":"https:\/\/diarioprincipios.com\/wp-content\/litespeed\/avatar\/11ddfe5610ff3bd100522525b2571f48.jpg?ver=1777048341","caption":"Hern\u00e1n L\u00f3pez"},"url":"https:\/\/diarioprincipios.com\/index.php\/author\/hernan\/"}]}},"jetpack_featured_media_url":"https:\/\/diarioprincipios.com\/wp-content\/uploads\/2023\/09\/IMPORTANTE-OBRA-DE-EXTENSION-CLOACAL-EN-RANELAGH-3-1.jpg","_links":{"self":[{"href":"https:\/\/diarioprincipios.com\/index.php\/wp-json\/wp\/v2\/posts\/19034","targetHints":{"allow":["GET"]}}],"collection":[{"href":"https:\/\/diarioprincipios.com\/index.php\/wp-json\/wp\/v2\/posts"}],"about":[{"href":"https:\/\/diarioprincipios.com\/index.php\/wp-json\/wp\/v2\/types\/post"}],"author":[{"embeddable":true,"href":"https:\/\/diarioprincipios.com\/index.php\/wp-json\/wp\/v2\/users\/2"}],"replies":[{"embeddable":true,"href":"https:\/\/diarioprincipios.com\/index.php\/wp-json\/wp\/v2\/comments?post=19034"}],"version-history":[{"count":1,"href":"https:\/\/diarioprincipios.com\/index.php\/wp-json\/wp\/v2\/posts\/19034\/revisions"}],"predecessor-version":[{"id":19038,"href":"https:\/\/diarioprincipios.com\/index.php\/wp-json\/wp\/v2\/posts\/19034\/revisions\/19038"}],"wp:featuredmedia":[{"embeddable":true,"href":"https:\/\/diarioprincipios.com\/index.php\/wp-json\/wp\/v2\/media\/19037"}],"wp:attachment":[{"href":"https:\/\/diarioprincipios.com\/index.php\/wp-json\/wp\/v2\/media?parent=19034"}],"wp:term":[{"taxonomy":"category","embeddable":true,"href":"https:\/\/diarioprincipios.com\/index.php\/wp-json\/wp\/v2\/categories?post=19034"},{"taxonomy":"post_tag","embeddable":true,"href":"https:\/\/diarioprincipios.com\/index.php\/wp-json\/wp\/v2\/tags?post=19034"}],"curies":[{"name":"wp","href":"https:\/\/api.w.org\/{rel}","templated":true}]}}