{"id":19007,"date":"2023-09-27T12:24:48","date_gmt":"2023-09-27T15:24:48","guid":{"rendered":"http:\/\/diarioprincipios.com\/?p=19007"},"modified":"2023-10-02T09:17:57","modified_gmt":"2023-10-02T12:17:57","slug":"alberto-fernandez-y-sergio-massa-pusieron-en-marcha-el-sistema-riachuelo-una-mega-obra-cloacal-para-el-amba","status":"publish","type":"post","link":"https:\/\/diarioprincipios.com\/index.php\/2023\/09\/27\/alberto-fernandez-y-sergio-massa-pusieron-en-marcha-el-sistema-riachuelo-una-mega-obra-cloacal-para-el-amba\/","title":{"rendered":"Alberto Fern\u00e1ndez y Sergio Massa pusieron en marcha el Sistema Riachuelo, una mega obra cloacal para el AMBA"},"content":{"rendered":"\n<p>Ubicada en Dock Sud, se trata de la infraestructura de ingenier\u00eda sanitaria m\u00e1s importante de los \u00faltimos 70 a\u00f1os.<\/p>\n\n\n\n<p>El intendente de Avellaneda, Jorge Ferraresi, particip\u00f3 de la puesta en marcha del Sistema Riachuelo, una mega obra de ingenier\u00eda cloacal que beneficia al \u00e1rea metropolitana. El acto fue encabezado por el presidente de la Naci\u00f3n, Alberto Fern\u00e1ndez y el ministro de Econom\u00eda, Sergio Massa.<\/p>\n\n\n\n<p>La obra, que signific\u00f3 una inversi\u00f3n de 1.200 millones de d\u00f3lares financiados por el Banco Mundial, se calcula que beneficiar\u00e1 a m\u00e1s de 4.300.000 personas del AMBA, al mismo tiempo que permitir\u00e1 evitar la contaminaci\u00f3n por l\u00edquidos cloacales sin tratar en la cuenca Matanza Riachuelo, garantizar la depuraci\u00f3n de los efluentes y expandir el servicio.<\/p>\n\n\n\n<figure class=\"wp-block-image size-large\"><img loading=\"lazy\" decoding=\"async\" width=\"1024\" height=\"681\" src=\"https:\/\/diarioprincipios.com\/wp-content\/uploads\/2023\/09\/380805343_865827384903331_6423506398092001890_n-1024x681.jpg\" alt=\"\" class=\"wp-image-19008\" srcset=\"https:\/\/diarioprincipios.com\/wp-content\/uploads\/2023\/09\/380805343_865827384903331_6423506398092001890_n-1024x681.jpg 1024w, https:\/\/diarioprincipios.com\/wp-content\/uploads\/2023\/09\/380805343_865827384903331_6423506398092001890_n-300x199.jpg 300w, https:\/\/diarioprincipios.com\/wp-content\/uploads\/2023\/09\/380805343_865827384903331_6423506398092001890_n-768x511.jpg 768w, https:\/\/diarioprincipios.com\/wp-content\/uploads\/2023\/09\/380805343_865827384903331_6423506398092001890_n.jpg 1280w\" sizes=\"auto, (max-width: 1024px) 100vw, 1024px\" \/><\/figure>\n\n\n\n<p>El presidente Fern\u00e1ndez sostuvo que \u201ces una obra trascendental\u201d y resalt\u00f3: \u201cLo hicimos con pandemia, guerra y sequ\u00eda\u201d. \u201cLa obra p\u00fablica es un gran motor para el crecimiento de la econom\u00eda y el empleo\u201d, dijo y realiz\u00f3 un repaso por su gesti\u00f3n: \u201cHicimos mucho pero queda a\u00fan mucho por hacer\u201d. En ese sentido, el mandatario llam\u00f3 \u201ca convencer a la Argentina para que Sergio sea el nuevo presidente, el que me suceda\u201d.<\/p>\n\n\n\n<p>Por su parte, Massa elogi\u00f3 a Fern\u00e1ndez por haber podido concluir con una obra que inici\u00f3 Cristina Fern\u00e1ndez y que se detuvo durante el Gobierno de Mauricio Macri. Asimismo, destac\u00f3 a la presidente de AySA y su esposa, Malena Galmarini, por \u00abel coraje para resolver este tipo de obra\u00bb.<\/p>\n\n\n\n<p>Durante el acto, el candidato llam\u00f3 a defender el trabajo, el salario, el derecho a las vacaciones pagas, a las jubilaciones y las indemnizaciones. Sobre el final, se\u00f1al\u00f3 que as\u00ed como la obra del Riachuelo la \u00abempez\u00f3 un gobierno peronista y la termin\u00f3 un gobierno peronista, lo que falta tambi\u00e9n lo va hacer un gobierno peronista\u201d.<\/p>\n\n\n\n<figure class=\"wp-block-image size-large\"><img loading=\"lazy\" decoding=\"async\" width=\"1024\" height=\"681\" src=\"https:\/\/diarioprincipios.com\/wp-content\/uploads\/2023\/09\/382233545_865827214903348_2640798118897979506_n-1024x681.jpg\" alt=\"\" class=\"wp-image-19009\" srcset=\"https:\/\/diarioprincipios.com\/wp-content\/uploads\/2023\/09\/382233545_865827214903348_2640798118897979506_n-1024x681.jpg 1024w, https:\/\/diarioprincipios.com\/wp-content\/uploads\/2023\/09\/382233545_865827214903348_2640798118897979506_n-300x199.jpg 300w, https:\/\/diarioprincipios.com\/wp-content\/uploads\/2023\/09\/382233545_865827214903348_2640798118897979506_n-768x511.jpg 768w, https:\/\/diarioprincipios.com\/wp-content\/uploads\/2023\/09\/382233545_865827214903348_2640798118897979506_n.jpg 1280w\" sizes=\"auto, (max-width: 1024px) 100vw, 1024px\" \/><\/figure>\n\n\n\n<p>A su turno, Ferraresi destac\u00f3 que \u201cla Naci\u00f3n y la Provincia resuelven los temas ambientales de CABA\u201d. Tambi\u00e9n, record\u00f3 que \u201cen 2006 N\u00e9stor Kirchner recuper\u00f3 AYSA, en 2015 Cristina Fern\u00e1ndez inici\u00f3 esta obra, y Macri la fren\u00f3 en 2016\u201d. Y llam\u00f3 a \u201cseguir construyendo una Argentina que siga incluyendo\u201d.<\/p>\n\n\n\n<p>Del acto participaron el ministro de Obras P\u00fablicas, Gabriel Katopodis, el ministro de Infraestructura y Servicios P\u00fablicos de la Provincia de Buenos Aires, Leonardo Nardini; el secretario general del Sindicato Gran Buenos Aires de Trabajadores de Obras Sanitarias (SGBATOS), Jos\u00e9 Luis Lingeri; y el presidente de ACUMAR, Mart\u00edn Sabbatella; entre otros.<\/p>\n","protected":false},"excerpt":{"rendered":"<p>Ubicada en Dock Sud, se trata de la infraestructura de ingenier\u00eda sanitaria m\u00e1s importante de los \u00faltimos 70 a\u00f1os. El intendente de Avellaneda, Jorge Ferraresi, particip\u00f3 de la puesta en marcha del Sistema Riachuelo, una mega obra de ingenier\u00eda cloacal que beneficia al \u00e1rea metropolitana. El acto fue encabezado por el presidente de la Naci\u00f3n,&#8230;<\/p>\n","protected":false},"author":2,"featured_media":19010,"comment_status":"open","ping_status":"open","sticky":false,"template":"","format":"standard","meta":{"footnotes":""},"categories":[5],"tags":[],"class_list":["post-19007","post","type-post","status-publish","format-standard","has-post-thumbnail","hentry","category-avellaneda"],"featured_image_src":"https:\/\/diarioprincipios.com\/wp-content\/uploads\/2023\/09\/376769550_865827334903336_7405169823450161191_n-1024x682.jpg","blog_images":{"medium":"https:\/\/diarioprincipios.com\/wp-content\/uploads\/2023\/09\/376769550_865827334903336_7405169823450161191_n-300x200.jpg","large":"https:\/\/diarioprincipios.com\/wp-content\/uploads\/2023\/09\/376769550_865827334903336_7405169823450161191_n-1024x682.jpg"},"ams_acf":[],"yoast_head":"<!-- This site is optimized with the Yoast SEO plugin v27.3 - https:\/\/yoast.com\/product\/yoast-seo-wordpress\/ -->\n<title>Alberto Fern\u00e1ndez y Sergio Massa pusieron en marcha el Sistema Riachuelo, una mega obra cloacal para el AMBA - Principios<\/title>\n<meta name=\"robots\" content=\"index, follow, max-snippet:-1, max-image-preview:large, max-video-preview:-1\" \/>\n<link rel=\"canonical\" href=\"https:\/\/diarioprincipios.com\/index.php\/2023\/09\/27\/alberto-fernandez-y-sergio-massa-pusieron-en-marcha-el-sistema-riachuelo-una-mega-obra-cloacal-para-el-amba\/\" \/>\n<meta property=\"og:locale\" content=\"es_ES\" \/>\n<meta property=\"og:type\" content=\"article\" \/>\n<meta property=\"og:title\" content=\"Alberto Fern\u00e1ndez y Sergio Massa pusieron en marcha el Sistema Riachuelo, una mega obra cloacal para el AMBA - Principios\" \/>\n<meta property=\"og:description\" content=\"Ubicada en Dock Sud, se trata de la infraestructura de ingenier\u00eda sanitaria m\u00e1s importante de los \u00faltimos 70 a\u00f1os. El intendente de Avellaneda, Jorge Ferraresi, particip\u00f3 de la puesta en marcha del Sistema Riachuelo, una mega obra de ingenier\u00eda cloacal que beneficia al \u00e1rea metropolitana. El acto fue encabezado por el presidente de la Naci\u00f3n,...\" \/>\n<meta property=\"og:url\" content=\"https:\/\/diarioprincipios.com\/index.php\/2023\/09\/27\/alberto-fernandez-y-sergio-massa-pusieron-en-marcha-el-sistema-riachuelo-una-mega-obra-cloacal-para-el-amba\/\" \/>\n<meta property=\"og:site_name\" content=\"Principios\" \/>\n<meta property=\"article:published_time\" content=\"2023-09-27T15:24:48+00:00\" \/>\n<meta property=\"article:modified_time\" content=\"2023-10-02T12:17:57+00:00\" \/>\n<meta property=\"og:image\" content=\"https:\/\/diarioprincipios.com\/wp-content\/uploads\/2023\/09\/376769550_865827334903336_7405169823450161191_n.jpg\" \/>\n\t<meta property=\"og:image:width\" content=\"1280\" \/>\n\t<meta property=\"og:image:height\" content=\"852\" \/>\n\t<meta property=\"og:image:type\" content=\"image\/jpeg\" \/>\n<meta name=\"author\" content=\"Hern\u00e1n L\u00f3pez\" \/>\n<meta name=\"twitter:card\" content=\"summary_large_image\" \/>\n<meta name=\"twitter:label1\" content=\"Escrito por\" \/>\n\t<meta name=\"twitter:data1\" content=\"Hern\u00e1n L\u00f3pez\" \/>\n\t<meta name=\"twitter:label2\" content=\"Tiempo de lectura\" \/>\n\t<meta name=\"twitter:data2\" content=\"3 minutos\" \/>\n<script type=\"application\/ld+json\" class=\"yoast-schema-graph\">{\"@context\":\"https:\\\/\\\/schema.org\",\"@graph\":[{\"@type\":\"Article\",\"@id\":\"https:\\\/\\\/diarioprincipios.com\\\/index.php\\\/2023\\\/09\\\/27\\\/alberto-fernandez-y-sergio-massa-pusieron-en-marcha-el-sistema-riachuelo-una-mega-obra-cloacal-para-el-amba\\\/#article\",\"isPartOf\":{\"@id\":\"https:\\\/\\\/diarioprincipios.com\\\/index.php\\\/2023\\\/09\\\/27\\\/alberto-fernandez-y-sergio-massa-pusieron-en-marcha-el-sistema-riachuelo-una-mega-obra-cloacal-para-el-amba\\\/\"},\"author\":{\"name\":\"Hern\u00e1n L\u00f3pez\",\"@id\":\"https:\\\/\\\/diarioprincipios.com\\\/#\\\/schema\\\/person\\\/436d5a1fd41a5e250e23ff5a6a7cb080\"},\"headline\":\"Alberto Fern\u00e1ndez y Sergio Massa pusieron en marcha el Sistema Riachuelo, una mega obra cloacal para el AMBA\",\"datePublished\":\"2023-09-27T15:24:48+00:00\",\"dateModified\":\"2023-10-02T12:17:57+00:00\",\"mainEntityOfPage\":{\"@id\":\"https:\\\/\\\/diarioprincipios.com\\\/index.php\\\/2023\\\/09\\\/27\\\/alberto-fernandez-y-sergio-massa-pusieron-en-marcha-el-sistema-riachuelo-una-mega-obra-cloacal-para-el-amba\\\/\"},\"wordCount\":439,\"commentCount\":0,\"publisher\":{\"@id\":\"https:\\\/\\\/diarioprincipios.com\\\/#organization\"},\"image\":{\"@id\":\"https:\\\/\\\/diarioprincipios.com\\\/index.php\\\/2023\\\/09\\\/27\\\/alberto-fernandez-y-sergio-massa-pusieron-en-marcha-el-sistema-riachuelo-una-mega-obra-cloacal-para-el-amba\\\/#primaryimage\"},\"thumbnailUrl\":\"https:\\\/\\\/diarioprincipios.com\\\/wp-content\\\/uploads\\\/2023\\\/09\\\/376769550_865827334903336_7405169823450161191_n.jpg\",\"articleSection\":[\"Avellaneda\"],\"inLanguage\":\"es\",\"potentialAction\":[{\"@type\":\"CommentAction\",\"name\":\"Comment\",\"target\":[\"https:\\\/\\\/diarioprincipios.com\\\/index.php\\\/2023\\\/09\\\/27\\\/alberto-fernandez-y-sergio-massa-pusieron-en-marcha-el-sistema-riachuelo-una-mega-obra-cloacal-para-el-amba\\\/#respond\"]}]},{\"@type\":\"WebPage\",\"@id\":\"https:\\\/\\\/diarioprincipios.com\\\/index.php\\\/2023\\\/09\\\/27\\\/alberto-fernandez-y-sergio-massa-pusieron-en-marcha-el-sistema-riachuelo-una-mega-obra-cloacal-para-el-amba\\\/\",\"url\":\"https:\\\/\\\/diarioprincipios.com\\\/index.php\\\/2023\\\/09\\\/27\\\/alberto-fernandez-y-sergio-massa-pusieron-en-marcha-el-sistema-riachuelo-una-mega-obra-cloacal-para-el-amba\\\/\",\"name\":\"Alberto Fern\u00e1ndez y Sergio Massa pusieron en marcha el Sistema Riachuelo, una mega obra cloacal para el AMBA - Principios\",\"isPartOf\":{\"@id\":\"https:\\\/\\\/diarioprincipios.com\\\/#website\"},\"primaryImageOfPage\":{\"@id\":\"https:\\\/\\\/diarioprincipios.com\\\/index.php\\\/2023\\\/09\\\/27\\\/alberto-fernandez-y-sergio-massa-pusieron-en-marcha-el-sistema-riachuelo-una-mega-obra-cloacal-para-el-amba\\\/#primaryimage\"},\"image\":{\"@id\":\"https:\\\/\\\/diarioprincipios.com\\\/index.php\\\/2023\\\/09\\\/27\\\/alberto-fernandez-y-sergio-massa-pusieron-en-marcha-el-sistema-riachuelo-una-mega-obra-cloacal-para-el-amba\\\/#primaryimage\"},\"thumbnailUrl\":\"https:\\\/\\\/diarioprincipios.com\\\/wp-content\\\/uploads\\\/2023\\\/09\\\/376769550_865827334903336_7405169823450161191_n.jpg\",\"datePublished\":\"2023-09-27T15:24:48+00:00\",\"dateModified\":\"2023-10-02T12:17:57+00:00\",\"breadcrumb\":{\"@id\":\"https:\\\/\\\/diarioprincipios.com\\\/index.php\\\/2023\\\/09\\\/27\\\/alberto-fernandez-y-sergio-massa-pusieron-en-marcha-el-sistema-riachuelo-una-mega-obra-cloacal-para-el-amba\\\/#breadcrumb\"},\"inLanguage\":\"es\",\"potentialAction\":[{\"@type\":\"ReadAction\",\"target\":[\"https:\\\/\\\/diarioprincipios.com\\\/index.php\\\/2023\\\/09\\\/27\\\/alberto-fernandez-y-sergio-massa-pusieron-en-marcha-el-sistema-riachuelo-una-mega-obra-cloacal-para-el-amba\\\/\"]}]},{\"@type\":\"ImageObject\",\"inLanguage\":\"es\",\"@id\":\"https:\\\/\\\/diarioprincipios.com\\\/index.php\\\/2023\\\/09\\\/27\\\/alberto-fernandez-y-sergio-massa-pusieron-en-marcha-el-sistema-riachuelo-una-mega-obra-cloacal-para-el-amba\\\/#primaryimage\",\"url\":\"https:\\\/\\\/diarioprincipios.com\\\/wp-content\\\/uploads\\\/2023\\\/09\\\/376769550_865827334903336_7405169823450161191_n.jpg\",\"contentUrl\":\"https:\\\/\\\/diarioprincipios.com\\\/wp-content\\\/uploads\\\/2023\\\/09\\\/376769550_865827334903336_7405169823450161191_n.jpg\",\"width\":1280,\"height\":852},{\"@type\":\"BreadcrumbList\",\"@id\":\"https:\\\/\\\/diarioprincipios.com\\\/index.php\\\/2023\\\/09\\\/27\\\/alberto-fernandez-y-sergio-massa-pusieron-en-marcha-el-sistema-riachuelo-una-mega-obra-cloacal-para-el-amba\\\/#breadcrumb\",\"itemListElement\":[{\"@type\":\"ListItem\",\"position\":1,\"name\":\"Portada\",\"item\":\"https:\\\/\\\/diarioprincipios.com\\\/\"},{\"@type\":\"ListItem\",\"position\":2,\"name\":\"Alberto Fern\u00e1ndez y Sergio Massa pusieron en marcha el Sistema Riachuelo, una mega obra cloacal para el AMBA\"}]},{\"@type\":\"WebSite\",\"@id\":\"https:\\\/\\\/diarioprincipios.com\\\/#website\",\"url\":\"https:\\\/\\\/diarioprincipios.com\\\/\",\"name\":\"Principios\",\"description\":\"Principios Diario\",\"publisher\":{\"@id\":\"https:\\\/\\\/diarioprincipios.com\\\/#organization\"},\"potentialAction\":[{\"@type\":\"SearchAction\",\"target\":{\"@type\":\"EntryPoint\",\"urlTemplate\":\"https:\\\/\\\/diarioprincipios.com\\\/?s={search_term_string}\"},\"query-input\":{\"@type\":\"PropertyValueSpecification\",\"valueRequired\":true,\"valueName\":\"search_term_string\"}}],\"inLanguage\":\"es\"},{\"@type\":\"Organization\",\"@id\":\"https:\\\/\\\/diarioprincipios.com\\\/#organization\",\"name\":\"Principios\",\"url\":\"https:\\\/\\\/diarioprincipios.com\\\/\",\"logo\":{\"@type\":\"ImageObject\",\"inLanguage\":\"es\",\"@id\":\"https:\\\/\\\/diarioprincipios.com\\\/#\\\/schema\\\/logo\\\/image\\\/\",\"url\":\"https:\\\/\\\/diarioprincipios.com\\\/wp-content\\\/uploads\\\/2024\\\/04\\\/cropped-www.diarioprincipios.com_-1.png\",\"contentUrl\":\"https:\\\/\\\/diarioprincipios.com\\\/wp-content\\\/uploads\\\/2024\\\/04\\\/cropped-www.diarioprincipios.com_-1.png\",\"width\":5325,\"height\":1454,\"caption\":\"Principios\"},\"image\":{\"@id\":\"https:\\\/\\\/diarioprincipios.com\\\/#\\\/schema\\\/logo\\\/image\\\/\"}},{\"@type\":\"Person\",\"@id\":\"https:\\\/\\\/diarioprincipios.com\\\/#\\\/schema\\\/person\\\/436d5a1fd41a5e250e23ff5a6a7cb080\",\"name\":\"Hern\u00e1n L\u00f3pez\",\"image\":{\"@type\":\"ImageObject\",\"inLanguage\":\"es\",\"@id\":\"https:\\\/\\\/diarioprincipios.com\\\/wp-content\\\/litespeed\\\/avatar\\\/11ddfe5610ff3bd100522525b2571f48.jpg?ver=1777653193\",\"url\":\"https:\\\/\\\/diarioprincipios.com\\\/wp-content\\\/litespeed\\\/avatar\\\/11ddfe5610ff3bd100522525b2571f48.jpg?ver=1777653193\",\"contentUrl\":\"https:\\\/\\\/diarioprincipios.com\\\/wp-content\\\/litespeed\\\/avatar\\\/11ddfe5610ff3bd100522525b2571f48.jpg?ver=1777653193\",\"caption\":\"Hern\u00e1n L\u00f3pez\"},\"url\":\"https:\\\/\\\/diarioprincipios.com\\\/index.php\\\/author\\\/hernan\\\/\"}]}<\/script>\n<!-- \/ Yoast SEO plugin. -->","yoast_head_json":{"title":"Alberto Fern\u00e1ndez y Sergio Massa pusieron en marcha el Sistema Riachuelo, una mega obra cloacal para el AMBA - Principios","robots":{"index":"index","follow":"follow","max-snippet":"max-snippet:-1","max-image-preview":"max-image-preview:large","max-video-preview":"max-video-preview:-1"},"canonical":"https:\/\/diarioprincipios.com\/index.php\/2023\/09\/27\/alberto-fernandez-y-sergio-massa-pusieron-en-marcha-el-sistema-riachuelo-una-mega-obra-cloacal-para-el-amba\/","og_locale":"es_ES","og_type":"article","og_title":"Alberto Fern\u00e1ndez y Sergio Massa pusieron en marcha el Sistema Riachuelo, una mega obra cloacal para el AMBA - Principios","og_description":"Ubicada en Dock Sud, se trata de la infraestructura de ingenier\u00eda sanitaria m\u00e1s importante de los \u00faltimos 70 a\u00f1os. El intendente de Avellaneda, Jorge Ferraresi, particip\u00f3 de la puesta en marcha del Sistema Riachuelo, una mega obra de ingenier\u00eda cloacal que beneficia al \u00e1rea metropolitana. El acto fue encabezado por el presidente de la Naci\u00f3n,...","og_url":"https:\/\/diarioprincipios.com\/index.php\/2023\/09\/27\/alberto-fernandez-y-sergio-massa-pusieron-en-marcha-el-sistema-riachuelo-una-mega-obra-cloacal-para-el-amba\/","og_site_name":"Principios","article_published_time":"2023-09-27T15:24:48+00:00","article_modified_time":"2023-10-02T12:17:57+00:00","og_image":[{"width":1280,"height":852,"url":"https:\/\/diarioprincipios.com\/wp-content\/uploads\/2023\/09\/376769550_865827334903336_7405169823450161191_n.jpg","type":"image\/jpeg"}],"author":"Hern\u00e1n L\u00f3pez","twitter_card":"summary_large_image","twitter_misc":{"Escrito por":"Hern\u00e1n L\u00f3pez","Tiempo de lectura":"3 minutos"},"schema":{"@context":"https:\/\/schema.org","@graph":[{"@type":"Article","@id":"https:\/\/diarioprincipios.com\/index.php\/2023\/09\/27\/alberto-fernandez-y-sergio-massa-pusieron-en-marcha-el-sistema-riachuelo-una-mega-obra-cloacal-para-el-amba\/#article","isPartOf":{"@id":"https:\/\/diarioprincipios.com\/index.php\/2023\/09\/27\/alberto-fernandez-y-sergio-massa-pusieron-en-marcha-el-sistema-riachuelo-una-mega-obra-cloacal-para-el-amba\/"},"author":{"name":"Hern\u00e1n L\u00f3pez","@id":"https:\/\/diarioprincipios.com\/#\/schema\/person\/436d5a1fd41a5e250e23ff5a6a7cb080"},"headline":"Alberto Fern\u00e1ndez y Sergio Massa pusieron en marcha el Sistema Riachuelo, una mega obra cloacal para el AMBA","datePublished":"2023-09-27T15:24:48+00:00","dateModified":"2023-10-02T12:17:57+00:00","mainEntityOfPage":{"@id":"https:\/\/diarioprincipios.com\/index.php\/2023\/09\/27\/alberto-fernandez-y-sergio-massa-pusieron-en-marcha-el-sistema-riachuelo-una-mega-obra-cloacal-para-el-amba\/"},"wordCount":439,"commentCount":0,"publisher":{"@id":"https:\/\/diarioprincipios.com\/#organization"},"image":{"@id":"https:\/\/diarioprincipios.com\/index.php\/2023\/09\/27\/alberto-fernandez-y-sergio-massa-pusieron-en-marcha-el-sistema-riachuelo-una-mega-obra-cloacal-para-el-amba\/#primaryimage"},"thumbnailUrl":"https:\/\/diarioprincipios.com\/wp-content\/uploads\/2023\/09\/376769550_865827334903336_7405169823450161191_n.jpg","articleSection":["Avellaneda"],"inLanguage":"es","potentialAction":[{"@type":"CommentAction","name":"Comment","target":["https:\/\/diarioprincipios.com\/index.php\/2023\/09\/27\/alberto-fernandez-y-sergio-massa-pusieron-en-marcha-el-sistema-riachuelo-una-mega-obra-cloacal-para-el-amba\/#respond"]}]},{"@type":"WebPage","@id":"https:\/\/diarioprincipios.com\/index.php\/2023\/09\/27\/alberto-fernandez-y-sergio-massa-pusieron-en-marcha-el-sistema-riachuelo-una-mega-obra-cloacal-para-el-amba\/","url":"https:\/\/diarioprincipios.com\/index.php\/2023\/09\/27\/alberto-fernandez-y-sergio-massa-pusieron-en-marcha-el-sistema-riachuelo-una-mega-obra-cloacal-para-el-amba\/","name":"Alberto Fern\u00e1ndez y Sergio Massa pusieron en marcha el Sistema Riachuelo, una mega obra cloacal para el AMBA - Principios","isPartOf":{"@id":"https:\/\/diarioprincipios.com\/#website"},"primaryImageOfPage":{"@id":"https:\/\/diarioprincipios.com\/index.php\/2023\/09\/27\/alberto-fernandez-y-sergio-massa-pusieron-en-marcha-el-sistema-riachuelo-una-mega-obra-cloacal-para-el-amba\/#primaryimage"},"image":{"@id":"https:\/\/diarioprincipios.com\/index.php\/2023\/09\/27\/alberto-fernandez-y-sergio-massa-pusieron-en-marcha-el-sistema-riachuelo-una-mega-obra-cloacal-para-el-amba\/#primaryimage"},"thumbnailUrl":"https:\/\/diarioprincipios.com\/wp-content\/uploads\/2023\/09\/376769550_865827334903336_7405169823450161191_n.jpg","datePublished":"2023-09-27T15:24:48+00:00","dateModified":"2023-10-02T12:17:57+00:00","breadcrumb":{"@id":"https:\/\/diarioprincipios.com\/index.php\/2023\/09\/27\/alberto-fernandez-y-sergio-massa-pusieron-en-marcha-el-sistema-riachuelo-una-mega-obra-cloacal-para-el-amba\/#breadcrumb"},"inLanguage":"es","potentialAction":[{"@type":"ReadAction","target":["https:\/\/diarioprincipios.com\/index.php\/2023\/09\/27\/alberto-fernandez-y-sergio-massa-pusieron-en-marcha-el-sistema-riachuelo-una-mega-obra-cloacal-para-el-amba\/"]}]},{"@type":"ImageObject","inLanguage":"es","@id":"https:\/\/diarioprincipios.com\/index.php\/2023\/09\/27\/alberto-fernandez-y-sergio-massa-pusieron-en-marcha-el-sistema-riachuelo-una-mega-obra-cloacal-para-el-amba\/#primaryimage","url":"https:\/\/diarioprincipios.com\/wp-content\/uploads\/2023\/09\/376769550_865827334903336_7405169823450161191_n.jpg","contentUrl":"https:\/\/diarioprincipios.com\/wp-content\/uploads\/2023\/09\/376769550_865827334903336_7405169823450161191_n.jpg","width":1280,"height":852},{"@type":"BreadcrumbList","@id":"https:\/\/diarioprincipios.com\/index.php\/2023\/09\/27\/alberto-fernandez-y-sergio-massa-pusieron-en-marcha-el-sistema-riachuelo-una-mega-obra-cloacal-para-el-amba\/#breadcrumb","itemListElement":[{"@type":"ListItem","position":1,"name":"Portada","item":"https:\/\/diarioprincipios.com\/"},{"@type":"ListItem","position":2,"name":"Alberto Fern\u00e1ndez y Sergio Massa pusieron en marcha el Sistema Riachuelo, una mega obra cloacal para el AMBA"}]},{"@type":"WebSite","@id":"https:\/\/diarioprincipios.com\/#website","url":"https:\/\/diarioprincipios.com\/","name":"Principios","description":"Principios Diario","publisher":{"@id":"https:\/\/diarioprincipios.com\/#organization"},"potentialAction":[{"@type":"SearchAction","target":{"@type":"EntryPoint","urlTemplate":"https:\/\/diarioprincipios.com\/?s={search_term_string}"},"query-input":{"@type":"PropertyValueSpecification","valueRequired":true,"valueName":"search_term_string"}}],"inLanguage":"es"},{"@type":"Organization","@id":"https:\/\/diarioprincipios.com\/#organization","name":"Principios","url":"https:\/\/diarioprincipios.com\/","logo":{"@type":"ImageObject","inLanguage":"es","@id":"https:\/\/diarioprincipios.com\/#\/schema\/logo\/image\/","url":"https:\/\/diarioprincipios.com\/wp-content\/uploads\/2024\/04\/cropped-www.diarioprincipios.com_-1.png","contentUrl":"https:\/\/diarioprincipios.com\/wp-content\/uploads\/2024\/04\/cropped-www.diarioprincipios.com_-1.png","width":5325,"height":1454,"caption":"Principios"},"image":{"@id":"https:\/\/diarioprincipios.com\/#\/schema\/logo\/image\/"}},{"@type":"Person","@id":"https:\/\/diarioprincipios.com\/#\/schema\/person\/436d5a1fd41a5e250e23ff5a6a7cb080","name":"Hern\u00e1n L\u00f3pez","image":{"@type":"ImageObject","inLanguage":"es","@id":"https:\/\/diarioprincipios.com\/wp-content\/litespeed\/avatar\/11ddfe5610ff3bd100522525b2571f48.jpg?ver=1777653193","url":"https:\/\/diarioprincipios.com\/wp-content\/litespeed\/avatar\/11ddfe5610ff3bd100522525b2571f48.jpg?ver=1777653193","contentUrl":"https:\/\/diarioprincipios.com\/wp-content\/litespeed\/avatar\/11ddfe5610ff3bd100522525b2571f48.jpg?ver=1777653193","caption":"Hern\u00e1n L\u00f3pez"},"url":"https:\/\/diarioprincipios.com\/index.php\/author\/hernan\/"}]}},"jetpack_featured_media_url":"https:\/\/diarioprincipios.com\/wp-content\/uploads\/2023\/09\/376769550_865827334903336_7405169823450161191_n.jpg","_links":{"self":[{"href":"https:\/\/diarioprincipios.com\/index.php\/wp-json\/wp\/v2\/posts\/19007","targetHints":{"allow":["GET"]}}],"collection":[{"href":"https:\/\/diarioprincipios.com\/index.php\/wp-json\/wp\/v2\/posts"}],"about":[{"href":"https:\/\/diarioprincipios.com\/index.php\/wp-json\/wp\/v2\/types\/post"}],"author":[{"embeddable":true,"href":"https:\/\/diarioprincipios.com\/index.php\/wp-json\/wp\/v2\/users\/2"}],"replies":[{"embeddable":true,"href":"https:\/\/diarioprincipios.com\/index.php\/wp-json\/wp\/v2\/comments?post=19007"}],"version-history":[{"count":1,"href":"https:\/\/diarioprincipios.com\/index.php\/wp-json\/wp\/v2\/posts\/19007\/revisions"}],"predecessor-version":[{"id":19011,"href":"https:\/\/diarioprincipios.com\/index.php\/wp-json\/wp\/v2\/posts\/19007\/revisions\/19011"}],"wp:featuredmedia":[{"embeddable":true,"href":"https:\/\/diarioprincipios.com\/index.php\/wp-json\/wp\/v2\/media\/19010"}],"wp:attachment":[{"href":"https:\/\/diarioprincipios.com\/index.php\/wp-json\/wp\/v2\/media?parent=19007"}],"wp:term":[{"taxonomy":"category","embeddable":true,"href":"https:\/\/diarioprincipios.com\/index.php\/wp-json\/wp\/v2\/categories?post=19007"},{"taxonomy":"post_tag","embeddable":true,"href":"https:\/\/diarioprincipios.com\/index.php\/wp-json\/wp\/v2\/tags?post=19007"}],"curies":[{"name":"wp","href":"https:\/\/api.w.org\/{rel}","templated":true}]}}