{"id":19001,"date":"2023-09-26T21:47:47","date_gmt":"2023-09-27T00:47:47","guid":{"rendered":"http:\/\/diarioprincipios.com\/?p=19001"},"modified":"2023-10-01T09:04:23","modified_gmt":"2023-10-01T12:04:23","slug":"inauguraron-el-centro-de-formacion-e-innovacion-productiva-de-berazategui","status":"publish","type":"post","link":"https:\/\/diarioprincipios.com\/index.php\/2023\/09\/26\/inauguraron-el-centro-de-formacion-e-innovacion-productiva-de-berazategui\/","title":{"rendered":"Inauguraron el Centro de Formaci\u00f3n e Innovaci\u00f3n Productiva de Berazategui"},"content":{"rendered":"\n<p><strong>Se inaugur\u00f3 la sede del Centro de Formaci\u00f3n e Innovaci\u00f3n Productiva de Berazategui (CEFIP), con la presencia del intendente municipal, Juan Jos\u00e9 Mussi; y la ministra de Trabajo de la Naci\u00f3n, Kelly Olmos. En este flamante espacio se brindar\u00e1n cursos y capacitaciones, con el objetivo de generar mano de obra calificada para las pymes e industrias del distrito.<\/strong><\/p>\n\n\n\n<figure class=\"wp-block-image size-large\"><img loading=\"lazy\" decoding=\"async\" width=\"1024\" height=\"683\" src=\"https:\/\/diarioprincipios.com\/wp-content\/uploads\/2023\/09\/1000169218-1024x683.jpg\" alt=\"\" class=\"wp-image-19002\" srcset=\"https:\/\/diarioprincipios.com\/wp-content\/uploads\/2023\/09\/1000169218-1024x683.jpg 1024w, https:\/\/diarioprincipios.com\/wp-content\/uploads\/2023\/09\/1000169218-300x200.jpg 300w, https:\/\/diarioprincipios.com\/wp-content\/uploads\/2023\/09\/1000169218-768x512.jpg 768w, https:\/\/diarioprincipios.com\/wp-content\/uploads\/2023\/09\/1000169218-1536x1024.jpg 1536w, https:\/\/diarioprincipios.com\/wp-content\/uploads\/2023\/09\/1000169218.jpg 1920w\" sizes=\"auto, (max-width: 1024px) 100vw, 1024px\" \/><\/figure>\n\n\n\n<p><strong><br><\/strong><br>Tras descubrir una placa conmemorativa del acto inaugural, Mussi agradeci\u00f3 el apoyo del Gobierno nacional y destac\u00f3: \u201cPonemos en funcionamiento este espacio en un momento en el que est\u00e1n en discusi\u00f3n los dos modelos de pa\u00eds: el de la producci\u00f3n y el de la especulaci\u00f3n financiera\u201d. En ese sentido, el Intendente afirm\u00f3: \u201cEn Berazategui nos dio resultado hablar con todos los sectores de la sociedad para integrarlos a nuestro proyecto de impulso del sector productivo para el empleo y desarrollo de los vecinos y las vecinas\u201d.<\/p>\n\n\n\n<figure class=\"wp-block-image size-large\"><img loading=\"lazy\" decoding=\"async\" width=\"1024\" height=\"683\" src=\"https:\/\/diarioprincipios.com\/wp-content\/uploads\/2023\/09\/1000169220-1024x683.jpg\" alt=\"\" class=\"wp-image-19003\" srcset=\"https:\/\/diarioprincipios.com\/wp-content\/uploads\/2023\/09\/1000169220-1024x683.jpg 1024w, https:\/\/diarioprincipios.com\/wp-content\/uploads\/2023\/09\/1000169220-300x200.jpg 300w, https:\/\/diarioprincipios.com\/wp-content\/uploads\/2023\/09\/1000169220-768x512.jpg 768w, https:\/\/diarioprincipios.com\/wp-content\/uploads\/2023\/09\/1000169220-1536x1024.jpg 1536w, https:\/\/diarioprincipios.com\/wp-content\/uploads\/2023\/09\/1000169220.jpg 1920w\" sizes=\"auto, (max-width: 1024px) 100vw, 1024px\" \/><\/figure>\n\n\n\n<p>En tanto, Olmos subray\u00f3: \u201cLa creaci\u00f3n del CEFIP implica ofrecerle a los j\u00f3venes aprovechar la evoluci\u00f3n tecnol\u00f3gica. La juventud es la etapa para formarse y adquirir todas las herramientas necesarias para una mejor oportunidad\u201d. Adem\u00e1s, la Ministra anunci\u00f3: \u201cHemos aprobado 29 cursos para que se desarrollen en esta sede, tanto de oficios como de econom\u00eda del conocimiento, que van a contribuir en un mejor futuro para todos y todas\u201d.<\/p>\n\n\n\n<p>Por su parte, el secretario de Trabajo municipal, Juan Manuel Parra, resalt\u00f3: \u201cEstamos muy felices por la inauguraci\u00f3n. Este lugar va a complementar la formaci\u00f3n educativa de los vecinos y las vecinas, brindando capacitaciones en nuevas tecnolog\u00edas, como impresiones 3D y programaci\u00f3n. Estos nuevos saberes son fundamentales para las pymes e industrias de Berazategui y confiamos en que se transformen en muchos puestos de trabajo\u201d.<\/p>\n\n\n\n<figure class=\"wp-block-image size-large\"><img loading=\"lazy\" decoding=\"async\" width=\"1024\" height=\"683\" src=\"https:\/\/diarioprincipios.com\/wp-content\/uploads\/2023\/09\/1000169217-1024x683.jpg\" alt=\"\" class=\"wp-image-19004\" srcset=\"https:\/\/diarioprincipios.com\/wp-content\/uploads\/2023\/09\/1000169217-1024x683.jpg 1024w, https:\/\/diarioprincipios.com\/wp-content\/uploads\/2023\/09\/1000169217-300x200.jpg 300w, https:\/\/diarioprincipios.com\/wp-content\/uploads\/2023\/09\/1000169217-768x512.jpg 768w, https:\/\/diarioprincipios.com\/wp-content\/uploads\/2023\/09\/1000169217-1536x1024.jpg 1536w, https:\/\/diarioprincipios.com\/wp-content\/uploads\/2023\/09\/1000169217.jpg 1920w\" sizes=\"auto, (max-width: 1024px) 100vw, 1024px\" \/><\/figure>\n\n\n\n<p>El CEFIP queda ubicado en la calle 131 y 27, en las inmediaciones del Polideportivo Municipal N\u00ba 5. Fue creado con financiamiento de los Gobiernos nacional y municipal; m\u00e1s los aportes de empresas locales, mediante el Fondo de Desarrollo Sostenible (FODES). Generar\u00e1 nuevas oportunidades para la inserci\u00f3n laboral, promoviendo propuestas vinculadas a las demandas formativas del sector productivo local, ampliando la oferta existente en tem\u00e1ticas relacionadas a la industria y nuevas tecnolog\u00edas; y articulando la transici\u00f3n entre el sistema educativo y el mundo del trabajo.<\/p>\n\n\n\n<p>El edificio comprende 393 metros cuadrados cubiertos y 130 metros cuadrados semicubiertos. Se compone de tres aulas talleres, una sala de conferencias, un auditorio, una oficina administrativa y un espacio de coworking; un bloque sanitario y un buffet; un hall de ingreso y rampa de acceso para personas con discapacidad.<\/p>\n\n\n\n<p>Tambi\u00e9n participaron del acto: el subsecretario de Formaci\u00f3n Profesional y Capacitaci\u00f3n Permanente de la Naci\u00f3n, Diego Maza, integrantes del Gabinete municipal, empresarios, estudiantes y docentes de Escuelas T\u00e9cnicas.<\/p>\n","protected":false},"excerpt":{"rendered":"<p>Se inaugur\u00f3 la sede del Centro de Formaci\u00f3n e Innovaci\u00f3n Productiva de Berazategui (CEFIP), con la presencia del intendente municipal, Juan Jos\u00e9 Mussi; y la ministra de Trabajo de la Naci\u00f3n, Kelly Olmos. En este flamante espacio se brindar\u00e1n cursos y capacitaciones, con el objetivo de generar mano de obra calificada para las pymes e&#8230;<\/p>\n","protected":false},"author":2,"featured_media":19005,"comment_status":"open","ping_status":"open","sticky":false,"template":"","format":"standard","meta":{"footnotes":""},"categories":[3],"tags":[],"class_list":["post-19001","post","type-post","status-publish","format-standard","has-post-thumbnail","hentry","category-berazategui"],"featured_image_src":"https:\/\/diarioprincipios.com\/wp-content\/uploads\/2023\/09\/INAUGURARON-EL-CENTRO-DE-FORMACION-E-INNOVACION-PRODUCTIVA-DE-BERAZATEGUI1-1024x683.jpg","blog_images":{"medium":"https:\/\/diarioprincipios.com\/wp-content\/uploads\/2023\/09\/INAUGURARON-EL-CENTRO-DE-FORMACION-E-INNOVACION-PRODUCTIVA-DE-BERAZATEGUI1-300x200.jpg","large":"https:\/\/diarioprincipios.com\/wp-content\/uploads\/2023\/09\/INAUGURARON-EL-CENTRO-DE-FORMACION-E-INNOVACION-PRODUCTIVA-DE-BERAZATEGUI1-1024x683.jpg"},"ams_acf":[],"yoast_head":"<!-- This site is optimized with the Yoast SEO plugin v27.3 - https:\/\/yoast.com\/product\/yoast-seo-wordpress\/ -->\n<title>Inauguraron el Centro de Formaci\u00f3n e Innovaci\u00f3n Productiva de Berazategui - Principios<\/title>\n<meta name=\"robots\" content=\"index, follow, max-snippet:-1, max-image-preview:large, max-video-preview:-1\" \/>\n<link rel=\"canonical\" href=\"https:\/\/diarioprincipios.com\/index.php\/2023\/09\/26\/inauguraron-el-centro-de-formacion-e-innovacion-productiva-de-berazategui\/\" \/>\n<meta property=\"og:locale\" content=\"es_ES\" \/>\n<meta property=\"og:type\" content=\"article\" \/>\n<meta property=\"og:title\" content=\"Inauguraron el Centro de Formaci\u00f3n e Innovaci\u00f3n Productiva de Berazategui - Principios\" \/>\n<meta property=\"og:description\" content=\"Se inaugur\u00f3 la sede del Centro de Formaci\u00f3n e Innovaci\u00f3n Productiva de Berazategui (CEFIP), con la presencia del intendente municipal, Juan Jos\u00e9 Mussi; y la ministra de Trabajo de la Naci\u00f3n, Kelly Olmos. En este flamante espacio se brindar\u00e1n cursos y capacitaciones, con el objetivo de generar mano de obra calificada para las pymes e...\" \/>\n<meta property=\"og:url\" content=\"https:\/\/diarioprincipios.com\/index.php\/2023\/09\/26\/inauguraron-el-centro-de-formacion-e-innovacion-productiva-de-berazategui\/\" \/>\n<meta property=\"og:site_name\" content=\"Principios\" \/>\n<meta property=\"article:published_time\" content=\"2023-09-27T00:47:47+00:00\" \/>\n<meta property=\"article:modified_time\" content=\"2023-10-01T12:04:23+00:00\" \/>\n<meta property=\"og:image\" content=\"https:\/\/diarioprincipios.com\/wp-content\/uploads\/2023\/09\/INAUGURARON-EL-CENTRO-DE-FORMACION-E-INNOVACION-PRODUCTIVA-DE-BERAZATEGUI1.jpg\" \/>\n\t<meta property=\"og:image:width\" content=\"1920\" \/>\n\t<meta property=\"og:image:height\" content=\"1280\" \/>\n\t<meta property=\"og:image:type\" content=\"image\/jpeg\" \/>\n<meta name=\"author\" content=\"Hern\u00e1n L\u00f3pez\" \/>\n<meta name=\"twitter:card\" content=\"summary_large_image\" \/>\n<meta name=\"twitter:label1\" content=\"Escrito por\" \/>\n\t<meta name=\"twitter:data1\" content=\"Hern\u00e1n L\u00f3pez\" \/>\n\t<meta name=\"twitter:label2\" content=\"Tiempo de lectura\" \/>\n\t<meta name=\"twitter:data2\" content=\"3 minutos\" \/>\n<script type=\"application\/ld+json\" class=\"yoast-schema-graph\">{\"@context\":\"https:\\\/\\\/schema.org\",\"@graph\":[{\"@type\":\"Article\",\"@id\":\"https:\\\/\\\/diarioprincipios.com\\\/index.php\\\/2023\\\/09\\\/26\\\/inauguraron-el-centro-de-formacion-e-innovacion-productiva-de-berazategui\\\/#article\",\"isPartOf\":{\"@id\":\"https:\\\/\\\/diarioprincipios.com\\\/index.php\\\/2023\\\/09\\\/26\\\/inauguraron-el-centro-de-formacion-e-innovacion-productiva-de-berazategui\\\/\"},\"author\":{\"name\":\"Hern\u00e1n L\u00f3pez\",\"@id\":\"https:\\\/\\\/diarioprincipios.com\\\/#\\\/schema\\\/person\\\/436d5a1fd41a5e250e23ff5a6a7cb080\"},\"headline\":\"Inauguraron el Centro de Formaci\u00f3n e Innovaci\u00f3n Productiva de Berazategui\",\"datePublished\":\"2023-09-27T00:47:47+00:00\",\"dateModified\":\"2023-10-01T12:04:23+00:00\",\"mainEntityOfPage\":{\"@id\":\"https:\\\/\\\/diarioprincipios.com\\\/index.php\\\/2023\\\/09\\\/26\\\/inauguraron-el-centro-de-formacion-e-innovacion-productiva-de-berazategui\\\/\"},\"wordCount\":476,\"commentCount\":0,\"publisher\":{\"@id\":\"https:\\\/\\\/diarioprincipios.com\\\/#organization\"},\"image\":{\"@id\":\"https:\\\/\\\/diarioprincipios.com\\\/index.php\\\/2023\\\/09\\\/26\\\/inauguraron-el-centro-de-formacion-e-innovacion-productiva-de-berazategui\\\/#primaryimage\"},\"thumbnailUrl\":\"https:\\\/\\\/diarioprincipios.com\\\/wp-content\\\/uploads\\\/2023\\\/09\\\/INAUGURARON-EL-CENTRO-DE-FORMACION-E-INNOVACION-PRODUCTIVA-DE-BERAZATEGUI1.jpg\",\"articleSection\":[\"Berazategui\"],\"inLanguage\":\"es\",\"potentialAction\":[{\"@type\":\"CommentAction\",\"name\":\"Comment\",\"target\":[\"https:\\\/\\\/diarioprincipios.com\\\/index.php\\\/2023\\\/09\\\/26\\\/inauguraron-el-centro-de-formacion-e-innovacion-productiva-de-berazategui\\\/#respond\"]}]},{\"@type\":\"WebPage\",\"@id\":\"https:\\\/\\\/diarioprincipios.com\\\/index.php\\\/2023\\\/09\\\/26\\\/inauguraron-el-centro-de-formacion-e-innovacion-productiva-de-berazategui\\\/\",\"url\":\"https:\\\/\\\/diarioprincipios.com\\\/index.php\\\/2023\\\/09\\\/26\\\/inauguraron-el-centro-de-formacion-e-innovacion-productiva-de-berazategui\\\/\",\"name\":\"Inauguraron el Centro de Formaci\u00f3n e Innovaci\u00f3n Productiva de Berazategui - Principios\",\"isPartOf\":{\"@id\":\"https:\\\/\\\/diarioprincipios.com\\\/#website\"},\"primaryImageOfPage\":{\"@id\":\"https:\\\/\\\/diarioprincipios.com\\\/index.php\\\/2023\\\/09\\\/26\\\/inauguraron-el-centro-de-formacion-e-innovacion-productiva-de-berazategui\\\/#primaryimage\"},\"image\":{\"@id\":\"https:\\\/\\\/diarioprincipios.com\\\/index.php\\\/2023\\\/09\\\/26\\\/inauguraron-el-centro-de-formacion-e-innovacion-productiva-de-berazategui\\\/#primaryimage\"},\"thumbnailUrl\":\"https:\\\/\\\/diarioprincipios.com\\\/wp-content\\\/uploads\\\/2023\\\/09\\\/INAUGURARON-EL-CENTRO-DE-FORMACION-E-INNOVACION-PRODUCTIVA-DE-BERAZATEGUI1.jpg\",\"datePublished\":\"2023-09-27T00:47:47+00:00\",\"dateModified\":\"2023-10-01T12:04:23+00:00\",\"breadcrumb\":{\"@id\":\"https:\\\/\\\/diarioprincipios.com\\\/index.php\\\/2023\\\/09\\\/26\\\/inauguraron-el-centro-de-formacion-e-innovacion-productiva-de-berazategui\\\/#breadcrumb\"},\"inLanguage\":\"es\",\"potentialAction\":[{\"@type\":\"ReadAction\",\"target\":[\"https:\\\/\\\/diarioprincipios.com\\\/index.php\\\/2023\\\/09\\\/26\\\/inauguraron-el-centro-de-formacion-e-innovacion-productiva-de-berazategui\\\/\"]}]},{\"@type\":\"ImageObject\",\"inLanguage\":\"es\",\"@id\":\"https:\\\/\\\/diarioprincipios.com\\\/index.php\\\/2023\\\/09\\\/26\\\/inauguraron-el-centro-de-formacion-e-innovacion-productiva-de-berazategui\\\/#primaryimage\",\"url\":\"https:\\\/\\\/diarioprincipios.com\\\/wp-content\\\/uploads\\\/2023\\\/09\\\/INAUGURARON-EL-CENTRO-DE-FORMACION-E-INNOVACION-PRODUCTIVA-DE-BERAZATEGUI1.jpg\",\"contentUrl\":\"https:\\\/\\\/diarioprincipios.com\\\/wp-content\\\/uploads\\\/2023\\\/09\\\/INAUGURARON-EL-CENTRO-DE-FORMACION-E-INNOVACION-PRODUCTIVA-DE-BERAZATEGUI1.jpg\",\"width\":1920,\"height\":1280},{\"@type\":\"BreadcrumbList\",\"@id\":\"https:\\\/\\\/diarioprincipios.com\\\/index.php\\\/2023\\\/09\\\/26\\\/inauguraron-el-centro-de-formacion-e-innovacion-productiva-de-berazategui\\\/#breadcrumb\",\"itemListElement\":[{\"@type\":\"ListItem\",\"position\":1,\"name\":\"Portada\",\"item\":\"https:\\\/\\\/diarioprincipios.com\\\/\"},{\"@type\":\"ListItem\",\"position\":2,\"name\":\"Inauguraron el Centro de Formaci\u00f3n e Innovaci\u00f3n Productiva de Berazategui\"}]},{\"@type\":\"WebSite\",\"@id\":\"https:\\\/\\\/diarioprincipios.com\\\/#website\",\"url\":\"https:\\\/\\\/diarioprincipios.com\\\/\",\"name\":\"Principios\",\"description\":\"Principios Diario\",\"publisher\":{\"@id\":\"https:\\\/\\\/diarioprincipios.com\\\/#organization\"},\"potentialAction\":[{\"@type\":\"SearchAction\",\"target\":{\"@type\":\"EntryPoint\",\"urlTemplate\":\"https:\\\/\\\/diarioprincipios.com\\\/?s={search_term_string}\"},\"query-input\":{\"@type\":\"PropertyValueSpecification\",\"valueRequired\":true,\"valueName\":\"search_term_string\"}}],\"inLanguage\":\"es\"},{\"@type\":\"Organization\",\"@id\":\"https:\\\/\\\/diarioprincipios.com\\\/#organization\",\"name\":\"Principios\",\"url\":\"https:\\\/\\\/diarioprincipios.com\\\/\",\"logo\":{\"@type\":\"ImageObject\",\"inLanguage\":\"es\",\"@id\":\"https:\\\/\\\/diarioprincipios.com\\\/#\\\/schema\\\/logo\\\/image\\\/\",\"url\":\"https:\\\/\\\/diarioprincipios.com\\\/wp-content\\\/uploads\\\/2024\\\/04\\\/cropped-www.diarioprincipios.com_-1.png\",\"contentUrl\":\"https:\\\/\\\/diarioprincipios.com\\\/wp-content\\\/uploads\\\/2024\\\/04\\\/cropped-www.diarioprincipios.com_-1.png\",\"width\":5325,\"height\":1454,\"caption\":\"Principios\"},\"image\":{\"@id\":\"https:\\\/\\\/diarioprincipios.com\\\/#\\\/schema\\\/logo\\\/image\\\/\"}},{\"@type\":\"Person\",\"@id\":\"https:\\\/\\\/diarioprincipios.com\\\/#\\\/schema\\\/person\\\/436d5a1fd41a5e250e23ff5a6a7cb080\",\"name\":\"Hern\u00e1n L\u00f3pez\",\"image\":{\"@type\":\"ImageObject\",\"inLanguage\":\"es\",\"@id\":\"https:\\\/\\\/diarioprincipios.com\\\/wp-content\\\/litespeed\\\/avatar\\\/11ddfe5610ff3bd100522525b2571f48.jpg?ver=1777653193\",\"url\":\"https:\\\/\\\/diarioprincipios.com\\\/wp-content\\\/litespeed\\\/avatar\\\/11ddfe5610ff3bd100522525b2571f48.jpg?ver=1777653193\",\"contentUrl\":\"https:\\\/\\\/diarioprincipios.com\\\/wp-content\\\/litespeed\\\/avatar\\\/11ddfe5610ff3bd100522525b2571f48.jpg?ver=1777653193\",\"caption\":\"Hern\u00e1n L\u00f3pez\"},\"url\":\"https:\\\/\\\/diarioprincipios.com\\\/index.php\\\/author\\\/hernan\\\/\"}]}<\/script>\n<!-- \/ Yoast SEO plugin. -->","yoast_head_json":{"title":"Inauguraron el Centro de Formaci\u00f3n e Innovaci\u00f3n Productiva de Berazategui - Principios","robots":{"index":"index","follow":"follow","max-snippet":"max-snippet:-1","max-image-preview":"max-image-preview:large","max-video-preview":"max-video-preview:-1"},"canonical":"https:\/\/diarioprincipios.com\/index.php\/2023\/09\/26\/inauguraron-el-centro-de-formacion-e-innovacion-productiva-de-berazategui\/","og_locale":"es_ES","og_type":"article","og_title":"Inauguraron el Centro de Formaci\u00f3n e Innovaci\u00f3n Productiva de Berazategui - Principios","og_description":"Se inaugur\u00f3 la sede del Centro de Formaci\u00f3n e Innovaci\u00f3n Productiva de Berazategui (CEFIP), con la presencia del intendente municipal, Juan Jos\u00e9 Mussi; y la ministra de Trabajo de la Naci\u00f3n, Kelly Olmos. En este flamante espacio se brindar\u00e1n cursos y capacitaciones, con el objetivo de generar mano de obra calificada para las pymes e...","og_url":"https:\/\/diarioprincipios.com\/index.php\/2023\/09\/26\/inauguraron-el-centro-de-formacion-e-innovacion-productiva-de-berazategui\/","og_site_name":"Principios","article_published_time":"2023-09-27T00:47:47+00:00","article_modified_time":"2023-10-01T12:04:23+00:00","og_image":[{"width":1920,"height":1280,"url":"https:\/\/diarioprincipios.com\/wp-content\/uploads\/2023\/09\/INAUGURARON-EL-CENTRO-DE-FORMACION-E-INNOVACION-PRODUCTIVA-DE-BERAZATEGUI1.jpg","type":"image\/jpeg"}],"author":"Hern\u00e1n L\u00f3pez","twitter_card":"summary_large_image","twitter_misc":{"Escrito por":"Hern\u00e1n L\u00f3pez","Tiempo de lectura":"3 minutos"},"schema":{"@context":"https:\/\/schema.org","@graph":[{"@type":"Article","@id":"https:\/\/diarioprincipios.com\/index.php\/2023\/09\/26\/inauguraron-el-centro-de-formacion-e-innovacion-productiva-de-berazategui\/#article","isPartOf":{"@id":"https:\/\/diarioprincipios.com\/index.php\/2023\/09\/26\/inauguraron-el-centro-de-formacion-e-innovacion-productiva-de-berazategui\/"},"author":{"name":"Hern\u00e1n L\u00f3pez","@id":"https:\/\/diarioprincipios.com\/#\/schema\/person\/436d5a1fd41a5e250e23ff5a6a7cb080"},"headline":"Inauguraron el Centro de Formaci\u00f3n e Innovaci\u00f3n Productiva de Berazategui","datePublished":"2023-09-27T00:47:47+00:00","dateModified":"2023-10-01T12:04:23+00:00","mainEntityOfPage":{"@id":"https:\/\/diarioprincipios.com\/index.php\/2023\/09\/26\/inauguraron-el-centro-de-formacion-e-innovacion-productiva-de-berazategui\/"},"wordCount":476,"commentCount":0,"publisher":{"@id":"https:\/\/diarioprincipios.com\/#organization"},"image":{"@id":"https:\/\/diarioprincipios.com\/index.php\/2023\/09\/26\/inauguraron-el-centro-de-formacion-e-innovacion-productiva-de-berazategui\/#primaryimage"},"thumbnailUrl":"https:\/\/diarioprincipios.com\/wp-content\/uploads\/2023\/09\/INAUGURARON-EL-CENTRO-DE-FORMACION-E-INNOVACION-PRODUCTIVA-DE-BERAZATEGUI1.jpg","articleSection":["Berazategui"],"inLanguage":"es","potentialAction":[{"@type":"CommentAction","name":"Comment","target":["https:\/\/diarioprincipios.com\/index.php\/2023\/09\/26\/inauguraron-el-centro-de-formacion-e-innovacion-productiva-de-berazategui\/#respond"]}]},{"@type":"WebPage","@id":"https:\/\/diarioprincipios.com\/index.php\/2023\/09\/26\/inauguraron-el-centro-de-formacion-e-innovacion-productiva-de-berazategui\/","url":"https:\/\/diarioprincipios.com\/index.php\/2023\/09\/26\/inauguraron-el-centro-de-formacion-e-innovacion-productiva-de-berazategui\/","name":"Inauguraron el Centro de Formaci\u00f3n e Innovaci\u00f3n Productiva de Berazategui - Principios","isPartOf":{"@id":"https:\/\/diarioprincipios.com\/#website"},"primaryImageOfPage":{"@id":"https:\/\/diarioprincipios.com\/index.php\/2023\/09\/26\/inauguraron-el-centro-de-formacion-e-innovacion-productiva-de-berazategui\/#primaryimage"},"image":{"@id":"https:\/\/diarioprincipios.com\/index.php\/2023\/09\/26\/inauguraron-el-centro-de-formacion-e-innovacion-productiva-de-berazategui\/#primaryimage"},"thumbnailUrl":"https:\/\/diarioprincipios.com\/wp-content\/uploads\/2023\/09\/INAUGURARON-EL-CENTRO-DE-FORMACION-E-INNOVACION-PRODUCTIVA-DE-BERAZATEGUI1.jpg","datePublished":"2023-09-27T00:47:47+00:00","dateModified":"2023-10-01T12:04:23+00:00","breadcrumb":{"@id":"https:\/\/diarioprincipios.com\/index.php\/2023\/09\/26\/inauguraron-el-centro-de-formacion-e-innovacion-productiva-de-berazategui\/#breadcrumb"},"inLanguage":"es","potentialAction":[{"@type":"ReadAction","target":["https:\/\/diarioprincipios.com\/index.php\/2023\/09\/26\/inauguraron-el-centro-de-formacion-e-innovacion-productiva-de-berazategui\/"]}]},{"@type":"ImageObject","inLanguage":"es","@id":"https:\/\/diarioprincipios.com\/index.php\/2023\/09\/26\/inauguraron-el-centro-de-formacion-e-innovacion-productiva-de-berazategui\/#primaryimage","url":"https:\/\/diarioprincipios.com\/wp-content\/uploads\/2023\/09\/INAUGURARON-EL-CENTRO-DE-FORMACION-E-INNOVACION-PRODUCTIVA-DE-BERAZATEGUI1.jpg","contentUrl":"https:\/\/diarioprincipios.com\/wp-content\/uploads\/2023\/09\/INAUGURARON-EL-CENTRO-DE-FORMACION-E-INNOVACION-PRODUCTIVA-DE-BERAZATEGUI1.jpg","width":1920,"height":1280},{"@type":"BreadcrumbList","@id":"https:\/\/diarioprincipios.com\/index.php\/2023\/09\/26\/inauguraron-el-centro-de-formacion-e-innovacion-productiva-de-berazategui\/#breadcrumb","itemListElement":[{"@type":"ListItem","position":1,"name":"Portada","item":"https:\/\/diarioprincipios.com\/"},{"@type":"ListItem","position":2,"name":"Inauguraron el Centro de Formaci\u00f3n e Innovaci\u00f3n Productiva de Berazategui"}]},{"@type":"WebSite","@id":"https:\/\/diarioprincipios.com\/#website","url":"https:\/\/diarioprincipios.com\/","name":"Principios","description":"Principios Diario","publisher":{"@id":"https:\/\/diarioprincipios.com\/#organization"},"potentialAction":[{"@type":"SearchAction","target":{"@type":"EntryPoint","urlTemplate":"https:\/\/diarioprincipios.com\/?s={search_term_string}"},"query-input":{"@type":"PropertyValueSpecification","valueRequired":true,"valueName":"search_term_string"}}],"inLanguage":"es"},{"@type":"Organization","@id":"https:\/\/diarioprincipios.com\/#organization","name":"Principios","url":"https:\/\/diarioprincipios.com\/","logo":{"@type":"ImageObject","inLanguage":"es","@id":"https:\/\/diarioprincipios.com\/#\/schema\/logo\/image\/","url":"https:\/\/diarioprincipios.com\/wp-content\/uploads\/2024\/04\/cropped-www.diarioprincipios.com_-1.png","contentUrl":"https:\/\/diarioprincipios.com\/wp-content\/uploads\/2024\/04\/cropped-www.diarioprincipios.com_-1.png","width":5325,"height":1454,"caption":"Principios"},"image":{"@id":"https:\/\/diarioprincipios.com\/#\/schema\/logo\/image\/"}},{"@type":"Person","@id":"https:\/\/diarioprincipios.com\/#\/schema\/person\/436d5a1fd41a5e250e23ff5a6a7cb080","name":"Hern\u00e1n L\u00f3pez","image":{"@type":"ImageObject","inLanguage":"es","@id":"https:\/\/diarioprincipios.com\/wp-content\/litespeed\/avatar\/11ddfe5610ff3bd100522525b2571f48.jpg?ver=1777653193","url":"https:\/\/diarioprincipios.com\/wp-content\/litespeed\/avatar\/11ddfe5610ff3bd100522525b2571f48.jpg?ver=1777653193","contentUrl":"https:\/\/diarioprincipios.com\/wp-content\/litespeed\/avatar\/11ddfe5610ff3bd100522525b2571f48.jpg?ver=1777653193","caption":"Hern\u00e1n L\u00f3pez"},"url":"https:\/\/diarioprincipios.com\/index.php\/author\/hernan\/"}]}},"jetpack_featured_media_url":"https:\/\/diarioprincipios.com\/wp-content\/uploads\/2023\/09\/INAUGURARON-EL-CENTRO-DE-FORMACION-E-INNOVACION-PRODUCTIVA-DE-BERAZATEGUI1.jpg","_links":{"self":[{"href":"https:\/\/diarioprincipios.com\/index.php\/wp-json\/wp\/v2\/posts\/19001","targetHints":{"allow":["GET"]}}],"collection":[{"href":"https:\/\/diarioprincipios.com\/index.php\/wp-json\/wp\/v2\/posts"}],"about":[{"href":"https:\/\/diarioprincipios.com\/index.php\/wp-json\/wp\/v2\/types\/post"}],"author":[{"embeddable":true,"href":"https:\/\/diarioprincipios.com\/index.php\/wp-json\/wp\/v2\/users\/2"}],"replies":[{"embeddable":true,"href":"https:\/\/diarioprincipios.com\/index.php\/wp-json\/wp\/v2\/comments?post=19001"}],"version-history":[{"count":1,"href":"https:\/\/diarioprincipios.com\/index.php\/wp-json\/wp\/v2\/posts\/19001\/revisions"}],"predecessor-version":[{"id":19006,"href":"https:\/\/diarioprincipios.com\/index.php\/wp-json\/wp\/v2\/posts\/19001\/revisions\/19006"}],"wp:featuredmedia":[{"embeddable":true,"href":"https:\/\/diarioprincipios.com\/index.php\/wp-json\/wp\/v2\/media\/19005"}],"wp:attachment":[{"href":"https:\/\/diarioprincipios.com\/index.php\/wp-json\/wp\/v2\/media?parent=19001"}],"wp:term":[{"taxonomy":"category","embeddable":true,"href":"https:\/\/diarioprincipios.com\/index.php\/wp-json\/wp\/v2\/categories?post=19001"},{"taxonomy":"post_tag","embeddable":true,"href":"https:\/\/diarioprincipios.com\/index.php\/wp-json\/wp\/v2\/tags?post=19001"}],"curies":[{"name":"wp","href":"https:\/\/api.w.org\/{rel}","templated":true}]}}