{"id":18997,"date":"2023-09-26T17:35:55","date_gmt":"2023-09-26T20:35:55","guid":{"rendered":"http:\/\/diarioprincipios.com\/?p=18997"},"modified":"2023-10-01T09:04:17","modified_gmt":"2023-10-01T12:04:17","slug":"comenzo-la-colocacion-de-luminarias-con-tecnologia-led-en-ranelagh","status":"publish","type":"post","link":"https:\/\/diarioprincipios.com\/index.php\/2023\/09\/26\/comenzo-la-colocacion-de-luminarias-con-tecnologia-led-en-ranelagh\/","title":{"rendered":"Comenz\u00f3 la colocaci\u00f3n de Luminarias con Tecnolog\u00eda Led en R\u00e1nelagh"},"content":{"rendered":"\n<p><strong>Ya inici\u00f3 la colocaci\u00f3n de luminarias con tecnolog\u00eda led en la localidad de Ranelagh. El intendente de Berazategui, Juan Jos\u00e9 Mussi, gestion\u00f3 el financiamiento de los equipos ante el Gobierno de la provincia de Buenos Aires.<\/strong><\/p>\n\n\n\n<p>\u201cEn esta primera etapa vamos a colocar 220 luminarias nuevas, dentro del radio comprendido por las calles 359 a 367 y Av. Eva Per\u00f3n hasta Av. Agote\u201d, detall\u00f3 Sergio Faccenda, secretario municipal de Servicios P\u00fablicos.<\/p>\n\n\n\n<figure class=\"wp-block-image size-large\"><img loading=\"lazy\" decoding=\"async\" width=\"1024\" height=\"683\" src=\"https:\/\/diarioprincipios.com\/wp-content\/uploads\/2023\/09\/1000169146-1024x683.jpg\" alt=\"\" class=\"wp-image-18998\" srcset=\"https:\/\/diarioprincipios.com\/wp-content\/uploads\/2023\/09\/1000169146-1024x683.jpg 1024w, https:\/\/diarioprincipios.com\/wp-content\/uploads\/2023\/09\/1000169146-300x200.jpg 300w, https:\/\/diarioprincipios.com\/wp-content\/uploads\/2023\/09\/1000169146-768x512.jpg 768w, https:\/\/diarioprincipios.com\/wp-content\/uploads\/2023\/09\/1000169146-1536x1024.jpg 1536w, https:\/\/diarioprincipios.com\/wp-content\/uploads\/2023\/09\/1000169146.jpg 1924w\" sizes=\"auto, (max-width: 1024px) 100vw, 1024px\" \/><\/figure>\n\n\n\n<p>Con respecto a las ventajas que conlleva la iluminaci\u00f3n led, el Ingeniero explic\u00f3: \u201cEl primer impacto es la calidad de luz que llevamos al barrio. La luz blanca realza los colores, el ojo ve mucho mejor y la sensaci\u00f3n que genera es que hay m\u00e1s iluminaci\u00f3n. La segunda raz\u00f3n es econ\u00f3mica y medioambiental, porque reduce el consumo de energ\u00eda el\u00e9ctrica a la mitad. El tercer punto es que poseen una vida \u00fatil m\u00e1s prolongada que las l\u00e1mparas de vapor de sodio\u201d.<\/p>\n\n\n\n<p>Estos trabajos se suman a los que ya se realizaron anteriormente en otros puntos de Berazategui, como avenidas principales, corredores escolares seguros, plazas, clubes y polideportivos.<\/p>\n\n\n\n<p>\u201cDesde que comenz\u00f3 el programa, ya cambiamos 22 mil luminarias. Para el a\u00f1o que viene, proyectamos finalizar con la renovaci\u00f3n total en todos los barrios del distrito. Tenemos una muy buena aceptaci\u00f3n por parte de los vecinos y las vecinas; se dan cuenta del cambio rotundo de la iluminaci\u00f3n en la calle\u201d, concluy\u00f3 Faccenda.<\/p>\n","protected":false},"excerpt":{"rendered":"<p>Ya inici\u00f3 la colocaci\u00f3n de luminarias con tecnolog\u00eda led en la localidad de Ranelagh. El intendente de Berazategui, Juan Jos\u00e9 Mussi, gestion\u00f3 el financiamiento de los equipos ante el Gobierno de la provincia de Buenos Aires. \u201cEn esta primera etapa vamos a colocar 220 luminarias nuevas, dentro del radio comprendido por las calles 359 a&#8230;<\/p>\n","protected":false},"author":2,"featured_media":18999,"comment_status":"open","ping_status":"open","sticky":false,"template":"","format":"standard","meta":{"footnotes":""},"categories":[3],"tags":[],"class_list":["post-18997","post","type-post","status-publish","format-standard","has-post-thumbnail","hentry","category-berazategui"],"featured_image_src":"https:\/\/diarioprincipios.com\/wp-content\/uploads\/2023\/09\/RECAMBIO-DE-LUMINARIAS-POR-TECNOLOGIA-LED-EN-RANELAGH-1-1024x683.jpg","blog_images":{"medium":"https:\/\/diarioprincipios.com\/wp-content\/uploads\/2023\/09\/RECAMBIO-DE-LUMINARIAS-POR-TECNOLOGIA-LED-EN-RANELAGH-1-300x200.jpg","large":"https:\/\/diarioprincipios.com\/wp-content\/uploads\/2023\/09\/RECAMBIO-DE-LUMINARIAS-POR-TECNOLOGIA-LED-EN-RANELAGH-1-1024x683.jpg"},"ams_acf":[],"yoast_head":"<!-- This site is optimized with the Yoast SEO plugin v27.3 - https:\/\/yoast.com\/product\/yoast-seo-wordpress\/ -->\n<title>Comenz\u00f3 la colocaci\u00f3n de Luminarias con Tecnolog\u00eda Led en R\u00e1nelagh - Principios<\/title>\n<meta name=\"robots\" content=\"index, follow, max-snippet:-1, max-image-preview:large, max-video-preview:-1\" \/>\n<link rel=\"canonical\" href=\"https:\/\/diarioprincipios.com\/index.php\/2023\/09\/26\/comenzo-la-colocacion-de-luminarias-con-tecnologia-led-en-ranelagh\/\" \/>\n<meta property=\"og:locale\" content=\"es_ES\" \/>\n<meta property=\"og:type\" content=\"article\" \/>\n<meta property=\"og:title\" content=\"Comenz\u00f3 la colocaci\u00f3n de Luminarias con Tecnolog\u00eda Led en R\u00e1nelagh - Principios\" \/>\n<meta property=\"og:description\" content=\"Ya inici\u00f3 la colocaci\u00f3n de luminarias con tecnolog\u00eda led en la localidad de Ranelagh. El intendente de Berazategui, Juan Jos\u00e9 Mussi, gestion\u00f3 el financiamiento de los equipos ante el Gobierno de la provincia de Buenos Aires. \u201cEn esta primera etapa vamos a colocar 220 luminarias nuevas, dentro del radio comprendido por las calles 359 a...\" \/>\n<meta property=\"og:url\" content=\"https:\/\/diarioprincipios.com\/index.php\/2023\/09\/26\/comenzo-la-colocacion-de-luminarias-con-tecnologia-led-en-ranelagh\/\" \/>\n<meta property=\"og:site_name\" content=\"Principios\" \/>\n<meta property=\"article:published_time\" content=\"2023-09-26T20:35:55+00:00\" \/>\n<meta property=\"article:modified_time\" content=\"2023-10-01T12:04:17+00:00\" \/>\n<meta property=\"og:image\" content=\"https:\/\/diarioprincipios.com\/wp-content\/uploads\/2023\/09\/RECAMBIO-DE-LUMINARIAS-POR-TECNOLOGIA-LED-EN-RANELAGH-1.jpg\" \/>\n\t<meta property=\"og:image:width\" content=\"1924\" \/>\n\t<meta property=\"og:image:height\" content=\"1283\" \/>\n\t<meta property=\"og:image:type\" content=\"image\/jpeg\" \/>\n<meta name=\"author\" content=\"Hern\u00e1n L\u00f3pez\" \/>\n<meta name=\"twitter:card\" content=\"summary_large_image\" \/>\n<meta name=\"twitter:label1\" content=\"Escrito por\" \/>\n\t<meta name=\"twitter:data1\" content=\"Hern\u00e1n L\u00f3pez\" \/>\n\t<meta name=\"twitter:label2\" content=\"Tiempo de lectura\" \/>\n\t<meta name=\"twitter:data2\" content=\"2 minutos\" \/>\n<script type=\"application\/ld+json\" class=\"yoast-schema-graph\">{\"@context\":\"https:\\\/\\\/schema.org\",\"@graph\":[{\"@type\":\"Article\",\"@id\":\"https:\\\/\\\/diarioprincipios.com\\\/index.php\\\/2023\\\/09\\\/26\\\/comenzo-la-colocacion-de-luminarias-con-tecnologia-led-en-ranelagh\\\/#article\",\"isPartOf\":{\"@id\":\"https:\\\/\\\/diarioprincipios.com\\\/index.php\\\/2023\\\/09\\\/26\\\/comenzo-la-colocacion-de-luminarias-con-tecnologia-led-en-ranelagh\\\/\"},\"author\":{\"name\":\"Hern\u00e1n L\u00f3pez\",\"@id\":\"https:\\\/\\\/diarioprincipios.com\\\/#\\\/schema\\\/person\\\/436d5a1fd41a5e250e23ff5a6a7cb080\"},\"headline\":\"Comenz\u00f3 la colocaci\u00f3n de Luminarias con Tecnolog\u00eda Led en R\u00e1nelagh\",\"datePublished\":\"2023-09-26T20:35:55+00:00\",\"dateModified\":\"2023-10-01T12:04:17+00:00\",\"mainEntityOfPage\":{\"@id\":\"https:\\\/\\\/diarioprincipios.com\\\/index.php\\\/2023\\\/09\\\/26\\\/comenzo-la-colocacion-de-luminarias-con-tecnologia-led-en-ranelagh\\\/\"},\"wordCount\":259,\"commentCount\":0,\"publisher\":{\"@id\":\"https:\\\/\\\/diarioprincipios.com\\\/#organization\"},\"image\":{\"@id\":\"https:\\\/\\\/diarioprincipios.com\\\/index.php\\\/2023\\\/09\\\/26\\\/comenzo-la-colocacion-de-luminarias-con-tecnologia-led-en-ranelagh\\\/#primaryimage\"},\"thumbnailUrl\":\"https:\\\/\\\/diarioprincipios.com\\\/wp-content\\\/uploads\\\/2023\\\/09\\\/RECAMBIO-DE-LUMINARIAS-POR-TECNOLOGIA-LED-EN-RANELAGH-1.jpg\",\"articleSection\":[\"Berazategui\"],\"inLanguage\":\"es\",\"potentialAction\":[{\"@type\":\"CommentAction\",\"name\":\"Comment\",\"target\":[\"https:\\\/\\\/diarioprincipios.com\\\/index.php\\\/2023\\\/09\\\/26\\\/comenzo-la-colocacion-de-luminarias-con-tecnologia-led-en-ranelagh\\\/#respond\"]}]},{\"@type\":\"WebPage\",\"@id\":\"https:\\\/\\\/diarioprincipios.com\\\/index.php\\\/2023\\\/09\\\/26\\\/comenzo-la-colocacion-de-luminarias-con-tecnologia-led-en-ranelagh\\\/\",\"url\":\"https:\\\/\\\/diarioprincipios.com\\\/index.php\\\/2023\\\/09\\\/26\\\/comenzo-la-colocacion-de-luminarias-con-tecnologia-led-en-ranelagh\\\/\",\"name\":\"Comenz\u00f3 la colocaci\u00f3n de Luminarias con Tecnolog\u00eda Led en R\u00e1nelagh - Principios\",\"isPartOf\":{\"@id\":\"https:\\\/\\\/diarioprincipios.com\\\/#website\"},\"primaryImageOfPage\":{\"@id\":\"https:\\\/\\\/diarioprincipios.com\\\/index.php\\\/2023\\\/09\\\/26\\\/comenzo-la-colocacion-de-luminarias-con-tecnologia-led-en-ranelagh\\\/#primaryimage\"},\"image\":{\"@id\":\"https:\\\/\\\/diarioprincipios.com\\\/index.php\\\/2023\\\/09\\\/26\\\/comenzo-la-colocacion-de-luminarias-con-tecnologia-led-en-ranelagh\\\/#primaryimage\"},\"thumbnailUrl\":\"https:\\\/\\\/diarioprincipios.com\\\/wp-content\\\/uploads\\\/2023\\\/09\\\/RECAMBIO-DE-LUMINARIAS-POR-TECNOLOGIA-LED-EN-RANELAGH-1.jpg\",\"datePublished\":\"2023-09-26T20:35:55+00:00\",\"dateModified\":\"2023-10-01T12:04:17+00:00\",\"breadcrumb\":{\"@id\":\"https:\\\/\\\/diarioprincipios.com\\\/index.php\\\/2023\\\/09\\\/26\\\/comenzo-la-colocacion-de-luminarias-con-tecnologia-led-en-ranelagh\\\/#breadcrumb\"},\"inLanguage\":\"es\",\"potentialAction\":[{\"@type\":\"ReadAction\",\"target\":[\"https:\\\/\\\/diarioprincipios.com\\\/index.php\\\/2023\\\/09\\\/26\\\/comenzo-la-colocacion-de-luminarias-con-tecnologia-led-en-ranelagh\\\/\"]}]},{\"@type\":\"ImageObject\",\"inLanguage\":\"es\",\"@id\":\"https:\\\/\\\/diarioprincipios.com\\\/index.php\\\/2023\\\/09\\\/26\\\/comenzo-la-colocacion-de-luminarias-con-tecnologia-led-en-ranelagh\\\/#primaryimage\",\"url\":\"https:\\\/\\\/diarioprincipios.com\\\/wp-content\\\/uploads\\\/2023\\\/09\\\/RECAMBIO-DE-LUMINARIAS-POR-TECNOLOGIA-LED-EN-RANELAGH-1.jpg\",\"contentUrl\":\"https:\\\/\\\/diarioprincipios.com\\\/wp-content\\\/uploads\\\/2023\\\/09\\\/RECAMBIO-DE-LUMINARIAS-POR-TECNOLOGIA-LED-EN-RANELAGH-1.jpg\",\"width\":1924,\"height\":1283},{\"@type\":\"BreadcrumbList\",\"@id\":\"https:\\\/\\\/diarioprincipios.com\\\/index.php\\\/2023\\\/09\\\/26\\\/comenzo-la-colocacion-de-luminarias-con-tecnologia-led-en-ranelagh\\\/#breadcrumb\",\"itemListElement\":[{\"@type\":\"ListItem\",\"position\":1,\"name\":\"Portada\",\"item\":\"https:\\\/\\\/diarioprincipios.com\\\/\"},{\"@type\":\"ListItem\",\"position\":2,\"name\":\"Comenz\u00f3 la colocaci\u00f3n de Luminarias con Tecnolog\u00eda Led en R\u00e1nelagh\"}]},{\"@type\":\"WebSite\",\"@id\":\"https:\\\/\\\/diarioprincipios.com\\\/#website\",\"url\":\"https:\\\/\\\/diarioprincipios.com\\\/\",\"name\":\"Principios\",\"description\":\"Principios Diario\",\"publisher\":{\"@id\":\"https:\\\/\\\/diarioprincipios.com\\\/#organization\"},\"potentialAction\":[{\"@type\":\"SearchAction\",\"target\":{\"@type\":\"EntryPoint\",\"urlTemplate\":\"https:\\\/\\\/diarioprincipios.com\\\/?s={search_term_string}\"},\"query-input\":{\"@type\":\"PropertyValueSpecification\",\"valueRequired\":true,\"valueName\":\"search_term_string\"}}],\"inLanguage\":\"es\"},{\"@type\":\"Organization\",\"@id\":\"https:\\\/\\\/diarioprincipios.com\\\/#organization\",\"name\":\"Principios\",\"url\":\"https:\\\/\\\/diarioprincipios.com\\\/\",\"logo\":{\"@type\":\"ImageObject\",\"inLanguage\":\"es\",\"@id\":\"https:\\\/\\\/diarioprincipios.com\\\/#\\\/schema\\\/logo\\\/image\\\/\",\"url\":\"https:\\\/\\\/diarioprincipios.com\\\/wp-content\\\/uploads\\\/2024\\\/04\\\/cropped-www.diarioprincipios.com_-1.png\",\"contentUrl\":\"https:\\\/\\\/diarioprincipios.com\\\/wp-content\\\/uploads\\\/2024\\\/04\\\/cropped-www.diarioprincipios.com_-1.png\",\"width\":5325,\"height\":1454,\"caption\":\"Principios\"},\"image\":{\"@id\":\"https:\\\/\\\/diarioprincipios.com\\\/#\\\/schema\\\/logo\\\/image\\\/\"}},{\"@type\":\"Person\",\"@id\":\"https:\\\/\\\/diarioprincipios.com\\\/#\\\/schema\\\/person\\\/436d5a1fd41a5e250e23ff5a6a7cb080\",\"name\":\"Hern\u00e1n L\u00f3pez\",\"image\":{\"@type\":\"ImageObject\",\"inLanguage\":\"es\",\"@id\":\"https:\\\/\\\/diarioprincipios.com\\\/wp-content\\\/litespeed\\\/avatar\\\/11ddfe5610ff3bd100522525b2571f48.jpg?ver=1777653193\",\"url\":\"https:\\\/\\\/diarioprincipios.com\\\/wp-content\\\/litespeed\\\/avatar\\\/11ddfe5610ff3bd100522525b2571f48.jpg?ver=1777653193\",\"contentUrl\":\"https:\\\/\\\/diarioprincipios.com\\\/wp-content\\\/litespeed\\\/avatar\\\/11ddfe5610ff3bd100522525b2571f48.jpg?ver=1777653193\",\"caption\":\"Hern\u00e1n L\u00f3pez\"},\"url\":\"https:\\\/\\\/diarioprincipios.com\\\/index.php\\\/author\\\/hernan\\\/\"}]}<\/script>\n<!-- \/ Yoast SEO plugin. -->","yoast_head_json":{"title":"Comenz\u00f3 la colocaci\u00f3n de Luminarias con Tecnolog\u00eda Led en R\u00e1nelagh - Principios","robots":{"index":"index","follow":"follow","max-snippet":"max-snippet:-1","max-image-preview":"max-image-preview:large","max-video-preview":"max-video-preview:-1"},"canonical":"https:\/\/diarioprincipios.com\/index.php\/2023\/09\/26\/comenzo-la-colocacion-de-luminarias-con-tecnologia-led-en-ranelagh\/","og_locale":"es_ES","og_type":"article","og_title":"Comenz\u00f3 la colocaci\u00f3n de Luminarias con Tecnolog\u00eda Led en R\u00e1nelagh - Principios","og_description":"Ya inici\u00f3 la colocaci\u00f3n de luminarias con tecnolog\u00eda led en la localidad de Ranelagh. El intendente de Berazategui, Juan Jos\u00e9 Mussi, gestion\u00f3 el financiamiento de los equipos ante el Gobierno de la provincia de Buenos Aires. \u201cEn esta primera etapa vamos a colocar 220 luminarias nuevas, dentro del radio comprendido por las calles 359 a...","og_url":"https:\/\/diarioprincipios.com\/index.php\/2023\/09\/26\/comenzo-la-colocacion-de-luminarias-con-tecnologia-led-en-ranelagh\/","og_site_name":"Principios","article_published_time":"2023-09-26T20:35:55+00:00","article_modified_time":"2023-10-01T12:04:17+00:00","og_image":[{"width":1924,"height":1283,"url":"https:\/\/diarioprincipios.com\/wp-content\/uploads\/2023\/09\/RECAMBIO-DE-LUMINARIAS-POR-TECNOLOGIA-LED-EN-RANELAGH-1.jpg","type":"image\/jpeg"}],"author":"Hern\u00e1n L\u00f3pez","twitter_card":"summary_large_image","twitter_misc":{"Escrito por":"Hern\u00e1n L\u00f3pez","Tiempo de lectura":"2 minutos"},"schema":{"@context":"https:\/\/schema.org","@graph":[{"@type":"Article","@id":"https:\/\/diarioprincipios.com\/index.php\/2023\/09\/26\/comenzo-la-colocacion-de-luminarias-con-tecnologia-led-en-ranelagh\/#article","isPartOf":{"@id":"https:\/\/diarioprincipios.com\/index.php\/2023\/09\/26\/comenzo-la-colocacion-de-luminarias-con-tecnologia-led-en-ranelagh\/"},"author":{"name":"Hern\u00e1n L\u00f3pez","@id":"https:\/\/diarioprincipios.com\/#\/schema\/person\/436d5a1fd41a5e250e23ff5a6a7cb080"},"headline":"Comenz\u00f3 la colocaci\u00f3n de Luminarias con Tecnolog\u00eda Led en R\u00e1nelagh","datePublished":"2023-09-26T20:35:55+00:00","dateModified":"2023-10-01T12:04:17+00:00","mainEntityOfPage":{"@id":"https:\/\/diarioprincipios.com\/index.php\/2023\/09\/26\/comenzo-la-colocacion-de-luminarias-con-tecnologia-led-en-ranelagh\/"},"wordCount":259,"commentCount":0,"publisher":{"@id":"https:\/\/diarioprincipios.com\/#organization"},"image":{"@id":"https:\/\/diarioprincipios.com\/index.php\/2023\/09\/26\/comenzo-la-colocacion-de-luminarias-con-tecnologia-led-en-ranelagh\/#primaryimage"},"thumbnailUrl":"https:\/\/diarioprincipios.com\/wp-content\/uploads\/2023\/09\/RECAMBIO-DE-LUMINARIAS-POR-TECNOLOGIA-LED-EN-RANELAGH-1.jpg","articleSection":["Berazategui"],"inLanguage":"es","potentialAction":[{"@type":"CommentAction","name":"Comment","target":["https:\/\/diarioprincipios.com\/index.php\/2023\/09\/26\/comenzo-la-colocacion-de-luminarias-con-tecnologia-led-en-ranelagh\/#respond"]}]},{"@type":"WebPage","@id":"https:\/\/diarioprincipios.com\/index.php\/2023\/09\/26\/comenzo-la-colocacion-de-luminarias-con-tecnologia-led-en-ranelagh\/","url":"https:\/\/diarioprincipios.com\/index.php\/2023\/09\/26\/comenzo-la-colocacion-de-luminarias-con-tecnologia-led-en-ranelagh\/","name":"Comenz\u00f3 la colocaci\u00f3n de Luminarias con Tecnolog\u00eda Led en R\u00e1nelagh - Principios","isPartOf":{"@id":"https:\/\/diarioprincipios.com\/#website"},"primaryImageOfPage":{"@id":"https:\/\/diarioprincipios.com\/index.php\/2023\/09\/26\/comenzo-la-colocacion-de-luminarias-con-tecnologia-led-en-ranelagh\/#primaryimage"},"image":{"@id":"https:\/\/diarioprincipios.com\/index.php\/2023\/09\/26\/comenzo-la-colocacion-de-luminarias-con-tecnologia-led-en-ranelagh\/#primaryimage"},"thumbnailUrl":"https:\/\/diarioprincipios.com\/wp-content\/uploads\/2023\/09\/RECAMBIO-DE-LUMINARIAS-POR-TECNOLOGIA-LED-EN-RANELAGH-1.jpg","datePublished":"2023-09-26T20:35:55+00:00","dateModified":"2023-10-01T12:04:17+00:00","breadcrumb":{"@id":"https:\/\/diarioprincipios.com\/index.php\/2023\/09\/26\/comenzo-la-colocacion-de-luminarias-con-tecnologia-led-en-ranelagh\/#breadcrumb"},"inLanguage":"es","potentialAction":[{"@type":"ReadAction","target":["https:\/\/diarioprincipios.com\/index.php\/2023\/09\/26\/comenzo-la-colocacion-de-luminarias-con-tecnologia-led-en-ranelagh\/"]}]},{"@type":"ImageObject","inLanguage":"es","@id":"https:\/\/diarioprincipios.com\/index.php\/2023\/09\/26\/comenzo-la-colocacion-de-luminarias-con-tecnologia-led-en-ranelagh\/#primaryimage","url":"https:\/\/diarioprincipios.com\/wp-content\/uploads\/2023\/09\/RECAMBIO-DE-LUMINARIAS-POR-TECNOLOGIA-LED-EN-RANELAGH-1.jpg","contentUrl":"https:\/\/diarioprincipios.com\/wp-content\/uploads\/2023\/09\/RECAMBIO-DE-LUMINARIAS-POR-TECNOLOGIA-LED-EN-RANELAGH-1.jpg","width":1924,"height":1283},{"@type":"BreadcrumbList","@id":"https:\/\/diarioprincipios.com\/index.php\/2023\/09\/26\/comenzo-la-colocacion-de-luminarias-con-tecnologia-led-en-ranelagh\/#breadcrumb","itemListElement":[{"@type":"ListItem","position":1,"name":"Portada","item":"https:\/\/diarioprincipios.com\/"},{"@type":"ListItem","position":2,"name":"Comenz\u00f3 la colocaci\u00f3n de Luminarias con Tecnolog\u00eda Led en R\u00e1nelagh"}]},{"@type":"WebSite","@id":"https:\/\/diarioprincipios.com\/#website","url":"https:\/\/diarioprincipios.com\/","name":"Principios","description":"Principios Diario","publisher":{"@id":"https:\/\/diarioprincipios.com\/#organization"},"potentialAction":[{"@type":"SearchAction","target":{"@type":"EntryPoint","urlTemplate":"https:\/\/diarioprincipios.com\/?s={search_term_string}"},"query-input":{"@type":"PropertyValueSpecification","valueRequired":true,"valueName":"search_term_string"}}],"inLanguage":"es"},{"@type":"Organization","@id":"https:\/\/diarioprincipios.com\/#organization","name":"Principios","url":"https:\/\/diarioprincipios.com\/","logo":{"@type":"ImageObject","inLanguage":"es","@id":"https:\/\/diarioprincipios.com\/#\/schema\/logo\/image\/","url":"https:\/\/diarioprincipios.com\/wp-content\/uploads\/2024\/04\/cropped-www.diarioprincipios.com_-1.png","contentUrl":"https:\/\/diarioprincipios.com\/wp-content\/uploads\/2024\/04\/cropped-www.diarioprincipios.com_-1.png","width":5325,"height":1454,"caption":"Principios"},"image":{"@id":"https:\/\/diarioprincipios.com\/#\/schema\/logo\/image\/"}},{"@type":"Person","@id":"https:\/\/diarioprincipios.com\/#\/schema\/person\/436d5a1fd41a5e250e23ff5a6a7cb080","name":"Hern\u00e1n L\u00f3pez","image":{"@type":"ImageObject","inLanguage":"es","@id":"https:\/\/diarioprincipios.com\/wp-content\/litespeed\/avatar\/11ddfe5610ff3bd100522525b2571f48.jpg?ver=1777653193","url":"https:\/\/diarioprincipios.com\/wp-content\/litespeed\/avatar\/11ddfe5610ff3bd100522525b2571f48.jpg?ver=1777653193","contentUrl":"https:\/\/diarioprincipios.com\/wp-content\/litespeed\/avatar\/11ddfe5610ff3bd100522525b2571f48.jpg?ver=1777653193","caption":"Hern\u00e1n L\u00f3pez"},"url":"https:\/\/diarioprincipios.com\/index.php\/author\/hernan\/"}]}},"jetpack_featured_media_url":"https:\/\/diarioprincipios.com\/wp-content\/uploads\/2023\/09\/RECAMBIO-DE-LUMINARIAS-POR-TECNOLOGIA-LED-EN-RANELAGH-1.jpg","_links":{"self":[{"href":"https:\/\/diarioprincipios.com\/index.php\/wp-json\/wp\/v2\/posts\/18997","targetHints":{"allow":["GET"]}}],"collection":[{"href":"https:\/\/diarioprincipios.com\/index.php\/wp-json\/wp\/v2\/posts"}],"about":[{"href":"https:\/\/diarioprincipios.com\/index.php\/wp-json\/wp\/v2\/types\/post"}],"author":[{"embeddable":true,"href":"https:\/\/diarioprincipios.com\/index.php\/wp-json\/wp\/v2\/users\/2"}],"replies":[{"embeddable":true,"href":"https:\/\/diarioprincipios.com\/index.php\/wp-json\/wp\/v2\/comments?post=18997"}],"version-history":[{"count":1,"href":"https:\/\/diarioprincipios.com\/index.php\/wp-json\/wp\/v2\/posts\/18997\/revisions"}],"predecessor-version":[{"id":19000,"href":"https:\/\/diarioprincipios.com\/index.php\/wp-json\/wp\/v2\/posts\/18997\/revisions\/19000"}],"wp:featuredmedia":[{"embeddable":true,"href":"https:\/\/diarioprincipios.com\/index.php\/wp-json\/wp\/v2\/media\/18999"}],"wp:attachment":[{"href":"https:\/\/diarioprincipios.com\/index.php\/wp-json\/wp\/v2\/media?parent=18997"}],"wp:term":[{"taxonomy":"category","embeddable":true,"href":"https:\/\/diarioprincipios.com\/index.php\/wp-json\/wp\/v2\/categories?post=18997"},{"taxonomy":"post_tag","embeddable":true,"href":"https:\/\/diarioprincipios.com\/index.php\/wp-json\/wp\/v2\/tags?post=18997"}],"curies":[{"name":"wp","href":"https:\/\/api.w.org\/{rel}","templated":true}]}}