{"id":1899,"date":"2020-05-20T18:14:15","date_gmt":"2020-05-20T21:14:15","guid":{"rendered":"http:\/\/diarioprincipios.com\/?p=1899"},"modified":"2020-05-20T18:14:17","modified_gmt":"2020-05-20T21:14:17","slug":"mussi-se-reunio-con-el-consejo-municipal-de-emergencia-para-analizar-la-situacion-por-el-covid-19","status":"publish","type":"post","link":"https:\/\/diarioprincipios.com\/index.php\/2020\/05\/20\/mussi-se-reunio-con-el-consejo-municipal-de-emergencia-para-analizar-la-situacion-por-el-covid-19\/","title":{"rendered":"Mussi se reuni\u00f3 con el Consejo Municipal de Emergencia para analizar la situaci\u00f3n por el COVID-19"},"content":{"rendered":"\n<p><strong>El intendente de Berazategui, Juan Jos\u00e9 Mussi, mantuvo una reuni\u00f3n con el Consejo Municipal de Emergencia COVID-19, que se conform\u00f3 en el distrito para hacer frente a cada una de las problem\u00e1ticas sociales y econ\u00f3micas vinculadas a la pandemia del Coronavirus.<\/strong><\/p>\n\n\n\n<p>Durante el encuentro, el Jefe comunal ofreci\u00f3 un minucioso repaso sobre la actual situaci\u00f3n epidemiol\u00f3gica en Berazategui y exhibi\u00f3 datos sobre los diferentes operativos de control (Seguridad) y de relevamiento de comercios, desarrollados en la localidad con el fin de evitar los abusos de precios y otras irregularidades.<\/p>\n\n\n\n<p>Asimismo, en el transcurso de la reuni\u00f3n, se trat\u00f3 la situaci\u00f3n de los sectores m\u00e1s vulnerables y la ayuda que se les est\u00e1 brindando a trav\u00e9s del Municipio. En este marco, dialogaron sobre los puntos solidarios que comenzaron a funcionar esta semana en distintos barrios de la Ciudad, como Villa Mitre, Belgrano, Mosconi, Asunci\u00f3n, 1\u00b0 de Mayo, La Primavera, Kennedy Norte, Barrio Once y La Prosperidad. De lunes a s\u00e1bados, en cada uno de estos espacios se les da de comer por las noches a aquellos vecinos que m\u00e1s lo necesitan.<\/p>\n\n\n\n<figure class=\"wp-block-image size-large\"><img loading=\"lazy\" decoding=\"async\" width=\"1024\" height=\"682\" src=\"https:\/\/diarioprincipios.com\/wp-content\/uploads\/2020\/05\/MUSSI-SE-REUNI\u00d3-CON-EL-CONSEJO-MUNICIPAL-DE-EMERGENCIA-COVID-19-3-1024x682.jpg\" alt=\"\" class=\"wp-image-1901\" srcset=\"https:\/\/diarioprincipios.com\/wp-content\/uploads\/2020\/05\/MUSSI-SE-REUNI\u00d3-CON-EL-CONSEJO-MUNICIPAL-DE-EMERGENCIA-COVID-19-3-1024x682.jpg 1024w, https:\/\/diarioprincipios.com\/wp-content\/uploads\/2020\/05\/MUSSI-SE-REUNI\u00d3-CON-EL-CONSEJO-MUNICIPAL-DE-EMERGENCIA-COVID-19-3-300x200.jpg 300w, https:\/\/diarioprincipios.com\/wp-content\/uploads\/2020\/05\/MUSSI-SE-REUNI\u00d3-CON-EL-CONSEJO-MUNICIPAL-DE-EMERGENCIA-COVID-19-3-768x512.jpg 768w, https:\/\/diarioprincipios.com\/wp-content\/uploads\/2020\/05\/MUSSI-SE-REUNI\u00d3-CON-EL-CONSEJO-MUNICIPAL-DE-EMERGENCIA-COVID-19-3.jpg 1280w\" sizes=\"auto, (max-width: 1024px) 100vw, 1024px\" \/><\/figure>\n\n\n\n<p>Tambi\u00e9n, se abord\u00f3 el planteo realizado por algunos comerciantes locales, con respecto al tema de los alquileres y la imposibilidad de pago por parte de muchos de ellos, a ra\u00edz del actual cese de la actividad comercial; y de los requerimientos de diferentes empresas radicadas en los parques industriales de Berazategui, fundamentalmente vinculados a c\u00f3mo continuar\u00e1n funcionando en esta etapa de la cuarentena.<\/p>\n\n\n\n<p>Adem\u00e1s del Dr. Mussi, tambi\u00e9n fueron parte del encuentro varios de los integrantes del Consejo Municipal de Emergencia COVID-19, como los secretarios locales de Desarrollo Social y Comunitario, Mar\u00eda Laura Lacava; de Obras P\u00fablicas, Carlos Balor; de Trabajo y Desarrollo Productivo, Juan Manuel Parra; y de Salud P\u00fablica e Higiene, Pablo Costa. Asimismo, estuvieron el subsecretario de Trabajo Comunitario, Mat\u00edas Aguirre; y los coordinadores Generales de la Secretar\u00eda de Seguridad, Marcelo Sieczka; y de Alumbrado P\u00fablico y Electromec\u00e1nica, Sergio Faccenda. Tambi\u00e9n estuvieron presentes Gaspar Fern\u00e1ndez (Kolina) y Mat\u00edas Esteche (CCC), en representaci\u00f3n de todos los movimientos sociales del distrito.<\/p>\n","protected":false},"excerpt":{"rendered":"<p>El intendente de Berazategui, Juan Jos\u00e9 Mussi, mantuvo una reuni\u00f3n con el Consejo Municipal de Emergencia COVID-19, que se conform\u00f3 en el distrito para hacer frente a cada una de las problem\u00e1ticas sociales y econ\u00f3micas vinculadas a la pandemia del Coronavirus. Durante el encuentro, el Jefe comunal ofreci\u00f3 un minucioso repaso sobre la actual situaci\u00f3n&#8230;<\/p>\n","protected":false},"author":2,"featured_media":1900,"comment_status":"open","ping_status":"open","sticky":false,"template":"","format":"standard","meta":{"footnotes":""},"categories":[3],"tags":[],"class_list":["post-1899","post","type-post","status-publish","format-standard","has-post-thumbnail","hentry","category-berazategui"],"featured_image_src":"https:\/\/diarioprincipios.com\/wp-content\/uploads\/2020\/05\/MUSSI-SE-REUNI\u00d3-CON-EL-CONSEJO-MUNICIPAL-DE-EMERGENCIA-COVID-19-2-1024x682.jpg","blog_images":{"medium":"https:\/\/diarioprincipios.com\/wp-content\/uploads\/2020\/05\/MUSSI-SE-REUNI\u00d3-CON-EL-CONSEJO-MUNICIPAL-DE-EMERGENCIA-COVID-19-2-300x200.jpg","large":"https:\/\/diarioprincipios.com\/wp-content\/uploads\/2020\/05\/MUSSI-SE-REUNI\u00d3-CON-EL-CONSEJO-MUNICIPAL-DE-EMERGENCIA-COVID-19-2-1024x682.jpg"},"ams_acf":[],"yoast_head":"<!-- This site is optimized with the Yoast SEO plugin v27.3 - https:\/\/yoast.com\/product\/yoast-seo-wordpress\/ -->\n<title>Mussi se reuni\u00f3 con el Consejo Municipal de Emergencia para analizar la situaci\u00f3n por el COVID-19 - Principios<\/title>\n<meta name=\"robots\" content=\"index, follow, max-snippet:-1, max-image-preview:large, max-video-preview:-1\" \/>\n<link rel=\"canonical\" href=\"https:\/\/diarioprincipios.com\/index.php\/2020\/05\/20\/mussi-se-reunio-con-el-consejo-municipal-de-emergencia-para-analizar-la-situacion-por-el-covid-19\/\" \/>\n<meta property=\"og:locale\" content=\"es_ES\" \/>\n<meta property=\"og:type\" content=\"article\" \/>\n<meta property=\"og:title\" content=\"Mussi se reuni\u00f3 con el Consejo Municipal de Emergencia para analizar la situaci\u00f3n por el COVID-19 - Principios\" \/>\n<meta property=\"og:description\" content=\"El intendente de Berazategui, Juan Jos\u00e9 Mussi, mantuvo una reuni\u00f3n con el Consejo Municipal de Emergencia COVID-19, que se conform\u00f3 en el distrito para hacer frente a cada una de las problem\u00e1ticas sociales y econ\u00f3micas vinculadas a la pandemia del Coronavirus. Durante el encuentro, el Jefe comunal ofreci\u00f3 un minucioso repaso sobre la actual situaci\u00f3n...\" \/>\n<meta property=\"og:url\" content=\"https:\/\/diarioprincipios.com\/index.php\/2020\/05\/20\/mussi-se-reunio-con-el-consejo-municipal-de-emergencia-para-analizar-la-situacion-por-el-covid-19\/\" \/>\n<meta property=\"og:site_name\" content=\"Principios\" \/>\n<meta property=\"article:published_time\" content=\"2020-05-20T21:14:15+00:00\" \/>\n<meta property=\"article:modified_time\" content=\"2020-05-20T21:14:17+00:00\" \/>\n<meta property=\"og:image\" content=\"https:\/\/diarioprincipios.com\/wp-content\/uploads\/2020\/05\/MUSSI-SE-REUNI\u00d3-CON-EL-CONSEJO-MUNICIPAL-DE-EMERGENCIA-COVID-19-2.jpg\" \/>\n\t<meta property=\"og:image:width\" content=\"1280\" \/>\n\t<meta property=\"og:image:height\" content=\"853\" \/>\n\t<meta property=\"og:image:type\" content=\"image\/jpeg\" \/>\n<meta name=\"author\" content=\"Hern\u00e1n L\u00f3pez\" \/>\n<meta name=\"twitter:card\" content=\"summary_large_image\" \/>\n<meta name=\"twitter:label1\" content=\"Escrito por\" \/>\n\t<meta name=\"twitter:data1\" content=\"Hern\u00e1n L\u00f3pez\" \/>\n\t<meta name=\"twitter:label2\" content=\"Tiempo de lectura\" \/>\n\t<meta name=\"twitter:data2\" content=\"2 minutos\" \/>\n<script type=\"application\/ld+json\" class=\"yoast-schema-graph\">{\"@context\":\"https:\\\/\\\/schema.org\",\"@graph\":[{\"@type\":\"Article\",\"@id\":\"https:\\\/\\\/diarioprincipios.com\\\/index.php\\\/2020\\\/05\\\/20\\\/mussi-se-reunio-con-el-consejo-municipal-de-emergencia-para-analizar-la-situacion-por-el-covid-19\\\/#article\",\"isPartOf\":{\"@id\":\"https:\\\/\\\/diarioprincipios.com\\\/index.php\\\/2020\\\/05\\\/20\\\/mussi-se-reunio-con-el-consejo-municipal-de-emergencia-para-analizar-la-situacion-por-el-covid-19\\\/\"},\"author\":{\"name\":\"Hern\u00e1n L\u00f3pez\",\"@id\":\"https:\\\/\\\/diarioprincipios.com\\\/#\\\/schema\\\/person\\\/436d5a1fd41a5e250e23ff5a6a7cb080\"},\"headline\":\"Mussi se reuni\u00f3 con el Consejo Municipal de Emergencia para analizar la situaci\u00f3n por el COVID-19\",\"datePublished\":\"2020-05-20T21:14:15+00:00\",\"dateModified\":\"2020-05-20T21:14:17+00:00\",\"mainEntityOfPage\":{\"@id\":\"https:\\\/\\\/diarioprincipios.com\\\/index.php\\\/2020\\\/05\\\/20\\\/mussi-se-reunio-con-el-consejo-municipal-de-emergencia-para-analizar-la-situacion-por-el-covid-19\\\/\"},\"wordCount\":387,\"commentCount\":0,\"publisher\":{\"@id\":\"https:\\\/\\\/diarioprincipios.com\\\/#organization\"},\"image\":{\"@id\":\"https:\\\/\\\/diarioprincipios.com\\\/index.php\\\/2020\\\/05\\\/20\\\/mussi-se-reunio-con-el-consejo-municipal-de-emergencia-para-analizar-la-situacion-por-el-covid-19\\\/#primaryimage\"},\"thumbnailUrl\":\"https:\\\/\\\/diarioprincipios.com\\\/wp-content\\\/uploads\\\/2020\\\/05\\\/MUSSI-SE-REUNI\u00d3-CON-EL-CONSEJO-MUNICIPAL-DE-EMERGENCIA-COVID-19-2.jpg\",\"articleSection\":[\"Berazategui\"],\"inLanguage\":\"es\",\"potentialAction\":[{\"@type\":\"CommentAction\",\"name\":\"Comment\",\"target\":[\"https:\\\/\\\/diarioprincipios.com\\\/index.php\\\/2020\\\/05\\\/20\\\/mussi-se-reunio-con-el-consejo-municipal-de-emergencia-para-analizar-la-situacion-por-el-covid-19\\\/#respond\"]}]},{\"@type\":\"WebPage\",\"@id\":\"https:\\\/\\\/diarioprincipios.com\\\/index.php\\\/2020\\\/05\\\/20\\\/mussi-se-reunio-con-el-consejo-municipal-de-emergencia-para-analizar-la-situacion-por-el-covid-19\\\/\",\"url\":\"https:\\\/\\\/diarioprincipios.com\\\/index.php\\\/2020\\\/05\\\/20\\\/mussi-se-reunio-con-el-consejo-municipal-de-emergencia-para-analizar-la-situacion-por-el-covid-19\\\/\",\"name\":\"Mussi se reuni\u00f3 con el Consejo Municipal de Emergencia para analizar la situaci\u00f3n por el COVID-19 - Principios\",\"isPartOf\":{\"@id\":\"https:\\\/\\\/diarioprincipios.com\\\/#website\"},\"primaryImageOfPage\":{\"@id\":\"https:\\\/\\\/diarioprincipios.com\\\/index.php\\\/2020\\\/05\\\/20\\\/mussi-se-reunio-con-el-consejo-municipal-de-emergencia-para-analizar-la-situacion-por-el-covid-19\\\/#primaryimage\"},\"image\":{\"@id\":\"https:\\\/\\\/diarioprincipios.com\\\/index.php\\\/2020\\\/05\\\/20\\\/mussi-se-reunio-con-el-consejo-municipal-de-emergencia-para-analizar-la-situacion-por-el-covid-19\\\/#primaryimage\"},\"thumbnailUrl\":\"https:\\\/\\\/diarioprincipios.com\\\/wp-content\\\/uploads\\\/2020\\\/05\\\/MUSSI-SE-REUNI\u00d3-CON-EL-CONSEJO-MUNICIPAL-DE-EMERGENCIA-COVID-19-2.jpg\",\"datePublished\":\"2020-05-20T21:14:15+00:00\",\"dateModified\":\"2020-05-20T21:14:17+00:00\",\"breadcrumb\":{\"@id\":\"https:\\\/\\\/diarioprincipios.com\\\/index.php\\\/2020\\\/05\\\/20\\\/mussi-se-reunio-con-el-consejo-municipal-de-emergencia-para-analizar-la-situacion-por-el-covid-19\\\/#breadcrumb\"},\"inLanguage\":\"es\",\"potentialAction\":[{\"@type\":\"ReadAction\",\"target\":[\"https:\\\/\\\/diarioprincipios.com\\\/index.php\\\/2020\\\/05\\\/20\\\/mussi-se-reunio-con-el-consejo-municipal-de-emergencia-para-analizar-la-situacion-por-el-covid-19\\\/\"]}]},{\"@type\":\"ImageObject\",\"inLanguage\":\"es\",\"@id\":\"https:\\\/\\\/diarioprincipios.com\\\/index.php\\\/2020\\\/05\\\/20\\\/mussi-se-reunio-con-el-consejo-municipal-de-emergencia-para-analizar-la-situacion-por-el-covid-19\\\/#primaryimage\",\"url\":\"https:\\\/\\\/diarioprincipios.com\\\/wp-content\\\/uploads\\\/2020\\\/05\\\/MUSSI-SE-REUNI\u00d3-CON-EL-CONSEJO-MUNICIPAL-DE-EMERGENCIA-COVID-19-2.jpg\",\"contentUrl\":\"https:\\\/\\\/diarioprincipios.com\\\/wp-content\\\/uploads\\\/2020\\\/05\\\/MUSSI-SE-REUNI\u00d3-CON-EL-CONSEJO-MUNICIPAL-DE-EMERGENCIA-COVID-19-2.jpg\",\"width\":1280,\"height\":853},{\"@type\":\"BreadcrumbList\",\"@id\":\"https:\\\/\\\/diarioprincipios.com\\\/index.php\\\/2020\\\/05\\\/20\\\/mussi-se-reunio-con-el-consejo-municipal-de-emergencia-para-analizar-la-situacion-por-el-covid-19\\\/#breadcrumb\",\"itemListElement\":[{\"@type\":\"ListItem\",\"position\":1,\"name\":\"Portada\",\"item\":\"https:\\\/\\\/diarioprincipios.com\\\/\"},{\"@type\":\"ListItem\",\"position\":2,\"name\":\"Mussi se reuni\u00f3 con el Consejo Municipal de Emergencia para analizar la situaci\u00f3n por el COVID-19\"}]},{\"@type\":\"WebSite\",\"@id\":\"https:\\\/\\\/diarioprincipios.com\\\/#website\",\"url\":\"https:\\\/\\\/diarioprincipios.com\\\/\",\"name\":\"Principios\",\"description\":\"Principios Diario\",\"publisher\":{\"@id\":\"https:\\\/\\\/diarioprincipios.com\\\/#organization\"},\"potentialAction\":[{\"@type\":\"SearchAction\",\"target\":{\"@type\":\"EntryPoint\",\"urlTemplate\":\"https:\\\/\\\/diarioprincipios.com\\\/?s={search_term_string}\"},\"query-input\":{\"@type\":\"PropertyValueSpecification\",\"valueRequired\":true,\"valueName\":\"search_term_string\"}}],\"inLanguage\":\"es\"},{\"@type\":\"Organization\",\"@id\":\"https:\\\/\\\/diarioprincipios.com\\\/#organization\",\"name\":\"Principios\",\"url\":\"https:\\\/\\\/diarioprincipios.com\\\/\",\"logo\":{\"@type\":\"ImageObject\",\"inLanguage\":\"es\",\"@id\":\"https:\\\/\\\/diarioprincipios.com\\\/#\\\/schema\\\/logo\\\/image\\\/\",\"url\":\"https:\\\/\\\/diarioprincipios.com\\\/wp-content\\\/uploads\\\/2024\\\/04\\\/cropped-www.diarioprincipios.com_-1.png\",\"contentUrl\":\"https:\\\/\\\/diarioprincipios.com\\\/wp-content\\\/uploads\\\/2024\\\/04\\\/cropped-www.diarioprincipios.com_-1.png\",\"width\":5325,\"height\":1454,\"caption\":\"Principios\"},\"image\":{\"@id\":\"https:\\\/\\\/diarioprincipios.com\\\/#\\\/schema\\\/logo\\\/image\\\/\"}},{\"@type\":\"Person\",\"@id\":\"https:\\\/\\\/diarioprincipios.com\\\/#\\\/schema\\\/person\\\/436d5a1fd41a5e250e23ff5a6a7cb080\",\"name\":\"Hern\u00e1n L\u00f3pez\",\"image\":{\"@type\":\"ImageObject\",\"inLanguage\":\"es\",\"@id\":\"https:\\\/\\\/diarioprincipios.com\\\/wp-content\\\/litespeed\\\/avatar\\\/11ddfe5610ff3bd100522525b2571f48.jpg?ver=1777048341\",\"url\":\"https:\\\/\\\/diarioprincipios.com\\\/wp-content\\\/litespeed\\\/avatar\\\/11ddfe5610ff3bd100522525b2571f48.jpg?ver=1777048341\",\"contentUrl\":\"https:\\\/\\\/diarioprincipios.com\\\/wp-content\\\/litespeed\\\/avatar\\\/11ddfe5610ff3bd100522525b2571f48.jpg?ver=1777048341\",\"caption\":\"Hern\u00e1n L\u00f3pez\"},\"url\":\"https:\\\/\\\/diarioprincipios.com\\\/index.php\\\/author\\\/hernan\\\/\"}]}<\/script>\n<!-- \/ Yoast SEO plugin. -->","yoast_head_json":{"title":"Mussi se reuni\u00f3 con el Consejo Municipal de Emergencia para analizar la situaci\u00f3n por el COVID-19 - Principios","robots":{"index":"index","follow":"follow","max-snippet":"max-snippet:-1","max-image-preview":"max-image-preview:large","max-video-preview":"max-video-preview:-1"},"canonical":"https:\/\/diarioprincipios.com\/index.php\/2020\/05\/20\/mussi-se-reunio-con-el-consejo-municipal-de-emergencia-para-analizar-la-situacion-por-el-covid-19\/","og_locale":"es_ES","og_type":"article","og_title":"Mussi se reuni\u00f3 con el Consejo Municipal de Emergencia para analizar la situaci\u00f3n por el COVID-19 - Principios","og_description":"El intendente de Berazategui, Juan Jos\u00e9 Mussi, mantuvo una reuni\u00f3n con el Consejo Municipal de Emergencia COVID-19, que se conform\u00f3 en el distrito para hacer frente a cada una de las problem\u00e1ticas sociales y econ\u00f3micas vinculadas a la pandemia del Coronavirus. Durante el encuentro, el Jefe comunal ofreci\u00f3 un minucioso repaso sobre la actual situaci\u00f3n...","og_url":"https:\/\/diarioprincipios.com\/index.php\/2020\/05\/20\/mussi-se-reunio-con-el-consejo-municipal-de-emergencia-para-analizar-la-situacion-por-el-covid-19\/","og_site_name":"Principios","article_published_time":"2020-05-20T21:14:15+00:00","article_modified_time":"2020-05-20T21:14:17+00:00","og_image":[{"width":1280,"height":853,"url":"https:\/\/diarioprincipios.com\/wp-content\/uploads\/2020\/05\/MUSSI-SE-REUNI\u00d3-CON-EL-CONSEJO-MUNICIPAL-DE-EMERGENCIA-COVID-19-2.jpg","type":"image\/jpeg"}],"author":"Hern\u00e1n L\u00f3pez","twitter_card":"summary_large_image","twitter_misc":{"Escrito por":"Hern\u00e1n L\u00f3pez","Tiempo de lectura":"2 minutos"},"schema":{"@context":"https:\/\/schema.org","@graph":[{"@type":"Article","@id":"https:\/\/diarioprincipios.com\/index.php\/2020\/05\/20\/mussi-se-reunio-con-el-consejo-municipal-de-emergencia-para-analizar-la-situacion-por-el-covid-19\/#article","isPartOf":{"@id":"https:\/\/diarioprincipios.com\/index.php\/2020\/05\/20\/mussi-se-reunio-con-el-consejo-municipal-de-emergencia-para-analizar-la-situacion-por-el-covid-19\/"},"author":{"name":"Hern\u00e1n L\u00f3pez","@id":"https:\/\/diarioprincipios.com\/#\/schema\/person\/436d5a1fd41a5e250e23ff5a6a7cb080"},"headline":"Mussi se reuni\u00f3 con el Consejo Municipal de Emergencia para analizar la situaci\u00f3n por el COVID-19","datePublished":"2020-05-20T21:14:15+00:00","dateModified":"2020-05-20T21:14:17+00:00","mainEntityOfPage":{"@id":"https:\/\/diarioprincipios.com\/index.php\/2020\/05\/20\/mussi-se-reunio-con-el-consejo-municipal-de-emergencia-para-analizar-la-situacion-por-el-covid-19\/"},"wordCount":387,"commentCount":0,"publisher":{"@id":"https:\/\/diarioprincipios.com\/#organization"},"image":{"@id":"https:\/\/diarioprincipios.com\/index.php\/2020\/05\/20\/mussi-se-reunio-con-el-consejo-municipal-de-emergencia-para-analizar-la-situacion-por-el-covid-19\/#primaryimage"},"thumbnailUrl":"https:\/\/diarioprincipios.com\/wp-content\/uploads\/2020\/05\/MUSSI-SE-REUNI\u00d3-CON-EL-CONSEJO-MUNICIPAL-DE-EMERGENCIA-COVID-19-2.jpg","articleSection":["Berazategui"],"inLanguage":"es","potentialAction":[{"@type":"CommentAction","name":"Comment","target":["https:\/\/diarioprincipios.com\/index.php\/2020\/05\/20\/mussi-se-reunio-con-el-consejo-municipal-de-emergencia-para-analizar-la-situacion-por-el-covid-19\/#respond"]}]},{"@type":"WebPage","@id":"https:\/\/diarioprincipios.com\/index.php\/2020\/05\/20\/mussi-se-reunio-con-el-consejo-municipal-de-emergencia-para-analizar-la-situacion-por-el-covid-19\/","url":"https:\/\/diarioprincipios.com\/index.php\/2020\/05\/20\/mussi-se-reunio-con-el-consejo-municipal-de-emergencia-para-analizar-la-situacion-por-el-covid-19\/","name":"Mussi se reuni\u00f3 con el Consejo Municipal de Emergencia para analizar la situaci\u00f3n por el COVID-19 - Principios","isPartOf":{"@id":"https:\/\/diarioprincipios.com\/#website"},"primaryImageOfPage":{"@id":"https:\/\/diarioprincipios.com\/index.php\/2020\/05\/20\/mussi-se-reunio-con-el-consejo-municipal-de-emergencia-para-analizar-la-situacion-por-el-covid-19\/#primaryimage"},"image":{"@id":"https:\/\/diarioprincipios.com\/index.php\/2020\/05\/20\/mussi-se-reunio-con-el-consejo-municipal-de-emergencia-para-analizar-la-situacion-por-el-covid-19\/#primaryimage"},"thumbnailUrl":"https:\/\/diarioprincipios.com\/wp-content\/uploads\/2020\/05\/MUSSI-SE-REUNI\u00d3-CON-EL-CONSEJO-MUNICIPAL-DE-EMERGENCIA-COVID-19-2.jpg","datePublished":"2020-05-20T21:14:15+00:00","dateModified":"2020-05-20T21:14:17+00:00","breadcrumb":{"@id":"https:\/\/diarioprincipios.com\/index.php\/2020\/05\/20\/mussi-se-reunio-con-el-consejo-municipal-de-emergencia-para-analizar-la-situacion-por-el-covid-19\/#breadcrumb"},"inLanguage":"es","potentialAction":[{"@type":"ReadAction","target":["https:\/\/diarioprincipios.com\/index.php\/2020\/05\/20\/mussi-se-reunio-con-el-consejo-municipal-de-emergencia-para-analizar-la-situacion-por-el-covid-19\/"]}]},{"@type":"ImageObject","inLanguage":"es","@id":"https:\/\/diarioprincipios.com\/index.php\/2020\/05\/20\/mussi-se-reunio-con-el-consejo-municipal-de-emergencia-para-analizar-la-situacion-por-el-covid-19\/#primaryimage","url":"https:\/\/diarioprincipios.com\/wp-content\/uploads\/2020\/05\/MUSSI-SE-REUNI\u00d3-CON-EL-CONSEJO-MUNICIPAL-DE-EMERGENCIA-COVID-19-2.jpg","contentUrl":"https:\/\/diarioprincipios.com\/wp-content\/uploads\/2020\/05\/MUSSI-SE-REUNI\u00d3-CON-EL-CONSEJO-MUNICIPAL-DE-EMERGENCIA-COVID-19-2.jpg","width":1280,"height":853},{"@type":"BreadcrumbList","@id":"https:\/\/diarioprincipios.com\/index.php\/2020\/05\/20\/mussi-se-reunio-con-el-consejo-municipal-de-emergencia-para-analizar-la-situacion-por-el-covid-19\/#breadcrumb","itemListElement":[{"@type":"ListItem","position":1,"name":"Portada","item":"https:\/\/diarioprincipios.com\/"},{"@type":"ListItem","position":2,"name":"Mussi se reuni\u00f3 con el Consejo Municipal de Emergencia para analizar la situaci\u00f3n por el COVID-19"}]},{"@type":"WebSite","@id":"https:\/\/diarioprincipios.com\/#website","url":"https:\/\/diarioprincipios.com\/","name":"Principios","description":"Principios Diario","publisher":{"@id":"https:\/\/diarioprincipios.com\/#organization"},"potentialAction":[{"@type":"SearchAction","target":{"@type":"EntryPoint","urlTemplate":"https:\/\/diarioprincipios.com\/?s={search_term_string}"},"query-input":{"@type":"PropertyValueSpecification","valueRequired":true,"valueName":"search_term_string"}}],"inLanguage":"es"},{"@type":"Organization","@id":"https:\/\/diarioprincipios.com\/#organization","name":"Principios","url":"https:\/\/diarioprincipios.com\/","logo":{"@type":"ImageObject","inLanguage":"es","@id":"https:\/\/diarioprincipios.com\/#\/schema\/logo\/image\/","url":"https:\/\/diarioprincipios.com\/wp-content\/uploads\/2024\/04\/cropped-www.diarioprincipios.com_-1.png","contentUrl":"https:\/\/diarioprincipios.com\/wp-content\/uploads\/2024\/04\/cropped-www.diarioprincipios.com_-1.png","width":5325,"height":1454,"caption":"Principios"},"image":{"@id":"https:\/\/diarioprincipios.com\/#\/schema\/logo\/image\/"}},{"@type":"Person","@id":"https:\/\/diarioprincipios.com\/#\/schema\/person\/436d5a1fd41a5e250e23ff5a6a7cb080","name":"Hern\u00e1n L\u00f3pez","image":{"@type":"ImageObject","inLanguage":"es","@id":"https:\/\/diarioprincipios.com\/wp-content\/litespeed\/avatar\/11ddfe5610ff3bd100522525b2571f48.jpg?ver=1777048341","url":"https:\/\/diarioprincipios.com\/wp-content\/litespeed\/avatar\/11ddfe5610ff3bd100522525b2571f48.jpg?ver=1777048341","contentUrl":"https:\/\/diarioprincipios.com\/wp-content\/litespeed\/avatar\/11ddfe5610ff3bd100522525b2571f48.jpg?ver=1777048341","caption":"Hern\u00e1n L\u00f3pez"},"url":"https:\/\/diarioprincipios.com\/index.php\/author\/hernan\/"}]}},"jetpack_featured_media_url":"https:\/\/diarioprincipios.com\/wp-content\/uploads\/2020\/05\/MUSSI-SE-REUNI\u00d3-CON-EL-CONSEJO-MUNICIPAL-DE-EMERGENCIA-COVID-19-2.jpg","_links":{"self":[{"href":"https:\/\/diarioprincipios.com\/index.php\/wp-json\/wp\/v2\/posts\/1899","targetHints":{"allow":["GET"]}}],"collection":[{"href":"https:\/\/diarioprincipios.com\/index.php\/wp-json\/wp\/v2\/posts"}],"about":[{"href":"https:\/\/diarioprincipios.com\/index.php\/wp-json\/wp\/v2\/types\/post"}],"author":[{"embeddable":true,"href":"https:\/\/diarioprincipios.com\/index.php\/wp-json\/wp\/v2\/users\/2"}],"replies":[{"embeddable":true,"href":"https:\/\/diarioprincipios.com\/index.php\/wp-json\/wp\/v2\/comments?post=1899"}],"version-history":[{"count":1,"href":"https:\/\/diarioprincipios.com\/index.php\/wp-json\/wp\/v2\/posts\/1899\/revisions"}],"predecessor-version":[{"id":1902,"href":"https:\/\/diarioprincipios.com\/index.php\/wp-json\/wp\/v2\/posts\/1899\/revisions\/1902"}],"wp:featuredmedia":[{"embeddable":true,"href":"https:\/\/diarioprincipios.com\/index.php\/wp-json\/wp\/v2\/media\/1900"}],"wp:attachment":[{"href":"https:\/\/diarioprincipios.com\/index.php\/wp-json\/wp\/v2\/media?parent=1899"}],"wp:term":[{"taxonomy":"category","embeddable":true,"href":"https:\/\/diarioprincipios.com\/index.php\/wp-json\/wp\/v2\/categories?post=1899"},{"taxonomy":"post_tag","embeddable":true,"href":"https:\/\/diarioprincipios.com\/index.php\/wp-json\/wp\/v2\/tags?post=1899"}],"curies":[{"name":"wp","href":"https:\/\/api.w.org\/{rel}","templated":true}]}}