{"id":18935,"date":"2023-09-24T21:22:45","date_gmt":"2023-09-25T00:22:45","guid":{"rendered":"http:\/\/diarioprincipios.com\/?p=18935"},"modified":"2023-10-01T08:43:29","modified_gmt":"2023-10-01T11:43:29","slug":"municipalitos-disfrutaron-de-funcion-exclusiva-en-el-superpark","status":"publish","type":"post","link":"https:\/\/diarioprincipios.com\/index.php\/2023\/09\/24\/municipalitos-disfrutaron-de-funcion-exclusiva-en-el-superpark\/","title":{"rendered":"\u00abMunicipalitos\u00bb disfrutaron de funci\u00f3n exclusiva en el SuperPark"},"content":{"rendered":"\n<p>Este domingo, en el parque de diversiones Superpark, se llev\u00f3 a cabo una funci\u00f3n exclusiva organizada por el Sindicato de Trabajadores Municipales de Berazategui para celebrar el D\u00eda del Ni\u00f1o, destinada a los hijos de sus afiliados. M\u00e1s de mil seiscientas personas se sumaron al festejo en una jornada cargada de emociones, donde los queridos municipalitos recibieron como obsequio una bolsa repleta de golosinas.<\/p>\n\n\n\n<figure class=\"wp-block-image size-full\"><img loading=\"lazy\" decoding=\"async\" width=\"1024\" height=\"768\" src=\"https:\/\/diarioprincipios.com\/wp-content\/uploads\/2023\/09\/1000168410.png\" alt=\"\" class=\"wp-image-18936\" srcset=\"https:\/\/diarioprincipios.com\/wp-content\/uploads\/2023\/09\/1000168410.png 1024w, https:\/\/diarioprincipios.com\/wp-content\/uploads\/2023\/09\/1000168410-300x225.png 300w, https:\/\/diarioprincipios.com\/wp-content\/uploads\/2023\/09\/1000168410-768x576.png 768w\" sizes=\"auto, (max-width: 1024px) 100vw, 1024px\" \/><\/figure>\n\n\n\n<p>\u00abFue una tarde verdaderamente hermosa, llena de alegr\u00eda para nuestra entidad, que transcurri\u00f3 en absoluta armon\u00eda. Nuestros municipalitos tuvieron la oportunidad de disfrutar de emocionantes juegos y de las m\u00e1s de mil quinientas bolsas de golosinas que entregamos\u00bb, destacaron desde el gremio.<\/p>\n\n\n\n<figure class=\"wp-block-image size-full\"><img loading=\"lazy\" decoding=\"async\" width=\"1024\" height=\"768\" src=\"https:\/\/diarioprincipios.com\/wp-content\/uploads\/2023\/09\/1000168416.png\" alt=\"\" class=\"wp-image-18937\" srcset=\"https:\/\/diarioprincipios.com\/wp-content\/uploads\/2023\/09\/1000168416.png 1024w, https:\/\/diarioprincipios.com\/wp-content\/uploads\/2023\/09\/1000168416-300x225.png 300w, https:\/\/diarioprincipios.com\/wp-content\/uploads\/2023\/09\/1000168416-768x576.png 768w\" sizes=\"auto, (max-width: 1024px) 100vw, 1024px\" \/><\/figure>\n\n\n\n<p>Gabriel Carril Campusano, Secretario General del Sindicato de Trabajadores Municipales de Berazategui, expres\u00f3: \u00abLa gente se fue completamente satisfecha, lo que representa un reconocimiento al enorme esfuerzo que hemos realizado junto a la Comisi\u00f3n Directiva del sindicato para brindar esta alegr\u00eda a las familias municipales de nuestro distrito\u00bb.<\/p>\n\n\n\n<figure class=\"wp-block-image size-full\"><img loading=\"lazy\" decoding=\"async\" width=\"1024\" height=\"768\" src=\"https:\/\/diarioprincipios.com\/wp-content\/uploads\/2023\/09\/1000168414.png\" alt=\"\" class=\"wp-image-18938\" srcset=\"https:\/\/diarioprincipios.com\/wp-content\/uploads\/2023\/09\/1000168414.png 1024w, https:\/\/diarioprincipios.com\/wp-content\/uploads\/2023\/09\/1000168414-300x225.png 300w, https:\/\/diarioprincipios.com\/wp-content\/uploads\/2023\/09\/1000168414-768x576.png 768w\" sizes=\"auto, (max-width: 1024px) 100vw, 1024px\" \/><\/figure>\n\n\n\n<p>\u201cLlevamos a cabo esta iniciativa con profundo amor y convicci\u00f3n por los m\u00e1s peque\u00f1os, quienes son los protagonistas principales. Quiero expresar mi m\u00e1s sincero agradecimiento a todos los compa\u00f1eros municipales que nos honraron con su presencia. Estoy muy emocionado y satisfecho; nos vamos todos con el coraz\u00f3n lleno de gratitud\u201d, asegur\u00f3 Carril.<\/p>\n\n\n\n<figure class=\"wp-block-image size-full\"><img loading=\"lazy\" decoding=\"async\" width=\"1024\" height=\"768\" src=\"https:\/\/diarioprincipios.com\/wp-content\/uploads\/2023\/09\/1000168418.png\" alt=\"\" class=\"wp-image-18939\" srcset=\"https:\/\/diarioprincipios.com\/wp-content\/uploads\/2023\/09\/1000168418.png 1024w, https:\/\/diarioprincipios.com\/wp-content\/uploads\/2023\/09\/1000168418-300x225.png 300w, https:\/\/diarioprincipios.com\/wp-content\/uploads\/2023\/09\/1000168418-768x576.png 768w\" sizes=\"auto, (max-width: 1024px) 100vw, 1024px\" \/><\/figure>\n\n\n\n<p>Finalmente, Carril Campusano, le agradeci\u00f3 \u201cal incansable equipo de trabajo que me acompa\u00f1a d\u00eda tras d\u00eda, que trabajan sin descanso para que todo salga de la mejor manera posible. Situaciones como esta nos motivan a seguir trabajando y creciendo como entidad, reafirmando nuestro compromiso con nuestros afiliados. Esta es nuestra misi\u00f3n, y as\u00ed la llevaremos a cabo en el futuro\u201d.<\/p>\n","protected":false},"excerpt":{"rendered":"<p>Este domingo, en el parque de diversiones Superpark, se llev\u00f3 a cabo una funci\u00f3n exclusiva organizada por el Sindicato de Trabajadores Municipales de Berazategui para celebrar el D\u00eda del Ni\u00f1o, destinada a los hijos de sus afiliados. M\u00e1s de mil seiscientas personas se sumaron al festejo en una jornada cargada de emociones, donde los queridos&#8230;<\/p>\n","protected":false},"author":2,"featured_media":18940,"comment_status":"open","ping_status":"open","sticky":false,"template":"","format":"standard","meta":{"footnotes":""},"categories":[3],"tags":[],"class_list":["post-18935","post","type-post","status-publish","format-standard","has-post-thumbnail","hentry","category-berazategui"],"featured_image_src":"https:\/\/diarioprincipios.com\/wp-content\/uploads\/2023\/09\/superpark-11.png","blog_images":{"medium":"https:\/\/diarioprincipios.com\/wp-content\/uploads\/2023\/09\/superpark-11-300x225.png","large":"https:\/\/diarioprincipios.com\/wp-content\/uploads\/2023\/09\/superpark-11.png"},"ams_acf":[],"yoast_head":"<!-- This site is optimized with the Yoast SEO plugin v27.3 - https:\/\/yoast.com\/product\/yoast-seo-wordpress\/ -->\n<title>&quot;Municipalitos&quot; disfrutaron de funci\u00f3n exclusiva en el SuperPark - Principios<\/title>\n<meta name=\"robots\" content=\"index, follow, max-snippet:-1, max-image-preview:large, max-video-preview:-1\" \/>\n<link rel=\"canonical\" href=\"https:\/\/diarioprincipios.com\/index.php\/2023\/09\/24\/municipalitos-disfrutaron-de-funcion-exclusiva-en-el-superpark\/\" \/>\n<meta property=\"og:locale\" content=\"es_ES\" \/>\n<meta property=\"og:type\" content=\"article\" \/>\n<meta property=\"og:title\" content=\"&quot;Municipalitos&quot; disfrutaron de funci\u00f3n exclusiva en el SuperPark - Principios\" \/>\n<meta property=\"og:description\" content=\"Este domingo, en el parque de diversiones Superpark, se llev\u00f3 a cabo una funci\u00f3n exclusiva organizada por el Sindicato de Trabajadores Municipales de Berazategui para celebrar el D\u00eda del Ni\u00f1o, destinada a los hijos de sus afiliados. M\u00e1s de mil seiscientas personas se sumaron al festejo en una jornada cargada de emociones, donde los queridos...\" \/>\n<meta property=\"og:url\" content=\"https:\/\/diarioprincipios.com\/index.php\/2023\/09\/24\/municipalitos-disfrutaron-de-funcion-exclusiva-en-el-superpark\/\" \/>\n<meta property=\"og:site_name\" content=\"Principios\" \/>\n<meta property=\"article:published_time\" content=\"2023-09-25T00:22:45+00:00\" \/>\n<meta property=\"article:modified_time\" content=\"2023-10-01T11:43:29+00:00\" \/>\n<meta property=\"og:image\" content=\"https:\/\/diarioprincipios.com\/wp-content\/uploads\/2023\/09\/superpark-11.png\" \/>\n\t<meta property=\"og:image:width\" content=\"1024\" \/>\n\t<meta property=\"og:image:height\" content=\"768\" \/>\n\t<meta property=\"og:image:type\" content=\"image\/png\" \/>\n<meta name=\"author\" content=\"Hern\u00e1n L\u00f3pez\" \/>\n<meta name=\"twitter:card\" content=\"summary_large_image\" \/>\n<meta name=\"twitter:label1\" content=\"Escrito por\" \/>\n\t<meta name=\"twitter:data1\" content=\"Hern\u00e1n L\u00f3pez\" \/>\n\t<meta name=\"twitter:label2\" content=\"Tiempo de lectura\" \/>\n\t<meta name=\"twitter:data2\" content=\"3 minutos\" \/>\n<script type=\"application\/ld+json\" class=\"yoast-schema-graph\">{\"@context\":\"https:\\\/\\\/schema.org\",\"@graph\":[{\"@type\":\"Article\",\"@id\":\"https:\\\/\\\/diarioprincipios.com\\\/index.php\\\/2023\\\/09\\\/24\\\/municipalitos-disfrutaron-de-funcion-exclusiva-en-el-superpark\\\/#article\",\"isPartOf\":{\"@id\":\"https:\\\/\\\/diarioprincipios.com\\\/index.php\\\/2023\\\/09\\\/24\\\/municipalitos-disfrutaron-de-funcion-exclusiva-en-el-superpark\\\/\"},\"author\":{\"name\":\"Hern\u00e1n L\u00f3pez\",\"@id\":\"https:\\\/\\\/diarioprincipios.com\\\/#\\\/schema\\\/person\\\/436d5a1fd41a5e250e23ff5a6a7cb080\"},\"headline\":\"\u00abMunicipalitos\u00bb disfrutaron de funci\u00f3n exclusiva en el SuperPark\",\"datePublished\":\"2023-09-25T00:22:45+00:00\",\"dateModified\":\"2023-10-01T11:43:29+00:00\",\"mainEntityOfPage\":{\"@id\":\"https:\\\/\\\/diarioprincipios.com\\\/index.php\\\/2023\\\/09\\\/24\\\/municipalitos-disfrutaron-de-funcion-exclusiva-en-el-superpark\\\/\"},\"wordCount\":294,\"commentCount\":0,\"publisher\":{\"@id\":\"https:\\\/\\\/diarioprincipios.com\\\/#organization\"},\"image\":{\"@id\":\"https:\\\/\\\/diarioprincipios.com\\\/index.php\\\/2023\\\/09\\\/24\\\/municipalitos-disfrutaron-de-funcion-exclusiva-en-el-superpark\\\/#primaryimage\"},\"thumbnailUrl\":\"https:\\\/\\\/diarioprincipios.com\\\/wp-content\\\/uploads\\\/2023\\\/09\\\/superpark-11.png\",\"articleSection\":[\"Berazategui\"],\"inLanguage\":\"es\",\"potentialAction\":[{\"@type\":\"CommentAction\",\"name\":\"Comment\",\"target\":[\"https:\\\/\\\/diarioprincipios.com\\\/index.php\\\/2023\\\/09\\\/24\\\/municipalitos-disfrutaron-de-funcion-exclusiva-en-el-superpark\\\/#respond\"]}]},{\"@type\":\"WebPage\",\"@id\":\"https:\\\/\\\/diarioprincipios.com\\\/index.php\\\/2023\\\/09\\\/24\\\/municipalitos-disfrutaron-de-funcion-exclusiva-en-el-superpark\\\/\",\"url\":\"https:\\\/\\\/diarioprincipios.com\\\/index.php\\\/2023\\\/09\\\/24\\\/municipalitos-disfrutaron-de-funcion-exclusiva-en-el-superpark\\\/\",\"name\":\"\\\"Municipalitos\\\" disfrutaron de funci\u00f3n exclusiva en el SuperPark - Principios\",\"isPartOf\":{\"@id\":\"https:\\\/\\\/diarioprincipios.com\\\/#website\"},\"primaryImageOfPage\":{\"@id\":\"https:\\\/\\\/diarioprincipios.com\\\/index.php\\\/2023\\\/09\\\/24\\\/municipalitos-disfrutaron-de-funcion-exclusiva-en-el-superpark\\\/#primaryimage\"},\"image\":{\"@id\":\"https:\\\/\\\/diarioprincipios.com\\\/index.php\\\/2023\\\/09\\\/24\\\/municipalitos-disfrutaron-de-funcion-exclusiva-en-el-superpark\\\/#primaryimage\"},\"thumbnailUrl\":\"https:\\\/\\\/diarioprincipios.com\\\/wp-content\\\/uploads\\\/2023\\\/09\\\/superpark-11.png\",\"datePublished\":\"2023-09-25T00:22:45+00:00\",\"dateModified\":\"2023-10-01T11:43:29+00:00\",\"breadcrumb\":{\"@id\":\"https:\\\/\\\/diarioprincipios.com\\\/index.php\\\/2023\\\/09\\\/24\\\/municipalitos-disfrutaron-de-funcion-exclusiva-en-el-superpark\\\/#breadcrumb\"},\"inLanguage\":\"es\",\"potentialAction\":[{\"@type\":\"ReadAction\",\"target\":[\"https:\\\/\\\/diarioprincipios.com\\\/index.php\\\/2023\\\/09\\\/24\\\/municipalitos-disfrutaron-de-funcion-exclusiva-en-el-superpark\\\/\"]}]},{\"@type\":\"ImageObject\",\"inLanguage\":\"es\",\"@id\":\"https:\\\/\\\/diarioprincipios.com\\\/index.php\\\/2023\\\/09\\\/24\\\/municipalitos-disfrutaron-de-funcion-exclusiva-en-el-superpark\\\/#primaryimage\",\"url\":\"https:\\\/\\\/diarioprincipios.com\\\/wp-content\\\/uploads\\\/2023\\\/09\\\/superpark-11.png\",\"contentUrl\":\"https:\\\/\\\/diarioprincipios.com\\\/wp-content\\\/uploads\\\/2023\\\/09\\\/superpark-11.png\",\"width\":1024,\"height\":768},{\"@type\":\"BreadcrumbList\",\"@id\":\"https:\\\/\\\/diarioprincipios.com\\\/index.php\\\/2023\\\/09\\\/24\\\/municipalitos-disfrutaron-de-funcion-exclusiva-en-el-superpark\\\/#breadcrumb\",\"itemListElement\":[{\"@type\":\"ListItem\",\"position\":1,\"name\":\"Portada\",\"item\":\"https:\\\/\\\/diarioprincipios.com\\\/\"},{\"@type\":\"ListItem\",\"position\":2,\"name\":\"\u00abMunicipalitos\u00bb disfrutaron de funci\u00f3n exclusiva en el SuperPark\"}]},{\"@type\":\"WebSite\",\"@id\":\"https:\\\/\\\/diarioprincipios.com\\\/#website\",\"url\":\"https:\\\/\\\/diarioprincipios.com\\\/\",\"name\":\"Principios\",\"description\":\"Principios Diario\",\"publisher\":{\"@id\":\"https:\\\/\\\/diarioprincipios.com\\\/#organization\"},\"potentialAction\":[{\"@type\":\"SearchAction\",\"target\":{\"@type\":\"EntryPoint\",\"urlTemplate\":\"https:\\\/\\\/diarioprincipios.com\\\/?s={search_term_string}\"},\"query-input\":{\"@type\":\"PropertyValueSpecification\",\"valueRequired\":true,\"valueName\":\"search_term_string\"}}],\"inLanguage\":\"es\"},{\"@type\":\"Organization\",\"@id\":\"https:\\\/\\\/diarioprincipios.com\\\/#organization\",\"name\":\"Principios\",\"url\":\"https:\\\/\\\/diarioprincipios.com\\\/\",\"logo\":{\"@type\":\"ImageObject\",\"inLanguage\":\"es\",\"@id\":\"https:\\\/\\\/diarioprincipios.com\\\/#\\\/schema\\\/logo\\\/image\\\/\",\"url\":\"https:\\\/\\\/diarioprincipios.com\\\/wp-content\\\/uploads\\\/2024\\\/04\\\/cropped-www.diarioprincipios.com_-1.png\",\"contentUrl\":\"https:\\\/\\\/diarioprincipios.com\\\/wp-content\\\/uploads\\\/2024\\\/04\\\/cropped-www.diarioprincipios.com_-1.png\",\"width\":5325,\"height\":1454,\"caption\":\"Principios\"},\"image\":{\"@id\":\"https:\\\/\\\/diarioprincipios.com\\\/#\\\/schema\\\/logo\\\/image\\\/\"}},{\"@type\":\"Person\",\"@id\":\"https:\\\/\\\/diarioprincipios.com\\\/#\\\/schema\\\/person\\\/436d5a1fd41a5e250e23ff5a6a7cb080\",\"name\":\"Hern\u00e1n L\u00f3pez\",\"image\":{\"@type\":\"ImageObject\",\"inLanguage\":\"es\",\"@id\":\"https:\\\/\\\/diarioprincipios.com\\\/wp-content\\\/litespeed\\\/avatar\\\/11ddfe5610ff3bd100522525b2571f48.jpg?ver=1777048341\",\"url\":\"https:\\\/\\\/diarioprincipios.com\\\/wp-content\\\/litespeed\\\/avatar\\\/11ddfe5610ff3bd100522525b2571f48.jpg?ver=1777048341\",\"contentUrl\":\"https:\\\/\\\/diarioprincipios.com\\\/wp-content\\\/litespeed\\\/avatar\\\/11ddfe5610ff3bd100522525b2571f48.jpg?ver=1777048341\",\"caption\":\"Hern\u00e1n L\u00f3pez\"},\"url\":\"https:\\\/\\\/diarioprincipios.com\\\/index.php\\\/author\\\/hernan\\\/\"}]}<\/script>\n<!-- \/ Yoast SEO plugin. -->","yoast_head_json":{"title":"\"Municipalitos\" disfrutaron de funci\u00f3n exclusiva en el SuperPark - Principios","robots":{"index":"index","follow":"follow","max-snippet":"max-snippet:-1","max-image-preview":"max-image-preview:large","max-video-preview":"max-video-preview:-1"},"canonical":"https:\/\/diarioprincipios.com\/index.php\/2023\/09\/24\/municipalitos-disfrutaron-de-funcion-exclusiva-en-el-superpark\/","og_locale":"es_ES","og_type":"article","og_title":"\"Municipalitos\" disfrutaron de funci\u00f3n exclusiva en el SuperPark - Principios","og_description":"Este domingo, en el parque de diversiones Superpark, se llev\u00f3 a cabo una funci\u00f3n exclusiva organizada por el Sindicato de Trabajadores Municipales de Berazategui para celebrar el D\u00eda del Ni\u00f1o, destinada a los hijos de sus afiliados. M\u00e1s de mil seiscientas personas se sumaron al festejo en una jornada cargada de emociones, donde los queridos...","og_url":"https:\/\/diarioprincipios.com\/index.php\/2023\/09\/24\/municipalitos-disfrutaron-de-funcion-exclusiva-en-el-superpark\/","og_site_name":"Principios","article_published_time":"2023-09-25T00:22:45+00:00","article_modified_time":"2023-10-01T11:43:29+00:00","og_image":[{"width":1024,"height":768,"url":"https:\/\/diarioprincipios.com\/wp-content\/uploads\/2023\/09\/superpark-11.png","type":"image\/png"}],"author":"Hern\u00e1n L\u00f3pez","twitter_card":"summary_large_image","twitter_misc":{"Escrito por":"Hern\u00e1n L\u00f3pez","Tiempo de lectura":"3 minutos"},"schema":{"@context":"https:\/\/schema.org","@graph":[{"@type":"Article","@id":"https:\/\/diarioprincipios.com\/index.php\/2023\/09\/24\/municipalitos-disfrutaron-de-funcion-exclusiva-en-el-superpark\/#article","isPartOf":{"@id":"https:\/\/diarioprincipios.com\/index.php\/2023\/09\/24\/municipalitos-disfrutaron-de-funcion-exclusiva-en-el-superpark\/"},"author":{"name":"Hern\u00e1n L\u00f3pez","@id":"https:\/\/diarioprincipios.com\/#\/schema\/person\/436d5a1fd41a5e250e23ff5a6a7cb080"},"headline":"\u00abMunicipalitos\u00bb disfrutaron de funci\u00f3n exclusiva en el SuperPark","datePublished":"2023-09-25T00:22:45+00:00","dateModified":"2023-10-01T11:43:29+00:00","mainEntityOfPage":{"@id":"https:\/\/diarioprincipios.com\/index.php\/2023\/09\/24\/municipalitos-disfrutaron-de-funcion-exclusiva-en-el-superpark\/"},"wordCount":294,"commentCount":0,"publisher":{"@id":"https:\/\/diarioprincipios.com\/#organization"},"image":{"@id":"https:\/\/diarioprincipios.com\/index.php\/2023\/09\/24\/municipalitos-disfrutaron-de-funcion-exclusiva-en-el-superpark\/#primaryimage"},"thumbnailUrl":"https:\/\/diarioprincipios.com\/wp-content\/uploads\/2023\/09\/superpark-11.png","articleSection":["Berazategui"],"inLanguage":"es","potentialAction":[{"@type":"CommentAction","name":"Comment","target":["https:\/\/diarioprincipios.com\/index.php\/2023\/09\/24\/municipalitos-disfrutaron-de-funcion-exclusiva-en-el-superpark\/#respond"]}]},{"@type":"WebPage","@id":"https:\/\/diarioprincipios.com\/index.php\/2023\/09\/24\/municipalitos-disfrutaron-de-funcion-exclusiva-en-el-superpark\/","url":"https:\/\/diarioprincipios.com\/index.php\/2023\/09\/24\/municipalitos-disfrutaron-de-funcion-exclusiva-en-el-superpark\/","name":"\"Municipalitos\" disfrutaron de funci\u00f3n exclusiva en el SuperPark - Principios","isPartOf":{"@id":"https:\/\/diarioprincipios.com\/#website"},"primaryImageOfPage":{"@id":"https:\/\/diarioprincipios.com\/index.php\/2023\/09\/24\/municipalitos-disfrutaron-de-funcion-exclusiva-en-el-superpark\/#primaryimage"},"image":{"@id":"https:\/\/diarioprincipios.com\/index.php\/2023\/09\/24\/municipalitos-disfrutaron-de-funcion-exclusiva-en-el-superpark\/#primaryimage"},"thumbnailUrl":"https:\/\/diarioprincipios.com\/wp-content\/uploads\/2023\/09\/superpark-11.png","datePublished":"2023-09-25T00:22:45+00:00","dateModified":"2023-10-01T11:43:29+00:00","breadcrumb":{"@id":"https:\/\/diarioprincipios.com\/index.php\/2023\/09\/24\/municipalitos-disfrutaron-de-funcion-exclusiva-en-el-superpark\/#breadcrumb"},"inLanguage":"es","potentialAction":[{"@type":"ReadAction","target":["https:\/\/diarioprincipios.com\/index.php\/2023\/09\/24\/municipalitos-disfrutaron-de-funcion-exclusiva-en-el-superpark\/"]}]},{"@type":"ImageObject","inLanguage":"es","@id":"https:\/\/diarioprincipios.com\/index.php\/2023\/09\/24\/municipalitos-disfrutaron-de-funcion-exclusiva-en-el-superpark\/#primaryimage","url":"https:\/\/diarioprincipios.com\/wp-content\/uploads\/2023\/09\/superpark-11.png","contentUrl":"https:\/\/diarioprincipios.com\/wp-content\/uploads\/2023\/09\/superpark-11.png","width":1024,"height":768},{"@type":"BreadcrumbList","@id":"https:\/\/diarioprincipios.com\/index.php\/2023\/09\/24\/municipalitos-disfrutaron-de-funcion-exclusiva-en-el-superpark\/#breadcrumb","itemListElement":[{"@type":"ListItem","position":1,"name":"Portada","item":"https:\/\/diarioprincipios.com\/"},{"@type":"ListItem","position":2,"name":"\u00abMunicipalitos\u00bb disfrutaron de funci\u00f3n exclusiva en el SuperPark"}]},{"@type":"WebSite","@id":"https:\/\/diarioprincipios.com\/#website","url":"https:\/\/diarioprincipios.com\/","name":"Principios","description":"Principios Diario","publisher":{"@id":"https:\/\/diarioprincipios.com\/#organization"},"potentialAction":[{"@type":"SearchAction","target":{"@type":"EntryPoint","urlTemplate":"https:\/\/diarioprincipios.com\/?s={search_term_string}"},"query-input":{"@type":"PropertyValueSpecification","valueRequired":true,"valueName":"search_term_string"}}],"inLanguage":"es"},{"@type":"Organization","@id":"https:\/\/diarioprincipios.com\/#organization","name":"Principios","url":"https:\/\/diarioprincipios.com\/","logo":{"@type":"ImageObject","inLanguage":"es","@id":"https:\/\/diarioprincipios.com\/#\/schema\/logo\/image\/","url":"https:\/\/diarioprincipios.com\/wp-content\/uploads\/2024\/04\/cropped-www.diarioprincipios.com_-1.png","contentUrl":"https:\/\/diarioprincipios.com\/wp-content\/uploads\/2024\/04\/cropped-www.diarioprincipios.com_-1.png","width":5325,"height":1454,"caption":"Principios"},"image":{"@id":"https:\/\/diarioprincipios.com\/#\/schema\/logo\/image\/"}},{"@type":"Person","@id":"https:\/\/diarioprincipios.com\/#\/schema\/person\/436d5a1fd41a5e250e23ff5a6a7cb080","name":"Hern\u00e1n L\u00f3pez","image":{"@type":"ImageObject","inLanguage":"es","@id":"https:\/\/diarioprincipios.com\/wp-content\/litespeed\/avatar\/11ddfe5610ff3bd100522525b2571f48.jpg?ver=1777048341","url":"https:\/\/diarioprincipios.com\/wp-content\/litespeed\/avatar\/11ddfe5610ff3bd100522525b2571f48.jpg?ver=1777048341","contentUrl":"https:\/\/diarioprincipios.com\/wp-content\/litespeed\/avatar\/11ddfe5610ff3bd100522525b2571f48.jpg?ver=1777048341","caption":"Hern\u00e1n L\u00f3pez"},"url":"https:\/\/diarioprincipios.com\/index.php\/author\/hernan\/"}]}},"jetpack_featured_media_url":"https:\/\/diarioprincipios.com\/wp-content\/uploads\/2023\/09\/superpark-11.png","_links":{"self":[{"href":"https:\/\/diarioprincipios.com\/index.php\/wp-json\/wp\/v2\/posts\/18935","targetHints":{"allow":["GET"]}}],"collection":[{"href":"https:\/\/diarioprincipios.com\/index.php\/wp-json\/wp\/v2\/posts"}],"about":[{"href":"https:\/\/diarioprincipios.com\/index.php\/wp-json\/wp\/v2\/types\/post"}],"author":[{"embeddable":true,"href":"https:\/\/diarioprincipios.com\/index.php\/wp-json\/wp\/v2\/users\/2"}],"replies":[{"embeddable":true,"href":"https:\/\/diarioprincipios.com\/index.php\/wp-json\/wp\/v2\/comments?post=18935"}],"version-history":[{"count":1,"href":"https:\/\/diarioprincipios.com\/index.php\/wp-json\/wp\/v2\/posts\/18935\/revisions"}],"predecessor-version":[{"id":18941,"href":"https:\/\/diarioprincipios.com\/index.php\/wp-json\/wp\/v2\/posts\/18935\/revisions\/18941"}],"wp:featuredmedia":[{"embeddable":true,"href":"https:\/\/diarioprincipios.com\/index.php\/wp-json\/wp\/v2\/media\/18940"}],"wp:attachment":[{"href":"https:\/\/diarioprincipios.com\/index.php\/wp-json\/wp\/v2\/media?parent=18935"}],"wp:term":[{"taxonomy":"category","embeddable":true,"href":"https:\/\/diarioprincipios.com\/index.php\/wp-json\/wp\/v2\/categories?post=18935"},{"taxonomy":"post_tag","embeddable":true,"href":"https:\/\/diarioprincipios.com\/index.php\/wp-json\/wp\/v2\/tags?post=18935"}],"curies":[{"name":"wp","href":"https:\/\/api.w.org\/{rel}","templated":true}]}}