{"id":1891,"date":"2020-05-20T18:04:39","date_gmt":"2020-05-20T21:04:39","guid":{"rendered":"http:\/\/diarioprincipios.com\/?p=1891"},"modified":"2020-05-20T18:05:09","modified_gmt":"2020-05-20T21:05:09","slug":"alerta-por-tormentas-fuertes-en-la-provincia-de-buenos-aires-y-la-ciudad","status":"publish","type":"post","link":"https:\/\/diarioprincipios.com\/index.php\/2020\/05\/20\/alerta-por-tormentas-fuertes-en-la-provincia-de-buenos-aires-y-la-ciudad\/","title":{"rendered":"Alerta por tormentas fuertes en la Provincia de Buenos Aires y la Ciudad"},"content":{"rendered":"\n<p>El Servicio Meteorol\u00f3gico Nacional (SMN) emiti\u00f3 esta tarde un alerta por probables tormentas fuertes para el norte, centro-este y sureste de la provincia de Buenos Aires, la Ciudad de Buenos Aires y R\u00edo de la Plata.<\/p>\n\n\n\n<p>En el parte emitido a las 17.30, el SMN se\u00f1al\u00f3 que sobre parte de la regi\u00f3n est\u00e1n desarroll\u00e1ndose lluvias y tormentas y se espera que se intensifiquen y extiendan al resto de la zona de cobertura durante hoy y la madrugada de ma\u00f1ana.<\/p>\n\n\n\n<p>Inform\u00f3 que las lluvias pueden estar acompa\u00f1adas de abundante ca\u00edda de agua en cortos per\u00edodos, ocasional ca\u00edda de granizo e intensa actividad el\u00e9ctrica.<\/p>\n\n\n\n<p>En tanto, en el centro-oeste y suroeste de la provincia de Buenos Aires continuar\u00e1n desarroll\u00e1ndose lluvias y tormentas aisladas.<\/p>\n","protected":false},"excerpt":{"rendered":"<p>El Servicio Meteorol\u00f3gico Nacional (SMN) emiti\u00f3 esta tarde un alerta por probables tormentas fuertes para el norte, centro-este y sureste de la provincia de Buenos Aires, la Ciudad de Buenos Aires y R\u00edo de la Plata. En el parte emitido a las 17.30, el SMN se\u00f1al\u00f3 que sobre parte de la regi\u00f3n est\u00e1n desarroll\u00e1ndose lluvias&#8230;<\/p>\n","protected":false},"author":2,"featured_media":1892,"comment_status":"open","ping_status":"open","sticky":false,"template":"","format":"standard","meta":{"footnotes":""},"categories":[10],"tags":[],"class_list":["post-1891","post","type-post","status-publish","format-standard","has-post-thumbnail","hentry","category-nacion"],"featured_image_src":"https:\/\/diarioprincipios.com\/wp-content\/uploads\/2020\/05\/tor.jpg","blog_images":{"medium":"https:\/\/diarioprincipios.com\/wp-content\/uploads\/2020\/05\/tor-300x232.jpg","large":"https:\/\/diarioprincipios.com\/wp-content\/uploads\/2020\/05\/tor.jpg"},"ams_acf":[],"yoast_head":"<!-- This site is optimized with the Yoast SEO plugin v27.3 - https:\/\/yoast.com\/product\/yoast-seo-wordpress\/ -->\n<title>Alerta por tormentas fuertes en la Provincia de Buenos Aires y la Ciudad - Principios<\/title>\n<meta name=\"robots\" content=\"index, follow, max-snippet:-1, max-image-preview:large, max-video-preview:-1\" \/>\n<link rel=\"canonical\" href=\"https:\/\/diarioprincipios.com\/index.php\/2020\/05\/20\/alerta-por-tormentas-fuertes-en-la-provincia-de-buenos-aires-y-la-ciudad\/\" \/>\n<meta property=\"og:locale\" content=\"es_ES\" \/>\n<meta property=\"og:type\" content=\"article\" \/>\n<meta property=\"og:title\" content=\"Alerta por tormentas fuertes en la Provincia de Buenos Aires y la Ciudad - Principios\" \/>\n<meta property=\"og:description\" content=\"El Servicio Meteorol\u00f3gico Nacional (SMN) emiti\u00f3 esta tarde un alerta por probables tormentas fuertes para el norte, centro-este y sureste de la provincia de Buenos Aires, la Ciudad de Buenos Aires y R\u00edo de la Plata. En el parte emitido a las 17.30, el SMN se\u00f1al\u00f3 que sobre parte de la regi\u00f3n est\u00e1n desarroll\u00e1ndose lluvias...\" \/>\n<meta property=\"og:url\" content=\"https:\/\/diarioprincipios.com\/index.php\/2020\/05\/20\/alerta-por-tormentas-fuertes-en-la-provincia-de-buenos-aires-y-la-ciudad\/\" \/>\n<meta property=\"og:site_name\" content=\"Principios\" \/>\n<meta property=\"article:published_time\" content=\"2020-05-20T21:04:39+00:00\" \/>\n<meta property=\"article:modified_time\" content=\"2020-05-20T21:05:09+00:00\" \/>\n<meta property=\"og:image\" content=\"https:\/\/diarioprincipios.com\/wp-content\/uploads\/2020\/05\/tor.jpg\" \/>\n\t<meta property=\"og:image:width\" content=\"818\" \/>\n\t<meta property=\"og:image:height\" content=\"632\" \/>\n\t<meta property=\"og:image:type\" content=\"image\/jpeg\" \/>\n<meta name=\"author\" content=\"Hern\u00e1n L\u00f3pez\" \/>\n<meta name=\"twitter:card\" content=\"summary_large_image\" \/>\n<meta name=\"twitter:label1\" content=\"Escrito por\" \/>\n\t<meta name=\"twitter:data1\" content=\"Hern\u00e1n L\u00f3pez\" \/>\n\t<meta name=\"twitter:label2\" content=\"Tiempo de lectura\" \/>\n\t<meta name=\"twitter:data2\" content=\"1 minuto\" \/>\n<script type=\"application\/ld+json\" class=\"yoast-schema-graph\">{\"@context\":\"https:\\\/\\\/schema.org\",\"@graph\":[{\"@type\":\"Article\",\"@id\":\"https:\\\/\\\/diarioprincipios.com\\\/index.php\\\/2020\\\/05\\\/20\\\/alerta-por-tormentas-fuertes-en-la-provincia-de-buenos-aires-y-la-ciudad\\\/#article\",\"isPartOf\":{\"@id\":\"https:\\\/\\\/diarioprincipios.com\\\/index.php\\\/2020\\\/05\\\/20\\\/alerta-por-tormentas-fuertes-en-la-provincia-de-buenos-aires-y-la-ciudad\\\/\"},\"author\":{\"name\":\"Hern\u00e1n L\u00f3pez\",\"@id\":\"https:\\\/\\\/diarioprincipios.com\\\/#\\\/schema\\\/person\\\/436d5a1fd41a5e250e23ff5a6a7cb080\"},\"headline\":\"Alerta por tormentas fuertes en la Provincia de Buenos Aires y la Ciudad\",\"datePublished\":\"2020-05-20T21:04:39+00:00\",\"dateModified\":\"2020-05-20T21:05:09+00:00\",\"mainEntityOfPage\":{\"@id\":\"https:\\\/\\\/diarioprincipios.com\\\/index.php\\\/2020\\\/05\\\/20\\\/alerta-por-tormentas-fuertes-en-la-provincia-de-buenos-aires-y-la-ciudad\\\/\"},\"wordCount\":147,\"commentCount\":0,\"publisher\":{\"@id\":\"https:\\\/\\\/diarioprincipios.com\\\/#organization\"},\"image\":{\"@id\":\"https:\\\/\\\/diarioprincipios.com\\\/index.php\\\/2020\\\/05\\\/20\\\/alerta-por-tormentas-fuertes-en-la-provincia-de-buenos-aires-y-la-ciudad\\\/#primaryimage\"},\"thumbnailUrl\":\"https:\\\/\\\/diarioprincipios.com\\\/wp-content\\\/uploads\\\/2020\\\/05\\\/tor.jpg\",\"articleSection\":[\"Naci\u00f3n\"],\"inLanguage\":\"es\",\"potentialAction\":[{\"@type\":\"CommentAction\",\"name\":\"Comment\",\"target\":[\"https:\\\/\\\/diarioprincipios.com\\\/index.php\\\/2020\\\/05\\\/20\\\/alerta-por-tormentas-fuertes-en-la-provincia-de-buenos-aires-y-la-ciudad\\\/#respond\"]}]},{\"@type\":\"WebPage\",\"@id\":\"https:\\\/\\\/diarioprincipios.com\\\/index.php\\\/2020\\\/05\\\/20\\\/alerta-por-tormentas-fuertes-en-la-provincia-de-buenos-aires-y-la-ciudad\\\/\",\"url\":\"https:\\\/\\\/diarioprincipios.com\\\/index.php\\\/2020\\\/05\\\/20\\\/alerta-por-tormentas-fuertes-en-la-provincia-de-buenos-aires-y-la-ciudad\\\/\",\"name\":\"Alerta por tormentas fuertes en la Provincia de Buenos Aires y la Ciudad - Principios\",\"isPartOf\":{\"@id\":\"https:\\\/\\\/diarioprincipios.com\\\/#website\"},\"primaryImageOfPage\":{\"@id\":\"https:\\\/\\\/diarioprincipios.com\\\/index.php\\\/2020\\\/05\\\/20\\\/alerta-por-tormentas-fuertes-en-la-provincia-de-buenos-aires-y-la-ciudad\\\/#primaryimage\"},\"image\":{\"@id\":\"https:\\\/\\\/diarioprincipios.com\\\/index.php\\\/2020\\\/05\\\/20\\\/alerta-por-tormentas-fuertes-en-la-provincia-de-buenos-aires-y-la-ciudad\\\/#primaryimage\"},\"thumbnailUrl\":\"https:\\\/\\\/diarioprincipios.com\\\/wp-content\\\/uploads\\\/2020\\\/05\\\/tor.jpg\",\"datePublished\":\"2020-05-20T21:04:39+00:00\",\"dateModified\":\"2020-05-20T21:05:09+00:00\",\"breadcrumb\":{\"@id\":\"https:\\\/\\\/diarioprincipios.com\\\/index.php\\\/2020\\\/05\\\/20\\\/alerta-por-tormentas-fuertes-en-la-provincia-de-buenos-aires-y-la-ciudad\\\/#breadcrumb\"},\"inLanguage\":\"es\",\"potentialAction\":[{\"@type\":\"ReadAction\",\"target\":[\"https:\\\/\\\/diarioprincipios.com\\\/index.php\\\/2020\\\/05\\\/20\\\/alerta-por-tormentas-fuertes-en-la-provincia-de-buenos-aires-y-la-ciudad\\\/\"]}]},{\"@type\":\"ImageObject\",\"inLanguage\":\"es\",\"@id\":\"https:\\\/\\\/diarioprincipios.com\\\/index.php\\\/2020\\\/05\\\/20\\\/alerta-por-tormentas-fuertes-en-la-provincia-de-buenos-aires-y-la-ciudad\\\/#primaryimage\",\"url\":\"https:\\\/\\\/diarioprincipios.com\\\/wp-content\\\/uploads\\\/2020\\\/05\\\/tor.jpg\",\"contentUrl\":\"https:\\\/\\\/diarioprincipios.com\\\/wp-content\\\/uploads\\\/2020\\\/05\\\/tor.jpg\",\"width\":818,\"height\":632},{\"@type\":\"BreadcrumbList\",\"@id\":\"https:\\\/\\\/diarioprincipios.com\\\/index.php\\\/2020\\\/05\\\/20\\\/alerta-por-tormentas-fuertes-en-la-provincia-de-buenos-aires-y-la-ciudad\\\/#breadcrumb\",\"itemListElement\":[{\"@type\":\"ListItem\",\"position\":1,\"name\":\"Portada\",\"item\":\"https:\\\/\\\/diarioprincipios.com\\\/\"},{\"@type\":\"ListItem\",\"position\":2,\"name\":\"Alerta por tormentas fuertes en la Provincia de Buenos Aires y la Ciudad\"}]},{\"@type\":\"WebSite\",\"@id\":\"https:\\\/\\\/diarioprincipios.com\\\/#website\",\"url\":\"https:\\\/\\\/diarioprincipios.com\\\/\",\"name\":\"Principios\",\"description\":\"Principios Diario\",\"publisher\":{\"@id\":\"https:\\\/\\\/diarioprincipios.com\\\/#organization\"},\"potentialAction\":[{\"@type\":\"SearchAction\",\"target\":{\"@type\":\"EntryPoint\",\"urlTemplate\":\"https:\\\/\\\/diarioprincipios.com\\\/?s={search_term_string}\"},\"query-input\":{\"@type\":\"PropertyValueSpecification\",\"valueRequired\":true,\"valueName\":\"search_term_string\"}}],\"inLanguage\":\"es\"},{\"@type\":\"Organization\",\"@id\":\"https:\\\/\\\/diarioprincipios.com\\\/#organization\",\"name\":\"Principios\",\"url\":\"https:\\\/\\\/diarioprincipios.com\\\/\",\"logo\":{\"@type\":\"ImageObject\",\"inLanguage\":\"es\",\"@id\":\"https:\\\/\\\/diarioprincipios.com\\\/#\\\/schema\\\/logo\\\/image\\\/\",\"url\":\"https:\\\/\\\/diarioprincipios.com\\\/wp-content\\\/uploads\\\/2024\\\/04\\\/cropped-www.diarioprincipios.com_-1.png\",\"contentUrl\":\"https:\\\/\\\/diarioprincipios.com\\\/wp-content\\\/uploads\\\/2024\\\/04\\\/cropped-www.diarioprincipios.com_-1.png\",\"width\":5325,\"height\":1454,\"caption\":\"Principios\"},\"image\":{\"@id\":\"https:\\\/\\\/diarioprincipios.com\\\/#\\\/schema\\\/logo\\\/image\\\/\"}},{\"@type\":\"Person\",\"@id\":\"https:\\\/\\\/diarioprincipios.com\\\/#\\\/schema\\\/person\\\/436d5a1fd41a5e250e23ff5a6a7cb080\",\"name\":\"Hern\u00e1n L\u00f3pez\",\"image\":{\"@type\":\"ImageObject\",\"inLanguage\":\"es\",\"@id\":\"https:\\\/\\\/diarioprincipios.com\\\/wp-content\\\/litespeed\\\/avatar\\\/11ddfe5610ff3bd100522525b2571f48.jpg?ver=1777048341\",\"url\":\"https:\\\/\\\/diarioprincipios.com\\\/wp-content\\\/litespeed\\\/avatar\\\/11ddfe5610ff3bd100522525b2571f48.jpg?ver=1777048341\",\"contentUrl\":\"https:\\\/\\\/diarioprincipios.com\\\/wp-content\\\/litespeed\\\/avatar\\\/11ddfe5610ff3bd100522525b2571f48.jpg?ver=1777048341\",\"caption\":\"Hern\u00e1n L\u00f3pez\"},\"url\":\"https:\\\/\\\/diarioprincipios.com\\\/index.php\\\/author\\\/hernan\\\/\"}]}<\/script>\n<!-- \/ Yoast SEO plugin. -->","yoast_head_json":{"title":"Alerta por tormentas fuertes en la Provincia de Buenos Aires y la Ciudad - Principios","robots":{"index":"index","follow":"follow","max-snippet":"max-snippet:-1","max-image-preview":"max-image-preview:large","max-video-preview":"max-video-preview:-1"},"canonical":"https:\/\/diarioprincipios.com\/index.php\/2020\/05\/20\/alerta-por-tormentas-fuertes-en-la-provincia-de-buenos-aires-y-la-ciudad\/","og_locale":"es_ES","og_type":"article","og_title":"Alerta por tormentas fuertes en la Provincia de Buenos Aires y la Ciudad - Principios","og_description":"El Servicio Meteorol\u00f3gico Nacional (SMN) emiti\u00f3 esta tarde un alerta por probables tormentas fuertes para el norte, centro-este y sureste de la provincia de Buenos Aires, la Ciudad de Buenos Aires y R\u00edo de la Plata. En el parte emitido a las 17.30, el SMN se\u00f1al\u00f3 que sobre parte de la regi\u00f3n est\u00e1n desarroll\u00e1ndose lluvias...","og_url":"https:\/\/diarioprincipios.com\/index.php\/2020\/05\/20\/alerta-por-tormentas-fuertes-en-la-provincia-de-buenos-aires-y-la-ciudad\/","og_site_name":"Principios","article_published_time":"2020-05-20T21:04:39+00:00","article_modified_time":"2020-05-20T21:05:09+00:00","og_image":[{"width":818,"height":632,"url":"https:\/\/diarioprincipios.com\/wp-content\/uploads\/2020\/05\/tor.jpg","type":"image\/jpeg"}],"author":"Hern\u00e1n L\u00f3pez","twitter_card":"summary_large_image","twitter_misc":{"Escrito por":"Hern\u00e1n L\u00f3pez","Tiempo de lectura":"1 minuto"},"schema":{"@context":"https:\/\/schema.org","@graph":[{"@type":"Article","@id":"https:\/\/diarioprincipios.com\/index.php\/2020\/05\/20\/alerta-por-tormentas-fuertes-en-la-provincia-de-buenos-aires-y-la-ciudad\/#article","isPartOf":{"@id":"https:\/\/diarioprincipios.com\/index.php\/2020\/05\/20\/alerta-por-tormentas-fuertes-en-la-provincia-de-buenos-aires-y-la-ciudad\/"},"author":{"name":"Hern\u00e1n L\u00f3pez","@id":"https:\/\/diarioprincipios.com\/#\/schema\/person\/436d5a1fd41a5e250e23ff5a6a7cb080"},"headline":"Alerta por tormentas fuertes en la Provincia de Buenos Aires y la Ciudad","datePublished":"2020-05-20T21:04:39+00:00","dateModified":"2020-05-20T21:05:09+00:00","mainEntityOfPage":{"@id":"https:\/\/diarioprincipios.com\/index.php\/2020\/05\/20\/alerta-por-tormentas-fuertes-en-la-provincia-de-buenos-aires-y-la-ciudad\/"},"wordCount":147,"commentCount":0,"publisher":{"@id":"https:\/\/diarioprincipios.com\/#organization"},"image":{"@id":"https:\/\/diarioprincipios.com\/index.php\/2020\/05\/20\/alerta-por-tormentas-fuertes-en-la-provincia-de-buenos-aires-y-la-ciudad\/#primaryimage"},"thumbnailUrl":"https:\/\/diarioprincipios.com\/wp-content\/uploads\/2020\/05\/tor.jpg","articleSection":["Naci\u00f3n"],"inLanguage":"es","potentialAction":[{"@type":"CommentAction","name":"Comment","target":["https:\/\/diarioprincipios.com\/index.php\/2020\/05\/20\/alerta-por-tormentas-fuertes-en-la-provincia-de-buenos-aires-y-la-ciudad\/#respond"]}]},{"@type":"WebPage","@id":"https:\/\/diarioprincipios.com\/index.php\/2020\/05\/20\/alerta-por-tormentas-fuertes-en-la-provincia-de-buenos-aires-y-la-ciudad\/","url":"https:\/\/diarioprincipios.com\/index.php\/2020\/05\/20\/alerta-por-tormentas-fuertes-en-la-provincia-de-buenos-aires-y-la-ciudad\/","name":"Alerta por tormentas fuertes en la Provincia de Buenos Aires y la Ciudad - Principios","isPartOf":{"@id":"https:\/\/diarioprincipios.com\/#website"},"primaryImageOfPage":{"@id":"https:\/\/diarioprincipios.com\/index.php\/2020\/05\/20\/alerta-por-tormentas-fuertes-en-la-provincia-de-buenos-aires-y-la-ciudad\/#primaryimage"},"image":{"@id":"https:\/\/diarioprincipios.com\/index.php\/2020\/05\/20\/alerta-por-tormentas-fuertes-en-la-provincia-de-buenos-aires-y-la-ciudad\/#primaryimage"},"thumbnailUrl":"https:\/\/diarioprincipios.com\/wp-content\/uploads\/2020\/05\/tor.jpg","datePublished":"2020-05-20T21:04:39+00:00","dateModified":"2020-05-20T21:05:09+00:00","breadcrumb":{"@id":"https:\/\/diarioprincipios.com\/index.php\/2020\/05\/20\/alerta-por-tormentas-fuertes-en-la-provincia-de-buenos-aires-y-la-ciudad\/#breadcrumb"},"inLanguage":"es","potentialAction":[{"@type":"ReadAction","target":["https:\/\/diarioprincipios.com\/index.php\/2020\/05\/20\/alerta-por-tormentas-fuertes-en-la-provincia-de-buenos-aires-y-la-ciudad\/"]}]},{"@type":"ImageObject","inLanguage":"es","@id":"https:\/\/diarioprincipios.com\/index.php\/2020\/05\/20\/alerta-por-tormentas-fuertes-en-la-provincia-de-buenos-aires-y-la-ciudad\/#primaryimage","url":"https:\/\/diarioprincipios.com\/wp-content\/uploads\/2020\/05\/tor.jpg","contentUrl":"https:\/\/diarioprincipios.com\/wp-content\/uploads\/2020\/05\/tor.jpg","width":818,"height":632},{"@type":"BreadcrumbList","@id":"https:\/\/diarioprincipios.com\/index.php\/2020\/05\/20\/alerta-por-tormentas-fuertes-en-la-provincia-de-buenos-aires-y-la-ciudad\/#breadcrumb","itemListElement":[{"@type":"ListItem","position":1,"name":"Portada","item":"https:\/\/diarioprincipios.com\/"},{"@type":"ListItem","position":2,"name":"Alerta por tormentas fuertes en la Provincia de Buenos Aires y la Ciudad"}]},{"@type":"WebSite","@id":"https:\/\/diarioprincipios.com\/#website","url":"https:\/\/diarioprincipios.com\/","name":"Principios","description":"Principios Diario","publisher":{"@id":"https:\/\/diarioprincipios.com\/#organization"},"potentialAction":[{"@type":"SearchAction","target":{"@type":"EntryPoint","urlTemplate":"https:\/\/diarioprincipios.com\/?s={search_term_string}"},"query-input":{"@type":"PropertyValueSpecification","valueRequired":true,"valueName":"search_term_string"}}],"inLanguage":"es"},{"@type":"Organization","@id":"https:\/\/diarioprincipios.com\/#organization","name":"Principios","url":"https:\/\/diarioprincipios.com\/","logo":{"@type":"ImageObject","inLanguage":"es","@id":"https:\/\/diarioprincipios.com\/#\/schema\/logo\/image\/","url":"https:\/\/diarioprincipios.com\/wp-content\/uploads\/2024\/04\/cropped-www.diarioprincipios.com_-1.png","contentUrl":"https:\/\/diarioprincipios.com\/wp-content\/uploads\/2024\/04\/cropped-www.diarioprincipios.com_-1.png","width":5325,"height":1454,"caption":"Principios"},"image":{"@id":"https:\/\/diarioprincipios.com\/#\/schema\/logo\/image\/"}},{"@type":"Person","@id":"https:\/\/diarioprincipios.com\/#\/schema\/person\/436d5a1fd41a5e250e23ff5a6a7cb080","name":"Hern\u00e1n L\u00f3pez","image":{"@type":"ImageObject","inLanguage":"es","@id":"https:\/\/diarioprincipios.com\/wp-content\/litespeed\/avatar\/11ddfe5610ff3bd100522525b2571f48.jpg?ver=1777048341","url":"https:\/\/diarioprincipios.com\/wp-content\/litespeed\/avatar\/11ddfe5610ff3bd100522525b2571f48.jpg?ver=1777048341","contentUrl":"https:\/\/diarioprincipios.com\/wp-content\/litespeed\/avatar\/11ddfe5610ff3bd100522525b2571f48.jpg?ver=1777048341","caption":"Hern\u00e1n L\u00f3pez"},"url":"https:\/\/diarioprincipios.com\/index.php\/author\/hernan\/"}]}},"jetpack_featured_media_url":"https:\/\/diarioprincipios.com\/wp-content\/uploads\/2020\/05\/tor.jpg","_links":{"self":[{"href":"https:\/\/diarioprincipios.com\/index.php\/wp-json\/wp\/v2\/posts\/1891","targetHints":{"allow":["GET"]}}],"collection":[{"href":"https:\/\/diarioprincipios.com\/index.php\/wp-json\/wp\/v2\/posts"}],"about":[{"href":"https:\/\/diarioprincipios.com\/index.php\/wp-json\/wp\/v2\/types\/post"}],"author":[{"embeddable":true,"href":"https:\/\/diarioprincipios.com\/index.php\/wp-json\/wp\/v2\/users\/2"}],"replies":[{"embeddable":true,"href":"https:\/\/diarioprincipios.com\/index.php\/wp-json\/wp\/v2\/comments?post=1891"}],"version-history":[{"count":2,"href":"https:\/\/diarioprincipios.com\/index.php\/wp-json\/wp\/v2\/posts\/1891\/revisions"}],"predecessor-version":[{"id":1894,"href":"https:\/\/diarioprincipios.com\/index.php\/wp-json\/wp\/v2\/posts\/1891\/revisions\/1894"}],"wp:featuredmedia":[{"embeddable":true,"href":"https:\/\/diarioprincipios.com\/index.php\/wp-json\/wp\/v2\/media\/1892"}],"wp:attachment":[{"href":"https:\/\/diarioprincipios.com\/index.php\/wp-json\/wp\/v2\/media?parent=1891"}],"wp:term":[{"taxonomy":"category","embeddable":true,"href":"https:\/\/diarioprincipios.com\/index.php\/wp-json\/wp\/v2\/categories?post=1891"},{"taxonomy":"post_tag","embeddable":true,"href":"https:\/\/diarioprincipios.com\/index.php\/wp-json\/wp\/v2\/tags?post=1891"}],"curies":[{"name":"wp","href":"https:\/\/api.w.org\/{rel}","templated":true}]}}