{"id":18905,"date":"2023-09-22T11:26:10","date_gmt":"2023-09-22T14:26:10","guid":{"rendered":"http:\/\/diarioprincipios.com\/?p=18905"},"modified":"2023-10-01T08:43:32","modified_gmt":"2023-10-01T11:43:32","slug":"arbitros-y-planilleros-de-la-asociacion-de-voley-fueron-convocados-a-los-juegos-bonaerenses","status":"publish","type":"post","link":"https:\/\/diarioprincipios.com\/index.php\/2023\/09\/22\/arbitros-y-planilleros-de-la-asociacion-de-voley-fueron-convocados-a-los-juegos-bonaerenses\/","title":{"rendered":"\u00c1rbitros y Planilleros de la Asociaci\u00f3n de Voley fueron convocados a los Juegos Bonaerenses"},"content":{"rendered":"\n<p>Bajo la supervisi\u00f3n de Horacio Basso, de la Federaci\u00f3n de Voley Argentina, encargado de las designaciones, \u00e1rbitros y planilleros de la Asociaci\u00f3n de Voley Capital Nacional del Vidrio fueron convocados para desempe\u00f1arse en los Torneos Bonaerenses en la disciplina Newcom.<\/p>\n\n\n\n<figure class=\"wp-block-image size-large\"><img loading=\"lazy\" decoding=\"async\" width=\"1024\" height=\"763\" src=\"https:\/\/diarioprincipios.com\/wp-content\/uploads\/2023\/09\/1000167617-1024x763.jpg\" alt=\"\" class=\"wp-image-18908\" srcset=\"https:\/\/diarioprincipios.com\/wp-content\/uploads\/2023\/09\/1000167617-1024x763.jpg 1024w, https:\/\/diarioprincipios.com\/wp-content\/uploads\/2023\/09\/1000167617-300x224.jpg 300w, https:\/\/diarioprincipios.com\/wp-content\/uploads\/2023\/09\/1000167617-768x572.jpg 768w, https:\/\/diarioprincipios.com\/wp-content\/uploads\/2023\/09\/1000167617.jpg 1080w\" sizes=\"auto, (max-width: 1024px) 100vw, 1024px\" \/><\/figure>\n\n\n\n<p><br>Celia Cabrera, presidenta de la Asociaci\u00f3n de Voley destac\u00f3 que \u00abpara nosotros es un orgullo inmenso que \u00e1rbitros y planilleros que fueron formados en nuestra organizaci\u00f3n hayan sido convocados para desempe\u00f1arse en los Juegos Bonaerenses, estamos muy contentos y felices por ellos\u00bb.<\/p>\n\n\n\n<figure class=\"wp-block-image size-large\"><img loading=\"lazy\" decoding=\"async\" width=\"1024\" height=\"771\" src=\"https:\/\/diarioprincipios.com\/wp-content\/uploads\/2023\/09\/1000167620-1024x771.jpg\" alt=\"\" class=\"wp-image-18906\" srcset=\"https:\/\/diarioprincipios.com\/wp-content\/uploads\/2023\/09\/1000167620-1024x771.jpg 1024w, https:\/\/diarioprincipios.com\/wp-content\/uploads\/2023\/09\/1000167620-300x226.jpg 300w, https:\/\/diarioprincipios.com\/wp-content\/uploads\/2023\/09\/1000167620-768x578.jpg 768w, https:\/\/diarioprincipios.com\/wp-content\/uploads\/2023\/09\/1000167620.jpg 1080w\" sizes=\"auto, (max-width: 1024px) 100vw, 1024px\" \/><\/figure>\n\n\n\n<p><br>Agreg\u00f3 que \u00abnosotros trabajamos mucho en la capacitaci\u00f3n de nuestros \u00e1rbitros y planilleros y que hoy puedan desempe\u00f1arse con eficacia en un torneo provincial de tanto prestigio es una gran satisfacci\u00f3n\u00bb.<\/p>\n\n\n\n<figure class=\"wp-block-image size-large\"><img loading=\"lazy\" decoding=\"async\" width=\"1024\" height=\"765\" src=\"https:\/\/diarioprincipios.com\/wp-content\/uploads\/2023\/09\/1000167619-1024x765.jpg\" alt=\"\" class=\"wp-image-18907\" srcset=\"https:\/\/diarioprincipios.com\/wp-content\/uploads\/2023\/09\/1000167619-1024x765.jpg 1024w, https:\/\/diarioprincipios.com\/wp-content\/uploads\/2023\/09\/1000167619-300x224.jpg 300w, https:\/\/diarioprincipios.com\/wp-content\/uploads\/2023\/09\/1000167619-768x574.jpg 768w, https:\/\/diarioprincipios.com\/wp-content\/uploads\/2023\/09\/1000167619.jpg 1080w\" sizes=\"auto, (max-width: 1024px) 100vw, 1024px\" \/><\/figure>\n\n\n\n<p><br>Finalmente, la presidenta de la Asociaci\u00f3n de Voley sostuvo que \u00abseguiremos apostando al deporte y a la capacitaci\u00f3n, hace tiempo que tenemos claro que este es el camino que deseamos transitar para continuar creciendo\u00bb.<\/p>\n","protected":false},"excerpt":{"rendered":"<p>Bajo la supervisi\u00f3n de Horacio Basso, de la Federaci\u00f3n de Voley Argentina, encargado de las designaciones, \u00e1rbitros y planilleros de la Asociaci\u00f3n de Voley Capital Nacional del Vidrio fueron convocados para desempe\u00f1arse en los Torneos Bonaerenses en la disciplina Newcom. Celia Cabrera, presidenta de la Asociaci\u00f3n de Voley destac\u00f3 que \u00abpara nosotros es un orgullo&#8230;<\/p>\n","protected":false},"author":2,"featured_media":18909,"comment_status":"open","ping_status":"open","sticky":false,"template":"","format":"standard","meta":{"footnotes":""},"categories":[6],"tags":[],"class_list":["post-18905","post","type-post","status-publish","format-standard","has-post-thumbnail","hentry","category-deportes"],"featured_image_src":"https:\/\/diarioprincipios.com\/wp-content\/uploads\/2023\/09\/Screenshot_20230922_112220_WhatsApp-1024x763.jpg","blog_images":{"medium":"https:\/\/diarioprincipios.com\/wp-content\/uploads\/2023\/09\/Screenshot_20230922_112220_WhatsApp-300x224.jpg","large":"https:\/\/diarioprincipios.com\/wp-content\/uploads\/2023\/09\/Screenshot_20230922_112220_WhatsApp-1024x763.jpg"},"ams_acf":[],"yoast_head":"<!-- This site is optimized with the Yoast SEO plugin v27.3 - https:\/\/yoast.com\/product\/yoast-seo-wordpress\/ -->\n<title>\u00c1rbitros y Planilleros de la Asociaci\u00f3n de Voley fueron convocados a los Juegos Bonaerenses - Principios<\/title>\n<meta name=\"robots\" content=\"index, follow, max-snippet:-1, max-image-preview:large, max-video-preview:-1\" \/>\n<link rel=\"canonical\" href=\"https:\/\/diarioprincipios.com\/index.php\/2023\/09\/22\/arbitros-y-planilleros-de-la-asociacion-de-voley-fueron-convocados-a-los-juegos-bonaerenses\/\" \/>\n<meta property=\"og:locale\" content=\"es_ES\" \/>\n<meta property=\"og:type\" content=\"article\" \/>\n<meta property=\"og:title\" content=\"\u00c1rbitros y Planilleros de la Asociaci\u00f3n de Voley fueron convocados a los Juegos Bonaerenses - Principios\" \/>\n<meta property=\"og:description\" content=\"Bajo la supervisi\u00f3n de Horacio Basso, de la Federaci\u00f3n de Voley Argentina, encargado de las designaciones, \u00e1rbitros y planilleros de la Asociaci\u00f3n de Voley Capital Nacional del Vidrio fueron convocados para desempe\u00f1arse en los Torneos Bonaerenses en la disciplina Newcom. Celia Cabrera, presidenta de la Asociaci\u00f3n de Voley destac\u00f3 que \u00abpara nosotros es un orgullo...\" \/>\n<meta property=\"og:url\" content=\"https:\/\/diarioprincipios.com\/index.php\/2023\/09\/22\/arbitros-y-planilleros-de-la-asociacion-de-voley-fueron-convocados-a-los-juegos-bonaerenses\/\" \/>\n<meta property=\"og:site_name\" content=\"Principios\" \/>\n<meta property=\"article:published_time\" content=\"2023-09-22T14:26:10+00:00\" \/>\n<meta property=\"article:modified_time\" content=\"2023-10-01T11:43:32+00:00\" \/>\n<meta property=\"og:image\" content=\"https:\/\/diarioprincipios.com\/wp-content\/uploads\/2023\/09\/Screenshot_20230922_112220_WhatsApp.jpg\" \/>\n\t<meta property=\"og:image:width\" content=\"1080\" \/>\n\t<meta property=\"og:image:height\" content=\"805\" \/>\n\t<meta property=\"og:image:type\" content=\"image\/jpeg\" \/>\n<meta name=\"author\" content=\"Hern\u00e1n L\u00f3pez\" \/>\n<meta name=\"twitter:card\" content=\"summary_large_image\" \/>\n<meta name=\"twitter:label1\" content=\"Escrito por\" \/>\n\t<meta name=\"twitter:data1\" content=\"Hern\u00e1n L\u00f3pez\" \/>\n\t<meta name=\"twitter:label2\" content=\"Tiempo de lectura\" \/>\n\t<meta name=\"twitter:data2\" content=\"2 minutos\" \/>\n<script type=\"application\/ld+json\" class=\"yoast-schema-graph\">{\"@context\":\"https:\\\/\\\/schema.org\",\"@graph\":[{\"@type\":\"Article\",\"@id\":\"https:\\\/\\\/diarioprincipios.com\\\/index.php\\\/2023\\\/09\\\/22\\\/arbitros-y-planilleros-de-la-asociacion-de-voley-fueron-convocados-a-los-juegos-bonaerenses\\\/#article\",\"isPartOf\":{\"@id\":\"https:\\\/\\\/diarioprincipios.com\\\/index.php\\\/2023\\\/09\\\/22\\\/arbitros-y-planilleros-de-la-asociacion-de-voley-fueron-convocados-a-los-juegos-bonaerenses\\\/\"},\"author\":{\"name\":\"Hern\u00e1n L\u00f3pez\",\"@id\":\"https:\\\/\\\/diarioprincipios.com\\\/#\\\/schema\\\/person\\\/436d5a1fd41a5e250e23ff5a6a7cb080\"},\"headline\":\"\u00c1rbitros y Planilleros de la Asociaci\u00f3n de Voley fueron convocados a los Juegos Bonaerenses\",\"datePublished\":\"2023-09-22T14:26:10+00:00\",\"dateModified\":\"2023-10-01T11:43:32+00:00\",\"mainEntityOfPage\":{\"@id\":\"https:\\\/\\\/diarioprincipios.com\\\/index.php\\\/2023\\\/09\\\/22\\\/arbitros-y-planilleros-de-la-asociacion-de-voley-fueron-convocados-a-los-juegos-bonaerenses\\\/\"},\"wordCount\":174,\"commentCount\":0,\"publisher\":{\"@id\":\"https:\\\/\\\/diarioprincipios.com\\\/#organization\"},\"image\":{\"@id\":\"https:\\\/\\\/diarioprincipios.com\\\/index.php\\\/2023\\\/09\\\/22\\\/arbitros-y-planilleros-de-la-asociacion-de-voley-fueron-convocados-a-los-juegos-bonaerenses\\\/#primaryimage\"},\"thumbnailUrl\":\"https:\\\/\\\/diarioprincipios.com\\\/wp-content\\\/uploads\\\/2023\\\/09\\\/Screenshot_20230922_112220_WhatsApp.jpg\",\"articleSection\":[\"Deportes\"],\"inLanguage\":\"es\",\"potentialAction\":[{\"@type\":\"CommentAction\",\"name\":\"Comment\",\"target\":[\"https:\\\/\\\/diarioprincipios.com\\\/index.php\\\/2023\\\/09\\\/22\\\/arbitros-y-planilleros-de-la-asociacion-de-voley-fueron-convocados-a-los-juegos-bonaerenses\\\/#respond\"]}]},{\"@type\":\"WebPage\",\"@id\":\"https:\\\/\\\/diarioprincipios.com\\\/index.php\\\/2023\\\/09\\\/22\\\/arbitros-y-planilleros-de-la-asociacion-de-voley-fueron-convocados-a-los-juegos-bonaerenses\\\/\",\"url\":\"https:\\\/\\\/diarioprincipios.com\\\/index.php\\\/2023\\\/09\\\/22\\\/arbitros-y-planilleros-de-la-asociacion-de-voley-fueron-convocados-a-los-juegos-bonaerenses\\\/\",\"name\":\"\u00c1rbitros y Planilleros de la Asociaci\u00f3n de Voley fueron convocados a los Juegos Bonaerenses - Principios\",\"isPartOf\":{\"@id\":\"https:\\\/\\\/diarioprincipios.com\\\/#website\"},\"primaryImageOfPage\":{\"@id\":\"https:\\\/\\\/diarioprincipios.com\\\/index.php\\\/2023\\\/09\\\/22\\\/arbitros-y-planilleros-de-la-asociacion-de-voley-fueron-convocados-a-los-juegos-bonaerenses\\\/#primaryimage\"},\"image\":{\"@id\":\"https:\\\/\\\/diarioprincipios.com\\\/index.php\\\/2023\\\/09\\\/22\\\/arbitros-y-planilleros-de-la-asociacion-de-voley-fueron-convocados-a-los-juegos-bonaerenses\\\/#primaryimage\"},\"thumbnailUrl\":\"https:\\\/\\\/diarioprincipios.com\\\/wp-content\\\/uploads\\\/2023\\\/09\\\/Screenshot_20230922_112220_WhatsApp.jpg\",\"datePublished\":\"2023-09-22T14:26:10+00:00\",\"dateModified\":\"2023-10-01T11:43:32+00:00\",\"breadcrumb\":{\"@id\":\"https:\\\/\\\/diarioprincipios.com\\\/index.php\\\/2023\\\/09\\\/22\\\/arbitros-y-planilleros-de-la-asociacion-de-voley-fueron-convocados-a-los-juegos-bonaerenses\\\/#breadcrumb\"},\"inLanguage\":\"es\",\"potentialAction\":[{\"@type\":\"ReadAction\",\"target\":[\"https:\\\/\\\/diarioprincipios.com\\\/index.php\\\/2023\\\/09\\\/22\\\/arbitros-y-planilleros-de-la-asociacion-de-voley-fueron-convocados-a-los-juegos-bonaerenses\\\/\"]}]},{\"@type\":\"ImageObject\",\"inLanguage\":\"es\",\"@id\":\"https:\\\/\\\/diarioprincipios.com\\\/index.php\\\/2023\\\/09\\\/22\\\/arbitros-y-planilleros-de-la-asociacion-de-voley-fueron-convocados-a-los-juegos-bonaerenses\\\/#primaryimage\",\"url\":\"https:\\\/\\\/diarioprincipios.com\\\/wp-content\\\/uploads\\\/2023\\\/09\\\/Screenshot_20230922_112220_WhatsApp.jpg\",\"contentUrl\":\"https:\\\/\\\/diarioprincipios.com\\\/wp-content\\\/uploads\\\/2023\\\/09\\\/Screenshot_20230922_112220_WhatsApp.jpg\",\"width\":1080,\"height\":805},{\"@type\":\"BreadcrumbList\",\"@id\":\"https:\\\/\\\/diarioprincipios.com\\\/index.php\\\/2023\\\/09\\\/22\\\/arbitros-y-planilleros-de-la-asociacion-de-voley-fueron-convocados-a-los-juegos-bonaerenses\\\/#breadcrumb\",\"itemListElement\":[{\"@type\":\"ListItem\",\"position\":1,\"name\":\"Portada\",\"item\":\"https:\\\/\\\/diarioprincipios.com\\\/\"},{\"@type\":\"ListItem\",\"position\":2,\"name\":\"\u00c1rbitros y Planilleros de la Asociaci\u00f3n de Voley fueron convocados a los Juegos Bonaerenses\"}]},{\"@type\":\"WebSite\",\"@id\":\"https:\\\/\\\/diarioprincipios.com\\\/#website\",\"url\":\"https:\\\/\\\/diarioprincipios.com\\\/\",\"name\":\"Principios\",\"description\":\"Principios Diario\",\"publisher\":{\"@id\":\"https:\\\/\\\/diarioprincipios.com\\\/#organization\"},\"potentialAction\":[{\"@type\":\"SearchAction\",\"target\":{\"@type\":\"EntryPoint\",\"urlTemplate\":\"https:\\\/\\\/diarioprincipios.com\\\/?s={search_term_string}\"},\"query-input\":{\"@type\":\"PropertyValueSpecification\",\"valueRequired\":true,\"valueName\":\"search_term_string\"}}],\"inLanguage\":\"es\"},{\"@type\":\"Organization\",\"@id\":\"https:\\\/\\\/diarioprincipios.com\\\/#organization\",\"name\":\"Principios\",\"url\":\"https:\\\/\\\/diarioprincipios.com\\\/\",\"logo\":{\"@type\":\"ImageObject\",\"inLanguage\":\"es\",\"@id\":\"https:\\\/\\\/diarioprincipios.com\\\/#\\\/schema\\\/logo\\\/image\\\/\",\"url\":\"https:\\\/\\\/diarioprincipios.com\\\/wp-content\\\/uploads\\\/2024\\\/04\\\/cropped-www.diarioprincipios.com_-1.png\",\"contentUrl\":\"https:\\\/\\\/diarioprincipios.com\\\/wp-content\\\/uploads\\\/2024\\\/04\\\/cropped-www.diarioprincipios.com_-1.png\",\"width\":5325,\"height\":1454,\"caption\":\"Principios\"},\"image\":{\"@id\":\"https:\\\/\\\/diarioprincipios.com\\\/#\\\/schema\\\/logo\\\/image\\\/\"}},{\"@type\":\"Person\",\"@id\":\"https:\\\/\\\/diarioprincipios.com\\\/#\\\/schema\\\/person\\\/436d5a1fd41a5e250e23ff5a6a7cb080\",\"name\":\"Hern\u00e1n L\u00f3pez\",\"image\":{\"@type\":\"ImageObject\",\"inLanguage\":\"es\",\"@id\":\"https:\\\/\\\/diarioprincipios.com\\\/wp-content\\\/litespeed\\\/avatar\\\/11ddfe5610ff3bd100522525b2571f48.jpg?ver=1777048341\",\"url\":\"https:\\\/\\\/diarioprincipios.com\\\/wp-content\\\/litespeed\\\/avatar\\\/11ddfe5610ff3bd100522525b2571f48.jpg?ver=1777048341\",\"contentUrl\":\"https:\\\/\\\/diarioprincipios.com\\\/wp-content\\\/litespeed\\\/avatar\\\/11ddfe5610ff3bd100522525b2571f48.jpg?ver=1777048341\",\"caption\":\"Hern\u00e1n L\u00f3pez\"},\"url\":\"https:\\\/\\\/diarioprincipios.com\\\/index.php\\\/author\\\/hernan\\\/\"}]}<\/script>\n<!-- \/ Yoast SEO plugin. -->","yoast_head_json":{"title":"\u00c1rbitros y Planilleros de la Asociaci\u00f3n de Voley fueron convocados a los Juegos Bonaerenses - Principios","robots":{"index":"index","follow":"follow","max-snippet":"max-snippet:-1","max-image-preview":"max-image-preview:large","max-video-preview":"max-video-preview:-1"},"canonical":"https:\/\/diarioprincipios.com\/index.php\/2023\/09\/22\/arbitros-y-planilleros-de-la-asociacion-de-voley-fueron-convocados-a-los-juegos-bonaerenses\/","og_locale":"es_ES","og_type":"article","og_title":"\u00c1rbitros y Planilleros de la Asociaci\u00f3n de Voley fueron convocados a los Juegos Bonaerenses - Principios","og_description":"Bajo la supervisi\u00f3n de Horacio Basso, de la Federaci\u00f3n de Voley Argentina, encargado de las designaciones, \u00e1rbitros y planilleros de la Asociaci\u00f3n de Voley Capital Nacional del Vidrio fueron convocados para desempe\u00f1arse en los Torneos Bonaerenses en la disciplina Newcom. Celia Cabrera, presidenta de la Asociaci\u00f3n de Voley destac\u00f3 que \u00abpara nosotros es un orgullo...","og_url":"https:\/\/diarioprincipios.com\/index.php\/2023\/09\/22\/arbitros-y-planilleros-de-la-asociacion-de-voley-fueron-convocados-a-los-juegos-bonaerenses\/","og_site_name":"Principios","article_published_time":"2023-09-22T14:26:10+00:00","article_modified_time":"2023-10-01T11:43:32+00:00","og_image":[{"width":1080,"height":805,"url":"https:\/\/diarioprincipios.com\/wp-content\/uploads\/2023\/09\/Screenshot_20230922_112220_WhatsApp.jpg","type":"image\/jpeg"}],"author":"Hern\u00e1n L\u00f3pez","twitter_card":"summary_large_image","twitter_misc":{"Escrito por":"Hern\u00e1n L\u00f3pez","Tiempo de lectura":"2 minutos"},"schema":{"@context":"https:\/\/schema.org","@graph":[{"@type":"Article","@id":"https:\/\/diarioprincipios.com\/index.php\/2023\/09\/22\/arbitros-y-planilleros-de-la-asociacion-de-voley-fueron-convocados-a-los-juegos-bonaerenses\/#article","isPartOf":{"@id":"https:\/\/diarioprincipios.com\/index.php\/2023\/09\/22\/arbitros-y-planilleros-de-la-asociacion-de-voley-fueron-convocados-a-los-juegos-bonaerenses\/"},"author":{"name":"Hern\u00e1n L\u00f3pez","@id":"https:\/\/diarioprincipios.com\/#\/schema\/person\/436d5a1fd41a5e250e23ff5a6a7cb080"},"headline":"\u00c1rbitros y Planilleros de la Asociaci\u00f3n de Voley fueron convocados a los Juegos Bonaerenses","datePublished":"2023-09-22T14:26:10+00:00","dateModified":"2023-10-01T11:43:32+00:00","mainEntityOfPage":{"@id":"https:\/\/diarioprincipios.com\/index.php\/2023\/09\/22\/arbitros-y-planilleros-de-la-asociacion-de-voley-fueron-convocados-a-los-juegos-bonaerenses\/"},"wordCount":174,"commentCount":0,"publisher":{"@id":"https:\/\/diarioprincipios.com\/#organization"},"image":{"@id":"https:\/\/diarioprincipios.com\/index.php\/2023\/09\/22\/arbitros-y-planilleros-de-la-asociacion-de-voley-fueron-convocados-a-los-juegos-bonaerenses\/#primaryimage"},"thumbnailUrl":"https:\/\/diarioprincipios.com\/wp-content\/uploads\/2023\/09\/Screenshot_20230922_112220_WhatsApp.jpg","articleSection":["Deportes"],"inLanguage":"es","potentialAction":[{"@type":"CommentAction","name":"Comment","target":["https:\/\/diarioprincipios.com\/index.php\/2023\/09\/22\/arbitros-y-planilleros-de-la-asociacion-de-voley-fueron-convocados-a-los-juegos-bonaerenses\/#respond"]}]},{"@type":"WebPage","@id":"https:\/\/diarioprincipios.com\/index.php\/2023\/09\/22\/arbitros-y-planilleros-de-la-asociacion-de-voley-fueron-convocados-a-los-juegos-bonaerenses\/","url":"https:\/\/diarioprincipios.com\/index.php\/2023\/09\/22\/arbitros-y-planilleros-de-la-asociacion-de-voley-fueron-convocados-a-los-juegos-bonaerenses\/","name":"\u00c1rbitros y Planilleros de la Asociaci\u00f3n de Voley fueron convocados a los Juegos Bonaerenses - Principios","isPartOf":{"@id":"https:\/\/diarioprincipios.com\/#website"},"primaryImageOfPage":{"@id":"https:\/\/diarioprincipios.com\/index.php\/2023\/09\/22\/arbitros-y-planilleros-de-la-asociacion-de-voley-fueron-convocados-a-los-juegos-bonaerenses\/#primaryimage"},"image":{"@id":"https:\/\/diarioprincipios.com\/index.php\/2023\/09\/22\/arbitros-y-planilleros-de-la-asociacion-de-voley-fueron-convocados-a-los-juegos-bonaerenses\/#primaryimage"},"thumbnailUrl":"https:\/\/diarioprincipios.com\/wp-content\/uploads\/2023\/09\/Screenshot_20230922_112220_WhatsApp.jpg","datePublished":"2023-09-22T14:26:10+00:00","dateModified":"2023-10-01T11:43:32+00:00","breadcrumb":{"@id":"https:\/\/diarioprincipios.com\/index.php\/2023\/09\/22\/arbitros-y-planilleros-de-la-asociacion-de-voley-fueron-convocados-a-los-juegos-bonaerenses\/#breadcrumb"},"inLanguage":"es","potentialAction":[{"@type":"ReadAction","target":["https:\/\/diarioprincipios.com\/index.php\/2023\/09\/22\/arbitros-y-planilleros-de-la-asociacion-de-voley-fueron-convocados-a-los-juegos-bonaerenses\/"]}]},{"@type":"ImageObject","inLanguage":"es","@id":"https:\/\/diarioprincipios.com\/index.php\/2023\/09\/22\/arbitros-y-planilleros-de-la-asociacion-de-voley-fueron-convocados-a-los-juegos-bonaerenses\/#primaryimage","url":"https:\/\/diarioprincipios.com\/wp-content\/uploads\/2023\/09\/Screenshot_20230922_112220_WhatsApp.jpg","contentUrl":"https:\/\/diarioprincipios.com\/wp-content\/uploads\/2023\/09\/Screenshot_20230922_112220_WhatsApp.jpg","width":1080,"height":805},{"@type":"BreadcrumbList","@id":"https:\/\/diarioprincipios.com\/index.php\/2023\/09\/22\/arbitros-y-planilleros-de-la-asociacion-de-voley-fueron-convocados-a-los-juegos-bonaerenses\/#breadcrumb","itemListElement":[{"@type":"ListItem","position":1,"name":"Portada","item":"https:\/\/diarioprincipios.com\/"},{"@type":"ListItem","position":2,"name":"\u00c1rbitros y Planilleros de la Asociaci\u00f3n de Voley fueron convocados a los Juegos Bonaerenses"}]},{"@type":"WebSite","@id":"https:\/\/diarioprincipios.com\/#website","url":"https:\/\/diarioprincipios.com\/","name":"Principios","description":"Principios Diario","publisher":{"@id":"https:\/\/diarioprincipios.com\/#organization"},"potentialAction":[{"@type":"SearchAction","target":{"@type":"EntryPoint","urlTemplate":"https:\/\/diarioprincipios.com\/?s={search_term_string}"},"query-input":{"@type":"PropertyValueSpecification","valueRequired":true,"valueName":"search_term_string"}}],"inLanguage":"es"},{"@type":"Organization","@id":"https:\/\/diarioprincipios.com\/#organization","name":"Principios","url":"https:\/\/diarioprincipios.com\/","logo":{"@type":"ImageObject","inLanguage":"es","@id":"https:\/\/diarioprincipios.com\/#\/schema\/logo\/image\/","url":"https:\/\/diarioprincipios.com\/wp-content\/uploads\/2024\/04\/cropped-www.diarioprincipios.com_-1.png","contentUrl":"https:\/\/diarioprincipios.com\/wp-content\/uploads\/2024\/04\/cropped-www.diarioprincipios.com_-1.png","width":5325,"height":1454,"caption":"Principios"},"image":{"@id":"https:\/\/diarioprincipios.com\/#\/schema\/logo\/image\/"}},{"@type":"Person","@id":"https:\/\/diarioprincipios.com\/#\/schema\/person\/436d5a1fd41a5e250e23ff5a6a7cb080","name":"Hern\u00e1n L\u00f3pez","image":{"@type":"ImageObject","inLanguage":"es","@id":"https:\/\/diarioprincipios.com\/wp-content\/litespeed\/avatar\/11ddfe5610ff3bd100522525b2571f48.jpg?ver=1777048341","url":"https:\/\/diarioprincipios.com\/wp-content\/litespeed\/avatar\/11ddfe5610ff3bd100522525b2571f48.jpg?ver=1777048341","contentUrl":"https:\/\/diarioprincipios.com\/wp-content\/litespeed\/avatar\/11ddfe5610ff3bd100522525b2571f48.jpg?ver=1777048341","caption":"Hern\u00e1n L\u00f3pez"},"url":"https:\/\/diarioprincipios.com\/index.php\/author\/hernan\/"}]}},"jetpack_featured_media_url":"https:\/\/diarioprincipios.com\/wp-content\/uploads\/2023\/09\/Screenshot_20230922_112220_WhatsApp.jpg","_links":{"self":[{"href":"https:\/\/diarioprincipios.com\/index.php\/wp-json\/wp\/v2\/posts\/18905","targetHints":{"allow":["GET"]}}],"collection":[{"href":"https:\/\/diarioprincipios.com\/index.php\/wp-json\/wp\/v2\/posts"}],"about":[{"href":"https:\/\/diarioprincipios.com\/index.php\/wp-json\/wp\/v2\/types\/post"}],"author":[{"embeddable":true,"href":"https:\/\/diarioprincipios.com\/index.php\/wp-json\/wp\/v2\/users\/2"}],"replies":[{"embeddable":true,"href":"https:\/\/diarioprincipios.com\/index.php\/wp-json\/wp\/v2\/comments?post=18905"}],"version-history":[{"count":1,"href":"https:\/\/diarioprincipios.com\/index.php\/wp-json\/wp\/v2\/posts\/18905\/revisions"}],"predecessor-version":[{"id":18910,"href":"https:\/\/diarioprincipios.com\/index.php\/wp-json\/wp\/v2\/posts\/18905\/revisions\/18910"}],"wp:featuredmedia":[{"embeddable":true,"href":"https:\/\/diarioprincipios.com\/index.php\/wp-json\/wp\/v2\/media\/18909"}],"wp:attachment":[{"href":"https:\/\/diarioprincipios.com\/index.php\/wp-json\/wp\/v2\/media?parent=18905"}],"wp:term":[{"taxonomy":"category","embeddable":true,"href":"https:\/\/diarioprincipios.com\/index.php\/wp-json\/wp\/v2\/categories?post=18905"},{"taxonomy":"post_tag","embeddable":true,"href":"https:\/\/diarioprincipios.com\/index.php\/wp-json\/wp\/v2\/tags?post=18905"}],"curies":[{"name":"wp","href":"https:\/\/api.w.org\/{rel}","templated":true}]}}