{"id":1888,"date":"2020-05-20T17:57:39","date_gmt":"2020-05-20T20:57:39","guid":{"rendered":"http:\/\/diarioprincipios.com\/?p=1888"},"modified":"2020-05-20T17:57:41","modified_gmt":"2020-05-20T20:57:41","slug":"detienen-a-dos-hermanos-acusados-de-haber-asesinado-a-un-hombre-en-berazategui","status":"publish","type":"post","link":"https:\/\/diarioprincipios.com\/index.php\/2020\/05\/20\/detienen-a-dos-hermanos-acusados-de-haber-asesinado-a-un-hombre-en-berazategui\/","title":{"rendered":"Detienen a dos hermanos acusados de haber asesinado a un hombre en Berazategui"},"content":{"rendered":"\n<p>Dos hermanos fueron detenidos en las \u00faltimas horas acusados de haber participado en el crimen de un hombre de 43 a\u00f1os el 9 de mayo pasado, a quien asesinaron de un balazo en el pecho en la puerta de su vivienda, ubicada en nuestra ciudad, informaron fuentes judiciales.<\/p>\n\n\n\n<p>Las detenciones se concretaron anoche tras unos allanamientos en dos viviendas ubicadas en calle 156 al 2200 y en 155, entre 24 y 26.<\/p>\n\n\n\n<p>Fuentes judiciales informaron a la Agencia T\u00e9lam que el fiscal de la causa, Carlos Riera, indagar\u00e1 ma\u00f1ana a los sospechosos como presuntos coautores del delito de \u00abhomicidio agravado por el uso de arma de fuego\u00bb en perjuicio de Miguel Jes\u00fas Carballo.<\/p>\n\n\n\n<p>El hecho ocurri\u00f3 pasada la medianoche del s\u00e1bado 9 de mayo en calles 156 y 23 de Berazategui, donde resid\u00eda la v\u00edctima.<\/p>\n\n\n\n<p>El hombre fue encontrado por un vecino suyo en el ingreso a la vivienda y llam\u00f3 a una ambulancia que lo traslad\u00f3 de urgencia al hospital local.<\/p>\n\n\n\n<p>La v\u00edctima muri\u00f3 a los pocos minutos a ra\u00edz de un disparo en el pecho y efectivos de la comisar\u00eda 1era. de Berazategui fueron alertados por el homicidio.<\/p>\n\n\n\n<p>Seg\u00fan las fuentes, Carballo viv\u00eda solo y dentro de su inmueble ten\u00eda algunas plantas de marihuana, por lo que una hip\u00f3tesis de los investigadores es que se dedicaba a la venta de esa sustancia.<\/p>\n\n\n\n<p>Adem\u00e1s, el personal policial constat\u00f3 que no hubo robo en su domicilio, a\u00f1adieron los voceros.<\/p>\n\n\n\n<p>En ese marco, los pesquisas determinaron que dos hermanos de 19 y 24 a\u00f1os hab\u00edan participado en el crimen y que posiblemente el m\u00f3vil haya sido una una disputa por la venta de estupefacientes.<\/p>\n\n\n\n<p>El fiscal Riera, a cargo de la Unidad Funcional de Instrucci\u00f3n (UFI) 5 descentralizada en Berazategui, Departamento Judicial Quilmes, dispuso la detenci\u00f3n de los sospechosos, quienes quedaron alojados en una comisar\u00eda de la zona.<\/p>\n","protected":false},"excerpt":{"rendered":"<p>Dos hermanos fueron detenidos en las \u00faltimas horas acusados de haber participado en el crimen de un hombre de 43 a\u00f1os el 9 de mayo pasado, a quien asesinaron de un balazo en el pecho en la puerta de su vivienda, ubicada en nuestra ciudad, informaron fuentes judiciales. Las detenciones se concretaron anoche tras unos&#8230;<\/p>\n","protected":false},"author":2,"featured_media":1889,"comment_status":"open","ping_status":"open","sticky":false,"template":"","format":"standard","meta":{"footnotes":""},"categories":[3],"tags":[],"class_list":["post-1888","post","type-post","status-publish","format-standard","has-post-thumbnail","hentry","category-berazategui"],"featured_image_src":"https:\/\/diarioprincipios.com\/wp-content\/uploads\/2020\/05\/manosesposadas.jpg","blog_images":{"medium":"https:\/\/diarioprincipios.com\/wp-content\/uploads\/2020\/05\/manosesposadas-300x168.jpg","large":"https:\/\/diarioprincipios.com\/wp-content\/uploads\/2020\/05\/manosesposadas.jpg"},"ams_acf":[],"yoast_head":"<!-- This site is optimized with the Yoast SEO plugin v27.3 - https:\/\/yoast.com\/product\/yoast-seo-wordpress\/ -->\n<title>Detienen a dos hermanos acusados de haber asesinado a un hombre en Berazategui - Principios<\/title>\n<meta name=\"robots\" content=\"index, follow, max-snippet:-1, max-image-preview:large, max-video-preview:-1\" \/>\n<link rel=\"canonical\" href=\"https:\/\/diarioprincipios.com\/index.php\/2020\/05\/20\/detienen-a-dos-hermanos-acusados-de-haber-asesinado-a-un-hombre-en-berazategui\/\" \/>\n<meta property=\"og:locale\" content=\"es_ES\" \/>\n<meta property=\"og:type\" content=\"article\" \/>\n<meta property=\"og:title\" content=\"Detienen a dos hermanos acusados de haber asesinado a un hombre en Berazategui - Principios\" \/>\n<meta property=\"og:description\" content=\"Dos hermanos fueron detenidos en las \u00faltimas horas acusados de haber participado en el crimen de un hombre de 43 a\u00f1os el 9 de mayo pasado, a quien asesinaron de un balazo en el pecho en la puerta de su vivienda, ubicada en nuestra ciudad, informaron fuentes judiciales. Las detenciones se concretaron anoche tras unos...\" \/>\n<meta property=\"og:url\" content=\"https:\/\/diarioprincipios.com\/index.php\/2020\/05\/20\/detienen-a-dos-hermanos-acusados-de-haber-asesinado-a-un-hombre-en-berazategui\/\" \/>\n<meta property=\"og:site_name\" content=\"Principios\" \/>\n<meta property=\"article:published_time\" content=\"2020-05-20T20:57:39+00:00\" \/>\n<meta property=\"article:modified_time\" content=\"2020-05-20T20:57:41+00:00\" \/>\n<meta property=\"og:image\" content=\"https:\/\/diarioprincipios.com\/wp-content\/uploads\/2020\/05\/manosesposadas.jpg\" \/>\n\t<meta property=\"og:image:width\" content=\"655\" \/>\n\t<meta property=\"og:image:height\" content=\"367\" \/>\n\t<meta property=\"og:image:type\" content=\"image\/jpeg\" \/>\n<meta name=\"author\" content=\"Hern\u00e1n L\u00f3pez\" \/>\n<meta name=\"twitter:card\" content=\"summary_large_image\" \/>\n<meta name=\"twitter:label1\" content=\"Escrito por\" \/>\n\t<meta name=\"twitter:data1\" content=\"Hern\u00e1n L\u00f3pez\" \/>\n\t<meta name=\"twitter:label2\" content=\"Tiempo de lectura\" \/>\n\t<meta name=\"twitter:data2\" content=\"2 minutos\" \/>\n<script type=\"application\/ld+json\" class=\"yoast-schema-graph\">{\"@context\":\"https:\\\/\\\/schema.org\",\"@graph\":[{\"@type\":\"Article\",\"@id\":\"https:\\\/\\\/diarioprincipios.com\\\/index.php\\\/2020\\\/05\\\/20\\\/detienen-a-dos-hermanos-acusados-de-haber-asesinado-a-un-hombre-en-berazategui\\\/#article\",\"isPartOf\":{\"@id\":\"https:\\\/\\\/diarioprincipios.com\\\/index.php\\\/2020\\\/05\\\/20\\\/detienen-a-dos-hermanos-acusados-de-haber-asesinado-a-un-hombre-en-berazategui\\\/\"},\"author\":{\"name\":\"Hern\u00e1n L\u00f3pez\",\"@id\":\"https:\\\/\\\/diarioprincipios.com\\\/#\\\/schema\\\/person\\\/436d5a1fd41a5e250e23ff5a6a7cb080\"},\"headline\":\"Detienen a dos hermanos acusados de haber asesinado a un hombre en Berazategui\",\"datePublished\":\"2020-05-20T20:57:39+00:00\",\"dateModified\":\"2020-05-20T20:57:41+00:00\",\"mainEntityOfPage\":{\"@id\":\"https:\\\/\\\/diarioprincipios.com\\\/index.php\\\/2020\\\/05\\\/20\\\/detienen-a-dos-hermanos-acusados-de-haber-asesinado-a-un-hombre-en-berazategui\\\/\"},\"wordCount\":329,\"commentCount\":0,\"publisher\":{\"@id\":\"https:\\\/\\\/diarioprincipios.com\\\/#organization\"},\"image\":{\"@id\":\"https:\\\/\\\/diarioprincipios.com\\\/index.php\\\/2020\\\/05\\\/20\\\/detienen-a-dos-hermanos-acusados-de-haber-asesinado-a-un-hombre-en-berazategui\\\/#primaryimage\"},\"thumbnailUrl\":\"https:\\\/\\\/diarioprincipios.com\\\/wp-content\\\/uploads\\\/2020\\\/05\\\/manosesposadas.jpg\",\"articleSection\":[\"Berazategui\"],\"inLanguage\":\"es\",\"potentialAction\":[{\"@type\":\"CommentAction\",\"name\":\"Comment\",\"target\":[\"https:\\\/\\\/diarioprincipios.com\\\/index.php\\\/2020\\\/05\\\/20\\\/detienen-a-dos-hermanos-acusados-de-haber-asesinado-a-un-hombre-en-berazategui\\\/#respond\"]}]},{\"@type\":\"WebPage\",\"@id\":\"https:\\\/\\\/diarioprincipios.com\\\/index.php\\\/2020\\\/05\\\/20\\\/detienen-a-dos-hermanos-acusados-de-haber-asesinado-a-un-hombre-en-berazategui\\\/\",\"url\":\"https:\\\/\\\/diarioprincipios.com\\\/index.php\\\/2020\\\/05\\\/20\\\/detienen-a-dos-hermanos-acusados-de-haber-asesinado-a-un-hombre-en-berazategui\\\/\",\"name\":\"Detienen a dos hermanos acusados de haber asesinado a un hombre en Berazategui - Principios\",\"isPartOf\":{\"@id\":\"https:\\\/\\\/diarioprincipios.com\\\/#website\"},\"primaryImageOfPage\":{\"@id\":\"https:\\\/\\\/diarioprincipios.com\\\/index.php\\\/2020\\\/05\\\/20\\\/detienen-a-dos-hermanos-acusados-de-haber-asesinado-a-un-hombre-en-berazategui\\\/#primaryimage\"},\"image\":{\"@id\":\"https:\\\/\\\/diarioprincipios.com\\\/index.php\\\/2020\\\/05\\\/20\\\/detienen-a-dos-hermanos-acusados-de-haber-asesinado-a-un-hombre-en-berazategui\\\/#primaryimage\"},\"thumbnailUrl\":\"https:\\\/\\\/diarioprincipios.com\\\/wp-content\\\/uploads\\\/2020\\\/05\\\/manosesposadas.jpg\",\"datePublished\":\"2020-05-20T20:57:39+00:00\",\"dateModified\":\"2020-05-20T20:57:41+00:00\",\"breadcrumb\":{\"@id\":\"https:\\\/\\\/diarioprincipios.com\\\/index.php\\\/2020\\\/05\\\/20\\\/detienen-a-dos-hermanos-acusados-de-haber-asesinado-a-un-hombre-en-berazategui\\\/#breadcrumb\"},\"inLanguage\":\"es\",\"potentialAction\":[{\"@type\":\"ReadAction\",\"target\":[\"https:\\\/\\\/diarioprincipios.com\\\/index.php\\\/2020\\\/05\\\/20\\\/detienen-a-dos-hermanos-acusados-de-haber-asesinado-a-un-hombre-en-berazategui\\\/\"]}]},{\"@type\":\"ImageObject\",\"inLanguage\":\"es\",\"@id\":\"https:\\\/\\\/diarioprincipios.com\\\/index.php\\\/2020\\\/05\\\/20\\\/detienen-a-dos-hermanos-acusados-de-haber-asesinado-a-un-hombre-en-berazategui\\\/#primaryimage\",\"url\":\"https:\\\/\\\/diarioprincipios.com\\\/wp-content\\\/uploads\\\/2020\\\/05\\\/manosesposadas.jpg\",\"contentUrl\":\"https:\\\/\\\/diarioprincipios.com\\\/wp-content\\\/uploads\\\/2020\\\/05\\\/manosesposadas.jpg\",\"width\":655,\"height\":367},{\"@type\":\"BreadcrumbList\",\"@id\":\"https:\\\/\\\/diarioprincipios.com\\\/index.php\\\/2020\\\/05\\\/20\\\/detienen-a-dos-hermanos-acusados-de-haber-asesinado-a-un-hombre-en-berazategui\\\/#breadcrumb\",\"itemListElement\":[{\"@type\":\"ListItem\",\"position\":1,\"name\":\"Portada\",\"item\":\"https:\\\/\\\/diarioprincipios.com\\\/\"},{\"@type\":\"ListItem\",\"position\":2,\"name\":\"Detienen a dos hermanos acusados de haber asesinado a un hombre en Berazategui\"}]},{\"@type\":\"WebSite\",\"@id\":\"https:\\\/\\\/diarioprincipios.com\\\/#website\",\"url\":\"https:\\\/\\\/diarioprincipios.com\\\/\",\"name\":\"Principios\",\"description\":\"Principios Diario\",\"publisher\":{\"@id\":\"https:\\\/\\\/diarioprincipios.com\\\/#organization\"},\"potentialAction\":[{\"@type\":\"SearchAction\",\"target\":{\"@type\":\"EntryPoint\",\"urlTemplate\":\"https:\\\/\\\/diarioprincipios.com\\\/?s={search_term_string}\"},\"query-input\":{\"@type\":\"PropertyValueSpecification\",\"valueRequired\":true,\"valueName\":\"search_term_string\"}}],\"inLanguage\":\"es\"},{\"@type\":\"Organization\",\"@id\":\"https:\\\/\\\/diarioprincipios.com\\\/#organization\",\"name\":\"Principios\",\"url\":\"https:\\\/\\\/diarioprincipios.com\\\/\",\"logo\":{\"@type\":\"ImageObject\",\"inLanguage\":\"es\",\"@id\":\"https:\\\/\\\/diarioprincipios.com\\\/#\\\/schema\\\/logo\\\/image\\\/\",\"url\":\"https:\\\/\\\/diarioprincipios.com\\\/wp-content\\\/uploads\\\/2024\\\/04\\\/cropped-www.diarioprincipios.com_-1.png\",\"contentUrl\":\"https:\\\/\\\/diarioprincipios.com\\\/wp-content\\\/uploads\\\/2024\\\/04\\\/cropped-www.diarioprincipios.com_-1.png\",\"width\":5325,\"height\":1454,\"caption\":\"Principios\"},\"image\":{\"@id\":\"https:\\\/\\\/diarioprincipios.com\\\/#\\\/schema\\\/logo\\\/image\\\/\"}},{\"@type\":\"Person\",\"@id\":\"https:\\\/\\\/diarioprincipios.com\\\/#\\\/schema\\\/person\\\/436d5a1fd41a5e250e23ff5a6a7cb080\",\"name\":\"Hern\u00e1n L\u00f3pez\",\"image\":{\"@type\":\"ImageObject\",\"inLanguage\":\"es\",\"@id\":\"https:\\\/\\\/diarioprincipios.com\\\/wp-content\\\/litespeed\\\/avatar\\\/11ddfe5610ff3bd100522525b2571f48.jpg?ver=1777048341\",\"url\":\"https:\\\/\\\/diarioprincipios.com\\\/wp-content\\\/litespeed\\\/avatar\\\/11ddfe5610ff3bd100522525b2571f48.jpg?ver=1777048341\",\"contentUrl\":\"https:\\\/\\\/diarioprincipios.com\\\/wp-content\\\/litespeed\\\/avatar\\\/11ddfe5610ff3bd100522525b2571f48.jpg?ver=1777048341\",\"caption\":\"Hern\u00e1n L\u00f3pez\"},\"url\":\"https:\\\/\\\/diarioprincipios.com\\\/index.php\\\/author\\\/hernan\\\/\"}]}<\/script>\n<!-- \/ Yoast SEO plugin. -->","yoast_head_json":{"title":"Detienen a dos hermanos acusados de haber asesinado a un hombre en Berazategui - Principios","robots":{"index":"index","follow":"follow","max-snippet":"max-snippet:-1","max-image-preview":"max-image-preview:large","max-video-preview":"max-video-preview:-1"},"canonical":"https:\/\/diarioprincipios.com\/index.php\/2020\/05\/20\/detienen-a-dos-hermanos-acusados-de-haber-asesinado-a-un-hombre-en-berazategui\/","og_locale":"es_ES","og_type":"article","og_title":"Detienen a dos hermanos acusados de haber asesinado a un hombre en Berazategui - Principios","og_description":"Dos hermanos fueron detenidos en las \u00faltimas horas acusados de haber participado en el crimen de un hombre de 43 a\u00f1os el 9 de mayo pasado, a quien asesinaron de un balazo en el pecho en la puerta de su vivienda, ubicada en nuestra ciudad, informaron fuentes judiciales. Las detenciones se concretaron anoche tras unos...","og_url":"https:\/\/diarioprincipios.com\/index.php\/2020\/05\/20\/detienen-a-dos-hermanos-acusados-de-haber-asesinado-a-un-hombre-en-berazategui\/","og_site_name":"Principios","article_published_time":"2020-05-20T20:57:39+00:00","article_modified_time":"2020-05-20T20:57:41+00:00","og_image":[{"width":655,"height":367,"url":"https:\/\/diarioprincipios.com\/wp-content\/uploads\/2020\/05\/manosesposadas.jpg","type":"image\/jpeg"}],"author":"Hern\u00e1n L\u00f3pez","twitter_card":"summary_large_image","twitter_misc":{"Escrito por":"Hern\u00e1n L\u00f3pez","Tiempo de lectura":"2 minutos"},"schema":{"@context":"https:\/\/schema.org","@graph":[{"@type":"Article","@id":"https:\/\/diarioprincipios.com\/index.php\/2020\/05\/20\/detienen-a-dos-hermanos-acusados-de-haber-asesinado-a-un-hombre-en-berazategui\/#article","isPartOf":{"@id":"https:\/\/diarioprincipios.com\/index.php\/2020\/05\/20\/detienen-a-dos-hermanos-acusados-de-haber-asesinado-a-un-hombre-en-berazategui\/"},"author":{"name":"Hern\u00e1n L\u00f3pez","@id":"https:\/\/diarioprincipios.com\/#\/schema\/person\/436d5a1fd41a5e250e23ff5a6a7cb080"},"headline":"Detienen a dos hermanos acusados de haber asesinado a un hombre en Berazategui","datePublished":"2020-05-20T20:57:39+00:00","dateModified":"2020-05-20T20:57:41+00:00","mainEntityOfPage":{"@id":"https:\/\/diarioprincipios.com\/index.php\/2020\/05\/20\/detienen-a-dos-hermanos-acusados-de-haber-asesinado-a-un-hombre-en-berazategui\/"},"wordCount":329,"commentCount":0,"publisher":{"@id":"https:\/\/diarioprincipios.com\/#organization"},"image":{"@id":"https:\/\/diarioprincipios.com\/index.php\/2020\/05\/20\/detienen-a-dos-hermanos-acusados-de-haber-asesinado-a-un-hombre-en-berazategui\/#primaryimage"},"thumbnailUrl":"https:\/\/diarioprincipios.com\/wp-content\/uploads\/2020\/05\/manosesposadas.jpg","articleSection":["Berazategui"],"inLanguage":"es","potentialAction":[{"@type":"CommentAction","name":"Comment","target":["https:\/\/diarioprincipios.com\/index.php\/2020\/05\/20\/detienen-a-dos-hermanos-acusados-de-haber-asesinado-a-un-hombre-en-berazategui\/#respond"]}]},{"@type":"WebPage","@id":"https:\/\/diarioprincipios.com\/index.php\/2020\/05\/20\/detienen-a-dos-hermanos-acusados-de-haber-asesinado-a-un-hombre-en-berazategui\/","url":"https:\/\/diarioprincipios.com\/index.php\/2020\/05\/20\/detienen-a-dos-hermanos-acusados-de-haber-asesinado-a-un-hombre-en-berazategui\/","name":"Detienen a dos hermanos acusados de haber asesinado a un hombre en Berazategui - Principios","isPartOf":{"@id":"https:\/\/diarioprincipios.com\/#website"},"primaryImageOfPage":{"@id":"https:\/\/diarioprincipios.com\/index.php\/2020\/05\/20\/detienen-a-dos-hermanos-acusados-de-haber-asesinado-a-un-hombre-en-berazategui\/#primaryimage"},"image":{"@id":"https:\/\/diarioprincipios.com\/index.php\/2020\/05\/20\/detienen-a-dos-hermanos-acusados-de-haber-asesinado-a-un-hombre-en-berazategui\/#primaryimage"},"thumbnailUrl":"https:\/\/diarioprincipios.com\/wp-content\/uploads\/2020\/05\/manosesposadas.jpg","datePublished":"2020-05-20T20:57:39+00:00","dateModified":"2020-05-20T20:57:41+00:00","breadcrumb":{"@id":"https:\/\/diarioprincipios.com\/index.php\/2020\/05\/20\/detienen-a-dos-hermanos-acusados-de-haber-asesinado-a-un-hombre-en-berazategui\/#breadcrumb"},"inLanguage":"es","potentialAction":[{"@type":"ReadAction","target":["https:\/\/diarioprincipios.com\/index.php\/2020\/05\/20\/detienen-a-dos-hermanos-acusados-de-haber-asesinado-a-un-hombre-en-berazategui\/"]}]},{"@type":"ImageObject","inLanguage":"es","@id":"https:\/\/diarioprincipios.com\/index.php\/2020\/05\/20\/detienen-a-dos-hermanos-acusados-de-haber-asesinado-a-un-hombre-en-berazategui\/#primaryimage","url":"https:\/\/diarioprincipios.com\/wp-content\/uploads\/2020\/05\/manosesposadas.jpg","contentUrl":"https:\/\/diarioprincipios.com\/wp-content\/uploads\/2020\/05\/manosesposadas.jpg","width":655,"height":367},{"@type":"BreadcrumbList","@id":"https:\/\/diarioprincipios.com\/index.php\/2020\/05\/20\/detienen-a-dos-hermanos-acusados-de-haber-asesinado-a-un-hombre-en-berazategui\/#breadcrumb","itemListElement":[{"@type":"ListItem","position":1,"name":"Portada","item":"https:\/\/diarioprincipios.com\/"},{"@type":"ListItem","position":2,"name":"Detienen a dos hermanos acusados de haber asesinado a un hombre en Berazategui"}]},{"@type":"WebSite","@id":"https:\/\/diarioprincipios.com\/#website","url":"https:\/\/diarioprincipios.com\/","name":"Principios","description":"Principios Diario","publisher":{"@id":"https:\/\/diarioprincipios.com\/#organization"},"potentialAction":[{"@type":"SearchAction","target":{"@type":"EntryPoint","urlTemplate":"https:\/\/diarioprincipios.com\/?s={search_term_string}"},"query-input":{"@type":"PropertyValueSpecification","valueRequired":true,"valueName":"search_term_string"}}],"inLanguage":"es"},{"@type":"Organization","@id":"https:\/\/diarioprincipios.com\/#organization","name":"Principios","url":"https:\/\/diarioprincipios.com\/","logo":{"@type":"ImageObject","inLanguage":"es","@id":"https:\/\/diarioprincipios.com\/#\/schema\/logo\/image\/","url":"https:\/\/diarioprincipios.com\/wp-content\/uploads\/2024\/04\/cropped-www.diarioprincipios.com_-1.png","contentUrl":"https:\/\/diarioprincipios.com\/wp-content\/uploads\/2024\/04\/cropped-www.diarioprincipios.com_-1.png","width":5325,"height":1454,"caption":"Principios"},"image":{"@id":"https:\/\/diarioprincipios.com\/#\/schema\/logo\/image\/"}},{"@type":"Person","@id":"https:\/\/diarioprincipios.com\/#\/schema\/person\/436d5a1fd41a5e250e23ff5a6a7cb080","name":"Hern\u00e1n L\u00f3pez","image":{"@type":"ImageObject","inLanguage":"es","@id":"https:\/\/diarioprincipios.com\/wp-content\/litespeed\/avatar\/11ddfe5610ff3bd100522525b2571f48.jpg?ver=1777048341","url":"https:\/\/diarioprincipios.com\/wp-content\/litespeed\/avatar\/11ddfe5610ff3bd100522525b2571f48.jpg?ver=1777048341","contentUrl":"https:\/\/diarioprincipios.com\/wp-content\/litespeed\/avatar\/11ddfe5610ff3bd100522525b2571f48.jpg?ver=1777048341","caption":"Hern\u00e1n L\u00f3pez"},"url":"https:\/\/diarioprincipios.com\/index.php\/author\/hernan\/"}]}},"jetpack_featured_media_url":"https:\/\/diarioprincipios.com\/wp-content\/uploads\/2020\/05\/manosesposadas.jpg","_links":{"self":[{"href":"https:\/\/diarioprincipios.com\/index.php\/wp-json\/wp\/v2\/posts\/1888","targetHints":{"allow":["GET"]}}],"collection":[{"href":"https:\/\/diarioprincipios.com\/index.php\/wp-json\/wp\/v2\/posts"}],"about":[{"href":"https:\/\/diarioprincipios.com\/index.php\/wp-json\/wp\/v2\/types\/post"}],"author":[{"embeddable":true,"href":"https:\/\/diarioprincipios.com\/index.php\/wp-json\/wp\/v2\/users\/2"}],"replies":[{"embeddable":true,"href":"https:\/\/diarioprincipios.com\/index.php\/wp-json\/wp\/v2\/comments?post=1888"}],"version-history":[{"count":1,"href":"https:\/\/diarioprincipios.com\/index.php\/wp-json\/wp\/v2\/posts\/1888\/revisions"}],"predecessor-version":[{"id":1890,"href":"https:\/\/diarioprincipios.com\/index.php\/wp-json\/wp\/v2\/posts\/1888\/revisions\/1890"}],"wp:featuredmedia":[{"embeddable":true,"href":"https:\/\/diarioprincipios.com\/index.php\/wp-json\/wp\/v2\/media\/1889"}],"wp:attachment":[{"href":"https:\/\/diarioprincipios.com\/index.php\/wp-json\/wp\/v2\/media?parent=1888"}],"wp:term":[{"taxonomy":"category","embeddable":true,"href":"https:\/\/diarioprincipios.com\/index.php\/wp-json\/wp\/v2\/categories?post=1888"},{"taxonomy":"post_tag","embeddable":true,"href":"https:\/\/diarioprincipios.com\/index.php\/wp-json\/wp\/v2\/tags?post=1888"}],"curies":[{"name":"wp","href":"https:\/\/api.w.org\/{rel}","templated":true}]}}