{"id":1882,"date":"2020-05-20T15:26:50","date_gmt":"2020-05-20T18:26:50","guid":{"rendered":"http:\/\/diarioprincipios.com\/?p=1882"},"modified":"2020-05-20T15:26:52","modified_gmt":"2020-05-20T18:26:52","slug":"el-senado-sesionara-manana-nuevamente-por-videconferencia-para-tratar-temas-de-la-pandemia","status":"publish","type":"post","link":"https:\/\/diarioprincipios.com\/index.php\/2020\/05\/20\/el-senado-sesionara-manana-nuevamente-por-videconferencia-para-tratar-temas-de-la-pandemia\/","title":{"rendered":"El Senado sesionar\u00e1 ma\u00f1ana nuevamente por videconferencia para tratar temas de la pandemia"},"content":{"rendered":"\n<p>La C\u00e1mara de Senadores de la Naci\u00f3n sesionar\u00e1 ma\u00f1ana, por segunda vez a trav\u00e9s de videoconferencia, para debatir tres proyectos de ley que ya fueron sancionados por Diputados y que est\u00e1n referidos al reparto de beneficios fiscales para combatir la pandemia por coronavirus.<\/p>\n\n\n\n<p>La sesi\u00f3n fue convocada para las 14 y se desarrollar\u00e1 del mismo modo que la anterior: el recinto s\u00f3lo estar\u00e1 habilitado para la presencia de la presidenta del Senado, Cristina Fern\u00e1ndez de Kirchner; y para el resto de las autoridades de la C\u00e1mara alta, adem\u00e1s de los integrantes de la Secretar\u00edas Parlamentaria y Administrativa.<\/p>\n\n\n\n<p>El resto de los legisladores deber\u00e1n participar de la sesi\u00f3n por videoconferencia y har\u00e1n uso de la palabra desde el lugar en el que se encuentren: su despacho en Buenos Aires o las bancas de alguna legislatura provincial, como ocurri\u00f3 la semana pasada cuando se aprobaron veinte Decretos de Necesidad y Urgencia firmados por el Poder Ejecutivo.<\/p>\n\n\n\n<p>El temario de ma\u00f1ana incluir\u00e1 s\u00f3lo tres proyectos de Ley que ya cuentan con sanci\u00f3n de Diputados: la regulaci\u00f3n del v\u00ednculo jur\u00eddico entre la Cruz Roja Argentina y el Estado Nacional; la creaci\u00f3n del Programa de Protecci\u00f3n al Personal de Salud ante la pandemia de coronavirus; y el establecimiento de beneficios especiales a personal de salud, fuerzas armadas, de seguridad y otros ante la Covid-19.<\/p>\n","protected":false},"excerpt":{"rendered":"<p>La C\u00e1mara de Senadores de la Naci\u00f3n sesionar\u00e1 ma\u00f1ana, por segunda vez a trav\u00e9s de videoconferencia, para debatir tres proyectos de ley que ya fueron sancionados por Diputados y que est\u00e1n referidos al reparto de beneficios fiscales para combatir la pandemia por coronavirus. La sesi\u00f3n fue convocada para las 14 y se desarrollar\u00e1 del mismo&#8230;<\/p>\n","protected":false},"author":2,"featured_media":1883,"comment_status":"open","ping_status":"open","sticky":false,"template":"","format":"standard","meta":{"footnotes":""},"categories":[10],"tags":[],"class_list":["post-1882","post","type-post","status-publish","format-standard","has-post-thumbnail","hentry","category-nacion"],"featured_image_src":"https:\/\/diarioprincipios.com\/wp-content\/uploads\/2020\/05\/senado.jpg","blog_images":{"medium":"https:\/\/diarioprincipios.com\/wp-content\/uploads\/2020\/05\/senado-300x200.jpg","large":"https:\/\/diarioprincipios.com\/wp-content\/uploads\/2020\/05\/senado.jpg"},"ams_acf":[],"yoast_head":"<!-- This site is optimized with the Yoast SEO plugin v27.3 - https:\/\/yoast.com\/product\/yoast-seo-wordpress\/ -->\n<title>El Senado sesionar\u00e1 ma\u00f1ana nuevamente por videconferencia para tratar temas de la pandemia - Principios<\/title>\n<meta name=\"robots\" content=\"index, follow, max-snippet:-1, max-image-preview:large, max-video-preview:-1\" \/>\n<link rel=\"canonical\" href=\"https:\/\/diarioprincipios.com\/index.php\/2020\/05\/20\/el-senado-sesionara-manana-nuevamente-por-videconferencia-para-tratar-temas-de-la-pandemia\/\" \/>\n<meta property=\"og:locale\" content=\"es_ES\" \/>\n<meta property=\"og:type\" content=\"article\" \/>\n<meta property=\"og:title\" content=\"El Senado sesionar\u00e1 ma\u00f1ana nuevamente por videconferencia para tratar temas de la pandemia - Principios\" \/>\n<meta property=\"og:description\" content=\"La C\u00e1mara de Senadores de la Naci\u00f3n sesionar\u00e1 ma\u00f1ana, por segunda vez a trav\u00e9s de videoconferencia, para debatir tres proyectos de ley que ya fueron sancionados por Diputados y que est\u00e1n referidos al reparto de beneficios fiscales para combatir la pandemia por coronavirus. La sesi\u00f3n fue convocada para las 14 y se desarrollar\u00e1 del mismo...\" \/>\n<meta property=\"og:url\" content=\"https:\/\/diarioprincipios.com\/index.php\/2020\/05\/20\/el-senado-sesionara-manana-nuevamente-por-videconferencia-para-tratar-temas-de-la-pandemia\/\" \/>\n<meta property=\"og:site_name\" content=\"Principios\" \/>\n<meta property=\"article:published_time\" content=\"2020-05-20T18:26:50+00:00\" \/>\n<meta property=\"article:modified_time\" content=\"2020-05-20T18:26:52+00:00\" \/>\n<meta property=\"og:image\" content=\"https:\/\/diarioprincipios.com\/wp-content\/uploads\/2020\/05\/senado.jpg\" \/>\n\t<meta property=\"og:image:width\" content=\"960\" \/>\n\t<meta property=\"og:image:height\" content=\"640\" \/>\n\t<meta property=\"og:image:type\" content=\"image\/jpeg\" \/>\n<meta name=\"author\" content=\"Hern\u00e1n L\u00f3pez\" \/>\n<meta name=\"twitter:card\" content=\"summary_large_image\" \/>\n<meta name=\"twitter:label1\" content=\"Escrito por\" \/>\n\t<meta name=\"twitter:data1\" content=\"Hern\u00e1n L\u00f3pez\" \/>\n\t<meta name=\"twitter:label2\" content=\"Tiempo de lectura\" \/>\n\t<meta name=\"twitter:data2\" content=\"1 minuto\" \/>\n<script type=\"application\/ld+json\" class=\"yoast-schema-graph\">{\"@context\":\"https:\\\/\\\/schema.org\",\"@graph\":[{\"@type\":\"Article\",\"@id\":\"https:\\\/\\\/diarioprincipios.com\\\/index.php\\\/2020\\\/05\\\/20\\\/el-senado-sesionara-manana-nuevamente-por-videconferencia-para-tratar-temas-de-la-pandemia\\\/#article\",\"isPartOf\":{\"@id\":\"https:\\\/\\\/diarioprincipios.com\\\/index.php\\\/2020\\\/05\\\/20\\\/el-senado-sesionara-manana-nuevamente-por-videconferencia-para-tratar-temas-de-la-pandemia\\\/\"},\"author\":{\"name\":\"Hern\u00e1n L\u00f3pez\",\"@id\":\"https:\\\/\\\/diarioprincipios.com\\\/#\\\/schema\\\/person\\\/436d5a1fd41a5e250e23ff5a6a7cb080\"},\"headline\":\"El Senado sesionar\u00e1 ma\u00f1ana nuevamente por videconferencia para tratar temas de la pandemia\",\"datePublished\":\"2020-05-20T18:26:50+00:00\",\"dateModified\":\"2020-05-20T18:26:52+00:00\",\"mainEntityOfPage\":{\"@id\":\"https:\\\/\\\/diarioprincipios.com\\\/index.php\\\/2020\\\/05\\\/20\\\/el-senado-sesionara-manana-nuevamente-por-videconferencia-para-tratar-temas-de-la-pandemia\\\/\"},\"wordCount\":254,\"commentCount\":0,\"publisher\":{\"@id\":\"https:\\\/\\\/diarioprincipios.com\\\/#organization\"},\"image\":{\"@id\":\"https:\\\/\\\/diarioprincipios.com\\\/index.php\\\/2020\\\/05\\\/20\\\/el-senado-sesionara-manana-nuevamente-por-videconferencia-para-tratar-temas-de-la-pandemia\\\/#primaryimage\"},\"thumbnailUrl\":\"https:\\\/\\\/diarioprincipios.com\\\/wp-content\\\/uploads\\\/2020\\\/05\\\/senado.jpg\",\"articleSection\":[\"Naci\u00f3n\"],\"inLanguage\":\"es\",\"potentialAction\":[{\"@type\":\"CommentAction\",\"name\":\"Comment\",\"target\":[\"https:\\\/\\\/diarioprincipios.com\\\/index.php\\\/2020\\\/05\\\/20\\\/el-senado-sesionara-manana-nuevamente-por-videconferencia-para-tratar-temas-de-la-pandemia\\\/#respond\"]}]},{\"@type\":\"WebPage\",\"@id\":\"https:\\\/\\\/diarioprincipios.com\\\/index.php\\\/2020\\\/05\\\/20\\\/el-senado-sesionara-manana-nuevamente-por-videconferencia-para-tratar-temas-de-la-pandemia\\\/\",\"url\":\"https:\\\/\\\/diarioprincipios.com\\\/index.php\\\/2020\\\/05\\\/20\\\/el-senado-sesionara-manana-nuevamente-por-videconferencia-para-tratar-temas-de-la-pandemia\\\/\",\"name\":\"El Senado sesionar\u00e1 ma\u00f1ana nuevamente por videconferencia para tratar temas de la pandemia - Principios\",\"isPartOf\":{\"@id\":\"https:\\\/\\\/diarioprincipios.com\\\/#website\"},\"primaryImageOfPage\":{\"@id\":\"https:\\\/\\\/diarioprincipios.com\\\/index.php\\\/2020\\\/05\\\/20\\\/el-senado-sesionara-manana-nuevamente-por-videconferencia-para-tratar-temas-de-la-pandemia\\\/#primaryimage\"},\"image\":{\"@id\":\"https:\\\/\\\/diarioprincipios.com\\\/index.php\\\/2020\\\/05\\\/20\\\/el-senado-sesionara-manana-nuevamente-por-videconferencia-para-tratar-temas-de-la-pandemia\\\/#primaryimage\"},\"thumbnailUrl\":\"https:\\\/\\\/diarioprincipios.com\\\/wp-content\\\/uploads\\\/2020\\\/05\\\/senado.jpg\",\"datePublished\":\"2020-05-20T18:26:50+00:00\",\"dateModified\":\"2020-05-20T18:26:52+00:00\",\"breadcrumb\":{\"@id\":\"https:\\\/\\\/diarioprincipios.com\\\/index.php\\\/2020\\\/05\\\/20\\\/el-senado-sesionara-manana-nuevamente-por-videconferencia-para-tratar-temas-de-la-pandemia\\\/#breadcrumb\"},\"inLanguage\":\"es\",\"potentialAction\":[{\"@type\":\"ReadAction\",\"target\":[\"https:\\\/\\\/diarioprincipios.com\\\/index.php\\\/2020\\\/05\\\/20\\\/el-senado-sesionara-manana-nuevamente-por-videconferencia-para-tratar-temas-de-la-pandemia\\\/\"]}]},{\"@type\":\"ImageObject\",\"inLanguage\":\"es\",\"@id\":\"https:\\\/\\\/diarioprincipios.com\\\/index.php\\\/2020\\\/05\\\/20\\\/el-senado-sesionara-manana-nuevamente-por-videconferencia-para-tratar-temas-de-la-pandemia\\\/#primaryimage\",\"url\":\"https:\\\/\\\/diarioprincipios.com\\\/wp-content\\\/uploads\\\/2020\\\/05\\\/senado.jpg\",\"contentUrl\":\"https:\\\/\\\/diarioprincipios.com\\\/wp-content\\\/uploads\\\/2020\\\/05\\\/senado.jpg\",\"width\":960,\"height\":640},{\"@type\":\"BreadcrumbList\",\"@id\":\"https:\\\/\\\/diarioprincipios.com\\\/index.php\\\/2020\\\/05\\\/20\\\/el-senado-sesionara-manana-nuevamente-por-videconferencia-para-tratar-temas-de-la-pandemia\\\/#breadcrumb\",\"itemListElement\":[{\"@type\":\"ListItem\",\"position\":1,\"name\":\"Portada\",\"item\":\"https:\\\/\\\/diarioprincipios.com\\\/\"},{\"@type\":\"ListItem\",\"position\":2,\"name\":\"El Senado sesionar\u00e1 ma\u00f1ana nuevamente por videconferencia para tratar temas de la pandemia\"}]},{\"@type\":\"WebSite\",\"@id\":\"https:\\\/\\\/diarioprincipios.com\\\/#website\",\"url\":\"https:\\\/\\\/diarioprincipios.com\\\/\",\"name\":\"Principios\",\"description\":\"Principios Diario\",\"publisher\":{\"@id\":\"https:\\\/\\\/diarioprincipios.com\\\/#organization\"},\"potentialAction\":[{\"@type\":\"SearchAction\",\"target\":{\"@type\":\"EntryPoint\",\"urlTemplate\":\"https:\\\/\\\/diarioprincipios.com\\\/?s={search_term_string}\"},\"query-input\":{\"@type\":\"PropertyValueSpecification\",\"valueRequired\":true,\"valueName\":\"search_term_string\"}}],\"inLanguage\":\"es\"},{\"@type\":\"Organization\",\"@id\":\"https:\\\/\\\/diarioprincipios.com\\\/#organization\",\"name\":\"Principios\",\"url\":\"https:\\\/\\\/diarioprincipios.com\\\/\",\"logo\":{\"@type\":\"ImageObject\",\"inLanguage\":\"es\",\"@id\":\"https:\\\/\\\/diarioprincipios.com\\\/#\\\/schema\\\/logo\\\/image\\\/\",\"url\":\"https:\\\/\\\/diarioprincipios.com\\\/wp-content\\\/uploads\\\/2024\\\/04\\\/cropped-www.diarioprincipios.com_-1.png\",\"contentUrl\":\"https:\\\/\\\/diarioprincipios.com\\\/wp-content\\\/uploads\\\/2024\\\/04\\\/cropped-www.diarioprincipios.com_-1.png\",\"width\":5325,\"height\":1454,\"caption\":\"Principios\"},\"image\":{\"@id\":\"https:\\\/\\\/diarioprincipios.com\\\/#\\\/schema\\\/logo\\\/image\\\/\"}},{\"@type\":\"Person\",\"@id\":\"https:\\\/\\\/diarioprincipios.com\\\/#\\\/schema\\\/person\\\/436d5a1fd41a5e250e23ff5a6a7cb080\",\"name\":\"Hern\u00e1n L\u00f3pez\",\"image\":{\"@type\":\"ImageObject\",\"inLanguage\":\"es\",\"@id\":\"https:\\\/\\\/diarioprincipios.com\\\/wp-content\\\/litespeed\\\/avatar\\\/11ddfe5610ff3bd100522525b2571f48.jpg?ver=1777048341\",\"url\":\"https:\\\/\\\/diarioprincipios.com\\\/wp-content\\\/litespeed\\\/avatar\\\/11ddfe5610ff3bd100522525b2571f48.jpg?ver=1777048341\",\"contentUrl\":\"https:\\\/\\\/diarioprincipios.com\\\/wp-content\\\/litespeed\\\/avatar\\\/11ddfe5610ff3bd100522525b2571f48.jpg?ver=1777048341\",\"caption\":\"Hern\u00e1n L\u00f3pez\"},\"url\":\"https:\\\/\\\/diarioprincipios.com\\\/index.php\\\/author\\\/hernan\\\/\"}]}<\/script>\n<!-- \/ Yoast SEO plugin. -->","yoast_head_json":{"title":"El Senado sesionar\u00e1 ma\u00f1ana nuevamente por videconferencia para tratar temas de la pandemia - Principios","robots":{"index":"index","follow":"follow","max-snippet":"max-snippet:-1","max-image-preview":"max-image-preview:large","max-video-preview":"max-video-preview:-1"},"canonical":"https:\/\/diarioprincipios.com\/index.php\/2020\/05\/20\/el-senado-sesionara-manana-nuevamente-por-videconferencia-para-tratar-temas-de-la-pandemia\/","og_locale":"es_ES","og_type":"article","og_title":"El Senado sesionar\u00e1 ma\u00f1ana nuevamente por videconferencia para tratar temas de la pandemia - Principios","og_description":"La C\u00e1mara de Senadores de la Naci\u00f3n sesionar\u00e1 ma\u00f1ana, por segunda vez a trav\u00e9s de videoconferencia, para debatir tres proyectos de ley que ya fueron sancionados por Diputados y que est\u00e1n referidos al reparto de beneficios fiscales para combatir la pandemia por coronavirus. La sesi\u00f3n fue convocada para las 14 y se desarrollar\u00e1 del mismo...","og_url":"https:\/\/diarioprincipios.com\/index.php\/2020\/05\/20\/el-senado-sesionara-manana-nuevamente-por-videconferencia-para-tratar-temas-de-la-pandemia\/","og_site_name":"Principios","article_published_time":"2020-05-20T18:26:50+00:00","article_modified_time":"2020-05-20T18:26:52+00:00","og_image":[{"width":960,"height":640,"url":"https:\/\/diarioprincipios.com\/wp-content\/uploads\/2020\/05\/senado.jpg","type":"image\/jpeg"}],"author":"Hern\u00e1n L\u00f3pez","twitter_card":"summary_large_image","twitter_misc":{"Escrito por":"Hern\u00e1n L\u00f3pez","Tiempo de lectura":"1 minuto"},"schema":{"@context":"https:\/\/schema.org","@graph":[{"@type":"Article","@id":"https:\/\/diarioprincipios.com\/index.php\/2020\/05\/20\/el-senado-sesionara-manana-nuevamente-por-videconferencia-para-tratar-temas-de-la-pandemia\/#article","isPartOf":{"@id":"https:\/\/diarioprincipios.com\/index.php\/2020\/05\/20\/el-senado-sesionara-manana-nuevamente-por-videconferencia-para-tratar-temas-de-la-pandemia\/"},"author":{"name":"Hern\u00e1n L\u00f3pez","@id":"https:\/\/diarioprincipios.com\/#\/schema\/person\/436d5a1fd41a5e250e23ff5a6a7cb080"},"headline":"El Senado sesionar\u00e1 ma\u00f1ana nuevamente por videconferencia para tratar temas de la pandemia","datePublished":"2020-05-20T18:26:50+00:00","dateModified":"2020-05-20T18:26:52+00:00","mainEntityOfPage":{"@id":"https:\/\/diarioprincipios.com\/index.php\/2020\/05\/20\/el-senado-sesionara-manana-nuevamente-por-videconferencia-para-tratar-temas-de-la-pandemia\/"},"wordCount":254,"commentCount":0,"publisher":{"@id":"https:\/\/diarioprincipios.com\/#organization"},"image":{"@id":"https:\/\/diarioprincipios.com\/index.php\/2020\/05\/20\/el-senado-sesionara-manana-nuevamente-por-videconferencia-para-tratar-temas-de-la-pandemia\/#primaryimage"},"thumbnailUrl":"https:\/\/diarioprincipios.com\/wp-content\/uploads\/2020\/05\/senado.jpg","articleSection":["Naci\u00f3n"],"inLanguage":"es","potentialAction":[{"@type":"CommentAction","name":"Comment","target":["https:\/\/diarioprincipios.com\/index.php\/2020\/05\/20\/el-senado-sesionara-manana-nuevamente-por-videconferencia-para-tratar-temas-de-la-pandemia\/#respond"]}]},{"@type":"WebPage","@id":"https:\/\/diarioprincipios.com\/index.php\/2020\/05\/20\/el-senado-sesionara-manana-nuevamente-por-videconferencia-para-tratar-temas-de-la-pandemia\/","url":"https:\/\/diarioprincipios.com\/index.php\/2020\/05\/20\/el-senado-sesionara-manana-nuevamente-por-videconferencia-para-tratar-temas-de-la-pandemia\/","name":"El Senado sesionar\u00e1 ma\u00f1ana nuevamente por videconferencia para tratar temas de la pandemia - Principios","isPartOf":{"@id":"https:\/\/diarioprincipios.com\/#website"},"primaryImageOfPage":{"@id":"https:\/\/diarioprincipios.com\/index.php\/2020\/05\/20\/el-senado-sesionara-manana-nuevamente-por-videconferencia-para-tratar-temas-de-la-pandemia\/#primaryimage"},"image":{"@id":"https:\/\/diarioprincipios.com\/index.php\/2020\/05\/20\/el-senado-sesionara-manana-nuevamente-por-videconferencia-para-tratar-temas-de-la-pandemia\/#primaryimage"},"thumbnailUrl":"https:\/\/diarioprincipios.com\/wp-content\/uploads\/2020\/05\/senado.jpg","datePublished":"2020-05-20T18:26:50+00:00","dateModified":"2020-05-20T18:26:52+00:00","breadcrumb":{"@id":"https:\/\/diarioprincipios.com\/index.php\/2020\/05\/20\/el-senado-sesionara-manana-nuevamente-por-videconferencia-para-tratar-temas-de-la-pandemia\/#breadcrumb"},"inLanguage":"es","potentialAction":[{"@type":"ReadAction","target":["https:\/\/diarioprincipios.com\/index.php\/2020\/05\/20\/el-senado-sesionara-manana-nuevamente-por-videconferencia-para-tratar-temas-de-la-pandemia\/"]}]},{"@type":"ImageObject","inLanguage":"es","@id":"https:\/\/diarioprincipios.com\/index.php\/2020\/05\/20\/el-senado-sesionara-manana-nuevamente-por-videconferencia-para-tratar-temas-de-la-pandemia\/#primaryimage","url":"https:\/\/diarioprincipios.com\/wp-content\/uploads\/2020\/05\/senado.jpg","contentUrl":"https:\/\/diarioprincipios.com\/wp-content\/uploads\/2020\/05\/senado.jpg","width":960,"height":640},{"@type":"BreadcrumbList","@id":"https:\/\/diarioprincipios.com\/index.php\/2020\/05\/20\/el-senado-sesionara-manana-nuevamente-por-videconferencia-para-tratar-temas-de-la-pandemia\/#breadcrumb","itemListElement":[{"@type":"ListItem","position":1,"name":"Portada","item":"https:\/\/diarioprincipios.com\/"},{"@type":"ListItem","position":2,"name":"El Senado sesionar\u00e1 ma\u00f1ana nuevamente por videconferencia para tratar temas de la pandemia"}]},{"@type":"WebSite","@id":"https:\/\/diarioprincipios.com\/#website","url":"https:\/\/diarioprincipios.com\/","name":"Principios","description":"Principios Diario","publisher":{"@id":"https:\/\/diarioprincipios.com\/#organization"},"potentialAction":[{"@type":"SearchAction","target":{"@type":"EntryPoint","urlTemplate":"https:\/\/diarioprincipios.com\/?s={search_term_string}"},"query-input":{"@type":"PropertyValueSpecification","valueRequired":true,"valueName":"search_term_string"}}],"inLanguage":"es"},{"@type":"Organization","@id":"https:\/\/diarioprincipios.com\/#organization","name":"Principios","url":"https:\/\/diarioprincipios.com\/","logo":{"@type":"ImageObject","inLanguage":"es","@id":"https:\/\/diarioprincipios.com\/#\/schema\/logo\/image\/","url":"https:\/\/diarioprincipios.com\/wp-content\/uploads\/2024\/04\/cropped-www.diarioprincipios.com_-1.png","contentUrl":"https:\/\/diarioprincipios.com\/wp-content\/uploads\/2024\/04\/cropped-www.diarioprincipios.com_-1.png","width":5325,"height":1454,"caption":"Principios"},"image":{"@id":"https:\/\/diarioprincipios.com\/#\/schema\/logo\/image\/"}},{"@type":"Person","@id":"https:\/\/diarioprincipios.com\/#\/schema\/person\/436d5a1fd41a5e250e23ff5a6a7cb080","name":"Hern\u00e1n L\u00f3pez","image":{"@type":"ImageObject","inLanguage":"es","@id":"https:\/\/diarioprincipios.com\/wp-content\/litespeed\/avatar\/11ddfe5610ff3bd100522525b2571f48.jpg?ver=1777048341","url":"https:\/\/diarioprincipios.com\/wp-content\/litespeed\/avatar\/11ddfe5610ff3bd100522525b2571f48.jpg?ver=1777048341","contentUrl":"https:\/\/diarioprincipios.com\/wp-content\/litespeed\/avatar\/11ddfe5610ff3bd100522525b2571f48.jpg?ver=1777048341","caption":"Hern\u00e1n L\u00f3pez"},"url":"https:\/\/diarioprincipios.com\/index.php\/author\/hernan\/"}]}},"jetpack_featured_media_url":"https:\/\/diarioprincipios.com\/wp-content\/uploads\/2020\/05\/senado.jpg","_links":{"self":[{"href":"https:\/\/diarioprincipios.com\/index.php\/wp-json\/wp\/v2\/posts\/1882","targetHints":{"allow":["GET"]}}],"collection":[{"href":"https:\/\/diarioprincipios.com\/index.php\/wp-json\/wp\/v2\/posts"}],"about":[{"href":"https:\/\/diarioprincipios.com\/index.php\/wp-json\/wp\/v2\/types\/post"}],"author":[{"embeddable":true,"href":"https:\/\/diarioprincipios.com\/index.php\/wp-json\/wp\/v2\/users\/2"}],"replies":[{"embeddable":true,"href":"https:\/\/diarioprincipios.com\/index.php\/wp-json\/wp\/v2\/comments?post=1882"}],"version-history":[{"count":1,"href":"https:\/\/diarioprincipios.com\/index.php\/wp-json\/wp\/v2\/posts\/1882\/revisions"}],"predecessor-version":[{"id":1884,"href":"https:\/\/diarioprincipios.com\/index.php\/wp-json\/wp\/v2\/posts\/1882\/revisions\/1884"}],"wp:featuredmedia":[{"embeddable":true,"href":"https:\/\/diarioprincipios.com\/index.php\/wp-json\/wp\/v2\/media\/1883"}],"wp:attachment":[{"href":"https:\/\/diarioprincipios.com\/index.php\/wp-json\/wp\/v2\/media?parent=1882"}],"wp:term":[{"taxonomy":"category","embeddable":true,"href":"https:\/\/diarioprincipios.com\/index.php\/wp-json\/wp\/v2\/categories?post=1882"},{"taxonomy":"post_tag","embeddable":true,"href":"https:\/\/diarioprincipios.com\/index.php\/wp-json\/wp\/v2\/tags?post=1882"}],"curies":[{"name":"wp","href":"https:\/\/api.w.org\/{rel}","templated":true}]}}