{"id":18581,"date":"2023-09-05T13:08:07","date_gmt":"2023-09-05T16:08:07","guid":{"rendered":"http:\/\/diarioprincipios.com\/?p=18581"},"modified":"2023-09-05T18:16:30","modified_gmt":"2023-09-05T21:16:30","slug":"abuelos-de-un-hogar-de-ancianos-exponen-con-felicidad-y-orgullo-sus-pinturas","status":"publish","type":"post","link":"https:\/\/diarioprincipios.com\/index.php\/2023\/09\/05\/abuelos-de-un-hogar-de-ancianos-exponen-con-felicidad-y-orgullo-sus-pinturas\/","title":{"rendered":"Abuelos de un Hogar de Ancianos exponen con felicidad y orgullo sus pinturas"},"content":{"rendered":"\n<p><strong><em>Gran proyecto art\u00edstico y humano de la profesora Fabiola Deodato.<\/em><\/strong><\/p>\n\n\n\n<p>\u00abYa viste nuestras pinturas en el pasillo\u00bb, con esa frase y una amplia sonrisa reciben a sus visitantes las abuelas y abuelos del Hogar Modelo Quilmes.&nbsp; Todas las semanas los integrantes de este hogar de ancianos tienen clases con la profesora de artes visuales y pl\u00e1stica Fabiola Deodato, quien los anim\u00f3 a participar de esta propuesta sin saber hasta que punto animar\u00eda a los abuelos que no paran de hablar de ello aguardando cada clase con profundo entusiasmo.&nbsp;<\/p>\n\n\n\n<figure class=\"wp-block-image size-large\"><img loading=\"lazy\" decoding=\"async\" width=\"1024\" height=\"1024\" src=\"https:\/\/diarioprincipios.com\/wp-content\/uploads\/2023\/09\/IMG_20230413_1606202-1024x1024.jpg\" alt=\"\" class=\"wp-image-18582\" srcset=\"https:\/\/diarioprincipios.com\/wp-content\/uploads\/2023\/09\/IMG_20230413_1606202-1024x1024.jpg 1024w, https:\/\/diarioprincipios.com\/wp-content\/uploads\/2023\/09\/IMG_20230413_1606202-300x300.jpg 300w, https:\/\/diarioprincipios.com\/wp-content\/uploads\/2023\/09\/IMG_20230413_1606202-150x150.jpg 150w, https:\/\/diarioprincipios.com\/wp-content\/uploads\/2023\/09\/IMG_20230413_1606202-768x768.jpg 768w, https:\/\/diarioprincipios.com\/wp-content\/uploads\/2023\/09\/IMG_20230413_1606202-1536x1536.jpg 1536w, https:\/\/diarioprincipios.com\/wp-content\/uploads\/2023\/09\/IMG_20230413_1606202.jpg 1681w\" sizes=\"auto, (max-width: 1024px) 100vw, 1024px\" \/><\/figure>\n\n\n\n<figure class=\"wp-block-image size-large\"><img loading=\"lazy\" decoding=\"async\" width=\"1024\" height=\"808\" src=\"https:\/\/diarioprincipios.com\/wp-content\/uploads\/2023\/09\/IMG_20230830_1711382-1024x808.jpg\" alt=\"\" class=\"wp-image-18583\" srcset=\"https:\/\/diarioprincipios.com\/wp-content\/uploads\/2023\/09\/IMG_20230830_1711382-1024x808.jpg 1024w, https:\/\/diarioprincipios.com\/wp-content\/uploads\/2023\/09\/IMG_20230830_1711382-300x237.jpg 300w, https:\/\/diarioprincipios.com\/wp-content\/uploads\/2023\/09\/IMG_20230830_1711382-768x606.jpg 768w, https:\/\/diarioprincipios.com\/wp-content\/uploads\/2023\/09\/IMG_20230830_1711382-1536x1212.jpg 1536w, https:\/\/diarioprincipios.com\/wp-content\/uploads\/2023\/09\/IMG_20230830_1711382-2048x1616.jpg 2048w\" sizes=\"auto, (max-width: 1024px) 100vw, 1024px\" \/><\/figure>\n\n\n\n<p>\u00abSiempre cre\u00ed que el arte cura, ayuda, sana\u2026.\u00bb, afirma Fabiola, cont\u00e1ndo luego que \u00abA finales del a\u00f1o 2022 mi madre Antonia se mud\u00f3 a un nuevo espacio, su nuevo hogar, lo cual no fue una decisi\u00f3n f\u00e1cil de tomar como familia , hab\u00edamos llegado al momento donde nuestros padres necesitan de una atenci\u00f3n personal las 24 horas y es as\u00ed como llegamos hasta el Hogar Modelo Quilmes. Nuestro primer mes no fue f\u00e1cil ,nos result\u00f3 dif\u00edcil aceptar la situaci\u00f3n\u00a0 pero a medida que iban transcurriendo los d\u00edas\u00a0 todo se fue acomodando y nos dimos cuenta que fue una buena decisi\u00f3n la que hab\u00edamos tomado como familia. Con el correr de los d\u00edas nos acostumbramos a esta nueva etapa de la vida, las visitas al hogar,\u00a0 el conocer a los familiares de los abuelos, conocer a los abuelos, al personal, y as\u00ed\u00a0 se logr\u00f3 armar un lindo y c\u00e1lido grupo donde se comparten charlas, meriendas, y es dentro de este contexto donde se me ocurri\u00f3 armar un Taller de Arte\u00bb.<\/p>\n\n\n\n<figure class=\"wp-block-image size-large\"><img loading=\"lazy\" decoding=\"async\" width=\"1024\" height=\"507\" src=\"https:\/\/diarioprincipios.com\/wp-content\/uploads\/2023\/09\/IMG_20230802_1703523-1024x507.jpg\" alt=\"\" class=\"wp-image-18584\" srcset=\"https:\/\/diarioprincipios.com\/wp-content\/uploads\/2023\/09\/IMG_20230802_1703523-1024x507.jpg 1024w, https:\/\/diarioprincipios.com\/wp-content\/uploads\/2023\/09\/IMG_20230802_1703523-300x149.jpg 300w, https:\/\/diarioprincipios.com\/wp-content\/uploads\/2023\/09\/IMG_20230802_1703523-768x380.jpg 768w, https:\/\/diarioprincipios.com\/wp-content\/uploads\/2023\/09\/IMG_20230802_1703523-1536x760.jpg 1536w, https:\/\/diarioprincipios.com\/wp-content\/uploads\/2023\/09\/IMG_20230802_1703523-2048x1014.jpg 2048w\" sizes=\"auto, (max-width: 1024px) 100vw, 1024px\" \/><\/figure>\n\n\n\n<figure class=\"wp-block-image size-large\"><img loading=\"lazy\" decoding=\"async\" width=\"668\" height=\"1024\" src=\"https:\/\/diarioprincipios.com\/wp-content\/uploads\/2023\/09\/IMG_20230830_1712052-668x1024.jpg\" alt=\"\" class=\"wp-image-18585\" srcset=\"https:\/\/diarioprincipios.com\/wp-content\/uploads\/2023\/09\/IMG_20230830_1712052-668x1024.jpg 668w, https:\/\/diarioprincipios.com\/wp-content\/uploads\/2023\/09\/IMG_20230830_1712052-196x300.jpg 196w, https:\/\/diarioprincipios.com\/wp-content\/uploads\/2023\/09\/IMG_20230830_1712052-768x1178.jpg 768w, https:\/\/diarioprincipios.com\/wp-content\/uploads\/2023\/09\/IMG_20230830_1712052-1001x1536.jpg 1001w, https:\/\/diarioprincipios.com\/wp-content\/uploads\/2023\/09\/IMG_20230830_1712052-1335x2048.jpg 1335w, https:\/\/diarioprincipios.com\/wp-content\/uploads\/2023\/09\/IMG_20230830_1712052-scaled.jpg 1669w\" sizes=\"auto, (max-width: 668px) 100vw, 668px\" \/><\/figure>\n\n\n\n<p>Relat\u00f3 adem\u00e1s que \u00abLe propuse al due\u00f1o del Hogar (Brian) esta idea que acept\u00f3 inmediatamente. Al principio con actividades muy sencillas, pero al notar inter\u00e9s y ganas de parte de los abuelos fu\u00ed incorporando distintas propuestas art\u00edsticas, t\u00e9cnicas, y les propuse conocer a pintores,&nbsp; los cuales nos inspiran clase a clase\u00bb.<\/p>\n\n\n\n<figure class=\"wp-block-image size-large\"><img loading=\"lazy\" decoding=\"async\" width=\"694\" height=\"1024\" src=\"https:\/\/diarioprincipios.com\/wp-content\/uploads\/2023\/09\/IMG_20230830_1712362-694x1024.jpg\" alt=\"\" class=\"wp-image-18586\" srcset=\"https:\/\/diarioprincipios.com\/wp-content\/uploads\/2023\/09\/IMG_20230830_1712362-694x1024.jpg 694w, https:\/\/diarioprincipios.com\/wp-content\/uploads\/2023\/09\/IMG_20230830_1712362-203x300.jpg 203w, https:\/\/diarioprincipios.com\/wp-content\/uploads\/2023\/09\/IMG_20230830_1712362-768x1134.jpg 768w, https:\/\/diarioprincipios.com\/wp-content\/uploads\/2023\/09\/IMG_20230830_1712362-1040x1536.jpg 1040w, https:\/\/diarioprincipios.com\/wp-content\/uploads\/2023\/09\/IMG_20230830_1712362-1387x2048.jpg 1387w, https:\/\/diarioprincipios.com\/wp-content\/uploads\/2023\/09\/IMG_20230830_1712362-scaled.jpg 1734w\" sizes=\"auto, (max-width: 694px) 100vw, 694px\" \/><\/figure>\n\n\n\n<figure class=\"wp-block-image size-large\"><img loading=\"lazy\" decoding=\"async\" width=\"1008\" height=\"1024\" src=\"https:\/\/diarioprincipios.com\/wp-content\/uploads\/2023\/09\/IMG_20230830_1713162-1008x1024.jpg\" alt=\"\" class=\"wp-image-18587\" srcset=\"https:\/\/diarioprincipios.com\/wp-content\/uploads\/2023\/09\/IMG_20230830_1713162-1008x1024.jpg 1008w, https:\/\/diarioprincipios.com\/wp-content\/uploads\/2023\/09\/IMG_20230830_1713162-295x300.jpg 295w, https:\/\/diarioprincipios.com\/wp-content\/uploads\/2023\/09\/IMG_20230830_1713162-768x780.jpg 768w, https:\/\/diarioprincipios.com\/wp-content\/uploads\/2023\/09\/IMG_20230830_1713162-1513x1536.jpg 1513w, https:\/\/diarioprincipios.com\/wp-content\/uploads\/2023\/09\/IMG_20230830_1713162-2017x2048.jpg 2017w\" sizes=\"auto, (max-width: 1008px) 100vw, 1008px\" \/><\/figure>\n\n\n\n<p>As\u00ed llegar\u00eda lo que hoy es orgullo de los abuelos:&nbsp; \u00abLuego de mucho trabajo logramos armar una Exposici\u00f3n Permanente en los pasillos del Hogar. Al ver el orgullo y felicidad que sienten ellos al ver sus trabajos expuestos sent\u00ed que el objetivo inicial se hab\u00eda logrado\u00bb.<\/p>\n\n\n\n<figure class=\"wp-block-image size-large\"><img loading=\"lazy\" decoding=\"async\" width=\"994\" height=\"1024\" src=\"https:\/\/diarioprincipios.com\/wp-content\/uploads\/2023\/09\/IMG_20230601_1615063-994x1024.jpg\" alt=\"\" class=\"wp-image-18588\" srcset=\"https:\/\/diarioprincipios.com\/wp-content\/uploads\/2023\/09\/IMG_20230601_1615063-994x1024.jpg 994w, https:\/\/diarioprincipios.com\/wp-content\/uploads\/2023\/09\/IMG_20230601_1615063-291x300.jpg 291w, https:\/\/diarioprincipios.com\/wp-content\/uploads\/2023\/09\/IMG_20230601_1615063-768x791.jpg 768w, https:\/\/diarioprincipios.com\/wp-content\/uploads\/2023\/09\/IMG_20230601_1615063-1492x1536.jpg 1492w, https:\/\/diarioprincipios.com\/wp-content\/uploads\/2023\/09\/IMG_20230601_1615063-1989x2048.jpg 1989w\" sizes=\"auto, (max-width: 994px) 100vw, 994px\" \/><\/figure>\n\n\n\n<figure class=\"wp-block-image size-large\"><img loading=\"lazy\" decoding=\"async\" width=\"742\" height=\"1024\" src=\"https:\/\/diarioprincipios.com\/wp-content\/uploads\/2023\/09\/IMG_20230830_1713192-742x1024.jpg\" alt=\"\" class=\"wp-image-18590\" srcset=\"https:\/\/diarioprincipios.com\/wp-content\/uploads\/2023\/09\/IMG_20230830_1713192-742x1024.jpg 742w, https:\/\/diarioprincipios.com\/wp-content\/uploads\/2023\/09\/IMG_20230830_1713192-218x300.jpg 218w, https:\/\/diarioprincipios.com\/wp-content\/uploads\/2023\/09\/IMG_20230830_1713192-768x1059.jpg 768w, https:\/\/diarioprincipios.com\/wp-content\/uploads\/2023\/09\/IMG_20230830_1713192-1114x1536.jpg 1114w, https:\/\/diarioprincipios.com\/wp-content\/uploads\/2023\/09\/IMG_20230830_1713192-1485x2048.jpg 1485w, https:\/\/diarioprincipios.com\/wp-content\/uploads\/2023\/09\/IMG_20230830_1713192-scaled.jpg 1856w\" sizes=\"auto, (max-width: 742px) 100vw, 742px\" \/><\/figure>\n\n\n\n<p>En las fotos se puede observar que los trabajos fueron inspirados en distintos artistas como Picasso, Klimt, Van Gogh, Monet y Severi.&nbsp; \u00abLa observaci\u00f3n de la naturaleza tambi\u00e9n nos ha inspirado, seguiremos descubriendo y disfrutando del arte\u00bb, promete Fabiola, quien aprovech\u00f3 la oportunidad para agradecer \u00bb a Brian por haber confiado en este proyecto y tambi\u00e9n al personal del Hogar que con mucha dedicaci\u00f3n y trabajo cuidan de nuestros padres\u00bb.<\/p>\n\n\n\n<figure class=\"wp-block-image size-large\"><img loading=\"lazy\" decoding=\"async\" width=\"716\" height=\"1024\" src=\"https:\/\/diarioprincipios.com\/wp-content\/uploads\/2023\/09\/IMG_20230830_1713232-716x1024.jpg\" alt=\"\" class=\"wp-image-18591\" srcset=\"https:\/\/diarioprincipios.com\/wp-content\/uploads\/2023\/09\/IMG_20230830_1713232-716x1024.jpg 716w, https:\/\/diarioprincipios.com\/wp-content\/uploads\/2023\/09\/IMG_20230830_1713232-210x300.jpg 210w, https:\/\/diarioprincipios.com\/wp-content\/uploads\/2023\/09\/IMG_20230830_1713232-768x1099.jpg 768w, https:\/\/diarioprincipios.com\/wp-content\/uploads\/2023\/09\/IMG_20230830_1713232-1074x1536.jpg 1074w, https:\/\/diarioprincipios.com\/wp-content\/uploads\/2023\/09\/IMG_20230830_1713232-1431x2048.jpg 1431w, https:\/\/diarioprincipios.com\/wp-content\/uploads\/2023\/09\/IMG_20230830_1713232-scaled.jpg 1789w\" sizes=\"auto, (max-width: 716px) 100vw, 716px\" \/><\/figure>\n\n\n\n<figure class=\"wp-block-image size-large\"><img loading=\"lazy\" decoding=\"async\" width=\"1024\" height=\"646\" src=\"https:\/\/diarioprincipios.com\/wp-content\/uploads\/2023\/09\/IMG_20230830_1713562-1024x646.jpg\" alt=\"\" class=\"wp-image-18592\" srcset=\"https:\/\/diarioprincipios.com\/wp-content\/uploads\/2023\/09\/IMG_20230830_1713562-1024x646.jpg 1024w, https:\/\/diarioprincipios.com\/wp-content\/uploads\/2023\/09\/IMG_20230830_1713562-300x189.jpg 300w, https:\/\/diarioprincipios.com\/wp-content\/uploads\/2023\/09\/IMG_20230830_1713562-768x485.jpg 768w, https:\/\/diarioprincipios.com\/wp-content\/uploads\/2023\/09\/IMG_20230830_1713562-1536x970.jpg 1536w, https:\/\/diarioprincipios.com\/wp-content\/uploads\/2023\/09\/IMG_20230830_1713562-2048x1293.jpg 2048w\" sizes=\"auto, (max-width: 1024px) 100vw, 1024px\" \/><\/figure>\n","protected":false},"excerpt":{"rendered":"<p>Gran proyecto art\u00edstico y humano de la profesora Fabiola Deodato. \u00abYa viste nuestras pinturas en el pasillo\u00bb, con esa frase y una amplia sonrisa reciben a sus visitantes las abuelas y abuelos del Hogar Modelo Quilmes.&nbsp; Todas las semanas los integrantes de este hogar de ancianos tienen clases con la profesora de artes visuales y&#8230;<\/p>\n","protected":false},"author":2,"featured_media":18589,"comment_status":"open","ping_status":"open","sticky":false,"template":"","format":"standard","meta":{"footnotes":""},"categories":[4],"tags":[],"class_list":["post-18581","post","type-post","status-publish","format-standard","has-post-thumbnail","hentry","category-quilmes"],"featured_image_src":"https:\/\/diarioprincipios.com\/wp-content\/uploads\/2023\/09\/IMG_20230807_1747293-563x1024.jpg","blog_images":{"medium":"https:\/\/diarioprincipios.com\/wp-content\/uploads\/2023\/09\/IMG_20230807_1747293-165x300.jpg","large":"https:\/\/diarioprincipios.com\/wp-content\/uploads\/2023\/09\/IMG_20230807_1747293-563x1024.jpg"},"ams_acf":[],"yoast_head":"<!-- This site is optimized with the Yoast SEO plugin v27.3 - https:\/\/yoast.com\/product\/yoast-seo-wordpress\/ -->\n<title>Abuelos de un Hogar de Ancianos exponen con felicidad y orgullo sus pinturas - Principios<\/title>\n<meta name=\"robots\" content=\"index, follow, max-snippet:-1, max-image-preview:large, max-video-preview:-1\" \/>\n<link rel=\"canonical\" href=\"https:\/\/diarioprincipios.com\/index.php\/2023\/09\/05\/abuelos-de-un-hogar-de-ancianos-exponen-con-felicidad-y-orgullo-sus-pinturas\/\" \/>\n<meta property=\"og:locale\" content=\"es_ES\" \/>\n<meta property=\"og:type\" content=\"article\" \/>\n<meta property=\"og:title\" content=\"Abuelos de un Hogar de Ancianos exponen con felicidad y orgullo sus pinturas - Principios\" \/>\n<meta property=\"og:description\" content=\"Gran proyecto art\u00edstico y humano de la profesora Fabiola Deodato. \u00abYa viste nuestras pinturas en el pasillo\u00bb, con esa frase y una amplia sonrisa reciben a sus visitantes las abuelas y abuelos del Hogar Modelo Quilmes.&nbsp; Todas las semanas los integrantes de este hogar de ancianos tienen clases con la profesora de artes visuales y...\" \/>\n<meta property=\"og:url\" content=\"https:\/\/diarioprincipios.com\/index.php\/2023\/09\/05\/abuelos-de-un-hogar-de-ancianos-exponen-con-felicidad-y-orgullo-sus-pinturas\/\" \/>\n<meta property=\"og:site_name\" content=\"Principios\" \/>\n<meta property=\"article:published_time\" content=\"2023-09-05T16:08:07+00:00\" \/>\n<meta property=\"article:modified_time\" content=\"2023-09-05T21:16:30+00:00\" \/>\n<meta property=\"og:image\" content=\"https:\/\/diarioprincipios.com\/wp-content\/uploads\/2023\/09\/IMG_20230807_1747293-scaled.jpg\" \/>\n\t<meta property=\"og:image:width\" content=\"1408\" \/>\n\t<meta property=\"og:image:height\" content=\"2560\" \/>\n\t<meta property=\"og:image:type\" content=\"image\/jpeg\" \/>\n<meta name=\"author\" content=\"Hern\u00e1n L\u00f3pez\" \/>\n<meta name=\"twitter:card\" content=\"summary_large_image\" \/>\n<meta name=\"twitter:label1\" content=\"Escrito por\" \/>\n\t<meta name=\"twitter:data1\" content=\"Hern\u00e1n L\u00f3pez\" \/>\n\t<meta name=\"twitter:label2\" content=\"Tiempo de lectura\" \/>\n\t<meta name=\"twitter:data2\" content=\"4 minutos\" \/>\n<script type=\"application\/ld+json\" class=\"yoast-schema-graph\">{\"@context\":\"https:\\\/\\\/schema.org\",\"@graph\":[{\"@type\":\"Article\",\"@id\":\"https:\\\/\\\/diarioprincipios.com\\\/index.php\\\/2023\\\/09\\\/05\\\/abuelos-de-un-hogar-de-ancianos-exponen-con-felicidad-y-orgullo-sus-pinturas\\\/#article\",\"isPartOf\":{\"@id\":\"https:\\\/\\\/diarioprincipios.com\\\/index.php\\\/2023\\\/09\\\/05\\\/abuelos-de-un-hogar-de-ancianos-exponen-con-felicidad-y-orgullo-sus-pinturas\\\/\"},\"author\":{\"name\":\"Hern\u00e1n L\u00f3pez\",\"@id\":\"https:\\\/\\\/diarioprincipios.com\\\/#\\\/schema\\\/person\\\/436d5a1fd41a5e250e23ff5a6a7cb080\"},\"headline\":\"Abuelos de un Hogar de Ancianos exponen con felicidad y orgullo sus pinturas\",\"datePublished\":\"2023-09-05T16:08:07+00:00\",\"dateModified\":\"2023-09-05T21:16:30+00:00\",\"mainEntityOfPage\":{\"@id\":\"https:\\\/\\\/diarioprincipios.com\\\/index.php\\\/2023\\\/09\\\/05\\\/abuelos-de-un-hogar-de-ancianos-exponen-con-felicidad-y-orgullo-sus-pinturas\\\/\"},\"wordCount\":467,\"commentCount\":0,\"publisher\":{\"@id\":\"https:\\\/\\\/diarioprincipios.com\\\/#organization\"},\"image\":{\"@id\":\"https:\\\/\\\/diarioprincipios.com\\\/index.php\\\/2023\\\/09\\\/05\\\/abuelos-de-un-hogar-de-ancianos-exponen-con-felicidad-y-orgullo-sus-pinturas\\\/#primaryimage\"},\"thumbnailUrl\":\"https:\\\/\\\/diarioprincipios.com\\\/wp-content\\\/uploads\\\/2023\\\/09\\\/IMG_20230807_1747293-scaled.jpg\",\"articleSection\":[\"Quilmes\"],\"inLanguage\":\"es\",\"potentialAction\":[{\"@type\":\"CommentAction\",\"name\":\"Comment\",\"target\":[\"https:\\\/\\\/diarioprincipios.com\\\/index.php\\\/2023\\\/09\\\/05\\\/abuelos-de-un-hogar-de-ancianos-exponen-con-felicidad-y-orgullo-sus-pinturas\\\/#respond\"]}]},{\"@type\":\"WebPage\",\"@id\":\"https:\\\/\\\/diarioprincipios.com\\\/index.php\\\/2023\\\/09\\\/05\\\/abuelos-de-un-hogar-de-ancianos-exponen-con-felicidad-y-orgullo-sus-pinturas\\\/\",\"url\":\"https:\\\/\\\/diarioprincipios.com\\\/index.php\\\/2023\\\/09\\\/05\\\/abuelos-de-un-hogar-de-ancianos-exponen-con-felicidad-y-orgullo-sus-pinturas\\\/\",\"name\":\"Abuelos de un Hogar de Ancianos exponen con felicidad y orgullo sus pinturas - Principios\",\"isPartOf\":{\"@id\":\"https:\\\/\\\/diarioprincipios.com\\\/#website\"},\"primaryImageOfPage\":{\"@id\":\"https:\\\/\\\/diarioprincipios.com\\\/index.php\\\/2023\\\/09\\\/05\\\/abuelos-de-un-hogar-de-ancianos-exponen-con-felicidad-y-orgullo-sus-pinturas\\\/#primaryimage\"},\"image\":{\"@id\":\"https:\\\/\\\/diarioprincipios.com\\\/index.php\\\/2023\\\/09\\\/05\\\/abuelos-de-un-hogar-de-ancianos-exponen-con-felicidad-y-orgullo-sus-pinturas\\\/#primaryimage\"},\"thumbnailUrl\":\"https:\\\/\\\/diarioprincipios.com\\\/wp-content\\\/uploads\\\/2023\\\/09\\\/IMG_20230807_1747293-scaled.jpg\",\"datePublished\":\"2023-09-05T16:08:07+00:00\",\"dateModified\":\"2023-09-05T21:16:30+00:00\",\"breadcrumb\":{\"@id\":\"https:\\\/\\\/diarioprincipios.com\\\/index.php\\\/2023\\\/09\\\/05\\\/abuelos-de-un-hogar-de-ancianos-exponen-con-felicidad-y-orgullo-sus-pinturas\\\/#breadcrumb\"},\"inLanguage\":\"es\",\"potentialAction\":[{\"@type\":\"ReadAction\",\"target\":[\"https:\\\/\\\/diarioprincipios.com\\\/index.php\\\/2023\\\/09\\\/05\\\/abuelos-de-un-hogar-de-ancianos-exponen-con-felicidad-y-orgullo-sus-pinturas\\\/\"]}]},{\"@type\":\"ImageObject\",\"inLanguage\":\"es\",\"@id\":\"https:\\\/\\\/diarioprincipios.com\\\/index.php\\\/2023\\\/09\\\/05\\\/abuelos-de-un-hogar-de-ancianos-exponen-con-felicidad-y-orgullo-sus-pinturas\\\/#primaryimage\",\"url\":\"https:\\\/\\\/diarioprincipios.com\\\/wp-content\\\/uploads\\\/2023\\\/09\\\/IMG_20230807_1747293-scaled.jpg\",\"contentUrl\":\"https:\\\/\\\/diarioprincipios.com\\\/wp-content\\\/uploads\\\/2023\\\/09\\\/IMG_20230807_1747293-scaled.jpg\",\"width\":1408,\"height\":2560},{\"@type\":\"BreadcrumbList\",\"@id\":\"https:\\\/\\\/diarioprincipios.com\\\/index.php\\\/2023\\\/09\\\/05\\\/abuelos-de-un-hogar-de-ancianos-exponen-con-felicidad-y-orgullo-sus-pinturas\\\/#breadcrumb\",\"itemListElement\":[{\"@type\":\"ListItem\",\"position\":1,\"name\":\"Portada\",\"item\":\"https:\\\/\\\/diarioprincipios.com\\\/\"},{\"@type\":\"ListItem\",\"position\":2,\"name\":\"Abuelos de un Hogar de Ancianos exponen con felicidad y orgullo sus pinturas\"}]},{\"@type\":\"WebSite\",\"@id\":\"https:\\\/\\\/diarioprincipios.com\\\/#website\",\"url\":\"https:\\\/\\\/diarioprincipios.com\\\/\",\"name\":\"Principios\",\"description\":\"Principios Diario\",\"publisher\":{\"@id\":\"https:\\\/\\\/diarioprincipios.com\\\/#organization\"},\"potentialAction\":[{\"@type\":\"SearchAction\",\"target\":{\"@type\":\"EntryPoint\",\"urlTemplate\":\"https:\\\/\\\/diarioprincipios.com\\\/?s={search_term_string}\"},\"query-input\":{\"@type\":\"PropertyValueSpecification\",\"valueRequired\":true,\"valueName\":\"search_term_string\"}}],\"inLanguage\":\"es\"},{\"@type\":\"Organization\",\"@id\":\"https:\\\/\\\/diarioprincipios.com\\\/#organization\",\"name\":\"Principios\",\"url\":\"https:\\\/\\\/diarioprincipios.com\\\/\",\"logo\":{\"@type\":\"ImageObject\",\"inLanguage\":\"es\",\"@id\":\"https:\\\/\\\/diarioprincipios.com\\\/#\\\/schema\\\/logo\\\/image\\\/\",\"url\":\"https:\\\/\\\/diarioprincipios.com\\\/wp-content\\\/uploads\\\/2024\\\/04\\\/cropped-www.diarioprincipios.com_-1.png\",\"contentUrl\":\"https:\\\/\\\/diarioprincipios.com\\\/wp-content\\\/uploads\\\/2024\\\/04\\\/cropped-www.diarioprincipios.com_-1.png\",\"width\":5325,\"height\":1454,\"caption\":\"Principios\"},\"image\":{\"@id\":\"https:\\\/\\\/diarioprincipios.com\\\/#\\\/schema\\\/logo\\\/image\\\/\"}},{\"@type\":\"Person\",\"@id\":\"https:\\\/\\\/diarioprincipios.com\\\/#\\\/schema\\\/person\\\/436d5a1fd41a5e250e23ff5a6a7cb080\",\"name\":\"Hern\u00e1n L\u00f3pez\",\"image\":{\"@type\":\"ImageObject\",\"inLanguage\":\"es\",\"@id\":\"https:\\\/\\\/diarioprincipios.com\\\/wp-content\\\/litespeed\\\/avatar\\\/11ddfe5610ff3bd100522525b2571f48.jpg?ver=1777653193\",\"url\":\"https:\\\/\\\/diarioprincipios.com\\\/wp-content\\\/litespeed\\\/avatar\\\/11ddfe5610ff3bd100522525b2571f48.jpg?ver=1777653193\",\"contentUrl\":\"https:\\\/\\\/diarioprincipios.com\\\/wp-content\\\/litespeed\\\/avatar\\\/11ddfe5610ff3bd100522525b2571f48.jpg?ver=1777653193\",\"caption\":\"Hern\u00e1n L\u00f3pez\"},\"url\":\"https:\\\/\\\/diarioprincipios.com\\\/index.php\\\/author\\\/hernan\\\/\"}]}<\/script>\n<!-- \/ Yoast SEO plugin. -->","yoast_head_json":{"title":"Abuelos de un Hogar de Ancianos exponen con felicidad y orgullo sus pinturas - Principios","robots":{"index":"index","follow":"follow","max-snippet":"max-snippet:-1","max-image-preview":"max-image-preview:large","max-video-preview":"max-video-preview:-1"},"canonical":"https:\/\/diarioprincipios.com\/index.php\/2023\/09\/05\/abuelos-de-un-hogar-de-ancianos-exponen-con-felicidad-y-orgullo-sus-pinturas\/","og_locale":"es_ES","og_type":"article","og_title":"Abuelos de un Hogar de Ancianos exponen con felicidad y orgullo sus pinturas - Principios","og_description":"Gran proyecto art\u00edstico y humano de la profesora Fabiola Deodato. \u00abYa viste nuestras pinturas en el pasillo\u00bb, con esa frase y una amplia sonrisa reciben a sus visitantes las abuelas y abuelos del Hogar Modelo Quilmes.&nbsp; Todas las semanas los integrantes de este hogar de ancianos tienen clases con la profesora de artes visuales y...","og_url":"https:\/\/diarioprincipios.com\/index.php\/2023\/09\/05\/abuelos-de-un-hogar-de-ancianos-exponen-con-felicidad-y-orgullo-sus-pinturas\/","og_site_name":"Principios","article_published_time":"2023-09-05T16:08:07+00:00","article_modified_time":"2023-09-05T21:16:30+00:00","og_image":[{"width":1408,"height":2560,"url":"https:\/\/diarioprincipios.com\/wp-content\/uploads\/2023\/09\/IMG_20230807_1747293-scaled.jpg","type":"image\/jpeg"}],"author":"Hern\u00e1n L\u00f3pez","twitter_card":"summary_large_image","twitter_misc":{"Escrito por":"Hern\u00e1n L\u00f3pez","Tiempo de lectura":"4 minutos"},"schema":{"@context":"https:\/\/schema.org","@graph":[{"@type":"Article","@id":"https:\/\/diarioprincipios.com\/index.php\/2023\/09\/05\/abuelos-de-un-hogar-de-ancianos-exponen-con-felicidad-y-orgullo-sus-pinturas\/#article","isPartOf":{"@id":"https:\/\/diarioprincipios.com\/index.php\/2023\/09\/05\/abuelos-de-un-hogar-de-ancianos-exponen-con-felicidad-y-orgullo-sus-pinturas\/"},"author":{"name":"Hern\u00e1n L\u00f3pez","@id":"https:\/\/diarioprincipios.com\/#\/schema\/person\/436d5a1fd41a5e250e23ff5a6a7cb080"},"headline":"Abuelos de un Hogar de Ancianos exponen con felicidad y orgullo sus pinturas","datePublished":"2023-09-05T16:08:07+00:00","dateModified":"2023-09-05T21:16:30+00:00","mainEntityOfPage":{"@id":"https:\/\/diarioprincipios.com\/index.php\/2023\/09\/05\/abuelos-de-un-hogar-de-ancianos-exponen-con-felicidad-y-orgullo-sus-pinturas\/"},"wordCount":467,"commentCount":0,"publisher":{"@id":"https:\/\/diarioprincipios.com\/#organization"},"image":{"@id":"https:\/\/diarioprincipios.com\/index.php\/2023\/09\/05\/abuelos-de-un-hogar-de-ancianos-exponen-con-felicidad-y-orgullo-sus-pinturas\/#primaryimage"},"thumbnailUrl":"https:\/\/diarioprincipios.com\/wp-content\/uploads\/2023\/09\/IMG_20230807_1747293-scaled.jpg","articleSection":["Quilmes"],"inLanguage":"es","potentialAction":[{"@type":"CommentAction","name":"Comment","target":["https:\/\/diarioprincipios.com\/index.php\/2023\/09\/05\/abuelos-de-un-hogar-de-ancianos-exponen-con-felicidad-y-orgullo-sus-pinturas\/#respond"]}]},{"@type":"WebPage","@id":"https:\/\/diarioprincipios.com\/index.php\/2023\/09\/05\/abuelos-de-un-hogar-de-ancianos-exponen-con-felicidad-y-orgullo-sus-pinturas\/","url":"https:\/\/diarioprincipios.com\/index.php\/2023\/09\/05\/abuelos-de-un-hogar-de-ancianos-exponen-con-felicidad-y-orgullo-sus-pinturas\/","name":"Abuelos de un Hogar de Ancianos exponen con felicidad y orgullo sus pinturas - Principios","isPartOf":{"@id":"https:\/\/diarioprincipios.com\/#website"},"primaryImageOfPage":{"@id":"https:\/\/diarioprincipios.com\/index.php\/2023\/09\/05\/abuelos-de-un-hogar-de-ancianos-exponen-con-felicidad-y-orgullo-sus-pinturas\/#primaryimage"},"image":{"@id":"https:\/\/diarioprincipios.com\/index.php\/2023\/09\/05\/abuelos-de-un-hogar-de-ancianos-exponen-con-felicidad-y-orgullo-sus-pinturas\/#primaryimage"},"thumbnailUrl":"https:\/\/diarioprincipios.com\/wp-content\/uploads\/2023\/09\/IMG_20230807_1747293-scaled.jpg","datePublished":"2023-09-05T16:08:07+00:00","dateModified":"2023-09-05T21:16:30+00:00","breadcrumb":{"@id":"https:\/\/diarioprincipios.com\/index.php\/2023\/09\/05\/abuelos-de-un-hogar-de-ancianos-exponen-con-felicidad-y-orgullo-sus-pinturas\/#breadcrumb"},"inLanguage":"es","potentialAction":[{"@type":"ReadAction","target":["https:\/\/diarioprincipios.com\/index.php\/2023\/09\/05\/abuelos-de-un-hogar-de-ancianos-exponen-con-felicidad-y-orgullo-sus-pinturas\/"]}]},{"@type":"ImageObject","inLanguage":"es","@id":"https:\/\/diarioprincipios.com\/index.php\/2023\/09\/05\/abuelos-de-un-hogar-de-ancianos-exponen-con-felicidad-y-orgullo-sus-pinturas\/#primaryimage","url":"https:\/\/diarioprincipios.com\/wp-content\/uploads\/2023\/09\/IMG_20230807_1747293-scaled.jpg","contentUrl":"https:\/\/diarioprincipios.com\/wp-content\/uploads\/2023\/09\/IMG_20230807_1747293-scaled.jpg","width":1408,"height":2560},{"@type":"BreadcrumbList","@id":"https:\/\/diarioprincipios.com\/index.php\/2023\/09\/05\/abuelos-de-un-hogar-de-ancianos-exponen-con-felicidad-y-orgullo-sus-pinturas\/#breadcrumb","itemListElement":[{"@type":"ListItem","position":1,"name":"Portada","item":"https:\/\/diarioprincipios.com\/"},{"@type":"ListItem","position":2,"name":"Abuelos de un Hogar de Ancianos exponen con felicidad y orgullo sus pinturas"}]},{"@type":"WebSite","@id":"https:\/\/diarioprincipios.com\/#website","url":"https:\/\/diarioprincipios.com\/","name":"Principios","description":"Principios Diario","publisher":{"@id":"https:\/\/diarioprincipios.com\/#organization"},"potentialAction":[{"@type":"SearchAction","target":{"@type":"EntryPoint","urlTemplate":"https:\/\/diarioprincipios.com\/?s={search_term_string}"},"query-input":{"@type":"PropertyValueSpecification","valueRequired":true,"valueName":"search_term_string"}}],"inLanguage":"es"},{"@type":"Organization","@id":"https:\/\/diarioprincipios.com\/#organization","name":"Principios","url":"https:\/\/diarioprincipios.com\/","logo":{"@type":"ImageObject","inLanguage":"es","@id":"https:\/\/diarioprincipios.com\/#\/schema\/logo\/image\/","url":"https:\/\/diarioprincipios.com\/wp-content\/uploads\/2024\/04\/cropped-www.diarioprincipios.com_-1.png","contentUrl":"https:\/\/diarioprincipios.com\/wp-content\/uploads\/2024\/04\/cropped-www.diarioprincipios.com_-1.png","width":5325,"height":1454,"caption":"Principios"},"image":{"@id":"https:\/\/diarioprincipios.com\/#\/schema\/logo\/image\/"}},{"@type":"Person","@id":"https:\/\/diarioprincipios.com\/#\/schema\/person\/436d5a1fd41a5e250e23ff5a6a7cb080","name":"Hern\u00e1n L\u00f3pez","image":{"@type":"ImageObject","inLanguage":"es","@id":"https:\/\/diarioprincipios.com\/wp-content\/litespeed\/avatar\/11ddfe5610ff3bd100522525b2571f48.jpg?ver=1777653193","url":"https:\/\/diarioprincipios.com\/wp-content\/litespeed\/avatar\/11ddfe5610ff3bd100522525b2571f48.jpg?ver=1777653193","contentUrl":"https:\/\/diarioprincipios.com\/wp-content\/litespeed\/avatar\/11ddfe5610ff3bd100522525b2571f48.jpg?ver=1777653193","caption":"Hern\u00e1n L\u00f3pez"},"url":"https:\/\/diarioprincipios.com\/index.php\/author\/hernan\/"}]}},"jetpack_featured_media_url":"https:\/\/diarioprincipios.com\/wp-content\/uploads\/2023\/09\/IMG_20230807_1747293-scaled.jpg","_links":{"self":[{"href":"https:\/\/diarioprincipios.com\/index.php\/wp-json\/wp\/v2\/posts\/18581","targetHints":{"allow":["GET"]}}],"collection":[{"href":"https:\/\/diarioprincipios.com\/index.php\/wp-json\/wp\/v2\/posts"}],"about":[{"href":"https:\/\/diarioprincipios.com\/index.php\/wp-json\/wp\/v2\/types\/post"}],"author":[{"embeddable":true,"href":"https:\/\/diarioprincipios.com\/index.php\/wp-json\/wp\/v2\/users\/2"}],"replies":[{"embeddable":true,"href":"https:\/\/diarioprincipios.com\/index.php\/wp-json\/wp\/v2\/comments?post=18581"}],"version-history":[{"count":3,"href":"https:\/\/diarioprincipios.com\/index.php\/wp-json\/wp\/v2\/posts\/18581\/revisions"}],"predecessor-version":[{"id":18599,"href":"https:\/\/diarioprincipios.com\/index.php\/wp-json\/wp\/v2\/posts\/18581\/revisions\/18599"}],"wp:featuredmedia":[{"embeddable":true,"href":"https:\/\/diarioprincipios.com\/index.php\/wp-json\/wp\/v2\/media\/18589"}],"wp:attachment":[{"href":"https:\/\/diarioprincipios.com\/index.php\/wp-json\/wp\/v2\/media?parent=18581"}],"wp:term":[{"taxonomy":"category","embeddable":true,"href":"https:\/\/diarioprincipios.com\/index.php\/wp-json\/wp\/v2\/categories?post=18581"},{"taxonomy":"post_tag","embeddable":true,"href":"https:\/\/diarioprincipios.com\/index.php\/wp-json\/wp\/v2\/tags?post=18581"}],"curies":[{"name":"wp","href":"https:\/\/api.w.org\/{rel}","templated":true}]}}