{"id":1850,"date":"2020-05-20T10:05:48","date_gmt":"2020-05-20T13:05:48","guid":{"rendered":"http:\/\/diarioprincipios.com\/?p=1850"},"modified":"2020-05-20T10:05:50","modified_gmt":"2020-05-20T13:05:50","slug":"reunion-virtual-de-la-cgt-y-las-62-organizaciones-regional-con-mayra-mendoza-y-el-secretario-de-salud","status":"publish","type":"post","link":"https:\/\/diarioprincipios.com\/index.php\/2020\/05\/20\/reunion-virtual-de-la-cgt-y-las-62-organizaciones-regional-con-mayra-mendoza-y-el-secretario-de-salud\/","title":{"rendered":"Reuni\u00f3n Virtual de la CGT y las 62 Organizaciones Regional con Mayra Mendoza y el Secretario de Salud"},"content":{"rendered":"\n<p>Ayer, martes 19 de mayo desde las 17 horas,  se reunieron en el Club El Porvenir (administrado por el Centro de Empleados de Comercio de Quilmes) el Consejo Directivo de la CGT Regional y  el de las 62 Organizaciones Peronistas Regional Quilmes d\u00f3nde realizaron una video conferencia con la intendenta Mayra Mendoza y el secretario de salud doctor Konfino,  para articular en conjunto el protocolo de aislamiento en la aperturas de las empresas y comercio de la actividades esenciales.<\/p>\n\n\n\n<figure class=\"wp-block-image size-large\"><img loading=\"lazy\" decoding=\"async\" width=\"763\" height=\"484\" src=\"https:\/\/diarioprincipios.com\/wp-content\/uploads\/2020\/05\/4.jpg\" alt=\"\" class=\"wp-image-1851\" srcset=\"https:\/\/diarioprincipios.com\/wp-content\/uploads\/2020\/05\/4.jpg 763w, https:\/\/diarioprincipios.com\/wp-content\/uploads\/2020\/05\/4-300x190.jpg 300w\" sizes=\"auto, (max-width: 763px) 100vw, 763px\" \/><\/figure>\n\n\n\n<p> La reuni\u00f3n  fue llevada adelante por los tres secretarios generales de la CGT, Rub\u00e9n Zeballos,  Ricardo Romero y Andr\u00e9s Nikitiuk, junto al  secretario general de la 62 Organizaciones Peronistas Rub\u00e9n Luque, el concejal Ariel Burtoli de Quilmes, representante del movimiento obrero,   Gustavo S\u00e1nchez Director de Industria y Fabi\u00e1n Salvatierra Director Gremial del Municipio. <\/p>\n\n\n\n<p>La apertura del encuentro la hizo via Zoom el secretario general del Centro de Empleados de Comercio, Roberto \u00abMata\u00bb Rodriguez, y en la charla con las autoridades municipales tanto el Consejo Directivo de la CGT Regional como el de las 62 Organizaciones se pusieron a disposici\u00f3n de las autoridades para acompa\u00f1ar el trabajo que se viene haciendo en el marco de la Pandemia de Coronavirus.<\/p>\n","protected":false},"excerpt":{"rendered":"<p>Ayer, martes 19 de mayo desde las 17 horas, se reunieron en el Club El Porvenir (administrado por el Centro de Empleados de Comercio de Quilmes) el Consejo Directivo de la CGT Regional y el de las 62 Organizaciones Peronistas Regional Quilmes d\u00f3nde realizaron una video conferencia con la intendenta Mayra Mendoza y el secretario&#8230;<\/p>\n","protected":false},"author":2,"featured_media":1852,"comment_status":"open","ping_status":"open","sticky":false,"template":"","format":"standard","meta":{"footnotes":""},"categories":[4],"tags":[],"class_list":["post-1850","post","type-post","status-publish","format-standard","has-post-thumbnail","hentry","category-quilmes"],"featured_image_src":"https:\/\/diarioprincipios.com\/wp-content\/uploads\/2020\/05\/2-1024x576.jpg","blog_images":{"medium":"https:\/\/diarioprincipios.com\/wp-content\/uploads\/2020\/05\/2-300x169.jpg","large":"https:\/\/diarioprincipios.com\/wp-content\/uploads\/2020\/05\/2-1024x576.jpg"},"ams_acf":[],"yoast_head":"<!-- This site is optimized with the Yoast SEO plugin v27.3 - https:\/\/yoast.com\/product\/yoast-seo-wordpress\/ -->\n<title>Reuni\u00f3n Virtual de la CGT y las 62 Organizaciones Regional con Mayra Mendoza y el Secretario de Salud - Principios<\/title>\n<meta name=\"robots\" content=\"index, follow, max-snippet:-1, max-image-preview:large, max-video-preview:-1\" \/>\n<link rel=\"canonical\" href=\"https:\/\/diarioprincipios.com\/index.php\/2020\/05\/20\/reunion-virtual-de-la-cgt-y-las-62-organizaciones-regional-con-mayra-mendoza-y-el-secretario-de-salud\/\" \/>\n<meta property=\"og:locale\" content=\"es_ES\" \/>\n<meta property=\"og:type\" content=\"article\" \/>\n<meta property=\"og:title\" content=\"Reuni\u00f3n Virtual de la CGT y las 62 Organizaciones Regional con Mayra Mendoza y el Secretario de Salud - Principios\" \/>\n<meta property=\"og:description\" content=\"Ayer, martes 19 de mayo desde las 17 horas, se reunieron en el Club El Porvenir (administrado por el Centro de Empleados de Comercio de Quilmes) el Consejo Directivo de la CGT Regional y el de las 62 Organizaciones Peronistas Regional Quilmes d\u00f3nde realizaron una video conferencia con la intendenta Mayra Mendoza y el secretario...\" \/>\n<meta property=\"og:url\" content=\"https:\/\/diarioprincipios.com\/index.php\/2020\/05\/20\/reunion-virtual-de-la-cgt-y-las-62-organizaciones-regional-con-mayra-mendoza-y-el-secretario-de-salud\/\" \/>\n<meta property=\"og:site_name\" content=\"Principios\" \/>\n<meta property=\"article:published_time\" content=\"2020-05-20T13:05:48+00:00\" \/>\n<meta property=\"article:modified_time\" content=\"2020-05-20T13:05:50+00:00\" \/>\n<meta property=\"og:image\" content=\"https:\/\/diarioprincipios.com\/wp-content\/uploads\/2020\/05\/2.jpg\" \/>\n\t<meta property=\"og:image:width\" content=\"1032\" \/>\n\t<meta property=\"og:image:height\" content=\"581\" \/>\n\t<meta property=\"og:image:type\" content=\"image\/jpeg\" \/>\n<meta name=\"author\" content=\"Hern\u00e1n L\u00f3pez\" \/>\n<meta name=\"twitter:card\" content=\"summary_large_image\" \/>\n<meta name=\"twitter:label1\" content=\"Escrito por\" \/>\n\t<meta name=\"twitter:data1\" content=\"Hern\u00e1n L\u00f3pez\" \/>\n\t<meta name=\"twitter:label2\" content=\"Tiempo de lectura\" \/>\n\t<meta name=\"twitter:data2\" content=\"1 minuto\" \/>\n<script type=\"application\/ld+json\" class=\"yoast-schema-graph\">{\"@context\":\"https:\\\/\\\/schema.org\",\"@graph\":[{\"@type\":\"Article\",\"@id\":\"https:\\\/\\\/diarioprincipios.com\\\/index.php\\\/2020\\\/05\\\/20\\\/reunion-virtual-de-la-cgt-y-las-62-organizaciones-regional-con-mayra-mendoza-y-el-secretario-de-salud\\\/#article\",\"isPartOf\":{\"@id\":\"https:\\\/\\\/diarioprincipios.com\\\/index.php\\\/2020\\\/05\\\/20\\\/reunion-virtual-de-la-cgt-y-las-62-organizaciones-regional-con-mayra-mendoza-y-el-secretario-de-salud\\\/\"},\"author\":{\"name\":\"Hern\u00e1n L\u00f3pez\",\"@id\":\"https:\\\/\\\/diarioprincipios.com\\\/#\\\/schema\\\/person\\\/436d5a1fd41a5e250e23ff5a6a7cb080\"},\"headline\":\"Reuni\u00f3n Virtual de la CGT y las 62 Organizaciones Regional con Mayra Mendoza y el Secretario de Salud\",\"datePublished\":\"2020-05-20T13:05:48+00:00\",\"dateModified\":\"2020-05-20T13:05:50+00:00\",\"mainEntityOfPage\":{\"@id\":\"https:\\\/\\\/diarioprincipios.com\\\/index.php\\\/2020\\\/05\\\/20\\\/reunion-virtual-de-la-cgt-y-las-62-organizaciones-regional-con-mayra-mendoza-y-el-secretario-de-salud\\\/\"},\"wordCount\":219,\"commentCount\":0,\"publisher\":{\"@id\":\"https:\\\/\\\/diarioprincipios.com\\\/#organization\"},\"image\":{\"@id\":\"https:\\\/\\\/diarioprincipios.com\\\/index.php\\\/2020\\\/05\\\/20\\\/reunion-virtual-de-la-cgt-y-las-62-organizaciones-regional-con-mayra-mendoza-y-el-secretario-de-salud\\\/#primaryimage\"},\"thumbnailUrl\":\"https:\\\/\\\/diarioprincipios.com\\\/wp-content\\\/uploads\\\/2020\\\/05\\\/2.jpg\",\"articleSection\":[\"Quilmes\"],\"inLanguage\":\"es\",\"potentialAction\":[{\"@type\":\"CommentAction\",\"name\":\"Comment\",\"target\":[\"https:\\\/\\\/diarioprincipios.com\\\/index.php\\\/2020\\\/05\\\/20\\\/reunion-virtual-de-la-cgt-y-las-62-organizaciones-regional-con-mayra-mendoza-y-el-secretario-de-salud\\\/#respond\"]}]},{\"@type\":\"WebPage\",\"@id\":\"https:\\\/\\\/diarioprincipios.com\\\/index.php\\\/2020\\\/05\\\/20\\\/reunion-virtual-de-la-cgt-y-las-62-organizaciones-regional-con-mayra-mendoza-y-el-secretario-de-salud\\\/\",\"url\":\"https:\\\/\\\/diarioprincipios.com\\\/index.php\\\/2020\\\/05\\\/20\\\/reunion-virtual-de-la-cgt-y-las-62-organizaciones-regional-con-mayra-mendoza-y-el-secretario-de-salud\\\/\",\"name\":\"Reuni\u00f3n Virtual de la CGT y las 62 Organizaciones Regional con Mayra Mendoza y el Secretario de Salud - Principios\",\"isPartOf\":{\"@id\":\"https:\\\/\\\/diarioprincipios.com\\\/#website\"},\"primaryImageOfPage\":{\"@id\":\"https:\\\/\\\/diarioprincipios.com\\\/index.php\\\/2020\\\/05\\\/20\\\/reunion-virtual-de-la-cgt-y-las-62-organizaciones-regional-con-mayra-mendoza-y-el-secretario-de-salud\\\/#primaryimage\"},\"image\":{\"@id\":\"https:\\\/\\\/diarioprincipios.com\\\/index.php\\\/2020\\\/05\\\/20\\\/reunion-virtual-de-la-cgt-y-las-62-organizaciones-regional-con-mayra-mendoza-y-el-secretario-de-salud\\\/#primaryimage\"},\"thumbnailUrl\":\"https:\\\/\\\/diarioprincipios.com\\\/wp-content\\\/uploads\\\/2020\\\/05\\\/2.jpg\",\"datePublished\":\"2020-05-20T13:05:48+00:00\",\"dateModified\":\"2020-05-20T13:05:50+00:00\",\"breadcrumb\":{\"@id\":\"https:\\\/\\\/diarioprincipios.com\\\/index.php\\\/2020\\\/05\\\/20\\\/reunion-virtual-de-la-cgt-y-las-62-organizaciones-regional-con-mayra-mendoza-y-el-secretario-de-salud\\\/#breadcrumb\"},\"inLanguage\":\"es\",\"potentialAction\":[{\"@type\":\"ReadAction\",\"target\":[\"https:\\\/\\\/diarioprincipios.com\\\/index.php\\\/2020\\\/05\\\/20\\\/reunion-virtual-de-la-cgt-y-las-62-organizaciones-regional-con-mayra-mendoza-y-el-secretario-de-salud\\\/\"]}]},{\"@type\":\"ImageObject\",\"inLanguage\":\"es\",\"@id\":\"https:\\\/\\\/diarioprincipios.com\\\/index.php\\\/2020\\\/05\\\/20\\\/reunion-virtual-de-la-cgt-y-las-62-organizaciones-regional-con-mayra-mendoza-y-el-secretario-de-salud\\\/#primaryimage\",\"url\":\"https:\\\/\\\/diarioprincipios.com\\\/wp-content\\\/uploads\\\/2020\\\/05\\\/2.jpg\",\"contentUrl\":\"https:\\\/\\\/diarioprincipios.com\\\/wp-content\\\/uploads\\\/2020\\\/05\\\/2.jpg\",\"width\":1032,\"height\":581},{\"@type\":\"BreadcrumbList\",\"@id\":\"https:\\\/\\\/diarioprincipios.com\\\/index.php\\\/2020\\\/05\\\/20\\\/reunion-virtual-de-la-cgt-y-las-62-organizaciones-regional-con-mayra-mendoza-y-el-secretario-de-salud\\\/#breadcrumb\",\"itemListElement\":[{\"@type\":\"ListItem\",\"position\":1,\"name\":\"Portada\",\"item\":\"https:\\\/\\\/diarioprincipios.com\\\/\"},{\"@type\":\"ListItem\",\"position\":2,\"name\":\"Reuni\u00f3n Virtual de la CGT y las 62 Organizaciones Regional con Mayra Mendoza y el Secretario de Salud\"}]},{\"@type\":\"WebSite\",\"@id\":\"https:\\\/\\\/diarioprincipios.com\\\/#website\",\"url\":\"https:\\\/\\\/diarioprincipios.com\\\/\",\"name\":\"Principios\",\"description\":\"Principios Diario\",\"publisher\":{\"@id\":\"https:\\\/\\\/diarioprincipios.com\\\/#organization\"},\"potentialAction\":[{\"@type\":\"SearchAction\",\"target\":{\"@type\":\"EntryPoint\",\"urlTemplate\":\"https:\\\/\\\/diarioprincipios.com\\\/?s={search_term_string}\"},\"query-input\":{\"@type\":\"PropertyValueSpecification\",\"valueRequired\":true,\"valueName\":\"search_term_string\"}}],\"inLanguage\":\"es\"},{\"@type\":\"Organization\",\"@id\":\"https:\\\/\\\/diarioprincipios.com\\\/#organization\",\"name\":\"Principios\",\"url\":\"https:\\\/\\\/diarioprincipios.com\\\/\",\"logo\":{\"@type\":\"ImageObject\",\"inLanguage\":\"es\",\"@id\":\"https:\\\/\\\/diarioprincipios.com\\\/#\\\/schema\\\/logo\\\/image\\\/\",\"url\":\"https:\\\/\\\/diarioprincipios.com\\\/wp-content\\\/uploads\\\/2024\\\/04\\\/cropped-www.diarioprincipios.com_-1.png\",\"contentUrl\":\"https:\\\/\\\/diarioprincipios.com\\\/wp-content\\\/uploads\\\/2024\\\/04\\\/cropped-www.diarioprincipios.com_-1.png\",\"width\":5325,\"height\":1454,\"caption\":\"Principios\"},\"image\":{\"@id\":\"https:\\\/\\\/diarioprincipios.com\\\/#\\\/schema\\\/logo\\\/image\\\/\"}},{\"@type\":\"Person\",\"@id\":\"https:\\\/\\\/diarioprincipios.com\\\/#\\\/schema\\\/person\\\/436d5a1fd41a5e250e23ff5a6a7cb080\",\"name\":\"Hern\u00e1n L\u00f3pez\",\"image\":{\"@type\":\"ImageObject\",\"inLanguage\":\"es\",\"@id\":\"https:\\\/\\\/diarioprincipios.com\\\/wp-content\\\/litespeed\\\/avatar\\\/11ddfe5610ff3bd100522525b2571f48.jpg?ver=1777048341\",\"url\":\"https:\\\/\\\/diarioprincipios.com\\\/wp-content\\\/litespeed\\\/avatar\\\/11ddfe5610ff3bd100522525b2571f48.jpg?ver=1777048341\",\"contentUrl\":\"https:\\\/\\\/diarioprincipios.com\\\/wp-content\\\/litespeed\\\/avatar\\\/11ddfe5610ff3bd100522525b2571f48.jpg?ver=1777048341\",\"caption\":\"Hern\u00e1n L\u00f3pez\"},\"url\":\"https:\\\/\\\/diarioprincipios.com\\\/index.php\\\/author\\\/hernan\\\/\"}]}<\/script>\n<!-- \/ Yoast SEO plugin. -->","yoast_head_json":{"title":"Reuni\u00f3n Virtual de la CGT y las 62 Organizaciones Regional con Mayra Mendoza y el Secretario de Salud - Principios","robots":{"index":"index","follow":"follow","max-snippet":"max-snippet:-1","max-image-preview":"max-image-preview:large","max-video-preview":"max-video-preview:-1"},"canonical":"https:\/\/diarioprincipios.com\/index.php\/2020\/05\/20\/reunion-virtual-de-la-cgt-y-las-62-organizaciones-regional-con-mayra-mendoza-y-el-secretario-de-salud\/","og_locale":"es_ES","og_type":"article","og_title":"Reuni\u00f3n Virtual de la CGT y las 62 Organizaciones Regional con Mayra Mendoza y el Secretario de Salud - Principios","og_description":"Ayer, martes 19 de mayo desde las 17 horas, se reunieron en el Club El Porvenir (administrado por el Centro de Empleados de Comercio de Quilmes) el Consejo Directivo de la CGT Regional y el de las 62 Organizaciones Peronistas Regional Quilmes d\u00f3nde realizaron una video conferencia con la intendenta Mayra Mendoza y el secretario...","og_url":"https:\/\/diarioprincipios.com\/index.php\/2020\/05\/20\/reunion-virtual-de-la-cgt-y-las-62-organizaciones-regional-con-mayra-mendoza-y-el-secretario-de-salud\/","og_site_name":"Principios","article_published_time":"2020-05-20T13:05:48+00:00","article_modified_time":"2020-05-20T13:05:50+00:00","og_image":[{"width":1032,"height":581,"url":"https:\/\/diarioprincipios.com\/wp-content\/uploads\/2020\/05\/2.jpg","type":"image\/jpeg"}],"author":"Hern\u00e1n L\u00f3pez","twitter_card":"summary_large_image","twitter_misc":{"Escrito por":"Hern\u00e1n L\u00f3pez","Tiempo de lectura":"1 minuto"},"schema":{"@context":"https:\/\/schema.org","@graph":[{"@type":"Article","@id":"https:\/\/diarioprincipios.com\/index.php\/2020\/05\/20\/reunion-virtual-de-la-cgt-y-las-62-organizaciones-regional-con-mayra-mendoza-y-el-secretario-de-salud\/#article","isPartOf":{"@id":"https:\/\/diarioprincipios.com\/index.php\/2020\/05\/20\/reunion-virtual-de-la-cgt-y-las-62-organizaciones-regional-con-mayra-mendoza-y-el-secretario-de-salud\/"},"author":{"name":"Hern\u00e1n L\u00f3pez","@id":"https:\/\/diarioprincipios.com\/#\/schema\/person\/436d5a1fd41a5e250e23ff5a6a7cb080"},"headline":"Reuni\u00f3n Virtual de la CGT y las 62 Organizaciones Regional con Mayra Mendoza y el Secretario de Salud","datePublished":"2020-05-20T13:05:48+00:00","dateModified":"2020-05-20T13:05:50+00:00","mainEntityOfPage":{"@id":"https:\/\/diarioprincipios.com\/index.php\/2020\/05\/20\/reunion-virtual-de-la-cgt-y-las-62-organizaciones-regional-con-mayra-mendoza-y-el-secretario-de-salud\/"},"wordCount":219,"commentCount":0,"publisher":{"@id":"https:\/\/diarioprincipios.com\/#organization"},"image":{"@id":"https:\/\/diarioprincipios.com\/index.php\/2020\/05\/20\/reunion-virtual-de-la-cgt-y-las-62-organizaciones-regional-con-mayra-mendoza-y-el-secretario-de-salud\/#primaryimage"},"thumbnailUrl":"https:\/\/diarioprincipios.com\/wp-content\/uploads\/2020\/05\/2.jpg","articleSection":["Quilmes"],"inLanguage":"es","potentialAction":[{"@type":"CommentAction","name":"Comment","target":["https:\/\/diarioprincipios.com\/index.php\/2020\/05\/20\/reunion-virtual-de-la-cgt-y-las-62-organizaciones-regional-con-mayra-mendoza-y-el-secretario-de-salud\/#respond"]}]},{"@type":"WebPage","@id":"https:\/\/diarioprincipios.com\/index.php\/2020\/05\/20\/reunion-virtual-de-la-cgt-y-las-62-organizaciones-regional-con-mayra-mendoza-y-el-secretario-de-salud\/","url":"https:\/\/diarioprincipios.com\/index.php\/2020\/05\/20\/reunion-virtual-de-la-cgt-y-las-62-organizaciones-regional-con-mayra-mendoza-y-el-secretario-de-salud\/","name":"Reuni\u00f3n Virtual de la CGT y las 62 Organizaciones Regional con Mayra Mendoza y el Secretario de Salud - Principios","isPartOf":{"@id":"https:\/\/diarioprincipios.com\/#website"},"primaryImageOfPage":{"@id":"https:\/\/diarioprincipios.com\/index.php\/2020\/05\/20\/reunion-virtual-de-la-cgt-y-las-62-organizaciones-regional-con-mayra-mendoza-y-el-secretario-de-salud\/#primaryimage"},"image":{"@id":"https:\/\/diarioprincipios.com\/index.php\/2020\/05\/20\/reunion-virtual-de-la-cgt-y-las-62-organizaciones-regional-con-mayra-mendoza-y-el-secretario-de-salud\/#primaryimage"},"thumbnailUrl":"https:\/\/diarioprincipios.com\/wp-content\/uploads\/2020\/05\/2.jpg","datePublished":"2020-05-20T13:05:48+00:00","dateModified":"2020-05-20T13:05:50+00:00","breadcrumb":{"@id":"https:\/\/diarioprincipios.com\/index.php\/2020\/05\/20\/reunion-virtual-de-la-cgt-y-las-62-organizaciones-regional-con-mayra-mendoza-y-el-secretario-de-salud\/#breadcrumb"},"inLanguage":"es","potentialAction":[{"@type":"ReadAction","target":["https:\/\/diarioprincipios.com\/index.php\/2020\/05\/20\/reunion-virtual-de-la-cgt-y-las-62-organizaciones-regional-con-mayra-mendoza-y-el-secretario-de-salud\/"]}]},{"@type":"ImageObject","inLanguage":"es","@id":"https:\/\/diarioprincipios.com\/index.php\/2020\/05\/20\/reunion-virtual-de-la-cgt-y-las-62-organizaciones-regional-con-mayra-mendoza-y-el-secretario-de-salud\/#primaryimage","url":"https:\/\/diarioprincipios.com\/wp-content\/uploads\/2020\/05\/2.jpg","contentUrl":"https:\/\/diarioprincipios.com\/wp-content\/uploads\/2020\/05\/2.jpg","width":1032,"height":581},{"@type":"BreadcrumbList","@id":"https:\/\/diarioprincipios.com\/index.php\/2020\/05\/20\/reunion-virtual-de-la-cgt-y-las-62-organizaciones-regional-con-mayra-mendoza-y-el-secretario-de-salud\/#breadcrumb","itemListElement":[{"@type":"ListItem","position":1,"name":"Portada","item":"https:\/\/diarioprincipios.com\/"},{"@type":"ListItem","position":2,"name":"Reuni\u00f3n Virtual de la CGT y las 62 Organizaciones Regional con Mayra Mendoza y el Secretario de Salud"}]},{"@type":"WebSite","@id":"https:\/\/diarioprincipios.com\/#website","url":"https:\/\/diarioprincipios.com\/","name":"Principios","description":"Principios Diario","publisher":{"@id":"https:\/\/diarioprincipios.com\/#organization"},"potentialAction":[{"@type":"SearchAction","target":{"@type":"EntryPoint","urlTemplate":"https:\/\/diarioprincipios.com\/?s={search_term_string}"},"query-input":{"@type":"PropertyValueSpecification","valueRequired":true,"valueName":"search_term_string"}}],"inLanguage":"es"},{"@type":"Organization","@id":"https:\/\/diarioprincipios.com\/#organization","name":"Principios","url":"https:\/\/diarioprincipios.com\/","logo":{"@type":"ImageObject","inLanguage":"es","@id":"https:\/\/diarioprincipios.com\/#\/schema\/logo\/image\/","url":"https:\/\/diarioprincipios.com\/wp-content\/uploads\/2024\/04\/cropped-www.diarioprincipios.com_-1.png","contentUrl":"https:\/\/diarioprincipios.com\/wp-content\/uploads\/2024\/04\/cropped-www.diarioprincipios.com_-1.png","width":5325,"height":1454,"caption":"Principios"},"image":{"@id":"https:\/\/diarioprincipios.com\/#\/schema\/logo\/image\/"}},{"@type":"Person","@id":"https:\/\/diarioprincipios.com\/#\/schema\/person\/436d5a1fd41a5e250e23ff5a6a7cb080","name":"Hern\u00e1n L\u00f3pez","image":{"@type":"ImageObject","inLanguage":"es","@id":"https:\/\/diarioprincipios.com\/wp-content\/litespeed\/avatar\/11ddfe5610ff3bd100522525b2571f48.jpg?ver=1777048341","url":"https:\/\/diarioprincipios.com\/wp-content\/litespeed\/avatar\/11ddfe5610ff3bd100522525b2571f48.jpg?ver=1777048341","contentUrl":"https:\/\/diarioprincipios.com\/wp-content\/litespeed\/avatar\/11ddfe5610ff3bd100522525b2571f48.jpg?ver=1777048341","caption":"Hern\u00e1n L\u00f3pez"},"url":"https:\/\/diarioprincipios.com\/index.php\/author\/hernan\/"}]}},"jetpack_featured_media_url":"https:\/\/diarioprincipios.com\/wp-content\/uploads\/2020\/05\/2.jpg","_links":{"self":[{"href":"https:\/\/diarioprincipios.com\/index.php\/wp-json\/wp\/v2\/posts\/1850","targetHints":{"allow":["GET"]}}],"collection":[{"href":"https:\/\/diarioprincipios.com\/index.php\/wp-json\/wp\/v2\/posts"}],"about":[{"href":"https:\/\/diarioprincipios.com\/index.php\/wp-json\/wp\/v2\/types\/post"}],"author":[{"embeddable":true,"href":"https:\/\/diarioprincipios.com\/index.php\/wp-json\/wp\/v2\/users\/2"}],"replies":[{"embeddable":true,"href":"https:\/\/diarioprincipios.com\/index.php\/wp-json\/wp\/v2\/comments?post=1850"}],"version-history":[{"count":1,"href":"https:\/\/diarioprincipios.com\/index.php\/wp-json\/wp\/v2\/posts\/1850\/revisions"}],"predecessor-version":[{"id":1853,"href":"https:\/\/diarioprincipios.com\/index.php\/wp-json\/wp\/v2\/posts\/1850\/revisions\/1853"}],"wp:featuredmedia":[{"embeddable":true,"href":"https:\/\/diarioprincipios.com\/index.php\/wp-json\/wp\/v2\/media\/1852"}],"wp:attachment":[{"href":"https:\/\/diarioprincipios.com\/index.php\/wp-json\/wp\/v2\/media?parent=1850"}],"wp:term":[{"taxonomy":"category","embeddable":true,"href":"https:\/\/diarioprincipios.com\/index.php\/wp-json\/wp\/v2\/categories?post=1850"},{"taxonomy":"post_tag","embeddable":true,"href":"https:\/\/diarioprincipios.com\/index.php\/wp-json\/wp\/v2\/tags?post=1850"}],"curies":[{"name":"wp","href":"https:\/\/api.w.org\/{rel}","templated":true}]}}