{"id":184,"date":"2020-03-05T11:36:20","date_gmt":"2020-03-05T11:36:20","guid":{"rendered":"http:\/\/diarioprincipios.com\/?p=184"},"modified":"2020-03-05T11:36:22","modified_gmt":"2020-03-05T11:36:22","slug":"atsa-quilmes-presente-en-encuentro-de-mujeres-sindicalistas","status":"publish","type":"post","link":"https:\/\/diarioprincipios.com\/index.php\/2020\/03\/05\/atsa-quilmes-presente-en-encuentro-de-mujeres-sindicalistas\/","title":{"rendered":"Atsa Quilmes presente en Encuentro de Mujeres Sindicalistas"},"content":{"rendered":"\n<p>ATSA Filial Quilmes, a trav\u00e9s de la secretar\u00eda de la mujer y la juventud, marc\u00f3 su presencia en el \u00abEncuentro de Mujeres Sindicalistas\u00bb convocado por la Confederaci\u00f3n General del Trabajo (CGT).<\/p>\n\n\n\n<p>Este encuentro busca ratificar el convenio 190 de la Organizaci\u00f3n Internacional del Trabajo (OIT), el cual reconoce que la violencia y el acoso en el mundo del trabajo \u00abPUEDE CONSTITUIR UN INCUMPLIMIENTO DE LOS DERECHOS HUMANOS PONIENDO EN RIESGO LA IGUALDAD DE OPORTUNIDADES\u00bb.<\/p>\n\n\n\n<p>Ricardo Romero, secretario general de Atsa Quilmes sotuvo que \u00abhacenos llegar nuestro agradecimiento a las compa\u00f1eras por el compromiso de mantener la lucha por la igualdad sin nunca bajar los brazos\u00bb.<\/p>\n","protected":false},"excerpt":{"rendered":"<p>ATSA Filial Quilmes, a trav\u00e9s de la secretar\u00eda de la mujer y la juventud, marc\u00f3 su presencia en el \u00abEncuentro de Mujeres Sindicalistas\u00bb convocado por la Confederaci\u00f3n General del Trabajo (CGT). Este encuentro busca ratificar el convenio 190 de la Organizaci\u00f3n Internacional del Trabajo (OIT), el cual reconoce que la violencia y el acoso en&#8230;<\/p>\n","protected":false},"author":2,"featured_media":185,"comment_status":"open","ping_status":"open","sticky":false,"template":"","format":"standard","meta":{"footnotes":""},"categories":[4],"tags":[],"class_list":["post-184","post","type-post","status-publish","format-standard","has-post-thumbnail","hentry","category-quilmes"],"featured_image_src":"https:\/\/diarioprincipios.com\/wp-content\/uploads\/2020\/03\/FB_IMG_1583353259370.jpg","blog_images":{"medium":"https:\/\/diarioprincipios.com\/wp-content\/uploads\/2020\/03\/FB_IMG_1583353259370-300x225.jpg","large":"https:\/\/diarioprincipios.com\/wp-content\/uploads\/2020\/03\/FB_IMG_1583353259370.jpg"},"ams_acf":[],"yoast_head":"<!-- This site is optimized with the Yoast SEO plugin v27.3 - https:\/\/yoast.com\/product\/yoast-seo-wordpress\/ -->\n<title>Atsa Quilmes presente en Encuentro de Mujeres Sindicalistas - Principios<\/title>\n<meta name=\"robots\" content=\"index, follow, max-snippet:-1, max-image-preview:large, max-video-preview:-1\" \/>\n<link rel=\"canonical\" href=\"https:\/\/diarioprincipios.com\/index.php\/2020\/03\/05\/atsa-quilmes-presente-en-encuentro-de-mujeres-sindicalistas\/\" \/>\n<meta property=\"og:locale\" content=\"es_ES\" \/>\n<meta property=\"og:type\" content=\"article\" \/>\n<meta property=\"og:title\" content=\"Atsa Quilmes presente en Encuentro de Mujeres Sindicalistas - Principios\" \/>\n<meta property=\"og:description\" content=\"ATSA Filial Quilmes, a trav\u00e9s de la secretar\u00eda de la mujer y la juventud, marc\u00f3 su presencia en el \u00abEncuentro de Mujeres Sindicalistas\u00bb convocado por la Confederaci\u00f3n General del Trabajo (CGT). Este encuentro busca ratificar el convenio 190 de la Organizaci\u00f3n Internacional del Trabajo (OIT), el cual reconoce que la violencia y el acoso en...\" \/>\n<meta property=\"og:url\" content=\"https:\/\/diarioprincipios.com\/index.php\/2020\/03\/05\/atsa-quilmes-presente-en-encuentro-de-mujeres-sindicalistas\/\" \/>\n<meta property=\"og:site_name\" content=\"Principios\" \/>\n<meta property=\"article:published_time\" content=\"2020-03-05T11:36:20+00:00\" \/>\n<meta property=\"article:modified_time\" content=\"2020-03-05T11:36:22+00:00\" \/>\n<meta property=\"og:image\" content=\"https:\/\/diarioprincipios.com\/wp-content\/uploads\/2020\/03\/FB_IMG_1583353259370.jpg\" \/>\n\t<meta property=\"og:image:width\" content=\"720\" \/>\n\t<meta property=\"og:image:height\" content=\"540\" \/>\n\t<meta property=\"og:image:type\" content=\"image\/jpeg\" \/>\n<meta name=\"author\" content=\"Hern\u00e1n L\u00f3pez\" \/>\n<meta name=\"twitter:card\" content=\"summary_large_image\" \/>\n<meta name=\"twitter:label1\" content=\"Escrito por\" \/>\n\t<meta name=\"twitter:data1\" content=\"Hern\u00e1n L\u00f3pez\" \/>\n\t<meta name=\"twitter:label2\" content=\"Tiempo de lectura\" \/>\n\t<meta name=\"twitter:data2\" content=\"1 minuto\" \/>\n<script type=\"application\/ld+json\" class=\"yoast-schema-graph\">{\"@context\":\"https:\\\/\\\/schema.org\",\"@graph\":[{\"@type\":\"Article\",\"@id\":\"https:\\\/\\\/diarioprincipios.com\\\/index.php\\\/2020\\\/03\\\/05\\\/atsa-quilmes-presente-en-encuentro-de-mujeres-sindicalistas\\\/#article\",\"isPartOf\":{\"@id\":\"https:\\\/\\\/diarioprincipios.com\\\/index.php\\\/2020\\\/03\\\/05\\\/atsa-quilmes-presente-en-encuentro-de-mujeres-sindicalistas\\\/\"},\"author\":{\"name\":\"Hern\u00e1n L\u00f3pez\",\"@id\":\"https:\\\/\\\/diarioprincipios.com\\\/#\\\/schema\\\/person\\\/436d5a1fd41a5e250e23ff5a6a7cb080\"},\"headline\":\"Atsa Quilmes presente en Encuentro de Mujeres Sindicalistas\",\"datePublished\":\"2020-03-05T11:36:20+00:00\",\"dateModified\":\"2020-03-05T11:36:22+00:00\",\"mainEntityOfPage\":{\"@id\":\"https:\\\/\\\/diarioprincipios.com\\\/index.php\\\/2020\\\/03\\\/05\\\/atsa-quilmes-presente-en-encuentro-de-mujeres-sindicalistas\\\/\"},\"wordCount\":117,\"commentCount\":0,\"publisher\":{\"@id\":\"https:\\\/\\\/diarioprincipios.com\\\/#organization\"},\"image\":{\"@id\":\"https:\\\/\\\/diarioprincipios.com\\\/index.php\\\/2020\\\/03\\\/05\\\/atsa-quilmes-presente-en-encuentro-de-mujeres-sindicalistas\\\/#primaryimage\"},\"thumbnailUrl\":\"https:\\\/\\\/diarioprincipios.com\\\/wp-content\\\/uploads\\\/2020\\\/03\\\/FB_IMG_1583353259370.jpg\",\"articleSection\":[\"Quilmes\"],\"inLanguage\":\"es\",\"potentialAction\":[{\"@type\":\"CommentAction\",\"name\":\"Comment\",\"target\":[\"https:\\\/\\\/diarioprincipios.com\\\/index.php\\\/2020\\\/03\\\/05\\\/atsa-quilmes-presente-en-encuentro-de-mujeres-sindicalistas\\\/#respond\"]}]},{\"@type\":\"WebPage\",\"@id\":\"https:\\\/\\\/diarioprincipios.com\\\/index.php\\\/2020\\\/03\\\/05\\\/atsa-quilmes-presente-en-encuentro-de-mujeres-sindicalistas\\\/\",\"url\":\"https:\\\/\\\/diarioprincipios.com\\\/index.php\\\/2020\\\/03\\\/05\\\/atsa-quilmes-presente-en-encuentro-de-mujeres-sindicalistas\\\/\",\"name\":\"Atsa Quilmes presente en Encuentro de Mujeres Sindicalistas - Principios\",\"isPartOf\":{\"@id\":\"https:\\\/\\\/diarioprincipios.com\\\/#website\"},\"primaryImageOfPage\":{\"@id\":\"https:\\\/\\\/diarioprincipios.com\\\/index.php\\\/2020\\\/03\\\/05\\\/atsa-quilmes-presente-en-encuentro-de-mujeres-sindicalistas\\\/#primaryimage\"},\"image\":{\"@id\":\"https:\\\/\\\/diarioprincipios.com\\\/index.php\\\/2020\\\/03\\\/05\\\/atsa-quilmes-presente-en-encuentro-de-mujeres-sindicalistas\\\/#primaryimage\"},\"thumbnailUrl\":\"https:\\\/\\\/diarioprincipios.com\\\/wp-content\\\/uploads\\\/2020\\\/03\\\/FB_IMG_1583353259370.jpg\",\"datePublished\":\"2020-03-05T11:36:20+00:00\",\"dateModified\":\"2020-03-05T11:36:22+00:00\",\"breadcrumb\":{\"@id\":\"https:\\\/\\\/diarioprincipios.com\\\/index.php\\\/2020\\\/03\\\/05\\\/atsa-quilmes-presente-en-encuentro-de-mujeres-sindicalistas\\\/#breadcrumb\"},\"inLanguage\":\"es\",\"potentialAction\":[{\"@type\":\"ReadAction\",\"target\":[\"https:\\\/\\\/diarioprincipios.com\\\/index.php\\\/2020\\\/03\\\/05\\\/atsa-quilmes-presente-en-encuentro-de-mujeres-sindicalistas\\\/\"]}]},{\"@type\":\"ImageObject\",\"inLanguage\":\"es\",\"@id\":\"https:\\\/\\\/diarioprincipios.com\\\/index.php\\\/2020\\\/03\\\/05\\\/atsa-quilmes-presente-en-encuentro-de-mujeres-sindicalistas\\\/#primaryimage\",\"url\":\"https:\\\/\\\/diarioprincipios.com\\\/wp-content\\\/uploads\\\/2020\\\/03\\\/FB_IMG_1583353259370.jpg\",\"contentUrl\":\"https:\\\/\\\/diarioprincipios.com\\\/wp-content\\\/uploads\\\/2020\\\/03\\\/FB_IMG_1583353259370.jpg\",\"width\":720,\"height\":540},{\"@type\":\"BreadcrumbList\",\"@id\":\"https:\\\/\\\/diarioprincipios.com\\\/index.php\\\/2020\\\/03\\\/05\\\/atsa-quilmes-presente-en-encuentro-de-mujeres-sindicalistas\\\/#breadcrumb\",\"itemListElement\":[{\"@type\":\"ListItem\",\"position\":1,\"name\":\"Portada\",\"item\":\"https:\\\/\\\/diarioprincipios.com\\\/\"},{\"@type\":\"ListItem\",\"position\":2,\"name\":\"Atsa Quilmes presente en Encuentro de Mujeres Sindicalistas\"}]},{\"@type\":\"WebSite\",\"@id\":\"https:\\\/\\\/diarioprincipios.com\\\/#website\",\"url\":\"https:\\\/\\\/diarioprincipios.com\\\/\",\"name\":\"Principios\",\"description\":\"Principios Diario\",\"publisher\":{\"@id\":\"https:\\\/\\\/diarioprincipios.com\\\/#organization\"},\"potentialAction\":[{\"@type\":\"SearchAction\",\"target\":{\"@type\":\"EntryPoint\",\"urlTemplate\":\"https:\\\/\\\/diarioprincipios.com\\\/?s={search_term_string}\"},\"query-input\":{\"@type\":\"PropertyValueSpecification\",\"valueRequired\":true,\"valueName\":\"search_term_string\"}}],\"inLanguage\":\"es\"},{\"@type\":\"Organization\",\"@id\":\"https:\\\/\\\/diarioprincipios.com\\\/#organization\",\"name\":\"Principios\",\"url\":\"https:\\\/\\\/diarioprincipios.com\\\/\",\"logo\":{\"@type\":\"ImageObject\",\"inLanguage\":\"es\",\"@id\":\"https:\\\/\\\/diarioprincipios.com\\\/#\\\/schema\\\/logo\\\/image\\\/\",\"url\":\"https:\\\/\\\/diarioprincipios.com\\\/wp-content\\\/uploads\\\/2024\\\/04\\\/cropped-www.diarioprincipios.com_-1.png\",\"contentUrl\":\"https:\\\/\\\/diarioprincipios.com\\\/wp-content\\\/uploads\\\/2024\\\/04\\\/cropped-www.diarioprincipios.com_-1.png\",\"width\":5325,\"height\":1454,\"caption\":\"Principios\"},\"image\":{\"@id\":\"https:\\\/\\\/diarioprincipios.com\\\/#\\\/schema\\\/logo\\\/image\\\/\"}},{\"@type\":\"Person\",\"@id\":\"https:\\\/\\\/diarioprincipios.com\\\/#\\\/schema\\\/person\\\/436d5a1fd41a5e250e23ff5a6a7cb080\",\"name\":\"Hern\u00e1n L\u00f3pez\",\"image\":{\"@type\":\"ImageObject\",\"inLanguage\":\"es\",\"@id\":\"https:\\\/\\\/diarioprincipios.com\\\/wp-content\\\/litespeed\\\/avatar\\\/11ddfe5610ff3bd100522525b2571f48.jpg?ver=1777048341\",\"url\":\"https:\\\/\\\/diarioprincipios.com\\\/wp-content\\\/litespeed\\\/avatar\\\/11ddfe5610ff3bd100522525b2571f48.jpg?ver=1777048341\",\"contentUrl\":\"https:\\\/\\\/diarioprincipios.com\\\/wp-content\\\/litespeed\\\/avatar\\\/11ddfe5610ff3bd100522525b2571f48.jpg?ver=1777048341\",\"caption\":\"Hern\u00e1n L\u00f3pez\"},\"url\":\"https:\\\/\\\/diarioprincipios.com\\\/index.php\\\/author\\\/hernan\\\/\"}]}<\/script>\n<!-- \/ Yoast SEO plugin. -->","yoast_head_json":{"title":"Atsa Quilmes presente en Encuentro de Mujeres Sindicalistas - Principios","robots":{"index":"index","follow":"follow","max-snippet":"max-snippet:-1","max-image-preview":"max-image-preview:large","max-video-preview":"max-video-preview:-1"},"canonical":"https:\/\/diarioprincipios.com\/index.php\/2020\/03\/05\/atsa-quilmes-presente-en-encuentro-de-mujeres-sindicalistas\/","og_locale":"es_ES","og_type":"article","og_title":"Atsa Quilmes presente en Encuentro de Mujeres Sindicalistas - Principios","og_description":"ATSA Filial Quilmes, a trav\u00e9s de la secretar\u00eda de la mujer y la juventud, marc\u00f3 su presencia en el \u00abEncuentro de Mujeres Sindicalistas\u00bb convocado por la Confederaci\u00f3n General del Trabajo (CGT). Este encuentro busca ratificar el convenio 190 de la Organizaci\u00f3n Internacional del Trabajo (OIT), el cual reconoce que la violencia y el acoso en...","og_url":"https:\/\/diarioprincipios.com\/index.php\/2020\/03\/05\/atsa-quilmes-presente-en-encuentro-de-mujeres-sindicalistas\/","og_site_name":"Principios","article_published_time":"2020-03-05T11:36:20+00:00","article_modified_time":"2020-03-05T11:36:22+00:00","og_image":[{"width":720,"height":540,"url":"https:\/\/diarioprincipios.com\/wp-content\/uploads\/2020\/03\/FB_IMG_1583353259370.jpg","type":"image\/jpeg"}],"author":"Hern\u00e1n L\u00f3pez","twitter_card":"summary_large_image","twitter_misc":{"Escrito por":"Hern\u00e1n L\u00f3pez","Tiempo de lectura":"1 minuto"},"schema":{"@context":"https:\/\/schema.org","@graph":[{"@type":"Article","@id":"https:\/\/diarioprincipios.com\/index.php\/2020\/03\/05\/atsa-quilmes-presente-en-encuentro-de-mujeres-sindicalistas\/#article","isPartOf":{"@id":"https:\/\/diarioprincipios.com\/index.php\/2020\/03\/05\/atsa-quilmes-presente-en-encuentro-de-mujeres-sindicalistas\/"},"author":{"name":"Hern\u00e1n L\u00f3pez","@id":"https:\/\/diarioprincipios.com\/#\/schema\/person\/436d5a1fd41a5e250e23ff5a6a7cb080"},"headline":"Atsa Quilmes presente en Encuentro de Mujeres Sindicalistas","datePublished":"2020-03-05T11:36:20+00:00","dateModified":"2020-03-05T11:36:22+00:00","mainEntityOfPage":{"@id":"https:\/\/diarioprincipios.com\/index.php\/2020\/03\/05\/atsa-quilmes-presente-en-encuentro-de-mujeres-sindicalistas\/"},"wordCount":117,"commentCount":0,"publisher":{"@id":"https:\/\/diarioprincipios.com\/#organization"},"image":{"@id":"https:\/\/diarioprincipios.com\/index.php\/2020\/03\/05\/atsa-quilmes-presente-en-encuentro-de-mujeres-sindicalistas\/#primaryimage"},"thumbnailUrl":"https:\/\/diarioprincipios.com\/wp-content\/uploads\/2020\/03\/FB_IMG_1583353259370.jpg","articleSection":["Quilmes"],"inLanguage":"es","potentialAction":[{"@type":"CommentAction","name":"Comment","target":["https:\/\/diarioprincipios.com\/index.php\/2020\/03\/05\/atsa-quilmes-presente-en-encuentro-de-mujeres-sindicalistas\/#respond"]}]},{"@type":"WebPage","@id":"https:\/\/diarioprincipios.com\/index.php\/2020\/03\/05\/atsa-quilmes-presente-en-encuentro-de-mujeres-sindicalistas\/","url":"https:\/\/diarioprincipios.com\/index.php\/2020\/03\/05\/atsa-quilmes-presente-en-encuentro-de-mujeres-sindicalistas\/","name":"Atsa Quilmes presente en Encuentro de Mujeres Sindicalistas - Principios","isPartOf":{"@id":"https:\/\/diarioprincipios.com\/#website"},"primaryImageOfPage":{"@id":"https:\/\/diarioprincipios.com\/index.php\/2020\/03\/05\/atsa-quilmes-presente-en-encuentro-de-mujeres-sindicalistas\/#primaryimage"},"image":{"@id":"https:\/\/diarioprincipios.com\/index.php\/2020\/03\/05\/atsa-quilmes-presente-en-encuentro-de-mujeres-sindicalistas\/#primaryimage"},"thumbnailUrl":"https:\/\/diarioprincipios.com\/wp-content\/uploads\/2020\/03\/FB_IMG_1583353259370.jpg","datePublished":"2020-03-05T11:36:20+00:00","dateModified":"2020-03-05T11:36:22+00:00","breadcrumb":{"@id":"https:\/\/diarioprincipios.com\/index.php\/2020\/03\/05\/atsa-quilmes-presente-en-encuentro-de-mujeres-sindicalistas\/#breadcrumb"},"inLanguage":"es","potentialAction":[{"@type":"ReadAction","target":["https:\/\/diarioprincipios.com\/index.php\/2020\/03\/05\/atsa-quilmes-presente-en-encuentro-de-mujeres-sindicalistas\/"]}]},{"@type":"ImageObject","inLanguage":"es","@id":"https:\/\/diarioprincipios.com\/index.php\/2020\/03\/05\/atsa-quilmes-presente-en-encuentro-de-mujeres-sindicalistas\/#primaryimage","url":"https:\/\/diarioprincipios.com\/wp-content\/uploads\/2020\/03\/FB_IMG_1583353259370.jpg","contentUrl":"https:\/\/diarioprincipios.com\/wp-content\/uploads\/2020\/03\/FB_IMG_1583353259370.jpg","width":720,"height":540},{"@type":"BreadcrumbList","@id":"https:\/\/diarioprincipios.com\/index.php\/2020\/03\/05\/atsa-quilmes-presente-en-encuentro-de-mujeres-sindicalistas\/#breadcrumb","itemListElement":[{"@type":"ListItem","position":1,"name":"Portada","item":"https:\/\/diarioprincipios.com\/"},{"@type":"ListItem","position":2,"name":"Atsa Quilmes presente en Encuentro de Mujeres Sindicalistas"}]},{"@type":"WebSite","@id":"https:\/\/diarioprincipios.com\/#website","url":"https:\/\/diarioprincipios.com\/","name":"Principios","description":"Principios Diario","publisher":{"@id":"https:\/\/diarioprincipios.com\/#organization"},"potentialAction":[{"@type":"SearchAction","target":{"@type":"EntryPoint","urlTemplate":"https:\/\/diarioprincipios.com\/?s={search_term_string}"},"query-input":{"@type":"PropertyValueSpecification","valueRequired":true,"valueName":"search_term_string"}}],"inLanguage":"es"},{"@type":"Organization","@id":"https:\/\/diarioprincipios.com\/#organization","name":"Principios","url":"https:\/\/diarioprincipios.com\/","logo":{"@type":"ImageObject","inLanguage":"es","@id":"https:\/\/diarioprincipios.com\/#\/schema\/logo\/image\/","url":"https:\/\/diarioprincipios.com\/wp-content\/uploads\/2024\/04\/cropped-www.diarioprincipios.com_-1.png","contentUrl":"https:\/\/diarioprincipios.com\/wp-content\/uploads\/2024\/04\/cropped-www.diarioprincipios.com_-1.png","width":5325,"height":1454,"caption":"Principios"},"image":{"@id":"https:\/\/diarioprincipios.com\/#\/schema\/logo\/image\/"}},{"@type":"Person","@id":"https:\/\/diarioprincipios.com\/#\/schema\/person\/436d5a1fd41a5e250e23ff5a6a7cb080","name":"Hern\u00e1n L\u00f3pez","image":{"@type":"ImageObject","inLanguage":"es","@id":"https:\/\/diarioprincipios.com\/wp-content\/litespeed\/avatar\/11ddfe5610ff3bd100522525b2571f48.jpg?ver=1777048341","url":"https:\/\/diarioprincipios.com\/wp-content\/litespeed\/avatar\/11ddfe5610ff3bd100522525b2571f48.jpg?ver=1777048341","contentUrl":"https:\/\/diarioprincipios.com\/wp-content\/litespeed\/avatar\/11ddfe5610ff3bd100522525b2571f48.jpg?ver=1777048341","caption":"Hern\u00e1n L\u00f3pez"},"url":"https:\/\/diarioprincipios.com\/index.php\/author\/hernan\/"}]}},"jetpack_featured_media_url":"https:\/\/diarioprincipios.com\/wp-content\/uploads\/2020\/03\/FB_IMG_1583353259370.jpg","_links":{"self":[{"href":"https:\/\/diarioprincipios.com\/index.php\/wp-json\/wp\/v2\/posts\/184","targetHints":{"allow":["GET"]}}],"collection":[{"href":"https:\/\/diarioprincipios.com\/index.php\/wp-json\/wp\/v2\/posts"}],"about":[{"href":"https:\/\/diarioprincipios.com\/index.php\/wp-json\/wp\/v2\/types\/post"}],"author":[{"embeddable":true,"href":"https:\/\/diarioprincipios.com\/index.php\/wp-json\/wp\/v2\/users\/2"}],"replies":[{"embeddable":true,"href":"https:\/\/diarioprincipios.com\/index.php\/wp-json\/wp\/v2\/comments?post=184"}],"version-history":[{"count":1,"href":"https:\/\/diarioprincipios.com\/index.php\/wp-json\/wp\/v2\/posts\/184\/revisions"}],"predecessor-version":[{"id":186,"href":"https:\/\/diarioprincipios.com\/index.php\/wp-json\/wp\/v2\/posts\/184\/revisions\/186"}],"wp:featuredmedia":[{"embeddable":true,"href":"https:\/\/diarioprincipios.com\/index.php\/wp-json\/wp\/v2\/media\/185"}],"wp:attachment":[{"href":"https:\/\/diarioprincipios.com\/index.php\/wp-json\/wp\/v2\/media?parent=184"}],"wp:term":[{"taxonomy":"category","embeddable":true,"href":"https:\/\/diarioprincipios.com\/index.php\/wp-json\/wp\/v2\/categories?post=184"},{"taxonomy":"post_tag","embeddable":true,"href":"https:\/\/diarioprincipios.com\/index.php\/wp-json\/wp\/v2\/tags?post=184"}],"curies":[{"name":"wp","href":"https:\/\/api.w.org\/{rel}","templated":true}]}}