{"id":18390,"date":"2023-08-26T19:13:35","date_gmt":"2023-08-26T22:13:35","guid":{"rendered":"http:\/\/diarioprincipios.com\/?p=18390"},"modified":"2023-08-29T18:54:57","modified_gmt":"2023-08-29T21:54:57","slug":"se-reunio-la-mesa-politico-sindical-para-evaluar-el-resultado-de-las-paso","status":"publish","type":"post","link":"https:\/\/diarioprincipios.com\/index.php\/2023\/08\/26\/se-reunio-la-mesa-politico-sindical-para-evaluar-el-resultado-de-las-paso\/","title":{"rendered":"Se reuni\u00f3 la Mesa Pol\u00edtico Sindical para evaluar el resultado de las PASO"},"content":{"rendered":"\n<p>Finalizado el proceso eleccionario de las PASO, la Mesa Pol\u00edtico Sindical Peronista 17 de Octubre se reuni\u00f3 para evaluar los resultados obtenidos en Berazategui, Quilmes y Fcio. Varela.<br>Hecho el an\u00e1lisis sobre el trabajo realizado, los integrantes de la Mesa se comprometieron a redoblar el esfuerzo de cara al 22 de Octubre para hablar con las trabajadoras y trabajadores poniendo de manifiesto el peligro que representa un eventual triunfo de la derecha y la ultraderecha representada por los candidatos Bullrich y Milei.<\/p>\n\n\n\n<figure class=\"wp-block-image size-large\"><img loading=\"lazy\" decoding=\"async\" width=\"1024\" height=\"461\" src=\"https:\/\/diarioprincipios.com\/wp-content\/uploads\/2023\/08\/IMG-20230824-WA0067-1024x461.jpg\" alt=\"\" class=\"wp-image-18391\" srcset=\"https:\/\/diarioprincipios.com\/wp-content\/uploads\/2023\/08\/IMG-20230824-WA0067-1024x461.jpg 1024w, https:\/\/diarioprincipios.com\/wp-content\/uploads\/2023\/08\/IMG-20230824-WA0067-300x135.jpg 300w, https:\/\/diarioprincipios.com\/wp-content\/uploads\/2023\/08\/IMG-20230824-WA0067-768x346.jpg 768w, https:\/\/diarioprincipios.com\/wp-content\/uploads\/2023\/08\/IMG-20230824-WA0067-1536x691.jpg 1536w, https:\/\/diarioprincipios.com\/wp-content\/uploads\/2023\/08\/IMG-20230824-WA0067.jpg 1600w\" sizes=\"auto, (max-width: 1024px) 100vw, 1024px\" \/><\/figure>\n\n\n\n<p>\u00abLos dos proponen exactamente lo mismo, eliminar derechos y conquistas de las y los trabajadores, suprimir los Convenios Colectivos de Trabajo y a partir de all\u00ed, la quita de las indemnizaciones por despidos, las vacaciones pagas, las licencias pagas por maternidad lo que significa una brutal reforma laboral beneficiando al empleador\u00bb, destacaron.<\/p>\n\n\n\n<figure class=\"wp-block-image size-large\"><img loading=\"lazy\" decoding=\"async\" width=\"1024\" height=\"472\" src=\"https:\/\/diarioprincipios.com\/wp-content\/uploads\/2023\/08\/IMG-20230824-WA0065-1024x472.jpg\" alt=\"\" class=\"wp-image-18392\" srcset=\"https:\/\/diarioprincipios.com\/wp-content\/uploads\/2023\/08\/IMG-20230824-WA0065-1024x472.jpg 1024w, https:\/\/diarioprincipios.com\/wp-content\/uploads\/2023\/08\/IMG-20230824-WA0065-300x138.jpg 300w, https:\/\/diarioprincipios.com\/wp-content\/uploads\/2023\/08\/IMG-20230824-WA0065-768x354.jpg 768w, https:\/\/diarioprincipios.com\/wp-content\/uploads\/2023\/08\/IMG-20230824-WA0065-1536x708.jpg 1536w, https:\/\/diarioprincipios.com\/wp-content\/uploads\/2023\/08\/IMG-20230824-WA0065.jpg 1600w\" sizes=\"auto, (max-width: 1024px) 100vw, 1024px\" \/><\/figure>\n\n\n\n<p>Tambi\u00e9n se plante\u00f3 la defensa de la Salud P\u00fablica y la Educaci\u00f3n P\u00fablica, \u00aben ambos casos, los candidatos de la derecha proponen privatizarla y de esta manera quitarle a las argentinas y argentinos el derecho a la salud y a la educaci\u00f3n\u00bb.<\/p>\n\n\n\n<p>Por todo lo planteado,  los integrantes de la Mesa Pol\u00edtico Sindical Peronista evaluaron diferentes propuestas para ser consensuadas con los Intendentes de la Regi\u00f3n y seguir trabajando fortaleciendo la candidatura \u00abdel \u00fanico candidato que nos puede sacar de \u00e9ste caos,<br>Sergio Massa y Axel Kicillof en la Provincia\u00bb.<\/p>\n\n\n\n<figure class=\"wp-block-image size-large is-resized\"><img loading=\"lazy\" decoding=\"async\" src=\"https:\/\/diarioprincipios.com\/wp-content\/uploads\/2023\/08\/IMG-20230824-WA0063-1024x472.jpg\" alt=\"\" class=\"wp-image-18393\" style=\"width:402px;height:186px\" width=\"402\" height=\"186\" srcset=\"https:\/\/diarioprincipios.com\/wp-content\/uploads\/2023\/08\/IMG-20230824-WA0063-1024x472.jpg 1024w, https:\/\/diarioprincipios.com\/wp-content\/uploads\/2023\/08\/IMG-20230824-WA0063-300x138.jpg 300w, https:\/\/diarioprincipios.com\/wp-content\/uploads\/2023\/08\/IMG-20230824-WA0063-768x354.jpg 768w, https:\/\/diarioprincipios.com\/wp-content\/uploads\/2023\/08\/IMG-20230824-WA0063-1536x708.jpg 1536w, https:\/\/diarioprincipios.com\/wp-content\/uploads\/2023\/08\/IMG-20230824-WA0063.jpg 1600w\" sizes=\"auto, (max-width: 402px) 100vw, 402px\" \/><\/figure>\n\n\n\n<p><br>Finalmente; sostuvieron que \u00abconvencidos que la brecha que separa a Uni\u00f3n por la Patria de la derecha es de apenas tres puntos, tenemos la enorme tarea de hablar con cada habitante de la Regi\u00f3n y el resultado ganador ser\u00e1 nuestro\u00bb.<\/p>\n","protected":false},"excerpt":{"rendered":"<p>Finalizado el proceso eleccionario de las PASO, la Mesa Pol\u00edtico Sindical Peronista 17 de Octubre se reuni\u00f3 para evaluar los resultados obtenidos en Berazategui, Quilmes y Fcio. Varela.Hecho el an\u00e1lisis sobre el trabajo realizado, los integrantes de la Mesa se comprometieron a redoblar el esfuerzo de cara al 22 de Octubre para hablar con las&#8230;<\/p>\n","protected":false},"author":2,"featured_media":18394,"comment_status":"open","ping_status":"open","sticky":false,"template":"","format":"standard","meta":{"footnotes":""},"categories":[11],"tags":[],"class_list":["post-18390","post","type-post","status-publish","format-standard","has-post-thumbnail","hentry","category-municipios"],"featured_image_src":"https:\/\/diarioprincipios.com\/wp-content\/uploads\/2023\/08\/IMG-20230824-WA0064-1024x472.jpg","blog_images":{"medium":"https:\/\/diarioprincipios.com\/wp-content\/uploads\/2023\/08\/IMG-20230824-WA0064-300x138.jpg","large":"https:\/\/diarioprincipios.com\/wp-content\/uploads\/2023\/08\/IMG-20230824-WA0064-1024x472.jpg"},"ams_acf":[],"yoast_head":"<!-- This site is optimized with the Yoast SEO plugin v27.3 - https:\/\/yoast.com\/product\/yoast-seo-wordpress\/ -->\n<title>Se reuni\u00f3 la Mesa Pol\u00edtico Sindical para evaluar el resultado de las PASO - Principios<\/title>\n<meta name=\"robots\" content=\"index, follow, max-snippet:-1, max-image-preview:large, max-video-preview:-1\" \/>\n<link rel=\"canonical\" href=\"https:\/\/diarioprincipios.com\/index.php\/2023\/08\/26\/se-reunio-la-mesa-politico-sindical-para-evaluar-el-resultado-de-las-paso\/\" \/>\n<meta property=\"og:locale\" content=\"es_ES\" \/>\n<meta property=\"og:type\" content=\"article\" \/>\n<meta property=\"og:title\" content=\"Se reuni\u00f3 la Mesa Pol\u00edtico Sindical para evaluar el resultado de las PASO - Principios\" \/>\n<meta property=\"og:description\" content=\"Finalizado el proceso eleccionario de las PASO, la Mesa Pol\u00edtico Sindical Peronista 17 de Octubre se reuni\u00f3 para evaluar los resultados obtenidos en Berazategui, Quilmes y Fcio. Varela.Hecho el an\u00e1lisis sobre el trabajo realizado, los integrantes de la Mesa se comprometieron a redoblar el esfuerzo de cara al 22 de Octubre para hablar con las...\" \/>\n<meta property=\"og:url\" content=\"https:\/\/diarioprincipios.com\/index.php\/2023\/08\/26\/se-reunio-la-mesa-politico-sindical-para-evaluar-el-resultado-de-las-paso\/\" \/>\n<meta property=\"og:site_name\" content=\"Principios\" \/>\n<meta property=\"article:published_time\" content=\"2023-08-26T22:13:35+00:00\" \/>\n<meta property=\"article:modified_time\" content=\"2023-08-29T21:54:57+00:00\" \/>\n<meta property=\"og:image\" content=\"https:\/\/diarioprincipios.com\/wp-content\/uploads\/2023\/08\/IMG-20230824-WA0064.jpg\" \/>\n\t<meta property=\"og:image:width\" content=\"1600\" \/>\n\t<meta property=\"og:image:height\" content=\"737\" \/>\n\t<meta property=\"og:image:type\" content=\"image\/jpeg\" \/>\n<meta name=\"author\" content=\"Hern\u00e1n L\u00f3pez\" \/>\n<meta name=\"twitter:card\" content=\"summary_large_image\" \/>\n<meta name=\"twitter:label1\" content=\"Escrito por\" \/>\n\t<meta name=\"twitter:data1\" content=\"Hern\u00e1n L\u00f3pez\" \/>\n\t<meta name=\"twitter:label2\" content=\"Tiempo de lectura\" \/>\n\t<meta name=\"twitter:data2\" content=\"2 minutos\" \/>\n<script type=\"application\/ld+json\" class=\"yoast-schema-graph\">{\"@context\":\"https:\\\/\\\/schema.org\",\"@graph\":[{\"@type\":\"Article\",\"@id\":\"https:\\\/\\\/diarioprincipios.com\\\/index.php\\\/2023\\\/08\\\/26\\\/se-reunio-la-mesa-politico-sindical-para-evaluar-el-resultado-de-las-paso\\\/#article\",\"isPartOf\":{\"@id\":\"https:\\\/\\\/diarioprincipios.com\\\/index.php\\\/2023\\\/08\\\/26\\\/se-reunio-la-mesa-politico-sindical-para-evaluar-el-resultado-de-las-paso\\\/\"},\"author\":{\"name\":\"Hern\u00e1n L\u00f3pez\",\"@id\":\"https:\\\/\\\/diarioprincipios.com\\\/#\\\/schema\\\/person\\\/436d5a1fd41a5e250e23ff5a6a7cb080\"},\"headline\":\"Se reuni\u00f3 la Mesa Pol\u00edtico Sindical para evaluar el resultado de las PASO\",\"datePublished\":\"2023-08-26T22:13:35+00:00\",\"dateModified\":\"2023-08-29T21:54:57+00:00\",\"mainEntityOfPage\":{\"@id\":\"https:\\\/\\\/diarioprincipios.com\\\/index.php\\\/2023\\\/08\\\/26\\\/se-reunio-la-mesa-politico-sindical-para-evaluar-el-resultado-de-las-paso\\\/\"},\"wordCount\":287,\"commentCount\":0,\"publisher\":{\"@id\":\"https:\\\/\\\/diarioprincipios.com\\\/#organization\"},\"image\":{\"@id\":\"https:\\\/\\\/diarioprincipios.com\\\/index.php\\\/2023\\\/08\\\/26\\\/se-reunio-la-mesa-politico-sindical-para-evaluar-el-resultado-de-las-paso\\\/#primaryimage\"},\"thumbnailUrl\":\"https:\\\/\\\/diarioprincipios.com\\\/wp-content\\\/uploads\\\/2023\\\/08\\\/IMG-20230824-WA0064.jpg\",\"articleSection\":[\"Municipios\"],\"inLanguage\":\"es\",\"potentialAction\":[{\"@type\":\"CommentAction\",\"name\":\"Comment\",\"target\":[\"https:\\\/\\\/diarioprincipios.com\\\/index.php\\\/2023\\\/08\\\/26\\\/se-reunio-la-mesa-politico-sindical-para-evaluar-el-resultado-de-las-paso\\\/#respond\"]}]},{\"@type\":\"WebPage\",\"@id\":\"https:\\\/\\\/diarioprincipios.com\\\/index.php\\\/2023\\\/08\\\/26\\\/se-reunio-la-mesa-politico-sindical-para-evaluar-el-resultado-de-las-paso\\\/\",\"url\":\"https:\\\/\\\/diarioprincipios.com\\\/index.php\\\/2023\\\/08\\\/26\\\/se-reunio-la-mesa-politico-sindical-para-evaluar-el-resultado-de-las-paso\\\/\",\"name\":\"Se reuni\u00f3 la Mesa Pol\u00edtico Sindical para evaluar el resultado de las PASO - Principios\",\"isPartOf\":{\"@id\":\"https:\\\/\\\/diarioprincipios.com\\\/#website\"},\"primaryImageOfPage\":{\"@id\":\"https:\\\/\\\/diarioprincipios.com\\\/index.php\\\/2023\\\/08\\\/26\\\/se-reunio-la-mesa-politico-sindical-para-evaluar-el-resultado-de-las-paso\\\/#primaryimage\"},\"image\":{\"@id\":\"https:\\\/\\\/diarioprincipios.com\\\/index.php\\\/2023\\\/08\\\/26\\\/se-reunio-la-mesa-politico-sindical-para-evaluar-el-resultado-de-las-paso\\\/#primaryimage\"},\"thumbnailUrl\":\"https:\\\/\\\/diarioprincipios.com\\\/wp-content\\\/uploads\\\/2023\\\/08\\\/IMG-20230824-WA0064.jpg\",\"datePublished\":\"2023-08-26T22:13:35+00:00\",\"dateModified\":\"2023-08-29T21:54:57+00:00\",\"breadcrumb\":{\"@id\":\"https:\\\/\\\/diarioprincipios.com\\\/index.php\\\/2023\\\/08\\\/26\\\/se-reunio-la-mesa-politico-sindical-para-evaluar-el-resultado-de-las-paso\\\/#breadcrumb\"},\"inLanguage\":\"es\",\"potentialAction\":[{\"@type\":\"ReadAction\",\"target\":[\"https:\\\/\\\/diarioprincipios.com\\\/index.php\\\/2023\\\/08\\\/26\\\/se-reunio-la-mesa-politico-sindical-para-evaluar-el-resultado-de-las-paso\\\/\"]}]},{\"@type\":\"ImageObject\",\"inLanguage\":\"es\",\"@id\":\"https:\\\/\\\/diarioprincipios.com\\\/index.php\\\/2023\\\/08\\\/26\\\/se-reunio-la-mesa-politico-sindical-para-evaluar-el-resultado-de-las-paso\\\/#primaryimage\",\"url\":\"https:\\\/\\\/diarioprincipios.com\\\/wp-content\\\/uploads\\\/2023\\\/08\\\/IMG-20230824-WA0064.jpg\",\"contentUrl\":\"https:\\\/\\\/diarioprincipios.com\\\/wp-content\\\/uploads\\\/2023\\\/08\\\/IMG-20230824-WA0064.jpg\",\"width\":1600,\"height\":737},{\"@type\":\"BreadcrumbList\",\"@id\":\"https:\\\/\\\/diarioprincipios.com\\\/index.php\\\/2023\\\/08\\\/26\\\/se-reunio-la-mesa-politico-sindical-para-evaluar-el-resultado-de-las-paso\\\/#breadcrumb\",\"itemListElement\":[{\"@type\":\"ListItem\",\"position\":1,\"name\":\"Portada\",\"item\":\"https:\\\/\\\/diarioprincipios.com\\\/\"},{\"@type\":\"ListItem\",\"position\":2,\"name\":\"Se reuni\u00f3 la Mesa Pol\u00edtico Sindical para evaluar el resultado de las PASO\"}]},{\"@type\":\"WebSite\",\"@id\":\"https:\\\/\\\/diarioprincipios.com\\\/#website\",\"url\":\"https:\\\/\\\/diarioprincipios.com\\\/\",\"name\":\"Principios\",\"description\":\"Principios Diario\",\"publisher\":{\"@id\":\"https:\\\/\\\/diarioprincipios.com\\\/#organization\"},\"potentialAction\":[{\"@type\":\"SearchAction\",\"target\":{\"@type\":\"EntryPoint\",\"urlTemplate\":\"https:\\\/\\\/diarioprincipios.com\\\/?s={search_term_string}\"},\"query-input\":{\"@type\":\"PropertyValueSpecification\",\"valueRequired\":true,\"valueName\":\"search_term_string\"}}],\"inLanguage\":\"es\"},{\"@type\":\"Organization\",\"@id\":\"https:\\\/\\\/diarioprincipios.com\\\/#organization\",\"name\":\"Principios\",\"url\":\"https:\\\/\\\/diarioprincipios.com\\\/\",\"logo\":{\"@type\":\"ImageObject\",\"inLanguage\":\"es\",\"@id\":\"https:\\\/\\\/diarioprincipios.com\\\/#\\\/schema\\\/logo\\\/image\\\/\",\"url\":\"https:\\\/\\\/diarioprincipios.com\\\/wp-content\\\/uploads\\\/2024\\\/04\\\/cropped-www.diarioprincipios.com_-1.png\",\"contentUrl\":\"https:\\\/\\\/diarioprincipios.com\\\/wp-content\\\/uploads\\\/2024\\\/04\\\/cropped-www.diarioprincipios.com_-1.png\",\"width\":5325,\"height\":1454,\"caption\":\"Principios\"},\"image\":{\"@id\":\"https:\\\/\\\/diarioprincipios.com\\\/#\\\/schema\\\/logo\\\/image\\\/\"}},{\"@type\":\"Person\",\"@id\":\"https:\\\/\\\/diarioprincipios.com\\\/#\\\/schema\\\/person\\\/436d5a1fd41a5e250e23ff5a6a7cb080\",\"name\":\"Hern\u00e1n L\u00f3pez\",\"image\":{\"@type\":\"ImageObject\",\"inLanguage\":\"es\",\"@id\":\"https:\\\/\\\/diarioprincipios.com\\\/wp-content\\\/litespeed\\\/avatar\\\/11ddfe5610ff3bd100522525b2571f48.jpg?ver=1777048341\",\"url\":\"https:\\\/\\\/diarioprincipios.com\\\/wp-content\\\/litespeed\\\/avatar\\\/11ddfe5610ff3bd100522525b2571f48.jpg?ver=1777048341\",\"contentUrl\":\"https:\\\/\\\/diarioprincipios.com\\\/wp-content\\\/litespeed\\\/avatar\\\/11ddfe5610ff3bd100522525b2571f48.jpg?ver=1777048341\",\"caption\":\"Hern\u00e1n L\u00f3pez\"},\"url\":\"https:\\\/\\\/diarioprincipios.com\\\/index.php\\\/author\\\/hernan\\\/\"}]}<\/script>\n<!-- \/ Yoast SEO plugin. -->","yoast_head_json":{"title":"Se reuni\u00f3 la Mesa Pol\u00edtico Sindical para evaluar el resultado de las PASO - Principios","robots":{"index":"index","follow":"follow","max-snippet":"max-snippet:-1","max-image-preview":"max-image-preview:large","max-video-preview":"max-video-preview:-1"},"canonical":"https:\/\/diarioprincipios.com\/index.php\/2023\/08\/26\/se-reunio-la-mesa-politico-sindical-para-evaluar-el-resultado-de-las-paso\/","og_locale":"es_ES","og_type":"article","og_title":"Se reuni\u00f3 la Mesa Pol\u00edtico Sindical para evaluar el resultado de las PASO - Principios","og_description":"Finalizado el proceso eleccionario de las PASO, la Mesa Pol\u00edtico Sindical Peronista 17 de Octubre se reuni\u00f3 para evaluar los resultados obtenidos en Berazategui, Quilmes y Fcio. Varela.Hecho el an\u00e1lisis sobre el trabajo realizado, los integrantes de la Mesa se comprometieron a redoblar el esfuerzo de cara al 22 de Octubre para hablar con las...","og_url":"https:\/\/diarioprincipios.com\/index.php\/2023\/08\/26\/se-reunio-la-mesa-politico-sindical-para-evaluar-el-resultado-de-las-paso\/","og_site_name":"Principios","article_published_time":"2023-08-26T22:13:35+00:00","article_modified_time":"2023-08-29T21:54:57+00:00","og_image":[{"width":1600,"height":737,"url":"https:\/\/diarioprincipios.com\/wp-content\/uploads\/2023\/08\/IMG-20230824-WA0064.jpg","type":"image\/jpeg"}],"author":"Hern\u00e1n L\u00f3pez","twitter_card":"summary_large_image","twitter_misc":{"Escrito por":"Hern\u00e1n L\u00f3pez","Tiempo de lectura":"2 minutos"},"schema":{"@context":"https:\/\/schema.org","@graph":[{"@type":"Article","@id":"https:\/\/diarioprincipios.com\/index.php\/2023\/08\/26\/se-reunio-la-mesa-politico-sindical-para-evaluar-el-resultado-de-las-paso\/#article","isPartOf":{"@id":"https:\/\/diarioprincipios.com\/index.php\/2023\/08\/26\/se-reunio-la-mesa-politico-sindical-para-evaluar-el-resultado-de-las-paso\/"},"author":{"name":"Hern\u00e1n L\u00f3pez","@id":"https:\/\/diarioprincipios.com\/#\/schema\/person\/436d5a1fd41a5e250e23ff5a6a7cb080"},"headline":"Se reuni\u00f3 la Mesa Pol\u00edtico Sindical para evaluar el resultado de las PASO","datePublished":"2023-08-26T22:13:35+00:00","dateModified":"2023-08-29T21:54:57+00:00","mainEntityOfPage":{"@id":"https:\/\/diarioprincipios.com\/index.php\/2023\/08\/26\/se-reunio-la-mesa-politico-sindical-para-evaluar-el-resultado-de-las-paso\/"},"wordCount":287,"commentCount":0,"publisher":{"@id":"https:\/\/diarioprincipios.com\/#organization"},"image":{"@id":"https:\/\/diarioprincipios.com\/index.php\/2023\/08\/26\/se-reunio-la-mesa-politico-sindical-para-evaluar-el-resultado-de-las-paso\/#primaryimage"},"thumbnailUrl":"https:\/\/diarioprincipios.com\/wp-content\/uploads\/2023\/08\/IMG-20230824-WA0064.jpg","articleSection":["Municipios"],"inLanguage":"es","potentialAction":[{"@type":"CommentAction","name":"Comment","target":["https:\/\/diarioprincipios.com\/index.php\/2023\/08\/26\/se-reunio-la-mesa-politico-sindical-para-evaluar-el-resultado-de-las-paso\/#respond"]}]},{"@type":"WebPage","@id":"https:\/\/diarioprincipios.com\/index.php\/2023\/08\/26\/se-reunio-la-mesa-politico-sindical-para-evaluar-el-resultado-de-las-paso\/","url":"https:\/\/diarioprincipios.com\/index.php\/2023\/08\/26\/se-reunio-la-mesa-politico-sindical-para-evaluar-el-resultado-de-las-paso\/","name":"Se reuni\u00f3 la Mesa Pol\u00edtico Sindical para evaluar el resultado de las PASO - Principios","isPartOf":{"@id":"https:\/\/diarioprincipios.com\/#website"},"primaryImageOfPage":{"@id":"https:\/\/diarioprincipios.com\/index.php\/2023\/08\/26\/se-reunio-la-mesa-politico-sindical-para-evaluar-el-resultado-de-las-paso\/#primaryimage"},"image":{"@id":"https:\/\/diarioprincipios.com\/index.php\/2023\/08\/26\/se-reunio-la-mesa-politico-sindical-para-evaluar-el-resultado-de-las-paso\/#primaryimage"},"thumbnailUrl":"https:\/\/diarioprincipios.com\/wp-content\/uploads\/2023\/08\/IMG-20230824-WA0064.jpg","datePublished":"2023-08-26T22:13:35+00:00","dateModified":"2023-08-29T21:54:57+00:00","breadcrumb":{"@id":"https:\/\/diarioprincipios.com\/index.php\/2023\/08\/26\/se-reunio-la-mesa-politico-sindical-para-evaluar-el-resultado-de-las-paso\/#breadcrumb"},"inLanguage":"es","potentialAction":[{"@type":"ReadAction","target":["https:\/\/diarioprincipios.com\/index.php\/2023\/08\/26\/se-reunio-la-mesa-politico-sindical-para-evaluar-el-resultado-de-las-paso\/"]}]},{"@type":"ImageObject","inLanguage":"es","@id":"https:\/\/diarioprincipios.com\/index.php\/2023\/08\/26\/se-reunio-la-mesa-politico-sindical-para-evaluar-el-resultado-de-las-paso\/#primaryimage","url":"https:\/\/diarioprincipios.com\/wp-content\/uploads\/2023\/08\/IMG-20230824-WA0064.jpg","contentUrl":"https:\/\/diarioprincipios.com\/wp-content\/uploads\/2023\/08\/IMG-20230824-WA0064.jpg","width":1600,"height":737},{"@type":"BreadcrumbList","@id":"https:\/\/diarioprincipios.com\/index.php\/2023\/08\/26\/se-reunio-la-mesa-politico-sindical-para-evaluar-el-resultado-de-las-paso\/#breadcrumb","itemListElement":[{"@type":"ListItem","position":1,"name":"Portada","item":"https:\/\/diarioprincipios.com\/"},{"@type":"ListItem","position":2,"name":"Se reuni\u00f3 la Mesa Pol\u00edtico Sindical para evaluar el resultado de las PASO"}]},{"@type":"WebSite","@id":"https:\/\/diarioprincipios.com\/#website","url":"https:\/\/diarioprincipios.com\/","name":"Principios","description":"Principios Diario","publisher":{"@id":"https:\/\/diarioprincipios.com\/#organization"},"potentialAction":[{"@type":"SearchAction","target":{"@type":"EntryPoint","urlTemplate":"https:\/\/diarioprincipios.com\/?s={search_term_string}"},"query-input":{"@type":"PropertyValueSpecification","valueRequired":true,"valueName":"search_term_string"}}],"inLanguage":"es"},{"@type":"Organization","@id":"https:\/\/diarioprincipios.com\/#organization","name":"Principios","url":"https:\/\/diarioprincipios.com\/","logo":{"@type":"ImageObject","inLanguage":"es","@id":"https:\/\/diarioprincipios.com\/#\/schema\/logo\/image\/","url":"https:\/\/diarioprincipios.com\/wp-content\/uploads\/2024\/04\/cropped-www.diarioprincipios.com_-1.png","contentUrl":"https:\/\/diarioprincipios.com\/wp-content\/uploads\/2024\/04\/cropped-www.diarioprincipios.com_-1.png","width":5325,"height":1454,"caption":"Principios"},"image":{"@id":"https:\/\/diarioprincipios.com\/#\/schema\/logo\/image\/"}},{"@type":"Person","@id":"https:\/\/diarioprincipios.com\/#\/schema\/person\/436d5a1fd41a5e250e23ff5a6a7cb080","name":"Hern\u00e1n L\u00f3pez","image":{"@type":"ImageObject","inLanguage":"es","@id":"https:\/\/diarioprincipios.com\/wp-content\/litespeed\/avatar\/11ddfe5610ff3bd100522525b2571f48.jpg?ver=1777048341","url":"https:\/\/diarioprincipios.com\/wp-content\/litespeed\/avatar\/11ddfe5610ff3bd100522525b2571f48.jpg?ver=1777048341","contentUrl":"https:\/\/diarioprincipios.com\/wp-content\/litespeed\/avatar\/11ddfe5610ff3bd100522525b2571f48.jpg?ver=1777048341","caption":"Hern\u00e1n L\u00f3pez"},"url":"https:\/\/diarioprincipios.com\/index.php\/author\/hernan\/"}]}},"jetpack_featured_media_url":"https:\/\/diarioprincipios.com\/wp-content\/uploads\/2023\/08\/IMG-20230824-WA0064.jpg","_links":{"self":[{"href":"https:\/\/diarioprincipios.com\/index.php\/wp-json\/wp\/v2\/posts\/18390","targetHints":{"allow":["GET"]}}],"collection":[{"href":"https:\/\/diarioprincipios.com\/index.php\/wp-json\/wp\/v2\/posts"}],"about":[{"href":"https:\/\/diarioprincipios.com\/index.php\/wp-json\/wp\/v2\/types\/post"}],"author":[{"embeddable":true,"href":"https:\/\/diarioprincipios.com\/index.php\/wp-json\/wp\/v2\/users\/2"}],"replies":[{"embeddable":true,"href":"https:\/\/diarioprincipios.com\/index.php\/wp-json\/wp\/v2\/comments?post=18390"}],"version-history":[{"count":1,"href":"https:\/\/diarioprincipios.com\/index.php\/wp-json\/wp\/v2\/posts\/18390\/revisions"}],"predecessor-version":[{"id":18395,"href":"https:\/\/diarioprincipios.com\/index.php\/wp-json\/wp\/v2\/posts\/18390\/revisions\/18395"}],"wp:featuredmedia":[{"embeddable":true,"href":"https:\/\/diarioprincipios.com\/index.php\/wp-json\/wp\/v2\/media\/18394"}],"wp:attachment":[{"href":"https:\/\/diarioprincipios.com\/index.php\/wp-json\/wp\/v2\/media?parent=18390"}],"wp:term":[{"taxonomy":"category","embeddable":true,"href":"https:\/\/diarioprincipios.com\/index.php\/wp-json\/wp\/v2\/categories?post=18390"},{"taxonomy":"post_tag","embeddable":true,"href":"https:\/\/diarioprincipios.com\/index.php\/wp-json\/wp\/v2\/tags?post=18390"}],"curies":[{"name":"wp","href":"https:\/\/api.w.org\/{rel}","templated":true}]}}