{"id":18167,"date":"2023-08-09T13:05:14","date_gmt":"2023-08-09T16:05:14","guid":{"rendered":"http:\/\/diarioprincipios.com\/?p=18167"},"modified":"2023-08-29T18:43:43","modified_gmt":"2023-08-29T21:43:43","slug":"se-vienen-anuncios-por-el-8vo-encuentro-regional-de-mujeres","status":"publish","type":"post","link":"https:\/\/diarioprincipios.com\/index.php\/2023\/08\/09\/se-vienen-anuncios-por-el-8vo-encuentro-regional-de-mujeres\/","title":{"rendered":"Se vienen anuncios por el 8vo Encuentro Regional de Mujeres"},"content":{"rendered":"\n<p><em>La Comisi\u00f3n Organizadora por el Octavo Encuentro Regional de Mujeres y Diversidades de Quilmes, Berazategui y Florencio Varela, convoca para este viernes 11 de agosto a las 10hs en la Rosa de los Vientos de la Universidad Nacional de Quilmes (UNQ), a diferentes medios de comunicaci\u00f3n a acercarse para visibilizar una actividad que tiene ocho a\u00f1os de trayectoria en la lucha por los derechos de las mujeres y diversidades.<\/em>_<\/p>\n\n\n\n<p>Destacaron que \u00ab<em>Los Encuentros Regionales de Mujeres y Diversidades de QBV son un espacio de encuentro y debate horizontal que nos sostiene en la unidad por los derechos conquistados y a los que a\u00fan falta conseguir. Seguimos apostando por encuentros regionales que nos alcancen hermanadas y fortalecidas en la lucha ante la situaci\u00f3n de desigualdad y vulnerabilidad de nuestros derechos<\/em>\u00ab.<\/p>\n","protected":false},"excerpt":{"rendered":"<p>La Comisi\u00f3n Organizadora por el Octavo Encuentro Regional de Mujeres y Diversidades de Quilmes, Berazategui y Florencio Varela, convoca para este viernes 11 de agosto a las 10hs en la Rosa de los Vientos de la Universidad Nacional de Quilmes (UNQ), a diferentes medios de comunicaci\u00f3n a acercarse para visibilizar una actividad que tiene ocho&#8230;<\/p>\n","protected":false},"author":2,"featured_media":18168,"comment_status":"open","ping_status":"open","sticky":false,"template":"","format":"standard","meta":{"footnotes":""},"categories":[11],"tags":[],"class_list":["post-18167","post","type-post","status-publish","format-standard","has-post-thumbnail","hentry","category-municipios"],"featured_image_src":"https:\/\/diarioprincipios.com\/wp-content\/uploads\/2023\/08\/IMG-20230808-WA0013-1024x1024.jpg","blog_images":{"medium":"https:\/\/diarioprincipios.com\/wp-content\/uploads\/2023\/08\/IMG-20230808-WA0013-300x300.jpg","large":"https:\/\/diarioprincipios.com\/wp-content\/uploads\/2023\/08\/IMG-20230808-WA0013-1024x1024.jpg"},"ams_acf":[],"yoast_head":"<!-- This site is optimized with the Yoast SEO plugin v27.3 - https:\/\/yoast.com\/product\/yoast-seo-wordpress\/ -->\n<title>Se vienen anuncios por el 8vo Encuentro Regional de Mujeres - Principios<\/title>\n<meta name=\"robots\" content=\"index, follow, max-snippet:-1, max-image-preview:large, max-video-preview:-1\" \/>\n<link rel=\"canonical\" href=\"https:\/\/diarioprincipios.com\/index.php\/2023\/08\/09\/se-vienen-anuncios-por-el-8vo-encuentro-regional-de-mujeres\/\" \/>\n<meta property=\"og:locale\" content=\"es_ES\" \/>\n<meta property=\"og:type\" content=\"article\" \/>\n<meta property=\"og:title\" content=\"Se vienen anuncios por el 8vo Encuentro Regional de Mujeres - Principios\" \/>\n<meta property=\"og:description\" content=\"La Comisi\u00f3n Organizadora por el Octavo Encuentro Regional de Mujeres y Diversidades de Quilmes, Berazategui y Florencio Varela, convoca para este viernes 11 de agosto a las 10hs en la Rosa de los Vientos de la Universidad Nacional de Quilmes (UNQ), a diferentes medios de comunicaci\u00f3n a acercarse para visibilizar una actividad que tiene ocho...\" \/>\n<meta property=\"og:url\" content=\"https:\/\/diarioprincipios.com\/index.php\/2023\/08\/09\/se-vienen-anuncios-por-el-8vo-encuentro-regional-de-mujeres\/\" \/>\n<meta property=\"og:site_name\" content=\"Principios\" \/>\n<meta property=\"article:published_time\" content=\"2023-08-09T16:05:14+00:00\" \/>\n<meta property=\"article:modified_time\" content=\"2023-08-29T21:43:43+00:00\" \/>\n<meta property=\"og:image\" content=\"https:\/\/diarioprincipios.com\/wp-content\/uploads\/2023\/08\/IMG-20230808-WA0013.jpg\" \/>\n\t<meta property=\"og:image:width\" content=\"1080\" \/>\n\t<meta property=\"og:image:height\" content=\"1080\" \/>\n\t<meta property=\"og:image:type\" content=\"image\/jpeg\" \/>\n<meta name=\"author\" content=\"Hern\u00e1n L\u00f3pez\" \/>\n<meta name=\"twitter:card\" content=\"summary_large_image\" \/>\n<meta name=\"twitter:label1\" content=\"Escrito por\" \/>\n\t<meta name=\"twitter:data1\" content=\"Hern\u00e1n L\u00f3pez\" \/>\n\t<meta name=\"twitter:label2\" content=\"Tiempo de lectura\" \/>\n\t<meta name=\"twitter:data2\" content=\"1 minuto\" \/>\n<script type=\"application\/ld+json\" class=\"yoast-schema-graph\">{\"@context\":\"https:\\\/\\\/schema.org\",\"@graph\":[{\"@type\":\"Article\",\"@id\":\"https:\\\/\\\/diarioprincipios.com\\\/index.php\\\/2023\\\/08\\\/09\\\/se-vienen-anuncios-por-el-8vo-encuentro-regional-de-mujeres\\\/#article\",\"isPartOf\":{\"@id\":\"https:\\\/\\\/diarioprincipios.com\\\/index.php\\\/2023\\\/08\\\/09\\\/se-vienen-anuncios-por-el-8vo-encuentro-regional-de-mujeres\\\/\"},\"author\":{\"name\":\"Hern\u00e1n L\u00f3pez\",\"@id\":\"https:\\\/\\\/diarioprincipios.com\\\/#\\\/schema\\\/person\\\/436d5a1fd41a5e250e23ff5a6a7cb080\"},\"headline\":\"Se vienen anuncios por el 8vo Encuentro Regional de Mujeres\",\"datePublished\":\"2023-08-09T16:05:14+00:00\",\"dateModified\":\"2023-08-29T21:43:43+00:00\",\"mainEntityOfPage\":{\"@id\":\"https:\\\/\\\/diarioprincipios.com\\\/index.php\\\/2023\\\/08\\\/09\\\/se-vienen-anuncios-por-el-8vo-encuentro-regional-de-mujeres\\\/\"},\"wordCount\":143,\"commentCount\":0,\"publisher\":{\"@id\":\"https:\\\/\\\/diarioprincipios.com\\\/#organization\"},\"image\":{\"@id\":\"https:\\\/\\\/diarioprincipios.com\\\/index.php\\\/2023\\\/08\\\/09\\\/se-vienen-anuncios-por-el-8vo-encuentro-regional-de-mujeres\\\/#primaryimage\"},\"thumbnailUrl\":\"https:\\\/\\\/diarioprincipios.com\\\/wp-content\\\/uploads\\\/2023\\\/08\\\/IMG-20230808-WA0013.jpg\",\"articleSection\":[\"Municipios\"],\"inLanguage\":\"es\",\"potentialAction\":[{\"@type\":\"CommentAction\",\"name\":\"Comment\",\"target\":[\"https:\\\/\\\/diarioprincipios.com\\\/index.php\\\/2023\\\/08\\\/09\\\/se-vienen-anuncios-por-el-8vo-encuentro-regional-de-mujeres\\\/#respond\"]}]},{\"@type\":\"WebPage\",\"@id\":\"https:\\\/\\\/diarioprincipios.com\\\/index.php\\\/2023\\\/08\\\/09\\\/se-vienen-anuncios-por-el-8vo-encuentro-regional-de-mujeres\\\/\",\"url\":\"https:\\\/\\\/diarioprincipios.com\\\/index.php\\\/2023\\\/08\\\/09\\\/se-vienen-anuncios-por-el-8vo-encuentro-regional-de-mujeres\\\/\",\"name\":\"Se vienen anuncios por el 8vo Encuentro Regional de Mujeres - Principios\",\"isPartOf\":{\"@id\":\"https:\\\/\\\/diarioprincipios.com\\\/#website\"},\"primaryImageOfPage\":{\"@id\":\"https:\\\/\\\/diarioprincipios.com\\\/index.php\\\/2023\\\/08\\\/09\\\/se-vienen-anuncios-por-el-8vo-encuentro-regional-de-mujeres\\\/#primaryimage\"},\"image\":{\"@id\":\"https:\\\/\\\/diarioprincipios.com\\\/index.php\\\/2023\\\/08\\\/09\\\/se-vienen-anuncios-por-el-8vo-encuentro-regional-de-mujeres\\\/#primaryimage\"},\"thumbnailUrl\":\"https:\\\/\\\/diarioprincipios.com\\\/wp-content\\\/uploads\\\/2023\\\/08\\\/IMG-20230808-WA0013.jpg\",\"datePublished\":\"2023-08-09T16:05:14+00:00\",\"dateModified\":\"2023-08-29T21:43:43+00:00\",\"breadcrumb\":{\"@id\":\"https:\\\/\\\/diarioprincipios.com\\\/index.php\\\/2023\\\/08\\\/09\\\/se-vienen-anuncios-por-el-8vo-encuentro-regional-de-mujeres\\\/#breadcrumb\"},\"inLanguage\":\"es\",\"potentialAction\":[{\"@type\":\"ReadAction\",\"target\":[\"https:\\\/\\\/diarioprincipios.com\\\/index.php\\\/2023\\\/08\\\/09\\\/se-vienen-anuncios-por-el-8vo-encuentro-regional-de-mujeres\\\/\"]}]},{\"@type\":\"ImageObject\",\"inLanguage\":\"es\",\"@id\":\"https:\\\/\\\/diarioprincipios.com\\\/index.php\\\/2023\\\/08\\\/09\\\/se-vienen-anuncios-por-el-8vo-encuentro-regional-de-mujeres\\\/#primaryimage\",\"url\":\"https:\\\/\\\/diarioprincipios.com\\\/wp-content\\\/uploads\\\/2023\\\/08\\\/IMG-20230808-WA0013.jpg\",\"contentUrl\":\"https:\\\/\\\/diarioprincipios.com\\\/wp-content\\\/uploads\\\/2023\\\/08\\\/IMG-20230808-WA0013.jpg\",\"width\":1080,\"height\":1080},{\"@type\":\"BreadcrumbList\",\"@id\":\"https:\\\/\\\/diarioprincipios.com\\\/index.php\\\/2023\\\/08\\\/09\\\/se-vienen-anuncios-por-el-8vo-encuentro-regional-de-mujeres\\\/#breadcrumb\",\"itemListElement\":[{\"@type\":\"ListItem\",\"position\":1,\"name\":\"Portada\",\"item\":\"https:\\\/\\\/diarioprincipios.com\\\/\"},{\"@type\":\"ListItem\",\"position\":2,\"name\":\"Se vienen anuncios por el 8vo Encuentro Regional de Mujeres\"}]},{\"@type\":\"WebSite\",\"@id\":\"https:\\\/\\\/diarioprincipios.com\\\/#website\",\"url\":\"https:\\\/\\\/diarioprincipios.com\\\/\",\"name\":\"Principios\",\"description\":\"Principios Diario\",\"publisher\":{\"@id\":\"https:\\\/\\\/diarioprincipios.com\\\/#organization\"},\"potentialAction\":[{\"@type\":\"SearchAction\",\"target\":{\"@type\":\"EntryPoint\",\"urlTemplate\":\"https:\\\/\\\/diarioprincipios.com\\\/?s={search_term_string}\"},\"query-input\":{\"@type\":\"PropertyValueSpecification\",\"valueRequired\":true,\"valueName\":\"search_term_string\"}}],\"inLanguage\":\"es\"},{\"@type\":\"Organization\",\"@id\":\"https:\\\/\\\/diarioprincipios.com\\\/#organization\",\"name\":\"Principios\",\"url\":\"https:\\\/\\\/diarioprincipios.com\\\/\",\"logo\":{\"@type\":\"ImageObject\",\"inLanguage\":\"es\",\"@id\":\"https:\\\/\\\/diarioprincipios.com\\\/#\\\/schema\\\/logo\\\/image\\\/\",\"url\":\"https:\\\/\\\/diarioprincipios.com\\\/wp-content\\\/uploads\\\/2024\\\/04\\\/cropped-www.diarioprincipios.com_-1.png\",\"contentUrl\":\"https:\\\/\\\/diarioprincipios.com\\\/wp-content\\\/uploads\\\/2024\\\/04\\\/cropped-www.diarioprincipios.com_-1.png\",\"width\":5325,\"height\":1454,\"caption\":\"Principios\"},\"image\":{\"@id\":\"https:\\\/\\\/diarioprincipios.com\\\/#\\\/schema\\\/logo\\\/image\\\/\"}},{\"@type\":\"Person\",\"@id\":\"https:\\\/\\\/diarioprincipios.com\\\/#\\\/schema\\\/person\\\/436d5a1fd41a5e250e23ff5a6a7cb080\",\"name\":\"Hern\u00e1n L\u00f3pez\",\"image\":{\"@type\":\"ImageObject\",\"inLanguage\":\"es\",\"@id\":\"https:\\\/\\\/diarioprincipios.com\\\/wp-content\\\/litespeed\\\/avatar\\\/11ddfe5610ff3bd100522525b2571f48.jpg?ver=1777048341\",\"url\":\"https:\\\/\\\/diarioprincipios.com\\\/wp-content\\\/litespeed\\\/avatar\\\/11ddfe5610ff3bd100522525b2571f48.jpg?ver=1777048341\",\"contentUrl\":\"https:\\\/\\\/diarioprincipios.com\\\/wp-content\\\/litespeed\\\/avatar\\\/11ddfe5610ff3bd100522525b2571f48.jpg?ver=1777048341\",\"caption\":\"Hern\u00e1n L\u00f3pez\"},\"url\":\"https:\\\/\\\/diarioprincipios.com\\\/index.php\\\/author\\\/hernan\\\/\"}]}<\/script>\n<!-- \/ Yoast SEO plugin. -->","yoast_head_json":{"title":"Se vienen anuncios por el 8vo Encuentro Regional de Mujeres - Principios","robots":{"index":"index","follow":"follow","max-snippet":"max-snippet:-1","max-image-preview":"max-image-preview:large","max-video-preview":"max-video-preview:-1"},"canonical":"https:\/\/diarioprincipios.com\/index.php\/2023\/08\/09\/se-vienen-anuncios-por-el-8vo-encuentro-regional-de-mujeres\/","og_locale":"es_ES","og_type":"article","og_title":"Se vienen anuncios por el 8vo Encuentro Regional de Mujeres - Principios","og_description":"La Comisi\u00f3n Organizadora por el Octavo Encuentro Regional de Mujeres y Diversidades de Quilmes, Berazategui y Florencio Varela, convoca para este viernes 11 de agosto a las 10hs en la Rosa de los Vientos de la Universidad Nacional de Quilmes (UNQ), a diferentes medios de comunicaci\u00f3n a acercarse para visibilizar una actividad que tiene ocho...","og_url":"https:\/\/diarioprincipios.com\/index.php\/2023\/08\/09\/se-vienen-anuncios-por-el-8vo-encuentro-regional-de-mujeres\/","og_site_name":"Principios","article_published_time":"2023-08-09T16:05:14+00:00","article_modified_time":"2023-08-29T21:43:43+00:00","og_image":[{"width":1080,"height":1080,"url":"https:\/\/diarioprincipios.com\/wp-content\/uploads\/2023\/08\/IMG-20230808-WA0013.jpg","type":"image\/jpeg"}],"author":"Hern\u00e1n L\u00f3pez","twitter_card":"summary_large_image","twitter_misc":{"Escrito por":"Hern\u00e1n L\u00f3pez","Tiempo de lectura":"1 minuto"},"schema":{"@context":"https:\/\/schema.org","@graph":[{"@type":"Article","@id":"https:\/\/diarioprincipios.com\/index.php\/2023\/08\/09\/se-vienen-anuncios-por-el-8vo-encuentro-regional-de-mujeres\/#article","isPartOf":{"@id":"https:\/\/diarioprincipios.com\/index.php\/2023\/08\/09\/se-vienen-anuncios-por-el-8vo-encuentro-regional-de-mujeres\/"},"author":{"name":"Hern\u00e1n L\u00f3pez","@id":"https:\/\/diarioprincipios.com\/#\/schema\/person\/436d5a1fd41a5e250e23ff5a6a7cb080"},"headline":"Se vienen anuncios por el 8vo Encuentro Regional de Mujeres","datePublished":"2023-08-09T16:05:14+00:00","dateModified":"2023-08-29T21:43:43+00:00","mainEntityOfPage":{"@id":"https:\/\/diarioprincipios.com\/index.php\/2023\/08\/09\/se-vienen-anuncios-por-el-8vo-encuentro-regional-de-mujeres\/"},"wordCount":143,"commentCount":0,"publisher":{"@id":"https:\/\/diarioprincipios.com\/#organization"},"image":{"@id":"https:\/\/diarioprincipios.com\/index.php\/2023\/08\/09\/se-vienen-anuncios-por-el-8vo-encuentro-regional-de-mujeres\/#primaryimage"},"thumbnailUrl":"https:\/\/diarioprincipios.com\/wp-content\/uploads\/2023\/08\/IMG-20230808-WA0013.jpg","articleSection":["Municipios"],"inLanguage":"es","potentialAction":[{"@type":"CommentAction","name":"Comment","target":["https:\/\/diarioprincipios.com\/index.php\/2023\/08\/09\/se-vienen-anuncios-por-el-8vo-encuentro-regional-de-mujeres\/#respond"]}]},{"@type":"WebPage","@id":"https:\/\/diarioprincipios.com\/index.php\/2023\/08\/09\/se-vienen-anuncios-por-el-8vo-encuentro-regional-de-mujeres\/","url":"https:\/\/diarioprincipios.com\/index.php\/2023\/08\/09\/se-vienen-anuncios-por-el-8vo-encuentro-regional-de-mujeres\/","name":"Se vienen anuncios por el 8vo Encuentro Regional de Mujeres - Principios","isPartOf":{"@id":"https:\/\/diarioprincipios.com\/#website"},"primaryImageOfPage":{"@id":"https:\/\/diarioprincipios.com\/index.php\/2023\/08\/09\/se-vienen-anuncios-por-el-8vo-encuentro-regional-de-mujeres\/#primaryimage"},"image":{"@id":"https:\/\/diarioprincipios.com\/index.php\/2023\/08\/09\/se-vienen-anuncios-por-el-8vo-encuentro-regional-de-mujeres\/#primaryimage"},"thumbnailUrl":"https:\/\/diarioprincipios.com\/wp-content\/uploads\/2023\/08\/IMG-20230808-WA0013.jpg","datePublished":"2023-08-09T16:05:14+00:00","dateModified":"2023-08-29T21:43:43+00:00","breadcrumb":{"@id":"https:\/\/diarioprincipios.com\/index.php\/2023\/08\/09\/se-vienen-anuncios-por-el-8vo-encuentro-regional-de-mujeres\/#breadcrumb"},"inLanguage":"es","potentialAction":[{"@type":"ReadAction","target":["https:\/\/diarioprincipios.com\/index.php\/2023\/08\/09\/se-vienen-anuncios-por-el-8vo-encuentro-regional-de-mujeres\/"]}]},{"@type":"ImageObject","inLanguage":"es","@id":"https:\/\/diarioprincipios.com\/index.php\/2023\/08\/09\/se-vienen-anuncios-por-el-8vo-encuentro-regional-de-mujeres\/#primaryimage","url":"https:\/\/diarioprincipios.com\/wp-content\/uploads\/2023\/08\/IMG-20230808-WA0013.jpg","contentUrl":"https:\/\/diarioprincipios.com\/wp-content\/uploads\/2023\/08\/IMG-20230808-WA0013.jpg","width":1080,"height":1080},{"@type":"BreadcrumbList","@id":"https:\/\/diarioprincipios.com\/index.php\/2023\/08\/09\/se-vienen-anuncios-por-el-8vo-encuentro-regional-de-mujeres\/#breadcrumb","itemListElement":[{"@type":"ListItem","position":1,"name":"Portada","item":"https:\/\/diarioprincipios.com\/"},{"@type":"ListItem","position":2,"name":"Se vienen anuncios por el 8vo Encuentro Regional de Mujeres"}]},{"@type":"WebSite","@id":"https:\/\/diarioprincipios.com\/#website","url":"https:\/\/diarioprincipios.com\/","name":"Principios","description":"Principios Diario","publisher":{"@id":"https:\/\/diarioprincipios.com\/#organization"},"potentialAction":[{"@type":"SearchAction","target":{"@type":"EntryPoint","urlTemplate":"https:\/\/diarioprincipios.com\/?s={search_term_string}"},"query-input":{"@type":"PropertyValueSpecification","valueRequired":true,"valueName":"search_term_string"}}],"inLanguage":"es"},{"@type":"Organization","@id":"https:\/\/diarioprincipios.com\/#organization","name":"Principios","url":"https:\/\/diarioprincipios.com\/","logo":{"@type":"ImageObject","inLanguage":"es","@id":"https:\/\/diarioprincipios.com\/#\/schema\/logo\/image\/","url":"https:\/\/diarioprincipios.com\/wp-content\/uploads\/2024\/04\/cropped-www.diarioprincipios.com_-1.png","contentUrl":"https:\/\/diarioprincipios.com\/wp-content\/uploads\/2024\/04\/cropped-www.diarioprincipios.com_-1.png","width":5325,"height":1454,"caption":"Principios"},"image":{"@id":"https:\/\/diarioprincipios.com\/#\/schema\/logo\/image\/"}},{"@type":"Person","@id":"https:\/\/diarioprincipios.com\/#\/schema\/person\/436d5a1fd41a5e250e23ff5a6a7cb080","name":"Hern\u00e1n L\u00f3pez","image":{"@type":"ImageObject","inLanguage":"es","@id":"https:\/\/diarioprincipios.com\/wp-content\/litespeed\/avatar\/11ddfe5610ff3bd100522525b2571f48.jpg?ver=1777048341","url":"https:\/\/diarioprincipios.com\/wp-content\/litespeed\/avatar\/11ddfe5610ff3bd100522525b2571f48.jpg?ver=1777048341","contentUrl":"https:\/\/diarioprincipios.com\/wp-content\/litespeed\/avatar\/11ddfe5610ff3bd100522525b2571f48.jpg?ver=1777048341","caption":"Hern\u00e1n L\u00f3pez"},"url":"https:\/\/diarioprincipios.com\/index.php\/author\/hernan\/"}]}},"jetpack_featured_media_url":"https:\/\/diarioprincipios.com\/wp-content\/uploads\/2023\/08\/IMG-20230808-WA0013.jpg","_links":{"self":[{"href":"https:\/\/diarioprincipios.com\/index.php\/wp-json\/wp\/v2\/posts\/18167","targetHints":{"allow":["GET"]}}],"collection":[{"href":"https:\/\/diarioprincipios.com\/index.php\/wp-json\/wp\/v2\/posts"}],"about":[{"href":"https:\/\/diarioprincipios.com\/index.php\/wp-json\/wp\/v2\/types\/post"}],"author":[{"embeddable":true,"href":"https:\/\/diarioprincipios.com\/index.php\/wp-json\/wp\/v2\/users\/2"}],"replies":[{"embeddable":true,"href":"https:\/\/diarioprincipios.com\/index.php\/wp-json\/wp\/v2\/comments?post=18167"}],"version-history":[{"count":1,"href":"https:\/\/diarioprincipios.com\/index.php\/wp-json\/wp\/v2\/posts\/18167\/revisions"}],"predecessor-version":[{"id":18169,"href":"https:\/\/diarioprincipios.com\/index.php\/wp-json\/wp\/v2\/posts\/18167\/revisions\/18169"}],"wp:featuredmedia":[{"embeddable":true,"href":"https:\/\/diarioprincipios.com\/index.php\/wp-json\/wp\/v2\/media\/18168"}],"wp:attachment":[{"href":"https:\/\/diarioprincipios.com\/index.php\/wp-json\/wp\/v2\/media?parent=18167"}],"wp:term":[{"taxonomy":"category","embeddable":true,"href":"https:\/\/diarioprincipios.com\/index.php\/wp-json\/wp\/v2\/categories?post=18167"},{"taxonomy":"post_tag","embeddable":true,"href":"https:\/\/diarioprincipios.com\/index.php\/wp-json\/wp\/v2\/tags?post=18167"}],"curies":[{"name":"wp","href":"https:\/\/api.w.org\/{rel}","templated":true}]}}