{"id":1808,"date":"2020-05-19T23:59:05","date_gmt":"2020-05-19T23:59:05","guid":{"rendered":"http:\/\/diarioprincipios.com\/?p=1808"},"modified":"2020-05-19T23:59:07","modified_gmt":"2020-05-19T23:59:07","slug":"la-municipalidad-de-berazategui-dio-a-conocer-los-precios-maximos-en-frutas-y-verduras","status":"publish","type":"post","link":"https:\/\/diarioprincipios.com\/index.php\/2020\/05\/19\/la-municipalidad-de-berazategui-dio-a-conocer-los-precios-maximos-en-frutas-y-verduras\/","title":{"rendered":"La Municipalidad de Berazategui dio a conocer los precios m\u00e1ximos en frutas y verduras"},"content":{"rendered":"\n<p><strong>En el marco del convenio firmado con el Mercado Central de Buenos Aires, la Municipalidad de Berazategui da a conocer el listado de precios m\u00e1ximos sugeridos para la venta de frutas y verduras en las verduler\u00edas, comercios y supermercados del distrito. El objetivo de esta iniciativa, impulsada por la Secretar\u00eda de Trabajo local, es combatir los aumentos indiscriminados sobre todo en la actual situaci\u00f3n de emergencia sanitaria por la pandemia de Coronavirus.<br><\/strong><br>Esta lista de valores, que se extender\u00e1 hasta el 21 de mayo, inclusive, contempla los siguientes productos:<\/p>\n\n\n\n<p>&#8211; Papa: $22 el kilo.<\/p>\n\n\n\n<p>&#8211; Cebolla: $37 el kilo.<\/p>\n\n\n\n<p>&#8211; Banana (comercial): $66 el kilo.<\/p>\n\n\n\n<p>&#8211; Pera: $74 el kilo.<\/p>\n\n\n\n<p>&#8211; Tomate: $125 el kilo.<\/p>\n\n\n\n<p>&#8211; Lim\u00f3n: $30 el kilo.<\/p>\n\n\n\n<p>&#8211; Naranja (ombligo y jugo): $52 el kilo.<\/p>\n\n\n\n<p>&#8211; Zapallo (anco y cabutia): $26 el kilo.<\/p>\n\n\n\n<p>&#8211; Banana (Ecuador): $96 el kilo.<\/p>\n\n\n\n<p>&#8211; Mandarina: $59 el kilo.<\/p>\n\n\n\n<p>&#8211; Lechuga: $82 el kilo.<\/p>\n\n\n\n<p>&#8211; Manzana: $74 el kilo.<\/p>\n\n\n\n<p>&#8211; Batata: $30 el kilo.<\/p>\n\n\n\n<p>&#8211; Zapallito (redondo): $88 el kilo.<\/p>\n\n\n\n<p>Quienes detecten sobreprecios, pueden comunicarse para denunciarlo al 4256-1004 y al 4356-9200 (Int. 1146), de lunes a viernes, de 8.00 a 17.00. Tambi\u00e9n pueden hacerlo por Whatsapp, al 11-2452-8972; v\u00eda mail a&nbsp;<a rel=\"noreferrer noopener\" target=\"_blank\" href=\"mailto:consumidorberazategui@gmail.com\">consumidorberazategui@gmail.com<\/a>; o ingresando en&nbsp;<a rel=\"noreferrer noopener\" target=\"_blank\" href=\"http:\/\/simap.gba.gob.ar\/\">simap.gba.gob.ar<\/a>. Todos los comercios deben exhibir obligatoriamente el listado de los valores m\u00e1ximos acordados para la venta minorista, para conocimiento de los clientes.<\/p>\n\n\n\n<p>Adem\u00e1s, los vecinos pueden consultar el listado en&nbsp;<a rel=\"noreferrer noopener\" target=\"_blank\" href=\"http:\/\/berazategui.gob.ar\/preciossugeridos\">berazategui.gob.ar\/preciossugeridos<\/a>.<\/p>\n","protected":false},"excerpt":{"rendered":"<p>En el marco del convenio firmado con el Mercado Central de Buenos Aires, la Municipalidad de Berazategui da a conocer el listado de precios m\u00e1ximos sugeridos para la venta de frutas y verduras en las verduler\u00edas, comercios y supermercados del distrito. El objetivo de esta iniciativa, impulsada por la Secretar\u00eda de Trabajo local, es combatir&#8230;<\/p>\n","protected":false},"author":2,"featured_media":1811,"comment_status":"open","ping_status":"open","sticky":false,"template":"","format":"standard","meta":{"footnotes":""},"categories":[3],"tags":[],"class_list":["post-1808","post","type-post","status-publish","format-standard","has-post-thumbnail","hentry","category-berazategui"],"featured_image_src":"https:\/\/diarioprincipios.com\/wp-content\/uploads\/2020\/05\/LA-MUNICIPALIDAD-DE-BERAZATEGUI-INFORMA-PRECIOS-M\u00c1XIMOS-EN-FRUTAS-Y-VERDURAS-1.jpg","blog_images":{"medium":"https:\/\/diarioprincipios.com\/wp-content\/uploads\/2020\/05\/LA-MUNICIPALIDAD-DE-BERAZATEGUI-INFORMA-PRECIOS-M\u00c1XIMOS-EN-FRUTAS-Y-VERDURAS-1-300x225.jpg","large":"https:\/\/diarioprincipios.com\/wp-content\/uploads\/2020\/05\/LA-MUNICIPALIDAD-DE-BERAZATEGUI-INFORMA-PRECIOS-M\u00c1XIMOS-EN-FRUTAS-Y-VERDURAS-1.jpg"},"ams_acf":[],"yoast_head":"<!-- This site is optimized with the Yoast SEO plugin v27.3 - https:\/\/yoast.com\/product\/yoast-seo-wordpress\/ -->\n<title>La Municipalidad de Berazategui dio a conocer los precios m\u00e1ximos en frutas y verduras - Principios<\/title>\n<meta name=\"robots\" content=\"index, follow, max-snippet:-1, max-image-preview:large, max-video-preview:-1\" \/>\n<link rel=\"canonical\" href=\"https:\/\/diarioprincipios.com\/index.php\/2020\/05\/19\/la-municipalidad-de-berazategui-dio-a-conocer-los-precios-maximos-en-frutas-y-verduras\/\" \/>\n<meta property=\"og:locale\" content=\"es_ES\" \/>\n<meta property=\"og:type\" content=\"article\" \/>\n<meta property=\"og:title\" content=\"La Municipalidad de Berazategui dio a conocer los precios m\u00e1ximos en frutas y verduras - Principios\" \/>\n<meta property=\"og:description\" content=\"En el marco del convenio firmado con el Mercado Central de Buenos Aires, la Municipalidad de Berazategui da a conocer el listado de precios m\u00e1ximos sugeridos para la venta de frutas y verduras en las verduler\u00edas, comercios y supermercados del distrito. El objetivo de esta iniciativa, impulsada por la Secretar\u00eda de Trabajo local, es combatir...\" \/>\n<meta property=\"og:url\" content=\"https:\/\/diarioprincipios.com\/index.php\/2020\/05\/19\/la-municipalidad-de-berazategui-dio-a-conocer-los-precios-maximos-en-frutas-y-verduras\/\" \/>\n<meta property=\"og:site_name\" content=\"Principios\" \/>\n<meta property=\"article:published_time\" content=\"2020-05-19T23:59:05+00:00\" \/>\n<meta property=\"article:modified_time\" content=\"2020-05-19T23:59:07+00:00\" \/>\n<meta property=\"og:image\" content=\"https:\/\/diarioprincipios.com\/wp-content\/uploads\/2020\/05\/LA-MUNICIPALIDAD-DE-BERAZATEGUI-INFORMA-PRECIOS-M\u00c1XIMOS-EN-FRUTAS-Y-VERDURAS-1.jpg\" \/>\n\t<meta property=\"og:image:width\" content=\"800\" \/>\n\t<meta property=\"og:image:height\" content=\"600\" \/>\n\t<meta property=\"og:image:type\" content=\"image\/jpeg\" \/>\n<meta name=\"author\" content=\"Hern\u00e1n L\u00f3pez\" \/>\n<meta name=\"twitter:card\" content=\"summary_large_image\" \/>\n<meta name=\"twitter:label1\" content=\"Escrito por\" \/>\n\t<meta name=\"twitter:data1\" content=\"Hern\u00e1n L\u00f3pez\" \/>\n\t<meta name=\"twitter:label2\" content=\"Tiempo de lectura\" \/>\n\t<meta name=\"twitter:data2\" content=\"1 minuto\" \/>\n<script type=\"application\/ld+json\" class=\"yoast-schema-graph\">{\"@context\":\"https:\\\/\\\/schema.org\",\"@graph\":[{\"@type\":\"Article\",\"@id\":\"https:\\\/\\\/diarioprincipios.com\\\/index.php\\\/2020\\\/05\\\/19\\\/la-municipalidad-de-berazategui-dio-a-conocer-los-precios-maximos-en-frutas-y-verduras\\\/#article\",\"isPartOf\":{\"@id\":\"https:\\\/\\\/diarioprincipios.com\\\/index.php\\\/2020\\\/05\\\/19\\\/la-municipalidad-de-berazategui-dio-a-conocer-los-precios-maximos-en-frutas-y-verduras\\\/\"},\"author\":{\"name\":\"Hern\u00e1n L\u00f3pez\",\"@id\":\"https:\\\/\\\/diarioprincipios.com\\\/#\\\/schema\\\/person\\\/436d5a1fd41a5e250e23ff5a6a7cb080\"},\"headline\":\"La Municipalidad de Berazategui dio a conocer los precios m\u00e1ximos en frutas y verduras\",\"datePublished\":\"2020-05-19T23:59:05+00:00\",\"dateModified\":\"2020-05-19T23:59:07+00:00\",\"mainEntityOfPage\":{\"@id\":\"https:\\\/\\\/diarioprincipios.com\\\/index.php\\\/2020\\\/05\\\/19\\\/la-municipalidad-de-berazategui-dio-a-conocer-los-precios-maximos-en-frutas-y-verduras\\\/\"},\"wordCount\":254,\"commentCount\":0,\"publisher\":{\"@id\":\"https:\\\/\\\/diarioprincipios.com\\\/#organization\"},\"image\":{\"@id\":\"https:\\\/\\\/diarioprincipios.com\\\/index.php\\\/2020\\\/05\\\/19\\\/la-municipalidad-de-berazategui-dio-a-conocer-los-precios-maximos-en-frutas-y-verduras\\\/#primaryimage\"},\"thumbnailUrl\":\"https:\\\/\\\/diarioprincipios.com\\\/wp-content\\\/uploads\\\/2020\\\/05\\\/LA-MUNICIPALIDAD-DE-BERAZATEGUI-INFORMA-PRECIOS-M\u00c1XIMOS-EN-FRUTAS-Y-VERDURAS-1.jpg\",\"articleSection\":[\"Berazategui\"],\"inLanguage\":\"es\",\"potentialAction\":[{\"@type\":\"CommentAction\",\"name\":\"Comment\",\"target\":[\"https:\\\/\\\/diarioprincipios.com\\\/index.php\\\/2020\\\/05\\\/19\\\/la-municipalidad-de-berazategui-dio-a-conocer-los-precios-maximos-en-frutas-y-verduras\\\/#respond\"]}]},{\"@type\":\"WebPage\",\"@id\":\"https:\\\/\\\/diarioprincipios.com\\\/index.php\\\/2020\\\/05\\\/19\\\/la-municipalidad-de-berazategui-dio-a-conocer-los-precios-maximos-en-frutas-y-verduras\\\/\",\"url\":\"https:\\\/\\\/diarioprincipios.com\\\/index.php\\\/2020\\\/05\\\/19\\\/la-municipalidad-de-berazategui-dio-a-conocer-los-precios-maximos-en-frutas-y-verduras\\\/\",\"name\":\"La Municipalidad de Berazategui dio a conocer los precios m\u00e1ximos en frutas y verduras - Principios\",\"isPartOf\":{\"@id\":\"https:\\\/\\\/diarioprincipios.com\\\/#website\"},\"primaryImageOfPage\":{\"@id\":\"https:\\\/\\\/diarioprincipios.com\\\/index.php\\\/2020\\\/05\\\/19\\\/la-municipalidad-de-berazategui-dio-a-conocer-los-precios-maximos-en-frutas-y-verduras\\\/#primaryimage\"},\"image\":{\"@id\":\"https:\\\/\\\/diarioprincipios.com\\\/index.php\\\/2020\\\/05\\\/19\\\/la-municipalidad-de-berazategui-dio-a-conocer-los-precios-maximos-en-frutas-y-verduras\\\/#primaryimage\"},\"thumbnailUrl\":\"https:\\\/\\\/diarioprincipios.com\\\/wp-content\\\/uploads\\\/2020\\\/05\\\/LA-MUNICIPALIDAD-DE-BERAZATEGUI-INFORMA-PRECIOS-M\u00c1XIMOS-EN-FRUTAS-Y-VERDURAS-1.jpg\",\"datePublished\":\"2020-05-19T23:59:05+00:00\",\"dateModified\":\"2020-05-19T23:59:07+00:00\",\"breadcrumb\":{\"@id\":\"https:\\\/\\\/diarioprincipios.com\\\/index.php\\\/2020\\\/05\\\/19\\\/la-municipalidad-de-berazategui-dio-a-conocer-los-precios-maximos-en-frutas-y-verduras\\\/#breadcrumb\"},\"inLanguage\":\"es\",\"potentialAction\":[{\"@type\":\"ReadAction\",\"target\":[\"https:\\\/\\\/diarioprincipios.com\\\/index.php\\\/2020\\\/05\\\/19\\\/la-municipalidad-de-berazategui-dio-a-conocer-los-precios-maximos-en-frutas-y-verduras\\\/\"]}]},{\"@type\":\"ImageObject\",\"inLanguage\":\"es\",\"@id\":\"https:\\\/\\\/diarioprincipios.com\\\/index.php\\\/2020\\\/05\\\/19\\\/la-municipalidad-de-berazategui-dio-a-conocer-los-precios-maximos-en-frutas-y-verduras\\\/#primaryimage\",\"url\":\"https:\\\/\\\/diarioprincipios.com\\\/wp-content\\\/uploads\\\/2020\\\/05\\\/LA-MUNICIPALIDAD-DE-BERAZATEGUI-INFORMA-PRECIOS-M\u00c1XIMOS-EN-FRUTAS-Y-VERDURAS-1.jpg\",\"contentUrl\":\"https:\\\/\\\/diarioprincipios.com\\\/wp-content\\\/uploads\\\/2020\\\/05\\\/LA-MUNICIPALIDAD-DE-BERAZATEGUI-INFORMA-PRECIOS-M\u00c1XIMOS-EN-FRUTAS-Y-VERDURAS-1.jpg\",\"width\":800,\"height\":600},{\"@type\":\"BreadcrumbList\",\"@id\":\"https:\\\/\\\/diarioprincipios.com\\\/index.php\\\/2020\\\/05\\\/19\\\/la-municipalidad-de-berazategui-dio-a-conocer-los-precios-maximos-en-frutas-y-verduras\\\/#breadcrumb\",\"itemListElement\":[{\"@type\":\"ListItem\",\"position\":1,\"name\":\"Portada\",\"item\":\"https:\\\/\\\/diarioprincipios.com\\\/\"},{\"@type\":\"ListItem\",\"position\":2,\"name\":\"La Municipalidad de Berazategui dio a conocer los precios m\u00e1ximos en frutas y verduras\"}]},{\"@type\":\"WebSite\",\"@id\":\"https:\\\/\\\/diarioprincipios.com\\\/#website\",\"url\":\"https:\\\/\\\/diarioprincipios.com\\\/\",\"name\":\"Principios\",\"description\":\"Principios Diario\",\"publisher\":{\"@id\":\"https:\\\/\\\/diarioprincipios.com\\\/#organization\"},\"potentialAction\":[{\"@type\":\"SearchAction\",\"target\":{\"@type\":\"EntryPoint\",\"urlTemplate\":\"https:\\\/\\\/diarioprincipios.com\\\/?s={search_term_string}\"},\"query-input\":{\"@type\":\"PropertyValueSpecification\",\"valueRequired\":true,\"valueName\":\"search_term_string\"}}],\"inLanguage\":\"es\"},{\"@type\":\"Organization\",\"@id\":\"https:\\\/\\\/diarioprincipios.com\\\/#organization\",\"name\":\"Principios\",\"url\":\"https:\\\/\\\/diarioprincipios.com\\\/\",\"logo\":{\"@type\":\"ImageObject\",\"inLanguage\":\"es\",\"@id\":\"https:\\\/\\\/diarioprincipios.com\\\/#\\\/schema\\\/logo\\\/image\\\/\",\"url\":\"https:\\\/\\\/diarioprincipios.com\\\/wp-content\\\/uploads\\\/2024\\\/04\\\/cropped-www.diarioprincipios.com_-1.png\",\"contentUrl\":\"https:\\\/\\\/diarioprincipios.com\\\/wp-content\\\/uploads\\\/2024\\\/04\\\/cropped-www.diarioprincipios.com_-1.png\",\"width\":5325,\"height\":1454,\"caption\":\"Principios\"},\"image\":{\"@id\":\"https:\\\/\\\/diarioprincipios.com\\\/#\\\/schema\\\/logo\\\/image\\\/\"}},{\"@type\":\"Person\",\"@id\":\"https:\\\/\\\/diarioprincipios.com\\\/#\\\/schema\\\/person\\\/436d5a1fd41a5e250e23ff5a6a7cb080\",\"name\":\"Hern\u00e1n L\u00f3pez\",\"image\":{\"@type\":\"ImageObject\",\"inLanguage\":\"es\",\"@id\":\"https:\\\/\\\/diarioprincipios.com\\\/wp-content\\\/litespeed\\\/avatar\\\/11ddfe5610ff3bd100522525b2571f48.jpg?ver=1777048341\",\"url\":\"https:\\\/\\\/diarioprincipios.com\\\/wp-content\\\/litespeed\\\/avatar\\\/11ddfe5610ff3bd100522525b2571f48.jpg?ver=1777048341\",\"contentUrl\":\"https:\\\/\\\/diarioprincipios.com\\\/wp-content\\\/litespeed\\\/avatar\\\/11ddfe5610ff3bd100522525b2571f48.jpg?ver=1777048341\",\"caption\":\"Hern\u00e1n L\u00f3pez\"},\"url\":\"https:\\\/\\\/diarioprincipios.com\\\/index.php\\\/author\\\/hernan\\\/\"}]}<\/script>\n<!-- \/ Yoast SEO plugin. -->","yoast_head_json":{"title":"La Municipalidad de Berazategui dio a conocer los precios m\u00e1ximos en frutas y verduras - Principios","robots":{"index":"index","follow":"follow","max-snippet":"max-snippet:-1","max-image-preview":"max-image-preview:large","max-video-preview":"max-video-preview:-1"},"canonical":"https:\/\/diarioprincipios.com\/index.php\/2020\/05\/19\/la-municipalidad-de-berazategui-dio-a-conocer-los-precios-maximos-en-frutas-y-verduras\/","og_locale":"es_ES","og_type":"article","og_title":"La Municipalidad de Berazategui dio a conocer los precios m\u00e1ximos en frutas y verduras - Principios","og_description":"En el marco del convenio firmado con el Mercado Central de Buenos Aires, la Municipalidad de Berazategui da a conocer el listado de precios m\u00e1ximos sugeridos para la venta de frutas y verduras en las verduler\u00edas, comercios y supermercados del distrito. El objetivo de esta iniciativa, impulsada por la Secretar\u00eda de Trabajo local, es combatir...","og_url":"https:\/\/diarioprincipios.com\/index.php\/2020\/05\/19\/la-municipalidad-de-berazategui-dio-a-conocer-los-precios-maximos-en-frutas-y-verduras\/","og_site_name":"Principios","article_published_time":"2020-05-19T23:59:05+00:00","article_modified_time":"2020-05-19T23:59:07+00:00","og_image":[{"width":800,"height":600,"url":"https:\/\/diarioprincipios.com\/wp-content\/uploads\/2020\/05\/LA-MUNICIPALIDAD-DE-BERAZATEGUI-INFORMA-PRECIOS-M\u00c1XIMOS-EN-FRUTAS-Y-VERDURAS-1.jpg","type":"image\/jpeg"}],"author":"Hern\u00e1n L\u00f3pez","twitter_card":"summary_large_image","twitter_misc":{"Escrito por":"Hern\u00e1n L\u00f3pez","Tiempo de lectura":"1 minuto"},"schema":{"@context":"https:\/\/schema.org","@graph":[{"@type":"Article","@id":"https:\/\/diarioprincipios.com\/index.php\/2020\/05\/19\/la-municipalidad-de-berazategui-dio-a-conocer-los-precios-maximos-en-frutas-y-verduras\/#article","isPartOf":{"@id":"https:\/\/diarioprincipios.com\/index.php\/2020\/05\/19\/la-municipalidad-de-berazategui-dio-a-conocer-los-precios-maximos-en-frutas-y-verduras\/"},"author":{"name":"Hern\u00e1n L\u00f3pez","@id":"https:\/\/diarioprincipios.com\/#\/schema\/person\/436d5a1fd41a5e250e23ff5a6a7cb080"},"headline":"La Municipalidad de Berazategui dio a conocer los precios m\u00e1ximos en frutas y verduras","datePublished":"2020-05-19T23:59:05+00:00","dateModified":"2020-05-19T23:59:07+00:00","mainEntityOfPage":{"@id":"https:\/\/diarioprincipios.com\/index.php\/2020\/05\/19\/la-municipalidad-de-berazategui-dio-a-conocer-los-precios-maximos-en-frutas-y-verduras\/"},"wordCount":254,"commentCount":0,"publisher":{"@id":"https:\/\/diarioprincipios.com\/#organization"},"image":{"@id":"https:\/\/diarioprincipios.com\/index.php\/2020\/05\/19\/la-municipalidad-de-berazategui-dio-a-conocer-los-precios-maximos-en-frutas-y-verduras\/#primaryimage"},"thumbnailUrl":"https:\/\/diarioprincipios.com\/wp-content\/uploads\/2020\/05\/LA-MUNICIPALIDAD-DE-BERAZATEGUI-INFORMA-PRECIOS-M\u00c1XIMOS-EN-FRUTAS-Y-VERDURAS-1.jpg","articleSection":["Berazategui"],"inLanguage":"es","potentialAction":[{"@type":"CommentAction","name":"Comment","target":["https:\/\/diarioprincipios.com\/index.php\/2020\/05\/19\/la-municipalidad-de-berazategui-dio-a-conocer-los-precios-maximos-en-frutas-y-verduras\/#respond"]}]},{"@type":"WebPage","@id":"https:\/\/diarioprincipios.com\/index.php\/2020\/05\/19\/la-municipalidad-de-berazategui-dio-a-conocer-los-precios-maximos-en-frutas-y-verduras\/","url":"https:\/\/diarioprincipios.com\/index.php\/2020\/05\/19\/la-municipalidad-de-berazategui-dio-a-conocer-los-precios-maximos-en-frutas-y-verduras\/","name":"La Municipalidad de Berazategui dio a conocer los precios m\u00e1ximos en frutas y verduras - Principios","isPartOf":{"@id":"https:\/\/diarioprincipios.com\/#website"},"primaryImageOfPage":{"@id":"https:\/\/diarioprincipios.com\/index.php\/2020\/05\/19\/la-municipalidad-de-berazategui-dio-a-conocer-los-precios-maximos-en-frutas-y-verduras\/#primaryimage"},"image":{"@id":"https:\/\/diarioprincipios.com\/index.php\/2020\/05\/19\/la-municipalidad-de-berazategui-dio-a-conocer-los-precios-maximos-en-frutas-y-verduras\/#primaryimage"},"thumbnailUrl":"https:\/\/diarioprincipios.com\/wp-content\/uploads\/2020\/05\/LA-MUNICIPALIDAD-DE-BERAZATEGUI-INFORMA-PRECIOS-M\u00c1XIMOS-EN-FRUTAS-Y-VERDURAS-1.jpg","datePublished":"2020-05-19T23:59:05+00:00","dateModified":"2020-05-19T23:59:07+00:00","breadcrumb":{"@id":"https:\/\/diarioprincipios.com\/index.php\/2020\/05\/19\/la-municipalidad-de-berazategui-dio-a-conocer-los-precios-maximos-en-frutas-y-verduras\/#breadcrumb"},"inLanguage":"es","potentialAction":[{"@type":"ReadAction","target":["https:\/\/diarioprincipios.com\/index.php\/2020\/05\/19\/la-municipalidad-de-berazategui-dio-a-conocer-los-precios-maximos-en-frutas-y-verduras\/"]}]},{"@type":"ImageObject","inLanguage":"es","@id":"https:\/\/diarioprincipios.com\/index.php\/2020\/05\/19\/la-municipalidad-de-berazategui-dio-a-conocer-los-precios-maximos-en-frutas-y-verduras\/#primaryimage","url":"https:\/\/diarioprincipios.com\/wp-content\/uploads\/2020\/05\/LA-MUNICIPALIDAD-DE-BERAZATEGUI-INFORMA-PRECIOS-M\u00c1XIMOS-EN-FRUTAS-Y-VERDURAS-1.jpg","contentUrl":"https:\/\/diarioprincipios.com\/wp-content\/uploads\/2020\/05\/LA-MUNICIPALIDAD-DE-BERAZATEGUI-INFORMA-PRECIOS-M\u00c1XIMOS-EN-FRUTAS-Y-VERDURAS-1.jpg","width":800,"height":600},{"@type":"BreadcrumbList","@id":"https:\/\/diarioprincipios.com\/index.php\/2020\/05\/19\/la-municipalidad-de-berazategui-dio-a-conocer-los-precios-maximos-en-frutas-y-verduras\/#breadcrumb","itemListElement":[{"@type":"ListItem","position":1,"name":"Portada","item":"https:\/\/diarioprincipios.com\/"},{"@type":"ListItem","position":2,"name":"La Municipalidad de Berazategui dio a conocer los precios m\u00e1ximos en frutas y verduras"}]},{"@type":"WebSite","@id":"https:\/\/diarioprincipios.com\/#website","url":"https:\/\/diarioprincipios.com\/","name":"Principios","description":"Principios Diario","publisher":{"@id":"https:\/\/diarioprincipios.com\/#organization"},"potentialAction":[{"@type":"SearchAction","target":{"@type":"EntryPoint","urlTemplate":"https:\/\/diarioprincipios.com\/?s={search_term_string}"},"query-input":{"@type":"PropertyValueSpecification","valueRequired":true,"valueName":"search_term_string"}}],"inLanguage":"es"},{"@type":"Organization","@id":"https:\/\/diarioprincipios.com\/#organization","name":"Principios","url":"https:\/\/diarioprincipios.com\/","logo":{"@type":"ImageObject","inLanguage":"es","@id":"https:\/\/diarioprincipios.com\/#\/schema\/logo\/image\/","url":"https:\/\/diarioprincipios.com\/wp-content\/uploads\/2024\/04\/cropped-www.diarioprincipios.com_-1.png","contentUrl":"https:\/\/diarioprincipios.com\/wp-content\/uploads\/2024\/04\/cropped-www.diarioprincipios.com_-1.png","width":5325,"height":1454,"caption":"Principios"},"image":{"@id":"https:\/\/diarioprincipios.com\/#\/schema\/logo\/image\/"}},{"@type":"Person","@id":"https:\/\/diarioprincipios.com\/#\/schema\/person\/436d5a1fd41a5e250e23ff5a6a7cb080","name":"Hern\u00e1n L\u00f3pez","image":{"@type":"ImageObject","inLanguage":"es","@id":"https:\/\/diarioprincipios.com\/wp-content\/litespeed\/avatar\/11ddfe5610ff3bd100522525b2571f48.jpg?ver=1777048341","url":"https:\/\/diarioprincipios.com\/wp-content\/litespeed\/avatar\/11ddfe5610ff3bd100522525b2571f48.jpg?ver=1777048341","contentUrl":"https:\/\/diarioprincipios.com\/wp-content\/litespeed\/avatar\/11ddfe5610ff3bd100522525b2571f48.jpg?ver=1777048341","caption":"Hern\u00e1n L\u00f3pez"},"url":"https:\/\/diarioprincipios.com\/index.php\/author\/hernan\/"}]}},"jetpack_featured_media_url":"https:\/\/diarioprincipios.com\/wp-content\/uploads\/2020\/05\/LA-MUNICIPALIDAD-DE-BERAZATEGUI-INFORMA-PRECIOS-M\u00c1XIMOS-EN-FRUTAS-Y-VERDURAS-1.jpg","_links":{"self":[{"href":"https:\/\/diarioprincipios.com\/index.php\/wp-json\/wp\/v2\/posts\/1808","targetHints":{"allow":["GET"]}}],"collection":[{"href":"https:\/\/diarioprincipios.com\/index.php\/wp-json\/wp\/v2\/posts"}],"about":[{"href":"https:\/\/diarioprincipios.com\/index.php\/wp-json\/wp\/v2\/types\/post"}],"author":[{"embeddable":true,"href":"https:\/\/diarioprincipios.com\/index.php\/wp-json\/wp\/v2\/users\/2"}],"replies":[{"embeddable":true,"href":"https:\/\/diarioprincipios.com\/index.php\/wp-json\/wp\/v2\/comments?post=1808"}],"version-history":[{"count":1,"href":"https:\/\/diarioprincipios.com\/index.php\/wp-json\/wp\/v2\/posts\/1808\/revisions"}],"predecessor-version":[{"id":1813,"href":"https:\/\/diarioprincipios.com\/index.php\/wp-json\/wp\/v2\/posts\/1808\/revisions\/1813"}],"wp:featuredmedia":[{"embeddable":true,"href":"https:\/\/diarioprincipios.com\/index.php\/wp-json\/wp\/v2\/media\/1811"}],"wp:attachment":[{"href":"https:\/\/diarioprincipios.com\/index.php\/wp-json\/wp\/v2\/media?parent=1808"}],"wp:term":[{"taxonomy":"category","embeddable":true,"href":"https:\/\/diarioprincipios.com\/index.php\/wp-json\/wp\/v2\/categories?post=1808"},{"taxonomy":"post_tag","embeddable":true,"href":"https:\/\/diarioprincipios.com\/index.php\/wp-json\/wp\/v2\/tags?post=1808"}],"curies":[{"name":"wp","href":"https:\/\/api.w.org\/{rel}","templated":true}]}}