{"id":17690,"date":"2023-07-07T10:26:46","date_gmt":"2023-07-07T13:26:46","guid":{"rendered":"http:\/\/diarioprincipios.com\/?p=17690"},"modified":"2023-07-28T16:40:46","modified_gmt":"2023-07-28T19:40:46","slug":"mas-jornadas-de-trabajo-en-establecimientos-educativos-de-berazategui","status":"publish","type":"post","link":"https:\/\/diarioprincipios.com\/index.php\/2023\/07\/07\/mas-jornadas-de-trabajo-en-establecimientos-educativos-de-berazategui\/","title":{"rendered":"M\u00e1s Jornadas de Trabajo en Establecimientos Educativos de Berazategui"},"content":{"rendered":"\n<p><strong>El s\u00e1bado 1 de julio se realiz\u00f3 una jornada de trabajo en la Escuela Secundaria N\u00b0 51, de Berazategui Centro, en la que se pint\u00f3 parte del establecimiento. El intendente municipal, Juan Jos\u00e9 Mussi, se hizo presente y entreg\u00f3 una computadora a la instituci\u00f3n.<\/strong><\/p>\n\n\n\n<figure class=\"wp-block-image size-large\"><img loading=\"lazy\" decoding=\"async\" width=\"1024\" height=\"683\" src=\"https:\/\/diarioprincipios.com\/wp-content\/uploads\/2023\/07\/PINTARON-EL-EDIFICIO-DE-LA-SECUNDARIA-N\u00b0-51-2-1024x683.jpg\" alt=\"\" class=\"wp-image-17691\" srcset=\"https:\/\/diarioprincipios.com\/wp-content\/uploads\/2023\/07\/PINTARON-EL-EDIFICIO-DE-LA-SECUNDARIA-N\u00b0-51-2-1024x683.jpg 1024w, https:\/\/diarioprincipios.com\/wp-content\/uploads\/2023\/07\/PINTARON-EL-EDIFICIO-DE-LA-SECUNDARIA-N\u00b0-51-2-300x200.jpg 300w, https:\/\/diarioprincipios.com\/wp-content\/uploads\/2023\/07\/PINTARON-EL-EDIFICIO-DE-LA-SECUNDARIA-N\u00b0-51-2-768x512.jpg 768w, https:\/\/diarioprincipios.com\/wp-content\/uploads\/2023\/07\/PINTARON-EL-EDIFICIO-DE-LA-SECUNDARIA-N\u00b0-51-2-1536x1024.jpg 1536w, https:\/\/diarioprincipios.com\/wp-content\/uploads\/2023\/07\/PINTARON-EL-EDIFICIO-DE-LA-SECUNDARIA-N\u00b0-51-2.jpg 1920w\" sizes=\"auto, (max-width: 1024px) 100vw, 1024px\" \/><\/figure>\n\n\n\n<p>La directora de la ES N\u00b0 51, Aurora Segovia, explic\u00f3: \u201cEsto logra que la comunidad se acerque. Es muy importante que los padres vengan a la instituci\u00f3n y vean el trabajo que realiza no solo el Consejo Escolar, sino tambi\u00e9n la Municipalidad, que siempre nos acompa\u00f1a. Estamos muy agradecidas por la computadora\u201d.<\/p>\n\n\n\n<p>Los trabajos de embellecimiento fueron realizados por consejeros escolares, docentes, padres y cooperativistas.<\/p>\n\n\n\n<p>El intendente Juan Jos\u00e9 Mussi estuvo acompa\u00f1ado por integrantes del Gabinete municipal.<\/p>\n","protected":false},"excerpt":{"rendered":"<p>El s\u00e1bado 1 de julio se realiz\u00f3 una jornada de trabajo en la Escuela Secundaria N\u00b0 51, de Berazategui Centro, en la que se pint\u00f3 parte del establecimiento. El intendente municipal, Juan Jos\u00e9 Mussi, se hizo presente y entreg\u00f3 una computadora a la instituci\u00f3n. La directora de la ES N\u00b0 51, Aurora Segovia, explic\u00f3: \u201cEsto&#8230;<\/p>\n","protected":false},"author":2,"featured_media":17692,"comment_status":"open","ping_status":"open","sticky":false,"template":"","format":"standard","meta":{"footnotes":""},"categories":[3],"tags":[],"class_list":["post-17690","post","type-post","status-publish","format-standard","has-post-thumbnail","hentry","category-berazategui"],"featured_image_src":"https:\/\/diarioprincipios.com\/wp-content\/uploads\/2023\/07\/PINTARON-EL-EDIFICIO-DE-LA-SECUNDARIA-N\u00b0-51-1-1024x683.jpg","blog_images":{"medium":"https:\/\/diarioprincipios.com\/wp-content\/uploads\/2023\/07\/PINTARON-EL-EDIFICIO-DE-LA-SECUNDARIA-N\u00b0-51-1-300x200.jpg","large":"https:\/\/diarioprincipios.com\/wp-content\/uploads\/2023\/07\/PINTARON-EL-EDIFICIO-DE-LA-SECUNDARIA-N\u00b0-51-1-1024x683.jpg"},"ams_acf":[],"yoast_head":"<!-- This site is optimized with the Yoast SEO plugin v27.3 - https:\/\/yoast.com\/product\/yoast-seo-wordpress\/ -->\n<title>M\u00e1s Jornadas de Trabajo en Establecimientos Educativos de Berazategui - Principios<\/title>\n<meta name=\"robots\" content=\"index, follow, max-snippet:-1, max-image-preview:large, max-video-preview:-1\" \/>\n<link rel=\"canonical\" href=\"https:\/\/diarioprincipios.com\/index.php\/2023\/07\/07\/mas-jornadas-de-trabajo-en-establecimientos-educativos-de-berazategui\/\" \/>\n<meta property=\"og:locale\" content=\"es_ES\" \/>\n<meta property=\"og:type\" content=\"article\" \/>\n<meta property=\"og:title\" content=\"M\u00e1s Jornadas de Trabajo en Establecimientos Educativos de Berazategui - Principios\" \/>\n<meta property=\"og:description\" content=\"El s\u00e1bado 1 de julio se realiz\u00f3 una jornada de trabajo en la Escuela Secundaria N\u00b0 51, de Berazategui Centro, en la que se pint\u00f3 parte del establecimiento. El intendente municipal, Juan Jos\u00e9 Mussi, se hizo presente y entreg\u00f3 una computadora a la instituci\u00f3n. La directora de la ES N\u00b0 51, Aurora Segovia, explic\u00f3: \u201cEsto...\" \/>\n<meta property=\"og:url\" content=\"https:\/\/diarioprincipios.com\/index.php\/2023\/07\/07\/mas-jornadas-de-trabajo-en-establecimientos-educativos-de-berazategui\/\" \/>\n<meta property=\"og:site_name\" content=\"Principios\" \/>\n<meta property=\"article:published_time\" content=\"2023-07-07T13:26:46+00:00\" \/>\n<meta property=\"article:modified_time\" content=\"2023-07-28T19:40:46+00:00\" \/>\n<meta property=\"og:image\" content=\"https:\/\/diarioprincipios.com\/wp-content\/uploads\/2023\/07\/PINTARON-EL-EDIFICIO-DE-LA-SECUNDARIA-N\u00b0-51-1.jpg\" \/>\n\t<meta property=\"og:image:width\" content=\"1920\" \/>\n\t<meta property=\"og:image:height\" content=\"1280\" \/>\n\t<meta property=\"og:image:type\" content=\"image\/jpeg\" \/>\n<meta name=\"author\" content=\"Hern\u00e1n L\u00f3pez\" \/>\n<meta name=\"twitter:card\" content=\"summary_large_image\" \/>\n<meta name=\"twitter:label1\" content=\"Escrito por\" \/>\n\t<meta name=\"twitter:data1\" content=\"Hern\u00e1n L\u00f3pez\" \/>\n\t<meta name=\"twitter:label2\" content=\"Tiempo de lectura\" \/>\n\t<meta name=\"twitter:data2\" content=\"1 minuto\" \/>\n<script type=\"application\/ld+json\" class=\"yoast-schema-graph\">{\"@context\":\"https:\\\/\\\/schema.org\",\"@graph\":[{\"@type\":\"Article\",\"@id\":\"https:\\\/\\\/diarioprincipios.com\\\/index.php\\\/2023\\\/07\\\/07\\\/mas-jornadas-de-trabajo-en-establecimientos-educativos-de-berazategui\\\/#article\",\"isPartOf\":{\"@id\":\"https:\\\/\\\/diarioprincipios.com\\\/index.php\\\/2023\\\/07\\\/07\\\/mas-jornadas-de-trabajo-en-establecimientos-educativos-de-berazategui\\\/\"},\"author\":{\"name\":\"Hern\u00e1n L\u00f3pez\",\"@id\":\"https:\\\/\\\/diarioprincipios.com\\\/#\\\/schema\\\/person\\\/436d5a1fd41a5e250e23ff5a6a7cb080\"},\"headline\":\"M\u00e1s Jornadas de Trabajo en Establecimientos Educativos de Berazategui\",\"datePublished\":\"2023-07-07T13:26:46+00:00\",\"dateModified\":\"2023-07-28T19:40:46+00:00\",\"mainEntityOfPage\":{\"@id\":\"https:\\\/\\\/diarioprincipios.com\\\/index.php\\\/2023\\\/07\\\/07\\\/mas-jornadas-de-trabajo-en-establecimientos-educativos-de-berazategui\\\/\"},\"wordCount\":134,\"commentCount\":0,\"publisher\":{\"@id\":\"https:\\\/\\\/diarioprincipios.com\\\/#organization\"},\"image\":{\"@id\":\"https:\\\/\\\/diarioprincipios.com\\\/index.php\\\/2023\\\/07\\\/07\\\/mas-jornadas-de-trabajo-en-establecimientos-educativos-de-berazategui\\\/#primaryimage\"},\"thumbnailUrl\":\"https:\\\/\\\/diarioprincipios.com\\\/wp-content\\\/uploads\\\/2023\\\/07\\\/PINTARON-EL-EDIFICIO-DE-LA-SECUNDARIA-N\u00b0-51-1.jpg\",\"articleSection\":[\"Berazategui\"],\"inLanguage\":\"es\",\"potentialAction\":[{\"@type\":\"CommentAction\",\"name\":\"Comment\",\"target\":[\"https:\\\/\\\/diarioprincipios.com\\\/index.php\\\/2023\\\/07\\\/07\\\/mas-jornadas-de-trabajo-en-establecimientos-educativos-de-berazategui\\\/#respond\"]}]},{\"@type\":\"WebPage\",\"@id\":\"https:\\\/\\\/diarioprincipios.com\\\/index.php\\\/2023\\\/07\\\/07\\\/mas-jornadas-de-trabajo-en-establecimientos-educativos-de-berazategui\\\/\",\"url\":\"https:\\\/\\\/diarioprincipios.com\\\/index.php\\\/2023\\\/07\\\/07\\\/mas-jornadas-de-trabajo-en-establecimientos-educativos-de-berazategui\\\/\",\"name\":\"M\u00e1s Jornadas de Trabajo en Establecimientos Educativos de Berazategui - Principios\",\"isPartOf\":{\"@id\":\"https:\\\/\\\/diarioprincipios.com\\\/#website\"},\"primaryImageOfPage\":{\"@id\":\"https:\\\/\\\/diarioprincipios.com\\\/index.php\\\/2023\\\/07\\\/07\\\/mas-jornadas-de-trabajo-en-establecimientos-educativos-de-berazategui\\\/#primaryimage\"},\"image\":{\"@id\":\"https:\\\/\\\/diarioprincipios.com\\\/index.php\\\/2023\\\/07\\\/07\\\/mas-jornadas-de-trabajo-en-establecimientos-educativos-de-berazategui\\\/#primaryimage\"},\"thumbnailUrl\":\"https:\\\/\\\/diarioprincipios.com\\\/wp-content\\\/uploads\\\/2023\\\/07\\\/PINTARON-EL-EDIFICIO-DE-LA-SECUNDARIA-N\u00b0-51-1.jpg\",\"datePublished\":\"2023-07-07T13:26:46+00:00\",\"dateModified\":\"2023-07-28T19:40:46+00:00\",\"breadcrumb\":{\"@id\":\"https:\\\/\\\/diarioprincipios.com\\\/index.php\\\/2023\\\/07\\\/07\\\/mas-jornadas-de-trabajo-en-establecimientos-educativos-de-berazategui\\\/#breadcrumb\"},\"inLanguage\":\"es\",\"potentialAction\":[{\"@type\":\"ReadAction\",\"target\":[\"https:\\\/\\\/diarioprincipios.com\\\/index.php\\\/2023\\\/07\\\/07\\\/mas-jornadas-de-trabajo-en-establecimientos-educativos-de-berazategui\\\/\"]}]},{\"@type\":\"ImageObject\",\"inLanguage\":\"es\",\"@id\":\"https:\\\/\\\/diarioprincipios.com\\\/index.php\\\/2023\\\/07\\\/07\\\/mas-jornadas-de-trabajo-en-establecimientos-educativos-de-berazategui\\\/#primaryimage\",\"url\":\"https:\\\/\\\/diarioprincipios.com\\\/wp-content\\\/uploads\\\/2023\\\/07\\\/PINTARON-EL-EDIFICIO-DE-LA-SECUNDARIA-N\u00b0-51-1.jpg\",\"contentUrl\":\"https:\\\/\\\/diarioprincipios.com\\\/wp-content\\\/uploads\\\/2023\\\/07\\\/PINTARON-EL-EDIFICIO-DE-LA-SECUNDARIA-N\u00b0-51-1.jpg\",\"width\":1920,\"height\":1280},{\"@type\":\"BreadcrumbList\",\"@id\":\"https:\\\/\\\/diarioprincipios.com\\\/index.php\\\/2023\\\/07\\\/07\\\/mas-jornadas-de-trabajo-en-establecimientos-educativos-de-berazategui\\\/#breadcrumb\",\"itemListElement\":[{\"@type\":\"ListItem\",\"position\":1,\"name\":\"Portada\",\"item\":\"https:\\\/\\\/diarioprincipios.com\\\/\"},{\"@type\":\"ListItem\",\"position\":2,\"name\":\"M\u00e1s Jornadas de Trabajo en Establecimientos Educativos de Berazategui\"}]},{\"@type\":\"WebSite\",\"@id\":\"https:\\\/\\\/diarioprincipios.com\\\/#website\",\"url\":\"https:\\\/\\\/diarioprincipios.com\\\/\",\"name\":\"Principios\",\"description\":\"Principios Diario\",\"publisher\":{\"@id\":\"https:\\\/\\\/diarioprincipios.com\\\/#organization\"},\"potentialAction\":[{\"@type\":\"SearchAction\",\"target\":{\"@type\":\"EntryPoint\",\"urlTemplate\":\"https:\\\/\\\/diarioprincipios.com\\\/?s={search_term_string}\"},\"query-input\":{\"@type\":\"PropertyValueSpecification\",\"valueRequired\":true,\"valueName\":\"search_term_string\"}}],\"inLanguage\":\"es\"},{\"@type\":\"Organization\",\"@id\":\"https:\\\/\\\/diarioprincipios.com\\\/#organization\",\"name\":\"Principios\",\"url\":\"https:\\\/\\\/diarioprincipios.com\\\/\",\"logo\":{\"@type\":\"ImageObject\",\"inLanguage\":\"es\",\"@id\":\"https:\\\/\\\/diarioprincipios.com\\\/#\\\/schema\\\/logo\\\/image\\\/\",\"url\":\"https:\\\/\\\/diarioprincipios.com\\\/wp-content\\\/uploads\\\/2024\\\/04\\\/cropped-www.diarioprincipios.com_-1.png\",\"contentUrl\":\"https:\\\/\\\/diarioprincipios.com\\\/wp-content\\\/uploads\\\/2024\\\/04\\\/cropped-www.diarioprincipios.com_-1.png\",\"width\":5325,\"height\":1454,\"caption\":\"Principios\"},\"image\":{\"@id\":\"https:\\\/\\\/diarioprincipios.com\\\/#\\\/schema\\\/logo\\\/image\\\/\"}},{\"@type\":\"Person\",\"@id\":\"https:\\\/\\\/diarioprincipios.com\\\/#\\\/schema\\\/person\\\/436d5a1fd41a5e250e23ff5a6a7cb080\",\"name\":\"Hern\u00e1n L\u00f3pez\",\"image\":{\"@type\":\"ImageObject\",\"inLanguage\":\"es\",\"@id\":\"https:\\\/\\\/diarioprincipios.com\\\/wp-content\\\/litespeed\\\/avatar\\\/11ddfe5610ff3bd100522525b2571f48.jpg?ver=1777653193\",\"url\":\"https:\\\/\\\/diarioprincipios.com\\\/wp-content\\\/litespeed\\\/avatar\\\/11ddfe5610ff3bd100522525b2571f48.jpg?ver=1777653193\",\"contentUrl\":\"https:\\\/\\\/diarioprincipios.com\\\/wp-content\\\/litespeed\\\/avatar\\\/11ddfe5610ff3bd100522525b2571f48.jpg?ver=1777653193\",\"caption\":\"Hern\u00e1n L\u00f3pez\"},\"url\":\"https:\\\/\\\/diarioprincipios.com\\\/index.php\\\/author\\\/hernan\\\/\"}]}<\/script>\n<!-- \/ Yoast SEO plugin. -->","yoast_head_json":{"title":"M\u00e1s Jornadas de Trabajo en Establecimientos Educativos de Berazategui - Principios","robots":{"index":"index","follow":"follow","max-snippet":"max-snippet:-1","max-image-preview":"max-image-preview:large","max-video-preview":"max-video-preview:-1"},"canonical":"https:\/\/diarioprincipios.com\/index.php\/2023\/07\/07\/mas-jornadas-de-trabajo-en-establecimientos-educativos-de-berazategui\/","og_locale":"es_ES","og_type":"article","og_title":"M\u00e1s Jornadas de Trabajo en Establecimientos Educativos de Berazategui - Principios","og_description":"El s\u00e1bado 1 de julio se realiz\u00f3 una jornada de trabajo en la Escuela Secundaria N\u00b0 51, de Berazategui Centro, en la que se pint\u00f3 parte del establecimiento. El intendente municipal, Juan Jos\u00e9 Mussi, se hizo presente y entreg\u00f3 una computadora a la instituci\u00f3n. La directora de la ES N\u00b0 51, Aurora Segovia, explic\u00f3: \u201cEsto...","og_url":"https:\/\/diarioprincipios.com\/index.php\/2023\/07\/07\/mas-jornadas-de-trabajo-en-establecimientos-educativos-de-berazategui\/","og_site_name":"Principios","article_published_time":"2023-07-07T13:26:46+00:00","article_modified_time":"2023-07-28T19:40:46+00:00","og_image":[{"width":1920,"height":1280,"url":"https:\/\/diarioprincipios.com\/wp-content\/uploads\/2023\/07\/PINTARON-EL-EDIFICIO-DE-LA-SECUNDARIA-N\u00b0-51-1.jpg","type":"image\/jpeg"}],"author":"Hern\u00e1n L\u00f3pez","twitter_card":"summary_large_image","twitter_misc":{"Escrito por":"Hern\u00e1n L\u00f3pez","Tiempo de lectura":"1 minuto"},"schema":{"@context":"https:\/\/schema.org","@graph":[{"@type":"Article","@id":"https:\/\/diarioprincipios.com\/index.php\/2023\/07\/07\/mas-jornadas-de-trabajo-en-establecimientos-educativos-de-berazategui\/#article","isPartOf":{"@id":"https:\/\/diarioprincipios.com\/index.php\/2023\/07\/07\/mas-jornadas-de-trabajo-en-establecimientos-educativos-de-berazategui\/"},"author":{"name":"Hern\u00e1n L\u00f3pez","@id":"https:\/\/diarioprincipios.com\/#\/schema\/person\/436d5a1fd41a5e250e23ff5a6a7cb080"},"headline":"M\u00e1s Jornadas de Trabajo en Establecimientos Educativos de Berazategui","datePublished":"2023-07-07T13:26:46+00:00","dateModified":"2023-07-28T19:40:46+00:00","mainEntityOfPage":{"@id":"https:\/\/diarioprincipios.com\/index.php\/2023\/07\/07\/mas-jornadas-de-trabajo-en-establecimientos-educativos-de-berazategui\/"},"wordCount":134,"commentCount":0,"publisher":{"@id":"https:\/\/diarioprincipios.com\/#organization"},"image":{"@id":"https:\/\/diarioprincipios.com\/index.php\/2023\/07\/07\/mas-jornadas-de-trabajo-en-establecimientos-educativos-de-berazategui\/#primaryimage"},"thumbnailUrl":"https:\/\/diarioprincipios.com\/wp-content\/uploads\/2023\/07\/PINTARON-EL-EDIFICIO-DE-LA-SECUNDARIA-N\u00b0-51-1.jpg","articleSection":["Berazategui"],"inLanguage":"es","potentialAction":[{"@type":"CommentAction","name":"Comment","target":["https:\/\/diarioprincipios.com\/index.php\/2023\/07\/07\/mas-jornadas-de-trabajo-en-establecimientos-educativos-de-berazategui\/#respond"]}]},{"@type":"WebPage","@id":"https:\/\/diarioprincipios.com\/index.php\/2023\/07\/07\/mas-jornadas-de-trabajo-en-establecimientos-educativos-de-berazategui\/","url":"https:\/\/diarioprincipios.com\/index.php\/2023\/07\/07\/mas-jornadas-de-trabajo-en-establecimientos-educativos-de-berazategui\/","name":"M\u00e1s Jornadas de Trabajo en Establecimientos Educativos de Berazategui - Principios","isPartOf":{"@id":"https:\/\/diarioprincipios.com\/#website"},"primaryImageOfPage":{"@id":"https:\/\/diarioprincipios.com\/index.php\/2023\/07\/07\/mas-jornadas-de-trabajo-en-establecimientos-educativos-de-berazategui\/#primaryimage"},"image":{"@id":"https:\/\/diarioprincipios.com\/index.php\/2023\/07\/07\/mas-jornadas-de-trabajo-en-establecimientos-educativos-de-berazategui\/#primaryimage"},"thumbnailUrl":"https:\/\/diarioprincipios.com\/wp-content\/uploads\/2023\/07\/PINTARON-EL-EDIFICIO-DE-LA-SECUNDARIA-N\u00b0-51-1.jpg","datePublished":"2023-07-07T13:26:46+00:00","dateModified":"2023-07-28T19:40:46+00:00","breadcrumb":{"@id":"https:\/\/diarioprincipios.com\/index.php\/2023\/07\/07\/mas-jornadas-de-trabajo-en-establecimientos-educativos-de-berazategui\/#breadcrumb"},"inLanguage":"es","potentialAction":[{"@type":"ReadAction","target":["https:\/\/diarioprincipios.com\/index.php\/2023\/07\/07\/mas-jornadas-de-trabajo-en-establecimientos-educativos-de-berazategui\/"]}]},{"@type":"ImageObject","inLanguage":"es","@id":"https:\/\/diarioprincipios.com\/index.php\/2023\/07\/07\/mas-jornadas-de-trabajo-en-establecimientos-educativos-de-berazategui\/#primaryimage","url":"https:\/\/diarioprincipios.com\/wp-content\/uploads\/2023\/07\/PINTARON-EL-EDIFICIO-DE-LA-SECUNDARIA-N\u00b0-51-1.jpg","contentUrl":"https:\/\/diarioprincipios.com\/wp-content\/uploads\/2023\/07\/PINTARON-EL-EDIFICIO-DE-LA-SECUNDARIA-N\u00b0-51-1.jpg","width":1920,"height":1280},{"@type":"BreadcrumbList","@id":"https:\/\/diarioprincipios.com\/index.php\/2023\/07\/07\/mas-jornadas-de-trabajo-en-establecimientos-educativos-de-berazategui\/#breadcrumb","itemListElement":[{"@type":"ListItem","position":1,"name":"Portada","item":"https:\/\/diarioprincipios.com\/"},{"@type":"ListItem","position":2,"name":"M\u00e1s Jornadas de Trabajo en Establecimientos Educativos de Berazategui"}]},{"@type":"WebSite","@id":"https:\/\/diarioprincipios.com\/#website","url":"https:\/\/diarioprincipios.com\/","name":"Principios","description":"Principios Diario","publisher":{"@id":"https:\/\/diarioprincipios.com\/#organization"},"potentialAction":[{"@type":"SearchAction","target":{"@type":"EntryPoint","urlTemplate":"https:\/\/diarioprincipios.com\/?s={search_term_string}"},"query-input":{"@type":"PropertyValueSpecification","valueRequired":true,"valueName":"search_term_string"}}],"inLanguage":"es"},{"@type":"Organization","@id":"https:\/\/diarioprincipios.com\/#organization","name":"Principios","url":"https:\/\/diarioprincipios.com\/","logo":{"@type":"ImageObject","inLanguage":"es","@id":"https:\/\/diarioprincipios.com\/#\/schema\/logo\/image\/","url":"https:\/\/diarioprincipios.com\/wp-content\/uploads\/2024\/04\/cropped-www.diarioprincipios.com_-1.png","contentUrl":"https:\/\/diarioprincipios.com\/wp-content\/uploads\/2024\/04\/cropped-www.diarioprincipios.com_-1.png","width":5325,"height":1454,"caption":"Principios"},"image":{"@id":"https:\/\/diarioprincipios.com\/#\/schema\/logo\/image\/"}},{"@type":"Person","@id":"https:\/\/diarioprincipios.com\/#\/schema\/person\/436d5a1fd41a5e250e23ff5a6a7cb080","name":"Hern\u00e1n L\u00f3pez","image":{"@type":"ImageObject","inLanguage":"es","@id":"https:\/\/diarioprincipios.com\/wp-content\/litespeed\/avatar\/11ddfe5610ff3bd100522525b2571f48.jpg?ver=1777653193","url":"https:\/\/diarioprincipios.com\/wp-content\/litespeed\/avatar\/11ddfe5610ff3bd100522525b2571f48.jpg?ver=1777653193","contentUrl":"https:\/\/diarioprincipios.com\/wp-content\/litespeed\/avatar\/11ddfe5610ff3bd100522525b2571f48.jpg?ver=1777653193","caption":"Hern\u00e1n L\u00f3pez"},"url":"https:\/\/diarioprincipios.com\/index.php\/author\/hernan\/"}]}},"jetpack_featured_media_url":"https:\/\/diarioprincipios.com\/wp-content\/uploads\/2023\/07\/PINTARON-EL-EDIFICIO-DE-LA-SECUNDARIA-N\u00b0-51-1.jpg","_links":{"self":[{"href":"https:\/\/diarioprincipios.com\/index.php\/wp-json\/wp\/v2\/posts\/17690","targetHints":{"allow":["GET"]}}],"collection":[{"href":"https:\/\/diarioprincipios.com\/index.php\/wp-json\/wp\/v2\/posts"}],"about":[{"href":"https:\/\/diarioprincipios.com\/index.php\/wp-json\/wp\/v2\/types\/post"}],"author":[{"embeddable":true,"href":"https:\/\/diarioprincipios.com\/index.php\/wp-json\/wp\/v2\/users\/2"}],"replies":[{"embeddable":true,"href":"https:\/\/diarioprincipios.com\/index.php\/wp-json\/wp\/v2\/comments?post=17690"}],"version-history":[{"count":1,"href":"https:\/\/diarioprincipios.com\/index.php\/wp-json\/wp\/v2\/posts\/17690\/revisions"}],"predecessor-version":[{"id":17693,"href":"https:\/\/diarioprincipios.com\/index.php\/wp-json\/wp\/v2\/posts\/17690\/revisions\/17693"}],"wp:featuredmedia":[{"embeddable":true,"href":"https:\/\/diarioprincipios.com\/index.php\/wp-json\/wp\/v2\/media\/17692"}],"wp:attachment":[{"href":"https:\/\/diarioprincipios.com\/index.php\/wp-json\/wp\/v2\/media?parent=17690"}],"wp:term":[{"taxonomy":"category","embeddable":true,"href":"https:\/\/diarioprincipios.com\/index.php\/wp-json\/wp\/v2\/categories?post=17690"},{"taxonomy":"post_tag","embeddable":true,"href":"https:\/\/diarioprincipios.com\/index.php\/wp-json\/wp\/v2\/tags?post=17690"}],"curies":[{"name":"wp","href":"https:\/\/api.w.org\/{rel}","templated":true}]}}